{"id":238300,"date":"2026-03-16T08:50:17","date_gmt":"2026-03-16T12:50:17","guid":{"rendered":"https:\/\/www.cuballama.com\/noticias\/?p=238300"},"modified":"2026-03-16T21:53:27","modified_gmt":"2026-03-17T01:53:27","slug":"cuba-permitira-que-cubanos-en-el-extranjero-inviertan-y-posean-negocios-en-la-isla","status":"publish","type":"post","link":"https:\/\/www.cuballama.com\/noticias\/cuba-permitira-que-cubanos-en-el-extranjero-inviertan-y-posean-negocios-en-la-isla\/","title":{"rendered":"Cuba permitir\u00e1 que cubanos en el extranjero inviertan y posean negocios en la isla"},"content":{"rendered":"\n<p>El gobierno de Cuba permitir\u00e1 a los cubanos que viven en el extranjero invertir y ser propietarios de negocios en la isla, seg\u00fan dijo el viceprimer ministro cubano, \u00d3scar P\u00e9rez-Oliva Fraga, a <em><a href=\"https:\/\/www.nbcnews.com\/world\/cuba\/cuba-allow-nationals-living-abroad-invest-businesses-island-economy-rcna263637\" target=\"_blank\" rel=\"noreferrer noopener\">NBC News<\/a><\/em>.<\/p>\n\n\n\n<p>De acuerdo con lo que adelant\u00f3 el alto funcionario, sobrino-nieto de Fidel y Ra\u00fal Castro, al periodista George Solis en una entrevista en La Habana, \u201cCuba est\u00e1 abierta a mantener una relaci\u00f3n comercial fluida con las empresas estadounidenses\u201d y \u201ctambi\u00e9n con los cubanos que residen en Estados Unidos y sus descendientes\u201d.<\/p>\n\n\n\n<p>Seg\u00fan dijo al medio extranjero, antes de anunciar la noticia a su pa\u00eds este lunes por la noche, La Habana pretende impulsar una serie de reformas econ\u00f3micas destinadas a crear lo que llam\u00f3 un \u201centorno empresarial din\u00e1mico\u201d, con el objetivo de revitalizar sectores como el turismo, la miner\u00eda y la red el\u00e9ctrica.<\/p>\n\n\n\n<p>\u201cEsto se extiende m\u00e1s all\u00e1 de la esfera comercial\u201d, se\u00f1al\u00f3 el tambi\u00e9n ministro de Comercio Exterior e Inversi\u00f3n de Cuba sobre una reforma que se aplica \u201cno solo a las peque\u00f1as inversiones, sino tambi\u00e9n a las grandes inversiones, particularmente en infraestructura\u201d.<\/p>\n\n\n\n<p>P\u00e9rez-Oliva Fraga recalc\u00f3 asimismo que \u201cel bloqueo de Estados Unidos, la pol\u00edtica de hostilidad contra Cuba, es sin duda un elemento que afecta el desarrollo de estas transformaciones\u201d.<\/p>\n\n\n\n<blockquote class=\"twitter-tweet\"><p lang=\"en\" dir=\"ltr\">EXCLUSIVE: Cuba will allow nationals living abroad to invest in and own businesses on the island, its economic czar tells NBC News in an interview in Havana. <a href=\"https:\/\/t.co\/BfKM1pHqtd\">https:\/\/t.co\/BfKM1pHqtd<\/a><\/p>&mdash; NBC News (@NBCNews) <a href=\"https:\/\/twitter.com\/NBCNews\/status\/2033528776986886179?ref_src=twsrc%5Etfw\">March 16, 2026<\/a><\/blockquote> <script async src=\"https:\/\/platform.twitter.com\/widgets.js\" charset=\"utf-8\"><\/script> \n\n\n\n<p>Ya en su comparecencia el viernes pasado, el mandatario cubano Miguel D\u00edaz-Canel se refiri\u00f3 a que el gobierno ten\u00eda la responsabilidad de atender a los cubanos que viven en el exterior y propiciarles espacios de participaci\u00f3n en la vida econ\u00f3mica y social del pa\u00eds.\u00a0<\/p>\n\n\n\n<p>D\u00edaz-Canel se\u00f1al\u00f3 entonces que P\u00e9rez Oliva Fraga dar\u00e1 a conocer este lunes las decisiones concretas que facilitar\u00e1n la presencia de los cubanos residentes en el exterior en la vida econ\u00f3mica del pa\u00eds.&nbsp;<\/p>\n\n\n\n<p>El viernes, el gobernante cubano admiti\u00f3 que la isla mantiene conversaciones con Estados Unidos, algo que ya Trump hab\u00eda adelantado, pero que La Habana hab\u00eda negado hasta el momento.<\/p>\n\n\n\n<p>Se trata de un di\u00e1logo que tiene como objetivo \u201cencontrar soluciones\u201d a \u201clas diferencias bilaterales que tenemos entre las dos naciones\u201d, declar\u00f3 D\u00edaz-Canel.<\/p>\n\n\n\n<p>Tambi\u00e9n el viernes el diario <em>Miami Herald<\/em> inform\u00f3 que se esperaba la noticia sobre la inversi\u00f3n.<\/p>\n\n\n\n<blockquote class=\"instagram-media\" data-instgrm-captioned data-instgrm-permalink=\"https:\/\/www.instagram.com\/p\/DV8e0qXkVxD\/?utm_source=ig_embed&amp;utm_campaign=loading\" data-instgrm-version=\"14\" style=\" background:#FFF; border:0; border-radius:3px; box-shadow:0 0 1px 0 rgba(0,0,0,0.5),0 1px 10px 0 rgba(0,0,0,0.15); margin: 1px; max-width:540px; min-width:326px; padding:0; width:99.375%; width:-webkit-calc(100% - 2px); width:calc(100% - 2px);\"><div style=\"padding:16px;\"> <a href=\"https:\/\/www.instagram.com\/p\/DV8e0qXkVxD\/?utm_source=ig_embed&amp;utm_campaign=loading\" style=\" background:#FFFFFF; line-height:0; padding:0 0; text-align:center; text-decoration:none; width:100%;\" target=\"_blank\"> <div style=\" display: flex; flex-direction: row; align-items: center;\"> <div style=\"background-color: #F4F4F4; border-radius: 50%; flex-grow: 0; height: 40px; margin-right: 14px; width: 40px;\"><\/div> <div style=\"display: flex; flex-direction: column; flex-grow: 1; justify-content: center;\"> <div style=\" background-color: #F4F4F4; border-radius: 4px; flex-grow: 0; height: 14px; margin-bottom: 6px; width: 100px;\"><\/div> <div style=\" background-color: #F4F4F4; border-radius: 4px; flex-grow: 0; height: 14px; width: 60px;\"><\/div><\/div><\/div><div style=\"padding: 19% 0;\"><\/div> <div style=\"display:block; height:50px; margin:0 auto 12px; width:50px;\"><svg width=\"50px\" height=\"50px\" viewBox=\"0 0 60 60\" version=\"1.1\" xmlns=\"https:\/\/www.w3.org\/2000\/svg\" xmlns:xlink=\"https:\/\/www.w3.org\/1999\/xlink\"><g stroke=\"none\" stroke-width=\"1\" fill=\"none\" fill-rule=\"evenodd\"><g transform=\"translate(-511.000000, -20.000000)\" fill=\"#000000\"><g><path d=\"M556.869,30.41 C554.814,30.41 553.148,32.076 553.148,34.131 C553.148,36.186 554.814,37.852 556.869,37.852 C558.924,37.852 560.59,36.186 560.59,34.131 C560.59,32.076 558.924,30.41 556.869,30.41 M541,60.657 C535.114,60.657 530.342,55.887 530.342,50 C530.342,44.114 535.114,39.342 541,39.342 C546.887,39.342 551.658,44.114 551.658,50 C551.658,55.887 546.887,60.657 541,60.657 M541,33.886 C532.1,33.886 524.886,41.1 524.886,50 C524.886,58.899 532.1,66.113 541,66.113 C549.9,66.113 557.115,58.899 557.115,50 C557.115,41.1 549.9,33.886 541,33.886 M565.378,62.101 C565.244,65.022 564.756,66.606 564.346,67.663 C563.803,69.06 563.154,70.057 562.106,71.106 C561.058,72.155 560.06,72.803 558.662,73.347 C557.607,73.757 556.021,74.244 553.102,74.378 C549.944,74.521 548.997,74.552 541,74.552 C533.003,74.552 532.056,74.521 528.898,74.378 C525.979,74.244 524.393,73.757 523.338,73.347 C521.94,72.803 520.942,72.155 519.894,71.106 C518.846,70.057 518.197,69.06 517.654,67.663 C517.244,66.606 516.755,65.022 516.623,62.101 C516.479,58.943 516.448,57.996 516.448,50 C516.448,42.003 516.479,41.056 516.623,37.899 C516.755,34.978 517.244,33.391 517.654,32.338 C518.197,30.938 518.846,29.942 519.894,28.894 C520.942,27.846 521.94,27.196 523.338,26.654 C524.393,26.244 525.979,25.756 528.898,25.623 C532.057,25.479 533.004,25.448 541,25.448 C548.997,25.448 549.943,25.479 553.102,25.623 C556.021,25.756 557.607,26.244 558.662,26.654 C560.06,27.196 561.058,27.846 562.106,28.894 C563.154,29.942 563.803,30.938 564.346,32.338 C564.756,33.391 565.244,34.978 565.378,37.899 C565.522,41.056 565.552,42.003 565.552,50 C565.552,57.996 565.522,58.943 565.378,62.101 M570.82,37.631 C570.674,34.438 570.167,32.258 569.425,30.349 C568.659,28.377 567.633,26.702 565.965,25.035 C564.297,23.368 562.623,22.342 560.652,21.575 C558.743,20.834 556.562,20.326 553.369,20.18 C550.169,20.033 549.148,20 541,20 C532.853,20 531.831,20.033 528.631,20.18 C525.438,20.326 523.257,20.834 521.349,21.575 C519.376,22.342 517.703,23.368 516.035,25.035 C514.368,26.702 513.342,28.377 512.574,30.349 C511.834,32.258 511.326,34.438 511.181,37.631 C511.035,40.831 511,41.851 511,50 C511,58.147 511.035,59.17 511.181,62.369 C511.326,65.562 511.834,67.743 512.574,69.651 C513.342,71.625 514.368,73.296 516.035,74.965 C517.703,76.634 519.376,77.658 521.349,78.425 C523.257,79.167 525.438,79.673 528.631,79.82 C531.831,79.965 532.853,80.001 541,80.001 C549.148,80.001 550.169,79.965 553.369,79.82 C556.562,79.673 558.743,79.167 560.652,78.425 C562.623,77.658 564.297,76.634 565.965,74.965 C567.633,73.296 568.659,71.625 569.425,69.651 C570.167,67.743 570.674,65.562 570.82,62.369 C570.966,59.17 571,58.147 571,50 C571,41.851 570.966,40.831 570.82,37.631\"><\/path><\/g><\/g><\/g><\/svg><\/div><div style=\"padding-top: 8px;\"> <div style=\" color:#3897f0; font-family:Arial,sans-serif; font-size:14px; font-style:normal; font-weight:550; line-height:18px;\">Ver esta publicaci\u00f3n en Instagram<\/div><\/div><div style=\"padding: 12.5% 0;\"><\/div> <div style=\"display: flex; flex-direction: row; margin-bottom: 14px; align-items: center;\"><div> <div style=\"background-color: #F4F4F4; border-radius: 50%; height: 12.5px; width: 12.5px; transform: translateX(0px) translateY(7px);\"><\/div> <div style=\"background-color: #F4F4F4; height: 12.5px; transform: rotate(-45deg) translateX(3px) translateY(1px); width: 12.5px; flex-grow: 0; margin-right: 14px; margin-left: 2px;\"><\/div> <div style=\"background-color: #F4F4F4; border-radius: 50%; height: 12.5px; width: 12.5px; transform: translateX(9px) translateY(-18px);\"><\/div><\/div><div style=\"margin-left: 8px;\"> <div style=\" background-color: #F4F4F4; border-radius: 50%; flex-grow: 0; height: 20px; width: 20px;\"><\/div> <div style=\" width: 0; height: 0; border-top: 2px solid transparent; border-left: 6px solid #f4f4f4; border-bottom: 2px solid transparent; transform: translateX(16px) translateY(-4px) rotate(30deg)\"><\/div><\/div><div style=\"margin-left: auto;\"> <div style=\" width: 0px; border-top: 8px solid #F4F4F4; border-right: 8px solid transparent; transform: translateY(16px);\"><\/div> <div style=\" background-color: #F4F4F4; flex-grow: 0; height: 12px; width: 16px; transform: translateY(-4px);\"><\/div> <div style=\" width: 0; height: 0; border-top: 8px solid #F4F4F4; border-left: 8px solid transparent; transform: translateY(-4px) translateX(8px);\"><\/div><\/div><\/div> <div style=\"display: flex; flex-direction: column; flex-grow: 1; justify-content: center; margin-bottom: 24px;\"> <div style=\" background-color: #F4F4F4; border-radius: 4px; flex-grow: 0; height: 14px; margin-bottom: 6px; width: 224px;\"><\/div> <div style=\" background-color: #F4F4F4; border-radius: 4px; flex-grow: 0; height: 14px; width: 144px;\"><\/div><\/div><\/a><p style=\" color:#c9c8cd; font-family:Arial,sans-serif; font-size:14px; line-height:17px; margin-bottom:0; margin-top:8px; overflow:hidden; padding:8px 0 7px; text-align:center; text-overflow:ellipsis; white-space:nowrap;\"><a href=\"https:\/\/www.instagram.com\/p\/DV8e0qXkVxD\/?utm_source=ig_embed&amp;utm_campaign=loading\" style=\" color:#c9c8cd; font-family:Arial,sans-serif; font-size:14px; font-style:normal; font-weight:normal; line-height:17px; text-decoration:none;\" target=\"_blank\">Una publicaci\u00f3n compartida de Noticias Telemundo (@noticiastelemundo)<\/a><\/p><\/div><\/blockquote>\n<script async src=\"\/\/www.instagram.com\/embed.js\"><\/script>\n\n\n\n<p>De igual manera, Trump ha amenazado con tomar el control de Cuba de forma \u201camistosa o no\u201d, aunque la pasada semana descart\u00f3 p\u00fablicamente <a href=\"https:\/\/www.cuballama.com\/noticias\/analista-cree-que-a-ee-uu-no-le-quedara-mas-remedio-que-una-operacion-militar-en-cuba\/?srsltid=AfmBOoqF0MPl0vIRfZT5_60iOwS5DNt_PYvb898bg9o3SmEUkFomURzw\" target=\"_blank\" rel=\"noreferrer noopener\">acciones militares directas contra la isla<\/a>.<\/p>\n\n\n\n<p>En las \u00faltimas semanas, Trump ha recalcado que Cuba est\u00e1 al borde del colapso o con ganas de llegar a un acuerdo con Estados Unidos. En tal sentido, el l\u00edder republicano ha insistido en que el r\u00e9gimen comunista caer\u00e1 \u201cmuy pronto\u201d porque el pa\u00eds \u201cest\u00e1 en ruinas\u201d y lo ha instado a llegar a un acuerdo.<\/p>\n\n\n\n<p>Un reporte publicado <a href=\"https:\/\/www.cuballama.com\/noticias\/revelan-detalles-del-plan-de-rubio-para-acabar-con-el-regimen-cubano-esta-donde-queremos-que-este\/?srsltid=ARcRdnqRcDmZeuWDVnJfrAg2edF8FYL8GrgVcWney6al-WACf1ngyuRi\" target=\"_blank\" rel=\"noreferrer noopener\">esta semana<\/a> por <em>Daily Mail<\/em> confirm\u00f3 que la actual administraci\u00f3n esta apostando por la presi\u00f3n econ\u00f3mica como herramienta para lograr un cambio de r\u00e9gimen.<\/p>\n\n\n\n<p>Anteriormente, <em><a href=\"https:\/\/www.cuballama.com\/noticias\/trump-anunciaria-pronto-un-acuerdo-economico-con-cuba\/?srsltid=AfmBOoqt0WhtIBIeXpgImsf8JOedVNb8umrRnIueuy4w50FD_xghBkWI\" target=\"_blank\" rel=\"noreferrer noopener\">USA TODAY<\/a><\/em> revel\u00f3 que la administraci\u00f3n Trump estaba preparando un acuerdo econ\u00f3mico con Cuba que podr\u00eda anunciarse pronto y que obligar\u00eda al gobierno cubano a hacer cambios a trav\u00e9s de acuerdos econ\u00f3micos y no de una confrontaci\u00f3n directa.<\/p>\n\n\n\n<p>Estos planes incluir\u00edan una relajaci\u00f3n en la capacidad de los estadounidenses para viajar a Cuba, sin necesidad de tener v\u00ednculos familiares u otros motivos permitidos por las licencias del Departamento del Tesoro, algo que Trump podr\u00eda hacer sin la aprobaci\u00f3n del Congreso.<\/p>\n\n\n\n<p>El pacto, que ser\u00eda inminente, incluir\u00eda \u201cuna salida de escape para D\u00edaz-Canel, la permanencia de la familia Castro en el pa\u00eds y acuerdos en materia de puertos, energ\u00eda y turismo\u201d, indic\u00f3 <em>USA TODAY<\/em>.<\/p>\n","protected":false},"excerpt":{"rendered":"<p>As\u00ed lo adelant\u00f3 el viceprimer ministro cubano, \u00d3scar P\u00e9rez-Oliva Fraga, en entrevista con NBC News.<\/p>\n","protected":false},"author":30,"featured_media":206779,"comment_status":"open","ping_status":"closed","sticky":false,"template":"","format":"standard","meta":{"_acf_changed":false,"footnotes":""},"categories":[18,955],"tags":[25848,10867,941,31139],"class_list":{"0":"post-238300","1":"post","2":"type-post","3":"status-publish","4":"format-standard","5":"has-post-thumbnail","7":"category-noticias","8":"category-noticias-de-cuba","9":"tag-comunidad-cubana-en-el-exterior","10":"tag-crisis-en-cuba","11":"tag-destacado","12":"tag-inversion-en-cuba"},"acf":[],"yoast_head":"<!-- This site is optimized with the Yoast SEO plugin v27.5 - https:\/\/yoast.com\/product\/yoast-seo-wordpress\/ -->\n<title>Cuba permitir\u00e1 que cubanos en el extranjero inviertan y posean negocios en la isla - Cuballama Noticias<\/title>\n<meta name=\"description\" content=\"El gobierno de Cuba permitir\u00e1 a los cubanos que viven en el extranjero invertir y ser propietarios de negocios en la isla.\" \/>\n<meta name=\"robots\" content=\"index, follow, max-snippet:-1, max-image-preview:large, max-video-preview:-1\" \/>\n<link rel=\"canonical\" href=\"https:\/\/www.cuballama.com\/noticias\/cuba-permitira-que-cubanos-en-el-extranjero-inviertan-y-posean-negocios-en-la-isla\/\" \/>\n<meta property=\"og:locale\" content=\"es_ES\" \/>\n<meta property=\"og:type\" content=\"article\" \/>\n<meta property=\"og:title\" content=\"Cuba permitir\u00e1 que cubanos en el extranjero inviertan y posean negocios en la isla - Cuballama Noticias\" \/>\n<meta property=\"og:description\" content=\"El gobierno de Cuba permitir\u00e1 a los cubanos que viven en el extranjero invertir y ser propietarios de negocios en la isla.\" \/>\n<meta property=\"og:url\" content=\"https:\/\/www.cuballama.com\/noticias\/cuba-permitira-que-cubanos-en-el-extranjero-inviertan-y-posean-negocios-en-la-isla\/\" \/>\n<meta property=\"og:site_name\" content=\"Cuballama Noticias\" \/>\n<meta property=\"article:publisher\" content=\"https:\/\/www.facebook.com\/CubaLlama\" \/>\n<meta property=\"article:published_time\" content=\"2026-03-16T12:50:17+00:00\" \/>\n<meta property=\"article:modified_time\" content=\"2026-03-17T01:53:27+00:00\" \/>\n<meta property=\"og:image\" content=\"https:\/\/cdn1.mediawpaccore.net\/wp-content\/uploads\/2025\/05\/07080912\/IMG_3384.jpg\" \/>\n\t<meta property=\"og:image:width\" content=\"1200\" \/>\n\t<meta property=\"og:image:height\" content=\"630\" \/>\n\t<meta property=\"og:image:type\" content=\"image\/jpeg\" \/>\n<meta name=\"author\" content=\"Kathy\" \/>\n<meta name=\"twitter:card\" content=\"summary_large_image\" \/>\n<meta name=\"twitter:creator\" content=\"@cuballama\" \/>\n<meta name=\"twitter:site\" content=\"@cuballama\" \/>\n<meta name=\"twitter:label1\" content=\"Escrito por\" \/>\n\t<meta name=\"twitter:data1\" content=\"Kathy\" \/>\n\t<meta name=\"twitter:label2\" content=\"Tiempo de lectura\" \/>\n\t<meta name=\"twitter:data2\" content=\"3 minutos\" \/>\n<script type=\"application\/ld+json\" class=\"yoast-schema-graph\">{\"@context\":\"https:\\\/\\\/schema.org\",\"@graph\":[{\"@type\":\"Article\",\"@id\":\"https:\\\/\\\/www.cuballama.com\\\/noticias\\\/cuba-permitira-que-cubanos-en-el-extranjero-inviertan-y-posean-negocios-en-la-isla\\\/#article\",\"isPartOf\":{\"@id\":\"https:\\\/\\\/www.cuballama.com\\\/noticias\\\/cuba-permitira-que-cubanos-en-el-extranjero-inviertan-y-posean-negocios-en-la-isla\\\/\"},\"author\":{\"name\":\"Kathy\",\"@id\":\"https:\\\/\\\/www.cuballama.com\\\/noticias\\\/#\\\/schema\\\/person\\\/86cd3e3f4974437f031211213bf892d5\"},\"headline\":\"Cuba permitir\u00e1 que cubanos en el extranjero inviertan y posean negocios en la isla\",\"datePublished\":\"2026-03-16T12:50:17+00:00\",\"dateModified\":\"2026-03-17T01:53:27+00:00\",\"mainEntityOfPage\":{\"@id\":\"https:\\\/\\\/www.cuballama.com\\\/noticias\\\/cuba-permitira-que-cubanos-en-el-extranjero-inviertan-y-posean-negocios-en-la-isla\\\/\"},\"wordCount\":703,\"commentCount\":0,\"publisher\":{\"@id\":\"https:\\\/\\\/www.cuballama.com\\\/noticias\\\/#organization\"},\"image\":{\"@id\":\"https:\\\/\\\/www.cuballama.com\\\/noticias\\\/cuba-permitira-que-cubanos-en-el-extranjero-inviertan-y-posean-negocios-en-la-isla\\\/#primaryimage\"},\"thumbnailUrl\":\"https:\\\/\\\/cdn1.mediawpaccore.net\\\/wp-content\\\/uploads\\\/2025\\\/05\\\/07080912\\\/IMG_3384.jpg\",\"keywords\":[\"comunidad cubana en el exterior\",\"Crisis en Cuba\",\"destacado\",\"inversi\u00f3n en Cuba\"],\"articleSection\":[\"Noticias\",\"Noticias de Cuba\"],\"inLanguage\":\"es\",\"potentialAction\":[{\"@type\":\"CommentAction\",\"name\":\"Comment\",\"target\":[\"https:\\\/\\\/www.cuballama.com\\\/noticias\\\/cuba-permitira-que-cubanos-en-el-extranjero-inviertan-y-posean-negocios-en-la-isla\\\/#respond\"]}]},{\"@type\":\"WebPage\",\"@id\":\"https:\\\/\\\/www.cuballama.com\\\/noticias\\\/cuba-permitira-que-cubanos-en-el-extranjero-inviertan-y-posean-negocios-en-la-isla\\\/\",\"url\":\"https:\\\/\\\/www.cuballama.com\\\/noticias\\\/cuba-permitira-que-cubanos-en-el-extranjero-inviertan-y-posean-negocios-en-la-isla\\\/\",\"name\":\"Cuba permitir\u00e1 que cubanos en el extranjero inviertan y posean negocios en la isla - Cuballama Noticias\",\"isPartOf\":{\"@id\":\"https:\\\/\\\/www.cuballama.com\\\/noticias\\\/#website\"},\"primaryImageOfPage\":{\"@id\":\"https:\\\/\\\/www.cuballama.com\\\/noticias\\\/cuba-permitira-que-cubanos-en-el-extranjero-inviertan-y-posean-negocios-en-la-isla\\\/#primaryimage\"},\"image\":{\"@id\":\"https:\\\/\\\/www.cuballama.com\\\/noticias\\\/cuba-permitira-que-cubanos-en-el-extranjero-inviertan-y-posean-negocios-en-la-isla\\\/#primaryimage\"},\"thumbnailUrl\":\"https:\\\/\\\/cdn1.mediawpaccore.net\\\/wp-content\\\/uploads\\\/2025\\\/05\\\/07080912\\\/IMG_3384.jpg\",\"datePublished\":\"2026-03-16T12:50:17+00:00\",\"dateModified\":\"2026-03-17T01:53:27+00:00\",\"description\":\"El gobierno de Cuba permitir\u00e1 a los cubanos que viven en el extranjero invertir y ser propietarios de negocios en la isla.\",\"breadcrumb\":{\"@id\":\"https:\\\/\\\/www.cuballama.com\\\/noticias\\\/cuba-permitira-que-cubanos-en-el-extranjero-inviertan-y-posean-negocios-en-la-isla\\\/#breadcrumb\"},\"inLanguage\":\"es\",\"potentialAction\":[{\"@type\":\"ReadAction\",\"target\":[\"https:\\\/\\\/www.cuballama.com\\\/noticias\\\/cuba-permitira-que-cubanos-en-el-extranjero-inviertan-y-posean-negocios-en-la-isla\\\/\"]}]},{\"@type\":\"ImageObject\",\"inLanguage\":\"es\",\"@id\":\"https:\\\/\\\/www.cuballama.com\\\/noticias\\\/cuba-permitira-que-cubanos-en-el-extranjero-inviertan-y-posean-negocios-en-la-isla\\\/#primaryimage\",\"url\":\"https:\\\/\\\/cdn1.mediawpaccore.net\\\/wp-content\\\/uploads\\\/2025\\\/05\\\/07080912\\\/IMG_3384.jpg\",\"contentUrl\":\"https:\\\/\\\/cdn1.mediawpaccore.net\\\/wp-content\\\/uploads\\\/2025\\\/05\\\/07080912\\\/IMG_3384.jpg\",\"width\":1200,\"height\":630,\"caption\":\"Poblaci\u00f3n de La Habana. Foto: CN360\\\/RH Hevia.\"},{\"@type\":\"BreadcrumbList\",\"@id\":\"https:\\\/\\\/www.cuballama.com\\\/noticias\\\/cuba-permitira-que-cubanos-en-el-extranjero-inviertan-y-posean-negocios-en-la-isla\\\/#breadcrumb\",\"itemListElement\":[{\"@type\":\"ListItem\",\"position\":1,\"name\":\"Home\",\"item\":\"https:\\\/\\\/www.cuballama.com\\\/noticias\\\/\"},{\"@type\":\"ListItem\",\"position\":2,\"name\":\"Cuba permitir\u00e1 que cubanos en el extranjero inviertan y posean negocios en la isla\"}]},{\"@type\":\"WebSite\",\"@id\":\"https:\\\/\\\/www.cuballama.com\\\/noticias\\\/#website\",\"url\":\"https:\\\/\\\/www.cuballama.com\\\/noticias\\\/\",\"name\":\"Cuballama Noticias\",\"description\":\"Medio digital sobre Cuba y el mundo\",\"publisher\":{\"@id\":\"https:\\\/\\\/www.cuballama.com\\\/noticias\\\/#organization\"},\"potentialAction\":[{\"@type\":\"SearchAction\",\"target\":{\"@type\":\"EntryPoint\",\"urlTemplate\":\"https:\\\/\\\/www.cuballama.com\\\/noticias\\\/?s={search_term_string}\"},\"query-input\":{\"@type\":\"PropertyValueSpecification\",\"valueRequired\":true,\"valueName\":\"search_term_string\"}}],\"inLanguage\":\"es\"},{\"@type\":\"Organization\",\"@id\":\"https:\\\/\\\/www.cuballama.com\\\/noticias\\\/#organization\",\"name\":\"Cuballama\",\"url\":\"https:\\\/\\\/www.cuballama.com\\\/noticias\\\/\",\"logo\":{\"@type\":\"ImageObject\",\"inLanguage\":\"es\",\"@id\":\"https:\\\/\\\/www.cuballama.com\\\/noticias\\\/#\\\/schema\\\/logo\\\/image\\\/\",\"url\":\"https:\\\/\\\/cdn1.mediawpaccore.net\\\/wp-content\\\/uploads\\\/2021\\\/12\\\/28171206\\\/cbll-logo-color-sm.png\",\"contentUrl\":\"https:\\\/\\\/cdn1.mediawpaccore.net\\\/wp-content\\\/uploads\\\/2021\\\/12\\\/28171206\\\/cbll-logo-color-sm.png\",\"width\":600,\"height\":133,\"caption\":\"Cuballama\"},\"image\":{\"@id\":\"https:\\\/\\\/www.cuballama.com\\\/noticias\\\/#\\\/schema\\\/logo\\\/image\\\/\"},\"sameAs\":[\"https:\\\/\\\/www.facebook.com\\\/CubaLlama\",\"https:\\\/\\\/x.com\\\/cuballama\",\"https:\\\/\\\/www.instagram.com\\\/stories\\\/cuballama_oficial\\\/\",\"https:\\\/\\\/www.youtube.com\\\/channel\\\/UCKkFE-d_axENGZcrc4as0IA\"]},{\"@type\":\"Person\",\"@id\":\"https:\\\/\\\/www.cuballama.com\\\/noticias\\\/#\\\/schema\\\/person\\\/86cd3e3f4974437f031211213bf892d5\",\"name\":\"Kathy\",\"url\":\"https:\\\/\\\/www.cuballama.com\\\/noticias\\\/author\\\/kathy\\\/\"}]}<\/script>\n<!-- \/ Yoast SEO plugin. -->","yoast_head_json":{"title":"Cuba permitir\u00e1 que cubanos en el extranjero inviertan y posean negocios en la isla - Cuballama Noticias","description":"El gobierno de Cuba permitir\u00e1 a los cubanos que viven en el extranjero invertir y ser propietarios de negocios en la isla.","robots":{"index":"index","follow":"follow","max-snippet":"max-snippet:-1","max-image-preview":"max-image-preview:large","max-video-preview":"max-video-preview:-1"},"canonical":"https:\/\/www.cuballama.com\/noticias\/cuba-permitira-que-cubanos-en-el-extranjero-inviertan-y-posean-negocios-en-la-isla\/","og_locale":"es_ES","og_type":"article","og_title":"Cuba permitir\u00e1 que cubanos en el extranjero inviertan y posean negocios en la isla - Cuballama Noticias","og_description":"El gobierno de Cuba permitir\u00e1 a los cubanos que viven en el extranjero invertir y ser propietarios de negocios en la isla.","og_url":"https:\/\/www.cuballama.com\/noticias\/cuba-permitira-que-cubanos-en-el-extranjero-inviertan-y-posean-negocios-en-la-isla\/","og_site_name":"Cuballama Noticias","article_publisher":"https:\/\/www.facebook.com\/CubaLlama","article_published_time":"2026-03-16T12:50:17+00:00","article_modified_time":"2026-03-17T01:53:27+00:00","og_image":[{"width":1200,"height":630,"url":"https:\/\/cdn1.mediawpaccore.net\/wp-content\/uploads\/2025\/05\/07080912\/IMG_3384.jpg","type":"image\/jpeg"}],"author":"Kathy","twitter_card":"summary_large_image","twitter_creator":"@cuballama","twitter_site":"@cuballama","twitter_misc":{"Escrito por":"Kathy","Tiempo de lectura":"3 minutos"},"schema":{"@context":"https:\/\/schema.org","@graph":[{"@type":"Article","@id":"https:\/\/www.cuballama.com\/noticias\/cuba-permitira-que-cubanos-en-el-extranjero-inviertan-y-posean-negocios-en-la-isla\/#article","isPartOf":{"@id":"https:\/\/www.cuballama.com\/noticias\/cuba-permitira-que-cubanos-en-el-extranjero-inviertan-y-posean-negocios-en-la-isla\/"},"author":{"name":"Kathy","@id":"https:\/\/www.cuballama.com\/noticias\/#\/schema\/person\/86cd3e3f4974437f031211213bf892d5"},"headline":"Cuba permitir\u00e1 que cubanos en el extranjero inviertan y posean negocios en la isla","datePublished":"2026-03-16T12:50:17+00:00","dateModified":"2026-03-17T01:53:27+00:00","mainEntityOfPage":{"@id":"https:\/\/www.cuballama.com\/noticias\/cuba-permitira-que-cubanos-en-el-extranjero-inviertan-y-posean-negocios-en-la-isla\/"},"wordCount":703,"commentCount":0,"publisher":{"@id":"https:\/\/www.cuballama.com\/noticias\/#organization"},"image":{"@id":"https:\/\/www.cuballama.com\/noticias\/cuba-permitira-que-cubanos-en-el-extranjero-inviertan-y-posean-negocios-en-la-isla\/#primaryimage"},"thumbnailUrl":"https:\/\/cdn1.mediawpaccore.net\/wp-content\/uploads\/2025\/05\/07080912\/IMG_3384.jpg","keywords":["comunidad cubana en el exterior","Crisis en Cuba","destacado","inversi\u00f3n en Cuba"],"articleSection":["Noticias","Noticias de Cuba"],"inLanguage":"es","potentialAction":[{"@type":"CommentAction","name":"Comment","target":["https:\/\/www.cuballama.com\/noticias\/cuba-permitira-que-cubanos-en-el-extranjero-inviertan-y-posean-negocios-en-la-isla\/#respond"]}]},{"@type":"WebPage","@id":"https:\/\/www.cuballama.com\/noticias\/cuba-permitira-que-cubanos-en-el-extranjero-inviertan-y-posean-negocios-en-la-isla\/","url":"https:\/\/www.cuballama.com\/noticias\/cuba-permitira-que-cubanos-en-el-extranjero-inviertan-y-posean-negocios-en-la-isla\/","name":"Cuba permitir\u00e1 que cubanos en el extranjero inviertan y posean negocios en la isla - Cuballama Noticias","isPartOf":{"@id":"https:\/\/www.cuballama.com\/noticias\/#website"},"primaryImageOfPage":{"@id":"https:\/\/www.cuballama.com\/noticias\/cuba-permitira-que-cubanos-en-el-extranjero-inviertan-y-posean-negocios-en-la-isla\/#primaryimage"},"image":{"@id":"https:\/\/www.cuballama.com\/noticias\/cuba-permitira-que-cubanos-en-el-extranjero-inviertan-y-posean-negocios-en-la-isla\/#primaryimage"},"thumbnailUrl":"https:\/\/cdn1.mediawpaccore.net\/wp-content\/uploads\/2025\/05\/07080912\/IMG_3384.jpg","datePublished":"2026-03-16T12:50:17+00:00","dateModified":"2026-03-17T01:53:27+00:00","description":"El gobierno de Cuba permitir\u00e1 a los cubanos que viven en el extranjero invertir y ser propietarios de negocios en la isla.","breadcrumb":{"@id":"https:\/\/www.cuballama.com\/noticias\/cuba-permitira-que-cubanos-en-el-extranjero-inviertan-y-posean-negocios-en-la-isla\/#breadcrumb"},"inLanguage":"es","potentialAction":[{"@type":"ReadAction","target":["https:\/\/www.cuballama.com\/noticias\/cuba-permitira-que-cubanos-en-el-extranjero-inviertan-y-posean-negocios-en-la-isla\/"]}]},{"@type":"ImageObject","inLanguage":"es","@id":"https:\/\/www.cuballama.com\/noticias\/cuba-permitira-que-cubanos-en-el-extranjero-inviertan-y-posean-negocios-en-la-isla\/#primaryimage","url":"https:\/\/cdn1.mediawpaccore.net\/wp-content\/uploads\/2025\/05\/07080912\/IMG_3384.jpg","contentUrl":"https:\/\/cdn1.mediawpaccore.net\/wp-content\/uploads\/2025\/05\/07080912\/IMG_3384.jpg","width":1200,"height":630,"caption":"Poblaci\u00f3n de La Habana. Foto: CN360\/RH Hevia."},{"@type":"BreadcrumbList","@id":"https:\/\/www.cuballama.com\/noticias\/cuba-permitira-que-cubanos-en-el-extranjero-inviertan-y-posean-negocios-en-la-isla\/#breadcrumb","itemListElement":[{"@type":"ListItem","position":1,"name":"Home","item":"https:\/\/www.cuballama.com\/noticias\/"},{"@type":"ListItem","position":2,"name":"Cuba permitir\u00e1 que cubanos en el extranjero inviertan y posean negocios en la isla"}]},{"@type":"WebSite","@id":"https:\/\/www.cuballama.com\/noticias\/#website","url":"https:\/\/www.cuballama.com\/noticias\/","name":"Cuballama Noticias","description":"Medio digital sobre Cuba y el mundo","publisher":{"@id":"https:\/\/www.cuballama.com\/noticias\/#organization"},"potentialAction":[{"@type":"SearchAction","target":{"@type":"EntryPoint","urlTemplate":"https:\/\/www.cuballama.com\/noticias\/?s={search_term_string}"},"query-input":{"@type":"PropertyValueSpecification","valueRequired":true,"valueName":"search_term_string"}}],"inLanguage":"es"},{"@type":"Organization","@id":"https:\/\/www.cuballama.com\/noticias\/#organization","name":"Cuballama","url":"https:\/\/www.cuballama.com\/noticias\/","logo":{"@type":"ImageObject","inLanguage":"es","@id":"https:\/\/www.cuballama.com\/noticias\/#\/schema\/logo\/image\/","url":"https:\/\/cdn1.mediawpaccore.net\/wp-content\/uploads\/2021\/12\/28171206\/cbll-logo-color-sm.png","contentUrl":"https:\/\/cdn1.mediawpaccore.net\/wp-content\/uploads\/2021\/12\/28171206\/cbll-logo-color-sm.png","width":600,"height":133,"caption":"Cuballama"},"image":{"@id":"https:\/\/www.cuballama.com\/noticias\/#\/schema\/logo\/image\/"},"sameAs":["https:\/\/www.facebook.com\/CubaLlama","https:\/\/x.com\/cuballama","https:\/\/www.instagram.com\/stories\/cuballama_oficial\/","https:\/\/www.youtube.com\/channel\/UCKkFE-d_axENGZcrc4as0IA"]},{"@type":"Person","@id":"https:\/\/www.cuballama.com\/noticias\/#\/schema\/person\/86cd3e3f4974437f031211213bf892d5","name":"Kathy","url":"https:\/\/www.cuballama.com\/noticias\/author\/kathy\/"}]}},"_links":{"self":[{"href":"https:\/\/www.cuballama.com\/noticias\/wp-json\/wp\/v2\/posts\/238300","targetHints":{"allow":["GET"]}}],"collection":[{"href":"https:\/\/www.cuballama.com\/noticias\/wp-json\/wp\/v2\/posts"}],"about":[{"href":"https:\/\/www.cuballama.com\/noticias\/wp-json\/wp\/v2\/types\/post"}],"author":[{"embeddable":true,"href":"https:\/\/www.cuballama.com\/noticias\/wp-json\/wp\/v2\/users\/30"}],"replies":[{"embeddable":true,"href":"https:\/\/www.cuballama.com\/noticias\/wp-json\/wp\/v2\/comments?post=238300"}],"version-history":[{"count":13,"href":"https:\/\/www.cuballama.com\/noticias\/wp-json\/wp\/v2\/posts\/238300\/revisions"}],"predecessor-version":[{"id":238340,"href":"https:\/\/www.cuballama.com\/noticias\/wp-json\/wp\/v2\/posts\/238300\/revisions\/238340"}],"wp:featuredmedia":[{"embeddable":true,"href":"https:\/\/www.cuballama.com\/noticias\/wp-json\/wp\/v2\/media\/206779"}],"wp:attachment":[{"href":"https:\/\/www.cuballama.com\/noticias\/wp-json\/wp\/v2\/media?parent=238300"}],"wp:term":[{"taxonomy":"category","embeddable":true,"href":"https:\/\/www.cuballama.com\/noticias\/wp-json\/wp\/v2\/categories?post=238300"},{"taxonomy":"post_tag","embeddable":true,"href":"https:\/\/www.cuballama.com\/noticias\/wp-json\/wp\/v2\/tags?post=238300"}],"curies":[{"name":"wp","href":"https:\/\/api.w.org\/{rel}","templated":true}]}}