{"id":238295,"date":"2026-03-16T10:36:12","date_gmt":"2026-03-16T14:36:12","guid":{"rendered":"https:\/\/www.cuballama.com\/noticias\/?p=238295"},"modified":"2026-03-16T12:38:29","modified_gmt":"2026-03-16T16:38:29","slug":"indignacion-por-suceso-fatal-ocurrido-en-jaguey-grande-prefirieron-grabar-que-intervenir-y-prestar-ayuda","status":"publish","type":"post","link":"https:\/\/www.cuballama.com\/noticias\/indignacion-por-suceso-fatal-ocurrido-en-jaguey-grande-prefirieron-grabar-que-intervenir-y-prestar-ayuda\/","title":{"rendered":"Indignaci\u00f3n por suceso fatal ocurrido en Jag\u00fcey Grande. Prefirieron grabar que intervenir y prestar ayuda"},"content":{"rendered":"\n<p>Un violento suceso ocurrido en Jag\u00fcey Grande, en la provincia de Matanzas, ha provocado conmoci\u00f3n e indignaci\u00f3n en redes sociales tras la difusi\u00f3n de testimonios y videos que muestran una brutal agresi\u00f3n en plena calle, presenciada por decenas de personas que, seg\u00fan denuncian usuarios, prefirieron grabar con sus tel\u00e9fonos antes que intervenir para detener el ataque.<\/p>\n\n\n\n<iframe loading=\"lazy\" src=\"https:\/\/www.facebook.com\/plugins\/post.php?href=https%3A%2F%2Fwww.facebook.com%2Fpermalink.php%3Fstory_fbid%3Dpfbid0212wAFQ9kDKrVwyV8L2n9KYZ24Yrgz9ysU6tmC8tte95HtAwZGLMafxTcx582cQpNl%26id%3D61559784217848&#038;show_text=true&#038;width=500\" width=\"500\" height=\"498\" style=\"border:none;overflow:hidden\" scrolling=\"no\" frameborder=\"0\" allowfullscreen=\"true\" allow=\"autoplay; clipboard-write; encrypted-media; picture-in-picture; web-share\"><\/iframe>\n\n\n\n<p>Los hechos habr\u00edan ocurrido durante la noche o la madrugada frente a la discoteca conocida como <strong>\u201cEl Mambo\u201d<\/strong>, ubicada en la calle 13 de ese municipio. Aunque inicialmente se habl\u00f3 de un altercado frente al local, algunos testigos aseguran que la pelea comenz\u00f3 en un parque cercano y luego se traslad\u00f3 hasta esa zona.<\/p>\n\n\n\n<p>Seg\u00fan versiones compartidas por residentes y publicaciones en redes sociales, el incidente dej\u00f3 <strong>al menos tres fallecidos y un herido grave<\/strong>, aunque hasta el momento no existe confirmaci\u00f3n oficial de las autoridades sobre el n\u00famero exacto de v\u00edctimas ni sobre las circunstancias completas del hecho. <\/p>\n\n\n\n<p>Entre los nombres mencionados por vecinos en los comentarios aparecen j\u00f3venes conocidos como <strong>\u201cMarquito el Barbero\u201d<\/strong> y <strong>\u201cEl Yimi\u201d<\/strong>, ambos presuntamente entre los fallecidos. Varias personas describen a \u201cMarquito\u201d como un muchacho querido en la comunidad que, seg\u00fan los relatos difundidos, habr\u00eda intentado intervenir para detener una pelea antes de ser atacado.<\/p>\n\n\n\n<p><a href=\"https:\/\/www.facebook.com\/leila.fraga.226220?comment_id=Y29tbWVudDoxMjIyMTQ3MTUxMTIzMjYxNDBfMTQ4NDI3NjA0NjM4NjkzMw%3D%3D&amp;__cft__[0]=AZZ-Jdn7SSHsT_hyXUnQ6clK4jZx_KSH5jp2L5HyKi3m2i-Q5qp-fi7hhnFMGBcu11eyUsr_VH0cRRxu403BCWKmvb_DytLULQ4VF8oTfyWQWmS4SY_Ts-gDsYcet26bu7SELZEoVbmUMK16oduOOAPKUhDqzncq1nJBp1nfmuTpbw&amp;__tn__=R]-R\">Leila Fraga<\/a>, una de las que coment\u00f3 en alguna de las publicaciones vistas dijo:<\/p>\n\n\n\n<p>\u00abSon tres fallecidos uno de Jag\u00fcey y dos del Pio , muy triste todo lo q ocurri\u00f3\u00bb. <strong> <\/strong><a href=\"https:\/\/www.facebook.com\/profile.php?id=100083511200512&amp;comment_id=Y29tbWVudDoxMjIyMTQ3MTUxMTIzMjYxNDBfMTQzMjMyODAyMTc3NDY5MA%3D%3D&amp;__cft__[0]=AZZ-Jdn7SSHsT_hyXUnQ6clK4jZx_KSH5jp2L5HyKi3m2i-Q5qp-fi7hhnFMGBcu11eyUsr_VH0cRRxu403BCWKmvb_DytLULQ4VF8oTfyWQWmS4SY_Ts-gDsYcet26bu7SELZEoVbmUMK16oduOOAPKUhDqzncq1nJBp1nfmuTpbw&amp;__tn__=R]-R\">Brianna Gonz\u00e1lez Mora<\/a> dijo que \u00abuno de los fallecidos es el jimy de la aldea\u00bb; mientras que <a href=\"https:\/\/www.facebook.com\/profile.php?id=100085708522372&amp;comment_id=Y29tbWVudDoxMjIyMTQ3MTUxMTIzMjYxNDBfMTIyNTMxMzMyNjMzNTEwNw%3D%3D&amp;__cft__[0]=AZZ-Jdn7SSHsT_hyXUnQ6clK4jZx_KSH5jp2L5HyKi3m2i-Q5qp-fi7hhnFMGBcu11eyUsr_VH0cRRxu403BCWKmvb_DytLULQ4VF8oTfyWQWmS4SY_Ts-gDsYcet26bu7SELZEoVbmUMK16oduOOAPKUhDqzncq1nJBp1nfmuTpbw&amp;__tn__=R]-R\">Jessica Fleitas<\/a> expres\u00f3: \u00abEPD El Yimi\u00bb, y public\u00f3 una foto.<\/p>\n\n\n\n<iframe loading=\"lazy\" src=\"https:\/\/www.facebook.com\/plugins\/post.php?href=https%3A%2F%2Fwww.facebook.com%2Fphoto.php%3Ffbid%3D892189413574757%26set%3Dp.892189413574757%26type%3D3&#038;show_text=true&#038;width=500\" width=\"500\" height=\"496\" style=\"border:none;overflow:hidden\" scrolling=\"no\" frameborder=\"0\" allowfullscreen=\"true\" allow=\"autoplay; clipboard-write; encrypted-media; picture-in-picture; web-share\"><\/iframe>\n\n\n\n<p>Seg\u00fan informaci\u00f3n que le fue proporcionada a Niover Licea, el gestor de la p\u00e1gina Nio Reportando un Crimen\u00bb, un grupo de j\u00f3venes, pertenecientes a una barriada, a la que pertenec\u00eda \u00abYimi\u00bb le cay\u00f3 encima a Maikel y a la postre, le ocasion\u00f3 la muerte. Su hermano intervino y le caus\u00f3 la muerte a \u00abYimi\u00bb, pero los que andaban con este \u00faltimo, intervinieron y le causaron heridas que a la postre le habr\u00edan causado la muerte en la madrugada de este lunes. Otras fuentes aseguran que a\u00fan est\u00e1 con vida. <\/p>\n\n\n\n<figure class=\"wp-block-gallery has-nested-images columns-default is-cropped wp-block-gallery-1 is-layout-flex wp-block-gallery-is-layout-flex\">\n<figure class=\"wp-block-image size-large\"><img loading=\"lazy\" decoding=\"async\" width=\"1024\" height=\"800\" data-id=\"238318\" src=\"https:\/\/cdn1.mediawpaccore.net\/wp-content\/uploads\/2026\/03\/16091114\/WhatsApp-Image-2026-03-16-at-1.52.17-PM-1-1-1024x800.jpeg\" alt=\"\" class=\"wp-image-238318\" srcset=\"https:\/\/cdn1.mediawpaccore.net\/wp-content\/uploads\/2026\/03\/16091114\/WhatsApp-Image-2026-03-16-at-1.52.17-PM-1-1-1024x800.jpeg 1024w, https:\/\/cdn1.mediawpaccore.net\/wp-content\/uploads\/2026\/03\/16091114\/WhatsApp-Image-2026-03-16-at-1.52.17-PM-1-1-300x234.jpeg 300w, https:\/\/cdn1.mediawpaccore.net\/wp-content\/uploads\/2026\/03\/16091114\/WhatsApp-Image-2026-03-16-at-1.52.17-PM-1-1-768x600.jpeg 768w, https:\/\/cdn1.mediawpaccore.net\/wp-content\/uploads\/2026\/03\/16091114\/WhatsApp-Image-2026-03-16-at-1.52.17-PM-1-1-1536x1200.jpeg 1536w, https:\/\/cdn1.mediawpaccore.net\/wp-content\/uploads\/2026\/03\/16091114\/WhatsApp-Image-2026-03-16-at-1.52.17-PM-1-1-538x420.jpeg 538w, https:\/\/cdn1.mediawpaccore.net\/wp-content\/uploads\/2026\/03\/16091114\/WhatsApp-Image-2026-03-16-at-1.52.17-PM-1-1-150x117.jpeg 150w, https:\/\/cdn1.mediawpaccore.net\/wp-content\/uploads\/2026\/03\/16091114\/WhatsApp-Image-2026-03-16-at-1.52.17-PM-1-1-696x544.jpeg 696w, https:\/\/cdn1.mediawpaccore.net\/wp-content\/uploads\/2026\/03\/16091114\/WhatsApp-Image-2026-03-16-at-1.52.17-PM-1-1-1068x834.jpeg 1068w, https:\/\/cdn1.mediawpaccore.net\/wp-content\/uploads\/2026\/03\/16091114\/WhatsApp-Image-2026-03-16-at-1.52.17-PM-1-1-1920x1500.jpeg 1920w, https:\/\/cdn1.mediawpaccore.net\/wp-content\/uploads\/2026\/03\/16091114\/WhatsApp-Image-2026-03-16-at-1.52.17-PM-1-1.jpeg 2048w\" sizes=\"auto, (max-width: 1024px) 100vw, 1024px\" \/><figcaption class=\"wp-element-caption\">Maikel, una de las v\u00edctimas. Foto: Cortes\u00eda de Niover Licea. <\/figcaption><\/figure>\n\n\n\n<figure class=\"wp-block-image size-large\"><img loading=\"lazy\" decoding=\"async\" width=\"720\" height=\"960\" data-id=\"238319\" src=\"https:\/\/cdn1.mediawpaccore.net\/wp-content\/uploads\/2026\/03\/16091112\/WhatsApp-Image-2026-03-16-at-1.52.17-PM-2.jpeg\" alt=\"\" class=\"wp-image-238319\" srcset=\"https:\/\/cdn1.mediawpaccore.net\/wp-content\/uploads\/2026\/03\/16091112\/WhatsApp-Image-2026-03-16-at-1.52.17-PM-2.jpeg 720w, https:\/\/cdn1.mediawpaccore.net\/wp-content\/uploads\/2026\/03\/16091112\/WhatsApp-Image-2026-03-16-at-1.52.17-PM-2-225x300.jpeg 225w, https:\/\/cdn1.mediawpaccore.net\/wp-content\/uploads\/2026\/03\/16091112\/WhatsApp-Image-2026-03-16-at-1.52.17-PM-2-315x420.jpeg 315w, https:\/\/cdn1.mediawpaccore.net\/wp-content\/uploads\/2026\/03\/16091112\/WhatsApp-Image-2026-03-16-at-1.52.17-PM-2-150x200.jpeg 150w, https:\/\/cdn1.mediawpaccore.net\/wp-content\/uploads\/2026\/03\/16091112\/WhatsApp-Image-2026-03-16-at-1.52.17-PM-2-300x400.jpeg 300w, https:\/\/cdn1.mediawpaccore.net\/wp-content\/uploads\/2026\/03\/16091112\/WhatsApp-Image-2026-03-16-at-1.52.17-PM-2-696x928.jpeg 696w\" sizes=\"auto, (max-width: 720px) 100vw, 720px\" \/><figcaption class=\"wp-element-caption\">Una foto de Maikel frente a la discoteca donde ocurrieron los hechos. Foto: Cortes\u00eda de Niover Licea<\/figcaption><\/figure>\n<\/figure>\n\n\n\n<figure class=\"wp-block-image size-large\"><img loading=\"lazy\" decoding=\"async\" width=\"911\" height=\"1024\" src=\"https:\/\/cdn1.mediawpaccore.net\/wp-content\/uploads\/2026\/03\/16091517\/WhatsApp-Image-2026-03-16-at-1.52.41-PM-911x1024.jpeg\" alt=\"\" class=\"wp-image-238323\" srcset=\"https:\/\/cdn1.mediawpaccore.net\/wp-content\/uploads\/2026\/03\/16091517\/WhatsApp-Image-2026-03-16-at-1.52.41-PM-911x1024.jpeg 911w, https:\/\/cdn1.mediawpaccore.net\/wp-content\/uploads\/2026\/03\/16091517\/WhatsApp-Image-2026-03-16-at-1.52.41-PM-267x300.jpeg 267w, https:\/\/cdn1.mediawpaccore.net\/wp-content\/uploads\/2026\/03\/16091517\/WhatsApp-Image-2026-03-16-at-1.52.41-PM-768x863.jpeg 768w, https:\/\/cdn1.mediawpaccore.net\/wp-content\/uploads\/2026\/03\/16091517\/WhatsApp-Image-2026-03-16-at-1.52.41-PM-1367x1536.jpeg 1367w, https:\/\/cdn1.mediawpaccore.net\/wp-content\/uploads\/2026\/03\/16091517\/WhatsApp-Image-2026-03-16-at-1.52.41-PM-374x420.jpeg 374w, https:\/\/cdn1.mediawpaccore.net\/wp-content\/uploads\/2026\/03\/16091517\/WhatsApp-Image-2026-03-16-at-1.52.41-PM-150x169.jpeg 150w, https:\/\/cdn1.mediawpaccore.net\/wp-content\/uploads\/2026\/03\/16091517\/WhatsApp-Image-2026-03-16-at-1.52.41-PM-300x337.jpeg 300w, https:\/\/cdn1.mediawpaccore.net\/wp-content\/uploads\/2026\/03\/16091517\/WhatsApp-Image-2026-03-16-at-1.52.41-PM-696x782.jpeg 696w, https:\/\/cdn1.mediawpaccore.net\/wp-content\/uploads\/2026\/03\/16091517\/WhatsApp-Image-2026-03-16-at-1.52.41-PM-1068x1200.jpeg 1068w, https:\/\/cdn1.mediawpaccore.net\/wp-content\/uploads\/2026\/03\/16091517\/WhatsApp-Image-2026-03-16-at-1.52.41-PM.jpeg 1822w\" sizes=\"auto, (max-width: 911px) 100vw, 911px\" \/><figcaption class=\"wp-element-caption\">Seg\u00fan Niover, este ser\u00eda el iniciador de todo el suceso, y a la postre termin\u00f3 tambi\u00e9n asesinado: \u00abYimi\u00bb. <\/figcaption><\/figure>\n\n\n\n<p>El suceso ha provocado una fuerte reacci\u00f3n en redes sociales, especialmente tras la difusi\u00f3n de un video que, seg\u00fan usuarios, muestra la brutal agresi\u00f3n. Aunque las im\u00e1genes no se han difundido de forma masiva por su crudeza, varias personas que aseguran haberlas visto describen una escena en la que dos individuos golpean repetidamente a un joven en plena calle mientras decenas de personas observan.<\/p>\n\n\n\n<p>La indignaci\u00f3n no solo se centra en la violencia del ataque, sino tambi\u00e9n en la reacci\u00f3n \u2014o la falta de ella\u2014 de quienes presenciaron el hecho. Numerosos comentarios critican que muchos de los presentes optaron por <strong>grabar con sus tel\u00e9fonos m\u00f3viles en lugar de intervenir o intentar detener la agresi\u00f3n<\/strong>.<\/p>\n\n\n\n<iframe loading=\"lazy\" src=\"https:\/\/www.facebook.com\/plugins\/post.php?href=https%3A%2F%2Fwww.facebook.com%2Fmichaela.bremer.9%2Fposts%2Fpfbid0kpqPc4vQjdWWQ8B3ztk3zhQvxfsqJ5U7VvWQEVvo8PzAUHppgXrpaVjNwedJRm94l&#038;show_text=true&#038;width=500\" width=\"500\" height=\"711\" style=\"border:none;overflow:hidden\" scrolling=\"no\" frameborder=\"0\" allowfullscreen=\"true\" allow=\"autoplay; clipboard-write; encrypted-media; picture-in-picture; web-share\"><\/iframe>\n\n\n\n<p>\u201cLo m\u00e1s triste de todo esto es que ahora en vez de ayudar se ponen a grabar\u201d, escribi\u00f3 una usuaria en redes, reflejando un sentimiento repetido entre quienes reaccionaron al suceso. <\/p>\n\n\n\n<p>Otros comentarios insisten en que lo ocurrido refleja un deterioro preocupante del clima social en el pa\u00eds. \u201cHasta d\u00f3nde va a llegar esto\u201d, escribi\u00f3 un residente de la zona, mientras otra persona lament\u00f3 que \u201clos j\u00f3venes se est\u00e1n matando poco a poco\u201d.<\/p>\n\n\n\n<iframe loading=\"lazy\" src=\"https:\/\/www.facebook.com\/plugins\/post.php?href=https%3A%2F%2Fwww.facebook.com%2Fpermalink.php%3Fstory_fbid%3Dpfbid0EN9EYGwAfQecPhVGxCYPzkrbrkNuux9Mh1FMMDK4uWxvN1seyEzw3oibH6sbUkAEl%26id%3D61559784217848&#038;show_text=true&#038;width=500\" width=\"500\" height=\"544\" style=\"border:none;overflow:hidden\" scrolling=\"no\" frameborder=\"0\" allowfullscreen=\"true\" allow=\"autoplay; clipboard-write; encrypted-media; picture-in-picture; web-share\"><\/iframe>\n\n\n\n<p>El hecho tambi\u00e9n ha abierto un debate entre usuarios sobre el aumento de la violencia y la tensi\u00f3n social en varias zonas de Cuba. Algunos atribuyen el clima de agresividad al deterioro econ\u00f3mico, la escasez y el estr\u00e9s acumulado en la poblaci\u00f3n, mientras otros reclaman que se impongan sanciones m\u00e1s severas para quienes cometen este tipo de cr\u00edmenes.<\/p>\n\n\n\n<p>\u201cEso es asesinato y debe ser juzgado\u201d, escribi\u00f3 otro internauta, reclamando justicia para las v\u00edctimas.<\/p>\n\n\n\n<p>Mientras tanto, familiares y conocidos de los j\u00f3venes fallecidos han comenzado a expresar mensajes de duelo en redes sociales, recordando a las v\u00edctimas y lamentando la forma en que se produjo el ataque.<\/p>\n\n\n\n<p>El caso contin\u00faa rodeado de incertidumbre. Hasta ahora no se ha emitido informaci\u00f3n oficial que confirme el n\u00famero de fallecidos, la identidad de todos los implicados ni las causas exactas que desencadenaron el altercado.<\/p>\n\n\n\n<p>Sin embargo, la difusi\u00f3n del video y los testimonios que circulan en redes han convertido el suceso en uno de los temas m\u00e1s comentados entre residentes de Jag\u00fcey Grande y usuarios cubanos en internet.<\/p>\n\n\n\n<p>M\u00e1s all\u00e1 de los detalles a\u00fan por esclarecer, el episodio ha dejado una pregunta que muchos repiten con indignaci\u00f3n: <strong>c\u00f3mo es posible que una agresi\u00f3n tan brutal ocurra ante decenas de personas sin que nadie intervenga para detenerla.<\/strong><\/p>\n\n\n\n<p>La respuesta, para muchos, refleja una realidad cada vez m\u00e1s inquietante. No solo la violencia en s\u00ed, sino tambi\u00e9n la indiferencia que puede rodearla.<\/p>\n","protected":false},"excerpt":{"rendered":"<p>Un violento suceso ocurrido frente a la discoteca El Mambo, en Jag\u00fcey Grande (Matanzas), habr\u00eda dejado al menos tres muertos seg\u00fan testimonios en redes sociales. La difusi\u00f3n de videos del ataque ha provocado indignaci\u00f3n por la brutalidad de la agresi\u00f3n y por la reacci\u00f3n de quienes presenciaron los hechos sin intervenir.<\/p>\n","protected":false},"author":13,"featured_media":238325,"comment_status":"open","ping_status":"closed","sticky":false,"template":"","format":"standard","meta":{"_acf_changed":false,"footnotes":""},"categories":[18,955],"tags":[23428,11,31145,31147,27567,31146,1816,10276],"class_list":{"0":"post-238295","1":"post","2":"type-post","3":"status-publish","4":"format-standard","5":"has-post-thumbnail","7":"category-noticias","8":"category-noticias-de-cuba","9":"tag-crimen-en-cuba","10":"tag-cuba","11":"tag-discoteca-el-mambo","12":"tag-el-yimi","13":"tag-jaguey-grande","14":"tag-marquito-el-barbero","15":"tag-matanzas","16":"tag-violencia-en-cuba"},"acf":[],"yoast_head":"<!-- This site is optimized with the Yoast SEO plugin v27.5 - https:\/\/yoast.com\/product\/yoast-seo-wordpress\/ -->\n<title>Indignaci\u00f3n por suceso fatal ocurrido en Jag\u00fcey Grande. Prefirieron grabar que intervenir y prestar ayuda - Cuballama Noticias<\/title>\n<meta name=\"description\" content=\"Violento altercado frente a discoteca en Jag\u00fcey Grande deja muertos y heridos; vecinos denuncian que testigos grabaron sin intervenir.\" \/>\n<meta name=\"robots\" content=\"index, follow, max-snippet:-1, max-image-preview:large, max-video-preview:-1\" \/>\n<link rel=\"canonical\" href=\"https:\/\/www.cuballama.com\/noticias\/indignacion-por-suceso-fatal-ocurrido-en-jaguey-grande-prefirieron-grabar-que-intervenir-y-prestar-ayuda\/\" \/>\n<meta property=\"og:locale\" content=\"es_ES\" \/>\n<meta property=\"og:type\" content=\"article\" \/>\n<meta property=\"og:title\" content=\"Indignaci\u00f3n por suceso fatal ocurrido en Jag\u00fcey Grande. Prefirieron grabar que intervenir y prestar ayuda - Cuballama Noticias\" \/>\n<meta property=\"og:description\" content=\"Violento altercado frente a discoteca en Jag\u00fcey Grande deja muertos y heridos; vecinos denuncian que testigos grabaron sin intervenir.\" \/>\n<meta property=\"og:url\" content=\"https:\/\/www.cuballama.com\/noticias\/indignacion-por-suceso-fatal-ocurrido-en-jaguey-grande-prefirieron-grabar-que-intervenir-y-prestar-ayuda\/\" \/>\n<meta property=\"og:site_name\" content=\"Cuballama Noticias\" \/>\n<meta property=\"article:publisher\" content=\"https:\/\/www.facebook.com\/CubaLlama\" \/>\n<meta property=\"article:published_time\" content=\"2026-03-16T14:36:12+00:00\" \/>\n<meta property=\"article:modified_time\" content=\"2026-03-16T16:38:29+00:00\" \/>\n<meta property=\"og:image\" content=\"https:\/\/cdn1.mediawpaccore.net\/wp-content\/uploads\/2026\/03\/16091950\/image-73.png\" \/>\n\t<meta property=\"og:image:width\" content=\"1036\" \/>\n\t<meta property=\"og:image:height\" content=\"623\" \/>\n\t<meta property=\"og:image:type\" content=\"image\/png\" \/>\n<meta name=\"author\" content=\"Roberto A.\" \/>\n<meta name=\"twitter:card\" content=\"summary_large_image\" \/>\n<meta name=\"twitter:creator\" content=\"@cuballama\" \/>\n<meta name=\"twitter:site\" content=\"@cuballama\" \/>\n<meta name=\"twitter:label1\" content=\"Escrito por\" \/>\n\t<meta name=\"twitter:data1\" content=\"Roberto A.\" \/>\n\t<meta name=\"twitter:label2\" content=\"Tiempo de lectura\" \/>\n\t<meta name=\"twitter:data2\" content=\"5 minutos\" \/>\n<script type=\"application\/ld+json\" class=\"yoast-schema-graph\">{\"@context\":\"https:\\\/\\\/schema.org\",\"@graph\":[{\"@type\":\"Article\",\"@id\":\"https:\\\/\\\/www.cuballama.com\\\/noticias\\\/indignacion-por-suceso-fatal-ocurrido-en-jaguey-grande-prefirieron-grabar-que-intervenir-y-prestar-ayuda\\\/#article\",\"isPartOf\":{\"@id\":\"https:\\\/\\\/www.cuballama.com\\\/noticias\\\/indignacion-por-suceso-fatal-ocurrido-en-jaguey-grande-prefirieron-grabar-que-intervenir-y-prestar-ayuda\\\/\"},\"author\":{\"name\":\"Roberto A.\",\"@id\":\"https:\\\/\\\/www.cuballama.com\\\/noticias\\\/#\\\/schema\\\/person\\\/a58502ed4146c8e9f83872e897c76cd2\"},\"headline\":\"Indignaci\u00f3n por suceso fatal ocurrido en Jag\u00fcey Grande. Prefirieron grabar que intervenir y prestar ayuda\",\"datePublished\":\"2026-03-16T14:36:12+00:00\",\"dateModified\":\"2026-03-16T16:38:29+00:00\",\"mainEntityOfPage\":{\"@id\":\"https:\\\/\\\/www.cuballama.com\\\/noticias\\\/indignacion-por-suceso-fatal-ocurrido-en-jaguey-grande-prefirieron-grabar-que-intervenir-y-prestar-ayuda\\\/\"},\"wordCount\":906,\"commentCount\":0,\"publisher\":{\"@id\":\"https:\\\/\\\/www.cuballama.com\\\/noticias\\\/#organization\"},\"image\":{\"@id\":\"https:\\\/\\\/www.cuballama.com\\\/noticias\\\/indignacion-por-suceso-fatal-ocurrido-en-jaguey-grande-prefirieron-grabar-que-intervenir-y-prestar-ayuda\\\/#primaryimage\"},\"thumbnailUrl\":\"https:\\\/\\\/cdn1.mediawpaccore.net\\\/wp-content\\\/uploads\\\/2026\\\/03\\\/16091950\\\/image-73.png\",\"keywords\":[\"crimen en Cuba\",\"Cuba\",\"discoteca El Mambo\",\"El Yimi\",\"Jag\u00fcey Grande\",\"Marquito el Barbero\",\"Matanzas\",\"violencia en Cuba\"],\"articleSection\":[\"Noticias\",\"Noticias de Cuba\"],\"inLanguage\":\"es\",\"potentialAction\":[{\"@type\":\"CommentAction\",\"name\":\"Comment\",\"target\":[\"https:\\\/\\\/www.cuballama.com\\\/noticias\\\/indignacion-por-suceso-fatal-ocurrido-en-jaguey-grande-prefirieron-grabar-que-intervenir-y-prestar-ayuda\\\/#respond\"]}]},{\"@type\":\"WebPage\",\"@id\":\"https:\\\/\\\/www.cuballama.com\\\/noticias\\\/indignacion-por-suceso-fatal-ocurrido-en-jaguey-grande-prefirieron-grabar-que-intervenir-y-prestar-ayuda\\\/\",\"url\":\"https:\\\/\\\/www.cuballama.com\\\/noticias\\\/indignacion-por-suceso-fatal-ocurrido-en-jaguey-grande-prefirieron-grabar-que-intervenir-y-prestar-ayuda\\\/\",\"name\":\"Indignaci\u00f3n por suceso fatal ocurrido en Jag\u00fcey Grande. Prefirieron grabar que intervenir y prestar ayuda - Cuballama Noticias\",\"isPartOf\":{\"@id\":\"https:\\\/\\\/www.cuballama.com\\\/noticias\\\/#website\"},\"primaryImageOfPage\":{\"@id\":\"https:\\\/\\\/www.cuballama.com\\\/noticias\\\/indignacion-por-suceso-fatal-ocurrido-en-jaguey-grande-prefirieron-grabar-que-intervenir-y-prestar-ayuda\\\/#primaryimage\"},\"image\":{\"@id\":\"https:\\\/\\\/www.cuballama.com\\\/noticias\\\/indignacion-por-suceso-fatal-ocurrido-en-jaguey-grande-prefirieron-grabar-que-intervenir-y-prestar-ayuda\\\/#primaryimage\"},\"thumbnailUrl\":\"https:\\\/\\\/cdn1.mediawpaccore.net\\\/wp-content\\\/uploads\\\/2026\\\/03\\\/16091950\\\/image-73.png\",\"datePublished\":\"2026-03-16T14:36:12+00:00\",\"dateModified\":\"2026-03-16T16:38:29+00:00\",\"description\":\"Violento altercado frente a discoteca en Jag\u00fcey Grande deja muertos y heridos; vecinos denuncian que testigos grabaron sin intervenir.\",\"breadcrumb\":{\"@id\":\"https:\\\/\\\/www.cuballama.com\\\/noticias\\\/indignacion-por-suceso-fatal-ocurrido-en-jaguey-grande-prefirieron-grabar-que-intervenir-y-prestar-ayuda\\\/#breadcrumb\"},\"inLanguage\":\"es\",\"potentialAction\":[{\"@type\":\"ReadAction\",\"target\":[\"https:\\\/\\\/www.cuballama.com\\\/noticias\\\/indignacion-por-suceso-fatal-ocurrido-en-jaguey-grande-prefirieron-grabar-que-intervenir-y-prestar-ayuda\\\/\"]}]},{\"@type\":\"ImageObject\",\"inLanguage\":\"es\",\"@id\":\"https:\\\/\\\/www.cuballama.com\\\/noticias\\\/indignacion-por-suceso-fatal-ocurrido-en-jaguey-grande-prefirieron-grabar-que-intervenir-y-prestar-ayuda\\\/#primaryimage\",\"url\":\"https:\\\/\\\/cdn1.mediawpaccore.net\\\/wp-content\\\/uploads\\\/2026\\\/03\\\/16091950\\\/image-73.png\",\"contentUrl\":\"https:\\\/\\\/cdn1.mediawpaccore.net\\\/wp-content\\\/uploads\\\/2026\\\/03\\\/16091950\\\/image-73.png\",\"width\":1036,\"height\":623,\"caption\":\"Maikel, es una de las tres v\u00edctimas del suceso. Foto: Cortes\u00eda de Niover Licea\"},{\"@type\":\"BreadcrumbList\",\"@id\":\"https:\\\/\\\/www.cuballama.com\\\/noticias\\\/indignacion-por-suceso-fatal-ocurrido-en-jaguey-grande-prefirieron-grabar-que-intervenir-y-prestar-ayuda\\\/#breadcrumb\",\"itemListElement\":[{\"@type\":\"ListItem\",\"position\":1,\"name\":\"Home\",\"item\":\"https:\\\/\\\/www.cuballama.com\\\/noticias\\\/\"},{\"@type\":\"ListItem\",\"position\":2,\"name\":\"Indignaci\u00f3n por suceso fatal ocurrido en Jag\u00fcey Grande. Prefirieron grabar que intervenir y prestar ayuda\"}]},{\"@type\":\"WebSite\",\"@id\":\"https:\\\/\\\/www.cuballama.com\\\/noticias\\\/#website\",\"url\":\"https:\\\/\\\/www.cuballama.com\\\/noticias\\\/\",\"name\":\"Cuballama Noticias\",\"description\":\"Medio digital sobre Cuba y el mundo\",\"publisher\":{\"@id\":\"https:\\\/\\\/www.cuballama.com\\\/noticias\\\/#organization\"},\"potentialAction\":[{\"@type\":\"SearchAction\",\"target\":{\"@type\":\"EntryPoint\",\"urlTemplate\":\"https:\\\/\\\/www.cuballama.com\\\/noticias\\\/?s={search_term_string}\"},\"query-input\":{\"@type\":\"PropertyValueSpecification\",\"valueRequired\":true,\"valueName\":\"search_term_string\"}}],\"inLanguage\":\"es\"},{\"@type\":\"Organization\",\"@id\":\"https:\\\/\\\/www.cuballama.com\\\/noticias\\\/#organization\",\"name\":\"Cuballama\",\"url\":\"https:\\\/\\\/www.cuballama.com\\\/noticias\\\/\",\"logo\":{\"@type\":\"ImageObject\",\"inLanguage\":\"es\",\"@id\":\"https:\\\/\\\/www.cuballama.com\\\/noticias\\\/#\\\/schema\\\/logo\\\/image\\\/\",\"url\":\"https:\\\/\\\/cdn1.mediawpaccore.net\\\/wp-content\\\/uploads\\\/2021\\\/12\\\/28171206\\\/cbll-logo-color-sm.png\",\"contentUrl\":\"https:\\\/\\\/cdn1.mediawpaccore.net\\\/wp-content\\\/uploads\\\/2021\\\/12\\\/28171206\\\/cbll-logo-color-sm.png\",\"width\":600,\"height\":133,\"caption\":\"Cuballama\"},\"image\":{\"@id\":\"https:\\\/\\\/www.cuballama.com\\\/noticias\\\/#\\\/schema\\\/logo\\\/image\\\/\"},\"sameAs\":[\"https:\\\/\\\/www.facebook.com\\\/CubaLlama\",\"https:\\\/\\\/x.com\\\/cuballama\",\"https:\\\/\\\/www.instagram.com\\\/stories\\\/cuballama_oficial\\\/\",\"https:\\\/\\\/www.youtube.com\\\/channel\\\/UCKkFE-d_axENGZcrc4as0IA\"]},{\"@type\":\"Person\",\"@id\":\"https:\\\/\\\/www.cuballama.com\\\/noticias\\\/#\\\/schema\\\/person\\\/a58502ed4146c8e9f83872e897c76cd2\",\"name\":\"Roberto A.\",\"description\":\"Roberto A. Periodista por decisi\u00f3n propia. Interesado en cualquier tema que me apasione y cada vez m\u00e1s comprometido con la verdad y la objetividad period\u00edstica. Graduado en La Habana hace ya muchos a\u00f1os, luego de una accidentada y polvorienta b\u00fasqueda de informaci\u00f3n sobre un tema in\u00e9dito. La Tesis, por cierto, desapareci\u00f3 de la biblioteca y no se conservan copias de la misma.\",\"url\":\"https:\\\/\\\/www.cuballama.com\\\/noticias\\\/author\\\/roberto\\\/\"}]}<\/script>\n<!-- \/ Yoast SEO plugin. -->","yoast_head_json":{"title":"Indignaci\u00f3n por suceso fatal ocurrido en Jag\u00fcey Grande. Prefirieron grabar que intervenir y prestar ayuda - Cuballama Noticias","description":"Violento altercado frente a discoteca en Jag\u00fcey Grande deja muertos y heridos; vecinos denuncian que testigos grabaron sin intervenir.","robots":{"index":"index","follow":"follow","max-snippet":"max-snippet:-1","max-image-preview":"max-image-preview:large","max-video-preview":"max-video-preview:-1"},"canonical":"https:\/\/www.cuballama.com\/noticias\/indignacion-por-suceso-fatal-ocurrido-en-jaguey-grande-prefirieron-grabar-que-intervenir-y-prestar-ayuda\/","og_locale":"es_ES","og_type":"article","og_title":"Indignaci\u00f3n por suceso fatal ocurrido en Jag\u00fcey Grande. Prefirieron grabar que intervenir y prestar ayuda - Cuballama Noticias","og_description":"Violento altercado frente a discoteca en Jag\u00fcey Grande deja muertos y heridos; vecinos denuncian que testigos grabaron sin intervenir.","og_url":"https:\/\/www.cuballama.com\/noticias\/indignacion-por-suceso-fatal-ocurrido-en-jaguey-grande-prefirieron-grabar-que-intervenir-y-prestar-ayuda\/","og_site_name":"Cuballama Noticias","article_publisher":"https:\/\/www.facebook.com\/CubaLlama","article_published_time":"2026-03-16T14:36:12+00:00","article_modified_time":"2026-03-16T16:38:29+00:00","og_image":[{"width":1036,"height":623,"url":"https:\/\/cdn1.mediawpaccore.net\/wp-content\/uploads\/2026\/03\/16091950\/image-73.png","type":"image\/png"}],"author":"Roberto A.","twitter_card":"summary_large_image","twitter_creator":"@cuballama","twitter_site":"@cuballama","twitter_misc":{"Escrito por":"Roberto A.","Tiempo de lectura":"5 minutos"},"schema":{"@context":"https:\/\/schema.org","@graph":[{"@type":"Article","@id":"https:\/\/www.cuballama.com\/noticias\/indignacion-por-suceso-fatal-ocurrido-en-jaguey-grande-prefirieron-grabar-que-intervenir-y-prestar-ayuda\/#article","isPartOf":{"@id":"https:\/\/www.cuballama.com\/noticias\/indignacion-por-suceso-fatal-ocurrido-en-jaguey-grande-prefirieron-grabar-que-intervenir-y-prestar-ayuda\/"},"author":{"name":"Roberto A.","@id":"https:\/\/www.cuballama.com\/noticias\/#\/schema\/person\/a58502ed4146c8e9f83872e897c76cd2"},"headline":"Indignaci\u00f3n por suceso fatal ocurrido en Jag\u00fcey Grande. Prefirieron grabar que intervenir y prestar ayuda","datePublished":"2026-03-16T14:36:12+00:00","dateModified":"2026-03-16T16:38:29+00:00","mainEntityOfPage":{"@id":"https:\/\/www.cuballama.com\/noticias\/indignacion-por-suceso-fatal-ocurrido-en-jaguey-grande-prefirieron-grabar-que-intervenir-y-prestar-ayuda\/"},"wordCount":906,"commentCount":0,"publisher":{"@id":"https:\/\/www.cuballama.com\/noticias\/#organization"},"image":{"@id":"https:\/\/www.cuballama.com\/noticias\/indignacion-por-suceso-fatal-ocurrido-en-jaguey-grande-prefirieron-grabar-que-intervenir-y-prestar-ayuda\/#primaryimage"},"thumbnailUrl":"https:\/\/cdn1.mediawpaccore.net\/wp-content\/uploads\/2026\/03\/16091950\/image-73.png","keywords":["crimen en Cuba","Cuba","discoteca El Mambo","El Yimi","Jag\u00fcey Grande","Marquito el Barbero","Matanzas","violencia en Cuba"],"articleSection":["Noticias","Noticias de Cuba"],"inLanguage":"es","potentialAction":[{"@type":"CommentAction","name":"Comment","target":["https:\/\/www.cuballama.com\/noticias\/indignacion-por-suceso-fatal-ocurrido-en-jaguey-grande-prefirieron-grabar-que-intervenir-y-prestar-ayuda\/#respond"]}]},{"@type":"WebPage","@id":"https:\/\/www.cuballama.com\/noticias\/indignacion-por-suceso-fatal-ocurrido-en-jaguey-grande-prefirieron-grabar-que-intervenir-y-prestar-ayuda\/","url":"https:\/\/www.cuballama.com\/noticias\/indignacion-por-suceso-fatal-ocurrido-en-jaguey-grande-prefirieron-grabar-que-intervenir-y-prestar-ayuda\/","name":"Indignaci\u00f3n por suceso fatal ocurrido en Jag\u00fcey Grande. Prefirieron grabar que intervenir y prestar ayuda - Cuballama Noticias","isPartOf":{"@id":"https:\/\/www.cuballama.com\/noticias\/#website"},"primaryImageOfPage":{"@id":"https:\/\/www.cuballama.com\/noticias\/indignacion-por-suceso-fatal-ocurrido-en-jaguey-grande-prefirieron-grabar-que-intervenir-y-prestar-ayuda\/#primaryimage"},"image":{"@id":"https:\/\/www.cuballama.com\/noticias\/indignacion-por-suceso-fatal-ocurrido-en-jaguey-grande-prefirieron-grabar-que-intervenir-y-prestar-ayuda\/#primaryimage"},"thumbnailUrl":"https:\/\/cdn1.mediawpaccore.net\/wp-content\/uploads\/2026\/03\/16091950\/image-73.png","datePublished":"2026-03-16T14:36:12+00:00","dateModified":"2026-03-16T16:38:29+00:00","description":"Violento altercado frente a discoteca en Jag\u00fcey Grande deja muertos y heridos; vecinos denuncian que testigos grabaron sin intervenir.","breadcrumb":{"@id":"https:\/\/www.cuballama.com\/noticias\/indignacion-por-suceso-fatal-ocurrido-en-jaguey-grande-prefirieron-grabar-que-intervenir-y-prestar-ayuda\/#breadcrumb"},"inLanguage":"es","potentialAction":[{"@type":"ReadAction","target":["https:\/\/www.cuballama.com\/noticias\/indignacion-por-suceso-fatal-ocurrido-en-jaguey-grande-prefirieron-grabar-que-intervenir-y-prestar-ayuda\/"]}]},{"@type":"ImageObject","inLanguage":"es","@id":"https:\/\/www.cuballama.com\/noticias\/indignacion-por-suceso-fatal-ocurrido-en-jaguey-grande-prefirieron-grabar-que-intervenir-y-prestar-ayuda\/#primaryimage","url":"https:\/\/cdn1.mediawpaccore.net\/wp-content\/uploads\/2026\/03\/16091950\/image-73.png","contentUrl":"https:\/\/cdn1.mediawpaccore.net\/wp-content\/uploads\/2026\/03\/16091950\/image-73.png","width":1036,"height":623,"caption":"Maikel, es una de las tres v\u00edctimas del suceso. Foto: Cortes\u00eda de Niover Licea"},{"@type":"BreadcrumbList","@id":"https:\/\/www.cuballama.com\/noticias\/indignacion-por-suceso-fatal-ocurrido-en-jaguey-grande-prefirieron-grabar-que-intervenir-y-prestar-ayuda\/#breadcrumb","itemListElement":[{"@type":"ListItem","position":1,"name":"Home","item":"https:\/\/www.cuballama.com\/noticias\/"},{"@type":"ListItem","position":2,"name":"Indignaci\u00f3n por suceso fatal ocurrido en Jag\u00fcey Grande. Prefirieron grabar que intervenir y prestar ayuda"}]},{"@type":"WebSite","@id":"https:\/\/www.cuballama.com\/noticias\/#website","url":"https:\/\/www.cuballama.com\/noticias\/","name":"Cuballama Noticias","description":"Medio digital sobre Cuba y el mundo","publisher":{"@id":"https:\/\/www.cuballama.com\/noticias\/#organization"},"potentialAction":[{"@type":"SearchAction","target":{"@type":"EntryPoint","urlTemplate":"https:\/\/www.cuballama.com\/noticias\/?s={search_term_string}"},"query-input":{"@type":"PropertyValueSpecification","valueRequired":true,"valueName":"search_term_string"}}],"inLanguage":"es"},{"@type":"Organization","@id":"https:\/\/www.cuballama.com\/noticias\/#organization","name":"Cuballama","url":"https:\/\/www.cuballama.com\/noticias\/","logo":{"@type":"ImageObject","inLanguage":"es","@id":"https:\/\/www.cuballama.com\/noticias\/#\/schema\/logo\/image\/","url":"https:\/\/cdn1.mediawpaccore.net\/wp-content\/uploads\/2021\/12\/28171206\/cbll-logo-color-sm.png","contentUrl":"https:\/\/cdn1.mediawpaccore.net\/wp-content\/uploads\/2021\/12\/28171206\/cbll-logo-color-sm.png","width":600,"height":133,"caption":"Cuballama"},"image":{"@id":"https:\/\/www.cuballama.com\/noticias\/#\/schema\/logo\/image\/"},"sameAs":["https:\/\/www.facebook.com\/CubaLlama","https:\/\/x.com\/cuballama","https:\/\/www.instagram.com\/stories\/cuballama_oficial\/","https:\/\/www.youtube.com\/channel\/UCKkFE-d_axENGZcrc4as0IA"]},{"@type":"Person","@id":"https:\/\/www.cuballama.com\/noticias\/#\/schema\/person\/a58502ed4146c8e9f83872e897c76cd2","name":"Roberto A.","description":"Roberto A. Periodista por decisi\u00f3n propia. Interesado en cualquier tema que me apasione y cada vez m\u00e1s comprometido con la verdad y la objetividad period\u00edstica. Graduado en La Habana hace ya muchos a\u00f1os, luego de una accidentada y polvorienta b\u00fasqueda de informaci\u00f3n sobre un tema in\u00e9dito. La Tesis, por cierto, desapareci\u00f3 de la biblioteca y no se conservan copias de la misma.","url":"https:\/\/www.cuballama.com\/noticias\/author\/roberto\/"}]}},"_links":{"self":[{"href":"https:\/\/www.cuballama.com\/noticias\/wp-json\/wp\/v2\/posts\/238295","targetHints":{"allow":["GET"]}}],"collection":[{"href":"https:\/\/www.cuballama.com\/noticias\/wp-json\/wp\/v2\/posts"}],"about":[{"href":"https:\/\/www.cuballama.com\/noticias\/wp-json\/wp\/v2\/types\/post"}],"author":[{"embeddable":true,"href":"https:\/\/www.cuballama.com\/noticias\/wp-json\/wp\/v2\/users\/13"}],"replies":[{"embeddable":true,"href":"https:\/\/www.cuballama.com\/noticias\/wp-json\/wp\/v2\/comments?post=238295"}],"version-history":[{"count":6,"href":"https:\/\/www.cuballama.com\/noticias\/wp-json\/wp\/v2\/posts\/238295\/revisions"}],"predecessor-version":[{"id":238354,"href":"https:\/\/www.cuballama.com\/noticias\/wp-json\/wp\/v2\/posts\/238295\/revisions\/238354"}],"wp:featuredmedia":[{"embeddable":true,"href":"https:\/\/www.cuballama.com\/noticias\/wp-json\/wp\/v2\/media\/238325"}],"wp:attachment":[{"href":"https:\/\/www.cuballama.com\/noticias\/wp-json\/wp\/v2\/media?parent=238295"}],"wp:term":[{"taxonomy":"category","embeddable":true,"href":"https:\/\/www.cuballama.com\/noticias\/wp-json\/wp\/v2\/categories?post=238295"},{"taxonomy":"post_tag","embeddable":true,"href":"https:\/\/www.cuballama.com\/noticias\/wp-json\/wp\/v2\/tags?post=238295"}],"curies":[{"name":"wp","href":"https:\/\/api.w.org\/{rel}","templated":true}]}}