{"id":238285,"date":"2026-03-16T10:35:25","date_gmt":"2026-03-16T14:35:25","guid":{"rendered":"https:\/\/www.cuballama.com\/noticias\/?p=238285"},"modified":"2026-03-16T10:35:29","modified_gmt":"2026-03-16T14:35:29","slug":"fallece-pedro-alberto-bermudez-miranda-creador-y-gestor-de-la-pagina-cienfuegos-y-su-historia","status":"publish","type":"post","link":"https:\/\/www.cuballama.com\/noticias\/fallece-pedro-alberto-bermudez-miranda-creador-y-gestor-de-la-pagina-cienfuegos-y-su-historia\/","title":{"rendered":"Fallece Pedro Alberto Berm\u00fadez Miranda, creador y gestor de la p\u00e1gina \u201cCienfuegos y su Historia\u201d"},"content":{"rendered":"\n<p>Pedro Alberto Berm\u00fadez Miranda, creador de la <a href=\"https:\/\/www.facebook.com\/100064573934306\/posts\/1357343923094726\/?rdid=WagyOYsfAtnKYY6k#\" target=\"_blank\" rel=\"noreferrer noopener nofollow\">p\u00e1gina de Facebook Cienfuegos y su Historia<\/a>, falleci\u00f3 recientemente en su ciudad natal, seg\u00fan inform\u00f3 su hijo en una publicaci\u00f3n que ha generado una amplia ola de condolencias entre seguidores, amigos e instituciones vinculadas al patrimonio local.<\/p>\n\n\n\n<p>El <a href=\"https:\/\/www.facebook.com\/100064573934306\/posts\/1357343923094726\/?rdid=WagyOYsfAtnKYY6k#\" target=\"_blank\" rel=\"noreferrer noopener\">anuncio apareci\u00f3 en la propia p\u00e1gina<\/a>, espacio desde el cual Berm\u00fadez Miranda comparti\u00f3 durante a\u00f1os textos, curiosidades, im\u00e1genes y relatos sobre la historia de Cienfuegos. En el mensaje, su hijo explic\u00f3 que su padre era la persona que \u201ccon mucho amor y orgullo de cienfueguero\u201d sosten\u00eda ese trabajo de divulgaci\u00f3n, y advirti\u00f3 que probablemente esa ser\u00eda la \u00faltima publicaci\u00f3n, al no contar \u00e9l con los medios para continuar la labor. <\/p>\n\n\n\n<p>La noticia provoc\u00f3 una reacci\u00f3n inmediata de pesar entre decenas de usuarios que durante a\u00f1os siguieron la p\u00e1gina como una referencia sentimental y documental sobre la llamada Perla del Sur. Muchos de los comentarios coincidieron en destacar no solo la constancia de Berm\u00fadez Miranda, sino tambi\u00e9n el valor de su trabajo como investigador y promotor de la memoria local.<\/p>\n\n\n\n<p>Entre las reacciones m\u00e1s significativas estuvo la de Dario M\u00e9ndez, quien asegur\u00f3 haberse enterado \u201ccon gran tristeza\u201d del fallecimiento y record\u00f3 que las publicaciones diarias de Cienfuegos y su Historia constituyeron durante a\u00f1os \u201cun v\u00ednculo\u201d con su ciudad natal. M\u00e9ndez afirm\u00f3 adem\u00e1s que tuvo la oportunidad de colaborar con Berm\u00fadez Miranda en algunos temas y elogi\u00f3 en \u00e9l su rigor, al definirlo como un \u201cinvestigador serio y escrupuloso, siempre en busca de la mejor documentaci\u00f3n\u201d.<\/p>\n\n\n\n<iframe loading=\"lazy\" src=\"https:\/\/www.facebook.com\/plugins\/post.php?href=https%3A%2F%2Fwww.facebook.com%2FCienfuegosYSuHistoria%2Fposts%2Fpfbid02xj3N2UJnm9WMUYk5m5LVS2QBD2JyeK88bCi8wfeDLWoE5jusVVM3GHyy3Q5JFEeQl&#038;show_text=true&#038;width=500\" width=\"500\" height=\"324\" style=\"border:none;overflow:hidden\" scrolling=\"no\" frameborder=\"0\" allowfullscreen=\"true\" allow=\"autoplay; clipboard-write; encrypted-media; picture-in-picture; web-share\"><\/iframe>\n\n\n\n<p>Tambi\u00e9n el Archivo Hist\u00f3rico Provincial de Cienfuegos expres\u00f3 p\u00fablicamente su p\u00e9same y record\u00f3 que trabaj\u00f3 junto a \u00e9l en varias publicaciones. En otro comentario, la instituci\u00f3n agradeci\u00f3 \u201csiempre\u201d el inter\u00e9s que Berm\u00fadez Miranda mostr\u00f3 por ese archivo, una se\u00f1al del v\u00ednculo que manten\u00eda con fuentes y espacios dedicados a la preservaci\u00f3n de la historia local.<\/p>\n\n\n\n<p>Sin embargo, ninguna referencia a su fallecimiento, o su labor en pro de la memoria de la ciudad, apareci\u00f3 en la p\u00e1gina digital del diario provincial 5 de Septiembre; Radio Ciudad del Mar, emisora local; o el telecentro \u00abPerlavisi\u00f3n\u00bb; interesadas todas en hacer otros reconocimientos m\u00e1s \u00abpatri\u00f3ticos\u00bb o \u00abcultivables\u00bb en el campo agr\u00edcola. <\/p>\n\n\n\n<p>A lo largo de las respuestas, numerosos seguidores insistieron en que la p\u00e1gina hab\u00eda servido para mantener vivo el sentido de pertenencia de muchos cienfuegueros, incluidos aquellos que hoy residen fuera de Cuba. Varias personas se\u00f1alaron que, gracias a ese contenido, pudieron seguir conectadas con su ciudad, recordar barrios, sitios y episodios del pasado, o incluso descubrir datos que no conoc\u00edan.<\/p>\n\n\n\n<figure class=\"wp-block-image size-large\"><img loading=\"lazy\" decoding=\"async\" width=\"1024\" height=\"713\" src=\"https:\/\/cdn1.mediawpaccore.net\/wp-content\/uploads\/2026\/03\/16082205\/482075107_683969790973487_5723158166192156728_n-1024x713.jpg\" alt=\"\" class=\"wp-image-238289\" srcset=\"https:\/\/cdn1.mediawpaccore.net\/wp-content\/uploads\/2026\/03\/16082205\/482075107_683969790973487_5723158166192156728_n-1024x713.jpg 1024w, https:\/\/cdn1.mediawpaccore.net\/wp-content\/uploads\/2026\/03\/16082205\/482075107_683969790973487_5723158166192156728_n-300x209.jpg 300w, https:\/\/cdn1.mediawpaccore.net\/wp-content\/uploads\/2026\/03\/16082205\/482075107_683969790973487_5723158166192156728_n-768x535.jpg 768w, https:\/\/cdn1.mediawpaccore.net\/wp-content\/uploads\/2026\/03\/16082205\/482075107_683969790973487_5723158166192156728_n-1536x1069.jpg 1536w, https:\/\/cdn1.mediawpaccore.net\/wp-content\/uploads\/2026\/03\/16082205\/482075107_683969790973487_5723158166192156728_n-603x420.jpg 603w, https:\/\/cdn1.mediawpaccore.net\/wp-content\/uploads\/2026\/03\/16082205\/482075107_683969790973487_5723158166192156728_n-150x104.jpg 150w, https:\/\/cdn1.mediawpaccore.net\/wp-content\/uploads\/2026\/03\/16082205\/482075107_683969790973487_5723158166192156728_n-696x484.jpg 696w, https:\/\/cdn1.mediawpaccore.net\/wp-content\/uploads\/2026\/03\/16082205\/482075107_683969790973487_5723158166192156728_n-1068x743.jpg 1068w, https:\/\/cdn1.mediawpaccore.net\/wp-content\/uploads\/2026\/03\/16082205\/482075107_683969790973487_5723158166192156728_n.jpg 1888w\" sizes=\"auto, (max-width: 1024px) 100vw, 1024px\" \/><figcaption class=\"wp-element-caption\">Pedro Alberto Berm\u00fadez Miranda, creador de la <a href=\"https:\/\/www.facebook.com\/100064573934306\/posts\/1357343923094726\/?rdid=WagyOYsfAtnKYY6k#\" target=\"_blank\" rel=\"noreferrer noopener nofollow\">p\u00e1gina de Facebook Cienfuegos y su Historia<\/a>, junto a su hijo.<\/figcaption><\/figure>\n\n\n\n<p>Junto al duelo por su muerte apareci\u00f3 adem\u00e1s otra preocupaci\u00f3n: la posible desaparici\u00f3n de la p\u00e1gina. Algunos usuarios pidieron que no se cierre y sugirieron que otras personas puedan ayudar a sostener el proyecto como una manera de honrar su legado.<\/p>\n\n\n\n<p>La muerte de Pedro Alberto Berm\u00fadez Miranda deja as\u00ed un vac\u00edo entre quienes encontraron en Cienfuegos y su Historia algo m\u00e1s que una p\u00e1gina de redes sociales. Para muchos, fue una obra paciente de rescate de la memoria local, hecha desde el afecto por una ciudad y desde la convicci\u00f3n de que la historia tambi\u00e9n se defiende comparti\u00e9ndola. <\/p>\n","protected":false},"excerpt":{"rendered":"<p>El fallecimiento de Pedro Alberto Berm\u00fadez Miranda, impulsor de la p\u00e1gina \u201cCienfuegos y su Historia\u201d, ha generado una ola de mensajes de condolencia entre seguidores que durante a\u00f1os encontraron en sus publicaciones un v\u00ednculo con la memoria y la identidad de la ciudad.<\/p>\n","protected":false},"author":13,"featured_media":238290,"comment_status":"open","ping_status":"closed","sticky":false,"template":"","format":"standard","meta":{"_acf_changed":false,"footnotes":""},"categories":[18,955],"tags":[29,31142,1259,31141,31140,31143,25086],"class_list":{"0":"post-238285","1":"post","2":"type-post","3":"status-publish","4":"format-standard","5":"has-post-thumbnail","7":"category-noticias","8":"category-noticias-de-cuba","9":"tag-cienfuegos","10":"tag-cienfuegos-y-su-historia","11":"tag-cultura-cubana","12":"tag-historia-de-cienfuegos","13":"tag-patrimonio-de-cienfuegos","14":"tag-pedro-alberto-bermudez-miranda","15":"tag-redes-sociales-cuba"},"acf":[],"yoast_head":"<!-- This site is optimized with the Yoast SEO plugin v27.5 - https:\/\/yoast.com\/product\/yoast-seo-wordpress\/ -->\n<title>Fallece Pedro Alberto Berm\u00fadez Miranda, creador y gestor de la p\u00e1gina \u201cCienfuegos y su Historia\u201d - Cuballama Noticias<\/title>\n<meta name=\"description\" content=\"Fallece Pedro Alberto Berm\u00fadez Miranda, creador de la p\u00e1gina \u201cCienfuegos y su Historia\u201d; referente digital para los amantes de la memoria.\" \/>\n<meta name=\"robots\" content=\"index, follow, max-snippet:-1, max-image-preview:large, max-video-preview:-1\" \/>\n<link rel=\"canonical\" href=\"https:\/\/www.cuballama.com\/noticias\/fallece-pedro-alberto-bermudez-miranda-creador-y-gestor-de-la-pagina-cienfuegos-y-su-historia\/\" \/>\n<meta property=\"og:locale\" content=\"es_ES\" \/>\n<meta property=\"og:type\" content=\"article\" \/>\n<meta property=\"og:title\" content=\"Fallece Pedro Alberto Berm\u00fadez Miranda, creador y gestor de la p\u00e1gina \u201cCienfuegos y su Historia\u201d - Cuballama Noticias\" \/>\n<meta property=\"og:description\" content=\"Fallece Pedro Alberto Berm\u00fadez Miranda, creador de la p\u00e1gina \u201cCienfuegos y su Historia\u201d; referente digital para los amantes de la memoria.\" \/>\n<meta property=\"og:url\" content=\"https:\/\/www.cuballama.com\/noticias\/fallece-pedro-alberto-bermudez-miranda-creador-y-gestor-de-la-pagina-cienfuegos-y-su-historia\/\" \/>\n<meta property=\"og:site_name\" content=\"Cuballama Noticias\" \/>\n<meta property=\"article:publisher\" content=\"https:\/\/www.facebook.com\/CubaLlama\" \/>\n<meta property=\"article:published_time\" content=\"2026-03-16T14:35:25+00:00\" \/>\n<meta property=\"article:modified_time\" content=\"2026-03-16T14:35:29+00:00\" \/>\n<meta property=\"og:image\" content=\"https:\/\/cdn1.mediawpaccore.net\/wp-content\/uploads\/2026\/03\/16082313\/Pedro-Alberto-Bermudez.jpg\" \/>\n\t<meta property=\"og:image:width\" content=\"1200\" \/>\n\t<meta property=\"og:image:height\" content=\"630\" \/>\n\t<meta property=\"og:image:type\" content=\"image\/jpeg\" \/>\n<meta name=\"author\" content=\"Roberto A.\" \/>\n<meta name=\"twitter:card\" content=\"summary_large_image\" \/>\n<meta name=\"twitter:creator\" content=\"@cuballama\" \/>\n<meta name=\"twitter:site\" content=\"@cuballama\" \/>\n<meta name=\"twitter:label1\" content=\"Escrito por\" \/>\n\t<meta name=\"twitter:data1\" content=\"Roberto A.\" \/>\n\t<meta name=\"twitter:label2\" content=\"Tiempo de lectura\" \/>\n\t<meta name=\"twitter:data2\" content=\"3 minutos\" \/>\n<script type=\"application\/ld+json\" class=\"yoast-schema-graph\">{\"@context\":\"https:\\\/\\\/schema.org\",\"@graph\":[{\"@type\":\"Article\",\"@id\":\"https:\\\/\\\/www.cuballama.com\\\/noticias\\\/fallece-pedro-alberto-bermudez-miranda-creador-y-gestor-de-la-pagina-cienfuegos-y-su-historia\\\/#article\",\"isPartOf\":{\"@id\":\"https:\\\/\\\/www.cuballama.com\\\/noticias\\\/fallece-pedro-alberto-bermudez-miranda-creador-y-gestor-de-la-pagina-cienfuegos-y-su-historia\\\/\"},\"author\":{\"name\":\"Roberto A.\",\"@id\":\"https:\\\/\\\/www.cuballama.com\\\/noticias\\\/#\\\/schema\\\/person\\\/a58502ed4146c8e9f83872e897c76cd2\"},\"headline\":\"Fallece Pedro Alberto Berm\u00fadez Miranda, creador y gestor de la p\u00e1gina \u201cCienfuegos y su Historia\u201d\",\"datePublished\":\"2026-03-16T14:35:25+00:00\",\"dateModified\":\"2026-03-16T14:35:29+00:00\",\"mainEntityOfPage\":{\"@id\":\"https:\\\/\\\/www.cuballama.com\\\/noticias\\\/fallece-pedro-alberto-bermudez-miranda-creador-y-gestor-de-la-pagina-cienfuegos-y-su-historia\\\/\"},\"wordCount\":609,\"commentCount\":1,\"publisher\":{\"@id\":\"https:\\\/\\\/www.cuballama.com\\\/noticias\\\/#organization\"},\"image\":{\"@id\":\"https:\\\/\\\/www.cuballama.com\\\/noticias\\\/fallece-pedro-alberto-bermudez-miranda-creador-y-gestor-de-la-pagina-cienfuegos-y-su-historia\\\/#primaryimage\"},\"thumbnailUrl\":\"https:\\\/\\\/cdn1.mediawpaccore.net\\\/wp-content\\\/uploads\\\/2026\\\/03\\\/16082313\\\/Pedro-Alberto-Bermudez.jpg\",\"keywords\":[\"cienfuegos\",\"Cienfuegos y su Historia\",\"cultura cubana\",\"historia de Cienfuegos\",\"patrimonio de Cienfuegos\",\"Pedro Alberto Berm\u00fadez Miranda\",\"redes sociales Cuba\"],\"articleSection\":[\"Noticias\",\"Noticias de Cuba\"],\"inLanguage\":\"es\",\"potentialAction\":[{\"@type\":\"CommentAction\",\"name\":\"Comment\",\"target\":[\"https:\\\/\\\/www.cuballama.com\\\/noticias\\\/fallece-pedro-alberto-bermudez-miranda-creador-y-gestor-de-la-pagina-cienfuegos-y-su-historia\\\/#respond\"]}]},{\"@type\":\"WebPage\",\"@id\":\"https:\\\/\\\/www.cuballama.com\\\/noticias\\\/fallece-pedro-alberto-bermudez-miranda-creador-y-gestor-de-la-pagina-cienfuegos-y-su-historia\\\/\",\"url\":\"https:\\\/\\\/www.cuballama.com\\\/noticias\\\/fallece-pedro-alberto-bermudez-miranda-creador-y-gestor-de-la-pagina-cienfuegos-y-su-historia\\\/\",\"name\":\"Fallece Pedro Alberto Berm\u00fadez Miranda, creador y gestor de la p\u00e1gina \u201cCienfuegos y su Historia\u201d - Cuballama Noticias\",\"isPartOf\":{\"@id\":\"https:\\\/\\\/www.cuballama.com\\\/noticias\\\/#website\"},\"primaryImageOfPage\":{\"@id\":\"https:\\\/\\\/www.cuballama.com\\\/noticias\\\/fallece-pedro-alberto-bermudez-miranda-creador-y-gestor-de-la-pagina-cienfuegos-y-su-historia\\\/#primaryimage\"},\"image\":{\"@id\":\"https:\\\/\\\/www.cuballama.com\\\/noticias\\\/fallece-pedro-alberto-bermudez-miranda-creador-y-gestor-de-la-pagina-cienfuegos-y-su-historia\\\/#primaryimage\"},\"thumbnailUrl\":\"https:\\\/\\\/cdn1.mediawpaccore.net\\\/wp-content\\\/uploads\\\/2026\\\/03\\\/16082313\\\/Pedro-Alberto-Bermudez.jpg\",\"datePublished\":\"2026-03-16T14:35:25+00:00\",\"dateModified\":\"2026-03-16T14:35:29+00:00\",\"description\":\"Fallece Pedro Alberto Berm\u00fadez Miranda, creador de la p\u00e1gina \u201cCienfuegos y su Historia\u201d; referente digital para los amantes de la memoria.\",\"breadcrumb\":{\"@id\":\"https:\\\/\\\/www.cuballama.com\\\/noticias\\\/fallece-pedro-alberto-bermudez-miranda-creador-y-gestor-de-la-pagina-cienfuegos-y-su-historia\\\/#breadcrumb\"},\"inLanguage\":\"es\",\"potentialAction\":[{\"@type\":\"ReadAction\",\"target\":[\"https:\\\/\\\/www.cuballama.com\\\/noticias\\\/fallece-pedro-alberto-bermudez-miranda-creador-y-gestor-de-la-pagina-cienfuegos-y-su-historia\\\/\"]}]},{\"@type\":\"ImageObject\",\"inLanguage\":\"es\",\"@id\":\"https:\\\/\\\/www.cuballama.com\\\/noticias\\\/fallece-pedro-alberto-bermudez-miranda-creador-y-gestor-de-la-pagina-cienfuegos-y-su-historia\\\/#primaryimage\",\"url\":\"https:\\\/\\\/cdn1.mediawpaccore.net\\\/wp-content\\\/uploads\\\/2026\\\/03\\\/16082313\\\/Pedro-Alberto-Bermudez.jpg\",\"contentUrl\":\"https:\\\/\\\/cdn1.mediawpaccore.net\\\/wp-content\\\/uploads\\\/2026\\\/03\\\/16082313\\\/Pedro-Alberto-Bermudez.jpg\",\"width\":1200,\"height\":630,\"caption\":\"Pedro Alberto Berm\u00fadez Miranda, creador de la p\u00e1gina de Facebook Cienfuegos y su Historia, falleci\u00f3 en su ciudad natal. Foto: Via Facebook \\\/ Pedro Alberto Berm\u00fadez Miranda\"},{\"@type\":\"BreadcrumbList\",\"@id\":\"https:\\\/\\\/www.cuballama.com\\\/noticias\\\/fallece-pedro-alberto-bermudez-miranda-creador-y-gestor-de-la-pagina-cienfuegos-y-su-historia\\\/#breadcrumb\",\"itemListElement\":[{\"@type\":\"ListItem\",\"position\":1,\"name\":\"Home\",\"item\":\"https:\\\/\\\/www.cuballama.com\\\/noticias\\\/\"},{\"@type\":\"ListItem\",\"position\":2,\"name\":\"Fallece Pedro Alberto Berm\u00fadez Miranda, creador y gestor de la p\u00e1gina \u201cCienfuegos y su Historia\u201d\"}]},{\"@type\":\"WebSite\",\"@id\":\"https:\\\/\\\/www.cuballama.com\\\/noticias\\\/#website\",\"url\":\"https:\\\/\\\/www.cuballama.com\\\/noticias\\\/\",\"name\":\"Cuballama Noticias\",\"description\":\"Medio digital sobre Cuba y el mundo\",\"publisher\":{\"@id\":\"https:\\\/\\\/www.cuballama.com\\\/noticias\\\/#organization\"},\"potentialAction\":[{\"@type\":\"SearchAction\",\"target\":{\"@type\":\"EntryPoint\",\"urlTemplate\":\"https:\\\/\\\/www.cuballama.com\\\/noticias\\\/?s={search_term_string}\"},\"query-input\":{\"@type\":\"PropertyValueSpecification\",\"valueRequired\":true,\"valueName\":\"search_term_string\"}}],\"inLanguage\":\"es\"},{\"@type\":\"Organization\",\"@id\":\"https:\\\/\\\/www.cuballama.com\\\/noticias\\\/#organization\",\"name\":\"Cuballama\",\"url\":\"https:\\\/\\\/www.cuballama.com\\\/noticias\\\/\",\"logo\":{\"@type\":\"ImageObject\",\"inLanguage\":\"es\",\"@id\":\"https:\\\/\\\/www.cuballama.com\\\/noticias\\\/#\\\/schema\\\/logo\\\/image\\\/\",\"url\":\"https:\\\/\\\/cdn1.mediawpaccore.net\\\/wp-content\\\/uploads\\\/2021\\\/12\\\/28171206\\\/cbll-logo-color-sm.png\",\"contentUrl\":\"https:\\\/\\\/cdn1.mediawpaccore.net\\\/wp-content\\\/uploads\\\/2021\\\/12\\\/28171206\\\/cbll-logo-color-sm.png\",\"width\":600,\"height\":133,\"caption\":\"Cuballama\"},\"image\":{\"@id\":\"https:\\\/\\\/www.cuballama.com\\\/noticias\\\/#\\\/schema\\\/logo\\\/image\\\/\"},\"sameAs\":[\"https:\\\/\\\/www.facebook.com\\\/CubaLlama\",\"https:\\\/\\\/x.com\\\/cuballama\",\"https:\\\/\\\/www.instagram.com\\\/stories\\\/cuballama_oficial\\\/\",\"https:\\\/\\\/www.youtube.com\\\/channel\\\/UCKkFE-d_axENGZcrc4as0IA\"]},{\"@type\":\"Person\",\"@id\":\"https:\\\/\\\/www.cuballama.com\\\/noticias\\\/#\\\/schema\\\/person\\\/a58502ed4146c8e9f83872e897c76cd2\",\"name\":\"Roberto A.\",\"description\":\"Roberto A. Periodista por decisi\u00f3n propia. Interesado en cualquier tema que me apasione y cada vez m\u00e1s comprometido con la verdad y la objetividad period\u00edstica. Graduado en La Habana hace ya muchos a\u00f1os, luego de una accidentada y polvorienta b\u00fasqueda de informaci\u00f3n sobre un tema in\u00e9dito. La Tesis, por cierto, desapareci\u00f3 de la biblioteca y no se conservan copias de la misma.\",\"url\":\"https:\\\/\\\/www.cuballama.com\\\/noticias\\\/author\\\/roberto\\\/\"}]}<\/script>\n<!-- \/ Yoast SEO plugin. -->","yoast_head_json":{"title":"Fallece Pedro Alberto Berm\u00fadez Miranda, creador y gestor de la p\u00e1gina \u201cCienfuegos y su Historia\u201d - Cuballama Noticias","description":"Fallece Pedro Alberto Berm\u00fadez Miranda, creador de la p\u00e1gina \u201cCienfuegos y su Historia\u201d; referente digital para los amantes de la memoria.","robots":{"index":"index","follow":"follow","max-snippet":"max-snippet:-1","max-image-preview":"max-image-preview:large","max-video-preview":"max-video-preview:-1"},"canonical":"https:\/\/www.cuballama.com\/noticias\/fallece-pedro-alberto-bermudez-miranda-creador-y-gestor-de-la-pagina-cienfuegos-y-su-historia\/","og_locale":"es_ES","og_type":"article","og_title":"Fallece Pedro Alberto Berm\u00fadez Miranda, creador y gestor de la p\u00e1gina \u201cCienfuegos y su Historia\u201d - Cuballama Noticias","og_description":"Fallece Pedro Alberto Berm\u00fadez Miranda, creador de la p\u00e1gina \u201cCienfuegos y su Historia\u201d; referente digital para los amantes de la memoria.","og_url":"https:\/\/www.cuballama.com\/noticias\/fallece-pedro-alberto-bermudez-miranda-creador-y-gestor-de-la-pagina-cienfuegos-y-su-historia\/","og_site_name":"Cuballama Noticias","article_publisher":"https:\/\/www.facebook.com\/CubaLlama","article_published_time":"2026-03-16T14:35:25+00:00","article_modified_time":"2026-03-16T14:35:29+00:00","og_image":[{"width":1200,"height":630,"url":"https:\/\/cdn1.mediawpaccore.net\/wp-content\/uploads\/2026\/03\/16082313\/Pedro-Alberto-Bermudez.jpg","type":"image\/jpeg"}],"author":"Roberto A.","twitter_card":"summary_large_image","twitter_creator":"@cuballama","twitter_site":"@cuballama","twitter_misc":{"Escrito por":"Roberto A.","Tiempo de lectura":"3 minutos"},"schema":{"@context":"https:\/\/schema.org","@graph":[{"@type":"Article","@id":"https:\/\/www.cuballama.com\/noticias\/fallece-pedro-alberto-bermudez-miranda-creador-y-gestor-de-la-pagina-cienfuegos-y-su-historia\/#article","isPartOf":{"@id":"https:\/\/www.cuballama.com\/noticias\/fallece-pedro-alberto-bermudez-miranda-creador-y-gestor-de-la-pagina-cienfuegos-y-su-historia\/"},"author":{"name":"Roberto A.","@id":"https:\/\/www.cuballama.com\/noticias\/#\/schema\/person\/a58502ed4146c8e9f83872e897c76cd2"},"headline":"Fallece Pedro Alberto Berm\u00fadez Miranda, creador y gestor de la p\u00e1gina \u201cCienfuegos y su Historia\u201d","datePublished":"2026-03-16T14:35:25+00:00","dateModified":"2026-03-16T14:35:29+00:00","mainEntityOfPage":{"@id":"https:\/\/www.cuballama.com\/noticias\/fallece-pedro-alberto-bermudez-miranda-creador-y-gestor-de-la-pagina-cienfuegos-y-su-historia\/"},"wordCount":609,"commentCount":1,"publisher":{"@id":"https:\/\/www.cuballama.com\/noticias\/#organization"},"image":{"@id":"https:\/\/www.cuballama.com\/noticias\/fallece-pedro-alberto-bermudez-miranda-creador-y-gestor-de-la-pagina-cienfuegos-y-su-historia\/#primaryimage"},"thumbnailUrl":"https:\/\/cdn1.mediawpaccore.net\/wp-content\/uploads\/2026\/03\/16082313\/Pedro-Alberto-Bermudez.jpg","keywords":["cienfuegos","Cienfuegos y su Historia","cultura cubana","historia de Cienfuegos","patrimonio de Cienfuegos","Pedro Alberto Berm\u00fadez Miranda","redes sociales Cuba"],"articleSection":["Noticias","Noticias de Cuba"],"inLanguage":"es","potentialAction":[{"@type":"CommentAction","name":"Comment","target":["https:\/\/www.cuballama.com\/noticias\/fallece-pedro-alberto-bermudez-miranda-creador-y-gestor-de-la-pagina-cienfuegos-y-su-historia\/#respond"]}]},{"@type":"WebPage","@id":"https:\/\/www.cuballama.com\/noticias\/fallece-pedro-alberto-bermudez-miranda-creador-y-gestor-de-la-pagina-cienfuegos-y-su-historia\/","url":"https:\/\/www.cuballama.com\/noticias\/fallece-pedro-alberto-bermudez-miranda-creador-y-gestor-de-la-pagina-cienfuegos-y-su-historia\/","name":"Fallece Pedro Alberto Berm\u00fadez Miranda, creador y gestor de la p\u00e1gina \u201cCienfuegos y su Historia\u201d - Cuballama Noticias","isPartOf":{"@id":"https:\/\/www.cuballama.com\/noticias\/#website"},"primaryImageOfPage":{"@id":"https:\/\/www.cuballama.com\/noticias\/fallece-pedro-alberto-bermudez-miranda-creador-y-gestor-de-la-pagina-cienfuegos-y-su-historia\/#primaryimage"},"image":{"@id":"https:\/\/www.cuballama.com\/noticias\/fallece-pedro-alberto-bermudez-miranda-creador-y-gestor-de-la-pagina-cienfuegos-y-su-historia\/#primaryimage"},"thumbnailUrl":"https:\/\/cdn1.mediawpaccore.net\/wp-content\/uploads\/2026\/03\/16082313\/Pedro-Alberto-Bermudez.jpg","datePublished":"2026-03-16T14:35:25+00:00","dateModified":"2026-03-16T14:35:29+00:00","description":"Fallece Pedro Alberto Berm\u00fadez Miranda, creador de la p\u00e1gina \u201cCienfuegos y su Historia\u201d; referente digital para los amantes de la memoria.","breadcrumb":{"@id":"https:\/\/www.cuballama.com\/noticias\/fallece-pedro-alberto-bermudez-miranda-creador-y-gestor-de-la-pagina-cienfuegos-y-su-historia\/#breadcrumb"},"inLanguage":"es","potentialAction":[{"@type":"ReadAction","target":["https:\/\/www.cuballama.com\/noticias\/fallece-pedro-alberto-bermudez-miranda-creador-y-gestor-de-la-pagina-cienfuegos-y-su-historia\/"]}]},{"@type":"ImageObject","inLanguage":"es","@id":"https:\/\/www.cuballama.com\/noticias\/fallece-pedro-alberto-bermudez-miranda-creador-y-gestor-de-la-pagina-cienfuegos-y-su-historia\/#primaryimage","url":"https:\/\/cdn1.mediawpaccore.net\/wp-content\/uploads\/2026\/03\/16082313\/Pedro-Alberto-Bermudez.jpg","contentUrl":"https:\/\/cdn1.mediawpaccore.net\/wp-content\/uploads\/2026\/03\/16082313\/Pedro-Alberto-Bermudez.jpg","width":1200,"height":630,"caption":"Pedro Alberto Berm\u00fadez Miranda, creador de la p\u00e1gina de Facebook Cienfuegos y su Historia, falleci\u00f3 en su ciudad natal. Foto: Via Facebook \/ Pedro Alberto Berm\u00fadez Miranda"},{"@type":"BreadcrumbList","@id":"https:\/\/www.cuballama.com\/noticias\/fallece-pedro-alberto-bermudez-miranda-creador-y-gestor-de-la-pagina-cienfuegos-y-su-historia\/#breadcrumb","itemListElement":[{"@type":"ListItem","position":1,"name":"Home","item":"https:\/\/www.cuballama.com\/noticias\/"},{"@type":"ListItem","position":2,"name":"Fallece Pedro Alberto Berm\u00fadez Miranda, creador y gestor de la p\u00e1gina \u201cCienfuegos y su Historia\u201d"}]},{"@type":"WebSite","@id":"https:\/\/www.cuballama.com\/noticias\/#website","url":"https:\/\/www.cuballama.com\/noticias\/","name":"Cuballama Noticias","description":"Medio digital sobre Cuba y el mundo","publisher":{"@id":"https:\/\/www.cuballama.com\/noticias\/#organization"},"potentialAction":[{"@type":"SearchAction","target":{"@type":"EntryPoint","urlTemplate":"https:\/\/www.cuballama.com\/noticias\/?s={search_term_string}"},"query-input":{"@type":"PropertyValueSpecification","valueRequired":true,"valueName":"search_term_string"}}],"inLanguage":"es"},{"@type":"Organization","@id":"https:\/\/www.cuballama.com\/noticias\/#organization","name":"Cuballama","url":"https:\/\/www.cuballama.com\/noticias\/","logo":{"@type":"ImageObject","inLanguage":"es","@id":"https:\/\/www.cuballama.com\/noticias\/#\/schema\/logo\/image\/","url":"https:\/\/cdn1.mediawpaccore.net\/wp-content\/uploads\/2021\/12\/28171206\/cbll-logo-color-sm.png","contentUrl":"https:\/\/cdn1.mediawpaccore.net\/wp-content\/uploads\/2021\/12\/28171206\/cbll-logo-color-sm.png","width":600,"height":133,"caption":"Cuballama"},"image":{"@id":"https:\/\/www.cuballama.com\/noticias\/#\/schema\/logo\/image\/"},"sameAs":["https:\/\/www.facebook.com\/CubaLlama","https:\/\/x.com\/cuballama","https:\/\/www.instagram.com\/stories\/cuballama_oficial\/","https:\/\/www.youtube.com\/channel\/UCKkFE-d_axENGZcrc4as0IA"]},{"@type":"Person","@id":"https:\/\/www.cuballama.com\/noticias\/#\/schema\/person\/a58502ed4146c8e9f83872e897c76cd2","name":"Roberto A.","description":"Roberto A. Periodista por decisi\u00f3n propia. Interesado en cualquier tema que me apasione y cada vez m\u00e1s comprometido con la verdad y la objetividad period\u00edstica. Graduado en La Habana hace ya muchos a\u00f1os, luego de una accidentada y polvorienta b\u00fasqueda de informaci\u00f3n sobre un tema in\u00e9dito. La Tesis, por cierto, desapareci\u00f3 de la biblioteca y no se conservan copias de la misma.","url":"https:\/\/www.cuballama.com\/noticias\/author\/roberto\/"}]}},"_links":{"self":[{"href":"https:\/\/www.cuballama.com\/noticias\/wp-json\/wp\/v2\/posts\/238285","targetHints":{"allow":["GET"]}}],"collection":[{"href":"https:\/\/www.cuballama.com\/noticias\/wp-json\/wp\/v2\/posts"}],"about":[{"href":"https:\/\/www.cuballama.com\/noticias\/wp-json\/wp\/v2\/types\/post"}],"author":[{"embeddable":true,"href":"https:\/\/www.cuballama.com\/noticias\/wp-json\/wp\/v2\/users\/13"}],"replies":[{"embeddable":true,"href":"https:\/\/www.cuballama.com\/noticias\/wp-json\/wp\/v2\/comments?post=238285"}],"version-history":[{"count":4,"href":"https:\/\/www.cuballama.com\/noticias\/wp-json\/wp\/v2\/posts\/238285\/revisions"}],"predecessor-version":[{"id":238292,"href":"https:\/\/www.cuballama.com\/noticias\/wp-json\/wp\/v2\/posts\/238285\/revisions\/238292"}],"wp:featuredmedia":[{"embeddable":true,"href":"https:\/\/www.cuballama.com\/noticias\/wp-json\/wp\/v2\/media\/238290"}],"wp:attachment":[{"href":"https:\/\/www.cuballama.com\/noticias\/wp-json\/wp\/v2\/media?parent=238285"}],"wp:term":[{"taxonomy":"category","embeddable":true,"href":"https:\/\/www.cuballama.com\/noticias\/wp-json\/wp\/v2\/categories?post=238285"},{"taxonomy":"post_tag","embeddable":true,"href":"https:\/\/www.cuballama.com\/noticias\/wp-json\/wp\/v2\/tags?post=238285"}],"curies":[{"name":"wp","href":"https:\/\/api.w.org\/{rel}","templated":true}]}}