{"id":238274,"date":"2026-03-16T13:05:57","date_gmt":"2026-03-16T17:05:57","guid":{"rendered":"https:\/\/www.cuballama.com\/noticias\/?p=238274"},"modified":"2026-03-16T13:06:02","modified_gmt":"2026-03-16T17:06:02","slug":"rolando-zaldivar-cuba-necesita-libertad-pero-tambien-recuperar-los-valores-perdidos","status":"publish","type":"post","link":"https:\/\/www.cuballama.com\/noticias\/rolando-zaldivar-cuba-necesita-libertad-pero-tambien-recuperar-los-valores-perdidos\/","title":{"rendered":"Rolando Zald\u00edvar: \u201cCuba necesita libertad, pero tambi\u00e9n recuperar los valores perdidos\u201d"},"content":{"rendered":"\n<p>El locutor y presentador cubano Rolando Zald\u00edvar volvi\u00f3 a pronunciarse p\u00fablicamente sobre la situaci\u00f3n de Cuba durante una conversaci\u00f3n reciente en el espacio Conducta Dade, donde reflexion\u00f3 sobre el futuro de la isla mientras atraviesa un proceso personal de recuperaci\u00f3n y desintoxicaci\u00f3n que busca devolverlo plenamente a la vida profesional en Miami.<\/p>\n\n\n\n<p>Zald\u00edvar, una figura conocida de la radio y la televisi\u00f3n cubana en el exilio, ha sido tema de conversaci\u00f3n en los \u00faltimos meses debido al proceso de rehabilitaci\u00f3n que enfrenta tras a\u00f1os marcados por problemas con las drogas. Personas cercanas a su entorno han explicado que el objetivo de ese proceso es ayudarlo a reconstruir su vida y facilitar su reinserci\u00f3n en los medios y en el \u00e1mbito cultural de la comunidad cubana del sur de Florida. <\/p>\n\n\n\n<p>En ese contexto, durante la entrevista el comunicador no evit\u00f3 hablar sobre la realidad pol\u00edtica y social de Cuba, un tema que ha generado intensos debates dentro del exilio y entre los propios cubanos dentro de la isla.<\/p>\n\n\n\n<p>Zald\u00edvar expres\u00f3 con claridad su postura a favor de un cambio pol\u00edtico en el pa\u00eds. \u201cYo quiero la libertad de Cuba\u2026 abajo el comunismo, viva Cuba libre\u201d, dijo durante la conversaci\u00f3n. Sin embargo, inmediatamente a\u00f1adi\u00f3 un matiz que consider\u00f3 esencial: ese cambio deber\u00eda producirse mediante un proceso pac\u00edfico.<\/p>\n\n\n\n<p>\u201cPero una transici\u00f3n pac\u00edfica\u201d, subray\u00f3 el presentador, insistiendo en que la salida a la crisis cubana no deber\u00eda venir acompa\u00f1ada de violencia ni de un colapso social que termine perjudicando a\u00fan m\u00e1s a la poblaci\u00f3n.<\/p>\n\n\n\n<p>Seg\u00fan explic\u00f3, ese llamado no est\u00e1 dirigido \u00fanicamente a los cubanos, sino tambi\u00e9n a la opini\u00f3n p\u00fablica internacional, a la que pidi\u00f3 observar con atenci\u00f3n la complejidad del escenario que vive el pa\u00eds.<\/p>\n\n\n\n<p>M\u00e1s all\u00e1 del sistema pol\u00edtico, Zald\u00edvar puso el foco en un aspecto que, a su juicio, suele quedar fuera del debate: la p\u00e9rdida de valores dentro de la sociedad cubana.<\/p>\n\n\n\n<p>\u201cEl mismo comunismo hizo que se perdieran los valores\u201d, afirm\u00f3, argumentando que d\u00e9cadas de crisis, escasez y supervivencia cotidiana han terminado alterando profundamente la escala moral de la sociedad.<\/p>\n\n\n\n<p>En su an\u00e1lisis, la situaci\u00f3n actual ha generado una distorsi\u00f3n en la forma en que muchas personas perciben lo correcto y lo incorrecto. Para ilustrarlo, cit\u00f3 una idea que ha escuchado repetirse en diferentes momentos: \u201cLlegar\u00e1 el momento en que el bueno parezca malo y el malo parezca bueno\u201d.<\/p>\n\n\n\n<p>Con esa frase quiso advertir sobre lo que considera una confusi\u00f3n moral acumulada durante a\u00f1os, en la que conductas que originalmente surgieron como mecanismos de supervivencia \u2014mentir, enga\u00f1ar o buscar atajos para resolver problemas\u2014 terminan convirti\u00e9ndose en h\u00e1bitos sociales normalizados.<\/p>\n\n\n\n<p>A su juicio, ese deterioro no desaparecer\u00e1 autom\u00e1ticamente con un cambio pol\u00edtico.<\/p>\n\n\n\n<p>\u201cHay que salvar toda esa p\u00e9rdida de valores\u201d, dijo durante la conversaci\u00f3n, planteando que el futuro de Cuba requerir\u00e1 no solo reformas pol\u00edticas y econ\u00f3micas, sino tambi\u00e9n un proceso profundo de reconstrucci\u00f3n social.<\/p>\n\n\n\n<iframe loading=\"lazy\" src=\"https:\/\/www.facebook.com\/plugins\/video.php?height=476&#038;href=https%3A%2F%2Fwww.facebook.com%2Freel%2F1255763373408790%2F&#038;show_text=true&#038;width=267&#038;t=0\" width=\"267\" height=\"591\" style=\"border:none;overflow:hidden\" scrolling=\"no\" frameborder=\"0\" allowfullscreen=\"true\" allow=\"autoplay; clipboard-write; encrypted-media; picture-in-picture; web-share\" allowFullScreen=\"true\"><\/iframe>\n\n\n\n<p>Las declaraciones de Zald\u00edvar llegan en un momento en que el debate sobre el papel de los artistas, comunicadores e influencers cubanos frente a la situaci\u00f3n de la isla se ha intensificado en redes sociales, especialmente tras las recientes pol\u00e9micas que han involucrado a figuras p\u00fablicas dentro y fuera de Cuba.<\/p>\n\n\n\n<p>Aunque su intervenci\u00f3n no estuvo dirigida contra ninguna persona en particular, su reflexi\u00f3n se suma a esa conversaci\u00f3n m\u00e1s amplia sobre responsabilidad p\u00fablica, cambios pol\u00edticos y el futuro de la sociedad cubana.<\/p>\n\n\n\n<p>Mientras contin\u00faa su proceso de recuperaci\u00f3n personal, el comunicador dej\u00f3 claro que su preocupaci\u00f3n por el destino de Cuba sigue presente. Y en su visi\u00f3n, cualquier transformaci\u00f3n futura del pa\u00eds tendr\u00e1 que enfrentar un desaf\u00edo que va m\u00e1s all\u00e1 de la pol\u00edtica.<\/p>\n\n\n\n<p>Reconstruir los valores de una sociedad que, durante d\u00e9cadas, ha aprendido a sobrevivir en medio de la escasez y la incertidumbre.<\/p>\n","protected":false},"excerpt":{"rendered":"<p>El locutor cubano Rolando Zald\u00edvar habl\u00f3 sobre el futuro de Cuba durante una entrevista en Conducta Dade, donde defendi\u00f3 la libertad del pa\u00eds, pidi\u00f3 una transici\u00f3n pac\u00edfica y alert\u00f3 sobre la profunda p\u00e9rdida de valores que, a su juicio, ha provocado el sistema comunista en la sociedad cubana.<\/p>\n","protected":false},"author":13,"featured_media":238277,"comment_status":"open","ping_status":"closed","sticky":false,"template":"","format":"standard","meta":{"_acf_changed":false,"footnotes":""},"categories":[443],"tags":[31138,27162,11,8000,31136,256,31137,28898,31135],"class_list":{"0":"post-238274","1":"post","2":"type-post","3":"status-publish","4":"format-standard","5":"has-post-thumbnail","7":"category-farandula","8":"tag-comunismo-en-cuba","9":"tag-conducta-dade","10":"tag-cuba","11":"tag-exilio-cubano","12":"tag-libertad-de-cuba","13":"tag-miami","14":"tag-perdida-de-valores","15":"tag-rolando-zaldivar","16":"tag-transicion-pacifica"},"acf":[],"yoast_head":"<!-- This site is optimized with the Yoast SEO plugin v27.5 - https:\/\/yoast.com\/product\/yoast-seo-wordpress\/ -->\n<title>Rolando Zald\u00edvar: \u201cCuba necesita libertad, pero tambi\u00e9n recuperar los valores perdidos\u201d - Cuballama Noticias<\/title>\n<meta name=\"description\" content=\"Rolando Zald\u00edvar pide libertad para Cuba con transici\u00f3n pac\u00edfica y alerta sobre la p\u00e9rdida de valores en la sociedad.\" \/>\n<meta name=\"robots\" content=\"index, follow, max-snippet:-1, max-image-preview:large, max-video-preview:-1\" \/>\n<link rel=\"canonical\" href=\"https:\/\/www.cuballama.com\/noticias\/rolando-zaldivar-cuba-necesita-libertad-pero-tambien-recuperar-los-valores-perdidos\/\" \/>\n<meta property=\"og:locale\" content=\"es_ES\" \/>\n<meta property=\"og:type\" content=\"article\" \/>\n<meta property=\"og:title\" content=\"Rolando Zald\u00edvar: \u201cCuba necesita libertad, pero tambi\u00e9n recuperar los valores perdidos\u201d - Cuballama Noticias\" \/>\n<meta property=\"og:description\" content=\"Rolando Zald\u00edvar pide libertad para Cuba con transici\u00f3n pac\u00edfica y alerta sobre la p\u00e9rdida de valores en la sociedad.\" \/>\n<meta property=\"og:url\" content=\"https:\/\/www.cuballama.com\/noticias\/rolando-zaldivar-cuba-necesita-libertad-pero-tambien-recuperar-los-valores-perdidos\/\" \/>\n<meta property=\"og:site_name\" content=\"Cuballama Noticias\" \/>\n<meta property=\"article:publisher\" content=\"https:\/\/www.facebook.com\/CubaLlama\" \/>\n<meta property=\"article:published_time\" content=\"2026-03-16T17:05:57+00:00\" \/>\n<meta property=\"article:modified_time\" content=\"2026-03-16T17:06:02+00:00\" \/>\n<meta property=\"og:image\" content=\"https:\/\/cdn1.mediawpaccore.net\/wp-content\/uploads\/2026\/03\/16071640\/image-72.png\" \/>\n\t<meta property=\"og:image:width\" content=\"1970\" \/>\n\t<meta property=\"og:image:height\" content=\"1031\" \/>\n\t<meta property=\"og:image:type\" content=\"image\/png\" \/>\n<meta name=\"author\" content=\"Roberto A.\" \/>\n<meta name=\"twitter:card\" content=\"summary_large_image\" \/>\n<meta name=\"twitter:creator\" content=\"@cuballama\" \/>\n<meta name=\"twitter:site\" content=\"@cuballama\" \/>\n<meta name=\"twitter:label1\" content=\"Escrito por\" \/>\n\t<meta name=\"twitter:data1\" content=\"Roberto A.\" \/>\n\t<meta name=\"twitter:label2\" content=\"Tiempo de lectura\" \/>\n\t<meta name=\"twitter:data2\" content=\"4 minutos\" \/>\n<script type=\"application\/ld+json\" class=\"yoast-schema-graph\">{\"@context\":\"https:\\\/\\\/schema.org\",\"@graph\":[{\"@type\":\"Article\",\"@id\":\"https:\\\/\\\/www.cuballama.com\\\/noticias\\\/rolando-zaldivar-cuba-necesita-libertad-pero-tambien-recuperar-los-valores-perdidos\\\/#article\",\"isPartOf\":{\"@id\":\"https:\\\/\\\/www.cuballama.com\\\/noticias\\\/rolando-zaldivar-cuba-necesita-libertad-pero-tambien-recuperar-los-valores-perdidos\\\/\"},\"author\":{\"name\":\"Roberto A.\",\"@id\":\"https:\\\/\\\/www.cuballama.com\\\/noticias\\\/#\\\/schema\\\/person\\\/a58502ed4146c8e9f83872e897c76cd2\"},\"headline\":\"Rolando Zald\u00edvar: \u201cCuba necesita libertad, pero tambi\u00e9n recuperar los valores perdidos\u201d\",\"datePublished\":\"2026-03-16T17:05:57+00:00\",\"dateModified\":\"2026-03-16T17:06:02+00:00\",\"mainEntityOfPage\":{\"@id\":\"https:\\\/\\\/www.cuballama.com\\\/noticias\\\/rolando-zaldivar-cuba-necesita-libertad-pero-tambien-recuperar-los-valores-perdidos\\\/\"},\"wordCount\":709,\"commentCount\":0,\"publisher\":{\"@id\":\"https:\\\/\\\/www.cuballama.com\\\/noticias\\\/#organization\"},\"image\":{\"@id\":\"https:\\\/\\\/www.cuballama.com\\\/noticias\\\/rolando-zaldivar-cuba-necesita-libertad-pero-tambien-recuperar-los-valores-perdidos\\\/#primaryimage\"},\"thumbnailUrl\":\"https:\\\/\\\/cdn1.mediawpaccore.net\\\/wp-content\\\/uploads\\\/2026\\\/03\\\/16071640\\\/image-72.png\",\"keywords\":[\"comunismo en Cuba\",\"Conducta Dade\",\"Cuba\",\"Exilio Cubano\",\"libertad de Cuba\",\"Miami\",\"p\u00e9rdida de valores\",\"Rolando Zald\u00edvar\",\"transici\u00f3n pac\u00edfica\"],\"articleSection\":[\"Far\u00e1ndula\"],\"inLanguage\":\"es\",\"potentialAction\":[{\"@type\":\"CommentAction\",\"name\":\"Comment\",\"target\":[\"https:\\\/\\\/www.cuballama.com\\\/noticias\\\/rolando-zaldivar-cuba-necesita-libertad-pero-tambien-recuperar-los-valores-perdidos\\\/#respond\"]}]},{\"@type\":\"WebPage\",\"@id\":\"https:\\\/\\\/www.cuballama.com\\\/noticias\\\/rolando-zaldivar-cuba-necesita-libertad-pero-tambien-recuperar-los-valores-perdidos\\\/\",\"url\":\"https:\\\/\\\/www.cuballama.com\\\/noticias\\\/rolando-zaldivar-cuba-necesita-libertad-pero-tambien-recuperar-los-valores-perdidos\\\/\",\"name\":\"Rolando Zald\u00edvar: \u201cCuba necesita libertad, pero tambi\u00e9n recuperar los valores perdidos\u201d - Cuballama Noticias\",\"isPartOf\":{\"@id\":\"https:\\\/\\\/www.cuballama.com\\\/noticias\\\/#website\"},\"primaryImageOfPage\":{\"@id\":\"https:\\\/\\\/www.cuballama.com\\\/noticias\\\/rolando-zaldivar-cuba-necesita-libertad-pero-tambien-recuperar-los-valores-perdidos\\\/#primaryimage\"},\"image\":{\"@id\":\"https:\\\/\\\/www.cuballama.com\\\/noticias\\\/rolando-zaldivar-cuba-necesita-libertad-pero-tambien-recuperar-los-valores-perdidos\\\/#primaryimage\"},\"thumbnailUrl\":\"https:\\\/\\\/cdn1.mediawpaccore.net\\\/wp-content\\\/uploads\\\/2026\\\/03\\\/16071640\\\/image-72.png\",\"datePublished\":\"2026-03-16T17:05:57+00:00\",\"dateModified\":\"2026-03-16T17:06:02+00:00\",\"description\":\"Rolando Zald\u00edvar pide libertad para Cuba con transici\u00f3n pac\u00edfica y alerta sobre la p\u00e9rdida de valores en la sociedad.\",\"breadcrumb\":{\"@id\":\"https:\\\/\\\/www.cuballama.com\\\/noticias\\\/rolando-zaldivar-cuba-necesita-libertad-pero-tambien-recuperar-los-valores-perdidos\\\/#breadcrumb\"},\"inLanguage\":\"es\",\"potentialAction\":[{\"@type\":\"ReadAction\",\"target\":[\"https:\\\/\\\/www.cuballama.com\\\/noticias\\\/rolando-zaldivar-cuba-necesita-libertad-pero-tambien-recuperar-los-valores-perdidos\\\/\"]}]},{\"@type\":\"ImageObject\",\"inLanguage\":\"es\",\"@id\":\"https:\\\/\\\/www.cuballama.com\\\/noticias\\\/rolando-zaldivar-cuba-necesita-libertad-pero-tambien-recuperar-los-valores-perdidos\\\/#primaryimage\",\"url\":\"https:\\\/\\\/cdn1.mediawpaccore.net\\\/wp-content\\\/uploads\\\/2026\\\/03\\\/16071640\\\/image-72.png\",\"contentUrl\":\"https:\\\/\\\/cdn1.mediawpaccore.net\\\/wp-content\\\/uploads\\\/2026\\\/03\\\/16071640\\\/image-72.png\",\"width\":1970,\"height\":1031,\"caption\":\"Rolando Zald\u00edvar habla sobre Cuba y c\u00f3mo la ve en un futuro. Foto: Video Screenshot v\u00eda Conducta-Dade\"},{\"@type\":\"BreadcrumbList\",\"@id\":\"https:\\\/\\\/www.cuballama.com\\\/noticias\\\/rolando-zaldivar-cuba-necesita-libertad-pero-tambien-recuperar-los-valores-perdidos\\\/#breadcrumb\",\"itemListElement\":[{\"@type\":\"ListItem\",\"position\":1,\"name\":\"Home\",\"item\":\"https:\\\/\\\/www.cuballama.com\\\/noticias\\\/\"},{\"@type\":\"ListItem\",\"position\":2,\"name\":\"Rolando Zald\u00edvar: \u201cCuba necesita libertad, pero tambi\u00e9n recuperar los valores perdidos\u201d\"}]},{\"@type\":\"WebSite\",\"@id\":\"https:\\\/\\\/www.cuballama.com\\\/noticias\\\/#website\",\"url\":\"https:\\\/\\\/www.cuballama.com\\\/noticias\\\/\",\"name\":\"Cuballama Noticias\",\"description\":\"Medio digital sobre Cuba y el mundo\",\"publisher\":{\"@id\":\"https:\\\/\\\/www.cuballama.com\\\/noticias\\\/#organization\"},\"potentialAction\":[{\"@type\":\"SearchAction\",\"target\":{\"@type\":\"EntryPoint\",\"urlTemplate\":\"https:\\\/\\\/www.cuballama.com\\\/noticias\\\/?s={search_term_string}\"},\"query-input\":{\"@type\":\"PropertyValueSpecification\",\"valueRequired\":true,\"valueName\":\"search_term_string\"}}],\"inLanguage\":\"es\"},{\"@type\":\"Organization\",\"@id\":\"https:\\\/\\\/www.cuballama.com\\\/noticias\\\/#organization\",\"name\":\"Cuballama\",\"url\":\"https:\\\/\\\/www.cuballama.com\\\/noticias\\\/\",\"logo\":{\"@type\":\"ImageObject\",\"inLanguage\":\"es\",\"@id\":\"https:\\\/\\\/www.cuballama.com\\\/noticias\\\/#\\\/schema\\\/logo\\\/image\\\/\",\"url\":\"https:\\\/\\\/cdn1.mediawpaccore.net\\\/wp-content\\\/uploads\\\/2021\\\/12\\\/28171206\\\/cbll-logo-color-sm.png\",\"contentUrl\":\"https:\\\/\\\/cdn1.mediawpaccore.net\\\/wp-content\\\/uploads\\\/2021\\\/12\\\/28171206\\\/cbll-logo-color-sm.png\",\"width\":600,\"height\":133,\"caption\":\"Cuballama\"},\"image\":{\"@id\":\"https:\\\/\\\/www.cuballama.com\\\/noticias\\\/#\\\/schema\\\/logo\\\/image\\\/\"},\"sameAs\":[\"https:\\\/\\\/www.facebook.com\\\/CubaLlama\",\"https:\\\/\\\/x.com\\\/cuballama\",\"https:\\\/\\\/www.instagram.com\\\/stories\\\/cuballama_oficial\\\/\",\"https:\\\/\\\/www.youtube.com\\\/channel\\\/UCKkFE-d_axENGZcrc4as0IA\"]},{\"@type\":\"Person\",\"@id\":\"https:\\\/\\\/www.cuballama.com\\\/noticias\\\/#\\\/schema\\\/person\\\/a58502ed4146c8e9f83872e897c76cd2\",\"name\":\"Roberto A.\",\"description\":\"Roberto A. Periodista por decisi\u00f3n propia. Interesado en cualquier tema que me apasione y cada vez m\u00e1s comprometido con la verdad y la objetividad period\u00edstica. Graduado en La Habana hace ya muchos a\u00f1os, luego de una accidentada y polvorienta b\u00fasqueda de informaci\u00f3n sobre un tema in\u00e9dito. La Tesis, por cierto, desapareci\u00f3 de la biblioteca y no se conservan copias de la misma.\",\"url\":\"https:\\\/\\\/www.cuballama.com\\\/noticias\\\/author\\\/roberto\\\/\"}]}<\/script>\n<!-- \/ Yoast SEO plugin. -->","yoast_head_json":{"title":"Rolando Zald\u00edvar: \u201cCuba necesita libertad, pero tambi\u00e9n recuperar los valores perdidos\u201d - Cuballama Noticias","description":"Rolando Zald\u00edvar pide libertad para Cuba con transici\u00f3n pac\u00edfica y alerta sobre la p\u00e9rdida de valores en la sociedad.","robots":{"index":"index","follow":"follow","max-snippet":"max-snippet:-1","max-image-preview":"max-image-preview:large","max-video-preview":"max-video-preview:-1"},"canonical":"https:\/\/www.cuballama.com\/noticias\/rolando-zaldivar-cuba-necesita-libertad-pero-tambien-recuperar-los-valores-perdidos\/","og_locale":"es_ES","og_type":"article","og_title":"Rolando Zald\u00edvar: \u201cCuba necesita libertad, pero tambi\u00e9n recuperar los valores perdidos\u201d - Cuballama Noticias","og_description":"Rolando Zald\u00edvar pide libertad para Cuba con transici\u00f3n pac\u00edfica y alerta sobre la p\u00e9rdida de valores en la sociedad.","og_url":"https:\/\/www.cuballama.com\/noticias\/rolando-zaldivar-cuba-necesita-libertad-pero-tambien-recuperar-los-valores-perdidos\/","og_site_name":"Cuballama Noticias","article_publisher":"https:\/\/www.facebook.com\/CubaLlama","article_published_time":"2026-03-16T17:05:57+00:00","article_modified_time":"2026-03-16T17:06:02+00:00","og_image":[{"width":1970,"height":1031,"url":"https:\/\/cdn1.mediawpaccore.net\/wp-content\/uploads\/2026\/03\/16071640\/image-72.png","type":"image\/png"}],"author":"Roberto A.","twitter_card":"summary_large_image","twitter_creator":"@cuballama","twitter_site":"@cuballama","twitter_misc":{"Escrito por":"Roberto A.","Tiempo de lectura":"4 minutos"},"schema":{"@context":"https:\/\/schema.org","@graph":[{"@type":"Article","@id":"https:\/\/www.cuballama.com\/noticias\/rolando-zaldivar-cuba-necesita-libertad-pero-tambien-recuperar-los-valores-perdidos\/#article","isPartOf":{"@id":"https:\/\/www.cuballama.com\/noticias\/rolando-zaldivar-cuba-necesita-libertad-pero-tambien-recuperar-los-valores-perdidos\/"},"author":{"name":"Roberto A.","@id":"https:\/\/www.cuballama.com\/noticias\/#\/schema\/person\/a58502ed4146c8e9f83872e897c76cd2"},"headline":"Rolando Zald\u00edvar: \u201cCuba necesita libertad, pero tambi\u00e9n recuperar los valores perdidos\u201d","datePublished":"2026-03-16T17:05:57+00:00","dateModified":"2026-03-16T17:06:02+00:00","mainEntityOfPage":{"@id":"https:\/\/www.cuballama.com\/noticias\/rolando-zaldivar-cuba-necesita-libertad-pero-tambien-recuperar-los-valores-perdidos\/"},"wordCount":709,"commentCount":0,"publisher":{"@id":"https:\/\/www.cuballama.com\/noticias\/#organization"},"image":{"@id":"https:\/\/www.cuballama.com\/noticias\/rolando-zaldivar-cuba-necesita-libertad-pero-tambien-recuperar-los-valores-perdidos\/#primaryimage"},"thumbnailUrl":"https:\/\/cdn1.mediawpaccore.net\/wp-content\/uploads\/2026\/03\/16071640\/image-72.png","keywords":["comunismo en Cuba","Conducta Dade","Cuba","Exilio Cubano","libertad de Cuba","Miami","p\u00e9rdida de valores","Rolando Zald\u00edvar","transici\u00f3n pac\u00edfica"],"articleSection":["Far\u00e1ndula"],"inLanguage":"es","potentialAction":[{"@type":"CommentAction","name":"Comment","target":["https:\/\/www.cuballama.com\/noticias\/rolando-zaldivar-cuba-necesita-libertad-pero-tambien-recuperar-los-valores-perdidos\/#respond"]}]},{"@type":"WebPage","@id":"https:\/\/www.cuballama.com\/noticias\/rolando-zaldivar-cuba-necesita-libertad-pero-tambien-recuperar-los-valores-perdidos\/","url":"https:\/\/www.cuballama.com\/noticias\/rolando-zaldivar-cuba-necesita-libertad-pero-tambien-recuperar-los-valores-perdidos\/","name":"Rolando Zald\u00edvar: \u201cCuba necesita libertad, pero tambi\u00e9n recuperar los valores perdidos\u201d - Cuballama Noticias","isPartOf":{"@id":"https:\/\/www.cuballama.com\/noticias\/#website"},"primaryImageOfPage":{"@id":"https:\/\/www.cuballama.com\/noticias\/rolando-zaldivar-cuba-necesita-libertad-pero-tambien-recuperar-los-valores-perdidos\/#primaryimage"},"image":{"@id":"https:\/\/www.cuballama.com\/noticias\/rolando-zaldivar-cuba-necesita-libertad-pero-tambien-recuperar-los-valores-perdidos\/#primaryimage"},"thumbnailUrl":"https:\/\/cdn1.mediawpaccore.net\/wp-content\/uploads\/2026\/03\/16071640\/image-72.png","datePublished":"2026-03-16T17:05:57+00:00","dateModified":"2026-03-16T17:06:02+00:00","description":"Rolando Zald\u00edvar pide libertad para Cuba con transici\u00f3n pac\u00edfica y alerta sobre la p\u00e9rdida de valores en la sociedad.","breadcrumb":{"@id":"https:\/\/www.cuballama.com\/noticias\/rolando-zaldivar-cuba-necesita-libertad-pero-tambien-recuperar-los-valores-perdidos\/#breadcrumb"},"inLanguage":"es","potentialAction":[{"@type":"ReadAction","target":["https:\/\/www.cuballama.com\/noticias\/rolando-zaldivar-cuba-necesita-libertad-pero-tambien-recuperar-los-valores-perdidos\/"]}]},{"@type":"ImageObject","inLanguage":"es","@id":"https:\/\/www.cuballama.com\/noticias\/rolando-zaldivar-cuba-necesita-libertad-pero-tambien-recuperar-los-valores-perdidos\/#primaryimage","url":"https:\/\/cdn1.mediawpaccore.net\/wp-content\/uploads\/2026\/03\/16071640\/image-72.png","contentUrl":"https:\/\/cdn1.mediawpaccore.net\/wp-content\/uploads\/2026\/03\/16071640\/image-72.png","width":1970,"height":1031,"caption":"Rolando Zald\u00edvar habla sobre Cuba y c\u00f3mo la ve en un futuro. Foto: Video Screenshot v\u00eda Conducta-Dade"},{"@type":"BreadcrumbList","@id":"https:\/\/www.cuballama.com\/noticias\/rolando-zaldivar-cuba-necesita-libertad-pero-tambien-recuperar-los-valores-perdidos\/#breadcrumb","itemListElement":[{"@type":"ListItem","position":1,"name":"Home","item":"https:\/\/www.cuballama.com\/noticias\/"},{"@type":"ListItem","position":2,"name":"Rolando Zald\u00edvar: \u201cCuba necesita libertad, pero tambi\u00e9n recuperar los valores perdidos\u201d"}]},{"@type":"WebSite","@id":"https:\/\/www.cuballama.com\/noticias\/#website","url":"https:\/\/www.cuballama.com\/noticias\/","name":"Cuballama Noticias","description":"Medio digital sobre Cuba y el mundo","publisher":{"@id":"https:\/\/www.cuballama.com\/noticias\/#organization"},"potentialAction":[{"@type":"SearchAction","target":{"@type":"EntryPoint","urlTemplate":"https:\/\/www.cuballama.com\/noticias\/?s={search_term_string}"},"query-input":{"@type":"PropertyValueSpecification","valueRequired":true,"valueName":"search_term_string"}}],"inLanguage":"es"},{"@type":"Organization","@id":"https:\/\/www.cuballama.com\/noticias\/#organization","name":"Cuballama","url":"https:\/\/www.cuballama.com\/noticias\/","logo":{"@type":"ImageObject","inLanguage":"es","@id":"https:\/\/www.cuballama.com\/noticias\/#\/schema\/logo\/image\/","url":"https:\/\/cdn1.mediawpaccore.net\/wp-content\/uploads\/2021\/12\/28171206\/cbll-logo-color-sm.png","contentUrl":"https:\/\/cdn1.mediawpaccore.net\/wp-content\/uploads\/2021\/12\/28171206\/cbll-logo-color-sm.png","width":600,"height":133,"caption":"Cuballama"},"image":{"@id":"https:\/\/www.cuballama.com\/noticias\/#\/schema\/logo\/image\/"},"sameAs":["https:\/\/www.facebook.com\/CubaLlama","https:\/\/x.com\/cuballama","https:\/\/www.instagram.com\/stories\/cuballama_oficial\/","https:\/\/www.youtube.com\/channel\/UCKkFE-d_axENGZcrc4as0IA"]},{"@type":"Person","@id":"https:\/\/www.cuballama.com\/noticias\/#\/schema\/person\/a58502ed4146c8e9f83872e897c76cd2","name":"Roberto A.","description":"Roberto A. Periodista por decisi\u00f3n propia. Interesado en cualquier tema que me apasione y cada vez m\u00e1s comprometido con la verdad y la objetividad period\u00edstica. Graduado en La Habana hace ya muchos a\u00f1os, luego de una accidentada y polvorienta b\u00fasqueda de informaci\u00f3n sobre un tema in\u00e9dito. La Tesis, por cierto, desapareci\u00f3 de la biblioteca y no se conservan copias de la misma.","url":"https:\/\/www.cuballama.com\/noticias\/author\/roberto\/"}]}},"_links":{"self":[{"href":"https:\/\/www.cuballama.com\/noticias\/wp-json\/wp\/v2\/posts\/238274","targetHints":{"allow":["GET"]}}],"collection":[{"href":"https:\/\/www.cuballama.com\/noticias\/wp-json\/wp\/v2\/posts"}],"about":[{"href":"https:\/\/www.cuballama.com\/noticias\/wp-json\/wp\/v2\/types\/post"}],"author":[{"embeddable":true,"href":"https:\/\/www.cuballama.com\/noticias\/wp-json\/wp\/v2\/users\/13"}],"replies":[{"embeddable":true,"href":"https:\/\/www.cuballama.com\/noticias\/wp-json\/wp\/v2\/comments?post=238274"}],"version-history":[{"count":3,"href":"https:\/\/www.cuballama.com\/noticias\/wp-json\/wp\/v2\/posts\/238274\/revisions"}],"predecessor-version":[{"id":238278,"href":"https:\/\/www.cuballama.com\/noticias\/wp-json\/wp\/v2\/posts\/238274\/revisions\/238278"}],"wp:featuredmedia":[{"embeddable":true,"href":"https:\/\/www.cuballama.com\/noticias\/wp-json\/wp\/v2\/media\/238277"}],"wp:attachment":[{"href":"https:\/\/www.cuballama.com\/noticias\/wp-json\/wp\/v2\/media?parent=238274"}],"wp:term":[{"taxonomy":"category","embeddable":true,"href":"https:\/\/www.cuballama.com\/noticias\/wp-json\/wp\/v2\/categories?post=238274"},{"taxonomy":"post_tag","embeddable":true,"href":"https:\/\/www.cuballama.com\/noticias\/wp-json\/wp\/v2\/tags?post=238274"}],"curies":[{"name":"wp","href":"https:\/\/api.w.org\/{rel}","templated":true}]}}