{"id":238265,"date":"2026-03-16T10:36:59","date_gmt":"2026-03-16T14:36:59","guid":{"rendered":"https:\/\/www.cuballama.com\/noticias\/?p=238265"},"modified":"2026-03-16T10:37:03","modified_gmt":"2026-03-16T14:37:03","slug":"periodista-mexicano-vuelve-a-encender-la-polemica-tras-reaparicion-de-amlo-pidiendo-donaciones-para-cuba","status":"publish","type":"post","link":"https:\/\/www.cuballama.com\/noticias\/periodista-mexicano-vuelve-a-encender-la-polemica-tras-reaparicion-de-amlo-pidiendo-donaciones-para-cuba\/","title":{"rendered":"Periodista mexicano vuelve a encender la pol\u00e9mica tras reaparici\u00f3n de AMLO pidiendo donaciones para Cuba"},"content":{"rendered":"\n<p>El periodista mexicano Pedro Ferriz H\u00edjar volvi\u00f3 a encender la pol\u00e9mica en redes sociales al arremeter con dureza contra el expresidente Andr\u00e9s Manuel L\u00f3pez Obrador despu\u00e9s de que este reapareciera p\u00fablicamente para pedir donaciones destinadas a enviar ayuda humanitaria a Cuba. <\/p>\n\n\n\n<p>El comentario, difundido en plataformas digitales a trav\u00e9s de <em><a href=\"https:\/\/www.facebook.com\/reel\/26238543569119225\" target=\"_blank\" rel=\"noreferrer noopener nofollow\">Ferriz TVE<\/a><\/em>, circula bajo el encabezado \u201cReaparece AMLO. \u00bfPor qu\u00e9 no te largas a Cuba?\u201d, acompa\u00f1ado por los hashtags #ferriztve, #4t, #amlo, #diazcanel y #cuba.<\/p>\n\n\n\n<p>La reacci\u00f3n de Ferriz se produjo tras un mensaje publicado por L\u00f3pez Obrador en su cuenta de <em><a href=\"https:\/\/x.com\/lopezobrador_\/status\/2033020241391788187\" target=\"_blank\" rel=\"noreferrer noopener\">X<\/a><\/em>, donde afirm\u00f3 sentirse indignado por la situaci\u00f3n del pueblo cubano y convoc\u00f3 a realizar aportes econ\u00f3micos para financiar la compra de alimentos, medicinas y combustible destinados a la isla. El llamado fue interpretado por sus cr\u00edticos como una nueva muestra de cercan\u00eda pol\u00edtica con el gobierno cubano.<\/p>\n\n\n\n<figure class=\"wp-block-embed is-type-rich is-provider-twitter wp-block-embed-twitter\"><div class=\"wp-block-embed__wrapper\">\n<blockquote class=\"twitter-tweet\" data-width=\"550\" data-dnt=\"true\"><p lang=\"es\" dir=\"ltr\">Estoy en retiro, pero me hiere que busquen exterminar, por sus ideales de libertad y defensa de la soberan\u00eda, al hermano pueblo de Cuba. <br><br>A quienes piensan que se trata de un pleito ajeno, les recuerdo lo que dijo el general C\u00e1rdenas cuando fue la invasi\u00f3n de playa Gir\u00f3n: \u00abNo es\u2026<\/p>&mdash; Andr\u00e9s Manuel (@lopezobrador_) <a href=\"https:\/\/twitter.com\/lopezobrador_\/status\/2033020241391788187?ref_src=twsrc%5Etfw\">March 15, 2026<\/a><\/blockquote><script async src=\"https:\/\/platform.twitter.com\/widgets.js\" charset=\"utf-8\"><\/script>\n<\/div><\/figure>\n\n\n\n<p>En su video, Ferriz respondi\u00f3 con un tono extremadamente agresivo, cuestionando que el exmandatario pidiera dinero a los mexicanos para Cuba. El periodista sostuvo que, si L\u00f3pez Obrador desea ayudar al pa\u00eds caribe\u00f1o, deber\u00eda hacerlo con recursos propios o con dinero vinculado a lo que \u00e9l considera gastos excesivos y proyectos pol\u00e9micos del sexenio anterior. <\/p>\n\n\n\n<p>Durante su intervenci\u00f3n, Ferriz mencion\u00f3 iniciativas emblem\u00e1ticas del gobierno de L\u00f3pez Obrador \u2014como la vacuna Patria, la megafarmacia del Bienestar, el Tren Maya y el proyecto del Corredor Interoce\u00e1nico\u2014 para insinuar que los fondos destinados a esas obras podr\u00edan haberse utilizado para ayudar a Cuba. Tambi\u00e9n acus\u00f3 al exmandatario de mantener una relaci\u00f3n cercana con el presidente cubano Miguel D\u00edaz-Canel.<\/p>\n\n\n\n<iframe loading=\"lazy\" src=\"https:\/\/www.facebook.com\/plugins\/video.php?height=476&#038;href=https%3A%2F%2Fwww.facebook.com%2Freel%2F26238543569119225%2F&#038;show_text=true&#038;width=267&#038;t=0\" width=\"267\" height=\"591\" style=\"border:none;overflow:hidden\" scrolling=\"no\" frameborder=\"0\" allowfullscreen=\"true\" allow=\"autoplay; clipboard-write; encrypted-media; picture-in-picture; web-share\" allowFullScreen=\"true\"><\/iframe>\n\n\n\n<p>El comentario no tard\u00f3 en viralizarse en redes sociales, donde gener\u00f3 una nueva ola de reacciones divididas. Mientras algunos usuarios respaldaron el tono confrontativo del periodista, otros criticaron la virulencia del lenguaje utilizado y lo consideraron un ataque personal impropio del debate pol\u00edtico.<\/p>\n\n\n\n<p>Ferriz H\u00edjar ya hab\u00eda protagonizado recientemente otra pol\u00e9mica vinculada a Cuba cuando, en un comentario televisivo, lanz\u00f3 un insulto directo contra el embajador cubano en M\u00e9xico, Eugenio Mart\u00ednez Enr\u00edquez, en medio de una disputa medi\u00e1tica relacionada con reportajes cr\u00edticos sobre la situaci\u00f3n en la isla.<\/p>\n\n\n\n<p>M\u00e1s all\u00e1 de lo dicho por Obrador y lo dicho por Ferriz, lo cierto es que la campa\u00f1a est\u00e1 funcionando. El propio embajador Mart\u00ednez ha estado muy al tanto de las donaciones y as\u00ed lo ha estado posteando en su cuenta de Facebok.<\/p>\n\n\n\n<figure class=\"wp-block-gallery has-nested-images columns-default is-cropped wp-block-gallery-1 is-layout-flex wp-block-gallery-is-layout-flex\">\n<figure class=\"wp-block-image size-large\"><img loading=\"lazy\" decoding=\"async\" width=\"702\" height=\"1024\" data-id=\"238268\" src=\"https:\/\/cdn1.mediawpaccore.net\/wp-content\/uploads\/2026\/03\/16063247\/648297622_894097463625119_8365158923389141789_n-702x1024.jpg\" alt=\"\" class=\"wp-image-238268\" srcset=\"https:\/\/cdn1.mediawpaccore.net\/wp-content\/uploads\/2026\/03\/16063247\/648297622_894097463625119_8365158923389141789_n-702x1024.jpg 702w, https:\/\/cdn1.mediawpaccore.net\/wp-content\/uploads\/2026\/03\/16063247\/648297622_894097463625119_8365158923389141789_n-206x300.jpg 206w, https:\/\/cdn1.mediawpaccore.net\/wp-content\/uploads\/2026\/03\/16063247\/648297622_894097463625119_8365158923389141789_n-768x1121.jpg 768w, https:\/\/cdn1.mediawpaccore.net\/wp-content\/uploads\/2026\/03\/16063247\/648297622_894097463625119_8365158923389141789_n-1053x1536.jpg 1053w, https:\/\/cdn1.mediawpaccore.net\/wp-content\/uploads\/2026\/03\/16063247\/648297622_894097463625119_8365158923389141789_n-288x420.jpg 288w, https:\/\/cdn1.mediawpaccore.net\/wp-content\/uploads\/2026\/03\/16063247\/648297622_894097463625119_8365158923389141789_n-150x219.jpg 150w, https:\/\/cdn1.mediawpaccore.net\/wp-content\/uploads\/2026\/03\/16063247\/648297622_894097463625119_8365158923389141789_n-300x438.jpg 300w, https:\/\/cdn1.mediawpaccore.net\/wp-content\/uploads\/2026\/03\/16063247\/648297622_894097463625119_8365158923389141789_n-696x1016.jpg 696w, https:\/\/cdn1.mediawpaccore.net\/wp-content\/uploads\/2026\/03\/16063247\/648297622_894097463625119_8365158923389141789_n-1068x1558.jpg 1068w, https:\/\/cdn1.mediawpaccore.net\/wp-content\/uploads\/2026\/03\/16063247\/648297622_894097463625119_8365158923389141789_n.jpg 1080w\" sizes=\"auto, (max-width: 702px) 100vw, 702px\" \/><\/figure>\n\n\n\n<figure class=\"wp-block-image size-large\"><img loading=\"lazy\" decoding=\"async\" width=\"649\" height=\"1024\" data-id=\"238269\" src=\"https:\/\/cdn1.mediawpaccore.net\/wp-content\/uploads\/2026\/03\/16063248\/634205438_2149756382532855_2002055881472549213_n-649x1024.jpg\" alt=\"\" class=\"wp-image-238269\" srcset=\"https:\/\/cdn1.mediawpaccore.net\/wp-content\/uploads\/2026\/03\/16063248\/634205438_2149756382532855_2002055881472549213_n-649x1024.jpg 649w, https:\/\/cdn1.mediawpaccore.net\/wp-content\/uploads\/2026\/03\/16063248\/634205438_2149756382532855_2002055881472549213_n-190x300.jpg 190w, https:\/\/cdn1.mediawpaccore.net\/wp-content\/uploads\/2026\/03\/16063248\/634205438_2149756382532855_2002055881472549213_n-768x1211.jpg 768w, https:\/\/cdn1.mediawpaccore.net\/wp-content\/uploads\/2026\/03\/16063248\/634205438_2149756382532855_2002055881472549213_n-974x1536.jpg 974w, https:\/\/cdn1.mediawpaccore.net\/wp-content\/uploads\/2026\/03\/16063248\/634205438_2149756382532855_2002055881472549213_n-266x420.jpg 266w, https:\/\/cdn1.mediawpaccore.net\/wp-content\/uploads\/2026\/03\/16063248\/634205438_2149756382532855_2002055881472549213_n-150x237.jpg 150w, https:\/\/cdn1.mediawpaccore.net\/wp-content\/uploads\/2026\/03\/16063248\/634205438_2149756382532855_2002055881472549213_n-300x473.jpg 300w, https:\/\/cdn1.mediawpaccore.net\/wp-content\/uploads\/2026\/03\/16063248\/634205438_2149756382532855_2002055881472549213_n-696x1097.jpg 696w, https:\/\/cdn1.mediawpaccore.net\/wp-content\/uploads\/2026\/03\/16063248\/634205438_2149756382532855_2002055881472549213_n-1068x1684.jpg 1068w, https:\/\/cdn1.mediawpaccore.net\/wp-content\/uploads\/2026\/03\/16063248\/634205438_2149756382532855_2002055881472549213_n.jpg 1080w\" sizes=\"auto, (max-width: 649px) 100vw, 649px\" \/><\/figure>\n<\/figure>\n\n\n\n<p><strong>noticia relacionada: <a href=\"https:\/\/www.cuballama.com\/noticias\/wp-admin\/post.php?post=238007&amp;action=edit\">Periodista mexicano arremete contra embajador cubano y marido de la Tablada: \u201cvaya usted y chingue a su madre\u201d<\/a><\/strong><\/p>\n\n\n\n<p>La reaparici\u00f3n de L\u00f3pez Obrador y el mensaje de Ferriz evidencian, una vez m\u00e1s, el grado de polarizaci\u00f3n que sigue rodeando la figura del expresidente mexicano. A m\u00e1s de un a\u00f1o de haber dejado el cargo, su presencia p\u00fablica contin\u00faa generando reacciones intensas tanto entre sus partidarios como entre sus detractores.<\/p>\n\n\n\n<p><\/p>\n","protected":false},"excerpt":{"rendered":"<p>Pedro Ferriz H\u00edjar insult\u00f3 a AMLO tras su reaparici\u00f3n en redes para pedir donaciones destinadas a enviar ayuda humanitaria a Cuba.<\/p>\n","protected":false},"author":13,"featured_media":238270,"comment_status":"open","ping_status":"closed","sticky":false,"template":"","format":"standard","meta":{"_acf_changed":false,"footnotes":""},"categories":[18,957],"tags":[13105,11581,11,31132,31133,1324,31084],"class_list":{"0":"post-238265","1":"post","2":"type-post","3":"status-publish","4":"format-standard","5":"has-post-thumbnail","7":"category-noticias","8":"category-noticias-internacionales","9":"tag-amlo","10":"tag-andres-manuel-lopez-obrador","11":"tag-cuba","12":"tag-ferriz-tve","13":"tag-mexico-politica","14":"tag-miguel-diaz-canel","15":"tag-pedro-ferriz-hijar"},"acf":[],"yoast_head":"<!-- This site is optimized with the Yoast SEO plugin v27.5 - https:\/\/yoast.com\/product\/yoast-seo-wordpress\/ -->\n<title>Periodista mexicano vuelve a encender la pol\u00e9mica tras reaparici\u00f3n de AMLO pidiendo donaciones para Cuba - Cuballama Noticias<\/title>\n<meta name=\"description\" content=\"Periodista mexicano arremete contra AMLO tras reaparecer pidiendo donaciones para enviar ayuda humanitaria a Cuba.\" \/>\n<meta name=\"robots\" content=\"index, follow, max-snippet:-1, max-image-preview:large, max-video-preview:-1\" \/>\n<link rel=\"canonical\" href=\"https:\/\/www.cuballama.com\/noticias\/periodista-mexicano-vuelve-a-encender-la-polemica-tras-reaparicion-de-amlo-pidiendo-donaciones-para-cuba\/\" \/>\n<meta property=\"og:locale\" content=\"es_ES\" \/>\n<meta property=\"og:type\" content=\"article\" \/>\n<meta property=\"og:title\" content=\"Periodista mexicano vuelve a encender la pol\u00e9mica tras reaparici\u00f3n de AMLO pidiendo donaciones para Cuba - Cuballama Noticias\" \/>\n<meta property=\"og:description\" content=\"Periodista mexicano arremete contra AMLO tras reaparecer pidiendo donaciones para enviar ayuda humanitaria a Cuba.\" \/>\n<meta property=\"og:url\" content=\"https:\/\/www.cuballama.com\/noticias\/periodista-mexicano-vuelve-a-encender-la-polemica-tras-reaparicion-de-amlo-pidiendo-donaciones-para-cuba\/\" \/>\n<meta property=\"og:site_name\" content=\"Cuballama Noticias\" \/>\n<meta property=\"article:publisher\" content=\"https:\/\/www.facebook.com\/CubaLlama\" \/>\n<meta property=\"article:published_time\" content=\"2026-03-16T14:36:59+00:00\" \/>\n<meta property=\"article:modified_time\" content=\"2026-03-16T14:37:03+00:00\" \/>\n<meta property=\"og:image\" content=\"https:\/\/cdn1.mediawpaccore.net\/wp-content\/uploads\/2026\/03\/16063429\/image-71.png\" \/>\n\t<meta property=\"og:image:width\" content=\"1973\" \/>\n\t<meta property=\"og:image:height\" content=\"1038\" \/>\n\t<meta property=\"og:image:type\" content=\"image\/png\" \/>\n<meta name=\"author\" content=\"Roberto A.\" \/>\n<meta name=\"twitter:card\" content=\"summary_large_image\" \/>\n<meta name=\"twitter:creator\" content=\"@cuballama\" \/>\n<meta name=\"twitter:site\" content=\"@cuballama\" \/>\n<meta name=\"twitter:label1\" content=\"Escrito por\" \/>\n\t<meta name=\"twitter:data1\" content=\"Roberto A.\" \/>\n\t<meta name=\"twitter:label2\" content=\"Tiempo de lectura\" \/>\n\t<meta name=\"twitter:data2\" content=\"3 minutos\" \/>\n<script type=\"application\/ld+json\" class=\"yoast-schema-graph\">{\"@context\":\"https:\\\/\\\/schema.org\",\"@graph\":[{\"@type\":\"Article\",\"@id\":\"https:\\\/\\\/www.cuballama.com\\\/noticias\\\/periodista-mexicano-vuelve-a-encender-la-polemica-tras-reaparicion-de-amlo-pidiendo-donaciones-para-cuba\\\/#article\",\"isPartOf\":{\"@id\":\"https:\\\/\\\/www.cuballama.com\\\/noticias\\\/periodista-mexicano-vuelve-a-encender-la-polemica-tras-reaparicion-de-amlo-pidiendo-donaciones-para-cuba\\\/\"},\"author\":{\"name\":\"Roberto A.\",\"@id\":\"https:\\\/\\\/www.cuballama.com\\\/noticias\\\/#\\\/schema\\\/person\\\/a58502ed4146c8e9f83872e897c76cd2\"},\"headline\":\"Periodista mexicano vuelve a encender la pol\u00e9mica tras reaparici\u00f3n de AMLO pidiendo donaciones para Cuba\",\"datePublished\":\"2026-03-16T14:36:59+00:00\",\"dateModified\":\"2026-03-16T14:37:03+00:00\",\"mainEntityOfPage\":{\"@id\":\"https:\\\/\\\/www.cuballama.com\\\/noticias\\\/periodista-mexicano-vuelve-a-encender-la-polemica-tras-reaparicion-de-amlo-pidiendo-donaciones-para-cuba\\\/\"},\"wordCount\":528,\"commentCount\":0,\"publisher\":{\"@id\":\"https:\\\/\\\/www.cuballama.com\\\/noticias\\\/#organization\"},\"image\":{\"@id\":\"https:\\\/\\\/www.cuballama.com\\\/noticias\\\/periodista-mexicano-vuelve-a-encender-la-polemica-tras-reaparicion-de-amlo-pidiendo-donaciones-para-cuba\\\/#primaryimage\"},\"thumbnailUrl\":\"https:\\\/\\\/cdn1.mediawpaccore.net\\\/wp-content\\\/uploads\\\/2026\\\/03\\\/16063429\\\/image-71.png\",\"keywords\":[\"AMLO\",\"Andr\u00e9s Manuel L\u00f3pez Obrador\",\"Cuba\",\"Ferriz TVE\",\"M\u00e9xico pol\u00edtica\",\"Miguel D\u00edaz-Canel\",\"Pedro Ferriz Hijar\"],\"articleSection\":[\"Noticias\",\"Noticias Internacionales\"],\"inLanguage\":\"es\",\"potentialAction\":[{\"@type\":\"CommentAction\",\"name\":\"Comment\",\"target\":[\"https:\\\/\\\/www.cuballama.com\\\/noticias\\\/periodista-mexicano-vuelve-a-encender-la-polemica-tras-reaparicion-de-amlo-pidiendo-donaciones-para-cuba\\\/#respond\"]}]},{\"@type\":\"WebPage\",\"@id\":\"https:\\\/\\\/www.cuballama.com\\\/noticias\\\/periodista-mexicano-vuelve-a-encender-la-polemica-tras-reaparicion-de-amlo-pidiendo-donaciones-para-cuba\\\/\",\"url\":\"https:\\\/\\\/www.cuballama.com\\\/noticias\\\/periodista-mexicano-vuelve-a-encender-la-polemica-tras-reaparicion-de-amlo-pidiendo-donaciones-para-cuba\\\/\",\"name\":\"Periodista mexicano vuelve a encender la pol\u00e9mica tras reaparici\u00f3n de AMLO pidiendo donaciones para Cuba - Cuballama Noticias\",\"isPartOf\":{\"@id\":\"https:\\\/\\\/www.cuballama.com\\\/noticias\\\/#website\"},\"primaryImageOfPage\":{\"@id\":\"https:\\\/\\\/www.cuballama.com\\\/noticias\\\/periodista-mexicano-vuelve-a-encender-la-polemica-tras-reaparicion-de-amlo-pidiendo-donaciones-para-cuba\\\/#primaryimage\"},\"image\":{\"@id\":\"https:\\\/\\\/www.cuballama.com\\\/noticias\\\/periodista-mexicano-vuelve-a-encender-la-polemica-tras-reaparicion-de-amlo-pidiendo-donaciones-para-cuba\\\/#primaryimage\"},\"thumbnailUrl\":\"https:\\\/\\\/cdn1.mediawpaccore.net\\\/wp-content\\\/uploads\\\/2026\\\/03\\\/16063429\\\/image-71.png\",\"datePublished\":\"2026-03-16T14:36:59+00:00\",\"dateModified\":\"2026-03-16T14:37:03+00:00\",\"description\":\"Periodista mexicano arremete contra AMLO tras reaparecer pidiendo donaciones para enviar ayuda humanitaria a Cuba.\",\"breadcrumb\":{\"@id\":\"https:\\\/\\\/www.cuballama.com\\\/noticias\\\/periodista-mexicano-vuelve-a-encender-la-polemica-tras-reaparicion-de-amlo-pidiendo-donaciones-para-cuba\\\/#breadcrumb\"},\"inLanguage\":\"es\",\"potentialAction\":[{\"@type\":\"ReadAction\",\"target\":[\"https:\\\/\\\/www.cuballama.com\\\/noticias\\\/periodista-mexicano-vuelve-a-encender-la-polemica-tras-reaparicion-de-amlo-pidiendo-donaciones-para-cuba\\\/\"]}]},{\"@type\":\"ImageObject\",\"inLanguage\":\"es\",\"@id\":\"https:\\\/\\\/www.cuballama.com\\\/noticias\\\/periodista-mexicano-vuelve-a-encender-la-polemica-tras-reaparicion-de-amlo-pidiendo-donaciones-para-cuba\\\/#primaryimage\",\"url\":\"https:\\\/\\\/cdn1.mediawpaccore.net\\\/wp-content\\\/uploads\\\/2026\\\/03\\\/16063429\\\/image-71.png\",\"contentUrl\":\"https:\\\/\\\/cdn1.mediawpaccore.net\\\/wp-content\\\/uploads\\\/2026\\\/03\\\/16063429\\\/image-71.png\",\"width\":1973,\"height\":1038,\"caption\":\"Captura de video de Pedro Ferriz H\u00edjar junto a una fotograf\u00eda de Andr\u00e9s Manuel L\u00f3pez Obrador tomada en la Casa Blanca el 8 de julio de 2020. Foto de AMLO: Tia Dufour \\\/ The White House, dominio p\u00fablico.\"},{\"@type\":\"BreadcrumbList\",\"@id\":\"https:\\\/\\\/www.cuballama.com\\\/noticias\\\/periodista-mexicano-vuelve-a-encender-la-polemica-tras-reaparicion-de-amlo-pidiendo-donaciones-para-cuba\\\/#breadcrumb\",\"itemListElement\":[{\"@type\":\"ListItem\",\"position\":1,\"name\":\"Home\",\"item\":\"https:\\\/\\\/www.cuballama.com\\\/noticias\\\/\"},{\"@type\":\"ListItem\",\"position\":2,\"name\":\"Periodista mexicano vuelve a encender la pol\u00e9mica tras reaparici\u00f3n de AMLO pidiendo donaciones para Cuba\"}]},{\"@type\":\"WebSite\",\"@id\":\"https:\\\/\\\/www.cuballama.com\\\/noticias\\\/#website\",\"url\":\"https:\\\/\\\/www.cuballama.com\\\/noticias\\\/\",\"name\":\"Cuballama Noticias\",\"description\":\"Medio digital sobre Cuba y el mundo\",\"publisher\":{\"@id\":\"https:\\\/\\\/www.cuballama.com\\\/noticias\\\/#organization\"},\"potentialAction\":[{\"@type\":\"SearchAction\",\"target\":{\"@type\":\"EntryPoint\",\"urlTemplate\":\"https:\\\/\\\/www.cuballama.com\\\/noticias\\\/?s={search_term_string}\"},\"query-input\":{\"@type\":\"PropertyValueSpecification\",\"valueRequired\":true,\"valueName\":\"search_term_string\"}}],\"inLanguage\":\"es\"},{\"@type\":\"Organization\",\"@id\":\"https:\\\/\\\/www.cuballama.com\\\/noticias\\\/#organization\",\"name\":\"Cuballama\",\"url\":\"https:\\\/\\\/www.cuballama.com\\\/noticias\\\/\",\"logo\":{\"@type\":\"ImageObject\",\"inLanguage\":\"es\",\"@id\":\"https:\\\/\\\/www.cuballama.com\\\/noticias\\\/#\\\/schema\\\/logo\\\/image\\\/\",\"url\":\"https:\\\/\\\/cdn1.mediawpaccore.net\\\/wp-content\\\/uploads\\\/2021\\\/12\\\/28171206\\\/cbll-logo-color-sm.png\",\"contentUrl\":\"https:\\\/\\\/cdn1.mediawpaccore.net\\\/wp-content\\\/uploads\\\/2021\\\/12\\\/28171206\\\/cbll-logo-color-sm.png\",\"width\":600,\"height\":133,\"caption\":\"Cuballama\"},\"image\":{\"@id\":\"https:\\\/\\\/www.cuballama.com\\\/noticias\\\/#\\\/schema\\\/logo\\\/image\\\/\"},\"sameAs\":[\"https:\\\/\\\/www.facebook.com\\\/CubaLlama\",\"https:\\\/\\\/x.com\\\/cuballama\",\"https:\\\/\\\/www.instagram.com\\\/stories\\\/cuballama_oficial\\\/\",\"https:\\\/\\\/www.youtube.com\\\/channel\\\/UCKkFE-d_axENGZcrc4as0IA\"]},{\"@type\":\"Person\",\"@id\":\"https:\\\/\\\/www.cuballama.com\\\/noticias\\\/#\\\/schema\\\/person\\\/a58502ed4146c8e9f83872e897c76cd2\",\"name\":\"Roberto A.\",\"description\":\"Roberto A. Periodista por decisi\u00f3n propia. Interesado en cualquier tema que me apasione y cada vez m\u00e1s comprometido con la verdad y la objetividad period\u00edstica. Graduado en La Habana hace ya muchos a\u00f1os, luego de una accidentada y polvorienta b\u00fasqueda de informaci\u00f3n sobre un tema in\u00e9dito. La Tesis, por cierto, desapareci\u00f3 de la biblioteca y no se conservan copias de la misma.\",\"url\":\"https:\\\/\\\/www.cuballama.com\\\/noticias\\\/author\\\/roberto\\\/\"}]}<\/script>\n<!-- \/ Yoast SEO plugin. -->","yoast_head_json":{"title":"Periodista mexicano vuelve a encender la pol\u00e9mica tras reaparici\u00f3n de AMLO pidiendo donaciones para Cuba - Cuballama Noticias","description":"Periodista mexicano arremete contra AMLO tras reaparecer pidiendo donaciones para enviar ayuda humanitaria a Cuba.","robots":{"index":"index","follow":"follow","max-snippet":"max-snippet:-1","max-image-preview":"max-image-preview:large","max-video-preview":"max-video-preview:-1"},"canonical":"https:\/\/www.cuballama.com\/noticias\/periodista-mexicano-vuelve-a-encender-la-polemica-tras-reaparicion-de-amlo-pidiendo-donaciones-para-cuba\/","og_locale":"es_ES","og_type":"article","og_title":"Periodista mexicano vuelve a encender la pol\u00e9mica tras reaparici\u00f3n de AMLO pidiendo donaciones para Cuba - Cuballama Noticias","og_description":"Periodista mexicano arremete contra AMLO tras reaparecer pidiendo donaciones para enviar ayuda humanitaria a Cuba.","og_url":"https:\/\/www.cuballama.com\/noticias\/periodista-mexicano-vuelve-a-encender-la-polemica-tras-reaparicion-de-amlo-pidiendo-donaciones-para-cuba\/","og_site_name":"Cuballama Noticias","article_publisher":"https:\/\/www.facebook.com\/CubaLlama","article_published_time":"2026-03-16T14:36:59+00:00","article_modified_time":"2026-03-16T14:37:03+00:00","og_image":[{"width":1973,"height":1038,"url":"https:\/\/cdn1.mediawpaccore.net\/wp-content\/uploads\/2026\/03\/16063429\/image-71.png","type":"image\/png"}],"author":"Roberto A.","twitter_card":"summary_large_image","twitter_creator":"@cuballama","twitter_site":"@cuballama","twitter_misc":{"Escrito por":"Roberto A.","Tiempo de lectura":"3 minutos"},"schema":{"@context":"https:\/\/schema.org","@graph":[{"@type":"Article","@id":"https:\/\/www.cuballama.com\/noticias\/periodista-mexicano-vuelve-a-encender-la-polemica-tras-reaparicion-de-amlo-pidiendo-donaciones-para-cuba\/#article","isPartOf":{"@id":"https:\/\/www.cuballama.com\/noticias\/periodista-mexicano-vuelve-a-encender-la-polemica-tras-reaparicion-de-amlo-pidiendo-donaciones-para-cuba\/"},"author":{"name":"Roberto A.","@id":"https:\/\/www.cuballama.com\/noticias\/#\/schema\/person\/a58502ed4146c8e9f83872e897c76cd2"},"headline":"Periodista mexicano vuelve a encender la pol\u00e9mica tras reaparici\u00f3n de AMLO pidiendo donaciones para Cuba","datePublished":"2026-03-16T14:36:59+00:00","dateModified":"2026-03-16T14:37:03+00:00","mainEntityOfPage":{"@id":"https:\/\/www.cuballama.com\/noticias\/periodista-mexicano-vuelve-a-encender-la-polemica-tras-reaparicion-de-amlo-pidiendo-donaciones-para-cuba\/"},"wordCount":528,"commentCount":0,"publisher":{"@id":"https:\/\/www.cuballama.com\/noticias\/#organization"},"image":{"@id":"https:\/\/www.cuballama.com\/noticias\/periodista-mexicano-vuelve-a-encender-la-polemica-tras-reaparicion-de-amlo-pidiendo-donaciones-para-cuba\/#primaryimage"},"thumbnailUrl":"https:\/\/cdn1.mediawpaccore.net\/wp-content\/uploads\/2026\/03\/16063429\/image-71.png","keywords":["AMLO","Andr\u00e9s Manuel L\u00f3pez Obrador","Cuba","Ferriz TVE","M\u00e9xico pol\u00edtica","Miguel D\u00edaz-Canel","Pedro Ferriz Hijar"],"articleSection":["Noticias","Noticias Internacionales"],"inLanguage":"es","potentialAction":[{"@type":"CommentAction","name":"Comment","target":["https:\/\/www.cuballama.com\/noticias\/periodista-mexicano-vuelve-a-encender-la-polemica-tras-reaparicion-de-amlo-pidiendo-donaciones-para-cuba\/#respond"]}]},{"@type":"WebPage","@id":"https:\/\/www.cuballama.com\/noticias\/periodista-mexicano-vuelve-a-encender-la-polemica-tras-reaparicion-de-amlo-pidiendo-donaciones-para-cuba\/","url":"https:\/\/www.cuballama.com\/noticias\/periodista-mexicano-vuelve-a-encender-la-polemica-tras-reaparicion-de-amlo-pidiendo-donaciones-para-cuba\/","name":"Periodista mexicano vuelve a encender la pol\u00e9mica tras reaparici\u00f3n de AMLO pidiendo donaciones para Cuba - Cuballama Noticias","isPartOf":{"@id":"https:\/\/www.cuballama.com\/noticias\/#website"},"primaryImageOfPage":{"@id":"https:\/\/www.cuballama.com\/noticias\/periodista-mexicano-vuelve-a-encender-la-polemica-tras-reaparicion-de-amlo-pidiendo-donaciones-para-cuba\/#primaryimage"},"image":{"@id":"https:\/\/www.cuballama.com\/noticias\/periodista-mexicano-vuelve-a-encender-la-polemica-tras-reaparicion-de-amlo-pidiendo-donaciones-para-cuba\/#primaryimage"},"thumbnailUrl":"https:\/\/cdn1.mediawpaccore.net\/wp-content\/uploads\/2026\/03\/16063429\/image-71.png","datePublished":"2026-03-16T14:36:59+00:00","dateModified":"2026-03-16T14:37:03+00:00","description":"Periodista mexicano arremete contra AMLO tras reaparecer pidiendo donaciones para enviar ayuda humanitaria a Cuba.","breadcrumb":{"@id":"https:\/\/www.cuballama.com\/noticias\/periodista-mexicano-vuelve-a-encender-la-polemica-tras-reaparicion-de-amlo-pidiendo-donaciones-para-cuba\/#breadcrumb"},"inLanguage":"es","potentialAction":[{"@type":"ReadAction","target":["https:\/\/www.cuballama.com\/noticias\/periodista-mexicano-vuelve-a-encender-la-polemica-tras-reaparicion-de-amlo-pidiendo-donaciones-para-cuba\/"]}]},{"@type":"ImageObject","inLanguage":"es","@id":"https:\/\/www.cuballama.com\/noticias\/periodista-mexicano-vuelve-a-encender-la-polemica-tras-reaparicion-de-amlo-pidiendo-donaciones-para-cuba\/#primaryimage","url":"https:\/\/cdn1.mediawpaccore.net\/wp-content\/uploads\/2026\/03\/16063429\/image-71.png","contentUrl":"https:\/\/cdn1.mediawpaccore.net\/wp-content\/uploads\/2026\/03\/16063429\/image-71.png","width":1973,"height":1038,"caption":"Captura de video de Pedro Ferriz H\u00edjar junto a una fotograf\u00eda de Andr\u00e9s Manuel L\u00f3pez Obrador tomada en la Casa Blanca el 8 de julio de 2020. Foto de AMLO: Tia Dufour \/ The White House, dominio p\u00fablico."},{"@type":"BreadcrumbList","@id":"https:\/\/www.cuballama.com\/noticias\/periodista-mexicano-vuelve-a-encender-la-polemica-tras-reaparicion-de-amlo-pidiendo-donaciones-para-cuba\/#breadcrumb","itemListElement":[{"@type":"ListItem","position":1,"name":"Home","item":"https:\/\/www.cuballama.com\/noticias\/"},{"@type":"ListItem","position":2,"name":"Periodista mexicano vuelve a encender la pol\u00e9mica tras reaparici\u00f3n de AMLO pidiendo donaciones para Cuba"}]},{"@type":"WebSite","@id":"https:\/\/www.cuballama.com\/noticias\/#website","url":"https:\/\/www.cuballama.com\/noticias\/","name":"Cuballama Noticias","description":"Medio digital sobre Cuba y el mundo","publisher":{"@id":"https:\/\/www.cuballama.com\/noticias\/#organization"},"potentialAction":[{"@type":"SearchAction","target":{"@type":"EntryPoint","urlTemplate":"https:\/\/www.cuballama.com\/noticias\/?s={search_term_string}"},"query-input":{"@type":"PropertyValueSpecification","valueRequired":true,"valueName":"search_term_string"}}],"inLanguage":"es"},{"@type":"Organization","@id":"https:\/\/www.cuballama.com\/noticias\/#organization","name":"Cuballama","url":"https:\/\/www.cuballama.com\/noticias\/","logo":{"@type":"ImageObject","inLanguage":"es","@id":"https:\/\/www.cuballama.com\/noticias\/#\/schema\/logo\/image\/","url":"https:\/\/cdn1.mediawpaccore.net\/wp-content\/uploads\/2021\/12\/28171206\/cbll-logo-color-sm.png","contentUrl":"https:\/\/cdn1.mediawpaccore.net\/wp-content\/uploads\/2021\/12\/28171206\/cbll-logo-color-sm.png","width":600,"height":133,"caption":"Cuballama"},"image":{"@id":"https:\/\/www.cuballama.com\/noticias\/#\/schema\/logo\/image\/"},"sameAs":["https:\/\/www.facebook.com\/CubaLlama","https:\/\/x.com\/cuballama","https:\/\/www.instagram.com\/stories\/cuballama_oficial\/","https:\/\/www.youtube.com\/channel\/UCKkFE-d_axENGZcrc4as0IA"]},{"@type":"Person","@id":"https:\/\/www.cuballama.com\/noticias\/#\/schema\/person\/a58502ed4146c8e9f83872e897c76cd2","name":"Roberto A.","description":"Roberto A. Periodista por decisi\u00f3n propia. Interesado en cualquier tema que me apasione y cada vez m\u00e1s comprometido con la verdad y la objetividad period\u00edstica. Graduado en La Habana hace ya muchos a\u00f1os, luego de una accidentada y polvorienta b\u00fasqueda de informaci\u00f3n sobre un tema in\u00e9dito. La Tesis, por cierto, desapareci\u00f3 de la biblioteca y no se conservan copias de la misma.","url":"https:\/\/www.cuballama.com\/noticias\/author\/roberto\/"}]}},"_links":{"self":[{"href":"https:\/\/www.cuballama.com\/noticias\/wp-json\/wp\/v2\/posts\/238265","targetHints":{"allow":["GET"]}}],"collection":[{"href":"https:\/\/www.cuballama.com\/noticias\/wp-json\/wp\/v2\/posts"}],"about":[{"href":"https:\/\/www.cuballama.com\/noticias\/wp-json\/wp\/v2\/types\/post"}],"author":[{"embeddable":true,"href":"https:\/\/www.cuballama.com\/noticias\/wp-json\/wp\/v2\/users\/13"}],"replies":[{"embeddable":true,"href":"https:\/\/www.cuballama.com\/noticias\/wp-json\/wp\/v2\/comments?post=238265"}],"version-history":[{"count":3,"href":"https:\/\/www.cuballama.com\/noticias\/wp-json\/wp\/v2\/posts\/238265\/revisions"}],"predecessor-version":[{"id":238271,"href":"https:\/\/www.cuballama.com\/noticias\/wp-json\/wp\/v2\/posts\/238265\/revisions\/238271"}],"wp:featuredmedia":[{"embeddable":true,"href":"https:\/\/www.cuballama.com\/noticias\/wp-json\/wp\/v2\/media\/238270"}],"wp:attachment":[{"href":"https:\/\/www.cuballama.com\/noticias\/wp-json\/wp\/v2\/media?parent=238265"}],"wp:term":[{"taxonomy":"category","embeddable":true,"href":"https:\/\/www.cuballama.com\/noticias\/wp-json\/wp\/v2\/categories?post=238265"},{"taxonomy":"post_tag","embeddable":true,"href":"https:\/\/www.cuballama.com\/noticias\/wp-json\/wp\/v2\/tags?post=238265"}],"curies":[{"name":"wp","href":"https:\/\/api.w.org\/{rel}","templated":true}]}}