{"id":238238,"date":"2026-03-16T06:00:00","date_gmt":"2026-03-16T10:00:00","guid":{"rendered":"https:\/\/www.cuballama.com\/noticias\/?p=238238"},"modified":"2026-03-16T19:13:18","modified_gmt":"2026-03-16T23:13:18","slug":"trump-vuelve-a-hablar-de-cuba-llegaremos-a-un-acuerdo-o-haremos-lo-que-tengamos-que-hacer","status":"publish","type":"post","link":"https:\/\/www.cuballama.com\/noticias\/trump-vuelve-a-hablar-de-cuba-llegaremos-a-un-acuerdo-o-haremos-lo-que-tengamos-que-hacer\/","title":{"rendered":"Trump vuelve a hablar de Cuba: \u201cLlegaremos a un acuerdo o haremos lo que tengamos que hacer\u201d"},"content":{"rendered":"\n<p>El presidente Donald Trump asegur\u00f3 este domingo que Estados Unidos podr\u00eda llegar a un acuerdo con Cuba o tomar otro tipo de medidas para lograr un cambio en la isla.<\/p>\n\n\n\n<p>\u201cCuba tambi\u00e9n quiere llegar a un acuerdo, y creo que muy pronto llegaremos a un acuerdo o haremos lo que tengamos que hacer\u201d, dijo Trump a los periodistas en el Air Force One.&nbsp;<\/p>\n\n\n\n<p>\u201cHan estado esperando 50 a\u00f1os a ver qu\u00e9 pasa con Cuba. As\u00ed que creo que algo suceder\u00e1 con Cuba muy pronto\u201d, indic\u00f3.<\/p>\n\n\n\n<p>No obstante, el mandatario insisti\u00f3 en que la atenci\u00f3n de su Administraci\u00f3n se centrar\u00e1 en la isla una vez que termine el conflicto con Ir\u00e1n.<\/p>\n\n\n\n<iframe loading=\"lazy\" src=\"https:\/\/www.facebook.com\/plugins\/video.php?height=314&#038;href=https%3A%2F%2Fwww.facebook.com%2Freel%2F3424663111016438%2F&#038;show_text=true&#038;width=560&#038;t=0\" width=\"560\" height=\"429\" style=\"border:none;overflow:hidden\" scrolling=\"no\" frameborder=\"0\" allowfullscreen=\"true\" allow=\"autoplay; clipboard-write; encrypted-media; picture-in-picture; web-share\" allowFullScreen=\"true\"><\/iframe>\n\n\n\n<p>\u201cEstamos hablando con Cuba, pero vamos a tratar con Ir\u00e1n antes que con Cuba\u201d, se\u00f1al\u00f3 al respecto.<\/p>\n\n\n\n<p>Las declaraciones se producen en un momento de alta tensi\u00f3n entre Washington y La Habana, marcado por el bloqueo petrolero impuesto por Trump, que ha agravado una de las peores crisis econ\u00f3micas en d\u00e9cadas.<\/p>\n\n\n\n<p>Por su parte, el gobernante cubano, Miguel D\u00edaz-Canel, afirm\u00f3 el viernes que la isla mantiene conversaciones con Estados Unidos, algo que ya Trump hab\u00eda adelantado, pero que La Habana hab\u00eda negado hasta el momento.<\/p>\n\n\n\n<p>Se trata de un di\u00e1logo que tiene como objetivo \u201cencontrar soluciones\u201d a \u201clas diferencias bilaterales que tenemos entre las dos naciones\u201d, declar\u00f3 D\u00edaz-Canel entonces.<\/p>\n\n\n\n<blockquote class=\"twitter-tweet\"><p lang=\"en\" dir=\"ltr\">&quot;Cuba also wants to make a deal, and I think we will pretty soon either make a deal or do whatever we have to do,&quot; Trump told reporters on March 15. <a href=\"https:\/\/t.co\/XidnRB9SQF\">https:\/\/t.co\/XidnRB9SQF<\/a><\/p>&mdash; USA TODAY (@USATODAY) <a href=\"https:\/\/twitter.com\/USATODAY\/status\/2033441914012205181?ref_src=twsrc%5Etfw\">March 16, 2026<\/a><\/blockquote> <script async src=\"https:\/\/platform.twitter.com\/widgets.js\" charset=\"utf-8\"><\/script>\n\n\n\n<p>De igual manera, Trump ha amenazado con tomar el control de Cuba de forma \u201camistosa o no\u201d, aunque la pasada semana descart\u00f3 p\u00fablicamente <a href=\"https:\/\/www.cuballama.com\/noticias\/analista-cree-que-a-ee-uu-no-le-quedara-mas-remedio-que-una-operacion-militar-en-cuba\/?srsltid=AfmBOoqF0MPl0vIRfZT5_60iOwS5DNt_PYvb898bg9o3SmEUkFomURzw\" target=\"_blank\" rel=\"noreferrer noopener\">acciones militares directas contra la isla<\/a>.<\/p>\n\n\n\n<p>En las \u00faltimas semanas, Trump ha recalcado que Cuba est\u00e1 al borde del colapso o con ganas de llegar a un acuerdo con Estados Unidos. En tal sentido, el l\u00edder republicano ha insistido en que el r\u00e9gimen comunista caer\u00e1 \u201cmuy pronto\u201d porque el pa\u00eds \u201cest\u00e1 en ruinas\u201d.<\/p>\n\n\n\n<p>Un reporte publicado <a href=\"https:\/\/www.cuballama.com\/noticias\/revelan-detalles-del-plan-de-rubio-para-acabar-con-el-regimen-cubano-esta-donde-queremos-que-este\/?srsltid=ARcRdnqRcDmZeuWDVnJfrAg2edF8FYL8GrgVcWney6al-WACf1ngyuRi\" target=\"_blank\" rel=\"noreferrer noopener\">esta semana<\/a> por <em>Daily Mail<\/em> confirm\u00f3 que la actual administraci\u00f3n esta apostando por la presi\u00f3n econ\u00f3mica como herramienta para lograr un cambio de r\u00e9gimen.<\/p>\n\n\n\n<p><\/p>\n","protected":false},"excerpt":{"rendered":"<p>El presidente se pronunci\u00f3 sobre la isla luego de que Miguel D\u00edaz-Canel reconociera que existen conversaciones con Washington. <\/p>\n","protected":false},"author":30,"featured_media":238241,"comment_status":"open","ping_status":"closed","sticky":false,"template":"","format":"standard","meta":{"_acf_changed":false,"footnotes":""},"categories":[18,955],"tags":[5404,10867,941,700,24118],"class_list":{"0":"post-238238","1":"post","2":"type-post","3":"status-publish","4":"format-standard","5":"has-post-thumbnail","7":"category-noticias","8":"category-noticias-de-cuba","9":"tag-administracion-trump","10":"tag-crisis-en-cuba","11":"tag-destacado","12":"tag-donald-trump","13":"tag-relaciones-cuba-ee-uu"},"acf":[],"yoast_head":"<!-- This site is optimized with the Yoast SEO plugin v27.5 - https:\/\/yoast.com\/product\/yoast-seo-wordpress\/ -->\n<title>Trump vuelve a hablar de Cuba: \u201cLlegaremos a un acuerdo o haremos lo que tengamos que hacer\u201d - Cuballama Noticias<\/title>\n<meta name=\"description\" content=\"El presidente Donald Trump dijo que EE.UU. podr\u00eda llegar a un acuerdo con Cuba o tomar otro tipo de medidas para lograr un cambio en la isla.\" \/>\n<meta name=\"robots\" content=\"index, follow, max-snippet:-1, max-image-preview:large, max-video-preview:-1\" \/>\n<link rel=\"canonical\" href=\"https:\/\/www.cuballama.com\/noticias\/trump-vuelve-a-hablar-de-cuba-llegaremos-a-un-acuerdo-o-haremos-lo-que-tengamos-que-hacer\/\" \/>\n<meta property=\"og:locale\" content=\"es_ES\" \/>\n<meta property=\"og:type\" content=\"article\" \/>\n<meta property=\"og:title\" content=\"Trump vuelve a hablar de Cuba: \u201cLlegaremos a un acuerdo o haremos lo que tengamos que hacer\u201d - Cuballama Noticias\" \/>\n<meta property=\"og:description\" content=\"El presidente Donald Trump dijo que EE.UU. podr\u00eda llegar a un acuerdo con Cuba o tomar otro tipo de medidas para lograr un cambio en la isla.\" \/>\n<meta property=\"og:url\" content=\"https:\/\/www.cuballama.com\/noticias\/trump-vuelve-a-hablar-de-cuba-llegaremos-a-un-acuerdo-o-haremos-lo-que-tengamos-que-hacer\/\" \/>\n<meta property=\"og:site_name\" content=\"Cuballama Noticias\" \/>\n<meta property=\"article:publisher\" content=\"https:\/\/www.facebook.com\/CubaLlama\" \/>\n<meta property=\"article:published_time\" content=\"2026-03-16T10:00:00+00:00\" \/>\n<meta property=\"article:modified_time\" content=\"2026-03-16T23:13:18+00:00\" \/>\n<meta property=\"og:image\" content=\"https:\/\/cdn1.mediawpaccore.net\/wp-content\/uploads\/2026\/03\/15233444\/Captura-de-pantalla_15-3-2026_233317_www.instagram.com_.jpg\" \/>\n\t<meta property=\"og:image:width\" content=\"1200\" \/>\n\t<meta property=\"og:image:height\" content=\"630\" \/>\n\t<meta property=\"og:image:type\" content=\"image\/jpeg\" \/>\n<meta name=\"author\" content=\"Kathy\" \/>\n<meta name=\"twitter:card\" content=\"summary_large_image\" \/>\n<meta name=\"twitter:creator\" content=\"@cuballama\" \/>\n<meta name=\"twitter:site\" content=\"@cuballama\" \/>\n<meta name=\"twitter:label1\" content=\"Escrito por\" \/>\n\t<meta name=\"twitter:data1\" content=\"Kathy\" \/>\n\t<meta name=\"twitter:label2\" content=\"Tiempo de lectura\" \/>\n\t<meta name=\"twitter:data2\" content=\"2 minutos\" \/>\n<script type=\"application\/ld+json\" class=\"yoast-schema-graph\">{\"@context\":\"https:\\\/\\\/schema.org\",\"@graph\":[{\"@type\":\"Article\",\"@id\":\"https:\\\/\\\/www.cuballama.com\\\/noticias\\\/trump-vuelve-a-hablar-de-cuba-llegaremos-a-un-acuerdo-o-haremos-lo-que-tengamos-que-hacer\\\/#article\",\"isPartOf\":{\"@id\":\"https:\\\/\\\/www.cuballama.com\\\/noticias\\\/trump-vuelve-a-hablar-de-cuba-llegaremos-a-un-acuerdo-o-haremos-lo-que-tengamos-que-hacer\\\/\"},\"author\":{\"name\":\"Kathy\",\"@id\":\"https:\\\/\\\/www.cuballama.com\\\/noticias\\\/#\\\/schema\\\/person\\\/86cd3e3f4974437f031211213bf892d5\"},\"headline\":\"Trump vuelve a hablar de Cuba: \u201cLlegaremos a un acuerdo o haremos lo que tengamos que hacer\u201d\",\"datePublished\":\"2026-03-16T10:00:00+00:00\",\"dateModified\":\"2026-03-16T23:13:18+00:00\",\"mainEntityOfPage\":{\"@id\":\"https:\\\/\\\/www.cuballama.com\\\/noticias\\\/trump-vuelve-a-hablar-de-cuba-llegaremos-a-un-acuerdo-o-haremos-lo-que-tengamos-que-hacer\\\/\"},\"wordCount\":405,\"commentCount\":0,\"publisher\":{\"@id\":\"https:\\\/\\\/www.cuballama.com\\\/noticias\\\/#organization\"},\"image\":{\"@id\":\"https:\\\/\\\/www.cuballama.com\\\/noticias\\\/trump-vuelve-a-hablar-de-cuba-llegaremos-a-un-acuerdo-o-haremos-lo-que-tengamos-que-hacer\\\/#primaryimage\"},\"thumbnailUrl\":\"https:\\\/\\\/cdn1.mediawpaccore.net\\\/wp-content\\\/uploads\\\/2026\\\/03\\\/15233444\\\/Captura-de-pantalla_15-3-2026_233317_www.instagram.com_.jpg\",\"keywords\":[\"administraci\u00f3n Trump\",\"Crisis en Cuba\",\"destacado\",\"Donald Trump\",\"relaciones Cuba-EE.UU.\"],\"articleSection\":[\"Noticias\",\"Noticias de Cuba\"],\"inLanguage\":\"es\",\"potentialAction\":[{\"@type\":\"CommentAction\",\"name\":\"Comment\",\"target\":[\"https:\\\/\\\/www.cuballama.com\\\/noticias\\\/trump-vuelve-a-hablar-de-cuba-llegaremos-a-un-acuerdo-o-haremos-lo-que-tengamos-que-hacer\\\/#respond\"]}]},{\"@type\":\"WebPage\",\"@id\":\"https:\\\/\\\/www.cuballama.com\\\/noticias\\\/trump-vuelve-a-hablar-de-cuba-llegaremos-a-un-acuerdo-o-haremos-lo-que-tengamos-que-hacer\\\/\",\"url\":\"https:\\\/\\\/www.cuballama.com\\\/noticias\\\/trump-vuelve-a-hablar-de-cuba-llegaremos-a-un-acuerdo-o-haremos-lo-que-tengamos-que-hacer\\\/\",\"name\":\"Trump vuelve a hablar de Cuba: \u201cLlegaremos a un acuerdo o haremos lo que tengamos que hacer\u201d - Cuballama Noticias\",\"isPartOf\":{\"@id\":\"https:\\\/\\\/www.cuballama.com\\\/noticias\\\/#website\"},\"primaryImageOfPage\":{\"@id\":\"https:\\\/\\\/www.cuballama.com\\\/noticias\\\/trump-vuelve-a-hablar-de-cuba-llegaremos-a-un-acuerdo-o-haremos-lo-que-tengamos-que-hacer\\\/#primaryimage\"},\"image\":{\"@id\":\"https:\\\/\\\/www.cuballama.com\\\/noticias\\\/trump-vuelve-a-hablar-de-cuba-llegaremos-a-un-acuerdo-o-haremos-lo-que-tengamos-que-hacer\\\/#primaryimage\"},\"thumbnailUrl\":\"https:\\\/\\\/cdn1.mediawpaccore.net\\\/wp-content\\\/uploads\\\/2026\\\/03\\\/15233444\\\/Captura-de-pantalla_15-3-2026_233317_www.instagram.com_.jpg\",\"datePublished\":\"2026-03-16T10:00:00+00:00\",\"dateModified\":\"2026-03-16T23:13:18+00:00\",\"description\":\"El presidente Donald Trump dijo que EE.UU. podr\u00eda llegar a un acuerdo con Cuba o tomar otro tipo de medidas para lograr un cambio en la isla.\",\"breadcrumb\":{\"@id\":\"https:\\\/\\\/www.cuballama.com\\\/noticias\\\/trump-vuelve-a-hablar-de-cuba-llegaremos-a-un-acuerdo-o-haremos-lo-que-tengamos-que-hacer\\\/#breadcrumb\"},\"inLanguage\":\"es\",\"potentialAction\":[{\"@type\":\"ReadAction\",\"target\":[\"https:\\\/\\\/www.cuballama.com\\\/noticias\\\/trump-vuelve-a-hablar-de-cuba-llegaremos-a-un-acuerdo-o-haremos-lo-que-tengamos-que-hacer\\\/\"]}]},{\"@type\":\"ImageObject\",\"inLanguage\":\"es\",\"@id\":\"https:\\\/\\\/www.cuballama.com\\\/noticias\\\/trump-vuelve-a-hablar-de-cuba-llegaremos-a-un-acuerdo-o-haremos-lo-que-tengamos-que-hacer\\\/#primaryimage\",\"url\":\"https:\\\/\\\/cdn1.mediawpaccore.net\\\/wp-content\\\/uploads\\\/2026\\\/03\\\/15233444\\\/Captura-de-pantalla_15-3-2026_233317_www.instagram.com_.jpg\",\"contentUrl\":\"https:\\\/\\\/cdn1.mediawpaccore.net\\\/wp-content\\\/uploads\\\/2026\\\/03\\\/15233444\\\/Captura-de-pantalla_15-3-2026_233317_www.instagram.com_.jpg\",\"width\":1200,\"height\":630,\"caption\":\"Donald Trump. Foto: Instagram\\\/Donald Trump.\"},{\"@type\":\"BreadcrumbList\",\"@id\":\"https:\\\/\\\/www.cuballama.com\\\/noticias\\\/trump-vuelve-a-hablar-de-cuba-llegaremos-a-un-acuerdo-o-haremos-lo-que-tengamos-que-hacer\\\/#breadcrumb\",\"itemListElement\":[{\"@type\":\"ListItem\",\"position\":1,\"name\":\"Home\",\"item\":\"https:\\\/\\\/www.cuballama.com\\\/noticias\\\/\"},{\"@type\":\"ListItem\",\"position\":2,\"name\":\"Trump vuelve a hablar de Cuba: \u201cLlegaremos a un acuerdo o haremos lo que tengamos que hacer\u201d\"}]},{\"@type\":\"WebSite\",\"@id\":\"https:\\\/\\\/www.cuballama.com\\\/noticias\\\/#website\",\"url\":\"https:\\\/\\\/www.cuballama.com\\\/noticias\\\/\",\"name\":\"Cuballama Noticias\",\"description\":\"Medio digital sobre Cuba y el mundo\",\"publisher\":{\"@id\":\"https:\\\/\\\/www.cuballama.com\\\/noticias\\\/#organization\"},\"potentialAction\":[{\"@type\":\"SearchAction\",\"target\":{\"@type\":\"EntryPoint\",\"urlTemplate\":\"https:\\\/\\\/www.cuballama.com\\\/noticias\\\/?s={search_term_string}\"},\"query-input\":{\"@type\":\"PropertyValueSpecification\",\"valueRequired\":true,\"valueName\":\"search_term_string\"}}],\"inLanguage\":\"es\"},{\"@type\":\"Organization\",\"@id\":\"https:\\\/\\\/www.cuballama.com\\\/noticias\\\/#organization\",\"name\":\"Cuballama\",\"url\":\"https:\\\/\\\/www.cuballama.com\\\/noticias\\\/\",\"logo\":{\"@type\":\"ImageObject\",\"inLanguage\":\"es\",\"@id\":\"https:\\\/\\\/www.cuballama.com\\\/noticias\\\/#\\\/schema\\\/logo\\\/image\\\/\",\"url\":\"https:\\\/\\\/cdn1.mediawpaccore.net\\\/wp-content\\\/uploads\\\/2021\\\/12\\\/28171206\\\/cbll-logo-color-sm.png\",\"contentUrl\":\"https:\\\/\\\/cdn1.mediawpaccore.net\\\/wp-content\\\/uploads\\\/2021\\\/12\\\/28171206\\\/cbll-logo-color-sm.png\",\"width\":600,\"height\":133,\"caption\":\"Cuballama\"},\"image\":{\"@id\":\"https:\\\/\\\/www.cuballama.com\\\/noticias\\\/#\\\/schema\\\/logo\\\/image\\\/\"},\"sameAs\":[\"https:\\\/\\\/www.facebook.com\\\/CubaLlama\",\"https:\\\/\\\/x.com\\\/cuballama\",\"https:\\\/\\\/www.instagram.com\\\/stories\\\/cuballama_oficial\\\/\",\"https:\\\/\\\/www.youtube.com\\\/channel\\\/UCKkFE-d_axENGZcrc4as0IA\"]},{\"@type\":\"Person\",\"@id\":\"https:\\\/\\\/www.cuballama.com\\\/noticias\\\/#\\\/schema\\\/person\\\/86cd3e3f4974437f031211213bf892d5\",\"name\":\"Kathy\",\"url\":\"https:\\\/\\\/www.cuballama.com\\\/noticias\\\/author\\\/kathy\\\/\"}]}<\/script>\n<!-- \/ Yoast SEO plugin. -->","yoast_head_json":{"title":"Trump vuelve a hablar de Cuba: \u201cLlegaremos a un acuerdo o haremos lo que tengamos que hacer\u201d - Cuballama Noticias","description":"El presidente Donald Trump dijo que EE.UU. podr\u00eda llegar a un acuerdo con Cuba o tomar otro tipo de medidas para lograr un cambio en la isla.","robots":{"index":"index","follow":"follow","max-snippet":"max-snippet:-1","max-image-preview":"max-image-preview:large","max-video-preview":"max-video-preview:-1"},"canonical":"https:\/\/www.cuballama.com\/noticias\/trump-vuelve-a-hablar-de-cuba-llegaremos-a-un-acuerdo-o-haremos-lo-que-tengamos-que-hacer\/","og_locale":"es_ES","og_type":"article","og_title":"Trump vuelve a hablar de Cuba: \u201cLlegaremos a un acuerdo o haremos lo que tengamos que hacer\u201d - Cuballama Noticias","og_description":"El presidente Donald Trump dijo que EE.UU. podr\u00eda llegar a un acuerdo con Cuba o tomar otro tipo de medidas para lograr un cambio en la isla.","og_url":"https:\/\/www.cuballama.com\/noticias\/trump-vuelve-a-hablar-de-cuba-llegaremos-a-un-acuerdo-o-haremos-lo-que-tengamos-que-hacer\/","og_site_name":"Cuballama Noticias","article_publisher":"https:\/\/www.facebook.com\/CubaLlama","article_published_time":"2026-03-16T10:00:00+00:00","article_modified_time":"2026-03-16T23:13:18+00:00","og_image":[{"width":1200,"height":630,"url":"https:\/\/cdn1.mediawpaccore.net\/wp-content\/uploads\/2026\/03\/15233444\/Captura-de-pantalla_15-3-2026_233317_www.instagram.com_.jpg","type":"image\/jpeg"}],"author":"Kathy","twitter_card":"summary_large_image","twitter_creator":"@cuballama","twitter_site":"@cuballama","twitter_misc":{"Escrito por":"Kathy","Tiempo de lectura":"2 minutos"},"schema":{"@context":"https:\/\/schema.org","@graph":[{"@type":"Article","@id":"https:\/\/www.cuballama.com\/noticias\/trump-vuelve-a-hablar-de-cuba-llegaremos-a-un-acuerdo-o-haremos-lo-que-tengamos-que-hacer\/#article","isPartOf":{"@id":"https:\/\/www.cuballama.com\/noticias\/trump-vuelve-a-hablar-de-cuba-llegaremos-a-un-acuerdo-o-haremos-lo-que-tengamos-que-hacer\/"},"author":{"name":"Kathy","@id":"https:\/\/www.cuballama.com\/noticias\/#\/schema\/person\/86cd3e3f4974437f031211213bf892d5"},"headline":"Trump vuelve a hablar de Cuba: \u201cLlegaremos a un acuerdo o haremos lo que tengamos que hacer\u201d","datePublished":"2026-03-16T10:00:00+00:00","dateModified":"2026-03-16T23:13:18+00:00","mainEntityOfPage":{"@id":"https:\/\/www.cuballama.com\/noticias\/trump-vuelve-a-hablar-de-cuba-llegaremos-a-un-acuerdo-o-haremos-lo-que-tengamos-que-hacer\/"},"wordCount":405,"commentCount":0,"publisher":{"@id":"https:\/\/www.cuballama.com\/noticias\/#organization"},"image":{"@id":"https:\/\/www.cuballama.com\/noticias\/trump-vuelve-a-hablar-de-cuba-llegaremos-a-un-acuerdo-o-haremos-lo-que-tengamos-que-hacer\/#primaryimage"},"thumbnailUrl":"https:\/\/cdn1.mediawpaccore.net\/wp-content\/uploads\/2026\/03\/15233444\/Captura-de-pantalla_15-3-2026_233317_www.instagram.com_.jpg","keywords":["administraci\u00f3n Trump","Crisis en Cuba","destacado","Donald Trump","relaciones Cuba-EE.UU."],"articleSection":["Noticias","Noticias de Cuba"],"inLanguage":"es","potentialAction":[{"@type":"CommentAction","name":"Comment","target":["https:\/\/www.cuballama.com\/noticias\/trump-vuelve-a-hablar-de-cuba-llegaremos-a-un-acuerdo-o-haremos-lo-que-tengamos-que-hacer\/#respond"]}]},{"@type":"WebPage","@id":"https:\/\/www.cuballama.com\/noticias\/trump-vuelve-a-hablar-de-cuba-llegaremos-a-un-acuerdo-o-haremos-lo-que-tengamos-que-hacer\/","url":"https:\/\/www.cuballama.com\/noticias\/trump-vuelve-a-hablar-de-cuba-llegaremos-a-un-acuerdo-o-haremos-lo-que-tengamos-que-hacer\/","name":"Trump vuelve a hablar de Cuba: \u201cLlegaremos a un acuerdo o haremos lo que tengamos que hacer\u201d - Cuballama Noticias","isPartOf":{"@id":"https:\/\/www.cuballama.com\/noticias\/#website"},"primaryImageOfPage":{"@id":"https:\/\/www.cuballama.com\/noticias\/trump-vuelve-a-hablar-de-cuba-llegaremos-a-un-acuerdo-o-haremos-lo-que-tengamos-que-hacer\/#primaryimage"},"image":{"@id":"https:\/\/www.cuballama.com\/noticias\/trump-vuelve-a-hablar-de-cuba-llegaremos-a-un-acuerdo-o-haremos-lo-que-tengamos-que-hacer\/#primaryimage"},"thumbnailUrl":"https:\/\/cdn1.mediawpaccore.net\/wp-content\/uploads\/2026\/03\/15233444\/Captura-de-pantalla_15-3-2026_233317_www.instagram.com_.jpg","datePublished":"2026-03-16T10:00:00+00:00","dateModified":"2026-03-16T23:13:18+00:00","description":"El presidente Donald Trump dijo que EE.UU. podr\u00eda llegar a un acuerdo con Cuba o tomar otro tipo de medidas para lograr un cambio en la isla.","breadcrumb":{"@id":"https:\/\/www.cuballama.com\/noticias\/trump-vuelve-a-hablar-de-cuba-llegaremos-a-un-acuerdo-o-haremos-lo-que-tengamos-que-hacer\/#breadcrumb"},"inLanguage":"es","potentialAction":[{"@type":"ReadAction","target":["https:\/\/www.cuballama.com\/noticias\/trump-vuelve-a-hablar-de-cuba-llegaremos-a-un-acuerdo-o-haremos-lo-que-tengamos-que-hacer\/"]}]},{"@type":"ImageObject","inLanguage":"es","@id":"https:\/\/www.cuballama.com\/noticias\/trump-vuelve-a-hablar-de-cuba-llegaremos-a-un-acuerdo-o-haremos-lo-que-tengamos-que-hacer\/#primaryimage","url":"https:\/\/cdn1.mediawpaccore.net\/wp-content\/uploads\/2026\/03\/15233444\/Captura-de-pantalla_15-3-2026_233317_www.instagram.com_.jpg","contentUrl":"https:\/\/cdn1.mediawpaccore.net\/wp-content\/uploads\/2026\/03\/15233444\/Captura-de-pantalla_15-3-2026_233317_www.instagram.com_.jpg","width":1200,"height":630,"caption":"Donald Trump. Foto: Instagram\/Donald Trump."},{"@type":"BreadcrumbList","@id":"https:\/\/www.cuballama.com\/noticias\/trump-vuelve-a-hablar-de-cuba-llegaremos-a-un-acuerdo-o-haremos-lo-que-tengamos-que-hacer\/#breadcrumb","itemListElement":[{"@type":"ListItem","position":1,"name":"Home","item":"https:\/\/www.cuballama.com\/noticias\/"},{"@type":"ListItem","position":2,"name":"Trump vuelve a hablar de Cuba: \u201cLlegaremos a un acuerdo o haremos lo que tengamos que hacer\u201d"}]},{"@type":"WebSite","@id":"https:\/\/www.cuballama.com\/noticias\/#website","url":"https:\/\/www.cuballama.com\/noticias\/","name":"Cuballama Noticias","description":"Medio digital sobre Cuba y el mundo","publisher":{"@id":"https:\/\/www.cuballama.com\/noticias\/#organization"},"potentialAction":[{"@type":"SearchAction","target":{"@type":"EntryPoint","urlTemplate":"https:\/\/www.cuballama.com\/noticias\/?s={search_term_string}"},"query-input":{"@type":"PropertyValueSpecification","valueRequired":true,"valueName":"search_term_string"}}],"inLanguage":"es"},{"@type":"Organization","@id":"https:\/\/www.cuballama.com\/noticias\/#organization","name":"Cuballama","url":"https:\/\/www.cuballama.com\/noticias\/","logo":{"@type":"ImageObject","inLanguage":"es","@id":"https:\/\/www.cuballama.com\/noticias\/#\/schema\/logo\/image\/","url":"https:\/\/cdn1.mediawpaccore.net\/wp-content\/uploads\/2021\/12\/28171206\/cbll-logo-color-sm.png","contentUrl":"https:\/\/cdn1.mediawpaccore.net\/wp-content\/uploads\/2021\/12\/28171206\/cbll-logo-color-sm.png","width":600,"height":133,"caption":"Cuballama"},"image":{"@id":"https:\/\/www.cuballama.com\/noticias\/#\/schema\/logo\/image\/"},"sameAs":["https:\/\/www.facebook.com\/CubaLlama","https:\/\/x.com\/cuballama","https:\/\/www.instagram.com\/stories\/cuballama_oficial\/","https:\/\/www.youtube.com\/channel\/UCKkFE-d_axENGZcrc4as0IA"]},{"@type":"Person","@id":"https:\/\/www.cuballama.com\/noticias\/#\/schema\/person\/86cd3e3f4974437f031211213bf892d5","name":"Kathy","url":"https:\/\/www.cuballama.com\/noticias\/author\/kathy\/"}]}},"_links":{"self":[{"href":"https:\/\/www.cuballama.com\/noticias\/wp-json\/wp\/v2\/posts\/238238","targetHints":{"allow":["GET"]}}],"collection":[{"href":"https:\/\/www.cuballama.com\/noticias\/wp-json\/wp\/v2\/posts"}],"about":[{"href":"https:\/\/www.cuballama.com\/noticias\/wp-json\/wp\/v2\/types\/post"}],"author":[{"embeddable":true,"href":"https:\/\/www.cuballama.com\/noticias\/wp-json\/wp\/v2\/users\/30"}],"replies":[{"embeddable":true,"href":"https:\/\/www.cuballama.com\/noticias\/wp-json\/wp\/v2\/comments?post=238238"}],"version-history":[{"count":12,"href":"https:\/\/www.cuballama.com\/noticias\/wp-json\/wp\/v2\/posts\/238238\/revisions"}],"predecessor-version":[{"id":238336,"href":"https:\/\/www.cuballama.com\/noticias\/wp-json\/wp\/v2\/posts\/238238\/revisions\/238336"}],"wp:featuredmedia":[{"embeddable":true,"href":"https:\/\/www.cuballama.com\/noticias\/wp-json\/wp\/v2\/media\/238241"}],"wp:attachment":[{"href":"https:\/\/www.cuballama.com\/noticias\/wp-json\/wp\/v2\/media?parent=238238"}],"wp:term":[{"taxonomy":"category","embeddable":true,"href":"https:\/\/www.cuballama.com\/noticias\/wp-json\/wp\/v2\/categories?post=238238"},{"taxonomy":"post_tag","embeddable":true,"href":"https:\/\/www.cuballama.com\/noticias\/wp-json\/wp\/v2\/tags?post=238238"}],"curies":[{"name":"wp","href":"https:\/\/api.w.org\/{rel}","templated":true}]}}