{"id":238235,"date":"2026-03-15T15:25:00","date_gmt":"2026-03-15T19:25:00","guid":{"rendered":"https:\/\/www.cuballama.com\/noticias\/?p=238235"},"modified":"2026-03-15T15:25:03","modified_gmt":"2026-03-15T19:25:03","slug":"incendio-en-la-iglesia-de-los-escolapios-de-guanabacoa-causa-graves-danos-y-alarma-entre-vecinos","status":"publish","type":"post","link":"https:\/\/www.cuballama.com\/noticias\/incendio-en-la-iglesia-de-los-escolapios-de-guanabacoa-causa-graves-danos-y-alarma-entre-vecinos\/","title":{"rendered":"Incendio en la Iglesia de los Escolapios de Guanabacoa causa graves da\u00f1os y alarma entre vecinos"},"content":{"rendered":"\n<p>Un incendio de grandes proporciones afect\u00f3 este fin de semana varias \u00e1reas de la <strong>Iglesia de los Escolapios<\/strong>, ubicada en el municipio habanero de <strong>Guanabacoa<\/strong>, en La Habana, provocando importantes da\u00f1os estructurales y preocupaci\u00f3n entre los residentes de la zona.<\/p>\n\n\n\n<p>Vecinos del lugar comenzaron a reportar en redes sociales la presencia de llamas y una densa columna de humo que sal\u00eda del hist\u00f3rico templo religioso. Las im\u00e1genes difundidas r\u00e1pidamente en redes sociales muestran el fuego extendi\u00e9ndose por el antiguo claustro del complejo religioso, uno de los espacios m\u00e1s antiguos del inmueble.<\/p>\n\n\n\n<iframe loading=\"lazy\" src=\"https:\/\/www.facebook.com\/plugins\/post.php?href=https%3A%2F%2Fwww.facebook.com%2FDeuntijeretazo%2Fposts%2Fpfbid02M4vsrYtgECxPMBy3Wqvq5ciQkSyH8Uv9LtWWGNdyXCh9X48zqnQcM137TiQE8u8ol&#038;show_text=true&#038;width=500\" width=\"500\" height=\"646\" style=\"border:none;overflow:hidden\" scrolling=\"no\" frameborder=\"0\" allowfullscreen=\"true\" allow=\"autoplay; clipboard-write; encrypted-media; picture-in-picture; web-share\"><\/iframe>\n\n\n\n<p>Hasta el momento, <strong>se desconocen las causas del incendio<\/strong> y tampoco se ha ofrecido un informe oficial que detalle la magnitud total de los da\u00f1os provocados por el siniestro.<\/p>\n\n\n\n<h3 class=\"wp-block-heading\">Transmisi\u00f3n en vivo mostr\u00f3 el incendio<\/h3>\n\n\n\n<p>La p\u00e1gina oficial en Facebook de la <strong>Iglesia de los Escolapios de Guanabacoa<\/strong> realiz\u00f3 una transmisi\u00f3n en vivo para informar sobre la emergencia. En el video se observan \u00e1reas visiblemente afectadas por el fuego, as\u00ed como la presencia del cuerpo de bomberos que finalmente acudi\u00f3 al lugar para intentar controlar las llamas.<\/p>\n\n\n\n<iframe loading=\"lazy\" src=\"https:\/\/www.facebook.com\/plugins\/video.php?height=476&#038;href=https%3A%2F%2Fwww.facebook.com%2Fescolapioscuba%2Fvideos%2F26405150599101557%2F&#038;show_text=false&#038;width=267&#038;t=0\" width=\"267\" height=\"476\" style=\"border:none;overflow:hidden\" scrolling=\"no\" frameborder=\"0\" allowfullscreen=\"true\" allow=\"autoplay; clipboard-write; encrypted-media; picture-in-picture; web-share\" allowFullScreen=\"true\"><\/iframe>\n\n\n\n<p>Durante la transmisi\u00f3n se escucha la voz de una persona que denuncia lo ocurrido y la falta de atenci\u00f3n previa a los problemas que enfrentaba el edificio.<\/p>\n\n\n\n<p>\u201cLo mismo que hemos denunciado varias veces, lo que puede pasar y lo que pas\u00f3. Cogi\u00f3 candela el claustro antiguo de los Escolapios, nadie dice nada\u2026 Por lo menos llegaron los bomberos\u201d, se escucha decir mientras la c\u00e1mara muestra el humo y los da\u00f1os en el templo. Algunos testigos se\u00f1alaron que la llegada de los bomberos habr\u00eda ocurrido con retraso.<\/p>\n\n\n\n<h3 class=\"wp-block-heading\">Un templo hist\u00f3rico en riesgo<\/h3>\n\n\n\n<p>La <strong>Iglesia de los Escolapios en Guanabacoa<\/strong>, vinculada a la orden religiosa de las <strong>Escuelas P\u00edas<\/strong>, es uno de los edificios religiosos de mayor valor hist\u00f3rico y arquitect\u00f3nico del municipio. El complejo forma parte del patrimonio cultural de la zona y ha sido durante d\u00e9cadas un punto de referencia espiritual para la comunidad.<\/p>\n\n\n\n<iframe loading=\"lazy\" src=\"https:\/\/www.facebook.com\/plugins\/video.php?height=476&#038;href=https%3A%2F%2Fwww.facebook.com%2Fescolapioscuba%2Fvideos%2F4363860557235981%2F&#038;show_text=false&#038;width=267&#038;t=0\" width=\"267\" height=\"476\" style=\"border:none;overflow:hidden\" scrolling=\"no\" frameborder=\"0\" allowfullscreen=\"true\" allow=\"autoplay; clipboard-write; encrypted-media; picture-in-picture; web-share\" allowFullScreen=\"true\"><\/iframe>\n\n\n\n<p>Sin embargo, en los \u00faltimos a\u00f1os el inmueble ha enfrentado <strong>serios problemas de conservaci\u00f3n<\/strong>, una situaci\u00f3n que ha sido denunciada en varias ocasiones por feligreses y vecinos preocupados por el deterioro de la estructura.<\/p>\n\n\n\n<p>El incendio reciente vuelve a poner en evidencia la fragilidad de este importante sitio hist\u00f3rico, cuyo estado ya generaba inquietud entre los residentes de Guanabacoa.<\/p>\n\n\n\n<h3 class=\"wp-block-heading\">Antecedentes de vandalismo<\/h3>\n\n\n\n<p>La iglesia ya hab\u00eda sido noticia recientemente por un hecho delictivo. En <strong>octubre de 2025<\/strong>, el templo fue v\u00edctima de un robo acompa\u00f1ado de actos de vandalismo que provocaron da\u00f1os materiales y la sustracci\u00f3n de diversos objetos religiosos.<\/p>\n\n\n\n<p>Seg\u00fan denunciaron entonces los responsables del lugar, los intrusos sustrajeron <strong>candelabros del Sant\u00edsimo, de la Sagrada Familia y de otras im\u00e1genes religiosas<\/strong>, adem\u00e1s de ventiladores, bombillos y varios ornamentos lit\u00fargicos.<\/p>\n\n\n\n<p>Durante el robo tambi\u00e9n se registraron destrozos en el interior del templo, incluyendo la <strong>rotura de una vitrina y escaparates de madera<\/strong>, lo que caus\u00f3 indignaci\u00f3n entre los feligreses de la comunidad.<\/p>\n\n\n\n<h3 class=\"wp-block-heading\">Incertidumbre tras el incendio<\/h3>\n\n\n\n<p>Tras el incendio, vecinos y miembros de la comunidad religiosa permanecen a la espera de informaci\u00f3n oficial sobre el origen del siniestro y sobre el alcance real de los da\u00f1os.<\/p>\n\n\n\n<p>Mientras tanto, las im\u00e1genes difundidas en redes sociales reflejan la preocupaci\u00f3n por el futuro de uno de los templos hist\u00f3ricos m\u00e1s representativos de Guanabacoa, cuya preservaci\u00f3n vuelve a quedar en el centro del debate tras este nuevo incidente.<\/p>\n","protected":false},"excerpt":{"rendered":"<p>La Iglesia de los Escolapios en Guanabacoa, vinculada a la orden religiosa de las Escuelas P\u00edas, es uno de los edificios religiosos de mayor valor hist\u00f3rico y arquitect\u00f3nico del municipio<\/p>\n","protected":false},"author":27,"featured_media":238236,"comment_status":"open","ping_status":"closed","sticky":false,"template":"","format":"standard","meta":{"_acf_changed":false,"footnotes":""},"categories":[955],"tags":[355,4118,11914],"class_list":{"0":"post-238235","1":"post","2":"type-post","3":"status-publish","4":"format-standard","5":"has-post-thumbnail","7":"category-noticias-de-cuba","8":"tag-guanabacoa","9":"tag-iglesia","10":"tag-religion-2"},"acf":[],"yoast_head":"<!-- This site is optimized with the Yoast SEO plugin v27.5 - https:\/\/yoast.com\/product\/yoast-seo-wordpress\/ -->\n<title>Incendio en la Iglesia de los Escolapios de Guanabacoa causa graves da\u00f1os y alarma entre vecinos - Cuballama Noticias<\/title>\n<meta name=\"description\" content=\"La Iglesia de los Escolapios en Guanabacoa es uno de los edificios religiosos de mayor valor hist\u00f3rico y arquitect\u00f3nico del municipio\" \/>\n<meta name=\"robots\" content=\"index, follow, max-snippet:-1, max-image-preview:large, max-video-preview:-1\" \/>\n<link rel=\"canonical\" href=\"https:\/\/www.cuballama.com\/noticias\/incendio-en-la-iglesia-de-los-escolapios-de-guanabacoa-causa-graves-danos-y-alarma-entre-vecinos\/\" \/>\n<meta property=\"og:locale\" content=\"es_ES\" \/>\n<meta property=\"og:type\" content=\"article\" \/>\n<meta property=\"og:title\" content=\"Incendio en la Iglesia de los Escolapios de Guanabacoa causa graves da\u00f1os y alarma entre vecinos - Cuballama Noticias\" \/>\n<meta property=\"og:description\" content=\"La Iglesia de los Escolapios en Guanabacoa es uno de los edificios religiosos de mayor valor hist\u00f3rico y arquitect\u00f3nico del municipio\" \/>\n<meta property=\"og:url\" content=\"https:\/\/www.cuballama.com\/noticias\/incendio-en-la-iglesia-de-los-escolapios-de-guanabacoa-causa-graves-danos-y-alarma-entre-vecinos\/\" \/>\n<meta property=\"og:site_name\" content=\"Cuballama Noticias\" \/>\n<meta property=\"article:publisher\" content=\"https:\/\/www.facebook.com\/CubaLlama\" \/>\n<meta property=\"article:published_time\" content=\"2026-03-15T19:25:00+00:00\" \/>\n<meta property=\"article:modified_time\" content=\"2026-03-15T19:25:03+00:00\" \/>\n<meta property=\"og:image\" content=\"https:\/\/cdn1.mediawpaccore.net\/wp-content\/uploads\/2026\/03\/15151957\/Se-incendia-la-Iglesia-de-los-Escolapios-en-Guanabacoa.jpeg\" \/>\n\t<meta property=\"og:image:width\" content=\"1864\" \/>\n\t<meta property=\"og:image:height\" content=\"1275\" \/>\n\t<meta property=\"og:image:type\" content=\"image\/jpeg\" \/>\n<meta name=\"author\" content=\"Rafa\" \/>\n<meta name=\"twitter:card\" content=\"summary_large_image\" \/>\n<meta name=\"twitter:creator\" content=\"@cuballama\" \/>\n<meta name=\"twitter:site\" content=\"@cuballama\" \/>\n<meta name=\"twitter:label1\" content=\"Escrito por\" \/>\n\t<meta name=\"twitter:data1\" content=\"Rafa\" \/>\n\t<meta name=\"twitter:label2\" content=\"Tiempo de lectura\" \/>\n\t<meta name=\"twitter:data2\" content=\"3 minutos\" \/>\n<script type=\"application\/ld+json\" class=\"yoast-schema-graph\">{\"@context\":\"https:\\\/\\\/schema.org\",\"@graph\":[{\"@type\":\"Article\",\"@id\":\"https:\\\/\\\/www.cuballama.com\\\/noticias\\\/incendio-en-la-iglesia-de-los-escolapios-de-guanabacoa-causa-graves-danos-y-alarma-entre-vecinos\\\/#article\",\"isPartOf\":{\"@id\":\"https:\\\/\\\/www.cuballama.com\\\/noticias\\\/incendio-en-la-iglesia-de-los-escolapios-de-guanabacoa-causa-graves-danos-y-alarma-entre-vecinos\\\/\"},\"author\":{\"name\":\"Rafa\",\"@id\":\"https:\\\/\\\/www.cuballama.com\\\/noticias\\\/#\\\/schema\\\/person\\\/0f97914526a658755f00e59ec2a832f2\"},\"headline\":\"Incendio en la Iglesia de los Escolapios de Guanabacoa causa graves da\u00f1os y alarma entre vecinos\",\"datePublished\":\"2026-03-15T19:25:00+00:00\",\"dateModified\":\"2026-03-15T19:25:03+00:00\",\"mainEntityOfPage\":{\"@id\":\"https:\\\/\\\/www.cuballama.com\\\/noticias\\\/incendio-en-la-iglesia-de-los-escolapios-de-guanabacoa-causa-graves-danos-y-alarma-entre-vecinos\\\/\"},\"wordCount\":619,\"commentCount\":0,\"publisher\":{\"@id\":\"https:\\\/\\\/www.cuballama.com\\\/noticias\\\/#organization\"},\"image\":{\"@id\":\"https:\\\/\\\/www.cuballama.com\\\/noticias\\\/incendio-en-la-iglesia-de-los-escolapios-de-guanabacoa-causa-graves-danos-y-alarma-entre-vecinos\\\/#primaryimage\"},\"thumbnailUrl\":\"https:\\\/\\\/cdn1.mediawpaccore.net\\\/wp-content\\\/uploads\\\/2026\\\/03\\\/15151957\\\/Se-incendia-la-Iglesia-de-los-Escolapios-en-Guanabacoa.jpeg\",\"keywords\":[\"Guanabacoa\",\"Iglesia\",\"religi\u00f3n\"],\"articleSection\":[\"Noticias de Cuba\"],\"inLanguage\":\"es\",\"potentialAction\":[{\"@type\":\"CommentAction\",\"name\":\"Comment\",\"target\":[\"https:\\\/\\\/www.cuballama.com\\\/noticias\\\/incendio-en-la-iglesia-de-los-escolapios-de-guanabacoa-causa-graves-danos-y-alarma-entre-vecinos\\\/#respond\"]}]},{\"@type\":\"WebPage\",\"@id\":\"https:\\\/\\\/www.cuballama.com\\\/noticias\\\/incendio-en-la-iglesia-de-los-escolapios-de-guanabacoa-causa-graves-danos-y-alarma-entre-vecinos\\\/\",\"url\":\"https:\\\/\\\/www.cuballama.com\\\/noticias\\\/incendio-en-la-iglesia-de-los-escolapios-de-guanabacoa-causa-graves-danos-y-alarma-entre-vecinos\\\/\",\"name\":\"Incendio en la Iglesia de los Escolapios de Guanabacoa causa graves da\u00f1os y alarma entre vecinos - Cuballama Noticias\",\"isPartOf\":{\"@id\":\"https:\\\/\\\/www.cuballama.com\\\/noticias\\\/#website\"},\"primaryImageOfPage\":{\"@id\":\"https:\\\/\\\/www.cuballama.com\\\/noticias\\\/incendio-en-la-iglesia-de-los-escolapios-de-guanabacoa-causa-graves-danos-y-alarma-entre-vecinos\\\/#primaryimage\"},\"image\":{\"@id\":\"https:\\\/\\\/www.cuballama.com\\\/noticias\\\/incendio-en-la-iglesia-de-los-escolapios-de-guanabacoa-causa-graves-danos-y-alarma-entre-vecinos\\\/#primaryimage\"},\"thumbnailUrl\":\"https:\\\/\\\/cdn1.mediawpaccore.net\\\/wp-content\\\/uploads\\\/2026\\\/03\\\/15151957\\\/Se-incendia-la-Iglesia-de-los-Escolapios-en-Guanabacoa.jpeg\",\"datePublished\":\"2026-03-15T19:25:00+00:00\",\"dateModified\":\"2026-03-15T19:25:03+00:00\",\"description\":\"La Iglesia de los Escolapios en Guanabacoa es uno de los edificios religiosos de mayor valor hist\u00f3rico y arquitect\u00f3nico del municipio\",\"breadcrumb\":{\"@id\":\"https:\\\/\\\/www.cuballama.com\\\/noticias\\\/incendio-en-la-iglesia-de-los-escolapios-de-guanabacoa-causa-graves-danos-y-alarma-entre-vecinos\\\/#breadcrumb\"},\"inLanguage\":\"es\",\"potentialAction\":[{\"@type\":\"ReadAction\",\"target\":[\"https:\\\/\\\/www.cuballama.com\\\/noticias\\\/incendio-en-la-iglesia-de-los-escolapios-de-guanabacoa-causa-graves-danos-y-alarma-entre-vecinos\\\/\"]}]},{\"@type\":\"ImageObject\",\"inLanguage\":\"es\",\"@id\":\"https:\\\/\\\/www.cuballama.com\\\/noticias\\\/incendio-en-la-iglesia-de-los-escolapios-de-guanabacoa-causa-graves-danos-y-alarma-entre-vecinos\\\/#primaryimage\",\"url\":\"https:\\\/\\\/cdn1.mediawpaccore.net\\\/wp-content\\\/uploads\\\/2026\\\/03\\\/15151957\\\/Se-incendia-la-Iglesia-de-los-Escolapios-en-Guanabacoa.jpeg\",\"contentUrl\":\"https:\\\/\\\/cdn1.mediawpaccore.net\\\/wp-content\\\/uploads\\\/2026\\\/03\\\/15151957\\\/Se-incendia-la-Iglesia-de-los-Escolapios-en-Guanabacoa.jpeg\",\"width\":1864,\"height\":1275,\"caption\":\"Foto: La Tijera\"},{\"@type\":\"BreadcrumbList\",\"@id\":\"https:\\\/\\\/www.cuballama.com\\\/noticias\\\/incendio-en-la-iglesia-de-los-escolapios-de-guanabacoa-causa-graves-danos-y-alarma-entre-vecinos\\\/#breadcrumb\",\"itemListElement\":[{\"@type\":\"ListItem\",\"position\":1,\"name\":\"Home\",\"item\":\"https:\\\/\\\/www.cuballama.com\\\/noticias\\\/\"},{\"@type\":\"ListItem\",\"position\":2,\"name\":\"Incendio en la Iglesia de los Escolapios de Guanabacoa causa graves da\u00f1os y alarma entre vecinos\"}]},{\"@type\":\"WebSite\",\"@id\":\"https:\\\/\\\/www.cuballama.com\\\/noticias\\\/#website\",\"url\":\"https:\\\/\\\/www.cuballama.com\\\/noticias\\\/\",\"name\":\"Cuballama Noticias\",\"description\":\"Medio digital sobre Cuba y el mundo\",\"publisher\":{\"@id\":\"https:\\\/\\\/www.cuballama.com\\\/noticias\\\/#organization\"},\"potentialAction\":[{\"@type\":\"SearchAction\",\"target\":{\"@type\":\"EntryPoint\",\"urlTemplate\":\"https:\\\/\\\/www.cuballama.com\\\/noticias\\\/?s={search_term_string}\"},\"query-input\":{\"@type\":\"PropertyValueSpecification\",\"valueRequired\":true,\"valueName\":\"search_term_string\"}}],\"inLanguage\":\"es\"},{\"@type\":\"Organization\",\"@id\":\"https:\\\/\\\/www.cuballama.com\\\/noticias\\\/#organization\",\"name\":\"Cuballama\",\"url\":\"https:\\\/\\\/www.cuballama.com\\\/noticias\\\/\",\"logo\":{\"@type\":\"ImageObject\",\"inLanguage\":\"es\",\"@id\":\"https:\\\/\\\/www.cuballama.com\\\/noticias\\\/#\\\/schema\\\/logo\\\/image\\\/\",\"url\":\"https:\\\/\\\/cdn1.mediawpaccore.net\\\/wp-content\\\/uploads\\\/2021\\\/12\\\/28171206\\\/cbll-logo-color-sm.png\",\"contentUrl\":\"https:\\\/\\\/cdn1.mediawpaccore.net\\\/wp-content\\\/uploads\\\/2021\\\/12\\\/28171206\\\/cbll-logo-color-sm.png\",\"width\":600,\"height\":133,\"caption\":\"Cuballama\"},\"image\":{\"@id\":\"https:\\\/\\\/www.cuballama.com\\\/noticias\\\/#\\\/schema\\\/logo\\\/image\\\/\"},\"sameAs\":[\"https:\\\/\\\/www.facebook.com\\\/CubaLlama\",\"https:\\\/\\\/x.com\\\/cuballama\",\"https:\\\/\\\/www.instagram.com\\\/stories\\\/cuballama_oficial\\\/\",\"https:\\\/\\\/www.youtube.com\\\/channel\\\/UCKkFE-d_axENGZcrc4as0IA\"]},{\"@type\":\"Person\",\"@id\":\"https:\\\/\\\/www.cuballama.com\\\/noticias\\\/#\\\/schema\\\/person\\\/0f97914526a658755f00e59ec2a832f2\",\"name\":\"Rafa\",\"url\":\"https:\\\/\\\/www.cuballama.com\\\/noticias\\\/author\\\/rafa\\\/\"}]}<\/script>\n<!-- \/ Yoast SEO plugin. -->","yoast_head_json":{"title":"Incendio en la Iglesia de los Escolapios de Guanabacoa causa graves da\u00f1os y alarma entre vecinos - Cuballama Noticias","description":"La Iglesia de los Escolapios en Guanabacoa es uno de los edificios religiosos de mayor valor hist\u00f3rico y arquitect\u00f3nico del municipio","robots":{"index":"index","follow":"follow","max-snippet":"max-snippet:-1","max-image-preview":"max-image-preview:large","max-video-preview":"max-video-preview:-1"},"canonical":"https:\/\/www.cuballama.com\/noticias\/incendio-en-la-iglesia-de-los-escolapios-de-guanabacoa-causa-graves-danos-y-alarma-entre-vecinos\/","og_locale":"es_ES","og_type":"article","og_title":"Incendio en la Iglesia de los Escolapios de Guanabacoa causa graves da\u00f1os y alarma entre vecinos - Cuballama Noticias","og_description":"La Iglesia de los Escolapios en Guanabacoa es uno de los edificios religiosos de mayor valor hist\u00f3rico y arquitect\u00f3nico del municipio","og_url":"https:\/\/www.cuballama.com\/noticias\/incendio-en-la-iglesia-de-los-escolapios-de-guanabacoa-causa-graves-danos-y-alarma-entre-vecinos\/","og_site_name":"Cuballama Noticias","article_publisher":"https:\/\/www.facebook.com\/CubaLlama","article_published_time":"2026-03-15T19:25:00+00:00","article_modified_time":"2026-03-15T19:25:03+00:00","og_image":[{"width":1864,"height":1275,"url":"https:\/\/cdn1.mediawpaccore.net\/wp-content\/uploads\/2026\/03\/15151957\/Se-incendia-la-Iglesia-de-los-Escolapios-en-Guanabacoa.jpeg","type":"image\/jpeg"}],"author":"Rafa","twitter_card":"summary_large_image","twitter_creator":"@cuballama","twitter_site":"@cuballama","twitter_misc":{"Escrito por":"Rafa","Tiempo de lectura":"3 minutos"},"schema":{"@context":"https:\/\/schema.org","@graph":[{"@type":"Article","@id":"https:\/\/www.cuballama.com\/noticias\/incendio-en-la-iglesia-de-los-escolapios-de-guanabacoa-causa-graves-danos-y-alarma-entre-vecinos\/#article","isPartOf":{"@id":"https:\/\/www.cuballama.com\/noticias\/incendio-en-la-iglesia-de-los-escolapios-de-guanabacoa-causa-graves-danos-y-alarma-entre-vecinos\/"},"author":{"name":"Rafa","@id":"https:\/\/www.cuballama.com\/noticias\/#\/schema\/person\/0f97914526a658755f00e59ec2a832f2"},"headline":"Incendio en la Iglesia de los Escolapios de Guanabacoa causa graves da\u00f1os y alarma entre vecinos","datePublished":"2026-03-15T19:25:00+00:00","dateModified":"2026-03-15T19:25:03+00:00","mainEntityOfPage":{"@id":"https:\/\/www.cuballama.com\/noticias\/incendio-en-la-iglesia-de-los-escolapios-de-guanabacoa-causa-graves-danos-y-alarma-entre-vecinos\/"},"wordCount":619,"commentCount":0,"publisher":{"@id":"https:\/\/www.cuballama.com\/noticias\/#organization"},"image":{"@id":"https:\/\/www.cuballama.com\/noticias\/incendio-en-la-iglesia-de-los-escolapios-de-guanabacoa-causa-graves-danos-y-alarma-entre-vecinos\/#primaryimage"},"thumbnailUrl":"https:\/\/cdn1.mediawpaccore.net\/wp-content\/uploads\/2026\/03\/15151957\/Se-incendia-la-Iglesia-de-los-Escolapios-en-Guanabacoa.jpeg","keywords":["Guanabacoa","Iglesia","religi\u00f3n"],"articleSection":["Noticias de Cuba"],"inLanguage":"es","potentialAction":[{"@type":"CommentAction","name":"Comment","target":["https:\/\/www.cuballama.com\/noticias\/incendio-en-la-iglesia-de-los-escolapios-de-guanabacoa-causa-graves-danos-y-alarma-entre-vecinos\/#respond"]}]},{"@type":"WebPage","@id":"https:\/\/www.cuballama.com\/noticias\/incendio-en-la-iglesia-de-los-escolapios-de-guanabacoa-causa-graves-danos-y-alarma-entre-vecinos\/","url":"https:\/\/www.cuballama.com\/noticias\/incendio-en-la-iglesia-de-los-escolapios-de-guanabacoa-causa-graves-danos-y-alarma-entre-vecinos\/","name":"Incendio en la Iglesia de los Escolapios de Guanabacoa causa graves da\u00f1os y alarma entre vecinos - Cuballama Noticias","isPartOf":{"@id":"https:\/\/www.cuballama.com\/noticias\/#website"},"primaryImageOfPage":{"@id":"https:\/\/www.cuballama.com\/noticias\/incendio-en-la-iglesia-de-los-escolapios-de-guanabacoa-causa-graves-danos-y-alarma-entre-vecinos\/#primaryimage"},"image":{"@id":"https:\/\/www.cuballama.com\/noticias\/incendio-en-la-iglesia-de-los-escolapios-de-guanabacoa-causa-graves-danos-y-alarma-entre-vecinos\/#primaryimage"},"thumbnailUrl":"https:\/\/cdn1.mediawpaccore.net\/wp-content\/uploads\/2026\/03\/15151957\/Se-incendia-la-Iglesia-de-los-Escolapios-en-Guanabacoa.jpeg","datePublished":"2026-03-15T19:25:00+00:00","dateModified":"2026-03-15T19:25:03+00:00","description":"La Iglesia de los Escolapios en Guanabacoa es uno de los edificios religiosos de mayor valor hist\u00f3rico y arquitect\u00f3nico del municipio","breadcrumb":{"@id":"https:\/\/www.cuballama.com\/noticias\/incendio-en-la-iglesia-de-los-escolapios-de-guanabacoa-causa-graves-danos-y-alarma-entre-vecinos\/#breadcrumb"},"inLanguage":"es","potentialAction":[{"@type":"ReadAction","target":["https:\/\/www.cuballama.com\/noticias\/incendio-en-la-iglesia-de-los-escolapios-de-guanabacoa-causa-graves-danos-y-alarma-entre-vecinos\/"]}]},{"@type":"ImageObject","inLanguage":"es","@id":"https:\/\/www.cuballama.com\/noticias\/incendio-en-la-iglesia-de-los-escolapios-de-guanabacoa-causa-graves-danos-y-alarma-entre-vecinos\/#primaryimage","url":"https:\/\/cdn1.mediawpaccore.net\/wp-content\/uploads\/2026\/03\/15151957\/Se-incendia-la-Iglesia-de-los-Escolapios-en-Guanabacoa.jpeg","contentUrl":"https:\/\/cdn1.mediawpaccore.net\/wp-content\/uploads\/2026\/03\/15151957\/Se-incendia-la-Iglesia-de-los-Escolapios-en-Guanabacoa.jpeg","width":1864,"height":1275,"caption":"Foto: La Tijera"},{"@type":"BreadcrumbList","@id":"https:\/\/www.cuballama.com\/noticias\/incendio-en-la-iglesia-de-los-escolapios-de-guanabacoa-causa-graves-danos-y-alarma-entre-vecinos\/#breadcrumb","itemListElement":[{"@type":"ListItem","position":1,"name":"Home","item":"https:\/\/www.cuballama.com\/noticias\/"},{"@type":"ListItem","position":2,"name":"Incendio en la Iglesia de los Escolapios de Guanabacoa causa graves da\u00f1os y alarma entre vecinos"}]},{"@type":"WebSite","@id":"https:\/\/www.cuballama.com\/noticias\/#website","url":"https:\/\/www.cuballama.com\/noticias\/","name":"Cuballama Noticias","description":"Medio digital sobre Cuba y el mundo","publisher":{"@id":"https:\/\/www.cuballama.com\/noticias\/#organization"},"potentialAction":[{"@type":"SearchAction","target":{"@type":"EntryPoint","urlTemplate":"https:\/\/www.cuballama.com\/noticias\/?s={search_term_string}"},"query-input":{"@type":"PropertyValueSpecification","valueRequired":true,"valueName":"search_term_string"}}],"inLanguage":"es"},{"@type":"Organization","@id":"https:\/\/www.cuballama.com\/noticias\/#organization","name":"Cuballama","url":"https:\/\/www.cuballama.com\/noticias\/","logo":{"@type":"ImageObject","inLanguage":"es","@id":"https:\/\/www.cuballama.com\/noticias\/#\/schema\/logo\/image\/","url":"https:\/\/cdn1.mediawpaccore.net\/wp-content\/uploads\/2021\/12\/28171206\/cbll-logo-color-sm.png","contentUrl":"https:\/\/cdn1.mediawpaccore.net\/wp-content\/uploads\/2021\/12\/28171206\/cbll-logo-color-sm.png","width":600,"height":133,"caption":"Cuballama"},"image":{"@id":"https:\/\/www.cuballama.com\/noticias\/#\/schema\/logo\/image\/"},"sameAs":["https:\/\/www.facebook.com\/CubaLlama","https:\/\/x.com\/cuballama","https:\/\/www.instagram.com\/stories\/cuballama_oficial\/","https:\/\/www.youtube.com\/channel\/UCKkFE-d_axENGZcrc4as0IA"]},{"@type":"Person","@id":"https:\/\/www.cuballama.com\/noticias\/#\/schema\/person\/0f97914526a658755f00e59ec2a832f2","name":"Rafa","url":"https:\/\/www.cuballama.com\/noticias\/author\/rafa\/"}]}},"_links":{"self":[{"href":"https:\/\/www.cuballama.com\/noticias\/wp-json\/wp\/v2\/posts\/238235","targetHints":{"allow":["GET"]}}],"collection":[{"href":"https:\/\/www.cuballama.com\/noticias\/wp-json\/wp\/v2\/posts"}],"about":[{"href":"https:\/\/www.cuballama.com\/noticias\/wp-json\/wp\/v2\/types\/post"}],"author":[{"embeddable":true,"href":"https:\/\/www.cuballama.com\/noticias\/wp-json\/wp\/v2\/users\/27"}],"replies":[{"embeddable":true,"href":"https:\/\/www.cuballama.com\/noticias\/wp-json\/wp\/v2\/comments?post=238235"}],"version-history":[{"count":1,"href":"https:\/\/www.cuballama.com\/noticias\/wp-json\/wp\/v2\/posts\/238235\/revisions"}],"predecessor-version":[{"id":238237,"href":"https:\/\/www.cuballama.com\/noticias\/wp-json\/wp\/v2\/posts\/238235\/revisions\/238237"}],"wp:featuredmedia":[{"embeddable":true,"href":"https:\/\/www.cuballama.com\/noticias\/wp-json\/wp\/v2\/media\/238236"}],"wp:attachment":[{"href":"https:\/\/www.cuballama.com\/noticias\/wp-json\/wp\/v2\/media?parent=238235"}],"wp:term":[{"taxonomy":"category","embeddable":true,"href":"https:\/\/www.cuballama.com\/noticias\/wp-json\/wp\/v2\/categories?post=238235"},{"taxonomy":"post_tag","embeddable":true,"href":"https:\/\/www.cuballama.com\/noticias\/wp-json\/wp\/v2\/tags?post=238235"}],"curies":[{"name":"wp","href":"https:\/\/api.w.org\/{rel}","templated":true}]}}