{"id":238227,"date":"2026-03-15T11:07:30","date_gmt":"2026-03-15T15:07:30","guid":{"rendered":"https:\/\/www.cuballama.com\/noticias\/?p=238227"},"modified":"2026-03-15T11:07:33","modified_gmt":"2026-03-15T15:07:33","slug":"no-hay-comida-para-darle-empeora-la-salud-del-actor-cubano-jorge-losada-en-medio-de-la-crisis","status":"publish","type":"post","link":"https:\/\/www.cuballama.com\/noticias\/no-hay-comida-para-darle-empeora-la-salud-del-actor-cubano-jorge-losada-en-medio-de-la-crisis\/","title":{"rendered":"\u201cNo hay comida para darle\u201d: Empeora la salud del actor cubano Jorge Losada en medio de la crisis"},"content":{"rendered":"\n<p>La situaci\u00f3n de salud del reconocido actor cubano Jorge Losada, de 92 a\u00f1os, ha vuelto a generar preocupaci\u00f3n, luego de que se hiciera p\u00fablico un pedido de auxilio en el que miembros de la comunidad art\u00edstica denuncian la falta de alimentos, transporte y medicinas para tratar a uno de los int\u00e9rpretes m\u00e1s prol\u00edficos de la televisi\u00f3n, la radio y el teatro del pa\u00eds.<\/p>\n\n\n\n<p>\u201cAmigos, la salud del querido actor se ha puesto muy mal\u201d, explic\u00f3 en Facebook el veterano director de arte Luis Lacosta, miembro fundador del Instituto Cubano del Arte e Industria Cinematogr\u00e1ficos (ICAIC). \u201cSer\u00e9 muy sincero, no hay comida para darle, no hay transporte para llevarle al m\u00e9dico, no nos queda m\u00e1s dinero, tenemos muchas necesidades\u201d.<\/p>\n\n\n\n<p>Lacosta lament\u00f3 que las redes sociales fueran su \u00faltimo recurso. \u201cTengo que recurrir a este medio para pedir ayuda URGENTE en todo lo que puedan ayudar\u201d, agreg\u00f3 y aclar\u00f3 en los comentarios que el actor, contrario a lo que informaba un bulo reciente, no ha fallecido.<\/p>\n\n\n\n<iframe loading=\"lazy\" src=\"https:\/\/www.facebook.com\/plugins\/post.php?href=https%3A%2F%2Fwww.facebook.com%2Fluis.lacosta.528831%2Fposts%2Fpfbid037mU6pSuSxCRap5uigmwnWuUqCFx7R4kfkFeNhkr8eVKgQscoFzXEu52jVWo5Jbrfl&#038;show_text=true&#038;width=500\" width=\"500\" height=\"512\" style=\"border:none;overflow:hidden\" scrolling=\"no\" frameborder=\"0\" allowfullscreen=\"true\" allow=\"autoplay; clipboard-write; encrypted-media; picture-in-picture; web-share\"><\/iframe>\n\n\n\n<p>Seg\u00fan explic\u00f3 el director de arte, algunas publicaciones en redes acusaban a quienes estaban organizando la ayuda de aprovecharse de la situaci\u00f3n. Ante esas afirmaciones, Lacosta desminti\u00f3 categ\u00f3ricamente los rumores.<\/p>\n\n\n\n<p>\u201cPara esos que en vez de ayudar tratan de difamar les dir\u00e9: mi prestigio no se pierde con una falsa noticia ni por otro motivo. (\u2026) Les repetir\u00e9, Jorge Losada Moreno esta vivo, delicado de salud, y esto no es un problema pol\u00edtico es un asunto de sus amigos, lo cuales estamos resolviendo\u201d, subray\u00f3.<\/p>\n\n\n\n<p><strong>Lea m\u00e1s: <a href=\"https:\/\/www.cuballama.com\/noticias\/casi-imposible-la-espera-de-jorge-losada-por-una-ambulancia-en-cuba\/\" target=\"_blank\" rel=\"noreferrer noopener\">\u201cCasi imposible\u201d: la espera de Jorge Losada por una ambulancia en<\/a><\/strong><a href=\"https:\/\/www.cuballama.com\/noticias\/casi-imposible-la-espera-de-jorge-losada-por-una-ambulancia-en-cuba\/\" target=\"_blank\" rel=\"noreferrer noopener\"> <strong>Cuba<\/strong><\/a><\/p>\n\n\n\n<p>El mensaje buscaba frenar la desinformaci\u00f3n y reafirmar que el actor contin\u00faa con vida, aunque en un estado de salud que requiere apoyo urgente.<\/p>\n\n\n\n<p>Durante d\u00e9cadas, Jorge Losada form\u00f3 parte del panorama televisivo y cinematogr\u00e1fico cubano, participando en producciones que marcaron a varias generaciones de espectadores. Su trabajo en la peque\u00f1a pantalla y en el cine lo convirti\u00f3 en una figura familiar para el p\u00fablico de la Isla.<\/p>\n\n\n\n<p>Como ocurre con otros int\u00e9rpretes que dedicaron su vida al arte en Cuba, el reconocimiento cultural no siempre se traduce en estabilidad econ\u00f3mica durante la vejez. La situaci\u00f3n actual del actor ha vuelto a evidenciar esa brecha entre el legado art\u00edstico y las condiciones materiales en las que viven muchos creadores.<\/p>\n\n\n\n<iframe loading=\"lazy\" src=\"https:\/\/www.facebook.com\/plugins\/post.php?href=https%3A%2F%2Fwww.facebook.com%2Fluis.lacosta.528831%2Fposts%2Fpfbid0DrmK8XGh6LhtsKdxXAjgYjT27NGLYU7DAe9sSquUDjawAKFTjDYurnLJqE7HXj4Ql&#038;show_text=true&#038;width=500\" width=\"500\" height=\"724\" style=\"border:none;overflow:hidden\" scrolling=\"no\" frameborder=\"0\" allowfullscreen=\"true\" allow=\"autoplay; clipboard-write; encrypted-media; picture-in-picture; web-share\"><\/iframe>\n\n\n\n<p>El caso de Losada tambi\u00e9n refleja un problema m\u00e1s amplio. Cuba es actualmente uno de los pa\u00edses m\u00e1s envejecidos de Am\u00e9rica Latina, con una cifra incalculable de adultos mayores que enfrentan dificultades para acceder a alimentos, medicamentos o transporte para recibir atenci\u00f3n m\u00e9dica.<\/p>\n\n\n\n<p>Por ahora, el bienestar del actor depende principalmente del apoyo de amigos y ciudadanos que han respondido al llamado en redes sociales. Mientras contin\u00faan las gestiones para reunir ayuda, el caso de Jorge Losada vuelve a poner rostro humano a una problem\u00e1tica que afecta a miles de familias cubanas.<\/p>\n","protected":false},"excerpt":{"rendered":"<p>\u201cAmigos, la salud del querido actor se ha puesto muy mal\u201d, explic\u00f3 en Facebook el veterano director de arte Luis Lacosta<\/p>\n","protected":false},"author":27,"featured_media":210642,"comment_status":"open","ping_status":"closed","sticky":false,"template":"","format":"standard","meta":{"_acf_changed":false,"footnotes":""},"categories":[955],"tags":[5007,9259,10867,18597,16640],"class_list":{"0":"post-238227","1":"post","2":"type-post","3":"status-publish","4":"format-standard","5":"has-post-thumbnail","7":"category-noticias-de-cuba","8":"tag-actor-cubano","9":"tag-ancianos-en-cuba","10":"tag-crisis-en-cuba","11":"tag-jorge-losada","12":"tag-vejez-en-cuba"},"acf":[],"yoast_head":"<!-- This site is optimized with the Yoast SEO plugin v27.5 - https:\/\/yoast.com\/product\/yoast-seo-wordpress\/ -->\n<title>\u201cNo hay comida para darle\u201d: Empeora la salud del actor cubano Jorge Losada en medio de la crisis - Cuballama Noticias<\/title>\n<meta name=\"description\" content=\"La situaci\u00f3n de salud del reconocido actor cubano Jorge Losada, de 92 a\u00f1os, ha vuelto a generar preocupaci\u00f3n\" \/>\n<meta name=\"robots\" content=\"index, follow, max-snippet:-1, max-image-preview:large, max-video-preview:-1\" \/>\n<link rel=\"canonical\" href=\"https:\/\/www.cuballama.com\/noticias\/no-hay-comida-para-darle-empeora-la-salud-del-actor-cubano-jorge-losada-en-medio-de-la-crisis\/\" \/>\n<meta property=\"og:locale\" content=\"es_ES\" \/>\n<meta property=\"og:type\" content=\"article\" \/>\n<meta property=\"og:title\" content=\"\u201cNo hay comida para darle\u201d: Empeora la salud del actor cubano Jorge Losada en medio de la crisis - Cuballama Noticias\" \/>\n<meta property=\"og:description\" content=\"La situaci\u00f3n de salud del reconocido actor cubano Jorge Losada, de 92 a\u00f1os, ha vuelto a generar preocupaci\u00f3n\" \/>\n<meta property=\"og:url\" content=\"https:\/\/www.cuballama.com\/noticias\/no-hay-comida-para-darle-empeora-la-salud-del-actor-cubano-jorge-losada-en-medio-de-la-crisis\/\" \/>\n<meta property=\"og:site_name\" content=\"Cuballama Noticias\" \/>\n<meta property=\"article:publisher\" content=\"https:\/\/www.facebook.com\/CubaLlama\" \/>\n<meta property=\"article:published_time\" content=\"2026-03-15T15:07:30+00:00\" \/>\n<meta property=\"article:modified_time\" content=\"2026-03-15T15:07:33+00:00\" \/>\n<meta property=\"og:image\" content=\"https:\/\/cdn1.mediawpaccore.net\/wp-content\/uploads\/2025\/06\/17081504\/Captura-de-pantalla-2025-06-17-a-las-14.07.39.png\" \/>\n\t<meta property=\"og:image:width\" content=\"1164\" \/>\n\t<meta property=\"og:image:height\" content=\"824\" \/>\n\t<meta property=\"og:image:type\" content=\"image\/png\" \/>\n<meta name=\"author\" content=\"Rafa\" \/>\n<meta name=\"twitter:card\" content=\"summary_large_image\" \/>\n<meta name=\"twitter:creator\" content=\"@cuballama\" \/>\n<meta name=\"twitter:site\" content=\"@cuballama\" \/>\n<meta name=\"twitter:label1\" content=\"Escrito por\" \/>\n\t<meta name=\"twitter:data1\" content=\"Rafa\" \/>\n\t<meta name=\"twitter:label2\" content=\"Tiempo de lectura\" \/>\n\t<meta name=\"twitter:data2\" content=\"3 minutos\" \/>\n<script type=\"application\/ld+json\" class=\"yoast-schema-graph\">{\"@context\":\"https:\\\/\\\/schema.org\",\"@graph\":[{\"@type\":\"Article\",\"@id\":\"https:\\\/\\\/www.cuballama.com\\\/noticias\\\/no-hay-comida-para-darle-empeora-la-salud-del-actor-cubano-jorge-losada-en-medio-de-la-crisis\\\/#article\",\"isPartOf\":{\"@id\":\"https:\\\/\\\/www.cuballama.com\\\/noticias\\\/no-hay-comida-para-darle-empeora-la-salud-del-actor-cubano-jorge-losada-en-medio-de-la-crisis\\\/\"},\"author\":{\"name\":\"Rafa\",\"@id\":\"https:\\\/\\\/www.cuballama.com\\\/noticias\\\/#\\\/schema\\\/person\\\/0f97914526a658755f00e59ec2a832f2\"},\"headline\":\"\u201cNo hay comida para darle\u201d: Empeora la salud del actor cubano Jorge Losada en medio de la crisis\",\"datePublished\":\"2026-03-15T15:07:30+00:00\",\"dateModified\":\"2026-03-15T15:07:33+00:00\",\"mainEntityOfPage\":{\"@id\":\"https:\\\/\\\/www.cuballama.com\\\/noticias\\\/no-hay-comida-para-darle-empeora-la-salud-del-actor-cubano-jorge-losada-en-medio-de-la-crisis\\\/\"},\"wordCount\":526,\"commentCount\":0,\"publisher\":{\"@id\":\"https:\\\/\\\/www.cuballama.com\\\/noticias\\\/#organization\"},\"image\":{\"@id\":\"https:\\\/\\\/www.cuballama.com\\\/noticias\\\/no-hay-comida-para-darle-empeora-la-salud-del-actor-cubano-jorge-losada-en-medio-de-la-crisis\\\/#primaryimage\"},\"thumbnailUrl\":\"https:\\\/\\\/cdn1.mediawpaccore.net\\\/wp-content\\\/uploads\\\/2025\\\/06\\\/17081504\\\/Captura-de-pantalla-2025-06-17-a-las-14.07.39.png\",\"keywords\":[\"actor cubano\",\"Ancianos en Cuba\",\"Crisis en Cuba\",\"Jorge Losada\",\"vejez en Cuba\"],\"articleSection\":[\"Noticias de Cuba\"],\"inLanguage\":\"es\",\"potentialAction\":[{\"@type\":\"CommentAction\",\"name\":\"Comment\",\"target\":[\"https:\\\/\\\/www.cuballama.com\\\/noticias\\\/no-hay-comida-para-darle-empeora-la-salud-del-actor-cubano-jorge-losada-en-medio-de-la-crisis\\\/#respond\"]}]},{\"@type\":\"WebPage\",\"@id\":\"https:\\\/\\\/www.cuballama.com\\\/noticias\\\/no-hay-comida-para-darle-empeora-la-salud-del-actor-cubano-jorge-losada-en-medio-de-la-crisis\\\/\",\"url\":\"https:\\\/\\\/www.cuballama.com\\\/noticias\\\/no-hay-comida-para-darle-empeora-la-salud-del-actor-cubano-jorge-losada-en-medio-de-la-crisis\\\/\",\"name\":\"\u201cNo hay comida para darle\u201d: Empeora la salud del actor cubano Jorge Losada en medio de la crisis - Cuballama Noticias\",\"isPartOf\":{\"@id\":\"https:\\\/\\\/www.cuballama.com\\\/noticias\\\/#website\"},\"primaryImageOfPage\":{\"@id\":\"https:\\\/\\\/www.cuballama.com\\\/noticias\\\/no-hay-comida-para-darle-empeora-la-salud-del-actor-cubano-jorge-losada-en-medio-de-la-crisis\\\/#primaryimage\"},\"image\":{\"@id\":\"https:\\\/\\\/www.cuballama.com\\\/noticias\\\/no-hay-comida-para-darle-empeora-la-salud-del-actor-cubano-jorge-losada-en-medio-de-la-crisis\\\/#primaryimage\"},\"thumbnailUrl\":\"https:\\\/\\\/cdn1.mediawpaccore.net\\\/wp-content\\\/uploads\\\/2025\\\/06\\\/17081504\\\/Captura-de-pantalla-2025-06-17-a-las-14.07.39.png\",\"datePublished\":\"2026-03-15T15:07:30+00:00\",\"dateModified\":\"2026-03-15T15:07:33+00:00\",\"description\":\"La situaci\u00f3n de salud del reconocido actor cubano Jorge Losada, de 92 a\u00f1os, ha vuelto a generar preocupaci\u00f3n\",\"breadcrumb\":{\"@id\":\"https:\\\/\\\/www.cuballama.com\\\/noticias\\\/no-hay-comida-para-darle-empeora-la-salud-del-actor-cubano-jorge-losada-en-medio-de-la-crisis\\\/#breadcrumb\"},\"inLanguage\":\"es\",\"potentialAction\":[{\"@type\":\"ReadAction\",\"target\":[\"https:\\\/\\\/www.cuballama.com\\\/noticias\\\/no-hay-comida-para-darle-empeora-la-salud-del-actor-cubano-jorge-losada-en-medio-de-la-crisis\\\/\"]}]},{\"@type\":\"ImageObject\",\"inLanguage\":\"es\",\"@id\":\"https:\\\/\\\/www.cuballama.com\\\/noticias\\\/no-hay-comida-para-darle-empeora-la-salud-del-actor-cubano-jorge-losada-en-medio-de-la-crisis\\\/#primaryimage\",\"url\":\"https:\\\/\\\/cdn1.mediawpaccore.net\\\/wp-content\\\/uploads\\\/2025\\\/06\\\/17081504\\\/Captura-de-pantalla-2025-06-17-a-las-14.07.39.png\",\"contentUrl\":\"https:\\\/\\\/cdn1.mediawpaccore.net\\\/wp-content\\\/uploads\\\/2025\\\/06\\\/17081504\\\/Captura-de-pantalla-2025-06-17-a-las-14.07.39.png\",\"width\":1164,\"height\":824,\"caption\":\"Foto: Luis Lacosta\\\/Facebook\"},{\"@type\":\"BreadcrumbList\",\"@id\":\"https:\\\/\\\/www.cuballama.com\\\/noticias\\\/no-hay-comida-para-darle-empeora-la-salud-del-actor-cubano-jorge-losada-en-medio-de-la-crisis\\\/#breadcrumb\",\"itemListElement\":[{\"@type\":\"ListItem\",\"position\":1,\"name\":\"Home\",\"item\":\"https:\\\/\\\/www.cuballama.com\\\/noticias\\\/\"},{\"@type\":\"ListItem\",\"position\":2,\"name\":\"\u201cNo hay comida para darle\u201d: Empeora la salud del actor cubano Jorge Losada en medio de la crisis\"}]},{\"@type\":\"WebSite\",\"@id\":\"https:\\\/\\\/www.cuballama.com\\\/noticias\\\/#website\",\"url\":\"https:\\\/\\\/www.cuballama.com\\\/noticias\\\/\",\"name\":\"Cuballama Noticias\",\"description\":\"Medio digital sobre Cuba y el mundo\",\"publisher\":{\"@id\":\"https:\\\/\\\/www.cuballama.com\\\/noticias\\\/#organization\"},\"potentialAction\":[{\"@type\":\"SearchAction\",\"target\":{\"@type\":\"EntryPoint\",\"urlTemplate\":\"https:\\\/\\\/www.cuballama.com\\\/noticias\\\/?s={search_term_string}\"},\"query-input\":{\"@type\":\"PropertyValueSpecification\",\"valueRequired\":true,\"valueName\":\"search_term_string\"}}],\"inLanguage\":\"es\"},{\"@type\":\"Organization\",\"@id\":\"https:\\\/\\\/www.cuballama.com\\\/noticias\\\/#organization\",\"name\":\"Cuballama\",\"url\":\"https:\\\/\\\/www.cuballama.com\\\/noticias\\\/\",\"logo\":{\"@type\":\"ImageObject\",\"inLanguage\":\"es\",\"@id\":\"https:\\\/\\\/www.cuballama.com\\\/noticias\\\/#\\\/schema\\\/logo\\\/image\\\/\",\"url\":\"https:\\\/\\\/cdn1.mediawpaccore.net\\\/wp-content\\\/uploads\\\/2021\\\/12\\\/28171206\\\/cbll-logo-color-sm.png\",\"contentUrl\":\"https:\\\/\\\/cdn1.mediawpaccore.net\\\/wp-content\\\/uploads\\\/2021\\\/12\\\/28171206\\\/cbll-logo-color-sm.png\",\"width\":600,\"height\":133,\"caption\":\"Cuballama\"},\"image\":{\"@id\":\"https:\\\/\\\/www.cuballama.com\\\/noticias\\\/#\\\/schema\\\/logo\\\/image\\\/\"},\"sameAs\":[\"https:\\\/\\\/www.facebook.com\\\/CubaLlama\",\"https:\\\/\\\/x.com\\\/cuballama\",\"https:\\\/\\\/www.instagram.com\\\/stories\\\/cuballama_oficial\\\/\",\"https:\\\/\\\/www.youtube.com\\\/channel\\\/UCKkFE-d_axENGZcrc4as0IA\"]},{\"@type\":\"Person\",\"@id\":\"https:\\\/\\\/www.cuballama.com\\\/noticias\\\/#\\\/schema\\\/person\\\/0f97914526a658755f00e59ec2a832f2\",\"name\":\"Rafa\",\"url\":\"https:\\\/\\\/www.cuballama.com\\\/noticias\\\/author\\\/rafa\\\/\"}]}<\/script>\n<!-- \/ Yoast SEO plugin. -->","yoast_head_json":{"title":"\u201cNo hay comida para darle\u201d: Empeora la salud del actor cubano Jorge Losada en medio de la crisis - Cuballama Noticias","description":"La situaci\u00f3n de salud del reconocido actor cubano Jorge Losada, de 92 a\u00f1os, ha vuelto a generar preocupaci\u00f3n","robots":{"index":"index","follow":"follow","max-snippet":"max-snippet:-1","max-image-preview":"max-image-preview:large","max-video-preview":"max-video-preview:-1"},"canonical":"https:\/\/www.cuballama.com\/noticias\/no-hay-comida-para-darle-empeora-la-salud-del-actor-cubano-jorge-losada-en-medio-de-la-crisis\/","og_locale":"es_ES","og_type":"article","og_title":"\u201cNo hay comida para darle\u201d: Empeora la salud del actor cubano Jorge Losada en medio de la crisis - Cuballama Noticias","og_description":"La situaci\u00f3n de salud del reconocido actor cubano Jorge Losada, de 92 a\u00f1os, ha vuelto a generar preocupaci\u00f3n","og_url":"https:\/\/www.cuballama.com\/noticias\/no-hay-comida-para-darle-empeora-la-salud-del-actor-cubano-jorge-losada-en-medio-de-la-crisis\/","og_site_name":"Cuballama Noticias","article_publisher":"https:\/\/www.facebook.com\/CubaLlama","article_published_time":"2026-03-15T15:07:30+00:00","article_modified_time":"2026-03-15T15:07:33+00:00","og_image":[{"width":1164,"height":824,"url":"https:\/\/cdn1.mediawpaccore.net\/wp-content\/uploads\/2025\/06\/17081504\/Captura-de-pantalla-2025-06-17-a-las-14.07.39.png","type":"image\/png"}],"author":"Rafa","twitter_card":"summary_large_image","twitter_creator":"@cuballama","twitter_site":"@cuballama","twitter_misc":{"Escrito por":"Rafa","Tiempo de lectura":"3 minutos"},"schema":{"@context":"https:\/\/schema.org","@graph":[{"@type":"Article","@id":"https:\/\/www.cuballama.com\/noticias\/no-hay-comida-para-darle-empeora-la-salud-del-actor-cubano-jorge-losada-en-medio-de-la-crisis\/#article","isPartOf":{"@id":"https:\/\/www.cuballama.com\/noticias\/no-hay-comida-para-darle-empeora-la-salud-del-actor-cubano-jorge-losada-en-medio-de-la-crisis\/"},"author":{"name":"Rafa","@id":"https:\/\/www.cuballama.com\/noticias\/#\/schema\/person\/0f97914526a658755f00e59ec2a832f2"},"headline":"\u201cNo hay comida para darle\u201d: Empeora la salud del actor cubano Jorge Losada en medio de la crisis","datePublished":"2026-03-15T15:07:30+00:00","dateModified":"2026-03-15T15:07:33+00:00","mainEntityOfPage":{"@id":"https:\/\/www.cuballama.com\/noticias\/no-hay-comida-para-darle-empeora-la-salud-del-actor-cubano-jorge-losada-en-medio-de-la-crisis\/"},"wordCount":526,"commentCount":0,"publisher":{"@id":"https:\/\/www.cuballama.com\/noticias\/#organization"},"image":{"@id":"https:\/\/www.cuballama.com\/noticias\/no-hay-comida-para-darle-empeora-la-salud-del-actor-cubano-jorge-losada-en-medio-de-la-crisis\/#primaryimage"},"thumbnailUrl":"https:\/\/cdn1.mediawpaccore.net\/wp-content\/uploads\/2025\/06\/17081504\/Captura-de-pantalla-2025-06-17-a-las-14.07.39.png","keywords":["actor cubano","Ancianos en Cuba","Crisis en Cuba","Jorge Losada","vejez en Cuba"],"articleSection":["Noticias de Cuba"],"inLanguage":"es","potentialAction":[{"@type":"CommentAction","name":"Comment","target":["https:\/\/www.cuballama.com\/noticias\/no-hay-comida-para-darle-empeora-la-salud-del-actor-cubano-jorge-losada-en-medio-de-la-crisis\/#respond"]}]},{"@type":"WebPage","@id":"https:\/\/www.cuballama.com\/noticias\/no-hay-comida-para-darle-empeora-la-salud-del-actor-cubano-jorge-losada-en-medio-de-la-crisis\/","url":"https:\/\/www.cuballama.com\/noticias\/no-hay-comida-para-darle-empeora-la-salud-del-actor-cubano-jorge-losada-en-medio-de-la-crisis\/","name":"\u201cNo hay comida para darle\u201d: Empeora la salud del actor cubano Jorge Losada en medio de la crisis - Cuballama Noticias","isPartOf":{"@id":"https:\/\/www.cuballama.com\/noticias\/#website"},"primaryImageOfPage":{"@id":"https:\/\/www.cuballama.com\/noticias\/no-hay-comida-para-darle-empeora-la-salud-del-actor-cubano-jorge-losada-en-medio-de-la-crisis\/#primaryimage"},"image":{"@id":"https:\/\/www.cuballama.com\/noticias\/no-hay-comida-para-darle-empeora-la-salud-del-actor-cubano-jorge-losada-en-medio-de-la-crisis\/#primaryimage"},"thumbnailUrl":"https:\/\/cdn1.mediawpaccore.net\/wp-content\/uploads\/2025\/06\/17081504\/Captura-de-pantalla-2025-06-17-a-las-14.07.39.png","datePublished":"2026-03-15T15:07:30+00:00","dateModified":"2026-03-15T15:07:33+00:00","description":"La situaci\u00f3n de salud del reconocido actor cubano Jorge Losada, de 92 a\u00f1os, ha vuelto a generar preocupaci\u00f3n","breadcrumb":{"@id":"https:\/\/www.cuballama.com\/noticias\/no-hay-comida-para-darle-empeora-la-salud-del-actor-cubano-jorge-losada-en-medio-de-la-crisis\/#breadcrumb"},"inLanguage":"es","potentialAction":[{"@type":"ReadAction","target":["https:\/\/www.cuballama.com\/noticias\/no-hay-comida-para-darle-empeora-la-salud-del-actor-cubano-jorge-losada-en-medio-de-la-crisis\/"]}]},{"@type":"ImageObject","inLanguage":"es","@id":"https:\/\/www.cuballama.com\/noticias\/no-hay-comida-para-darle-empeora-la-salud-del-actor-cubano-jorge-losada-en-medio-de-la-crisis\/#primaryimage","url":"https:\/\/cdn1.mediawpaccore.net\/wp-content\/uploads\/2025\/06\/17081504\/Captura-de-pantalla-2025-06-17-a-las-14.07.39.png","contentUrl":"https:\/\/cdn1.mediawpaccore.net\/wp-content\/uploads\/2025\/06\/17081504\/Captura-de-pantalla-2025-06-17-a-las-14.07.39.png","width":1164,"height":824,"caption":"Foto: Luis Lacosta\/Facebook"},{"@type":"BreadcrumbList","@id":"https:\/\/www.cuballama.com\/noticias\/no-hay-comida-para-darle-empeora-la-salud-del-actor-cubano-jorge-losada-en-medio-de-la-crisis\/#breadcrumb","itemListElement":[{"@type":"ListItem","position":1,"name":"Home","item":"https:\/\/www.cuballama.com\/noticias\/"},{"@type":"ListItem","position":2,"name":"\u201cNo hay comida para darle\u201d: Empeora la salud del actor cubano Jorge Losada en medio de la crisis"}]},{"@type":"WebSite","@id":"https:\/\/www.cuballama.com\/noticias\/#website","url":"https:\/\/www.cuballama.com\/noticias\/","name":"Cuballama Noticias","description":"Medio digital sobre Cuba y el mundo","publisher":{"@id":"https:\/\/www.cuballama.com\/noticias\/#organization"},"potentialAction":[{"@type":"SearchAction","target":{"@type":"EntryPoint","urlTemplate":"https:\/\/www.cuballama.com\/noticias\/?s={search_term_string}"},"query-input":{"@type":"PropertyValueSpecification","valueRequired":true,"valueName":"search_term_string"}}],"inLanguage":"es"},{"@type":"Organization","@id":"https:\/\/www.cuballama.com\/noticias\/#organization","name":"Cuballama","url":"https:\/\/www.cuballama.com\/noticias\/","logo":{"@type":"ImageObject","inLanguage":"es","@id":"https:\/\/www.cuballama.com\/noticias\/#\/schema\/logo\/image\/","url":"https:\/\/cdn1.mediawpaccore.net\/wp-content\/uploads\/2021\/12\/28171206\/cbll-logo-color-sm.png","contentUrl":"https:\/\/cdn1.mediawpaccore.net\/wp-content\/uploads\/2021\/12\/28171206\/cbll-logo-color-sm.png","width":600,"height":133,"caption":"Cuballama"},"image":{"@id":"https:\/\/www.cuballama.com\/noticias\/#\/schema\/logo\/image\/"},"sameAs":["https:\/\/www.facebook.com\/CubaLlama","https:\/\/x.com\/cuballama","https:\/\/www.instagram.com\/stories\/cuballama_oficial\/","https:\/\/www.youtube.com\/channel\/UCKkFE-d_axENGZcrc4as0IA"]},{"@type":"Person","@id":"https:\/\/www.cuballama.com\/noticias\/#\/schema\/person\/0f97914526a658755f00e59ec2a832f2","name":"Rafa","url":"https:\/\/www.cuballama.com\/noticias\/author\/rafa\/"}]}},"_links":{"self":[{"href":"https:\/\/www.cuballama.com\/noticias\/wp-json\/wp\/v2\/posts\/238227","targetHints":{"allow":["GET"]}}],"collection":[{"href":"https:\/\/www.cuballama.com\/noticias\/wp-json\/wp\/v2\/posts"}],"about":[{"href":"https:\/\/www.cuballama.com\/noticias\/wp-json\/wp\/v2\/types\/post"}],"author":[{"embeddable":true,"href":"https:\/\/www.cuballama.com\/noticias\/wp-json\/wp\/v2\/users\/27"}],"replies":[{"embeddable":true,"href":"https:\/\/www.cuballama.com\/noticias\/wp-json\/wp\/v2\/comments?post=238227"}],"version-history":[{"count":1,"href":"https:\/\/www.cuballama.com\/noticias\/wp-json\/wp\/v2\/posts\/238227\/revisions"}],"predecessor-version":[{"id":238228,"href":"https:\/\/www.cuballama.com\/noticias\/wp-json\/wp\/v2\/posts\/238227\/revisions\/238228"}],"wp:featuredmedia":[{"embeddable":true,"href":"https:\/\/www.cuballama.com\/noticias\/wp-json\/wp\/v2\/media\/210642"}],"wp:attachment":[{"href":"https:\/\/www.cuballama.com\/noticias\/wp-json\/wp\/v2\/media?parent=238227"}],"wp:term":[{"taxonomy":"category","embeddable":true,"href":"https:\/\/www.cuballama.com\/noticias\/wp-json\/wp\/v2\/categories?post=238227"},{"taxonomy":"post_tag","embeddable":true,"href":"https:\/\/www.cuballama.com\/noticias\/wp-json\/wp\/v2\/tags?post=238227"}],"curies":[{"name":"wp","href":"https:\/\/api.w.org\/{rel}","templated":true}]}}