{"id":238223,"date":"2026-03-15T09:14:43","date_gmt":"2026-03-15T13:14:43","guid":{"rendered":"https:\/\/www.cuballama.com\/noticias\/?p=238223"},"modified":"2026-03-15T09:14:45","modified_gmt":"2026-03-15T13:14:45","slug":"el-video-de-amelia-calzadilla-que-esta-dando-la-vuelta-al-mundo-que-quede-claro-nosotros-vamos-a-regresar","status":"publish","type":"post","link":"https:\/\/www.cuballama.com\/noticias\/el-video-de-amelia-calzadilla-que-esta-dando-la-vuelta-al-mundo-que-quede-claro-nosotros-vamos-a-regresar\/","title":{"rendered":"El video de Amelia Calzadilla que est\u00e1 dando la vuelta al mundo: \u201cQue quede claro, nosotros vamos a regresar\u201d"},"content":{"rendered":"\n<p>El poderoso discurso de la cubana Amelia Calzadilla frente a la embajada del r\u00e9gimen en Madrid ha conmovido a miles de personas alrededor del mundo. La activista encabez\u00f3 este fin de semana una de las protestas m\u00e1s sonadas del exilio tras m\u00e1s de una semana de manifestaciones en Cuba.<\/p>\n\n\n\n<p>\u201cMientras un pueblo hambriento y psicol\u00f3gicamente da\u00f1ado estaba pidiendo lo m\u00e1s justo, que es la libertad, el r\u00e9gimen respondi\u00f3 con violencia\u201d, dijo Calzadilla ante una multitud de decenas de cubanos que denunciaban el s\u00e1bado la represi\u00f3n contra los manifestantes en Mor\u00f3n, Ciego de \u00c1vila.<\/p>\n\n\n\n<p>Aunque la protesta cont\u00f3 con la participaci\u00f3n de varios activistas y ciudadanos, fue la intervenci\u00f3n de Calzadilla la que concentr\u00f3 la atenci\u00f3n de los asistentes. \u201cQue quede claro, nosotros vamos a regresar para reconstruir nuestra naci\u00f3n, as\u00ed que sigan grabando, porque estas son las caras que van a ver en todas las calles de Cuba\u201d, expres\u00f3, dirigi\u00e9ndose a los diplom\u00e1ticos que grababan la protesta desde la sede consular.<\/p>\n\n\n\n<iframe loading=\"lazy\" src=\"https:\/\/www.facebook.com\/plugins\/video.php?height=476&#038;href=https%3A%2F%2Fwww.facebook.com%2Freel%2F950612820746007%2F&#038;show_text=false&#038;width=267&#038;t=0\" width=\"267\" height=\"476\" style=\"border:none;overflow:hidden\" scrolling=\"no\" frameborder=\"0\" allowfullscreen=\"true\" allow=\"autoplay; clipboard-write; encrypted-media; picture-in-picture; web-share\" allowFullScreen=\"true\"><\/iframe>\n\n\n\n<p>El gesto gener\u00f3 aplausos entre los asistentes, que durante la manifestaci\u00f3n corearon consignas en apoyo a quienes protestan dentro de la isla. Calzadilla insisti\u00f3 en que la lucha por las libertades civiles en Cuba no puede plantearse como una petici\u00f3n resignada, sino como una exigencia colectiva.<\/p>\n\n\n\n<p>\u201cLa libertad no es una cosa que nosotros vamos a mendigar, porque la libertad se pide de pie, no de enojo. Nosotros estamos aqu\u00ed pidiendo lo que nos corresponde, lo que nuestro pueblo se merece, lo que lleva a\u00f1os luchando\u201d.<\/p>\n\n\n\n<p><strong>Lea m\u00e1s: <a href=\"https:\/\/www.cuballama.com\/noticias\/diaz-canel-se-pronuncia-tras-protestas-en-moron-no-habra-impunidad\/\" target=\"_blank\" rel=\"noreferrer noopener\">D\u00edaz-Canel se pronuncia tras protestas en Mor\u00f3n: \u201cNo habr\u00e1 impunidad\u201d<\/a><\/strong><\/p>\n\n\n\n<p>Durante su intervenci\u00f3n, la activista tambi\u00e9n reflexion\u00f3 sobre la relaci\u00f3n entre el exilio cubano y quienes permanecen en el pa\u00eds. \u201cLos que est\u00e1n adentro son nuestras familias, nuestros amigos\u201d, dijo, recordando que gran parte de quienes viven fuera siguen conectados emocionalmente con la realidad cotidiana de la isla. \u201cHemos logrado huir del problema, pero el problema no huye de nosotros\u201d.<\/p>\n\n\n\n<iframe loading=\"lazy\" src=\"https:\/\/www.facebook.com\/plugins\/post.php?href=https%3A%2F%2Fwww.facebook.com%2Fpermalink.php%3Fstory_fbid%3Dpfbid0QkDbwangmPmWZjSUSYikAGky7uxmPYB4hT8UyRyRWzK95iyhPbj36X7gqMTrxNz7l%26id%3D61559641311874&#038;show_text=true&#038;width=500\" width=\"500\" height=\"208\" style=\"border:none;overflow:hidden\" scrolling=\"no\" frameborder=\"0\" allowfullscreen=\"true\" allow=\"autoplay; clipboard-write; encrypted-media; picture-in-picture; web-share\"><\/iframe>\n\n\n\n<p>El mensaje reson\u00f3 entre muchos asistentes que, como ella, mantienen v\u00ednculos familiares directos con Cuba. \u201cEstamos aqu\u00ed para pedir lo justo: \u00a1abajo la dictadura de los Castro!\u201d<\/p>\n\n\n\n<p>Amelia Calzadilla, de 35 a\u00f1os, se hizo conocida en 2022 cuando public\u00f3 en redes sociales un video denunciando los problemas de la ciudadan\u00eda para acceder a servicios b\u00e1sicos como el gas. La grabaci\u00f3n se viraliz\u00f3 r\u00e1pidamente, convirti\u00e9ndola en una de las voces m\u00e1s visibles del descontento ciudadano durante ese per\u00edodo. En 2025, se vio obligada a emigrar a Espa\u00f1a, desde donde contin\u00faa participando activamente en protestas y campa\u00f1as de denuncia.<\/p>\n\n\n\n<iframe loading=\"lazy\" src=\"https:\/\/www.facebook.com\/plugins\/video.php?height=476&#038;href=https%3A%2F%2Fwww.facebook.com%2Freel%2F943579801478674%2F&#038;show_text=false&#038;width=267&#038;t=0\" width=\"267\" height=\"476\" style=\"border:none;overflow:hidden\" scrolling=\"no\" frameborder=\"0\" allowfullscreen=\"true\" allow=\"autoplay; clipboard-write; encrypted-media; picture-in-picture; web-share\" allowFullScreen=\"true\"><\/iframe>\n\n\n\n<p>Las manifestaciones recientes en Mor\u00f3n, donde se reporta al menos un herido de bala, forman parte de un escenario m\u00e1s amplio de tensi\u00f3n social en Cuba. El pa\u00eds enfrenta cortes el\u00e9ctricos prolongados, escasez de alimentos y una situaci\u00f3n econ\u00f3mica que se ha deteriorado notablemente en los \u00faltimos a\u00f1os.<\/p>\n\n\n\n<p>En varias ciudades se han reportado protestas espont\u00e1neas, muchas de ellas motivadas por los apagones que, en algunas zonas, superan las 15 o 20 horas diarias. Las manifestaciones, que se han extendido en pocas horas a provincias como Holgu\u00edn o Santiago de Cuba, coinciden con un proceso hist\u00f3rico de negociaciones entre los altos cargos del r\u00e9gimen y la administraci\u00f3n del presidente estadounidense Donald Trump.<\/p>\n\n\n\n<p>Organizaciones del exilio han anunciado una nueva concentraci\u00f3n en la capital espa\u00f1ola el pr\u00f3ximo 19 de marzo, con la intenci\u00f3n de mantener la presi\u00f3n internacional sobre el gobierno cubano y visibilizar la crisis que atraviesa el pa\u00eds.<\/p>\n","protected":false},"excerpt":{"rendered":"<p>Calzadilla encabez\u00f3 una manifestaci\u00f3n de decenas de cubanos frente a la embajada del r\u00e9gimen en Madrid<\/p>\n","protected":false},"author":27,"featured_media":238224,"comment_status":"open","ping_status":"closed","sticky":false,"template":"","format":"standard","meta":{"_acf_changed":false,"footnotes":""},"categories":[955],"tags":[13254,10867,6333,9986],"class_list":{"0":"post-238223","1":"post","2":"type-post","3":"status-publish","4":"format-standard","5":"has-post-thumbnail","7":"category-noticias-de-cuba","8":"tag-amelia-calzadilla","10":"tag-cubanos-en-espana","11":"tag-protestas-en-cuba"},"acf":[],"yoast_head":"<!-- This site is optimized with the Yoast SEO plugin v27.5 - https:\/\/yoast.com\/product\/yoast-seo-wordpress\/ -->\n<title>El video de Amelia Calzadilla que est\u00e1 dando la vuelta al mundo: \u201cQue quede claro, nosotros vamos a regresar\u201d - Cuballama Noticias<\/title>\n<meta name=\"description\" content=\"El poderoso discurso de la cubana Amelia Calzadilla frente a la embajada del r\u00e9gimen en Madrid ha conmovido a miles de personas\" \/>\n<meta name=\"robots\" content=\"index, follow, max-snippet:-1, max-image-preview:large, max-video-preview:-1\" \/>\n<link rel=\"canonical\" href=\"https:\/\/www.cuballama.com\/noticias\/el-video-de-amelia-calzadilla-que-esta-dando-la-vuelta-al-mundo-que-quede-claro-nosotros-vamos-a-regresar\/\" \/>\n<meta property=\"og:locale\" content=\"es_ES\" \/>\n<meta property=\"og:type\" content=\"article\" \/>\n<meta property=\"og:title\" content=\"El video de Amelia Calzadilla que est\u00e1 dando la vuelta al mundo: \u201cQue quede claro, nosotros vamos a regresar\u201d - Cuballama Noticias\" \/>\n<meta property=\"og:description\" content=\"El poderoso discurso de la cubana Amelia Calzadilla frente a la embajada del r\u00e9gimen en Madrid ha conmovido a miles de personas\" \/>\n<meta property=\"og:url\" content=\"https:\/\/www.cuballama.com\/noticias\/el-video-de-amelia-calzadilla-que-esta-dando-la-vuelta-al-mundo-que-quede-claro-nosotros-vamos-a-regresar\/\" \/>\n<meta property=\"og:site_name\" content=\"Cuballama Noticias\" \/>\n<meta property=\"article:publisher\" content=\"https:\/\/www.facebook.com\/CubaLlama\" \/>\n<meta property=\"article:published_time\" content=\"2026-03-15T13:14:43+00:00\" \/>\n<meta property=\"article:modified_time\" content=\"2026-03-15T13:14:45+00:00\" \/>\n<meta property=\"og:image\" content=\"https:\/\/cdn1.mediawpaccore.net\/wp-content\/uploads\/2026\/03\/15084727\/Amelia-Calzadilla-protesta-frente-a-embajada-de-Cuba-en-Madrid.jpeg\" \/>\n\t<meta property=\"og:image:width\" content=\"1887\" \/>\n\t<meta property=\"og:image:height\" content=\"1208\" \/>\n\t<meta property=\"og:image:type\" content=\"image\/jpeg\" \/>\n<meta name=\"author\" content=\"Rafa\" \/>\n<meta name=\"twitter:card\" content=\"summary_large_image\" \/>\n<meta name=\"twitter:creator\" content=\"@cuballama\" \/>\n<meta name=\"twitter:site\" content=\"@cuballama\" \/>\n<meta name=\"twitter:label1\" content=\"Escrito por\" \/>\n\t<meta name=\"twitter:data1\" content=\"Rafa\" \/>\n\t<meta name=\"twitter:label2\" content=\"Tiempo de lectura\" \/>\n\t<meta name=\"twitter:data2\" content=\"3 minutos\" \/>\n<script type=\"application\/ld+json\" class=\"yoast-schema-graph\">{\"@context\":\"https:\\\/\\\/schema.org\",\"@graph\":[{\"@type\":\"Article\",\"@id\":\"https:\\\/\\\/www.cuballama.com\\\/noticias\\\/el-video-de-amelia-calzadilla-que-esta-dando-la-vuelta-al-mundo-que-quede-claro-nosotros-vamos-a-regresar\\\/#article\",\"isPartOf\":{\"@id\":\"https:\\\/\\\/www.cuballama.com\\\/noticias\\\/el-video-de-amelia-calzadilla-que-esta-dando-la-vuelta-al-mundo-que-quede-claro-nosotros-vamos-a-regresar\\\/\"},\"author\":{\"name\":\"Rafa\",\"@id\":\"https:\\\/\\\/www.cuballama.com\\\/noticias\\\/#\\\/schema\\\/person\\\/0f97914526a658755f00e59ec2a832f2\"},\"headline\":\"El video de Amelia Calzadilla que est\u00e1 dando la vuelta al mundo: \u201cQue quede claro, nosotros vamos a regresar\u201d\",\"datePublished\":\"2026-03-15T13:14:43+00:00\",\"dateModified\":\"2026-03-15T13:14:45+00:00\",\"mainEntityOfPage\":{\"@id\":\"https:\\\/\\\/www.cuballama.com\\\/noticias\\\/el-video-de-amelia-calzadilla-que-esta-dando-la-vuelta-al-mundo-que-quede-claro-nosotros-vamos-a-regresar\\\/\"},\"wordCount\":636,\"commentCount\":1,\"publisher\":{\"@id\":\"https:\\\/\\\/www.cuballama.com\\\/noticias\\\/#organization\"},\"image\":{\"@id\":\"https:\\\/\\\/www.cuballama.com\\\/noticias\\\/el-video-de-amelia-calzadilla-que-esta-dando-la-vuelta-al-mundo-que-quede-claro-nosotros-vamos-a-regresar\\\/#primaryimage\"},\"thumbnailUrl\":\"https:\\\/\\\/cdn1.mediawpaccore.net\\\/wp-content\\\/uploads\\\/2026\\\/03\\\/15084727\\\/Amelia-Calzadilla-protesta-frente-a-embajada-de-Cuba-en-Madrid.jpeg\",\"keywords\":[\"Amelia Calzadilla\",\"Crisis en Cuba\",\"Cubanos en Espa\u00f1a\",\"protestas en Cuba\"],\"articleSection\":[\"Noticias de Cuba\"],\"inLanguage\":\"es\",\"potentialAction\":[{\"@type\":\"CommentAction\",\"name\":\"Comment\",\"target\":[\"https:\\\/\\\/www.cuballama.com\\\/noticias\\\/el-video-de-amelia-calzadilla-que-esta-dando-la-vuelta-al-mundo-que-quede-claro-nosotros-vamos-a-regresar\\\/#respond\"]}]},{\"@type\":\"WebPage\",\"@id\":\"https:\\\/\\\/www.cuballama.com\\\/noticias\\\/el-video-de-amelia-calzadilla-que-esta-dando-la-vuelta-al-mundo-que-quede-claro-nosotros-vamos-a-regresar\\\/\",\"url\":\"https:\\\/\\\/www.cuballama.com\\\/noticias\\\/el-video-de-amelia-calzadilla-que-esta-dando-la-vuelta-al-mundo-que-quede-claro-nosotros-vamos-a-regresar\\\/\",\"name\":\"El video de Amelia Calzadilla que est\u00e1 dando la vuelta al mundo: \u201cQue quede claro, nosotros vamos a regresar\u201d - Cuballama Noticias\",\"isPartOf\":{\"@id\":\"https:\\\/\\\/www.cuballama.com\\\/noticias\\\/#website\"},\"primaryImageOfPage\":{\"@id\":\"https:\\\/\\\/www.cuballama.com\\\/noticias\\\/el-video-de-amelia-calzadilla-que-esta-dando-la-vuelta-al-mundo-que-quede-claro-nosotros-vamos-a-regresar\\\/#primaryimage\"},\"image\":{\"@id\":\"https:\\\/\\\/www.cuballama.com\\\/noticias\\\/el-video-de-amelia-calzadilla-que-esta-dando-la-vuelta-al-mundo-que-quede-claro-nosotros-vamos-a-regresar\\\/#primaryimage\"},\"thumbnailUrl\":\"https:\\\/\\\/cdn1.mediawpaccore.net\\\/wp-content\\\/uploads\\\/2026\\\/03\\\/15084727\\\/Amelia-Calzadilla-protesta-frente-a-embajada-de-Cuba-en-Madrid.jpeg\",\"datePublished\":\"2026-03-15T13:14:43+00:00\",\"dateModified\":\"2026-03-15T13:14:45+00:00\",\"description\":\"El poderoso discurso de la cubana Amelia Calzadilla frente a la embajada del r\u00e9gimen en Madrid ha conmovido a miles de personas\",\"breadcrumb\":{\"@id\":\"https:\\\/\\\/www.cuballama.com\\\/noticias\\\/el-video-de-amelia-calzadilla-que-esta-dando-la-vuelta-al-mundo-que-quede-claro-nosotros-vamos-a-regresar\\\/#breadcrumb\"},\"inLanguage\":\"es\",\"potentialAction\":[{\"@type\":\"ReadAction\",\"target\":[\"https:\\\/\\\/www.cuballama.com\\\/noticias\\\/el-video-de-amelia-calzadilla-que-esta-dando-la-vuelta-al-mundo-que-quede-claro-nosotros-vamos-a-regresar\\\/\"]}]},{\"@type\":\"ImageObject\",\"inLanguage\":\"es\",\"@id\":\"https:\\\/\\\/www.cuballama.com\\\/noticias\\\/el-video-de-amelia-calzadilla-que-esta-dando-la-vuelta-al-mundo-que-quede-claro-nosotros-vamos-a-regresar\\\/#primaryimage\",\"url\":\"https:\\\/\\\/cdn1.mediawpaccore.net\\\/wp-content\\\/uploads\\\/2026\\\/03\\\/15084727\\\/Amelia-Calzadilla-protesta-frente-a-embajada-de-Cuba-en-Madrid.jpeg\",\"contentUrl\":\"https:\\\/\\\/cdn1.mediawpaccore.net\\\/wp-content\\\/uploads\\\/2026\\\/03\\\/15084727\\\/Amelia-Calzadilla-protesta-frente-a-embajada-de-Cuba-en-Madrid.jpeg\",\"width\":1887,\"height\":1208,\"caption\":\"Foto: Amelia Calzadilla\\\/Facebook\"},{\"@type\":\"BreadcrumbList\",\"@id\":\"https:\\\/\\\/www.cuballama.com\\\/noticias\\\/el-video-de-amelia-calzadilla-que-esta-dando-la-vuelta-al-mundo-que-quede-claro-nosotros-vamos-a-regresar\\\/#breadcrumb\",\"itemListElement\":[{\"@type\":\"ListItem\",\"position\":1,\"name\":\"Home\",\"item\":\"https:\\\/\\\/www.cuballama.com\\\/noticias\\\/\"},{\"@type\":\"ListItem\",\"position\":2,\"name\":\"El video de Amelia Calzadilla que est\u00e1 dando la vuelta al mundo: \u201cQue quede claro, nosotros vamos a regresar\u201d\"}]},{\"@type\":\"WebSite\",\"@id\":\"https:\\\/\\\/www.cuballama.com\\\/noticias\\\/#website\",\"url\":\"https:\\\/\\\/www.cuballama.com\\\/noticias\\\/\",\"name\":\"Cuballama Noticias\",\"description\":\"Medio digital sobre Cuba y el mundo\",\"publisher\":{\"@id\":\"https:\\\/\\\/www.cuballama.com\\\/noticias\\\/#organization\"},\"potentialAction\":[{\"@type\":\"SearchAction\",\"target\":{\"@type\":\"EntryPoint\",\"urlTemplate\":\"https:\\\/\\\/www.cuballama.com\\\/noticias\\\/?s={search_term_string}\"},\"query-input\":{\"@type\":\"PropertyValueSpecification\",\"valueRequired\":true,\"valueName\":\"search_term_string\"}}],\"inLanguage\":\"es\"},{\"@type\":\"Organization\",\"@id\":\"https:\\\/\\\/www.cuballama.com\\\/noticias\\\/#organization\",\"name\":\"Cuballama\",\"url\":\"https:\\\/\\\/www.cuballama.com\\\/noticias\\\/\",\"logo\":{\"@type\":\"ImageObject\",\"inLanguage\":\"es\",\"@id\":\"https:\\\/\\\/www.cuballama.com\\\/noticias\\\/#\\\/schema\\\/logo\\\/image\\\/\",\"url\":\"https:\\\/\\\/cdn1.mediawpaccore.net\\\/wp-content\\\/uploads\\\/2021\\\/12\\\/28171206\\\/cbll-logo-color-sm.png\",\"contentUrl\":\"https:\\\/\\\/cdn1.mediawpaccore.net\\\/wp-content\\\/uploads\\\/2021\\\/12\\\/28171206\\\/cbll-logo-color-sm.png\",\"width\":600,\"height\":133,\"caption\":\"Cuballama\"},\"image\":{\"@id\":\"https:\\\/\\\/www.cuballama.com\\\/noticias\\\/#\\\/schema\\\/logo\\\/image\\\/\"},\"sameAs\":[\"https:\\\/\\\/www.facebook.com\\\/CubaLlama\",\"https:\\\/\\\/x.com\\\/cuballama\",\"https:\\\/\\\/www.instagram.com\\\/stories\\\/cuballama_oficial\\\/\",\"https:\\\/\\\/www.youtube.com\\\/channel\\\/UCKkFE-d_axENGZcrc4as0IA\"]},{\"@type\":\"Person\",\"@id\":\"https:\\\/\\\/www.cuballama.com\\\/noticias\\\/#\\\/schema\\\/person\\\/0f97914526a658755f00e59ec2a832f2\",\"name\":\"Rafa\",\"url\":\"https:\\\/\\\/www.cuballama.com\\\/noticias\\\/author\\\/rafa\\\/\"}]}<\/script>\n<!-- \/ Yoast SEO plugin. -->","yoast_head_json":{"title":"El video de Amelia Calzadilla que est\u00e1 dando la vuelta al mundo: \u201cQue quede claro, nosotros vamos a regresar\u201d - Cuballama Noticias","description":"El poderoso discurso de la cubana Amelia Calzadilla frente a la embajada del r\u00e9gimen en Madrid ha conmovido a miles de personas","robots":{"index":"index","follow":"follow","max-snippet":"max-snippet:-1","max-image-preview":"max-image-preview:large","max-video-preview":"max-video-preview:-1"},"canonical":"https:\/\/www.cuballama.com\/noticias\/el-video-de-amelia-calzadilla-que-esta-dando-la-vuelta-al-mundo-que-quede-claro-nosotros-vamos-a-regresar\/","og_locale":"es_ES","og_type":"article","og_title":"El video de Amelia Calzadilla que est\u00e1 dando la vuelta al mundo: \u201cQue quede claro, nosotros vamos a regresar\u201d - Cuballama Noticias","og_description":"El poderoso discurso de la cubana Amelia Calzadilla frente a la embajada del r\u00e9gimen en Madrid ha conmovido a miles de personas","og_url":"https:\/\/www.cuballama.com\/noticias\/el-video-de-amelia-calzadilla-que-esta-dando-la-vuelta-al-mundo-que-quede-claro-nosotros-vamos-a-regresar\/","og_site_name":"Cuballama Noticias","article_publisher":"https:\/\/www.facebook.com\/CubaLlama","article_published_time":"2026-03-15T13:14:43+00:00","article_modified_time":"2026-03-15T13:14:45+00:00","og_image":[{"width":1887,"height":1208,"url":"https:\/\/cdn1.mediawpaccore.net\/wp-content\/uploads\/2026\/03\/15084727\/Amelia-Calzadilla-protesta-frente-a-embajada-de-Cuba-en-Madrid.jpeg","type":"image\/jpeg"}],"author":"Rafa","twitter_card":"summary_large_image","twitter_creator":"@cuballama","twitter_site":"@cuballama","twitter_misc":{"Escrito por":"Rafa","Tiempo de lectura":"3 minutos"},"schema":{"@context":"https:\/\/schema.org","@graph":[{"@type":"Article","@id":"https:\/\/www.cuballama.com\/noticias\/el-video-de-amelia-calzadilla-que-esta-dando-la-vuelta-al-mundo-que-quede-claro-nosotros-vamos-a-regresar\/#article","isPartOf":{"@id":"https:\/\/www.cuballama.com\/noticias\/el-video-de-amelia-calzadilla-que-esta-dando-la-vuelta-al-mundo-que-quede-claro-nosotros-vamos-a-regresar\/"},"author":{"name":"Rafa","@id":"https:\/\/www.cuballama.com\/noticias\/#\/schema\/person\/0f97914526a658755f00e59ec2a832f2"},"headline":"El video de Amelia Calzadilla que est\u00e1 dando la vuelta al mundo: \u201cQue quede claro, nosotros vamos a regresar\u201d","datePublished":"2026-03-15T13:14:43+00:00","dateModified":"2026-03-15T13:14:45+00:00","mainEntityOfPage":{"@id":"https:\/\/www.cuballama.com\/noticias\/el-video-de-amelia-calzadilla-que-esta-dando-la-vuelta-al-mundo-que-quede-claro-nosotros-vamos-a-regresar\/"},"wordCount":636,"commentCount":1,"publisher":{"@id":"https:\/\/www.cuballama.com\/noticias\/#organization"},"image":{"@id":"https:\/\/www.cuballama.com\/noticias\/el-video-de-amelia-calzadilla-que-esta-dando-la-vuelta-al-mundo-que-quede-claro-nosotros-vamos-a-regresar\/#primaryimage"},"thumbnailUrl":"https:\/\/cdn1.mediawpaccore.net\/wp-content\/uploads\/2026\/03\/15084727\/Amelia-Calzadilla-protesta-frente-a-embajada-de-Cuba-en-Madrid.jpeg","keywords":["Amelia Calzadilla","Crisis en Cuba","Cubanos en Espa\u00f1a","protestas en Cuba"],"articleSection":["Noticias de Cuba"],"inLanguage":"es","potentialAction":[{"@type":"CommentAction","name":"Comment","target":["https:\/\/www.cuballama.com\/noticias\/el-video-de-amelia-calzadilla-que-esta-dando-la-vuelta-al-mundo-que-quede-claro-nosotros-vamos-a-regresar\/#respond"]}]},{"@type":"WebPage","@id":"https:\/\/www.cuballama.com\/noticias\/el-video-de-amelia-calzadilla-que-esta-dando-la-vuelta-al-mundo-que-quede-claro-nosotros-vamos-a-regresar\/","url":"https:\/\/www.cuballama.com\/noticias\/el-video-de-amelia-calzadilla-que-esta-dando-la-vuelta-al-mundo-que-quede-claro-nosotros-vamos-a-regresar\/","name":"El video de Amelia Calzadilla que est\u00e1 dando la vuelta al mundo: \u201cQue quede claro, nosotros vamos a regresar\u201d - Cuballama Noticias","isPartOf":{"@id":"https:\/\/www.cuballama.com\/noticias\/#website"},"primaryImageOfPage":{"@id":"https:\/\/www.cuballama.com\/noticias\/el-video-de-amelia-calzadilla-que-esta-dando-la-vuelta-al-mundo-que-quede-claro-nosotros-vamos-a-regresar\/#primaryimage"},"image":{"@id":"https:\/\/www.cuballama.com\/noticias\/el-video-de-amelia-calzadilla-que-esta-dando-la-vuelta-al-mundo-que-quede-claro-nosotros-vamos-a-regresar\/#primaryimage"},"thumbnailUrl":"https:\/\/cdn1.mediawpaccore.net\/wp-content\/uploads\/2026\/03\/15084727\/Amelia-Calzadilla-protesta-frente-a-embajada-de-Cuba-en-Madrid.jpeg","datePublished":"2026-03-15T13:14:43+00:00","dateModified":"2026-03-15T13:14:45+00:00","description":"El poderoso discurso de la cubana Amelia Calzadilla frente a la embajada del r\u00e9gimen en Madrid ha conmovido a miles de personas","breadcrumb":{"@id":"https:\/\/www.cuballama.com\/noticias\/el-video-de-amelia-calzadilla-que-esta-dando-la-vuelta-al-mundo-que-quede-claro-nosotros-vamos-a-regresar\/#breadcrumb"},"inLanguage":"es","potentialAction":[{"@type":"ReadAction","target":["https:\/\/www.cuballama.com\/noticias\/el-video-de-amelia-calzadilla-que-esta-dando-la-vuelta-al-mundo-que-quede-claro-nosotros-vamos-a-regresar\/"]}]},{"@type":"ImageObject","inLanguage":"es","@id":"https:\/\/www.cuballama.com\/noticias\/el-video-de-amelia-calzadilla-que-esta-dando-la-vuelta-al-mundo-que-quede-claro-nosotros-vamos-a-regresar\/#primaryimage","url":"https:\/\/cdn1.mediawpaccore.net\/wp-content\/uploads\/2026\/03\/15084727\/Amelia-Calzadilla-protesta-frente-a-embajada-de-Cuba-en-Madrid.jpeg","contentUrl":"https:\/\/cdn1.mediawpaccore.net\/wp-content\/uploads\/2026\/03\/15084727\/Amelia-Calzadilla-protesta-frente-a-embajada-de-Cuba-en-Madrid.jpeg","width":1887,"height":1208,"caption":"Foto: Amelia Calzadilla\/Facebook"},{"@type":"BreadcrumbList","@id":"https:\/\/www.cuballama.com\/noticias\/el-video-de-amelia-calzadilla-que-esta-dando-la-vuelta-al-mundo-que-quede-claro-nosotros-vamos-a-regresar\/#breadcrumb","itemListElement":[{"@type":"ListItem","position":1,"name":"Home","item":"https:\/\/www.cuballama.com\/noticias\/"},{"@type":"ListItem","position":2,"name":"El video de Amelia Calzadilla que est\u00e1 dando la vuelta al mundo: \u201cQue quede claro, nosotros vamos a regresar\u201d"}]},{"@type":"WebSite","@id":"https:\/\/www.cuballama.com\/noticias\/#website","url":"https:\/\/www.cuballama.com\/noticias\/","name":"Cuballama Noticias","description":"Medio digital sobre Cuba y el mundo","publisher":{"@id":"https:\/\/www.cuballama.com\/noticias\/#organization"},"potentialAction":[{"@type":"SearchAction","target":{"@type":"EntryPoint","urlTemplate":"https:\/\/www.cuballama.com\/noticias\/?s={search_term_string}"},"query-input":{"@type":"PropertyValueSpecification","valueRequired":true,"valueName":"search_term_string"}}],"inLanguage":"es"},{"@type":"Organization","@id":"https:\/\/www.cuballama.com\/noticias\/#organization","name":"Cuballama","url":"https:\/\/www.cuballama.com\/noticias\/","logo":{"@type":"ImageObject","inLanguage":"es","@id":"https:\/\/www.cuballama.com\/noticias\/#\/schema\/logo\/image\/","url":"https:\/\/cdn1.mediawpaccore.net\/wp-content\/uploads\/2021\/12\/28171206\/cbll-logo-color-sm.png","contentUrl":"https:\/\/cdn1.mediawpaccore.net\/wp-content\/uploads\/2021\/12\/28171206\/cbll-logo-color-sm.png","width":600,"height":133,"caption":"Cuballama"},"image":{"@id":"https:\/\/www.cuballama.com\/noticias\/#\/schema\/logo\/image\/"},"sameAs":["https:\/\/www.facebook.com\/CubaLlama","https:\/\/x.com\/cuballama","https:\/\/www.instagram.com\/stories\/cuballama_oficial\/","https:\/\/www.youtube.com\/channel\/UCKkFE-d_axENGZcrc4as0IA"]},{"@type":"Person","@id":"https:\/\/www.cuballama.com\/noticias\/#\/schema\/person\/0f97914526a658755f00e59ec2a832f2","name":"Rafa","url":"https:\/\/www.cuballama.com\/noticias\/author\/rafa\/"}]}},"_links":{"self":[{"href":"https:\/\/www.cuballama.com\/noticias\/wp-json\/wp\/v2\/posts\/238223","targetHints":{"allow":["GET"]}}],"collection":[{"href":"https:\/\/www.cuballama.com\/noticias\/wp-json\/wp\/v2\/posts"}],"about":[{"href":"https:\/\/www.cuballama.com\/noticias\/wp-json\/wp\/v2\/types\/post"}],"author":[{"embeddable":true,"href":"https:\/\/www.cuballama.com\/noticias\/wp-json\/wp\/v2\/users\/27"}],"replies":[{"embeddable":true,"href":"https:\/\/www.cuballama.com\/noticias\/wp-json\/wp\/v2\/comments?post=238223"}],"version-history":[{"count":1,"href":"https:\/\/www.cuballama.com\/noticias\/wp-json\/wp\/v2\/posts\/238223\/revisions"}],"predecessor-version":[{"id":238225,"href":"https:\/\/www.cuballama.com\/noticias\/wp-json\/wp\/v2\/posts\/238223\/revisions\/238225"}],"wp:featuredmedia":[{"embeddable":true,"href":"https:\/\/www.cuballama.com\/noticias\/wp-json\/wp\/v2\/media\/238224"}],"wp:attachment":[{"href":"https:\/\/www.cuballama.com\/noticias\/wp-json\/wp\/v2\/media?parent=238223"}],"wp:term":[{"taxonomy":"category","embeddable":true,"href":"https:\/\/www.cuballama.com\/noticias\/wp-json\/wp\/v2\/categories?post=238223"},{"taxonomy":"post_tag","embeddable":true,"href":"https:\/\/www.cuballama.com\/noticias\/wp-json\/wp\/v2\/tags?post=238223"}],"curies":[{"name":"wp","href":"https:\/\/api.w.org\/{rel}","templated":true}]}}