{"id":238205,"date":"2026-03-16T07:00:00","date_gmt":"2026-03-16T11:00:00","guid":{"rendered":"https:\/\/www.cuballama.com\/noticias\/?p=238205"},"modified":"2026-03-16T01:11:46","modified_gmt":"2026-03-16T05:11:46","slug":"actor-ray-cruz-se-desmorona-al-hablar-de-cuba-no-se-salva-ni-en-esta-ni-en-tres-vidas","status":"publish","type":"post","link":"https:\/\/www.cuballama.com\/noticias\/actor-ray-cruz-se-desmorona-al-hablar-de-cuba-no-se-salva-ni-en-esta-ni-en-tres-vidas\/","title":{"rendered":"Actor Ray Cruz se desmorona al hablar de Cuba: \u201cNo se salva ni en esta ni en tres vidas\u201d"},"content":{"rendered":"\n<p>El actor cubano Ray Cruz comparti\u00f3 este fin de semana una triste reflexi\u00f3n sobre la isla, que vive una de las peores crisis de su historia.<\/p>\n\n\n\n<p>\u201c\u00bfQu\u00e9 pasa con las horas que se van a oscuras donde uno no hace nada m\u00e1s que esperar y esperar y se vuelve eterno todo lo que no llega?\u201d, se pregunt\u00f3 en un mensaje que public\u00f3 en redes sociales.&nbsp;<\/p>\n\n\n\n<p>\u201c\u00bfQu\u00e9 sucede cuando la noche, que siempre fue algo asociado con el romance, con la Bohemia, con el Malec\u00f3n habanero, se ha convertido en un pozo oscuro donde los ecos no se oyen, porque no se dice nada?\u201d, expres\u00f3 el popular artista al pie de una fotograf\u00eda que muestra su rostro desolado junto a su mascota en medio de un apag\u00f3n.<\/p>\n\n\n\n<p>\u201c\u00bfCu\u00e1ndo perdimos las ganas de echar pa&#8217;lante en buen cubano, de amanecer para salir a la calle a luchar la vida? Eso nos manten\u00eda unidos y sobre todo so\u00f1ando. \u00bfCu\u00e1ndo perdimos los sue\u00f1os?\u201d, quiso saber el int\u00e9rprete de telenovelas como <em>Latidos compartidos<\/em> y<em> Tan lejos y tan cerca<\/em>, y pel\u00edculas como<em> Inocencia<\/em>.<\/p>\n\n\n\n<iframe loading=\"lazy\" src=\"https:\/\/www.facebook.com\/plugins\/post.php?href=https%3A%2F%2Fwww.facebook.com%2Fpermalink.php%3Fstory_fbid%3Dpfbid025cXpvakLVVHHkaN6BdNTW7ZzjbpipekE6tXgJJgWJW6Q7NkDH5UWpJ3oRBufVtyvl%26id%3D100012527324303&#038;show_text=true&#038;width=500\" width=\"500\" height=\"705\" style=\"border:none;overflow:hidden\" scrolling=\"no\" frameborder=\"0\" allowfullscreen=\"true\" allow=\"autoplay; clipboard-write; encrypted-media; picture-in-picture; web-share\"><\/iframe>\n\n\n\n<p>\u201cCuando el d\u00eda a d\u00eda se vuelve un desprop\u00f3sito donde no importa en tu mente nada m\u00e1s que tener unas horas de luz, ya casi nada queda\u2026 Quedan un Morro a oscuras, unas calles vac\u00edas de romance y llenas de tristeza, un Prado con leones que si pudiesen romper el hierro se habr\u00edan comido a m\u00e1s de uno.&nbsp;<\/p>\n\n\n\n<p>\u201cQueda una isla vac\u00eda en medio del mar, vac\u00eda no porque no hayan habitantes sino porque no hay fe, ni ganas, ni deseos, ni pasi\u00f3n y eso es lo m\u00e1s vac\u00edo que se puede estar\u201d, dijo sobre una isla que, seg\u00fan \u00e9l, \u201cno se salva, ni en esta, ni en tres vidas m\u00e1s\u201d.<\/p>\n\n\n\n<p>Las melanc\u00f3licas palabras de Cruz llegan en medio de un panorama marcado por prolongados apagones y la falta de los productos m\u00e1s b\u00e1sicos.<\/p>\n\n\n\n<p>Este domingo se reportaron protestas nocturnas por d\u00e9cimo d\u00eda consecutivo en Cuba, cuya situaci\u00f3n se ha agravado profundamente despu\u00e9s de que el presidente de Estados Unidos, Donald Trump, cortara el flujo de petr\u00f3leo hacia la isla.&nbsp;<\/p>\n\n\n\n<p>No obstante, los cubanos han levantado sus voces y sonado sus calderos en las \u00faltimas semanas no solo pidiendo \u201ccorriente\u201d o \u201ccomida\u201d, sino tambi\u00e9n \u201clibertad\u201d y el fin del comunismo.<\/p>\n\n\n\n<p>En tanto, el gobierno cubano reconoci\u00f3 que est\u00e1 dispuesto a entablar un di\u00e1logo, pero no sus \u201casuntos internos\u201d; y Trump ha insistido en que atender\u00e1 a Cuba cuando \u201cacabe\u201d con Ir\u00e1n.<\/p>\n","protected":false},"excerpt":{"rendered":"<p>El artista hizo una profunda reflexi\u00f3n sobre la triste realidad cubana.<\/p>\n","protected":false},"author":30,"featured_media":238213,"comment_status":"open","ping_status":"closed","sticky":false,"template":"","format":"standard","meta":{"_acf_changed":false,"footnotes":""},"categories":[18,955],"tags":[5007,10867,941,17189],"class_list":{"0":"post-238205","1":"post","2":"type-post","3":"status-publish","4":"format-standard","5":"has-post-thumbnail","7":"category-noticias","8":"category-noticias-de-cuba","9":"tag-actor-cubano","10":"tag-crisis-en-cuba","11":"tag-destacado","12":"tag-ray-cruz"},"acf":[],"yoast_head":"<!-- This site is optimized with the Yoast SEO plugin v27.5 - https:\/\/yoast.com\/product\/yoast-seo-wordpress\/ -->\n<title>Actor Ray Cruz se desmorona al hablar de Cuba: \u201cNo se salva ni en esta ni en tres vidas\u201d - Cuballama Noticias<\/title>\n<meta name=\"description\" content=\"El actor cubano Ray Cruz comparti\u00f3 una triste reflexi\u00f3n sobre la isla, que vive una de las peores crisis de su historia.\" \/>\n<meta name=\"robots\" content=\"index, follow, max-snippet:-1, max-image-preview:large, max-video-preview:-1\" \/>\n<link rel=\"canonical\" href=\"https:\/\/www.cuballama.com\/noticias\/actor-ray-cruz-se-desmorona-al-hablar-de-cuba-no-se-salva-ni-en-esta-ni-en-tres-vidas\/\" \/>\n<meta property=\"og:locale\" content=\"es_ES\" \/>\n<meta property=\"og:type\" content=\"article\" \/>\n<meta property=\"og:title\" content=\"Actor Ray Cruz se desmorona al hablar de Cuba: \u201cNo se salva ni en esta ni en tres vidas\u201d - Cuballama Noticias\" \/>\n<meta property=\"og:description\" content=\"El actor cubano Ray Cruz comparti\u00f3 una triste reflexi\u00f3n sobre la isla, que vive una de las peores crisis de su historia.\" \/>\n<meta property=\"og:url\" content=\"https:\/\/www.cuballama.com\/noticias\/actor-ray-cruz-se-desmorona-al-hablar-de-cuba-no-se-salva-ni-en-esta-ni-en-tres-vidas\/\" \/>\n<meta property=\"og:site_name\" content=\"Cuballama Noticias\" \/>\n<meta property=\"article:publisher\" content=\"https:\/\/www.facebook.com\/CubaLlama\" \/>\n<meta property=\"article:published_time\" content=\"2026-03-16T11:00:00+00:00\" \/>\n<meta property=\"og:image\" content=\"https:\/\/cdn1.mediawpaccore.net\/wp-content\/uploads\/2026\/03\/14202423\/652041977_18095862338049286_4699268797192848501_n1.jpg\" \/>\n\t<meta property=\"og:image:width\" content=\"1200\" \/>\n\t<meta property=\"og:image:height\" content=\"630\" \/>\n\t<meta property=\"og:image:type\" content=\"image\/jpeg\" \/>\n<meta name=\"author\" content=\"Kathy\" \/>\n<meta name=\"twitter:card\" content=\"summary_large_image\" \/>\n<meta name=\"twitter:creator\" content=\"@cuballama\" \/>\n<meta name=\"twitter:site\" content=\"@cuballama\" \/>\n<meta name=\"twitter:label1\" content=\"Escrito por\" \/>\n\t<meta name=\"twitter:data1\" content=\"Kathy\" \/>\n\t<meta name=\"twitter:label2\" content=\"Tiempo de lectura\" \/>\n\t<meta name=\"twitter:data2\" content=\"3 minutos\" \/>\n<script type=\"application\/ld+json\" class=\"yoast-schema-graph\">{\"@context\":\"https:\\\/\\\/schema.org\",\"@graph\":[{\"@type\":\"Article\",\"@id\":\"https:\\\/\\\/www.cuballama.com\\\/noticias\\\/actor-ray-cruz-se-desmorona-al-hablar-de-cuba-no-se-salva-ni-en-esta-ni-en-tres-vidas\\\/#article\",\"isPartOf\":{\"@id\":\"https:\\\/\\\/www.cuballama.com\\\/noticias\\\/actor-ray-cruz-se-desmorona-al-hablar-de-cuba-no-se-salva-ni-en-esta-ni-en-tres-vidas\\\/\"},\"author\":{\"name\":\"Kathy\",\"@id\":\"https:\\\/\\\/www.cuballama.com\\\/noticias\\\/#\\\/schema\\\/person\\\/86cd3e3f4974437f031211213bf892d5\"},\"headline\":\"Actor Ray Cruz se desmorona al hablar de Cuba: \u201cNo se salva ni en esta ni en tres vidas\u201d\",\"datePublished\":\"2026-03-16T11:00:00+00:00\",\"mainEntityOfPage\":{\"@id\":\"https:\\\/\\\/www.cuballama.com\\\/noticias\\\/actor-ray-cruz-se-desmorona-al-hablar-de-cuba-no-se-salva-ni-en-esta-ni-en-tres-vidas\\\/\"},\"wordCount\":468,\"commentCount\":0,\"publisher\":{\"@id\":\"https:\\\/\\\/www.cuballama.com\\\/noticias\\\/#organization\"},\"image\":{\"@id\":\"https:\\\/\\\/www.cuballama.com\\\/noticias\\\/actor-ray-cruz-se-desmorona-al-hablar-de-cuba-no-se-salva-ni-en-esta-ni-en-tres-vidas\\\/#primaryimage\"},\"thumbnailUrl\":\"https:\\\/\\\/cdn1.mediawpaccore.net\\\/wp-content\\\/uploads\\\/2026\\\/03\\\/14202423\\\/652041977_18095862338049286_4699268797192848501_n1.jpg\",\"keywords\":[\"actor cubano\",\"Crisis en Cuba\",\"destacado\",\"Ray Cruz\"],\"articleSection\":[\"Noticias\",\"Noticias de Cuba\"],\"inLanguage\":\"es\",\"potentialAction\":[{\"@type\":\"CommentAction\",\"name\":\"Comment\",\"target\":[\"https:\\\/\\\/www.cuballama.com\\\/noticias\\\/actor-ray-cruz-se-desmorona-al-hablar-de-cuba-no-se-salva-ni-en-esta-ni-en-tres-vidas\\\/#respond\"]}]},{\"@type\":\"WebPage\",\"@id\":\"https:\\\/\\\/www.cuballama.com\\\/noticias\\\/actor-ray-cruz-se-desmorona-al-hablar-de-cuba-no-se-salva-ni-en-esta-ni-en-tres-vidas\\\/\",\"url\":\"https:\\\/\\\/www.cuballama.com\\\/noticias\\\/actor-ray-cruz-se-desmorona-al-hablar-de-cuba-no-se-salva-ni-en-esta-ni-en-tres-vidas\\\/\",\"name\":\"Actor Ray Cruz se desmorona al hablar de Cuba: \u201cNo se salva ni en esta ni en tres vidas\u201d - Cuballama Noticias\",\"isPartOf\":{\"@id\":\"https:\\\/\\\/www.cuballama.com\\\/noticias\\\/#website\"},\"primaryImageOfPage\":{\"@id\":\"https:\\\/\\\/www.cuballama.com\\\/noticias\\\/actor-ray-cruz-se-desmorona-al-hablar-de-cuba-no-se-salva-ni-en-esta-ni-en-tres-vidas\\\/#primaryimage\"},\"image\":{\"@id\":\"https:\\\/\\\/www.cuballama.com\\\/noticias\\\/actor-ray-cruz-se-desmorona-al-hablar-de-cuba-no-se-salva-ni-en-esta-ni-en-tres-vidas\\\/#primaryimage\"},\"thumbnailUrl\":\"https:\\\/\\\/cdn1.mediawpaccore.net\\\/wp-content\\\/uploads\\\/2026\\\/03\\\/14202423\\\/652041977_18095862338049286_4699268797192848501_n1.jpg\",\"datePublished\":\"2026-03-16T11:00:00+00:00\",\"description\":\"El actor cubano Ray Cruz comparti\u00f3 una triste reflexi\u00f3n sobre la isla, que vive una de las peores crisis de su historia.\",\"breadcrumb\":{\"@id\":\"https:\\\/\\\/www.cuballama.com\\\/noticias\\\/actor-ray-cruz-se-desmorona-al-hablar-de-cuba-no-se-salva-ni-en-esta-ni-en-tres-vidas\\\/#breadcrumb\"},\"inLanguage\":\"es\",\"potentialAction\":[{\"@type\":\"ReadAction\",\"target\":[\"https:\\\/\\\/www.cuballama.com\\\/noticias\\\/actor-ray-cruz-se-desmorona-al-hablar-de-cuba-no-se-salva-ni-en-esta-ni-en-tres-vidas\\\/\"]}]},{\"@type\":\"ImageObject\",\"inLanguage\":\"es\",\"@id\":\"https:\\\/\\\/www.cuballama.com\\\/noticias\\\/actor-ray-cruz-se-desmorona-al-hablar-de-cuba-no-se-salva-ni-en-esta-ni-en-tres-vidas\\\/#primaryimage\",\"url\":\"https:\\\/\\\/cdn1.mediawpaccore.net\\\/wp-content\\\/uploads\\\/2026\\\/03\\\/14202423\\\/652041977_18095862338049286_4699268797192848501_n1.jpg\",\"contentUrl\":\"https:\\\/\\\/cdn1.mediawpaccore.net\\\/wp-content\\\/uploads\\\/2026\\\/03\\\/14202423\\\/652041977_18095862338049286_4699268797192848501_n1.jpg\",\"width\":1200,\"height\":630,\"caption\":\"Ray Cruz. Foto: Facebook\\\/Ray Cruz.\"},{\"@type\":\"BreadcrumbList\",\"@id\":\"https:\\\/\\\/www.cuballama.com\\\/noticias\\\/actor-ray-cruz-se-desmorona-al-hablar-de-cuba-no-se-salva-ni-en-esta-ni-en-tres-vidas\\\/#breadcrumb\",\"itemListElement\":[{\"@type\":\"ListItem\",\"position\":1,\"name\":\"Home\",\"item\":\"https:\\\/\\\/www.cuballama.com\\\/noticias\\\/\"},{\"@type\":\"ListItem\",\"position\":2,\"name\":\"Actor Ray Cruz se desmorona al hablar de Cuba: \u201cNo se salva ni en esta ni en tres vidas\u201d\"}]},{\"@type\":\"WebSite\",\"@id\":\"https:\\\/\\\/www.cuballama.com\\\/noticias\\\/#website\",\"url\":\"https:\\\/\\\/www.cuballama.com\\\/noticias\\\/\",\"name\":\"Cuballama Noticias\",\"description\":\"Medio digital sobre Cuba y el mundo\",\"publisher\":{\"@id\":\"https:\\\/\\\/www.cuballama.com\\\/noticias\\\/#organization\"},\"potentialAction\":[{\"@type\":\"SearchAction\",\"target\":{\"@type\":\"EntryPoint\",\"urlTemplate\":\"https:\\\/\\\/www.cuballama.com\\\/noticias\\\/?s={search_term_string}\"},\"query-input\":{\"@type\":\"PropertyValueSpecification\",\"valueRequired\":true,\"valueName\":\"search_term_string\"}}],\"inLanguage\":\"es\"},{\"@type\":\"Organization\",\"@id\":\"https:\\\/\\\/www.cuballama.com\\\/noticias\\\/#organization\",\"name\":\"Cuballama\",\"url\":\"https:\\\/\\\/www.cuballama.com\\\/noticias\\\/\",\"logo\":{\"@type\":\"ImageObject\",\"inLanguage\":\"es\",\"@id\":\"https:\\\/\\\/www.cuballama.com\\\/noticias\\\/#\\\/schema\\\/logo\\\/image\\\/\",\"url\":\"https:\\\/\\\/cdn1.mediawpaccore.net\\\/wp-content\\\/uploads\\\/2021\\\/12\\\/28171206\\\/cbll-logo-color-sm.png\",\"contentUrl\":\"https:\\\/\\\/cdn1.mediawpaccore.net\\\/wp-content\\\/uploads\\\/2021\\\/12\\\/28171206\\\/cbll-logo-color-sm.png\",\"width\":600,\"height\":133,\"caption\":\"Cuballama\"},\"image\":{\"@id\":\"https:\\\/\\\/www.cuballama.com\\\/noticias\\\/#\\\/schema\\\/logo\\\/image\\\/\"},\"sameAs\":[\"https:\\\/\\\/www.facebook.com\\\/CubaLlama\",\"https:\\\/\\\/x.com\\\/cuballama\",\"https:\\\/\\\/www.instagram.com\\\/stories\\\/cuballama_oficial\\\/\",\"https:\\\/\\\/www.youtube.com\\\/channel\\\/UCKkFE-d_axENGZcrc4as0IA\"]},{\"@type\":\"Person\",\"@id\":\"https:\\\/\\\/www.cuballama.com\\\/noticias\\\/#\\\/schema\\\/person\\\/86cd3e3f4974437f031211213bf892d5\",\"name\":\"Kathy\",\"url\":\"https:\\\/\\\/www.cuballama.com\\\/noticias\\\/author\\\/kathy\\\/\"}]}<\/script>\n<!-- \/ Yoast SEO plugin. -->","yoast_head_json":{"title":"Actor Ray Cruz se desmorona al hablar de Cuba: \u201cNo se salva ni en esta ni en tres vidas\u201d - Cuballama Noticias","description":"El actor cubano Ray Cruz comparti\u00f3 una triste reflexi\u00f3n sobre la isla, que vive una de las peores crisis de su historia.","robots":{"index":"index","follow":"follow","max-snippet":"max-snippet:-1","max-image-preview":"max-image-preview:large","max-video-preview":"max-video-preview:-1"},"canonical":"https:\/\/www.cuballama.com\/noticias\/actor-ray-cruz-se-desmorona-al-hablar-de-cuba-no-se-salva-ni-en-esta-ni-en-tres-vidas\/","og_locale":"es_ES","og_type":"article","og_title":"Actor Ray Cruz se desmorona al hablar de Cuba: \u201cNo se salva ni en esta ni en tres vidas\u201d - Cuballama Noticias","og_description":"El actor cubano Ray Cruz comparti\u00f3 una triste reflexi\u00f3n sobre la isla, que vive una de las peores crisis de su historia.","og_url":"https:\/\/www.cuballama.com\/noticias\/actor-ray-cruz-se-desmorona-al-hablar-de-cuba-no-se-salva-ni-en-esta-ni-en-tres-vidas\/","og_site_name":"Cuballama Noticias","article_publisher":"https:\/\/www.facebook.com\/CubaLlama","article_published_time":"2026-03-16T11:00:00+00:00","og_image":[{"width":1200,"height":630,"url":"https:\/\/cdn1.mediawpaccore.net\/wp-content\/uploads\/2026\/03\/14202423\/652041977_18095862338049286_4699268797192848501_n1.jpg","type":"image\/jpeg"}],"author":"Kathy","twitter_card":"summary_large_image","twitter_creator":"@cuballama","twitter_site":"@cuballama","twitter_misc":{"Escrito por":"Kathy","Tiempo de lectura":"3 minutos"},"schema":{"@context":"https:\/\/schema.org","@graph":[{"@type":"Article","@id":"https:\/\/www.cuballama.com\/noticias\/actor-ray-cruz-se-desmorona-al-hablar-de-cuba-no-se-salva-ni-en-esta-ni-en-tres-vidas\/#article","isPartOf":{"@id":"https:\/\/www.cuballama.com\/noticias\/actor-ray-cruz-se-desmorona-al-hablar-de-cuba-no-se-salva-ni-en-esta-ni-en-tres-vidas\/"},"author":{"name":"Kathy","@id":"https:\/\/www.cuballama.com\/noticias\/#\/schema\/person\/86cd3e3f4974437f031211213bf892d5"},"headline":"Actor Ray Cruz se desmorona al hablar de Cuba: \u201cNo se salva ni en esta ni en tres vidas\u201d","datePublished":"2026-03-16T11:00:00+00:00","mainEntityOfPage":{"@id":"https:\/\/www.cuballama.com\/noticias\/actor-ray-cruz-se-desmorona-al-hablar-de-cuba-no-se-salva-ni-en-esta-ni-en-tres-vidas\/"},"wordCount":468,"commentCount":0,"publisher":{"@id":"https:\/\/www.cuballama.com\/noticias\/#organization"},"image":{"@id":"https:\/\/www.cuballama.com\/noticias\/actor-ray-cruz-se-desmorona-al-hablar-de-cuba-no-se-salva-ni-en-esta-ni-en-tres-vidas\/#primaryimage"},"thumbnailUrl":"https:\/\/cdn1.mediawpaccore.net\/wp-content\/uploads\/2026\/03\/14202423\/652041977_18095862338049286_4699268797192848501_n1.jpg","keywords":["actor cubano","Crisis en Cuba","destacado","Ray Cruz"],"articleSection":["Noticias","Noticias de Cuba"],"inLanguage":"es","potentialAction":[{"@type":"CommentAction","name":"Comment","target":["https:\/\/www.cuballama.com\/noticias\/actor-ray-cruz-se-desmorona-al-hablar-de-cuba-no-se-salva-ni-en-esta-ni-en-tres-vidas\/#respond"]}]},{"@type":"WebPage","@id":"https:\/\/www.cuballama.com\/noticias\/actor-ray-cruz-se-desmorona-al-hablar-de-cuba-no-se-salva-ni-en-esta-ni-en-tres-vidas\/","url":"https:\/\/www.cuballama.com\/noticias\/actor-ray-cruz-se-desmorona-al-hablar-de-cuba-no-se-salva-ni-en-esta-ni-en-tres-vidas\/","name":"Actor Ray Cruz se desmorona al hablar de Cuba: \u201cNo se salva ni en esta ni en tres vidas\u201d - Cuballama Noticias","isPartOf":{"@id":"https:\/\/www.cuballama.com\/noticias\/#website"},"primaryImageOfPage":{"@id":"https:\/\/www.cuballama.com\/noticias\/actor-ray-cruz-se-desmorona-al-hablar-de-cuba-no-se-salva-ni-en-esta-ni-en-tres-vidas\/#primaryimage"},"image":{"@id":"https:\/\/www.cuballama.com\/noticias\/actor-ray-cruz-se-desmorona-al-hablar-de-cuba-no-se-salva-ni-en-esta-ni-en-tres-vidas\/#primaryimage"},"thumbnailUrl":"https:\/\/cdn1.mediawpaccore.net\/wp-content\/uploads\/2026\/03\/14202423\/652041977_18095862338049286_4699268797192848501_n1.jpg","datePublished":"2026-03-16T11:00:00+00:00","description":"El actor cubano Ray Cruz comparti\u00f3 una triste reflexi\u00f3n sobre la isla, que vive una de las peores crisis de su historia.","breadcrumb":{"@id":"https:\/\/www.cuballama.com\/noticias\/actor-ray-cruz-se-desmorona-al-hablar-de-cuba-no-se-salva-ni-en-esta-ni-en-tres-vidas\/#breadcrumb"},"inLanguage":"es","potentialAction":[{"@type":"ReadAction","target":["https:\/\/www.cuballama.com\/noticias\/actor-ray-cruz-se-desmorona-al-hablar-de-cuba-no-se-salva-ni-en-esta-ni-en-tres-vidas\/"]}]},{"@type":"ImageObject","inLanguage":"es","@id":"https:\/\/www.cuballama.com\/noticias\/actor-ray-cruz-se-desmorona-al-hablar-de-cuba-no-se-salva-ni-en-esta-ni-en-tres-vidas\/#primaryimage","url":"https:\/\/cdn1.mediawpaccore.net\/wp-content\/uploads\/2026\/03\/14202423\/652041977_18095862338049286_4699268797192848501_n1.jpg","contentUrl":"https:\/\/cdn1.mediawpaccore.net\/wp-content\/uploads\/2026\/03\/14202423\/652041977_18095862338049286_4699268797192848501_n1.jpg","width":1200,"height":630,"caption":"Ray Cruz. Foto: Facebook\/Ray Cruz."},{"@type":"BreadcrumbList","@id":"https:\/\/www.cuballama.com\/noticias\/actor-ray-cruz-se-desmorona-al-hablar-de-cuba-no-se-salva-ni-en-esta-ni-en-tres-vidas\/#breadcrumb","itemListElement":[{"@type":"ListItem","position":1,"name":"Home","item":"https:\/\/www.cuballama.com\/noticias\/"},{"@type":"ListItem","position":2,"name":"Actor Ray Cruz se desmorona al hablar de Cuba: \u201cNo se salva ni en esta ni en tres vidas\u201d"}]},{"@type":"WebSite","@id":"https:\/\/www.cuballama.com\/noticias\/#website","url":"https:\/\/www.cuballama.com\/noticias\/","name":"Cuballama Noticias","description":"Medio digital sobre Cuba y el mundo","publisher":{"@id":"https:\/\/www.cuballama.com\/noticias\/#organization"},"potentialAction":[{"@type":"SearchAction","target":{"@type":"EntryPoint","urlTemplate":"https:\/\/www.cuballama.com\/noticias\/?s={search_term_string}"},"query-input":{"@type":"PropertyValueSpecification","valueRequired":true,"valueName":"search_term_string"}}],"inLanguage":"es"},{"@type":"Organization","@id":"https:\/\/www.cuballama.com\/noticias\/#organization","name":"Cuballama","url":"https:\/\/www.cuballama.com\/noticias\/","logo":{"@type":"ImageObject","inLanguage":"es","@id":"https:\/\/www.cuballama.com\/noticias\/#\/schema\/logo\/image\/","url":"https:\/\/cdn1.mediawpaccore.net\/wp-content\/uploads\/2021\/12\/28171206\/cbll-logo-color-sm.png","contentUrl":"https:\/\/cdn1.mediawpaccore.net\/wp-content\/uploads\/2021\/12\/28171206\/cbll-logo-color-sm.png","width":600,"height":133,"caption":"Cuballama"},"image":{"@id":"https:\/\/www.cuballama.com\/noticias\/#\/schema\/logo\/image\/"},"sameAs":["https:\/\/www.facebook.com\/CubaLlama","https:\/\/x.com\/cuballama","https:\/\/www.instagram.com\/stories\/cuballama_oficial\/","https:\/\/www.youtube.com\/channel\/UCKkFE-d_axENGZcrc4as0IA"]},{"@type":"Person","@id":"https:\/\/www.cuballama.com\/noticias\/#\/schema\/person\/86cd3e3f4974437f031211213bf892d5","name":"Kathy","url":"https:\/\/www.cuballama.com\/noticias\/author\/kathy\/"}]}},"_links":{"self":[{"href":"https:\/\/www.cuballama.com\/noticias\/wp-json\/wp\/v2\/posts\/238205","targetHints":{"allow":["GET"]}}],"collection":[{"href":"https:\/\/www.cuballama.com\/noticias\/wp-json\/wp\/v2\/posts"}],"about":[{"href":"https:\/\/www.cuballama.com\/noticias\/wp-json\/wp\/v2\/types\/post"}],"author":[{"embeddable":true,"href":"https:\/\/www.cuballama.com\/noticias\/wp-json\/wp\/v2\/users\/30"}],"replies":[{"embeddable":true,"href":"https:\/\/www.cuballama.com\/noticias\/wp-json\/wp\/v2\/comments?post=238205"}],"version-history":[{"count":5,"href":"https:\/\/www.cuballama.com\/noticias\/wp-json\/wp\/v2\/posts\/238205\/revisions"}],"predecessor-version":[{"id":238252,"href":"https:\/\/www.cuballama.com\/noticias\/wp-json\/wp\/v2\/posts\/238205\/revisions\/238252"}],"wp:featuredmedia":[{"embeddable":true,"href":"https:\/\/www.cuballama.com\/noticias\/wp-json\/wp\/v2\/media\/238213"}],"wp:attachment":[{"href":"https:\/\/www.cuballama.com\/noticias\/wp-json\/wp\/v2\/media?parent=238205"}],"wp:term":[{"taxonomy":"category","embeddable":true,"href":"https:\/\/www.cuballama.com\/noticias\/wp-json\/wp\/v2\/categories?post=238205"},{"taxonomy":"post_tag","embeddable":true,"href":"https:\/\/www.cuballama.com\/noticias\/wp-json\/wp\/v2\/tags?post=238205"}],"curies":[{"name":"wp","href":"https:\/\/api.w.org\/{rel}","templated":true}]}}