{"id":238200,"date":"2026-03-14T19:58:36","date_gmt":"2026-03-14T23:58:36","guid":{"rendered":"https:\/\/www.cuballama.com\/noticias\/?p=238200"},"modified":"2026-03-14T21:30:18","modified_gmt":"2026-03-15T01:30:18","slug":"diaz-canel-se-pronuncia-tras-protestas-en-moron-no-habra-impunidad","status":"publish","type":"post","link":"https:\/\/www.cuballama.com\/noticias\/diaz-canel-se-pronuncia-tras-protestas-en-moron-no-habra-impunidad\/","title":{"rendered":"D\u00edaz-Canel se pronuncia tras protestas en Mor\u00f3n: \u201cNo habr\u00e1 impunidad\u201d"},"content":{"rendered":"\n<p>El mandatario cubano, Miguel D\u00edaz-Canel, se refiri\u00f3 este s\u00e1bado de manera indirecta a las <a href=\"https:\/\/www.cuballama.com\/noticias\/protestas-en-moron-asaltan-la-sede-del-partido-comunista\/\" target=\"_blank\" rel=\"noreferrer noopener\">fuertes protestas<\/a> antigubernamentales la noche del viernes en la ciudad avile\u00f1a de Mor\u00f3n.<\/p>\n\n\n\n<p>M\u00e1s de 12 horas despu\u00e9s de que se desataran las manifestaciones, el gobernante lanz\u00f3 una advertencia bastante amenazante: \u201cPara el vandalismo y la violencia no habr\u00e1 impunidad\u201d.<\/p>\n\n\n\n<p>\u201cEs comprensible el malestar que provocan en nuestro pueblo los prolongados apagones, como consecuencia del bloqueo energ\u00e9tico de Estados Unidos, cruelmente recrudecido en los \u00faltimos meses\u201d, escribi\u00f3 D\u00edaz-Canel a trav\u00e9s de X.<\/p>\n\n\n\n<blockquote class=\"twitter-tweet\"><p lang=\"es\" dir=\"ltr\">Es comprensible el malestar que provocan en nuestro pueblo los prolongados apagones, como consecuencia del bloqueo energ\u00e9tico de EE.UU, cruelmente recrudecido en los \u00faltimos meses. <br><br>Y son leg\u00edtimas las quejas y reclamos, siempre que se act\u00fae con civismo y respeto al orden\u2026<\/p>&mdash; Miguel D\u00edaz-Canel Berm\u00fadez (@DiazCanelB) <a href=\"https:\/\/twitter.com\/DiazCanelB\/status\/2032909505537671468?ref_src=twsrc%5Etfw\">March 14, 2026<\/a><\/blockquote> <script async src=\"https:\/\/platform.twitter.com\/widgets.js\" charset=\"utf-8\"><\/script>\n\n\n\n<p>Seg\u00fan asegur\u00f3 D\u00edaz-Canel, \u201cson leg\u00edtimas las quejas y los reclamos, siempre que se act\u00fae con civismo y respeto al orden p\u00fablico\u201d.<\/p>\n\n\n\n<p>\u201cLo que nunca ser\u00e1 comprensible, justificado ni admitido es la violencia y el vandalismo que atenten contra la tranquilidad ciudadana y la seguridad de nuestras instituciones\u201d, a\u00f1adi\u00f3 sin mencionar espec\u00edficamente lo sucedido en Mor\u00f3n.<\/p>\n\n\n\n<p>El estallido popular en las calles de Mor\u00f3n estuvo marcado por el asalto a la sede del Partido Comunista en la localidad, en donde este s\u00e1bado se reunieron dirigentes partidistas y gubernamentales en un \u201cacto de reafirmaci\u00f3n revolucionaria\u201d.<\/p>\n\n\n\n<iframe loading=\"lazy\" src=\"https:\/\/www.facebook.com\/plugins\/post.php?href=https%3A%2F%2Fwww.facebook.com%2FUSEmbCuba%2Fposts%2Fpfbid02p8xASMdSCi8D1VpeUTa67LYooqB5VNsWz1EaWvNcAiVQFWfpamw9VrBfgeqGgAul&#038;show_text=true&#038;width=500\" width=\"500\" height=\"415\" style=\"border:none;overflow:hidden\" scrolling=\"no\" frameborder=\"0\" allowfullscreen=\"true\" allow=\"autoplay; clipboard-write; encrypted-media; picture-in-picture; web-share\"><\/iframe>\n\n\n\n<p>Seg\u00fan report\u00f3 el diario provincial <em>Invasor<\/em>, el primer secretario del Comit\u00e9 Provincial del Partido, Alberto Echemend\u00eda Manzanares, asegur\u00f3 que incidentes como los ocurridos el viernes \u201cno lograr\u00e1n quebrantar la voluntad de un pueblo que ha sabido defender su Revoluci\u00f3n en cada momento de la historias\u201d.<\/p>\n\n\n\n<p>Por su parte, tambi\u00e9n Mike Hammer, jefe de la Misi\u00f3n de Estados Unidos en Cuba, se pronunci\u00f3 esta tarde sobre las manifestaciones. \u201cEstuve en Mor\u00f3n en enero y estoy muy preocupado por la situaci\u00f3n.&nbsp; Me reun\u00ed con algunos cubanos de a pie all\u00ed. Espero que se encuentren bien\u201d, se\u00f1al\u00f3.<\/p>\n","protected":false},"excerpt":{"rendered":"<p>El mandatario insisti\u00f3 en que los prolongados apagones son consecuencia del bloqueo energ\u00e9tico de Estados Unidos.<\/p>\n","protected":false},"author":30,"featured_media":238201,"comment_status":"open","ping_status":"closed","sticky":false,"template":"","format":"standard","meta":{"_acf_changed":false,"footnotes":""},"categories":[18,955],"tags":[10867,1324,31110,11017],"class_list":{"0":"post-238200","1":"post","2":"type-post","3":"status-publish","4":"format-standard","5":"has-post-thumbnail","7":"category-noticias","8":"category-noticias-de-cuba","9":"tag-crisis-en-cuba","10":"tag-miguel-diaz-canel","11":"tag-protestas-en-moron","12":"tag-superdestacado"},"acf":[],"yoast_head":"<!-- This site is optimized with the Yoast SEO plugin v27.4 - https:\/\/yoast.com\/product\/yoast-seo-wordpress\/ -->\n<title>D\u00edaz-Canel se pronuncia tras protestas en Mor\u00f3n: \u201cNo habr\u00e1 impunidad\u201d - Cuballama Noticias<\/title>\n<meta name=\"description\" content=\"El mandatario cubano Miguel D\u00edaz-Canel se pronunci\u00f3 tras las fuertes protestas desatadas este viernes en Mor\u00f3n.\" \/>\n<meta name=\"robots\" content=\"index, follow, max-snippet:-1, max-image-preview:large, max-video-preview:-1\" \/>\n<link rel=\"canonical\" href=\"https:\/\/www.cuballama.com\/noticias\/diaz-canel-se-pronuncia-tras-protestas-en-moron-no-habra-impunidad\/\" \/>\n<meta property=\"og:locale\" content=\"es_ES\" \/>\n<meta property=\"og:type\" content=\"article\" \/>\n<meta property=\"og:title\" content=\"D\u00edaz-Canel se pronuncia tras protestas en Mor\u00f3n: \u201cNo habr\u00e1 impunidad\u201d - Cuballama Noticias\" \/>\n<meta property=\"og:description\" content=\"El mandatario cubano Miguel D\u00edaz-Canel se pronunci\u00f3 tras las fuertes protestas desatadas este viernes en Mor\u00f3n.\" \/>\n<meta property=\"og:url\" content=\"https:\/\/www.cuballama.com\/noticias\/diaz-canel-se-pronuncia-tras-protestas-en-moron-no-habra-impunidad\/\" \/>\n<meta property=\"og:site_name\" content=\"Cuballama Noticias\" \/>\n<meta property=\"article:publisher\" content=\"https:\/\/www.facebook.com\/CubaLlama\" \/>\n<meta property=\"article:published_time\" content=\"2026-03-14T23:58:36+00:00\" \/>\n<meta property=\"article:modified_time\" content=\"2026-03-15T01:30:18+00:00\" \/>\n<meta property=\"og:image\" content=\"https:\/\/cdn1.mediawpaccore.net\/wp-content\/uploads\/2026\/03\/14193750\/HDZkX-wXgAI_O3T1.jpg\" \/>\n\t<meta property=\"og:image:width\" content=\"1200\" \/>\n\t<meta property=\"og:image:height\" content=\"630\" \/>\n\t<meta property=\"og:image:type\" content=\"image\/jpeg\" \/>\n<meta name=\"author\" content=\"Kathy\" \/>\n<meta name=\"twitter:card\" content=\"summary_large_image\" \/>\n<meta name=\"twitter:creator\" content=\"@cuballama\" \/>\n<meta name=\"twitter:site\" content=\"@cuballama\" \/>\n<meta name=\"twitter:label1\" content=\"Escrito por\" \/>\n\t<meta name=\"twitter:data1\" content=\"Kathy\" \/>\n\t<meta name=\"twitter:label2\" content=\"Tiempo de lectura\" \/>\n\t<meta name=\"twitter:data2\" content=\"2 minutos\" \/>\n<script type=\"application\/ld+json\" class=\"yoast-schema-graph\">{\"@context\":\"https:\\\/\\\/schema.org\",\"@graph\":[{\"@type\":\"Article\",\"@id\":\"https:\\\/\\\/www.cuballama.com\\\/noticias\\\/diaz-canel-se-pronuncia-tras-protestas-en-moron-no-habra-impunidad\\\/#article\",\"isPartOf\":{\"@id\":\"https:\\\/\\\/www.cuballama.com\\\/noticias\\\/diaz-canel-se-pronuncia-tras-protestas-en-moron-no-habra-impunidad\\\/\"},\"author\":{\"name\":\"Kathy\",\"@id\":\"https:\\\/\\\/www.cuballama.com\\\/noticias\\\/#\\\/schema\\\/person\\\/86cd3e3f4974437f031211213bf892d5\"},\"headline\":\"D\u00edaz-Canel se pronuncia tras protestas en Mor\u00f3n: \u201cNo habr\u00e1 impunidad\u201d\",\"datePublished\":\"2026-03-14T23:58:36+00:00\",\"dateModified\":\"2026-03-15T01:30:18+00:00\",\"mainEntityOfPage\":{\"@id\":\"https:\\\/\\\/www.cuballama.com\\\/noticias\\\/diaz-canel-se-pronuncia-tras-protestas-en-moron-no-habra-impunidad\\\/\"},\"wordCount\":368,\"commentCount\":0,\"publisher\":{\"@id\":\"https:\\\/\\\/www.cuballama.com\\\/noticias\\\/#organization\"},\"image\":{\"@id\":\"https:\\\/\\\/www.cuballama.com\\\/noticias\\\/diaz-canel-se-pronuncia-tras-protestas-en-moron-no-habra-impunidad\\\/#primaryimage\"},\"thumbnailUrl\":\"https:\\\/\\\/cdn1.mediawpaccore.net\\\/wp-content\\\/uploads\\\/2026\\\/03\\\/14193750\\\/HDZkX-wXgAI_O3T1.jpg\",\"keywords\":[\"Crisis en Cuba\",\"Miguel D\u00edaz-Canel\",\"protestas en Mor\u00f3n\",\"superdestacado\"],\"articleSection\":[\"Noticias\",\"Noticias de Cuba\"],\"inLanguage\":\"es\",\"potentialAction\":[{\"@type\":\"CommentAction\",\"name\":\"Comment\",\"target\":[\"https:\\\/\\\/www.cuballama.com\\\/noticias\\\/diaz-canel-se-pronuncia-tras-protestas-en-moron-no-habra-impunidad\\\/#respond\"]}]},{\"@type\":\"WebPage\",\"@id\":\"https:\\\/\\\/www.cuballama.com\\\/noticias\\\/diaz-canel-se-pronuncia-tras-protestas-en-moron-no-habra-impunidad\\\/\",\"url\":\"https:\\\/\\\/www.cuballama.com\\\/noticias\\\/diaz-canel-se-pronuncia-tras-protestas-en-moron-no-habra-impunidad\\\/\",\"name\":\"D\u00edaz-Canel se pronuncia tras protestas en Mor\u00f3n: \u201cNo habr\u00e1 impunidad\u201d - Cuballama Noticias\",\"isPartOf\":{\"@id\":\"https:\\\/\\\/www.cuballama.com\\\/noticias\\\/#website\"},\"primaryImageOfPage\":{\"@id\":\"https:\\\/\\\/www.cuballama.com\\\/noticias\\\/diaz-canel-se-pronuncia-tras-protestas-en-moron-no-habra-impunidad\\\/#primaryimage\"},\"image\":{\"@id\":\"https:\\\/\\\/www.cuballama.com\\\/noticias\\\/diaz-canel-se-pronuncia-tras-protestas-en-moron-no-habra-impunidad\\\/#primaryimage\"},\"thumbnailUrl\":\"https:\\\/\\\/cdn1.mediawpaccore.net\\\/wp-content\\\/uploads\\\/2026\\\/03\\\/14193750\\\/HDZkX-wXgAI_O3T1.jpg\",\"datePublished\":\"2026-03-14T23:58:36+00:00\",\"dateModified\":\"2026-03-15T01:30:18+00:00\",\"description\":\"El mandatario cubano Miguel D\u00edaz-Canel se pronunci\u00f3 tras las fuertes protestas desatadas este viernes en Mor\u00f3n.\",\"breadcrumb\":{\"@id\":\"https:\\\/\\\/www.cuballama.com\\\/noticias\\\/diaz-canel-se-pronuncia-tras-protestas-en-moron-no-habra-impunidad\\\/#breadcrumb\"},\"inLanguage\":\"es\",\"potentialAction\":[{\"@type\":\"ReadAction\",\"target\":[\"https:\\\/\\\/www.cuballama.com\\\/noticias\\\/diaz-canel-se-pronuncia-tras-protestas-en-moron-no-habra-impunidad\\\/\"]}]},{\"@type\":\"ImageObject\",\"inLanguage\":\"es\",\"@id\":\"https:\\\/\\\/www.cuballama.com\\\/noticias\\\/diaz-canel-se-pronuncia-tras-protestas-en-moron-no-habra-impunidad\\\/#primaryimage\",\"url\":\"https:\\\/\\\/cdn1.mediawpaccore.net\\\/wp-content\\\/uploads\\\/2026\\\/03\\\/14193750\\\/HDZkX-wXgAI_O3T1.jpg\",\"contentUrl\":\"https:\\\/\\\/cdn1.mediawpaccore.net\\\/wp-content\\\/uploads\\\/2026\\\/03\\\/14193750\\\/HDZkX-wXgAI_O3T1.jpg\",\"width\":1200,\"height\":630,\"caption\":\"Miguel D\u00edaz-Canel. Foto: X\\\/Presidencia Cuba.\"},{\"@type\":\"BreadcrumbList\",\"@id\":\"https:\\\/\\\/www.cuballama.com\\\/noticias\\\/diaz-canel-se-pronuncia-tras-protestas-en-moron-no-habra-impunidad\\\/#breadcrumb\",\"itemListElement\":[{\"@type\":\"ListItem\",\"position\":1,\"name\":\"Home\",\"item\":\"https:\\\/\\\/www.cuballama.com\\\/noticias\\\/\"},{\"@type\":\"ListItem\",\"position\":2,\"name\":\"D\u00edaz-Canel se pronuncia tras protestas en Mor\u00f3n: \u201cNo habr\u00e1 impunidad\u201d\"}]},{\"@type\":\"WebSite\",\"@id\":\"https:\\\/\\\/www.cuballama.com\\\/noticias\\\/#website\",\"url\":\"https:\\\/\\\/www.cuballama.com\\\/noticias\\\/\",\"name\":\"Cuballama Noticias\",\"description\":\"Medio digital sobre Cuba y el mundo\",\"publisher\":{\"@id\":\"https:\\\/\\\/www.cuballama.com\\\/noticias\\\/#organization\"},\"potentialAction\":[{\"@type\":\"SearchAction\",\"target\":{\"@type\":\"EntryPoint\",\"urlTemplate\":\"https:\\\/\\\/www.cuballama.com\\\/noticias\\\/?s={search_term_string}\"},\"query-input\":{\"@type\":\"PropertyValueSpecification\",\"valueRequired\":true,\"valueName\":\"search_term_string\"}}],\"inLanguage\":\"es\"},{\"@type\":\"Organization\",\"@id\":\"https:\\\/\\\/www.cuballama.com\\\/noticias\\\/#organization\",\"name\":\"Cuballama\",\"url\":\"https:\\\/\\\/www.cuballama.com\\\/noticias\\\/\",\"logo\":{\"@type\":\"ImageObject\",\"inLanguage\":\"es\",\"@id\":\"https:\\\/\\\/www.cuballama.com\\\/noticias\\\/#\\\/schema\\\/logo\\\/image\\\/\",\"url\":\"https:\\\/\\\/cdn1.mediawpaccore.net\\\/wp-content\\\/uploads\\\/2021\\\/12\\\/28171206\\\/cbll-logo-color-sm.png\",\"contentUrl\":\"https:\\\/\\\/cdn1.mediawpaccore.net\\\/wp-content\\\/uploads\\\/2021\\\/12\\\/28171206\\\/cbll-logo-color-sm.png\",\"width\":600,\"height\":133,\"caption\":\"Cuballama\"},\"image\":{\"@id\":\"https:\\\/\\\/www.cuballama.com\\\/noticias\\\/#\\\/schema\\\/logo\\\/image\\\/\"},\"sameAs\":[\"https:\\\/\\\/www.facebook.com\\\/CubaLlama\",\"https:\\\/\\\/x.com\\\/cuballama\",\"https:\\\/\\\/www.instagram.com\\\/stories\\\/cuballama_oficial\\\/\",\"https:\\\/\\\/www.youtube.com\\\/channel\\\/UCKkFE-d_axENGZcrc4as0IA\"]},{\"@type\":\"Person\",\"@id\":\"https:\\\/\\\/www.cuballama.com\\\/noticias\\\/#\\\/schema\\\/person\\\/86cd3e3f4974437f031211213bf892d5\",\"name\":\"Kathy\",\"url\":\"https:\\\/\\\/www.cuballama.com\\\/noticias\\\/author\\\/kathy\\\/\"}]}<\/script>\n<!-- \/ Yoast SEO plugin. -->","yoast_head_json":{"title":"D\u00edaz-Canel se pronuncia tras protestas en Mor\u00f3n: \u201cNo habr\u00e1 impunidad\u201d - Cuballama Noticias","description":"El mandatario cubano Miguel D\u00edaz-Canel se pronunci\u00f3 tras las fuertes protestas desatadas este viernes en Mor\u00f3n.","robots":{"index":"index","follow":"follow","max-snippet":"max-snippet:-1","max-image-preview":"max-image-preview:large","max-video-preview":"max-video-preview:-1"},"canonical":"https:\/\/www.cuballama.com\/noticias\/diaz-canel-se-pronuncia-tras-protestas-en-moron-no-habra-impunidad\/","og_locale":"es_ES","og_type":"article","og_title":"D\u00edaz-Canel se pronuncia tras protestas en Mor\u00f3n: \u201cNo habr\u00e1 impunidad\u201d - Cuballama Noticias","og_description":"El mandatario cubano Miguel D\u00edaz-Canel se pronunci\u00f3 tras las fuertes protestas desatadas este viernes en Mor\u00f3n.","og_url":"https:\/\/www.cuballama.com\/noticias\/diaz-canel-se-pronuncia-tras-protestas-en-moron-no-habra-impunidad\/","og_site_name":"Cuballama Noticias","article_publisher":"https:\/\/www.facebook.com\/CubaLlama","article_published_time":"2026-03-14T23:58:36+00:00","article_modified_time":"2026-03-15T01:30:18+00:00","og_image":[{"width":1200,"height":630,"url":"https:\/\/cdn1.mediawpaccore.net\/wp-content\/uploads\/2026\/03\/14193750\/HDZkX-wXgAI_O3T1.jpg","type":"image\/jpeg"}],"author":"Kathy","twitter_card":"summary_large_image","twitter_creator":"@cuballama","twitter_site":"@cuballama","twitter_misc":{"Escrito por":"Kathy","Tiempo de lectura":"2 minutos"},"schema":{"@context":"https:\/\/schema.org","@graph":[{"@type":"Article","@id":"https:\/\/www.cuballama.com\/noticias\/diaz-canel-se-pronuncia-tras-protestas-en-moron-no-habra-impunidad\/#article","isPartOf":{"@id":"https:\/\/www.cuballama.com\/noticias\/diaz-canel-se-pronuncia-tras-protestas-en-moron-no-habra-impunidad\/"},"author":{"name":"Kathy","@id":"https:\/\/www.cuballama.com\/noticias\/#\/schema\/person\/86cd3e3f4974437f031211213bf892d5"},"headline":"D\u00edaz-Canel se pronuncia tras protestas en Mor\u00f3n: \u201cNo habr\u00e1 impunidad\u201d","datePublished":"2026-03-14T23:58:36+00:00","dateModified":"2026-03-15T01:30:18+00:00","mainEntityOfPage":{"@id":"https:\/\/www.cuballama.com\/noticias\/diaz-canel-se-pronuncia-tras-protestas-en-moron-no-habra-impunidad\/"},"wordCount":368,"commentCount":0,"publisher":{"@id":"https:\/\/www.cuballama.com\/noticias\/#organization"},"image":{"@id":"https:\/\/www.cuballama.com\/noticias\/diaz-canel-se-pronuncia-tras-protestas-en-moron-no-habra-impunidad\/#primaryimage"},"thumbnailUrl":"https:\/\/cdn1.mediawpaccore.net\/wp-content\/uploads\/2026\/03\/14193750\/HDZkX-wXgAI_O3T1.jpg","keywords":["Crisis en Cuba","Miguel D\u00edaz-Canel","protestas en Mor\u00f3n","superdestacado"],"articleSection":["Noticias","Noticias de Cuba"],"inLanguage":"es","potentialAction":[{"@type":"CommentAction","name":"Comment","target":["https:\/\/www.cuballama.com\/noticias\/diaz-canel-se-pronuncia-tras-protestas-en-moron-no-habra-impunidad\/#respond"]}]},{"@type":"WebPage","@id":"https:\/\/www.cuballama.com\/noticias\/diaz-canel-se-pronuncia-tras-protestas-en-moron-no-habra-impunidad\/","url":"https:\/\/www.cuballama.com\/noticias\/diaz-canel-se-pronuncia-tras-protestas-en-moron-no-habra-impunidad\/","name":"D\u00edaz-Canel se pronuncia tras protestas en Mor\u00f3n: \u201cNo habr\u00e1 impunidad\u201d - Cuballama Noticias","isPartOf":{"@id":"https:\/\/www.cuballama.com\/noticias\/#website"},"primaryImageOfPage":{"@id":"https:\/\/www.cuballama.com\/noticias\/diaz-canel-se-pronuncia-tras-protestas-en-moron-no-habra-impunidad\/#primaryimage"},"image":{"@id":"https:\/\/www.cuballama.com\/noticias\/diaz-canel-se-pronuncia-tras-protestas-en-moron-no-habra-impunidad\/#primaryimage"},"thumbnailUrl":"https:\/\/cdn1.mediawpaccore.net\/wp-content\/uploads\/2026\/03\/14193750\/HDZkX-wXgAI_O3T1.jpg","datePublished":"2026-03-14T23:58:36+00:00","dateModified":"2026-03-15T01:30:18+00:00","description":"El mandatario cubano Miguel D\u00edaz-Canel se pronunci\u00f3 tras las fuertes protestas desatadas este viernes en Mor\u00f3n.","breadcrumb":{"@id":"https:\/\/www.cuballama.com\/noticias\/diaz-canel-se-pronuncia-tras-protestas-en-moron-no-habra-impunidad\/#breadcrumb"},"inLanguage":"es","potentialAction":[{"@type":"ReadAction","target":["https:\/\/www.cuballama.com\/noticias\/diaz-canel-se-pronuncia-tras-protestas-en-moron-no-habra-impunidad\/"]}]},{"@type":"ImageObject","inLanguage":"es","@id":"https:\/\/www.cuballama.com\/noticias\/diaz-canel-se-pronuncia-tras-protestas-en-moron-no-habra-impunidad\/#primaryimage","url":"https:\/\/cdn1.mediawpaccore.net\/wp-content\/uploads\/2026\/03\/14193750\/HDZkX-wXgAI_O3T1.jpg","contentUrl":"https:\/\/cdn1.mediawpaccore.net\/wp-content\/uploads\/2026\/03\/14193750\/HDZkX-wXgAI_O3T1.jpg","width":1200,"height":630,"caption":"Miguel D\u00edaz-Canel. Foto: X\/Presidencia Cuba."},{"@type":"BreadcrumbList","@id":"https:\/\/www.cuballama.com\/noticias\/diaz-canel-se-pronuncia-tras-protestas-en-moron-no-habra-impunidad\/#breadcrumb","itemListElement":[{"@type":"ListItem","position":1,"name":"Home","item":"https:\/\/www.cuballama.com\/noticias\/"},{"@type":"ListItem","position":2,"name":"D\u00edaz-Canel se pronuncia tras protestas en Mor\u00f3n: \u201cNo habr\u00e1 impunidad\u201d"}]},{"@type":"WebSite","@id":"https:\/\/www.cuballama.com\/noticias\/#website","url":"https:\/\/www.cuballama.com\/noticias\/","name":"Cuballama Noticias","description":"Medio digital sobre Cuba y el mundo","publisher":{"@id":"https:\/\/www.cuballama.com\/noticias\/#organization"},"potentialAction":[{"@type":"SearchAction","target":{"@type":"EntryPoint","urlTemplate":"https:\/\/www.cuballama.com\/noticias\/?s={search_term_string}"},"query-input":{"@type":"PropertyValueSpecification","valueRequired":true,"valueName":"search_term_string"}}],"inLanguage":"es"},{"@type":"Organization","@id":"https:\/\/www.cuballama.com\/noticias\/#organization","name":"Cuballama","url":"https:\/\/www.cuballama.com\/noticias\/","logo":{"@type":"ImageObject","inLanguage":"es","@id":"https:\/\/www.cuballama.com\/noticias\/#\/schema\/logo\/image\/","url":"https:\/\/cdn1.mediawpaccore.net\/wp-content\/uploads\/2021\/12\/28171206\/cbll-logo-color-sm.png","contentUrl":"https:\/\/cdn1.mediawpaccore.net\/wp-content\/uploads\/2021\/12\/28171206\/cbll-logo-color-sm.png","width":600,"height":133,"caption":"Cuballama"},"image":{"@id":"https:\/\/www.cuballama.com\/noticias\/#\/schema\/logo\/image\/"},"sameAs":["https:\/\/www.facebook.com\/CubaLlama","https:\/\/x.com\/cuballama","https:\/\/www.instagram.com\/stories\/cuballama_oficial\/","https:\/\/www.youtube.com\/channel\/UCKkFE-d_axENGZcrc4as0IA"]},{"@type":"Person","@id":"https:\/\/www.cuballama.com\/noticias\/#\/schema\/person\/86cd3e3f4974437f031211213bf892d5","name":"Kathy","url":"https:\/\/www.cuballama.com\/noticias\/author\/kathy\/"}]}},"_links":{"self":[{"href":"https:\/\/www.cuballama.com\/noticias\/wp-json\/wp\/v2\/posts\/238200","targetHints":{"allow":["GET"]}}],"collection":[{"href":"https:\/\/www.cuballama.com\/noticias\/wp-json\/wp\/v2\/posts"}],"about":[{"href":"https:\/\/www.cuballama.com\/noticias\/wp-json\/wp\/v2\/types\/post"}],"author":[{"embeddable":true,"href":"https:\/\/www.cuballama.com\/noticias\/wp-json\/wp\/v2\/users\/30"}],"replies":[{"embeddable":true,"href":"https:\/\/www.cuballama.com\/noticias\/wp-json\/wp\/v2\/comments?post=238200"}],"version-history":[{"count":9,"href":"https:\/\/www.cuballama.com\/noticias\/wp-json\/wp\/v2\/posts\/238200\/revisions"}],"predecessor-version":[{"id":238220,"href":"https:\/\/www.cuballama.com\/noticias\/wp-json\/wp\/v2\/posts\/238200\/revisions\/238220"}],"wp:featuredmedia":[{"embeddable":true,"href":"https:\/\/www.cuballama.com\/noticias\/wp-json\/wp\/v2\/media\/238201"}],"wp:attachment":[{"href":"https:\/\/www.cuballama.com\/noticias\/wp-json\/wp\/v2\/media?parent=238200"}],"wp:term":[{"taxonomy":"category","embeddable":true,"href":"https:\/\/www.cuballama.com\/noticias\/wp-json\/wp\/v2\/categories?post=238200"},{"taxonomy":"post_tag","embeddable":true,"href":"https:\/\/www.cuballama.com\/noticias\/wp-json\/wp\/v2\/tags?post=238200"}],"curies":[{"name":"wp","href":"https:\/\/api.w.org\/{rel}","templated":true}]}}