{"id":238184,"date":"2026-03-14T15:26:07","date_gmt":"2026-03-14T19:26:07","guid":{"rendered":"https:\/\/www.cuballama.com\/noticias\/?p=238184"},"modified":"2026-03-16T15:38:53","modified_gmt":"2026-03-16T19:38:53","slug":"adolescente-de-15-anos-podria-estar-herido-o-arrestado-tras-protestas-en-moron","status":"publish","type":"post","link":"https:\/\/www.cuballama.com\/noticias\/adolescente-de-15-anos-podria-estar-herido-o-arrestado-tras-protestas-en-moron\/","title":{"rendered":"Adolescente de 15 a\u00f1os estar\u00eda herido o arrestado tras protestas en Mor\u00f3n"},"content":{"rendered":"\n<p>Un adolescente de 15 a\u00f1os, identificado como Kevin Samuel Echeverr\u00eda, podr\u00eda haber resultado herido durante las protestas que tuvieron lugar la noche del viernes y la madrugada de este s\u00e1bado en el municipio de Mor\u00f3n, provincia de Ciego de \u00c1vila.<\/p>\n\n\n\n<p>Seg\u00fan revel\u00f3 el activista avile\u00f1o Guillermo Rodr\u00edguez S\u00e1nchez, tambi\u00e9n se cree que el menor de edad, que sali\u00f3 anoche a las calles de Mor\u00f3n y \u201cdecidi\u00f3 unirse a las protestas que claramente ped\u00edan corriente, agua y libertad\u201d.<\/p>\n\n\n\n<p>De acuerdo con lo que detall\u00f3 el tambi\u00e9n escritor radicado en M\u00e9xico, hay personas que aseguran que Kevin es \u201cel muchacho que recibi\u00f3 tentativamente <a href=\"https:\/\/www.cuballama.com\/noticias\/protestas-en-moron-al-menos-un-joven-habria-sido-baleado\/\" target=\"_blank\" rel=\"noreferrer noopener\">un disparo en el muslo<\/a>\u201d, un momento que qued\u00f3 captado en videos que han sido divulgados en redes sociales.<\/p>\n\n\n\n<iframe loading=\"lazy\" src=\"https:\/\/www.facebook.com\/plugins\/post.php?href=https%3A%2F%2Fwww.facebook.com%2Fguilleperiodista%2Fposts%2Fpfbid0kciFF6sE1XHpqfTY4YBgw1sDkk5KZGMm71GYJJyKCkz4sHCp5yc8RpqZ1Rn5Eno9l&#038;show_text=true&#038;width=500\" width=\"500\" height=\"716\" style=\"border:none;overflow:hidden\" scrolling=\"no\" frameborder=\"0\" allowfullscreen=\"true\" allow=\"autoplay; clipboard-write; encrypted-media; picture-in-picture; web-share\"><\/iframe>\n\n\n\n<p>No pocas im\u00e1genes reflejan la triste escena en que la poblaci\u00f3n socorre a un joven a las afueras de la sede del Partido Comunista de Cuba en Mor\u00f3n mientras se oye gritos de \u201cle dieron\u201d o \u201cdespu\u00e9s dicen que ustedes no tiran\u201d.<\/p>\n\n\n\n<p>\u201cRealmente no se determina debido al tumulto si fue en efecto un tiro, aunque eso gritaban las personas presentes\u201d, se\u00f1al\u00f3 Rodr\u00edguez S\u00e1nchez, que subi\u00f3 un video bastante esclarecedor al respecto.<\/p>\n\n\n\n<iframe loading=\"lazy\" src=\"https:\/\/www.facebook.com\/plugins\/video.php?height=415&#038;href=https%3A%2F%2Fwww.facebook.com%2Freel%2F1186089616935605%2F&#038;show_text=true&#038;width=560&#038;t=0\" width=\"560\" height=\"530\" style=\"border:none;overflow:hidden\" scrolling=\"no\" frameborder=\"0\" allowfullscreen=\"true\" allow=\"autoplay; clipboard-write; encrypted-media; picture-in-picture; web-share\" allowFullScreen=\"true\"><\/iframe>\n\n\n\n<p>Seg\u00fan una nota publicada por el peri\u00f3dico provincial <em>Invasor<\/em>, que hasta ahora no ha mostrado \u201cevidencia gr\u00e1fica alguna\u201d, tras las manifestaciones fueron detenidas cinco personas y un joven result\u00f3 herido porque \u201cestaba borracho\u201d y se cay\u00f3 \u201ctratando de arrancar algo en medio de la manifestaci\u00f3n y se cort\u00f3 en la pierna\u201d.<\/p>\n\n\n\n<p>Otras versiones no oficiales apuntan a que Kevin Samuel no habr\u00eda sido baleado ni estar\u00eda herido, sino que \u201cfue interceptado por los boinas negras\u201d y arrestado \u201cviolentamente\u201d.<\/p>\n\n\n\n<p>De acuerdo con <em>Invasor<\/em>, una persona, que \u201cen estado de embriaguez sufri\u00f3 una ca\u00edda\u201d, \u201cera atendida en el Hospital General Roberto Rodr\u00edguez\u201d.<\/p>\n\n\n\n<iframe loading=\"lazy\" src=\"https:\/\/www.facebook.com\/plugins\/post.php?href=https%3A%2F%2Fwww.facebook.com%2FMarioJPenton%2Fposts%2Fpfbid02RKCRD6YG2DT8JU6NsvqgQ5iSNwykFka19PtRNkKDwAC4rdw8FSZ2d58aU94MBZwtl&#038;show_text=true&#038;width=500\" width=\"500\" height=\"358\" style=\"border:none;overflow:hidden\" scrolling=\"no\" frameborder=\"0\" allowfullscreen=\"true\" allow=\"autoplay; clipboard-write; encrypted-media; picture-in-picture; web-share\"><\/iframe>\n\n\n\n<p>Sin embargo, versiones independientes no confirmadas insisten en que un joven, que podr\u00eda ser menor de edad, habr\u00eda resultado herido de bala durante el enfrentamiento con las autoridades policiales.<\/p>\n\n\n\n<p>En las im\u00e1genes expuestas en redes se oye lo que parece un disparo y luego se ve a un joven caer al suelo antes de ser auxiliado por varios manifestantes, quienes lo subieron r\u00e1pidamente a una motocicleta para buscar asistencia m\u00e9dica.<\/p>\n\n\n\n<p>Por otro lado, un testimonio compartido por el periodista Mario Pent\u00f3n, desde Miami, confirm\u00f3 que al menos un joven fue violentamente apresado. \u201cHace varios minutos, despu\u00e9s del incidente en el Partido aqu\u00ed en Mor\u00f3n, en la calle Patria, al menos diez boinas negras golpearon a un muchacho casi hasta matarlo\u201d, escribi\u00f3 un vecino de Mor\u00f3n sobre la una de la madrugada de este s\u00e1bado.<\/p>\n\n\n\n<p>Hasta el momento, ni los cinco detenidos ni el herido han sido identificados por las autoridades, que se mantienen en absoluto silencio. <\/p>\n","protected":false},"excerpt":{"rendered":"<p>En redes sociales exigen saber el paradero del muchacho.<\/p>\n","protected":false},"author":30,"featured_media":238186,"comment_status":"open","ping_status":"closed","sticky":false,"template":"","format":"standard","meta":{"_acf_changed":false,"footnotes":""},"categories":[18,955],"tags":[19636,10867,941,31110],"class_list":{"0":"post-238184","1":"post","2":"type-post","3":"status-publish","4":"format-standard","5":"has-post-thumbnail","7":"category-noticias","8":"category-noticias-de-cuba","9":"tag-adolescente-cubano","10":"tag-crisis-en-cuba","11":"tag-destacado","12":"tag-protestas-en-moron"},"acf":[],"yoast_head":"<!-- This site is optimized with the Yoast SEO plugin v27.4 - https:\/\/yoast.com\/product\/yoast-seo-wordpress\/ -->\n<title>Adolescente de 15 a\u00f1os estar\u00eda herido o arrestado tras protestas en Mor\u00f3n - Cuballama Noticias<\/title>\n<meta name=\"description\" content=\"Un adolescente de 15 a\u00f1os podr\u00eda haber resultado herido durante las protestas desatadas este 13 de marzo en Mor\u00f3n.\" \/>\n<meta name=\"robots\" content=\"index, follow, max-snippet:-1, max-image-preview:large, max-video-preview:-1\" \/>\n<link rel=\"canonical\" href=\"https:\/\/www.cuballama.com\/noticias\/adolescente-de-15-anos-podria-estar-herido-o-arrestado-tras-protestas-en-moron\/\" \/>\n<meta property=\"og:locale\" content=\"es_ES\" \/>\n<meta property=\"og:type\" content=\"article\" \/>\n<meta property=\"og:title\" content=\"Adolescente de 15 a\u00f1os estar\u00eda herido o arrestado tras protestas en Mor\u00f3n - Cuballama Noticias\" \/>\n<meta property=\"og:description\" content=\"Un adolescente de 15 a\u00f1os podr\u00eda haber resultado herido durante las protestas desatadas este 13 de marzo en Mor\u00f3n.\" \/>\n<meta property=\"og:url\" content=\"https:\/\/www.cuballama.com\/noticias\/adolescente-de-15-anos-podria-estar-herido-o-arrestado-tras-protestas-en-moron\/\" \/>\n<meta property=\"og:site_name\" content=\"Cuballama Noticias\" \/>\n<meta property=\"article:publisher\" content=\"https:\/\/www.facebook.com\/CubaLlama\" \/>\n<meta property=\"article:published_time\" content=\"2026-03-14T19:26:07+00:00\" \/>\n<meta property=\"article:modified_time\" content=\"2026-03-16T19:38:53+00:00\" \/>\n<meta property=\"og:image\" content=\"https:\/\/cdn1.mediawpaccore.net\/wp-content\/uploads\/2026\/03\/14151021\/650995851_25845226561843207_3177233510815692114_n2.jpg\" \/>\n\t<meta property=\"og:image:width\" content=\"1200\" \/>\n\t<meta property=\"og:image:height\" content=\"630\" \/>\n\t<meta property=\"og:image:type\" content=\"image\/jpeg\" \/>\n<meta name=\"author\" content=\"Kathy\" \/>\n<meta name=\"twitter:card\" content=\"summary_large_image\" \/>\n<meta name=\"twitter:creator\" content=\"@cuballama\" \/>\n<meta name=\"twitter:site\" content=\"@cuballama\" \/>\n<meta name=\"twitter:label1\" content=\"Escrito por\" \/>\n\t<meta name=\"twitter:data1\" content=\"Kathy\" \/>\n\t<meta name=\"twitter:label2\" content=\"Tiempo de lectura\" \/>\n\t<meta name=\"twitter:data2\" content=\"3 minutos\" \/>\n<script type=\"application\/ld+json\" class=\"yoast-schema-graph\">{\"@context\":\"https:\\\/\\\/schema.org\",\"@graph\":[{\"@type\":\"Article\",\"@id\":\"https:\\\/\\\/www.cuballama.com\\\/noticias\\\/adolescente-de-15-anos-podria-estar-herido-o-arrestado-tras-protestas-en-moron\\\/#article\",\"isPartOf\":{\"@id\":\"https:\\\/\\\/www.cuballama.com\\\/noticias\\\/adolescente-de-15-anos-podria-estar-herido-o-arrestado-tras-protestas-en-moron\\\/\"},\"author\":{\"name\":\"Kathy\",\"@id\":\"https:\\\/\\\/www.cuballama.com\\\/noticias\\\/#\\\/schema\\\/person\\\/86cd3e3f4974437f031211213bf892d5\"},\"headline\":\"Adolescente de 15 a\u00f1os estar\u00eda herido o arrestado tras protestas en Mor\u00f3n\",\"datePublished\":\"2026-03-14T19:26:07+00:00\",\"dateModified\":\"2026-03-16T19:38:53+00:00\",\"mainEntityOfPage\":{\"@id\":\"https:\\\/\\\/www.cuballama.com\\\/noticias\\\/adolescente-de-15-anos-podria-estar-herido-o-arrestado-tras-protestas-en-moron\\\/\"},\"wordCount\":500,\"commentCount\":0,\"publisher\":{\"@id\":\"https:\\\/\\\/www.cuballama.com\\\/noticias\\\/#organization\"},\"image\":{\"@id\":\"https:\\\/\\\/www.cuballama.com\\\/noticias\\\/adolescente-de-15-anos-podria-estar-herido-o-arrestado-tras-protestas-en-moron\\\/#primaryimage\"},\"thumbnailUrl\":\"https:\\\/\\\/cdn1.mediawpaccore.net\\\/wp-content\\\/uploads\\\/2026\\\/03\\\/14151021\\\/650995851_25845226561843207_3177233510815692114_n2.jpg\",\"keywords\":[\"adolescente cubano\",\"Crisis en Cuba\",\"destacado\",\"protestas en Mor\u00f3n\"],\"articleSection\":[\"Noticias\",\"Noticias de Cuba\"],\"inLanguage\":\"es\",\"potentialAction\":[{\"@type\":\"CommentAction\",\"name\":\"Comment\",\"target\":[\"https:\\\/\\\/www.cuballama.com\\\/noticias\\\/adolescente-de-15-anos-podria-estar-herido-o-arrestado-tras-protestas-en-moron\\\/#respond\"]}]},{\"@type\":\"WebPage\",\"@id\":\"https:\\\/\\\/www.cuballama.com\\\/noticias\\\/adolescente-de-15-anos-podria-estar-herido-o-arrestado-tras-protestas-en-moron\\\/\",\"url\":\"https:\\\/\\\/www.cuballama.com\\\/noticias\\\/adolescente-de-15-anos-podria-estar-herido-o-arrestado-tras-protestas-en-moron\\\/\",\"name\":\"Adolescente de 15 a\u00f1os estar\u00eda herido o arrestado tras protestas en Mor\u00f3n - Cuballama Noticias\",\"isPartOf\":{\"@id\":\"https:\\\/\\\/www.cuballama.com\\\/noticias\\\/#website\"},\"primaryImageOfPage\":{\"@id\":\"https:\\\/\\\/www.cuballama.com\\\/noticias\\\/adolescente-de-15-anos-podria-estar-herido-o-arrestado-tras-protestas-en-moron\\\/#primaryimage\"},\"image\":{\"@id\":\"https:\\\/\\\/www.cuballama.com\\\/noticias\\\/adolescente-de-15-anos-podria-estar-herido-o-arrestado-tras-protestas-en-moron\\\/#primaryimage\"},\"thumbnailUrl\":\"https:\\\/\\\/cdn1.mediawpaccore.net\\\/wp-content\\\/uploads\\\/2026\\\/03\\\/14151021\\\/650995851_25845226561843207_3177233510815692114_n2.jpg\",\"datePublished\":\"2026-03-14T19:26:07+00:00\",\"dateModified\":\"2026-03-16T19:38:53+00:00\",\"description\":\"Un adolescente de 15 a\u00f1os podr\u00eda haber resultado herido durante las protestas desatadas este 13 de marzo en Mor\u00f3n.\",\"breadcrumb\":{\"@id\":\"https:\\\/\\\/www.cuballama.com\\\/noticias\\\/adolescente-de-15-anos-podria-estar-herido-o-arrestado-tras-protestas-en-moron\\\/#breadcrumb\"},\"inLanguage\":\"es\",\"potentialAction\":[{\"@type\":\"ReadAction\",\"target\":[\"https:\\\/\\\/www.cuballama.com\\\/noticias\\\/adolescente-de-15-anos-podria-estar-herido-o-arrestado-tras-protestas-en-moron\\\/\"]}]},{\"@type\":\"ImageObject\",\"inLanguage\":\"es\",\"@id\":\"https:\\\/\\\/www.cuballama.com\\\/noticias\\\/adolescente-de-15-anos-podria-estar-herido-o-arrestado-tras-protestas-en-moron\\\/#primaryimage\",\"url\":\"https:\\\/\\\/cdn1.mediawpaccore.net\\\/wp-content\\\/uploads\\\/2026\\\/03\\\/14151021\\\/650995851_25845226561843207_3177233510815692114_n2.jpg\",\"contentUrl\":\"https:\\\/\\\/cdn1.mediawpaccore.net\\\/wp-content\\\/uploads\\\/2026\\\/03\\\/14151021\\\/650995851_25845226561843207_3177233510815692114_n2.jpg\",\"width\":1200,\"height\":630,\"caption\":\"Kevin, de 15 a\u00f1os. Foto: Facebook\\\/Guillermo Rodr\u00edguez S\u00e1nchez.\"},{\"@type\":\"BreadcrumbList\",\"@id\":\"https:\\\/\\\/www.cuballama.com\\\/noticias\\\/adolescente-de-15-anos-podria-estar-herido-o-arrestado-tras-protestas-en-moron\\\/#breadcrumb\",\"itemListElement\":[{\"@type\":\"ListItem\",\"position\":1,\"name\":\"Home\",\"item\":\"https:\\\/\\\/www.cuballama.com\\\/noticias\\\/\"},{\"@type\":\"ListItem\",\"position\":2,\"name\":\"Adolescente de 15 a\u00f1os estar\u00eda herido o arrestado tras protestas en Mor\u00f3n\"}]},{\"@type\":\"WebSite\",\"@id\":\"https:\\\/\\\/www.cuballama.com\\\/noticias\\\/#website\",\"url\":\"https:\\\/\\\/www.cuballama.com\\\/noticias\\\/\",\"name\":\"Cuballama Noticias\",\"description\":\"Medio digital sobre Cuba y el mundo\",\"publisher\":{\"@id\":\"https:\\\/\\\/www.cuballama.com\\\/noticias\\\/#organization\"},\"potentialAction\":[{\"@type\":\"SearchAction\",\"target\":{\"@type\":\"EntryPoint\",\"urlTemplate\":\"https:\\\/\\\/www.cuballama.com\\\/noticias\\\/?s={search_term_string}\"},\"query-input\":{\"@type\":\"PropertyValueSpecification\",\"valueRequired\":true,\"valueName\":\"search_term_string\"}}],\"inLanguage\":\"es\"},{\"@type\":\"Organization\",\"@id\":\"https:\\\/\\\/www.cuballama.com\\\/noticias\\\/#organization\",\"name\":\"Cuballama\",\"url\":\"https:\\\/\\\/www.cuballama.com\\\/noticias\\\/\",\"logo\":{\"@type\":\"ImageObject\",\"inLanguage\":\"es\",\"@id\":\"https:\\\/\\\/www.cuballama.com\\\/noticias\\\/#\\\/schema\\\/logo\\\/image\\\/\",\"url\":\"https:\\\/\\\/cdn1.mediawpaccore.net\\\/wp-content\\\/uploads\\\/2021\\\/12\\\/28171206\\\/cbll-logo-color-sm.png\",\"contentUrl\":\"https:\\\/\\\/cdn1.mediawpaccore.net\\\/wp-content\\\/uploads\\\/2021\\\/12\\\/28171206\\\/cbll-logo-color-sm.png\",\"width\":600,\"height\":133,\"caption\":\"Cuballama\"},\"image\":{\"@id\":\"https:\\\/\\\/www.cuballama.com\\\/noticias\\\/#\\\/schema\\\/logo\\\/image\\\/\"},\"sameAs\":[\"https:\\\/\\\/www.facebook.com\\\/CubaLlama\",\"https:\\\/\\\/x.com\\\/cuballama\",\"https:\\\/\\\/www.instagram.com\\\/stories\\\/cuballama_oficial\\\/\",\"https:\\\/\\\/www.youtube.com\\\/channel\\\/UCKkFE-d_axENGZcrc4as0IA\"]},{\"@type\":\"Person\",\"@id\":\"https:\\\/\\\/www.cuballama.com\\\/noticias\\\/#\\\/schema\\\/person\\\/86cd3e3f4974437f031211213bf892d5\",\"name\":\"Kathy\",\"url\":\"https:\\\/\\\/www.cuballama.com\\\/noticias\\\/author\\\/kathy\\\/\"}]}<\/script>\n<!-- \/ Yoast SEO plugin. -->","yoast_head_json":{"title":"Adolescente de 15 a\u00f1os estar\u00eda herido o arrestado tras protestas en Mor\u00f3n - Cuballama Noticias","description":"Un adolescente de 15 a\u00f1os podr\u00eda haber resultado herido durante las protestas desatadas este 13 de marzo en Mor\u00f3n.","robots":{"index":"index","follow":"follow","max-snippet":"max-snippet:-1","max-image-preview":"max-image-preview:large","max-video-preview":"max-video-preview:-1"},"canonical":"https:\/\/www.cuballama.com\/noticias\/adolescente-de-15-anos-podria-estar-herido-o-arrestado-tras-protestas-en-moron\/","og_locale":"es_ES","og_type":"article","og_title":"Adolescente de 15 a\u00f1os estar\u00eda herido o arrestado tras protestas en Mor\u00f3n - Cuballama Noticias","og_description":"Un adolescente de 15 a\u00f1os podr\u00eda haber resultado herido durante las protestas desatadas este 13 de marzo en Mor\u00f3n.","og_url":"https:\/\/www.cuballama.com\/noticias\/adolescente-de-15-anos-podria-estar-herido-o-arrestado-tras-protestas-en-moron\/","og_site_name":"Cuballama Noticias","article_publisher":"https:\/\/www.facebook.com\/CubaLlama","article_published_time":"2026-03-14T19:26:07+00:00","article_modified_time":"2026-03-16T19:38:53+00:00","og_image":[{"width":1200,"height":630,"url":"https:\/\/cdn1.mediawpaccore.net\/wp-content\/uploads\/2026\/03\/14151021\/650995851_25845226561843207_3177233510815692114_n2.jpg","type":"image\/jpeg"}],"author":"Kathy","twitter_card":"summary_large_image","twitter_creator":"@cuballama","twitter_site":"@cuballama","twitter_misc":{"Escrito por":"Kathy","Tiempo de lectura":"3 minutos"},"schema":{"@context":"https:\/\/schema.org","@graph":[{"@type":"Article","@id":"https:\/\/www.cuballama.com\/noticias\/adolescente-de-15-anos-podria-estar-herido-o-arrestado-tras-protestas-en-moron\/#article","isPartOf":{"@id":"https:\/\/www.cuballama.com\/noticias\/adolescente-de-15-anos-podria-estar-herido-o-arrestado-tras-protestas-en-moron\/"},"author":{"name":"Kathy","@id":"https:\/\/www.cuballama.com\/noticias\/#\/schema\/person\/86cd3e3f4974437f031211213bf892d5"},"headline":"Adolescente de 15 a\u00f1os estar\u00eda herido o arrestado tras protestas en Mor\u00f3n","datePublished":"2026-03-14T19:26:07+00:00","dateModified":"2026-03-16T19:38:53+00:00","mainEntityOfPage":{"@id":"https:\/\/www.cuballama.com\/noticias\/adolescente-de-15-anos-podria-estar-herido-o-arrestado-tras-protestas-en-moron\/"},"wordCount":500,"commentCount":0,"publisher":{"@id":"https:\/\/www.cuballama.com\/noticias\/#organization"},"image":{"@id":"https:\/\/www.cuballama.com\/noticias\/adolescente-de-15-anos-podria-estar-herido-o-arrestado-tras-protestas-en-moron\/#primaryimage"},"thumbnailUrl":"https:\/\/cdn1.mediawpaccore.net\/wp-content\/uploads\/2026\/03\/14151021\/650995851_25845226561843207_3177233510815692114_n2.jpg","keywords":["adolescente cubano","Crisis en Cuba","destacado","protestas en Mor\u00f3n"],"articleSection":["Noticias","Noticias de Cuba"],"inLanguage":"es","potentialAction":[{"@type":"CommentAction","name":"Comment","target":["https:\/\/www.cuballama.com\/noticias\/adolescente-de-15-anos-podria-estar-herido-o-arrestado-tras-protestas-en-moron\/#respond"]}]},{"@type":"WebPage","@id":"https:\/\/www.cuballama.com\/noticias\/adolescente-de-15-anos-podria-estar-herido-o-arrestado-tras-protestas-en-moron\/","url":"https:\/\/www.cuballama.com\/noticias\/adolescente-de-15-anos-podria-estar-herido-o-arrestado-tras-protestas-en-moron\/","name":"Adolescente de 15 a\u00f1os estar\u00eda herido o arrestado tras protestas en Mor\u00f3n - Cuballama Noticias","isPartOf":{"@id":"https:\/\/www.cuballama.com\/noticias\/#website"},"primaryImageOfPage":{"@id":"https:\/\/www.cuballama.com\/noticias\/adolescente-de-15-anos-podria-estar-herido-o-arrestado-tras-protestas-en-moron\/#primaryimage"},"image":{"@id":"https:\/\/www.cuballama.com\/noticias\/adolescente-de-15-anos-podria-estar-herido-o-arrestado-tras-protestas-en-moron\/#primaryimage"},"thumbnailUrl":"https:\/\/cdn1.mediawpaccore.net\/wp-content\/uploads\/2026\/03\/14151021\/650995851_25845226561843207_3177233510815692114_n2.jpg","datePublished":"2026-03-14T19:26:07+00:00","dateModified":"2026-03-16T19:38:53+00:00","description":"Un adolescente de 15 a\u00f1os podr\u00eda haber resultado herido durante las protestas desatadas este 13 de marzo en Mor\u00f3n.","breadcrumb":{"@id":"https:\/\/www.cuballama.com\/noticias\/adolescente-de-15-anos-podria-estar-herido-o-arrestado-tras-protestas-en-moron\/#breadcrumb"},"inLanguage":"es","potentialAction":[{"@type":"ReadAction","target":["https:\/\/www.cuballama.com\/noticias\/adolescente-de-15-anos-podria-estar-herido-o-arrestado-tras-protestas-en-moron\/"]}]},{"@type":"ImageObject","inLanguage":"es","@id":"https:\/\/www.cuballama.com\/noticias\/adolescente-de-15-anos-podria-estar-herido-o-arrestado-tras-protestas-en-moron\/#primaryimage","url":"https:\/\/cdn1.mediawpaccore.net\/wp-content\/uploads\/2026\/03\/14151021\/650995851_25845226561843207_3177233510815692114_n2.jpg","contentUrl":"https:\/\/cdn1.mediawpaccore.net\/wp-content\/uploads\/2026\/03\/14151021\/650995851_25845226561843207_3177233510815692114_n2.jpg","width":1200,"height":630,"caption":"Kevin, de 15 a\u00f1os. Foto: Facebook\/Guillermo Rodr\u00edguez S\u00e1nchez."},{"@type":"BreadcrumbList","@id":"https:\/\/www.cuballama.com\/noticias\/adolescente-de-15-anos-podria-estar-herido-o-arrestado-tras-protestas-en-moron\/#breadcrumb","itemListElement":[{"@type":"ListItem","position":1,"name":"Home","item":"https:\/\/www.cuballama.com\/noticias\/"},{"@type":"ListItem","position":2,"name":"Adolescente de 15 a\u00f1os estar\u00eda herido o arrestado tras protestas en Mor\u00f3n"}]},{"@type":"WebSite","@id":"https:\/\/www.cuballama.com\/noticias\/#website","url":"https:\/\/www.cuballama.com\/noticias\/","name":"Cuballama Noticias","description":"Medio digital sobre Cuba y el mundo","publisher":{"@id":"https:\/\/www.cuballama.com\/noticias\/#organization"},"potentialAction":[{"@type":"SearchAction","target":{"@type":"EntryPoint","urlTemplate":"https:\/\/www.cuballama.com\/noticias\/?s={search_term_string}"},"query-input":{"@type":"PropertyValueSpecification","valueRequired":true,"valueName":"search_term_string"}}],"inLanguage":"es"},{"@type":"Organization","@id":"https:\/\/www.cuballama.com\/noticias\/#organization","name":"Cuballama","url":"https:\/\/www.cuballama.com\/noticias\/","logo":{"@type":"ImageObject","inLanguage":"es","@id":"https:\/\/www.cuballama.com\/noticias\/#\/schema\/logo\/image\/","url":"https:\/\/cdn1.mediawpaccore.net\/wp-content\/uploads\/2021\/12\/28171206\/cbll-logo-color-sm.png","contentUrl":"https:\/\/cdn1.mediawpaccore.net\/wp-content\/uploads\/2021\/12\/28171206\/cbll-logo-color-sm.png","width":600,"height":133,"caption":"Cuballama"},"image":{"@id":"https:\/\/www.cuballama.com\/noticias\/#\/schema\/logo\/image\/"},"sameAs":["https:\/\/www.facebook.com\/CubaLlama","https:\/\/x.com\/cuballama","https:\/\/www.instagram.com\/stories\/cuballama_oficial\/","https:\/\/www.youtube.com\/channel\/UCKkFE-d_axENGZcrc4as0IA"]},{"@type":"Person","@id":"https:\/\/www.cuballama.com\/noticias\/#\/schema\/person\/86cd3e3f4974437f031211213bf892d5","name":"Kathy","url":"https:\/\/www.cuballama.com\/noticias\/author\/kathy\/"}]}},"_links":{"self":[{"href":"https:\/\/www.cuballama.com\/noticias\/wp-json\/wp\/v2\/posts\/238184","targetHints":{"allow":["GET"]}}],"collection":[{"href":"https:\/\/www.cuballama.com\/noticias\/wp-json\/wp\/v2\/posts"}],"about":[{"href":"https:\/\/www.cuballama.com\/noticias\/wp-json\/wp\/v2\/types\/post"}],"author":[{"embeddable":true,"href":"https:\/\/www.cuballama.com\/noticias\/wp-json\/wp\/v2\/users\/30"}],"replies":[{"embeddable":true,"href":"https:\/\/www.cuballama.com\/noticias\/wp-json\/wp\/v2\/comments?post=238184"}],"version-history":[{"count":6,"href":"https:\/\/www.cuballama.com\/noticias\/wp-json\/wp\/v2\/posts\/238184\/revisions"}],"predecessor-version":[{"id":238197,"href":"https:\/\/www.cuballama.com\/noticias\/wp-json\/wp\/v2\/posts\/238184\/revisions\/238197"}],"wp:featuredmedia":[{"embeddable":true,"href":"https:\/\/www.cuballama.com\/noticias\/wp-json\/wp\/v2\/media\/238186"}],"wp:attachment":[{"href":"https:\/\/www.cuballama.com\/noticias\/wp-json\/wp\/v2\/media?parent=238184"}],"wp:term":[{"taxonomy":"category","embeddable":true,"href":"https:\/\/www.cuballama.com\/noticias\/wp-json\/wp\/v2\/categories?post=238184"},{"taxonomy":"post_tag","embeddable":true,"href":"https:\/\/www.cuballama.com\/noticias\/wp-json\/wp\/v2\/tags?post=238184"}],"curies":[{"name":"wp","href":"https:\/\/api.w.org\/{rel}","templated":true}]}}