{"id":238172,"date":"2026-03-14T14:29:44","date_gmt":"2026-03-14T18:29:44","guid":{"rendered":"https:\/\/www.cuballama.com\/noticias\/?p=238172"},"modified":"2026-03-14T14:39:23","modified_gmt":"2026-03-14T18:39:23","slug":"canciller-cubano-dice-que-dialogo-con-ee-uu-no-tiene-que-ver-con-asuntos-internos","status":"publish","type":"post","link":"https:\/\/www.cuballama.com\/noticias\/canciller-cubano-dice-que-dialogo-con-ee-uu-no-tiene-que-ver-con-asuntos-internos\/","title":{"rendered":"Canciller cubano dice que di\u00e1logo con EE.UU. no tiene que ver con \u201casuntos internos\u201d"},"content":{"rendered":"\n<p>El canciller cubano, Bruno Rodr\u00edguez Parrilla, aclar\u00f3 este s\u00e1bado 14 de marzo que \u201cla disposici\u00f3n de Cuba a dialogar de forma seria y responsable con el gobierno de Estados Unidos no es nueva\u201d.<\/p>\n\n\n\n<p>Un d\u00eda despu\u00e9s de que el mandatario cubano, Miguel D\u00edaz-Canel, confirmara que La Habana y Washington han estado conversando, algo que hac\u00eda semanas hab\u00eda confirmado el propio presidente de Estados Unidos, Donald Trump, el encargado de la pol\u00edtica exterior de la isla sali\u00f3 a hacer varias aclaraciones en la red social X.<\/p>\n\n\n\n<p>De acuerdo con el titular del Ministerio de Relaciones Exteriores, las conversaciones entre la Administraci\u00f3n Trump y La Habana persiguen \u201cencontrar soluci\u00f3n a diferencias bilaterales, con apego al Derecho Internacional y respeto a la soberan\u00eda de ambas partes\u201d.<\/p>\n\n\n\n<blockquote class=\"twitter-tweet\"><p lang=\"es\" dir=\"ltr\">La disposici\u00f3n de <a href=\"https:\/\/twitter.com\/hashtag\/Cuba?src=hash&amp;ref_src=twsrc%5Etfw\">#Cuba<\/a> a dialogar de forma seria y responsable con el gobierno de <a href=\"https:\/\/twitter.com\/hashtag\/EEUU?src=hash&amp;ref_src=twsrc%5Etfw\">#EEUU<\/a> no es nueva.<br><br>Persigue encontrar soluci\u00f3n a diferencias bilaterales, con apego al Derecho Internacional y respeto a la soberan\u00eda de ambas partes.<br><br>Por tanto, no concierne en lo absoluto a los\u2026<\/p>&mdash; Bruno Rodr\u00edguez P (@BrunoRguezP) <a href=\"https:\/\/twitter.com\/BrunoRguezP\/status\/2032757314227208332?ref_src=twsrc%5Etfw\">March 14, 2026<\/a><\/blockquote> <script async src=\"https:\/\/platform.twitter.com\/widgets.js\" charset=\"utf-8\"><\/script> \n\n\n\n<p>\u201cPor tanto, no concierne en lo absoluto a los asuntos internos, los ordenamientos constitucionales, ni los modelos pol\u00edticos, econ\u00f3micos y sociales de los dos pa\u00edses\u201d, apunt\u00f3 al dejar entrever que Cuba no har\u00eda demasiadas concesiones en una mesa de negociaciones con Washington.<\/p>\n\n\n\n<p>Poco despu\u00e9s el congresista cubanoamericano Carlos Gim\u00e9nez coment\u00f3 la publicaci\u00f3n del ministro cubano, a quien le aconsej\u00f3 impulsar acciones efectivas hacia una transici\u00f3n democr\u00e1tica en la isla y la salida del poder de la c\u00fapula comunista.<\/p>\n\n\n\n<blockquote class=\"twitter-tweet\"><p lang=\"es\" dir=\"ltr\">Ustedes no tienen absolutamente nada que quiera Estados Unidos.<br><br>Sin un cambio de sistema contundente, la situaci\u00f3n econ\u00f3mica y social en <a href=\"https:\/\/twitter.com\/hashtag\/Cuba?src=hash&amp;ref_src=twsrc%5Etfw\">#Cuba<\/a> seguir\u00e1 empeorando.<br><br>Lo mejor que pueden hacer es largarse antes que sea demasiado tarde.<br><br>El tiempo se les acab\u00f3. <br><br>\u00a1Patria Y Vida!\ud83c\udde8\ud83c\uddfa<\/p>&mdash; Rep. Carlos A. Gimenez (@RepCarlos) <a href=\"https:\/\/twitter.com\/RepCarlos\/status\/2032770234990338363?ref_src=twsrc%5Etfw\">March 14, 2026<\/a><\/blockquote> <script async src=\"https:\/\/platform.twitter.com\/widgets.js\" charset=\"utf-8\"><\/script> \n\n\n\n<p>\u201cUstedes no tienen absolutamente nada que quiera Estados Unidos. Sin un cambio de sistema contundente, la situaci\u00f3n econ\u00f3mica y social en Cuba seguir\u00e1 empeorando. Lo mejor que pueden hacer es largarse antes que sea demasiado tarde. El tiempo se les acab\u00f3. \u00a1Patria Y Vida!\u201d, expreso el legislador por Florida.<\/p>\n\n\n\n<p>Seg\u00fan dijo D\u00edaz-Canel este viernes, a trav\u00e9s de una comparecencia televisada, los contactos con la administraci\u00f3n Trump se tienen \u201cen correspondencia con la consistente pol\u00edtica que ha defendido la Revoluci\u00f3n Cubana en su historia\u201d, y est\u00e1n dirigidos por \u201cel General de Ej\u00e9rcito\u00a0Ra\u00fal Castro Ruz\u00a0como l\u00edder de la Revoluci\u00f3n\u201d y las principales estructuras del Partido, el Estado y el Gobierno.<\/p>\n\n\n\n<blockquote class=\"twitter-tweet\"><p lang=\"es\" dir=\"ltr\">\ud83d\udccc Intervenci\u00f3n del primer secretario del Partido Comunista de Cuba y presidente de la Rep\u00fablica, <a href=\"https:\/\/twitter.com\/DiazCanelB?ref_src=twsrc%5Etfw\">@DiazCanelB<\/a> sobre el estado actual de las relaciones con el gobierno de los Estados Unidos. <a href=\"https:\/\/t.co\/KZC5K2kEZy\">pic.twitter.com\/KZC5K2kEZy<\/a><\/p>&mdash; Canciller\u00eda de Cuba (@CubaMINREX) <a href=\"https:\/\/twitter.com\/CubaMINREX\/status\/2032416975859659000?ref_src=twsrc%5Etfw\">March 13, 2026<\/a><\/blockquote> <script async src=\"https:\/\/platform.twitter.com\/widgets.js\" charset=\"utf-8\"><\/script> \n\n\n\n<p>De igual manera, el mandatario defendi\u00f3 el silencio oficial que hab\u00eda rodeado estas gestiones y no dio detalles sobre el contenido de las conversaciones, si bien admiti\u00f3 que se trata de \u201cun proceso muy sensible\u201d que se maneja con \u201cseriedad y responsabilidad\u201d porque, seg\u00fan dijo, afecta las relaciones bilaterales entre ambos pa\u00edses y requiere \u201cenormes y arduos esfuerzos para encontrar soluci\u00f3n y crear espacios de entendimiento que nos permitan avanzar y alejarnos de la confrontaci\u00f3n\u201d.<\/p>\n","protected":false},"excerpt":{"rendered":"<p>El ministro de Relaciones Exteriores aclar\u00f3 varios puntos sobre las conversaciones entre Washington y La Habana.<\/p>\n","protected":false},"author":30,"featured_media":238174,"comment_status":"open","ping_status":"closed","sticky":false,"template":"","format":"standard","meta":{"_acf_changed":false,"footnotes":""},"categories":[18,955],"tags":[5404,2866,18446,10867,941,3895],"class_list":{"0":"post-238172","1":"post","2":"type-post","3":"status-publish","4":"format-standard","5":"has-post-thumbnail","7":"category-noticias","8":"category-noticias-de-cuba","9":"tag-administracion-trump","10":"tag-bruno-rodriguez-parrilla","11":"tag-canciller-cubano","12":"tag-crisis-en-cuba","13":"tag-destacado","14":"tag-gobierno-cubano"},"acf":[],"yoast_head":"<!-- This site is optimized with the Yoast SEO plugin v27.5 - https:\/\/yoast.com\/product\/yoast-seo-wordpress\/ -->\n<title>Canciller cubano dice que di\u00e1logo con EE.UU. no tiene que ver con \u201casuntos internos\u201d - Cuballama Noticias<\/title>\n<meta name=\"description\" content=\"El canciller cubano, Bruno Rodr\u00edguez, habl\u00f3 sobre los t\u00e9rminos del di\u00e1logo entre los gobiernos de Cuba y EE.UU.\" \/>\n<meta name=\"robots\" content=\"index, follow, max-snippet:-1, max-image-preview:large, max-video-preview:-1\" \/>\n<link rel=\"canonical\" href=\"https:\/\/www.cuballama.com\/noticias\/canciller-cubano-dice-que-dialogo-con-ee-uu-no-tiene-que-ver-con-asuntos-internos\/\" \/>\n<meta property=\"og:locale\" content=\"es_ES\" \/>\n<meta property=\"og:type\" content=\"article\" \/>\n<meta property=\"og:title\" content=\"Canciller cubano dice que di\u00e1logo con EE.UU. no tiene que ver con \u201casuntos internos\u201d - Cuballama Noticias\" \/>\n<meta property=\"og:description\" content=\"El canciller cubano, Bruno Rodr\u00edguez, habl\u00f3 sobre los t\u00e9rminos del di\u00e1logo entre los gobiernos de Cuba y EE.UU.\" \/>\n<meta property=\"og:url\" content=\"https:\/\/www.cuballama.com\/noticias\/canciller-cubano-dice-que-dialogo-con-ee-uu-no-tiene-que-ver-con-asuntos-internos\/\" \/>\n<meta property=\"og:site_name\" content=\"Cuballama Noticias\" \/>\n<meta property=\"article:publisher\" content=\"https:\/\/www.facebook.com\/CubaLlama\" \/>\n<meta property=\"article:published_time\" content=\"2026-03-14T18:29:44+00:00\" \/>\n<meta property=\"article:modified_time\" content=\"2026-03-14T18:39:23+00:00\" \/>\n<meta property=\"og:image\" content=\"https:\/\/cdn1.mediawpaccore.net\/wp-content\/uploads\/2026\/03\/14140538\/G-pxvqZbUAANpRp1.jpg\" \/>\n\t<meta property=\"og:image:width\" content=\"1200\" \/>\n\t<meta property=\"og:image:height\" content=\"630\" \/>\n\t<meta property=\"og:image:type\" content=\"image\/jpeg\" \/>\n<meta name=\"author\" content=\"Kathy\" \/>\n<meta name=\"twitter:card\" content=\"summary_large_image\" \/>\n<meta name=\"twitter:creator\" content=\"@cuballama\" \/>\n<meta name=\"twitter:site\" content=\"@cuballama\" \/>\n<meta name=\"twitter:label1\" content=\"Escrito por\" \/>\n\t<meta name=\"twitter:data1\" content=\"Kathy\" \/>\n\t<meta name=\"twitter:label2\" content=\"Tiempo de lectura\" \/>\n\t<meta name=\"twitter:data2\" content=\"2 minutos\" \/>\n<script type=\"application\/ld+json\" class=\"yoast-schema-graph\">{\"@context\":\"https:\\\/\\\/schema.org\",\"@graph\":[{\"@type\":\"Article\",\"@id\":\"https:\\\/\\\/www.cuballama.com\\\/noticias\\\/canciller-cubano-dice-que-dialogo-con-ee-uu-no-tiene-que-ver-con-asuntos-internos\\\/#article\",\"isPartOf\":{\"@id\":\"https:\\\/\\\/www.cuballama.com\\\/noticias\\\/canciller-cubano-dice-que-dialogo-con-ee-uu-no-tiene-que-ver-con-asuntos-internos\\\/\"},\"author\":{\"name\":\"Kathy\",\"@id\":\"https:\\\/\\\/www.cuballama.com\\\/noticias\\\/#\\\/schema\\\/person\\\/86cd3e3f4974437f031211213bf892d5\"},\"headline\":\"Canciller cubano dice que di\u00e1logo con EE.UU. no tiene que ver con \u201casuntos internos\u201d\",\"datePublished\":\"2026-03-14T18:29:44+00:00\",\"dateModified\":\"2026-03-14T18:39:23+00:00\",\"mainEntityOfPage\":{\"@id\":\"https:\\\/\\\/www.cuballama.com\\\/noticias\\\/canciller-cubano-dice-que-dialogo-con-ee-uu-no-tiene-que-ver-con-asuntos-internos\\\/\"},\"wordCount\":595,\"commentCount\":0,\"publisher\":{\"@id\":\"https:\\\/\\\/www.cuballama.com\\\/noticias\\\/#organization\"},\"image\":{\"@id\":\"https:\\\/\\\/www.cuballama.com\\\/noticias\\\/canciller-cubano-dice-que-dialogo-con-ee-uu-no-tiene-que-ver-con-asuntos-internos\\\/#primaryimage\"},\"thumbnailUrl\":\"https:\\\/\\\/cdn1.mediawpaccore.net\\\/wp-content\\\/uploads\\\/2026\\\/03\\\/14140538\\\/G-pxvqZbUAANpRp1.jpg\",\"keywords\":[\"administraci\u00f3n Trump\",\"Bruno Rodr\u00edguez Parrilla\",\"canciller cubano\",\"Crisis en Cuba\",\"destacado\",\"gobierno cubano\"],\"articleSection\":[\"Noticias\",\"Noticias de Cuba\"],\"inLanguage\":\"es\",\"potentialAction\":[{\"@type\":\"CommentAction\",\"name\":\"Comment\",\"target\":[\"https:\\\/\\\/www.cuballama.com\\\/noticias\\\/canciller-cubano-dice-que-dialogo-con-ee-uu-no-tiene-que-ver-con-asuntos-internos\\\/#respond\"]}]},{\"@type\":\"WebPage\",\"@id\":\"https:\\\/\\\/www.cuballama.com\\\/noticias\\\/canciller-cubano-dice-que-dialogo-con-ee-uu-no-tiene-que-ver-con-asuntos-internos\\\/\",\"url\":\"https:\\\/\\\/www.cuballama.com\\\/noticias\\\/canciller-cubano-dice-que-dialogo-con-ee-uu-no-tiene-que-ver-con-asuntos-internos\\\/\",\"name\":\"Canciller cubano dice que di\u00e1logo con EE.UU. no tiene que ver con \u201casuntos internos\u201d - Cuballama Noticias\",\"isPartOf\":{\"@id\":\"https:\\\/\\\/www.cuballama.com\\\/noticias\\\/#website\"},\"primaryImageOfPage\":{\"@id\":\"https:\\\/\\\/www.cuballama.com\\\/noticias\\\/canciller-cubano-dice-que-dialogo-con-ee-uu-no-tiene-que-ver-con-asuntos-internos\\\/#primaryimage\"},\"image\":{\"@id\":\"https:\\\/\\\/www.cuballama.com\\\/noticias\\\/canciller-cubano-dice-que-dialogo-con-ee-uu-no-tiene-que-ver-con-asuntos-internos\\\/#primaryimage\"},\"thumbnailUrl\":\"https:\\\/\\\/cdn1.mediawpaccore.net\\\/wp-content\\\/uploads\\\/2026\\\/03\\\/14140538\\\/G-pxvqZbUAANpRp1.jpg\",\"datePublished\":\"2026-03-14T18:29:44+00:00\",\"dateModified\":\"2026-03-14T18:39:23+00:00\",\"description\":\"El canciller cubano, Bruno Rodr\u00edguez, habl\u00f3 sobre los t\u00e9rminos del di\u00e1logo entre los gobiernos de Cuba y EE.UU.\",\"breadcrumb\":{\"@id\":\"https:\\\/\\\/www.cuballama.com\\\/noticias\\\/canciller-cubano-dice-que-dialogo-con-ee-uu-no-tiene-que-ver-con-asuntos-internos\\\/#breadcrumb\"},\"inLanguage\":\"es\",\"potentialAction\":[{\"@type\":\"ReadAction\",\"target\":[\"https:\\\/\\\/www.cuballama.com\\\/noticias\\\/canciller-cubano-dice-que-dialogo-con-ee-uu-no-tiene-que-ver-con-asuntos-internos\\\/\"]}]},{\"@type\":\"ImageObject\",\"inLanguage\":\"es\",\"@id\":\"https:\\\/\\\/www.cuballama.com\\\/noticias\\\/canciller-cubano-dice-que-dialogo-con-ee-uu-no-tiene-que-ver-con-asuntos-internos\\\/#primaryimage\",\"url\":\"https:\\\/\\\/cdn1.mediawpaccore.net\\\/wp-content\\\/uploads\\\/2026\\\/03\\\/14140538\\\/G-pxvqZbUAANpRp1.jpg\",\"contentUrl\":\"https:\\\/\\\/cdn1.mediawpaccore.net\\\/wp-content\\\/uploads\\\/2026\\\/03\\\/14140538\\\/G-pxvqZbUAANpRp1.jpg\",\"width\":1200,\"height\":630,\"caption\":\"Bruno Rodr\u00edguez Parrilla. Foto: X\\\/Bruno Rodr\u00edguez Parrilla.\"},{\"@type\":\"BreadcrumbList\",\"@id\":\"https:\\\/\\\/www.cuballama.com\\\/noticias\\\/canciller-cubano-dice-que-dialogo-con-ee-uu-no-tiene-que-ver-con-asuntos-internos\\\/#breadcrumb\",\"itemListElement\":[{\"@type\":\"ListItem\",\"position\":1,\"name\":\"Home\",\"item\":\"https:\\\/\\\/www.cuballama.com\\\/noticias\\\/\"},{\"@type\":\"ListItem\",\"position\":2,\"name\":\"Canciller cubano dice que di\u00e1logo con EE.UU. no tiene que ver con \u201casuntos internos\u201d\"}]},{\"@type\":\"WebSite\",\"@id\":\"https:\\\/\\\/www.cuballama.com\\\/noticias\\\/#website\",\"url\":\"https:\\\/\\\/www.cuballama.com\\\/noticias\\\/\",\"name\":\"Cuballama Noticias\",\"description\":\"Medio digital sobre Cuba y el mundo\",\"publisher\":{\"@id\":\"https:\\\/\\\/www.cuballama.com\\\/noticias\\\/#organization\"},\"potentialAction\":[{\"@type\":\"SearchAction\",\"target\":{\"@type\":\"EntryPoint\",\"urlTemplate\":\"https:\\\/\\\/www.cuballama.com\\\/noticias\\\/?s={search_term_string}\"},\"query-input\":{\"@type\":\"PropertyValueSpecification\",\"valueRequired\":true,\"valueName\":\"search_term_string\"}}],\"inLanguage\":\"es\"},{\"@type\":\"Organization\",\"@id\":\"https:\\\/\\\/www.cuballama.com\\\/noticias\\\/#organization\",\"name\":\"Cuballama\",\"url\":\"https:\\\/\\\/www.cuballama.com\\\/noticias\\\/\",\"logo\":{\"@type\":\"ImageObject\",\"inLanguage\":\"es\",\"@id\":\"https:\\\/\\\/www.cuballama.com\\\/noticias\\\/#\\\/schema\\\/logo\\\/image\\\/\",\"url\":\"https:\\\/\\\/cdn1.mediawpaccore.net\\\/wp-content\\\/uploads\\\/2021\\\/12\\\/28171206\\\/cbll-logo-color-sm.png\",\"contentUrl\":\"https:\\\/\\\/cdn1.mediawpaccore.net\\\/wp-content\\\/uploads\\\/2021\\\/12\\\/28171206\\\/cbll-logo-color-sm.png\",\"width\":600,\"height\":133,\"caption\":\"Cuballama\"},\"image\":{\"@id\":\"https:\\\/\\\/www.cuballama.com\\\/noticias\\\/#\\\/schema\\\/logo\\\/image\\\/\"},\"sameAs\":[\"https:\\\/\\\/www.facebook.com\\\/CubaLlama\",\"https:\\\/\\\/x.com\\\/cuballama\",\"https:\\\/\\\/www.instagram.com\\\/stories\\\/cuballama_oficial\\\/\",\"https:\\\/\\\/www.youtube.com\\\/channel\\\/UCKkFE-d_axENGZcrc4as0IA\"]},{\"@type\":\"Person\",\"@id\":\"https:\\\/\\\/www.cuballama.com\\\/noticias\\\/#\\\/schema\\\/person\\\/86cd3e3f4974437f031211213bf892d5\",\"name\":\"Kathy\",\"url\":\"https:\\\/\\\/www.cuballama.com\\\/noticias\\\/author\\\/kathy\\\/\"}]}<\/script>\n<!-- \/ Yoast SEO plugin. -->","yoast_head_json":{"title":"Canciller cubano dice que di\u00e1logo con EE.UU. no tiene que ver con \u201casuntos internos\u201d - Cuballama Noticias","description":"El canciller cubano, Bruno Rodr\u00edguez, habl\u00f3 sobre los t\u00e9rminos del di\u00e1logo entre los gobiernos de Cuba y EE.UU.","robots":{"index":"index","follow":"follow","max-snippet":"max-snippet:-1","max-image-preview":"max-image-preview:large","max-video-preview":"max-video-preview:-1"},"canonical":"https:\/\/www.cuballama.com\/noticias\/canciller-cubano-dice-que-dialogo-con-ee-uu-no-tiene-que-ver-con-asuntos-internos\/","og_locale":"es_ES","og_type":"article","og_title":"Canciller cubano dice que di\u00e1logo con EE.UU. no tiene que ver con \u201casuntos internos\u201d - Cuballama Noticias","og_description":"El canciller cubano, Bruno Rodr\u00edguez, habl\u00f3 sobre los t\u00e9rminos del di\u00e1logo entre los gobiernos de Cuba y EE.UU.","og_url":"https:\/\/www.cuballama.com\/noticias\/canciller-cubano-dice-que-dialogo-con-ee-uu-no-tiene-que-ver-con-asuntos-internos\/","og_site_name":"Cuballama Noticias","article_publisher":"https:\/\/www.facebook.com\/CubaLlama","article_published_time":"2026-03-14T18:29:44+00:00","article_modified_time":"2026-03-14T18:39:23+00:00","og_image":[{"width":1200,"height":630,"url":"https:\/\/cdn1.mediawpaccore.net\/wp-content\/uploads\/2026\/03\/14140538\/G-pxvqZbUAANpRp1.jpg","type":"image\/jpeg"}],"author":"Kathy","twitter_card":"summary_large_image","twitter_creator":"@cuballama","twitter_site":"@cuballama","twitter_misc":{"Escrito por":"Kathy","Tiempo de lectura":"2 minutos"},"schema":{"@context":"https:\/\/schema.org","@graph":[{"@type":"Article","@id":"https:\/\/www.cuballama.com\/noticias\/canciller-cubano-dice-que-dialogo-con-ee-uu-no-tiene-que-ver-con-asuntos-internos\/#article","isPartOf":{"@id":"https:\/\/www.cuballama.com\/noticias\/canciller-cubano-dice-que-dialogo-con-ee-uu-no-tiene-que-ver-con-asuntos-internos\/"},"author":{"name":"Kathy","@id":"https:\/\/www.cuballama.com\/noticias\/#\/schema\/person\/86cd3e3f4974437f031211213bf892d5"},"headline":"Canciller cubano dice que di\u00e1logo con EE.UU. no tiene que ver con \u201casuntos internos\u201d","datePublished":"2026-03-14T18:29:44+00:00","dateModified":"2026-03-14T18:39:23+00:00","mainEntityOfPage":{"@id":"https:\/\/www.cuballama.com\/noticias\/canciller-cubano-dice-que-dialogo-con-ee-uu-no-tiene-que-ver-con-asuntos-internos\/"},"wordCount":595,"commentCount":0,"publisher":{"@id":"https:\/\/www.cuballama.com\/noticias\/#organization"},"image":{"@id":"https:\/\/www.cuballama.com\/noticias\/canciller-cubano-dice-que-dialogo-con-ee-uu-no-tiene-que-ver-con-asuntos-internos\/#primaryimage"},"thumbnailUrl":"https:\/\/cdn1.mediawpaccore.net\/wp-content\/uploads\/2026\/03\/14140538\/G-pxvqZbUAANpRp1.jpg","keywords":["administraci\u00f3n Trump","Bruno Rodr\u00edguez Parrilla","canciller cubano","Crisis en Cuba","destacado","gobierno cubano"],"articleSection":["Noticias","Noticias de Cuba"],"inLanguage":"es","potentialAction":[{"@type":"CommentAction","name":"Comment","target":["https:\/\/www.cuballama.com\/noticias\/canciller-cubano-dice-que-dialogo-con-ee-uu-no-tiene-que-ver-con-asuntos-internos\/#respond"]}]},{"@type":"WebPage","@id":"https:\/\/www.cuballama.com\/noticias\/canciller-cubano-dice-que-dialogo-con-ee-uu-no-tiene-que-ver-con-asuntos-internos\/","url":"https:\/\/www.cuballama.com\/noticias\/canciller-cubano-dice-que-dialogo-con-ee-uu-no-tiene-que-ver-con-asuntos-internos\/","name":"Canciller cubano dice que di\u00e1logo con EE.UU. no tiene que ver con \u201casuntos internos\u201d - Cuballama Noticias","isPartOf":{"@id":"https:\/\/www.cuballama.com\/noticias\/#website"},"primaryImageOfPage":{"@id":"https:\/\/www.cuballama.com\/noticias\/canciller-cubano-dice-que-dialogo-con-ee-uu-no-tiene-que-ver-con-asuntos-internos\/#primaryimage"},"image":{"@id":"https:\/\/www.cuballama.com\/noticias\/canciller-cubano-dice-que-dialogo-con-ee-uu-no-tiene-que-ver-con-asuntos-internos\/#primaryimage"},"thumbnailUrl":"https:\/\/cdn1.mediawpaccore.net\/wp-content\/uploads\/2026\/03\/14140538\/G-pxvqZbUAANpRp1.jpg","datePublished":"2026-03-14T18:29:44+00:00","dateModified":"2026-03-14T18:39:23+00:00","description":"El canciller cubano, Bruno Rodr\u00edguez, habl\u00f3 sobre los t\u00e9rminos del di\u00e1logo entre los gobiernos de Cuba y EE.UU.","breadcrumb":{"@id":"https:\/\/www.cuballama.com\/noticias\/canciller-cubano-dice-que-dialogo-con-ee-uu-no-tiene-que-ver-con-asuntos-internos\/#breadcrumb"},"inLanguage":"es","potentialAction":[{"@type":"ReadAction","target":["https:\/\/www.cuballama.com\/noticias\/canciller-cubano-dice-que-dialogo-con-ee-uu-no-tiene-que-ver-con-asuntos-internos\/"]}]},{"@type":"ImageObject","inLanguage":"es","@id":"https:\/\/www.cuballama.com\/noticias\/canciller-cubano-dice-que-dialogo-con-ee-uu-no-tiene-que-ver-con-asuntos-internos\/#primaryimage","url":"https:\/\/cdn1.mediawpaccore.net\/wp-content\/uploads\/2026\/03\/14140538\/G-pxvqZbUAANpRp1.jpg","contentUrl":"https:\/\/cdn1.mediawpaccore.net\/wp-content\/uploads\/2026\/03\/14140538\/G-pxvqZbUAANpRp1.jpg","width":1200,"height":630,"caption":"Bruno Rodr\u00edguez Parrilla. Foto: X\/Bruno Rodr\u00edguez Parrilla."},{"@type":"BreadcrumbList","@id":"https:\/\/www.cuballama.com\/noticias\/canciller-cubano-dice-que-dialogo-con-ee-uu-no-tiene-que-ver-con-asuntos-internos\/#breadcrumb","itemListElement":[{"@type":"ListItem","position":1,"name":"Home","item":"https:\/\/www.cuballama.com\/noticias\/"},{"@type":"ListItem","position":2,"name":"Canciller cubano dice que di\u00e1logo con EE.UU. no tiene que ver con \u201casuntos internos\u201d"}]},{"@type":"WebSite","@id":"https:\/\/www.cuballama.com\/noticias\/#website","url":"https:\/\/www.cuballama.com\/noticias\/","name":"Cuballama Noticias","description":"Medio digital sobre Cuba y el mundo","publisher":{"@id":"https:\/\/www.cuballama.com\/noticias\/#organization"},"potentialAction":[{"@type":"SearchAction","target":{"@type":"EntryPoint","urlTemplate":"https:\/\/www.cuballama.com\/noticias\/?s={search_term_string}"},"query-input":{"@type":"PropertyValueSpecification","valueRequired":true,"valueName":"search_term_string"}}],"inLanguage":"es"},{"@type":"Organization","@id":"https:\/\/www.cuballama.com\/noticias\/#organization","name":"Cuballama","url":"https:\/\/www.cuballama.com\/noticias\/","logo":{"@type":"ImageObject","inLanguage":"es","@id":"https:\/\/www.cuballama.com\/noticias\/#\/schema\/logo\/image\/","url":"https:\/\/cdn1.mediawpaccore.net\/wp-content\/uploads\/2021\/12\/28171206\/cbll-logo-color-sm.png","contentUrl":"https:\/\/cdn1.mediawpaccore.net\/wp-content\/uploads\/2021\/12\/28171206\/cbll-logo-color-sm.png","width":600,"height":133,"caption":"Cuballama"},"image":{"@id":"https:\/\/www.cuballama.com\/noticias\/#\/schema\/logo\/image\/"},"sameAs":["https:\/\/www.facebook.com\/CubaLlama","https:\/\/x.com\/cuballama","https:\/\/www.instagram.com\/stories\/cuballama_oficial\/","https:\/\/www.youtube.com\/channel\/UCKkFE-d_axENGZcrc4as0IA"]},{"@type":"Person","@id":"https:\/\/www.cuballama.com\/noticias\/#\/schema\/person\/86cd3e3f4974437f031211213bf892d5","name":"Kathy","url":"https:\/\/www.cuballama.com\/noticias\/author\/kathy\/"}]}},"_links":{"self":[{"href":"https:\/\/www.cuballama.com\/noticias\/wp-json\/wp\/v2\/posts\/238172","targetHints":{"allow":["GET"]}}],"collection":[{"href":"https:\/\/www.cuballama.com\/noticias\/wp-json\/wp\/v2\/posts"}],"about":[{"href":"https:\/\/www.cuballama.com\/noticias\/wp-json\/wp\/v2\/types\/post"}],"author":[{"embeddable":true,"href":"https:\/\/www.cuballama.com\/noticias\/wp-json\/wp\/v2\/users\/30"}],"replies":[{"embeddable":true,"href":"https:\/\/www.cuballama.com\/noticias\/wp-json\/wp\/v2\/comments?post=238172"}],"version-history":[{"count":7,"href":"https:\/\/www.cuballama.com\/noticias\/wp-json\/wp\/v2\/posts\/238172\/revisions"}],"predecessor-version":[{"id":238183,"href":"https:\/\/www.cuballama.com\/noticias\/wp-json\/wp\/v2\/posts\/238172\/revisions\/238183"}],"wp:featuredmedia":[{"embeddable":true,"href":"https:\/\/www.cuballama.com\/noticias\/wp-json\/wp\/v2\/media\/238174"}],"wp:attachment":[{"href":"https:\/\/www.cuballama.com\/noticias\/wp-json\/wp\/v2\/media?parent=238172"}],"wp:term":[{"taxonomy":"category","embeddable":true,"href":"https:\/\/www.cuballama.com\/noticias\/wp-json\/wp\/v2\/categories?post=238172"},{"taxonomy":"post_tag","embeddable":true,"href":"https:\/\/www.cuballama.com\/noticias\/wp-json\/wp\/v2\/tags?post=238172"}],"curies":[{"name":"wp","href":"https:\/\/api.w.org\/{rel}","templated":true}]}}