{"id":238161,"date":"2026-03-14T12:12:00","date_gmt":"2026-03-14T16:12:00","guid":{"rendered":"https:\/\/www.cuballama.com\/noticias\/?p=238161"},"modified":"2026-03-16T00:35:30","modified_gmt":"2026-03-16T04:35:30","slug":"analista-cree-que-a-ee-uu-no-le-quedara-mas-remedio-que-una-operacion-militar-en-cuba","status":"publish","type":"post","link":"https:\/\/www.cuballama.com\/noticias\/analista-cree-que-a-ee-uu-no-le-quedara-mas-remedio-que-una-operacion-militar-en-cuba\/","title":{"rendered":"Analista cree que a EE.UU. no le quedar\u00e1 m\u00e1s \u201cremedio\u201d que una operaci\u00f3n militar en Cuba"},"content":{"rendered":"\n<p>Sebasti\u00e1n Arcos, director interino del Instituto de Estudios Cubanos de la Universidad Internacional de Florida (FIU), asegur\u00f3 este viernes que a Estados Unidos \u201cno le va a quedar m\u00e1s remedio que entrar en una operaci\u00f3n militar en Cuba\u201d para lograr un cambio de r\u00e9gimen.<\/p>\n\n\n\n<p>En medio de una crisis sin precedentes en la isla, el investigador cubanoamericano declar\u00f3 en <a href=\"https:\/\/www.youtube.com\/live\/B0_6b2Uzv7c?si=t8NsqnVMI3x-nVhk\" target=\"_blank\" rel=\"noreferrer noopener\">una entrevista a <em>CiberCuba<\/em><\/a><em> <\/em>que ser\u00e1 necesaria la v\u00eda militar para \u201cobligar\u201d a los dirigentes cubanos \u201ca dejar el poder\u201d. \u201cEllos no van a dejar el poder voluntariamente\u201d, subray\u00f3.<\/p>\n\n\n\n<p>Sobre la misma cuerda, Arcos explic\u00f3 que intervenir militarmente no requiere, por ejemplo, el desembarco de marines, sino operaciones a distancia como las ejecutadas en Ir\u00e1n.<\/p>\n\n\n\n<p>\u201cPodr\u00edan, lo mismo que hicieron con Jamenei, hacerlo con Ra\u00fal Castro, con (Miguel) D\u00edaz-Canel, con la c\u00fapula\u201d, se\u00f1al\u00f3 Arcos al referirse a la muerte del l\u00edder supremo iran\u00ed Al\u00ed Jamenei el 28 de febrero durante un bombardeo conjunto de Estados Unidos e Israel.<\/p>\n\n\n\n<blockquote class=\"instagram-media\" data-instgrm-captioned data-instgrm-permalink=\"https:\/\/www.instagram.com\/p\/DV3zR9ijtdP\/?utm_source=ig_embed&amp;utm_campaign=loading\" data-instgrm-version=\"14\" style=\" background:#FFF; border:0; border-radius:3px; box-shadow:0 0 1px 0 rgba(0,0,0,0.5),0 1px 10px 0 rgba(0,0,0,0.15); margin: 1px; max-width:540px; min-width:326px; padding:0; width:99.375%; width:-webkit-calc(100% - 2px); width:calc(100% - 2px);\"><div style=\"padding:16px;\"> <a href=\"https:\/\/www.instagram.com\/p\/DV3zR9ijtdP\/?utm_source=ig_embed&amp;utm_campaign=loading\" style=\" background:#FFFFFF; line-height:0; padding:0 0; text-align:center; text-decoration:none; width:100%;\" target=\"_blank\"> <div style=\" display: flex; flex-direction: row; align-items: center;\"> <div style=\"background-color: #F4F4F4; border-radius: 50%; flex-grow: 0; height: 40px; margin-right: 14px; width: 40px;\"><\/div> <div style=\"display: flex; flex-direction: column; flex-grow: 1; justify-content: center;\"> <div style=\" background-color: #F4F4F4; border-radius: 4px; flex-grow: 0; height: 14px; margin-bottom: 6px; width: 100px;\"><\/div> <div style=\" background-color: #F4F4F4; border-radius: 4px; flex-grow: 0; height: 14px; width: 60px;\"><\/div><\/div><\/div><div style=\"padding: 19% 0;\"><\/div> <div style=\"display:block; height:50px; margin:0 auto 12px; width:50px;\"><svg width=\"50px\" height=\"50px\" viewBox=\"0 0 60 60\" version=\"1.1\" xmlns=\"https:\/\/www.w3.org\/2000\/svg\" xmlns:xlink=\"https:\/\/www.w3.org\/1999\/xlink\"><g stroke=\"none\" stroke-width=\"1\" fill=\"none\" fill-rule=\"evenodd\"><g transform=\"translate(-511.000000, -20.000000)\" fill=\"#000000\"><g><path d=\"M556.869,30.41 C554.814,30.41 553.148,32.076 553.148,34.131 C553.148,36.186 554.814,37.852 556.869,37.852 C558.924,37.852 560.59,36.186 560.59,34.131 C560.59,32.076 558.924,30.41 556.869,30.41 M541,60.657 C535.114,60.657 530.342,55.887 530.342,50 C530.342,44.114 535.114,39.342 541,39.342 C546.887,39.342 551.658,44.114 551.658,50 C551.658,55.887 546.887,60.657 541,60.657 M541,33.886 C532.1,33.886 524.886,41.1 524.886,50 C524.886,58.899 532.1,66.113 541,66.113 C549.9,66.113 557.115,58.899 557.115,50 C557.115,41.1 549.9,33.886 541,33.886 M565.378,62.101 C565.244,65.022 564.756,66.606 564.346,67.663 C563.803,69.06 563.154,70.057 562.106,71.106 C561.058,72.155 560.06,72.803 558.662,73.347 C557.607,73.757 556.021,74.244 553.102,74.378 C549.944,74.521 548.997,74.552 541,74.552 C533.003,74.552 532.056,74.521 528.898,74.378 C525.979,74.244 524.393,73.757 523.338,73.347 C521.94,72.803 520.942,72.155 519.894,71.106 C518.846,70.057 518.197,69.06 517.654,67.663 C517.244,66.606 516.755,65.022 516.623,62.101 C516.479,58.943 516.448,57.996 516.448,50 C516.448,42.003 516.479,41.056 516.623,37.899 C516.755,34.978 517.244,33.391 517.654,32.338 C518.197,30.938 518.846,29.942 519.894,28.894 C520.942,27.846 521.94,27.196 523.338,26.654 C524.393,26.244 525.979,25.756 528.898,25.623 C532.057,25.479 533.004,25.448 541,25.448 C548.997,25.448 549.943,25.479 553.102,25.623 C556.021,25.756 557.607,26.244 558.662,26.654 C560.06,27.196 561.058,27.846 562.106,28.894 C563.154,29.942 563.803,30.938 564.346,32.338 C564.756,33.391 565.244,34.978 565.378,37.899 C565.522,41.056 565.552,42.003 565.552,50 C565.552,57.996 565.522,58.943 565.378,62.101 M570.82,37.631 C570.674,34.438 570.167,32.258 569.425,30.349 C568.659,28.377 567.633,26.702 565.965,25.035 C564.297,23.368 562.623,22.342 560.652,21.575 C558.743,20.834 556.562,20.326 553.369,20.18 C550.169,20.033 549.148,20 541,20 C532.853,20 531.831,20.033 528.631,20.18 C525.438,20.326 523.257,20.834 521.349,21.575 C519.376,22.342 517.703,23.368 516.035,25.035 C514.368,26.702 513.342,28.377 512.574,30.349 C511.834,32.258 511.326,34.438 511.181,37.631 C511.035,40.831 511,41.851 511,50 C511,58.147 511.035,59.17 511.181,62.369 C511.326,65.562 511.834,67.743 512.574,69.651 C513.342,71.625 514.368,73.296 516.035,74.965 C517.703,76.634 519.376,77.658 521.349,78.425 C523.257,79.167 525.438,79.673 528.631,79.82 C531.831,79.965 532.853,80.001 541,80.001 C549.148,80.001 550.169,79.965 553.369,79.82 C556.562,79.673 558.743,79.167 560.652,78.425 C562.623,77.658 564.297,76.634 565.965,74.965 C567.633,73.296 568.659,71.625 569.425,69.651 C570.167,67.743 570.674,65.562 570.82,62.369 C570.966,59.17 571,58.147 571,50 C571,41.851 570.966,40.831 570.82,37.631\"><\/path><\/g><\/g><\/g><\/svg><\/div><div style=\"padding-top: 8px;\"> <div style=\" color:#3897f0; font-family:Arial,sans-serif; font-size:14px; font-style:normal; font-weight:550; line-height:18px;\">Ver esta publicaci\u00f3n en Instagram<\/div><\/div><div style=\"padding: 12.5% 0;\"><\/div> <div style=\"display: flex; flex-direction: row; margin-bottom: 14px; align-items: center;\"><div> <div style=\"background-color: #F4F4F4; border-radius: 50%; height: 12.5px; width: 12.5px; transform: translateX(0px) translateY(7px);\"><\/div> <div style=\"background-color: #F4F4F4; height: 12.5px; transform: rotate(-45deg) translateX(3px) translateY(1px); width: 12.5px; flex-grow: 0; margin-right: 14px; margin-left: 2px;\"><\/div> <div style=\"background-color: #F4F4F4; border-radius: 50%; height: 12.5px; width: 12.5px; transform: translateX(9px) translateY(-18px);\"><\/div><\/div><div style=\"margin-left: 8px;\"> <div style=\" background-color: #F4F4F4; border-radius: 50%; flex-grow: 0; height: 20px; width: 20px;\"><\/div> <div style=\" width: 0; height: 0; border-top: 2px solid transparent; border-left: 6px solid #f4f4f4; border-bottom: 2px solid transparent; transform: translateX(16px) translateY(-4px) rotate(30deg)\"><\/div><\/div><div style=\"margin-left: auto;\"> <div style=\" width: 0px; border-top: 8px solid #F4F4F4; border-right: 8px solid transparent; transform: translateY(16px);\"><\/div> <div style=\" background-color: #F4F4F4; flex-grow: 0; height: 12px; width: 16px; transform: translateY(-4px);\"><\/div> <div style=\" width: 0; height: 0; border-top: 8px solid #F4F4F4; border-left: 8px solid transparent; transform: translateY(-4px) translateX(8px);\"><\/div><\/div><\/div> <div style=\"display: flex; flex-direction: column; flex-grow: 1; justify-content: center; margin-bottom: 24px;\"> <div style=\" background-color: #F4F4F4; border-radius: 4px; flex-grow: 0; height: 14px; margin-bottom: 6px; width: 224px;\"><\/div> <div style=\" background-color: #F4F4F4; border-radius: 4px; flex-grow: 0; height: 14px; width: 144px;\"><\/div><\/div><\/a><p style=\" color:#c9c8cd; font-family:Arial,sans-serif; font-size:14px; line-height:17px; margin-bottom:0; margin-top:8px; overflow:hidden; padding:8px 0 7px; text-align:center; text-overflow:ellipsis; white-space:nowrap;\"><a href=\"https:\/\/www.instagram.com\/p\/DV3zR9ijtdP\/?utm_source=ig_embed&amp;utm_campaign=loading\" style=\" color:#c9c8cd; font-family:Arial,sans-serif; font-size:14px; font-style:normal; font-weight:normal; line-height:17px; text-decoration:none;\" target=\"_blank\">Una publicaci\u00f3n compartida por CiberCuba Noticias (@cibercuba_oficial)<\/a><\/p><\/div><\/blockquote>\n<script async src=\"\/\/www.instagram.com\/embed.js\"><\/script>\n\n\n\n<p>Desde la \u00f3ptica de Arcos, Cuba es un objetivo militarmente vulnerable, ya que est\u00e1 a solo 90 millas de territorio estadounidense, es unas 15 veces m\u00e1s peque\u00f1a que Ir\u00e1n y cuenta con una capacidad militar \u201cmuy limitada y muy anticuada\u201d.&nbsp;<\/p>\n\n\n\n<p>\u201cCuba es una especie de paseo militarmente hablando para Estados Unidos\u201d, dijo al afirmar que Washington tiene \u201csuficientes cohetes Tomahawk como para ocuparse de Ir\u00e1n y de Cuba a la misma vez\u201d. Aqu\u00ed hay que recordar que la administraci\u00f3n de Donald Trump atac\u00f3 a Ir\u00e1n al mes siguiente de ordenar la captura del dictador venezolano Nicol\u00e1s Maduro mediante una operaci\u00f3n militar quir\u00fargicamente planificada.<\/p>\n\n\n\n<p>El mismo d\u00eda en que D\u00edaz-Canel confirm\u00f3 que Cuba mantiene conversaciones con Estados Unidos, Arcos dej\u00f3 claro que \u201cel poder real de Cuba est\u00e1 en manos de Ra\u00fal Castro\u201d y en las \u201cdel presidente de la Rep\u00fablica y primer secretario del Partido\u201d, lo que qued\u00f3 demostrado con la presencia de Ra\u00fal Guillermo Rodr\u00edguez Castro, conocido como \u201cEl Cangrejo\u201d y nieto de Castro, durante el anuncio del mandatario y pese a que no forma parte del Bur\u00f3 Pol\u00edtico cubano.<\/p>\n\n\n\n<p>\u201cEstamos pr\u00e1cticamente en el punto cero de estas negociaciones. Ellos no han cedido en nada\u201d, se\u00f1al\u00f3 Arcos al hablar de la \u00ednfima cifra de presos que el gobierno cubano liberar\u00e1 tras un acuerdo con el Vaticano.<\/p>\n\n\n\n<iframe loading=\"lazy\" src=\"https:\/\/www.facebook.com\/plugins\/video.php?height=476&#038;href=https%3A%2F%2Fwww.facebook.com%2Freel%2F1433104101690094%2F&#038;show_text=true&#038;width=357&#038;t=0\" width=\"357\" height=\"591\" style=\"border:none;overflow:hidden\" scrolling=\"no\" frameborder=\"0\" allowfullscreen=\"true\" allow=\"autoplay; clipboard-write; encrypted-media; picture-in-picture; web-share\" allowFullScreen=\"true\"><\/iframe>\n\n\n\n<p>No obstante, el destacado analista guarda la esperanza de a los integrantes del poder en Cuba \u201cles quede una cierta dosis de racionalidad\u201d porque \u201cde eso depende el futuro que nos espera en las pr\u00f3ximas semanas\u201d.<\/p>\n\n\n\n<p>En declaraciones recientes a <em>NBC News<\/em>, Arcos destac\u00f3 que cualquier transici\u00f3n en Cuba debe comenzar con la reforma pol\u00edtica y elecciones libres.<\/p>\n\n\n\n<p>Para Arcos, que ha apuntado que el empeoramiento de las condiciones en la isla y el creciente malestar popular son signos de creciente presi\u00f3n por el cambio, la libertad debe venir primero que el dinero. \u201cQueremos una transici\u00f3n que pase completamente de este r\u00e9gimen a las elecciones libres. Y eso deber\u00eda comenzar con reformas pol\u00edticas, no con reformas econ\u00f3micas\u201d, dijo entonces.<\/p>\n\n\n\n<p>Hay que recordar que el presidente de Estados Unidos, Donald Trump, ha descartado p\u00fablicamente acciones militares directas contra Cuba, aunque los ha instado a negociar \u201cpronto\u201d.<\/p>\n\n\n\n<p>Un reporte publicado <a href=\"https:\/\/www.cuballama.com\/noticias\/revelan-detalles-del-plan-de-rubio-para-acabar-con-el-regimen-cubano-esta-donde-queremos-que-este\/?srsltid=ARcRdnqRcDmZeuWDVnJfrAg2edF8FYL8GrgVcWney6al-WACf1ngyuRi\" target=\"_blank\" rel=\"noreferrer noopener\">esta semana<\/a> por <em>Daily Mail<\/em> confirm\u00f3 que la actual administraci\u00f3n esta apostando por la presi\u00f3n econ\u00f3mica como herramienta para lograr un cambio de r\u00e9gimen.<\/p>\n\n\n\n<p><\/p>\n","protected":false},"excerpt":{"rendered":"<p>El director interino del Instituto de Estudios Cubanos de la Universidad Internacional de Florida dio su opini\u00f3n sobre el di\u00e1logo entre Cuba Y EE.UU.<\/p>\n","protected":false},"author":30,"featured_media":238163,"comment_status":"open","ping_status":"closed","sticky":false,"template":"","format":"standard","meta":{"_acf_changed":false,"footnotes":""},"categories":[18,953],"tags":[5404,27469,13007,10867,941,3895],"class_list":{"0":"post-238161","1":"post","2":"type-post","3":"status-publish","4":"format-standard","5":"has-post-thumbnail","7":"category-noticias","8":"category-usa","9":"tag-administracion-trump","10":"tag-ataque-militar","11":"tag-conversaciones","12":"tag-crisis-en-cuba","13":"tag-destacado","14":"tag-gobierno-cubano"},"acf":[],"yoast_head":"<!-- This site is optimized with the Yoast SEO plugin v27.5 - https:\/\/yoast.com\/product\/yoast-seo-wordpress\/ -->\n<title>Analista cree que a EE.UU. no le quedar\u00e1 m\u00e1s \u201cremedio\u201d que una operaci\u00f3n militar en Cuba - Cuballama Noticias<\/title>\n<meta name=\"description\" content=\"El analista cubanoamericano Sebasti\u00e1n Arcos cree que EE.UU. se ver\u00e1 obligado a entrar en una operaci\u00f3n militar en Cuba para lograr un cambio.\" \/>\n<meta name=\"robots\" content=\"index, follow, max-snippet:-1, max-image-preview:large, max-video-preview:-1\" \/>\n<link rel=\"canonical\" href=\"https:\/\/www.cuballama.com\/noticias\/analista-cree-que-a-ee-uu-no-le-quedara-mas-remedio-que-una-operacion-militar-en-cuba\/\" \/>\n<meta property=\"og:locale\" content=\"es_ES\" \/>\n<meta property=\"og:type\" content=\"article\" \/>\n<meta property=\"og:title\" content=\"Analista cree que a EE.UU. no le quedar\u00e1 m\u00e1s \u201cremedio\u201d que una operaci\u00f3n militar en Cuba - Cuballama Noticias\" \/>\n<meta property=\"og:description\" content=\"El analista cubanoamericano Sebasti\u00e1n Arcos cree que EE.UU. se ver\u00e1 obligado a entrar en una operaci\u00f3n militar en Cuba para lograr un cambio.\" \/>\n<meta property=\"og:url\" content=\"https:\/\/www.cuballama.com\/noticias\/analista-cree-que-a-ee-uu-no-le-quedara-mas-remedio-que-una-operacion-militar-en-cuba\/\" \/>\n<meta property=\"og:site_name\" content=\"Cuballama Noticias\" \/>\n<meta property=\"article:publisher\" content=\"https:\/\/www.facebook.com\/CubaLlama\" \/>\n<meta property=\"article:published_time\" content=\"2026-03-14T16:12:00+00:00\" \/>\n<meta property=\"article:modified_time\" content=\"2026-03-16T04:35:30+00:00\" \/>\n<meta property=\"og:image\" content=\"https:\/\/cdn1.mediawpaccore.net\/wp-content\/uploads\/2026\/03\/14122331\/KsSTzGT1.jpg\" \/>\n\t<meta property=\"og:image:width\" content=\"1200\" \/>\n\t<meta property=\"og:image:height\" content=\"630\" \/>\n\t<meta property=\"og:image:type\" content=\"image\/jpeg\" \/>\n<meta name=\"author\" content=\"Kathy\" \/>\n<meta name=\"twitter:card\" content=\"summary_large_image\" \/>\n<meta name=\"twitter:creator\" content=\"@cuballama\" \/>\n<meta name=\"twitter:site\" content=\"@cuballama\" \/>\n<meta name=\"twitter:label1\" content=\"Escrito por\" \/>\n\t<meta name=\"twitter:data1\" content=\"Kathy\" \/>\n\t<meta name=\"twitter:label2\" content=\"Tiempo de lectura\" \/>\n\t<meta name=\"twitter:data2\" content=\"3 minutos\" \/>\n<script type=\"application\/ld+json\" class=\"yoast-schema-graph\">{\"@context\":\"https:\\\/\\\/schema.org\",\"@graph\":[{\"@type\":\"Article\",\"@id\":\"https:\\\/\\\/www.cuballama.com\\\/noticias\\\/analista-cree-que-a-ee-uu-no-le-quedara-mas-remedio-que-una-operacion-militar-en-cuba\\\/#article\",\"isPartOf\":{\"@id\":\"https:\\\/\\\/www.cuballama.com\\\/noticias\\\/analista-cree-que-a-ee-uu-no-le-quedara-mas-remedio-que-una-operacion-militar-en-cuba\\\/\"},\"author\":{\"name\":\"Kathy\",\"@id\":\"https:\\\/\\\/www.cuballama.com\\\/noticias\\\/#\\\/schema\\\/person\\\/86cd3e3f4974437f031211213bf892d5\"},\"headline\":\"Analista cree que a EE.UU. no le quedar\u00e1 m\u00e1s \u201cremedio\u201d que una operaci\u00f3n militar en Cuba\",\"datePublished\":\"2026-03-14T16:12:00+00:00\",\"dateModified\":\"2026-03-16T04:35:30+00:00\",\"mainEntityOfPage\":{\"@id\":\"https:\\\/\\\/www.cuballama.com\\\/noticias\\\/analista-cree-que-a-ee-uu-no-le-quedara-mas-remedio-que-una-operacion-militar-en-cuba\\\/\"},\"wordCount\":622,\"commentCount\":0,\"publisher\":{\"@id\":\"https:\\\/\\\/www.cuballama.com\\\/noticias\\\/#organization\"},\"image\":{\"@id\":\"https:\\\/\\\/www.cuballama.com\\\/noticias\\\/analista-cree-que-a-ee-uu-no-le-quedara-mas-remedio-que-una-operacion-militar-en-cuba\\\/#primaryimage\"},\"thumbnailUrl\":\"https:\\\/\\\/cdn1.mediawpaccore.net\\\/wp-content\\\/uploads\\\/2026\\\/03\\\/14122331\\\/KsSTzGT1.jpg\",\"keywords\":[\"administraci\u00f3n Trump\",\"ataque militar\",\"conversaciones\",\"Crisis en Cuba\",\"destacado\",\"gobierno cubano\"],\"articleSection\":[\"Noticias\",\"USA\"],\"inLanguage\":\"es\",\"potentialAction\":[{\"@type\":\"CommentAction\",\"name\":\"Comment\",\"target\":[\"https:\\\/\\\/www.cuballama.com\\\/noticias\\\/analista-cree-que-a-ee-uu-no-le-quedara-mas-remedio-que-una-operacion-militar-en-cuba\\\/#respond\"]}]},{\"@type\":\"WebPage\",\"@id\":\"https:\\\/\\\/www.cuballama.com\\\/noticias\\\/analista-cree-que-a-ee-uu-no-le-quedara-mas-remedio-que-una-operacion-militar-en-cuba\\\/\",\"url\":\"https:\\\/\\\/www.cuballama.com\\\/noticias\\\/analista-cree-que-a-ee-uu-no-le-quedara-mas-remedio-que-una-operacion-militar-en-cuba\\\/\",\"name\":\"Analista cree que a EE.UU. no le quedar\u00e1 m\u00e1s \u201cremedio\u201d que una operaci\u00f3n militar en Cuba - Cuballama Noticias\",\"isPartOf\":{\"@id\":\"https:\\\/\\\/www.cuballama.com\\\/noticias\\\/#website\"},\"primaryImageOfPage\":{\"@id\":\"https:\\\/\\\/www.cuballama.com\\\/noticias\\\/analista-cree-que-a-ee-uu-no-le-quedara-mas-remedio-que-una-operacion-militar-en-cuba\\\/#primaryimage\"},\"image\":{\"@id\":\"https:\\\/\\\/www.cuballama.com\\\/noticias\\\/analista-cree-que-a-ee-uu-no-le-quedara-mas-remedio-que-una-operacion-militar-en-cuba\\\/#primaryimage\"},\"thumbnailUrl\":\"https:\\\/\\\/cdn1.mediawpaccore.net\\\/wp-content\\\/uploads\\\/2026\\\/03\\\/14122331\\\/KsSTzGT1.jpg\",\"datePublished\":\"2026-03-14T16:12:00+00:00\",\"dateModified\":\"2026-03-16T04:35:30+00:00\",\"description\":\"El analista cubanoamericano Sebasti\u00e1n Arcos cree que EE.UU. se ver\u00e1 obligado a entrar en una operaci\u00f3n militar en Cuba para lograr un cambio.\",\"breadcrumb\":{\"@id\":\"https:\\\/\\\/www.cuballama.com\\\/noticias\\\/analista-cree-que-a-ee-uu-no-le-quedara-mas-remedio-que-una-operacion-militar-en-cuba\\\/#breadcrumb\"},\"inLanguage\":\"es\",\"potentialAction\":[{\"@type\":\"ReadAction\",\"target\":[\"https:\\\/\\\/www.cuballama.com\\\/noticias\\\/analista-cree-que-a-ee-uu-no-le-quedara-mas-remedio-que-una-operacion-militar-en-cuba\\\/\"]}]},{\"@type\":\"ImageObject\",\"inLanguage\":\"es\",\"@id\":\"https:\\\/\\\/www.cuballama.com\\\/noticias\\\/analista-cree-que-a-ee-uu-no-le-quedara-mas-remedio-que-una-operacion-militar-en-cuba\\\/#primaryimage\",\"url\":\"https:\\\/\\\/cdn1.mediawpaccore.net\\\/wp-content\\\/uploads\\\/2026\\\/03\\\/14122331\\\/KsSTzGT1.jpg\",\"contentUrl\":\"https:\\\/\\\/cdn1.mediawpaccore.net\\\/wp-content\\\/uploads\\\/2026\\\/03\\\/14122331\\\/KsSTzGT1.jpg\",\"width\":1200,\"height\":630,\"caption\":\"D\u00edaz-Canel y otros miembros del Bur\u00f3 Pol\u00edtico y del Consejo de Defensa el 13 de marzo de 2026. Foto: X\\\/Presidencia Cuba.\"},{\"@type\":\"BreadcrumbList\",\"@id\":\"https:\\\/\\\/www.cuballama.com\\\/noticias\\\/analista-cree-que-a-ee-uu-no-le-quedara-mas-remedio-que-una-operacion-militar-en-cuba\\\/#breadcrumb\",\"itemListElement\":[{\"@type\":\"ListItem\",\"position\":1,\"name\":\"Home\",\"item\":\"https:\\\/\\\/www.cuballama.com\\\/noticias\\\/\"},{\"@type\":\"ListItem\",\"position\":2,\"name\":\"Analista cree que a EE.UU. no le quedar\u00e1 m\u00e1s \u201cremedio\u201d que una operaci\u00f3n militar en Cuba\"}]},{\"@type\":\"WebSite\",\"@id\":\"https:\\\/\\\/www.cuballama.com\\\/noticias\\\/#website\",\"url\":\"https:\\\/\\\/www.cuballama.com\\\/noticias\\\/\",\"name\":\"Cuballama Noticias\",\"description\":\"Medio digital sobre Cuba y el mundo\",\"publisher\":{\"@id\":\"https:\\\/\\\/www.cuballama.com\\\/noticias\\\/#organization\"},\"potentialAction\":[{\"@type\":\"SearchAction\",\"target\":{\"@type\":\"EntryPoint\",\"urlTemplate\":\"https:\\\/\\\/www.cuballama.com\\\/noticias\\\/?s={search_term_string}\"},\"query-input\":{\"@type\":\"PropertyValueSpecification\",\"valueRequired\":true,\"valueName\":\"search_term_string\"}}],\"inLanguage\":\"es\"},{\"@type\":\"Organization\",\"@id\":\"https:\\\/\\\/www.cuballama.com\\\/noticias\\\/#organization\",\"name\":\"Cuballama\",\"url\":\"https:\\\/\\\/www.cuballama.com\\\/noticias\\\/\",\"logo\":{\"@type\":\"ImageObject\",\"inLanguage\":\"es\",\"@id\":\"https:\\\/\\\/www.cuballama.com\\\/noticias\\\/#\\\/schema\\\/logo\\\/image\\\/\",\"url\":\"https:\\\/\\\/cdn1.mediawpaccore.net\\\/wp-content\\\/uploads\\\/2021\\\/12\\\/28171206\\\/cbll-logo-color-sm.png\",\"contentUrl\":\"https:\\\/\\\/cdn1.mediawpaccore.net\\\/wp-content\\\/uploads\\\/2021\\\/12\\\/28171206\\\/cbll-logo-color-sm.png\",\"width\":600,\"height\":133,\"caption\":\"Cuballama\"},\"image\":{\"@id\":\"https:\\\/\\\/www.cuballama.com\\\/noticias\\\/#\\\/schema\\\/logo\\\/image\\\/\"},\"sameAs\":[\"https:\\\/\\\/www.facebook.com\\\/CubaLlama\",\"https:\\\/\\\/x.com\\\/cuballama\",\"https:\\\/\\\/www.instagram.com\\\/stories\\\/cuballama_oficial\\\/\",\"https:\\\/\\\/www.youtube.com\\\/channel\\\/UCKkFE-d_axENGZcrc4as0IA\"]},{\"@type\":\"Person\",\"@id\":\"https:\\\/\\\/www.cuballama.com\\\/noticias\\\/#\\\/schema\\\/person\\\/86cd3e3f4974437f031211213bf892d5\",\"name\":\"Kathy\",\"url\":\"https:\\\/\\\/www.cuballama.com\\\/noticias\\\/author\\\/kathy\\\/\"}]}<\/script>\n<!-- \/ Yoast SEO plugin. -->","yoast_head_json":{"title":"Analista cree que a EE.UU. no le quedar\u00e1 m\u00e1s \u201cremedio\u201d que una operaci\u00f3n militar en Cuba - Cuballama Noticias","description":"El analista cubanoamericano Sebasti\u00e1n Arcos cree que EE.UU. se ver\u00e1 obligado a entrar en una operaci\u00f3n militar en Cuba para lograr un cambio.","robots":{"index":"index","follow":"follow","max-snippet":"max-snippet:-1","max-image-preview":"max-image-preview:large","max-video-preview":"max-video-preview:-1"},"canonical":"https:\/\/www.cuballama.com\/noticias\/analista-cree-que-a-ee-uu-no-le-quedara-mas-remedio-que-una-operacion-militar-en-cuba\/","og_locale":"es_ES","og_type":"article","og_title":"Analista cree que a EE.UU. no le quedar\u00e1 m\u00e1s \u201cremedio\u201d que una operaci\u00f3n militar en Cuba - Cuballama Noticias","og_description":"El analista cubanoamericano Sebasti\u00e1n Arcos cree que EE.UU. se ver\u00e1 obligado a entrar en una operaci\u00f3n militar en Cuba para lograr un cambio.","og_url":"https:\/\/www.cuballama.com\/noticias\/analista-cree-que-a-ee-uu-no-le-quedara-mas-remedio-que-una-operacion-militar-en-cuba\/","og_site_name":"Cuballama Noticias","article_publisher":"https:\/\/www.facebook.com\/CubaLlama","article_published_time":"2026-03-14T16:12:00+00:00","article_modified_time":"2026-03-16T04:35:30+00:00","og_image":[{"width":1200,"height":630,"url":"https:\/\/cdn1.mediawpaccore.net\/wp-content\/uploads\/2026\/03\/14122331\/KsSTzGT1.jpg","type":"image\/jpeg"}],"author":"Kathy","twitter_card":"summary_large_image","twitter_creator":"@cuballama","twitter_site":"@cuballama","twitter_misc":{"Escrito por":"Kathy","Tiempo de lectura":"3 minutos"},"schema":{"@context":"https:\/\/schema.org","@graph":[{"@type":"Article","@id":"https:\/\/www.cuballama.com\/noticias\/analista-cree-que-a-ee-uu-no-le-quedara-mas-remedio-que-una-operacion-militar-en-cuba\/#article","isPartOf":{"@id":"https:\/\/www.cuballama.com\/noticias\/analista-cree-que-a-ee-uu-no-le-quedara-mas-remedio-que-una-operacion-militar-en-cuba\/"},"author":{"name":"Kathy","@id":"https:\/\/www.cuballama.com\/noticias\/#\/schema\/person\/86cd3e3f4974437f031211213bf892d5"},"headline":"Analista cree que a EE.UU. no le quedar\u00e1 m\u00e1s \u201cremedio\u201d que una operaci\u00f3n militar en Cuba","datePublished":"2026-03-14T16:12:00+00:00","dateModified":"2026-03-16T04:35:30+00:00","mainEntityOfPage":{"@id":"https:\/\/www.cuballama.com\/noticias\/analista-cree-que-a-ee-uu-no-le-quedara-mas-remedio-que-una-operacion-militar-en-cuba\/"},"wordCount":622,"commentCount":0,"publisher":{"@id":"https:\/\/www.cuballama.com\/noticias\/#organization"},"image":{"@id":"https:\/\/www.cuballama.com\/noticias\/analista-cree-que-a-ee-uu-no-le-quedara-mas-remedio-que-una-operacion-militar-en-cuba\/#primaryimage"},"thumbnailUrl":"https:\/\/cdn1.mediawpaccore.net\/wp-content\/uploads\/2026\/03\/14122331\/KsSTzGT1.jpg","keywords":["administraci\u00f3n Trump","ataque militar","conversaciones","Crisis en Cuba","destacado","gobierno cubano"],"articleSection":["Noticias","USA"],"inLanguage":"es","potentialAction":[{"@type":"CommentAction","name":"Comment","target":["https:\/\/www.cuballama.com\/noticias\/analista-cree-que-a-ee-uu-no-le-quedara-mas-remedio-que-una-operacion-militar-en-cuba\/#respond"]}]},{"@type":"WebPage","@id":"https:\/\/www.cuballama.com\/noticias\/analista-cree-que-a-ee-uu-no-le-quedara-mas-remedio-que-una-operacion-militar-en-cuba\/","url":"https:\/\/www.cuballama.com\/noticias\/analista-cree-que-a-ee-uu-no-le-quedara-mas-remedio-que-una-operacion-militar-en-cuba\/","name":"Analista cree que a EE.UU. no le quedar\u00e1 m\u00e1s \u201cremedio\u201d que una operaci\u00f3n militar en Cuba - Cuballama Noticias","isPartOf":{"@id":"https:\/\/www.cuballama.com\/noticias\/#website"},"primaryImageOfPage":{"@id":"https:\/\/www.cuballama.com\/noticias\/analista-cree-que-a-ee-uu-no-le-quedara-mas-remedio-que-una-operacion-militar-en-cuba\/#primaryimage"},"image":{"@id":"https:\/\/www.cuballama.com\/noticias\/analista-cree-que-a-ee-uu-no-le-quedara-mas-remedio-que-una-operacion-militar-en-cuba\/#primaryimage"},"thumbnailUrl":"https:\/\/cdn1.mediawpaccore.net\/wp-content\/uploads\/2026\/03\/14122331\/KsSTzGT1.jpg","datePublished":"2026-03-14T16:12:00+00:00","dateModified":"2026-03-16T04:35:30+00:00","description":"El analista cubanoamericano Sebasti\u00e1n Arcos cree que EE.UU. se ver\u00e1 obligado a entrar en una operaci\u00f3n militar en Cuba para lograr un cambio.","breadcrumb":{"@id":"https:\/\/www.cuballama.com\/noticias\/analista-cree-que-a-ee-uu-no-le-quedara-mas-remedio-que-una-operacion-militar-en-cuba\/#breadcrumb"},"inLanguage":"es","potentialAction":[{"@type":"ReadAction","target":["https:\/\/www.cuballama.com\/noticias\/analista-cree-que-a-ee-uu-no-le-quedara-mas-remedio-que-una-operacion-militar-en-cuba\/"]}]},{"@type":"ImageObject","inLanguage":"es","@id":"https:\/\/www.cuballama.com\/noticias\/analista-cree-que-a-ee-uu-no-le-quedara-mas-remedio-que-una-operacion-militar-en-cuba\/#primaryimage","url":"https:\/\/cdn1.mediawpaccore.net\/wp-content\/uploads\/2026\/03\/14122331\/KsSTzGT1.jpg","contentUrl":"https:\/\/cdn1.mediawpaccore.net\/wp-content\/uploads\/2026\/03\/14122331\/KsSTzGT1.jpg","width":1200,"height":630,"caption":"D\u00edaz-Canel y otros miembros del Bur\u00f3 Pol\u00edtico y del Consejo de Defensa el 13 de marzo de 2026. Foto: X\/Presidencia Cuba."},{"@type":"BreadcrumbList","@id":"https:\/\/www.cuballama.com\/noticias\/analista-cree-que-a-ee-uu-no-le-quedara-mas-remedio-que-una-operacion-militar-en-cuba\/#breadcrumb","itemListElement":[{"@type":"ListItem","position":1,"name":"Home","item":"https:\/\/www.cuballama.com\/noticias\/"},{"@type":"ListItem","position":2,"name":"Analista cree que a EE.UU. no le quedar\u00e1 m\u00e1s \u201cremedio\u201d que una operaci\u00f3n militar en Cuba"}]},{"@type":"WebSite","@id":"https:\/\/www.cuballama.com\/noticias\/#website","url":"https:\/\/www.cuballama.com\/noticias\/","name":"Cuballama Noticias","description":"Medio digital sobre Cuba y el mundo","publisher":{"@id":"https:\/\/www.cuballama.com\/noticias\/#organization"},"potentialAction":[{"@type":"SearchAction","target":{"@type":"EntryPoint","urlTemplate":"https:\/\/www.cuballama.com\/noticias\/?s={search_term_string}"},"query-input":{"@type":"PropertyValueSpecification","valueRequired":true,"valueName":"search_term_string"}}],"inLanguage":"es"},{"@type":"Organization","@id":"https:\/\/www.cuballama.com\/noticias\/#organization","name":"Cuballama","url":"https:\/\/www.cuballama.com\/noticias\/","logo":{"@type":"ImageObject","inLanguage":"es","@id":"https:\/\/www.cuballama.com\/noticias\/#\/schema\/logo\/image\/","url":"https:\/\/cdn1.mediawpaccore.net\/wp-content\/uploads\/2021\/12\/28171206\/cbll-logo-color-sm.png","contentUrl":"https:\/\/cdn1.mediawpaccore.net\/wp-content\/uploads\/2021\/12\/28171206\/cbll-logo-color-sm.png","width":600,"height":133,"caption":"Cuballama"},"image":{"@id":"https:\/\/www.cuballama.com\/noticias\/#\/schema\/logo\/image\/"},"sameAs":["https:\/\/www.facebook.com\/CubaLlama","https:\/\/x.com\/cuballama","https:\/\/www.instagram.com\/stories\/cuballama_oficial\/","https:\/\/www.youtube.com\/channel\/UCKkFE-d_axENGZcrc4as0IA"]},{"@type":"Person","@id":"https:\/\/www.cuballama.com\/noticias\/#\/schema\/person\/86cd3e3f4974437f031211213bf892d5","name":"Kathy","url":"https:\/\/www.cuballama.com\/noticias\/author\/kathy\/"}]}},"_links":{"self":[{"href":"https:\/\/www.cuballama.com\/noticias\/wp-json\/wp\/v2\/posts\/238161","targetHints":{"allow":["GET"]}}],"collection":[{"href":"https:\/\/www.cuballama.com\/noticias\/wp-json\/wp\/v2\/posts"}],"about":[{"href":"https:\/\/www.cuballama.com\/noticias\/wp-json\/wp\/v2\/types\/post"}],"author":[{"embeddable":true,"href":"https:\/\/www.cuballama.com\/noticias\/wp-json\/wp\/v2\/users\/30"}],"replies":[{"embeddable":true,"href":"https:\/\/www.cuballama.com\/noticias\/wp-json\/wp\/v2\/comments?post=238161"}],"version-history":[{"count":7,"href":"https:\/\/www.cuballama.com\/noticias\/wp-json\/wp\/v2\/posts\/238161\/revisions"}],"predecessor-version":[{"id":238250,"href":"https:\/\/www.cuballama.com\/noticias\/wp-json\/wp\/v2\/posts\/238161\/revisions\/238250"}],"wp:featuredmedia":[{"embeddable":true,"href":"https:\/\/www.cuballama.com\/noticias\/wp-json\/wp\/v2\/media\/238163"}],"wp:attachment":[{"href":"https:\/\/www.cuballama.com\/noticias\/wp-json\/wp\/v2\/media?parent=238161"}],"wp:term":[{"taxonomy":"category","embeddable":true,"href":"https:\/\/www.cuballama.com\/noticias\/wp-json\/wp\/v2\/categories?post=238161"},{"taxonomy":"post_tag","embeddable":true,"href":"https:\/\/www.cuballama.com\/noticias\/wp-json\/wp\/v2\/tags?post=238161"}],"curies":[{"name":"wp","href":"https:\/\/api.w.org\/{rel}","templated":true}]}}