{"id":238129,"date":"2026-03-14T12:13:52","date_gmt":"2026-03-14T16:13:52","guid":{"rendered":"https:\/\/www.cuballama.com\/noticias\/?p=238129"},"modified":"2026-03-14T12:13:53","modified_gmt":"2026-03-14T16:13:53","slug":"quien-se-cree-la-version-de-la-prensa-oficialista-sobre-el-estallido-popular-en-moron","status":"publish","type":"post","link":"https:\/\/www.cuballama.com\/noticias\/quien-se-cree-la-version-de-la-prensa-oficialista-sobre-el-estallido-popular-en-moron\/","title":{"rendered":"\u00bfQui\u00e9n se cree la versi\u00f3n de la prensa oficialista sobre el estallido popular en Mor\u00f3n?"},"content":{"rendered":"\n<p>La prensa oficialista cubana ha reducido <a href=\"https:\/\/www.cuballama.com\/noticias\/protestas-en-moron-asaltan-la-sede-del-partido-comunista\/\" target=\"_blank\" rel=\"noreferrer noopener\">las protestas ocurridas en las \u00faltimas horas<\/a> en Mor\u00f3n, Ciego de \u00c1vila, a \u201chechos vand\u00e1licos\u201d y a un \u201cdesorden\u201d provocado por un reducido grupo.<\/p>\n\n\n\n<p>Justo este 14 de marzo, D\u00eda de la Prensa Cubana, <em>Invasor <\/em>dio <a href=\"https:\/\/www.invasor.cu\/es\/secciones\/sociedad\/investigan-hechos-vandalicos-ocurridos-en-moron\" target=\"_blank\" rel=\"noreferrer noopener\">una clase de antiperiodismo<\/a> al describir los sucesos, que se desataron la noche del viernes y se extendieron hasta la madrugada de este s\u00e1bado, como un incidente aislado controlado por las autoridades.<\/p>\n\n\n\n<p>Seg\u00fan el reporte del peri\u00f3dico oficialista provincial, \u201cun grupo de personas, en su mayor\u00eda residentes del Consejo Popular El Vaquerito, se desplazaron por diferentes calles de la ciudad de Mor\u00f3n, al norte de la provincia de Ciego de \u00c1vila, con reclamos relacionados, fundamentalmente, con la situaci\u00f3n electroenerg\u00e9tica y el acceso a productos alimenticios\u201d.<\/p>\n\n\n\n<p>Sin embargo, en ning\u00fan momento se hizo referencia a lo que fue en realidad un estallido popular, calificado por acad\u00e9micos cubanos como un acto de \u201cdesobediencia civil\u201d, en el que se escucharon numerosas veces los gritos de \u201clibertad\u201d, \u201cviva Cuba libre\u201d, \u201cabajo la dictadura\u201d, \u201cabajo D\u00edaz-Canel\u201d y \u201cno tenemos miedo\u201d.<\/p>\n\n\n\n<iframe loading=\"lazy\" src=\"https:\/\/www.facebook.com\/plugins\/post.php?href=https%3A%2F%2Fwww.facebook.com%2Fdanielbeniteznews%2Fposts%2Fpfbid02zr1ddSVvGNCChRQ3Xj7BoKD6BqFMFFLaccPXqQL3hodqFL1Qeoy7f4KJavuhWULvl&#038;show_text=true&#038;width=500\" width=\"500\" height=\"250\" style=\"border:none;overflow:hidden\" scrolling=\"no\" frameborder=\"0\" allowfullscreen=\"true\" allow=\"autoplay; clipboard-write; encrypted-media; picture-in-picture; web-share\"><\/iframe>\n\n\n\n<p>Los videos divulgados en redes sociales recogen la realidad que <em>Invasor <\/em>se neg\u00f3 a contar en un reporte preliminar sobre la protesta contra el poder en la isla, por lo que no solo incluy\u00f3 el allanamiento de la sede del Partido Comunista de Cuba en el municipio de Mor\u00f3n, sino tambi\u00e9n a la estaci\u00f3n local de la Polic\u00eda, que fue rodeada por manifestantes pidiendo a gritos un cambio.<\/p>\n\n\n\n<p>\u201cUn grupo m\u00e1s reducido de personas apedrearon la entrada del inmueble y provocaron un incendio en la v\u00eda p\u00fablica con los muebles de la recepci\u00f3n\u201d, se limit\u00f3 a decir el diario sobre el asalto a la sede partidista.<\/p>\n\n\n\n<p>\u201cPreliminarmente, a trav\u00e9s de publicaciones en redes sociales, se pudo conocer que tambi\u00e9n se reportaron afectaciones en otros establecimientos, entre ellos una farmacia y un punto de venta de la cadena Tiendas Caribe\u201d, a\u00f1adi\u00f3 sobre otros inmuebles que habr\u00edan sido da\u00f1ados.<\/p>\n\n\n\n<p>No obstante, lo m\u00e1s llamativo es que nada se dice sobre <a href=\"https:\/\/www.cuballama.com\/noticias\/protestas-en-moron-al-menos-un-joven-habria-sido-baleado\/\" target=\"_blank\" rel=\"noreferrer noopener\">un joven que habr\u00eda resultado herido de bala<\/a> por fuerzas de seguridad, seg\u00fan reportes no oficiales. Seg\u00fan la versi\u00f3n de Invasor, se han registrado cinco personas detenidas y otra herida tras caerse \u201cen estado de embriaguez\u201d.\u00a0\u00a0<\/p>\n\n\n\n<figure class=\"wp-block-image size-large\"><img loading=\"lazy\" decoding=\"async\" width=\"569\" height=\"1024\" src=\"https:\/\/cdn1.mediawpaccore.net\/wp-content\/uploads\/2026\/03\/14120721\/WhatsApp-Image-2026-03-14-at-12.06.56-569x1024.jpeg\" alt=\"\" class=\"wp-image-238159\" srcset=\"https:\/\/cdn1.mediawpaccore.net\/wp-content\/uploads\/2026\/03\/14120721\/WhatsApp-Image-2026-03-14-at-12.06.56-569x1024.jpeg 569w, https:\/\/cdn1.mediawpaccore.net\/wp-content\/uploads\/2026\/03\/14120721\/WhatsApp-Image-2026-03-14-at-12.06.56-167x300.jpeg 167w, https:\/\/cdn1.mediawpaccore.net\/wp-content\/uploads\/2026\/03\/14120721\/WhatsApp-Image-2026-03-14-at-12.06.56-768x1382.jpeg 768w, https:\/\/cdn1.mediawpaccore.net\/wp-content\/uploads\/2026\/03\/14120721\/WhatsApp-Image-2026-03-14-at-12.06.56-854x1536.jpeg 854w, https:\/\/cdn1.mediawpaccore.net\/wp-content\/uploads\/2026\/03\/14120721\/WhatsApp-Image-2026-03-14-at-12.06.56-233x420.jpeg 233w, https:\/\/cdn1.mediawpaccore.net\/wp-content\/uploads\/2026\/03\/14120721\/WhatsApp-Image-2026-03-14-at-12.06.56-150x270.jpeg 150w, https:\/\/cdn1.mediawpaccore.net\/wp-content\/uploads\/2026\/03\/14120721\/WhatsApp-Image-2026-03-14-at-12.06.56-300x540.jpeg 300w, https:\/\/cdn1.mediawpaccore.net\/wp-content\/uploads\/2026\/03\/14120721\/WhatsApp-Image-2026-03-14-at-12.06.56-696x1253.jpeg 696w, https:\/\/cdn1.mediawpaccore.net\/wp-content\/uploads\/2026\/03\/14120721\/WhatsApp-Image-2026-03-14-at-12.06.56-1068x1922.jpeg 1068w, https:\/\/cdn1.mediawpaccore.net\/wp-content\/uploads\/2026\/03\/14120721\/WhatsApp-Image-2026-03-14-at-12.06.56.jpeg 1138w\" sizes=\"auto, (max-width: 569px) 100vw, 569px\" \/><\/figure>\n\n\n\n<p>\u201cNo son hechos vand\u00e1licos, es desobediencia civil. La misma que celebramos cuando sucede en otros lugares del mundo. Cuando los de abajo dicen basta y se enfrentan contra los s\u00edmbolos y su materialidad: una estatua, una tienda, una sede de un partido que es rector de la constituci\u00f3n y mata de hambre, insalubridad, falta de energ\u00eda, agua potable, medicinas y asistencia m\u00e9dica a ocho millones de personas\u201d, escribi\u00f3 en su muro de Facebook la poeta, ensayista, maestra y activista cubana Mabel Cuesta sobre los hechos&nbsp;<\/p>\n\n\n\n<p>\u201cSeguir\u00e1n metiendo presos a los pobres mientras quienes detentan todo el poder, el dinero y las armas sigan sin admitir su fracaso administrativo. El totalitarismo no escucha\u201d, se\u00f1al\u00f3 la profesora de la Universidad de Houston al explicar por qu\u00e9 \u201clo que est\u00e1 sucediendo en Cuba es producto de un l\u00edmite hace mucho sobrepasado\u201d.&nbsp;<\/p>\n\n\n\n<p>De acuerdo con lo que ha trascendido hasta ahora, las protestas de este 13 de marzo en Mor\u00f3n son de las mayores reportadas en la isla tras las manifestaciones masivas del 11 de julio de 2021.<\/p>\n\n\n\n<blockquote class=\"twitter-tweet\"><p lang=\"es\" dir=\"ltr\">Abrazo a la Prensa Cubana, digna compa\u00f1era de todas las batallas de la Revoluci\u00f3n, dentro y fuera de la Patria, que ha contado la historia siempre desde la trinchera, igual en la dura cotidianidad que en misiones internacionalistas. <br><br>Junto a combatientes, m\u00e9dicos, maestros,\u2026<\/p>&mdash; Miguel D\u00edaz-Canel Berm\u00fadez (@DiazCanelB) <a href=\"https:\/\/twitter.com\/DiazCanelB\/status\/2032810333891346658?ref_src=twsrc%5Etfw\">March 14, 2026<\/a><\/blockquote> <script async src=\"https:\/\/platform.twitter.com\/widgets.js\" charset=\"utf-8\"><\/script> \n\n\n\n<p>Ir\u00f3nicamente, este s\u00e1bado el mandatario cubano Miguel D\u00edaz-Canel public\u00f3 un post felicitando a la prensa oficialista cubana, en el cual no hizo ninguna referencia a lo ocurrido en Mor\u00f3n.<\/p>\n\n\n\n<p>\u201cAbrazo a la prensa cubana, digna compa\u00f1era de todas las batallas de la Revoluci\u00f3n, dentro y fuera de la Patria, que ha contado la historia siempre desde la trinchera, igual en la dura cotidianidad que en misiones internacionalistas. Junto a combatientes, m\u00e9dicos, maestros, constructores, ha sido y es soldado de la martiana manera que demanda el combate cuando se tiene delante al enemigo\u201d, expres\u00f3 en la red sociale X.&nbsp;<\/p>\n\n\n\n<p>Si bien la revuelta en Mor\u00f3n se da en un contexto en que la crisis de Cuba se ha visto agravada por el bloqueo petrolero impuesto por Estados Unidos para lograr un cambio de r\u00e9gimen, responde especialmente a un malestar popular que ha ido creciendo a lo largo de los \u00faltimos a\u00f1os, debido a que la poblaci\u00f3n cubana sufre porque no puede saciar sus necesidad b\u00e1sicas ni hacer uso de libertades elementales.<\/p>\n\n\n\n<p>Las protestas en Mor\u00f3n comenzaron el mismo d\u00eda en que D\u00edaz-Canel confirm\u00f3 que el r\u00e9gimen mantiene conversaciones oficiales con el gobierno de Estados Unidos, algo que hab\u00edan negado varios altos funcionarios cubanos, incluyendo al gobernante, y periodistas y medios a su servicio.<\/p>\n\n\n\n<p><\/p>\n","protected":false},"excerpt":{"rendered":"<p>Los videos divulgados en redes sociales recogen la realidad que el oficialismo se neg\u00f3 a contar sobre las protestas ocurridas en Mor\u00f3n.<\/p>\n","protected":false},"author":30,"featured_media":238153,"comment_status":"open","ping_status":"closed","sticky":false,"template":"","format":"standard","meta":{"_acf_changed":false,"footnotes":""},"categories":[18,955],"tags":[10867,941,5852,31110],"class_list":{"0":"post-238129","1":"post","2":"type-post","3":"status-publish","4":"format-standard","5":"has-post-thumbnail","7":"category-noticias","8":"category-noticias-de-cuba","9":"tag-crisis-en-cuba","10":"tag-destacado","11":"tag-prensa-oficialista","12":"tag-protestas-en-moron"},"acf":[],"yoast_head":"<!-- This site is optimized with the Yoast SEO plugin v27.4 - https:\/\/yoast.com\/product\/yoast-seo-wordpress\/ -->\n<title>\u00bfQui\u00e9n se cree la versi\u00f3n de la prensa oficialista sobre el estallido popular en Mor\u00f3n? - Cuballama Noticias<\/title>\n<meta name=\"description\" content=\"La prensa oficialista cubana ha reducido las protestas ocurridas en las \u00faltimas horas en Mor\u00f3n, Ciego de \u00c1vila, a \u201chechos vand\u00e1licos\u201d.\" \/>\n<meta name=\"robots\" content=\"index, follow, max-snippet:-1, max-image-preview:large, max-video-preview:-1\" \/>\n<link rel=\"canonical\" href=\"https:\/\/www.cuballama.com\/noticias\/quien-se-cree-la-version-de-la-prensa-oficialista-sobre-el-estallido-popular-en-moron\/\" \/>\n<meta property=\"og:locale\" content=\"es_ES\" \/>\n<meta property=\"og:type\" content=\"article\" \/>\n<meta property=\"og:title\" content=\"\u00bfQui\u00e9n se cree la versi\u00f3n de la prensa oficialista sobre el estallido popular en Mor\u00f3n? - Cuballama Noticias\" \/>\n<meta property=\"og:description\" content=\"La prensa oficialista cubana ha reducido las protestas ocurridas en las \u00faltimas horas en Mor\u00f3n, Ciego de \u00c1vila, a \u201chechos vand\u00e1licos\u201d.\" \/>\n<meta property=\"og:url\" content=\"https:\/\/www.cuballama.com\/noticias\/quien-se-cree-la-version-de-la-prensa-oficialista-sobre-el-estallido-popular-en-moron\/\" \/>\n<meta property=\"og:site_name\" content=\"Cuballama Noticias\" \/>\n<meta property=\"article:publisher\" content=\"https:\/\/www.facebook.com\/CubaLlama\" \/>\n<meta property=\"article:published_time\" content=\"2026-03-14T16:13:52+00:00\" \/>\n<meta property=\"article:modified_time\" content=\"2026-03-14T16:13:53+00:00\" \/>\n<meta property=\"og:image\" content=\"https:\/\/cdn1.mediawpaccore.net\/wp-content\/uploads\/2026\/03\/14102912\/Captura-de-pantalla_14-3-2026_102431_www.facebook.com_.jpg\" \/>\n\t<meta property=\"og:image:width\" content=\"1200\" \/>\n\t<meta property=\"og:image:height\" content=\"630\" \/>\n\t<meta property=\"og:image:type\" content=\"image\/jpeg\" \/>\n<meta name=\"author\" content=\"Kathy\" \/>\n<meta name=\"twitter:card\" content=\"summary_large_image\" \/>\n<meta name=\"twitter:creator\" content=\"@cuballama\" \/>\n<meta name=\"twitter:site\" content=\"@cuballama\" \/>\n<meta name=\"twitter:label1\" content=\"Escrito por\" \/>\n\t<meta name=\"twitter:data1\" content=\"Kathy\" \/>\n\t<meta name=\"twitter:label2\" content=\"Tiempo de lectura\" \/>\n\t<meta name=\"twitter:data2\" content=\"4 minutos\" \/>\n<script type=\"application\/ld+json\" class=\"yoast-schema-graph\">{\"@context\":\"https:\\\/\\\/schema.org\",\"@graph\":[{\"@type\":\"Article\",\"@id\":\"https:\\\/\\\/www.cuballama.com\\\/noticias\\\/quien-se-cree-la-version-de-la-prensa-oficialista-sobre-el-estallido-popular-en-moron\\\/#article\",\"isPartOf\":{\"@id\":\"https:\\\/\\\/www.cuballama.com\\\/noticias\\\/quien-se-cree-la-version-de-la-prensa-oficialista-sobre-el-estallido-popular-en-moron\\\/\"},\"author\":{\"name\":\"Kathy\",\"@id\":\"https:\\\/\\\/www.cuballama.com\\\/noticias\\\/#\\\/schema\\\/person\\\/86cd3e3f4974437f031211213bf892d5\"},\"headline\":\"\u00bfQui\u00e9n se cree la versi\u00f3n de la prensa oficialista sobre el estallido popular en Mor\u00f3n?\",\"datePublished\":\"2026-03-14T16:13:52+00:00\",\"dateModified\":\"2026-03-14T16:13:53+00:00\",\"mainEntityOfPage\":{\"@id\":\"https:\\\/\\\/www.cuballama.com\\\/noticias\\\/quien-se-cree-la-version-de-la-prensa-oficialista-sobre-el-estallido-popular-en-moron\\\/\"},\"wordCount\":885,\"commentCount\":0,\"publisher\":{\"@id\":\"https:\\\/\\\/www.cuballama.com\\\/noticias\\\/#organization\"},\"image\":{\"@id\":\"https:\\\/\\\/www.cuballama.com\\\/noticias\\\/quien-se-cree-la-version-de-la-prensa-oficialista-sobre-el-estallido-popular-en-moron\\\/#primaryimage\"},\"thumbnailUrl\":\"https:\\\/\\\/cdn1.mediawpaccore.net\\\/wp-content\\\/uploads\\\/2026\\\/03\\\/14102912\\\/Captura-de-pantalla_14-3-2026_102431_www.facebook.com_.jpg\",\"keywords\":[\"Crisis en Cuba\",\"destacado\",\"prensa oficialista\",\"protestas en Mor\u00f3n\"],\"articleSection\":[\"Noticias\",\"Noticias de Cuba\"],\"inLanguage\":\"es\",\"potentialAction\":[{\"@type\":\"CommentAction\",\"name\":\"Comment\",\"target\":[\"https:\\\/\\\/www.cuballama.com\\\/noticias\\\/quien-se-cree-la-version-de-la-prensa-oficialista-sobre-el-estallido-popular-en-moron\\\/#respond\"]}]},{\"@type\":\"WebPage\",\"@id\":\"https:\\\/\\\/www.cuballama.com\\\/noticias\\\/quien-se-cree-la-version-de-la-prensa-oficialista-sobre-el-estallido-popular-en-moron\\\/\",\"url\":\"https:\\\/\\\/www.cuballama.com\\\/noticias\\\/quien-se-cree-la-version-de-la-prensa-oficialista-sobre-el-estallido-popular-en-moron\\\/\",\"name\":\"\u00bfQui\u00e9n se cree la versi\u00f3n de la prensa oficialista sobre el estallido popular en Mor\u00f3n? - Cuballama Noticias\",\"isPartOf\":{\"@id\":\"https:\\\/\\\/www.cuballama.com\\\/noticias\\\/#website\"},\"primaryImageOfPage\":{\"@id\":\"https:\\\/\\\/www.cuballama.com\\\/noticias\\\/quien-se-cree-la-version-de-la-prensa-oficialista-sobre-el-estallido-popular-en-moron\\\/#primaryimage\"},\"image\":{\"@id\":\"https:\\\/\\\/www.cuballama.com\\\/noticias\\\/quien-se-cree-la-version-de-la-prensa-oficialista-sobre-el-estallido-popular-en-moron\\\/#primaryimage\"},\"thumbnailUrl\":\"https:\\\/\\\/cdn1.mediawpaccore.net\\\/wp-content\\\/uploads\\\/2026\\\/03\\\/14102912\\\/Captura-de-pantalla_14-3-2026_102431_www.facebook.com_.jpg\",\"datePublished\":\"2026-03-14T16:13:52+00:00\",\"dateModified\":\"2026-03-14T16:13:53+00:00\",\"description\":\"La prensa oficialista cubana ha reducido las protestas ocurridas en las \u00faltimas horas en Mor\u00f3n, Ciego de \u00c1vila, a \u201chechos vand\u00e1licos\u201d.\",\"breadcrumb\":{\"@id\":\"https:\\\/\\\/www.cuballama.com\\\/noticias\\\/quien-se-cree-la-version-de-la-prensa-oficialista-sobre-el-estallido-popular-en-moron\\\/#breadcrumb\"},\"inLanguage\":\"es\",\"potentialAction\":[{\"@type\":\"ReadAction\",\"target\":[\"https:\\\/\\\/www.cuballama.com\\\/noticias\\\/quien-se-cree-la-version-de-la-prensa-oficialista-sobre-el-estallido-popular-en-moron\\\/\"]}]},{\"@type\":\"ImageObject\",\"inLanguage\":\"es\",\"@id\":\"https:\\\/\\\/www.cuballama.com\\\/noticias\\\/quien-se-cree-la-version-de-la-prensa-oficialista-sobre-el-estallido-popular-en-moron\\\/#primaryimage\",\"url\":\"https:\\\/\\\/cdn1.mediawpaccore.net\\\/wp-content\\\/uploads\\\/2026\\\/03\\\/14102912\\\/Captura-de-pantalla_14-3-2026_102431_www.facebook.com_.jpg\",\"contentUrl\":\"https:\\\/\\\/cdn1.mediawpaccore.net\\\/wp-content\\\/uploads\\\/2026\\\/03\\\/14102912\\\/Captura-de-pantalla_14-3-2026_102431_www.facebook.com_.jpg\",\"width\":1200,\"height\":630,\"caption\":\"Incendio frente a la sede del Partido Comunista en Mor\u00f3n. Foto: Captura de video\\\/Facebook\\\/Guillermo Rodr\u00edguez S\u00e1nchez.\"},{\"@type\":\"BreadcrumbList\",\"@id\":\"https:\\\/\\\/www.cuballama.com\\\/noticias\\\/quien-se-cree-la-version-de-la-prensa-oficialista-sobre-el-estallido-popular-en-moron\\\/#breadcrumb\",\"itemListElement\":[{\"@type\":\"ListItem\",\"position\":1,\"name\":\"Home\",\"item\":\"https:\\\/\\\/www.cuballama.com\\\/noticias\\\/\"},{\"@type\":\"ListItem\",\"position\":2,\"name\":\"\u00bfQui\u00e9n se cree la versi\u00f3n de la prensa oficialista sobre el estallido popular en Mor\u00f3n?\"}]},{\"@type\":\"WebSite\",\"@id\":\"https:\\\/\\\/www.cuballama.com\\\/noticias\\\/#website\",\"url\":\"https:\\\/\\\/www.cuballama.com\\\/noticias\\\/\",\"name\":\"Cuballama Noticias\",\"description\":\"Medio digital sobre Cuba y el mundo\",\"publisher\":{\"@id\":\"https:\\\/\\\/www.cuballama.com\\\/noticias\\\/#organization\"},\"potentialAction\":[{\"@type\":\"SearchAction\",\"target\":{\"@type\":\"EntryPoint\",\"urlTemplate\":\"https:\\\/\\\/www.cuballama.com\\\/noticias\\\/?s={search_term_string}\"},\"query-input\":{\"@type\":\"PropertyValueSpecification\",\"valueRequired\":true,\"valueName\":\"search_term_string\"}}],\"inLanguage\":\"es\"},{\"@type\":\"Organization\",\"@id\":\"https:\\\/\\\/www.cuballama.com\\\/noticias\\\/#organization\",\"name\":\"Cuballama\",\"url\":\"https:\\\/\\\/www.cuballama.com\\\/noticias\\\/\",\"logo\":{\"@type\":\"ImageObject\",\"inLanguage\":\"es\",\"@id\":\"https:\\\/\\\/www.cuballama.com\\\/noticias\\\/#\\\/schema\\\/logo\\\/image\\\/\",\"url\":\"https:\\\/\\\/cdn1.mediawpaccore.net\\\/wp-content\\\/uploads\\\/2021\\\/12\\\/28171206\\\/cbll-logo-color-sm.png\",\"contentUrl\":\"https:\\\/\\\/cdn1.mediawpaccore.net\\\/wp-content\\\/uploads\\\/2021\\\/12\\\/28171206\\\/cbll-logo-color-sm.png\",\"width\":600,\"height\":133,\"caption\":\"Cuballama\"},\"image\":{\"@id\":\"https:\\\/\\\/www.cuballama.com\\\/noticias\\\/#\\\/schema\\\/logo\\\/image\\\/\"},\"sameAs\":[\"https:\\\/\\\/www.facebook.com\\\/CubaLlama\",\"https:\\\/\\\/x.com\\\/cuballama\",\"https:\\\/\\\/www.instagram.com\\\/stories\\\/cuballama_oficial\\\/\",\"https:\\\/\\\/www.youtube.com\\\/channel\\\/UCKkFE-d_axENGZcrc4as0IA\"]},{\"@type\":\"Person\",\"@id\":\"https:\\\/\\\/www.cuballama.com\\\/noticias\\\/#\\\/schema\\\/person\\\/86cd3e3f4974437f031211213bf892d5\",\"name\":\"Kathy\",\"url\":\"https:\\\/\\\/www.cuballama.com\\\/noticias\\\/author\\\/kathy\\\/\"}]}<\/script>\n<!-- \/ Yoast SEO plugin. -->","yoast_head_json":{"title":"\u00bfQui\u00e9n se cree la versi\u00f3n de la prensa oficialista sobre el estallido popular en Mor\u00f3n? - Cuballama Noticias","description":"La prensa oficialista cubana ha reducido las protestas ocurridas en las \u00faltimas horas en Mor\u00f3n, Ciego de \u00c1vila, a \u201chechos vand\u00e1licos\u201d.","robots":{"index":"index","follow":"follow","max-snippet":"max-snippet:-1","max-image-preview":"max-image-preview:large","max-video-preview":"max-video-preview:-1"},"canonical":"https:\/\/www.cuballama.com\/noticias\/quien-se-cree-la-version-de-la-prensa-oficialista-sobre-el-estallido-popular-en-moron\/","og_locale":"es_ES","og_type":"article","og_title":"\u00bfQui\u00e9n se cree la versi\u00f3n de la prensa oficialista sobre el estallido popular en Mor\u00f3n? - Cuballama Noticias","og_description":"La prensa oficialista cubana ha reducido las protestas ocurridas en las \u00faltimas horas en Mor\u00f3n, Ciego de \u00c1vila, a \u201chechos vand\u00e1licos\u201d.","og_url":"https:\/\/www.cuballama.com\/noticias\/quien-se-cree-la-version-de-la-prensa-oficialista-sobre-el-estallido-popular-en-moron\/","og_site_name":"Cuballama Noticias","article_publisher":"https:\/\/www.facebook.com\/CubaLlama","article_published_time":"2026-03-14T16:13:52+00:00","article_modified_time":"2026-03-14T16:13:53+00:00","og_image":[{"width":1200,"height":630,"url":"https:\/\/cdn1.mediawpaccore.net\/wp-content\/uploads\/2026\/03\/14102912\/Captura-de-pantalla_14-3-2026_102431_www.facebook.com_.jpg","type":"image\/jpeg"}],"author":"Kathy","twitter_card":"summary_large_image","twitter_creator":"@cuballama","twitter_site":"@cuballama","twitter_misc":{"Escrito por":"Kathy","Tiempo de lectura":"4 minutos"},"schema":{"@context":"https:\/\/schema.org","@graph":[{"@type":"Article","@id":"https:\/\/www.cuballama.com\/noticias\/quien-se-cree-la-version-de-la-prensa-oficialista-sobre-el-estallido-popular-en-moron\/#article","isPartOf":{"@id":"https:\/\/www.cuballama.com\/noticias\/quien-se-cree-la-version-de-la-prensa-oficialista-sobre-el-estallido-popular-en-moron\/"},"author":{"name":"Kathy","@id":"https:\/\/www.cuballama.com\/noticias\/#\/schema\/person\/86cd3e3f4974437f031211213bf892d5"},"headline":"\u00bfQui\u00e9n se cree la versi\u00f3n de la prensa oficialista sobre el estallido popular en Mor\u00f3n?","datePublished":"2026-03-14T16:13:52+00:00","dateModified":"2026-03-14T16:13:53+00:00","mainEntityOfPage":{"@id":"https:\/\/www.cuballama.com\/noticias\/quien-se-cree-la-version-de-la-prensa-oficialista-sobre-el-estallido-popular-en-moron\/"},"wordCount":885,"commentCount":0,"publisher":{"@id":"https:\/\/www.cuballama.com\/noticias\/#organization"},"image":{"@id":"https:\/\/www.cuballama.com\/noticias\/quien-se-cree-la-version-de-la-prensa-oficialista-sobre-el-estallido-popular-en-moron\/#primaryimage"},"thumbnailUrl":"https:\/\/cdn1.mediawpaccore.net\/wp-content\/uploads\/2026\/03\/14102912\/Captura-de-pantalla_14-3-2026_102431_www.facebook.com_.jpg","keywords":["Crisis en Cuba","destacado","prensa oficialista","protestas en Mor\u00f3n"],"articleSection":["Noticias","Noticias de Cuba"],"inLanguage":"es","potentialAction":[{"@type":"CommentAction","name":"Comment","target":["https:\/\/www.cuballama.com\/noticias\/quien-se-cree-la-version-de-la-prensa-oficialista-sobre-el-estallido-popular-en-moron\/#respond"]}]},{"@type":"WebPage","@id":"https:\/\/www.cuballama.com\/noticias\/quien-se-cree-la-version-de-la-prensa-oficialista-sobre-el-estallido-popular-en-moron\/","url":"https:\/\/www.cuballama.com\/noticias\/quien-se-cree-la-version-de-la-prensa-oficialista-sobre-el-estallido-popular-en-moron\/","name":"\u00bfQui\u00e9n se cree la versi\u00f3n de la prensa oficialista sobre el estallido popular en Mor\u00f3n? - Cuballama Noticias","isPartOf":{"@id":"https:\/\/www.cuballama.com\/noticias\/#website"},"primaryImageOfPage":{"@id":"https:\/\/www.cuballama.com\/noticias\/quien-se-cree-la-version-de-la-prensa-oficialista-sobre-el-estallido-popular-en-moron\/#primaryimage"},"image":{"@id":"https:\/\/www.cuballama.com\/noticias\/quien-se-cree-la-version-de-la-prensa-oficialista-sobre-el-estallido-popular-en-moron\/#primaryimage"},"thumbnailUrl":"https:\/\/cdn1.mediawpaccore.net\/wp-content\/uploads\/2026\/03\/14102912\/Captura-de-pantalla_14-3-2026_102431_www.facebook.com_.jpg","datePublished":"2026-03-14T16:13:52+00:00","dateModified":"2026-03-14T16:13:53+00:00","description":"La prensa oficialista cubana ha reducido las protestas ocurridas en las \u00faltimas horas en Mor\u00f3n, Ciego de \u00c1vila, a \u201chechos vand\u00e1licos\u201d.","breadcrumb":{"@id":"https:\/\/www.cuballama.com\/noticias\/quien-se-cree-la-version-de-la-prensa-oficialista-sobre-el-estallido-popular-en-moron\/#breadcrumb"},"inLanguage":"es","potentialAction":[{"@type":"ReadAction","target":["https:\/\/www.cuballama.com\/noticias\/quien-se-cree-la-version-de-la-prensa-oficialista-sobre-el-estallido-popular-en-moron\/"]}]},{"@type":"ImageObject","inLanguage":"es","@id":"https:\/\/www.cuballama.com\/noticias\/quien-se-cree-la-version-de-la-prensa-oficialista-sobre-el-estallido-popular-en-moron\/#primaryimage","url":"https:\/\/cdn1.mediawpaccore.net\/wp-content\/uploads\/2026\/03\/14102912\/Captura-de-pantalla_14-3-2026_102431_www.facebook.com_.jpg","contentUrl":"https:\/\/cdn1.mediawpaccore.net\/wp-content\/uploads\/2026\/03\/14102912\/Captura-de-pantalla_14-3-2026_102431_www.facebook.com_.jpg","width":1200,"height":630,"caption":"Incendio frente a la sede del Partido Comunista en Mor\u00f3n. Foto: Captura de video\/Facebook\/Guillermo Rodr\u00edguez S\u00e1nchez."},{"@type":"BreadcrumbList","@id":"https:\/\/www.cuballama.com\/noticias\/quien-se-cree-la-version-de-la-prensa-oficialista-sobre-el-estallido-popular-en-moron\/#breadcrumb","itemListElement":[{"@type":"ListItem","position":1,"name":"Home","item":"https:\/\/www.cuballama.com\/noticias\/"},{"@type":"ListItem","position":2,"name":"\u00bfQui\u00e9n se cree la versi\u00f3n de la prensa oficialista sobre el estallido popular en Mor\u00f3n?"}]},{"@type":"WebSite","@id":"https:\/\/www.cuballama.com\/noticias\/#website","url":"https:\/\/www.cuballama.com\/noticias\/","name":"Cuballama Noticias","description":"Medio digital sobre Cuba y el mundo","publisher":{"@id":"https:\/\/www.cuballama.com\/noticias\/#organization"},"potentialAction":[{"@type":"SearchAction","target":{"@type":"EntryPoint","urlTemplate":"https:\/\/www.cuballama.com\/noticias\/?s={search_term_string}"},"query-input":{"@type":"PropertyValueSpecification","valueRequired":true,"valueName":"search_term_string"}}],"inLanguage":"es"},{"@type":"Organization","@id":"https:\/\/www.cuballama.com\/noticias\/#organization","name":"Cuballama","url":"https:\/\/www.cuballama.com\/noticias\/","logo":{"@type":"ImageObject","inLanguage":"es","@id":"https:\/\/www.cuballama.com\/noticias\/#\/schema\/logo\/image\/","url":"https:\/\/cdn1.mediawpaccore.net\/wp-content\/uploads\/2021\/12\/28171206\/cbll-logo-color-sm.png","contentUrl":"https:\/\/cdn1.mediawpaccore.net\/wp-content\/uploads\/2021\/12\/28171206\/cbll-logo-color-sm.png","width":600,"height":133,"caption":"Cuballama"},"image":{"@id":"https:\/\/www.cuballama.com\/noticias\/#\/schema\/logo\/image\/"},"sameAs":["https:\/\/www.facebook.com\/CubaLlama","https:\/\/x.com\/cuballama","https:\/\/www.instagram.com\/stories\/cuballama_oficial\/","https:\/\/www.youtube.com\/channel\/UCKkFE-d_axENGZcrc4as0IA"]},{"@type":"Person","@id":"https:\/\/www.cuballama.com\/noticias\/#\/schema\/person\/86cd3e3f4974437f031211213bf892d5","name":"Kathy","url":"https:\/\/www.cuballama.com\/noticias\/author\/kathy\/"}]}},"_links":{"self":[{"href":"https:\/\/www.cuballama.com\/noticias\/wp-json\/wp\/v2\/posts\/238129","targetHints":{"allow":["GET"]}}],"collection":[{"href":"https:\/\/www.cuballama.com\/noticias\/wp-json\/wp\/v2\/posts"}],"about":[{"href":"https:\/\/www.cuballama.com\/noticias\/wp-json\/wp\/v2\/types\/post"}],"author":[{"embeddable":true,"href":"https:\/\/www.cuballama.com\/noticias\/wp-json\/wp\/v2\/users\/30"}],"replies":[{"embeddable":true,"href":"https:\/\/www.cuballama.com\/noticias\/wp-json\/wp\/v2\/comments?post=238129"}],"version-history":[{"count":5,"href":"https:\/\/www.cuballama.com\/noticias\/wp-json\/wp\/v2\/posts\/238129\/revisions"}],"predecessor-version":[{"id":238160,"href":"https:\/\/www.cuballama.com\/noticias\/wp-json\/wp\/v2\/posts\/238129\/revisions\/238160"}],"wp:featuredmedia":[{"embeddable":true,"href":"https:\/\/www.cuballama.com\/noticias\/wp-json\/wp\/v2\/media\/238153"}],"wp:attachment":[{"href":"https:\/\/www.cuballama.com\/noticias\/wp-json\/wp\/v2\/media?parent=238129"}],"wp:term":[{"taxonomy":"category","embeddable":true,"href":"https:\/\/www.cuballama.com\/noticias\/wp-json\/wp\/v2\/categories?post=238129"},{"taxonomy":"post_tag","embeddable":true,"href":"https:\/\/www.cuballama.com\/noticias\/wp-json\/wp\/v2\/tags?post=238129"}],"curies":[{"name":"wp","href":"https:\/\/api.w.org\/{rel}","templated":true}]}}