{"id":238125,"date":"2026-03-14T10:19:03","date_gmt":"2026-03-14T14:19:03","guid":{"rendered":"https:\/\/www.cuballama.com\/noticias\/?p=238125"},"modified":"2026-03-14T15:58:49","modified_gmt":"2026-03-14T19:58:49","slug":"protestas-en-moron-al-menos-un-joven-habria-sido-baleado","status":"publish","type":"post","link":"https:\/\/www.cuballama.com\/noticias\/protestas-en-moron-al-menos-un-joven-habria-sido-baleado\/","title":{"rendered":"Protestas en Mor\u00f3n: Al menos un joven habr\u00eda sido baleado"},"content":{"rendered":"\n<p>El <a href=\"https:\/\/www.cuballama.com\/noticias\/protestas-en-moron-asaltan-la-sede-del-partido-comunista\/\" target=\"_blank\" rel=\"noreferrer noopener\">estallido popular<\/a> ocurrido la noche de este viernes en la ciudad de Mor\u00f3n, provincia de Ciego de \u00c1vila, dej\u00f3 un saldo preliminar de un herido y cinco detenidos, informaron las autoridades locales.<\/p>\n\n\n\n<p>Seg\u00fan versiones independientes no confirmadas, al menos un joven, que podr\u00eda ser menor de edad, habr\u00eda resultado herido de bala durante el enfrentamiento con las autoridades policiales,<\/p>\n\n\n\n<p>El muchacho habr\u00eda sido baleado en una pierna por fuerzas de seguridad tras el asalto a la sede local del Partido Comunista de Cuba ya en la madrugada de este s\u00e1bado, de acuerdo con un video difundido por el periodista Mario Pent\u00f3n.<\/p>\n\n\n\n<iframe loading=\"lazy\" src=\"https:\/\/www.facebook.com\/plugins\/video.php?height=476&#038;href=https%3A%2F%2Fwww.facebook.com%2Freel%2F1913521419347503%2F&#038;show_text=true&#038;width=280&#038;t=0\" width=\"280\" height=\"591\" style=\"border:none;overflow:hidden\" scrolling=\"no\" frameborder=\"0\" allowfullscreen=\"true\" allow=\"autoplay; clipboard-write; encrypted-media; picture-in-picture; web-share\" allowFullScreen=\"true\"><\/iframe>\n\n\n\n<p>En las im\u00e1genes se oye lo que parece un disparo y luego se ve a un joven caer al suelo antes de ser auxiliado por varios manifestantes, quienes lo subieron r\u00e1pidamente a una motocicleta para buscar asistencia m\u00e9dica.<\/p>\n\n\n\n<p>El periodista avile\u00f1o Guillermo Rodr\u00edguez S\u00e1nchez public\u00f3 otro video del \u201cmomento exacto\u201d en el que, seg\u00fan testimonios de pobladores, \u201cun polic\u00eda dispar\u00f3 su pistola e impact\u00f3 en el muslo a un muchacho que se encontraba alrededor de una fogata en el centro de la calle\u201d frente a la sede del Partido en Mor\u00f3n.<\/p>\n\n\n\n<p>\u201cEn el video se puede observar c\u00f3mo el pueblo se lo lleva cargado para brindarle primeros auxilios\u201d, subray\u00f3 el tambi\u00e9n escritor exiliado en M\u00e9xico.<\/p>\n\n\n\n<iframe loading=\"lazy\" src=\"https:\/\/www.facebook.com\/plugins\/video.php?height=415&#038;href=https%3A%2F%2Fwww.facebook.com%2Freel%2F1186089616935605%2F&#038;show_text=true&#038;width=560&#038;t=0\" width=\"560\" height=\"530\" style=\"border:none;overflow:hidden\" scrolling=\"no\" frameborder=\"0\" allowfullscreen=\"true\" allow=\"autoplay; clipboard-write; encrypted-media; picture-in-picture; web-share\" allowFullScreen=\"true\"><\/iframe>\n\n\n\n<p>Seg\u00fan la versi\u00f3n del peri\u00f3dico provincial <em>Invasor<\/em>, una persona result\u00f3 herida durante las protestas porque \u201cen estado de embriaguez sufri\u00f3 una ca\u00edda\u201d y fue trasladada al Hospital Provincial General Docente Capit\u00e1n Roberto Rodr\u00edguez, en Mor\u00f3n.<\/p>\n\n\n\n<p>Adem\u00e1s de supuestas detonaciones de armas de fuego de las fuerzas represivas, algo que no ha sido verificado hasta ahora, se ha reportado una fuerte represi\u00f3n contra los manifestantes.<\/p>\n\n\n\n<p>\u201cHace varios minutos, despu\u00e9s del incidente en el partido aqu\u00ed en Mor\u00f3n, en la calle Patria, al menos diez boinas negras golpearon a un muchacho casi hasta matarlo. Desgraciadamente no pudimos grabarlo, pero los vecinos le gritamos y se lo llevaron en muy malas condiciones de vida\u201d, escribi\u00f3 a Pent\u00f3n un vecino de Mor\u00f3n a las 12:39 de la madrugada.<\/p>\n\n\n\n<iframe loading=\"lazy\" src=\"https:\/\/www.facebook.com\/plugins\/video.php?height=476&#038;href=https%3A%2F%2Fwww.facebook.com%2Freel%2F3175669325962130%2F&#038;show_text=true&#038;width=245&#038;t=0\" width=\"245\" height=\"591\" style=\"border:none;overflow:hidden\" scrolling=\"no\" frameborder=\"0\" allowfullscreen=\"true\" allow=\"autoplay; clipboard-write; encrypted-media; picture-in-picture; web-share\" allowFullScreen=\"true\"><\/iframe>\n\n\n\n<p><em>Invasor <\/em>dijo que la protesta se desarroll\u00f3 inicialmente de manera pac\u00edfica e incluy\u00f3 un intercambio con autoridades del territorio, pero luego deriv\u00f3 en \u201chechos vand\u00e1licos\u201d contra la sede partidista.<\/p>\n\n\n\n<p>El reporte se\u00f1ala que \u201cun grupo reducido de personas apedre\u00f3 la entrada del inmueble y provoc\u00f3 un incendio en la v\u00eda p\u00fablica con los muebles de la recepci\u00f3n\u201d, pero las im\u00e1genes transmitidas en redes sociales cuentan una historia muy diferente.<\/p>\n\n\n\n<p>Seg\u00fan report\u00f3 el periodista Jos\u00e9 Ra\u00fal Gallego, tras el inicio de las protestas cortaron el acceso a internet en Mor\u00f3n, una pr\u00e1ctica habitual del r\u00e9gimen cubano para evitar que salgan a la luz im\u00e1genes de la represi\u00f3n a la que son sometidos los manifestantes.<\/p>\n\n\n\n<iframe loading=\"lazy\" src=\"https:\/\/www.facebook.com\/plugins\/post.php?href=https%3A%2F%2Fwww.facebook.com%2Fglenda.rancano.73%2Fposts%2Fpfbid0NFqnSRPXcsnYUm6BKMqLFJ1m1BREdkGxQ3i9bCj1kZS1QSg9frWmcLqkiCgHibtkl&#038;show_text=true&#038;width=500\" width=\"500\" height=\"543\" style=\"border:none;overflow:hidden\" scrolling=\"no\" frameborder=\"0\" allowfullscreen=\"true\" allow=\"autoplay; clipboard-write; encrypted-media; picture-in-picture; web-share\"><\/iframe>\n\n\n\n<p>Los disturbios se produjeron durante la octava noche consecutiva de protestas en la isla, en medio de una crisis agravada por el bloqueo petrolero de Estados Unidos con la intenci\u00f3n de lograr un cambio de r\u00e9gimen en Cuba.<\/p>\n\n\n\n<p>Estas manifestaciones en Mor\u00f3n se suman a otras acciones registradas durante los \u00faltimos d\u00edas principalmente en barrios de La Habana, donde ha habido cacerolazos nocturnos, fogatas y consignas contra las autoridades, reflejo del creciente malestar ciudadano.<\/p>\n\n\n\n<p><\/p>\n","protected":false},"excerpt":{"rendered":"<p>El estallido popular ocurrido este viernes dej\u00f3 un saldo preliminar de un herido y cinco detenidos.<\/p>\n","protected":false},"author":30,"featured_media":238147,"comment_status":"open","ping_status":"closed","sticky":false,"template":"","format":"standard","meta":{"_acf_changed":false,"footnotes":""},"categories":[18,955],"tags":[10867,941,13408,4821,31110,11305],"class_list":{"0":"post-238125","1":"post","2":"type-post","3":"status-publish","4":"format-standard","5":"has-post-thumbnail","7":"category-noticias","8":"category-noticias-de-cuba","9":"tag-crisis-en-cuba","10":"tag-destacado","11":"tag-joven-cubano","12":"tag-manifestantes","13":"tag-protestas-en-moron","14":"tag-represion-en-cuba"},"acf":[],"yoast_head":"<!-- This site is optimized with the Yoast SEO plugin v27.4 - https:\/\/yoast.com\/product\/yoast-seo-wordpress\/ -->\n<title>Protestas en Mor\u00f3n: Al menos un joven habr\u00eda sido baleado - Cuballama Noticias<\/title>\n<meta name=\"description\" content=\"El estallido popular ocurrido este viernes en Mor\u00f3n, Ciego de \u00c1vila, dej\u00f3 un saldo preliminar de un herido y cinco detenidos.\" \/>\n<meta name=\"robots\" content=\"index, follow, max-snippet:-1, max-image-preview:large, max-video-preview:-1\" \/>\n<link rel=\"canonical\" href=\"https:\/\/www.cuballama.com\/noticias\/protestas-en-moron-al-menos-un-joven-habria-sido-baleado\/\" \/>\n<meta property=\"og:locale\" content=\"es_ES\" \/>\n<meta property=\"og:type\" content=\"article\" \/>\n<meta property=\"og:title\" content=\"Protestas en Mor\u00f3n: Al menos un joven habr\u00eda sido baleado - Cuballama Noticias\" \/>\n<meta property=\"og:description\" content=\"El estallido popular ocurrido este viernes en Mor\u00f3n, Ciego de \u00c1vila, dej\u00f3 un saldo preliminar de un herido y cinco detenidos.\" \/>\n<meta property=\"og:url\" content=\"https:\/\/www.cuballama.com\/noticias\/protestas-en-moron-al-menos-un-joven-habria-sido-baleado\/\" \/>\n<meta property=\"og:site_name\" content=\"Cuballama Noticias\" \/>\n<meta property=\"article:publisher\" content=\"https:\/\/www.facebook.com\/CubaLlama\" \/>\n<meta property=\"article:published_time\" content=\"2026-03-14T14:19:03+00:00\" \/>\n<meta property=\"article:modified_time\" content=\"2026-03-14T19:58:49+00:00\" \/>\n<meta property=\"og:image\" content=\"https:\/\/cdn1.mediawpaccore.net\/wp-content\/uploads\/2026\/03\/14093258\/Simple-three-in-a-row5.jpg\" \/>\n\t<meta property=\"og:image:width\" content=\"1200\" \/>\n\t<meta property=\"og:image:height\" content=\"630\" \/>\n\t<meta property=\"og:image:type\" content=\"image\/jpeg\" \/>\n<meta name=\"author\" content=\"Kathy\" \/>\n<meta name=\"twitter:card\" content=\"summary_large_image\" \/>\n<meta name=\"twitter:creator\" content=\"@cuballama\" \/>\n<meta name=\"twitter:site\" content=\"@cuballama\" \/>\n<meta name=\"twitter:label1\" content=\"Escrito por\" \/>\n\t<meta name=\"twitter:data1\" content=\"Kathy\" \/>\n\t<meta name=\"twitter:label2\" content=\"Tiempo de lectura\" \/>\n\t<meta name=\"twitter:data2\" content=\"3 minutos\" \/>\n<script type=\"application\/ld+json\" class=\"yoast-schema-graph\">{\"@context\":\"https:\\\/\\\/schema.org\",\"@graph\":[{\"@type\":\"Article\",\"@id\":\"https:\\\/\\\/www.cuballama.com\\\/noticias\\\/protestas-en-moron-al-menos-un-joven-habria-sido-baleado\\\/#article\",\"isPartOf\":{\"@id\":\"https:\\\/\\\/www.cuballama.com\\\/noticias\\\/protestas-en-moron-al-menos-un-joven-habria-sido-baleado\\\/\"},\"author\":{\"name\":\"Kathy\",\"@id\":\"https:\\\/\\\/www.cuballama.com\\\/noticias\\\/#\\\/schema\\\/person\\\/86cd3e3f4974437f031211213bf892d5\"},\"headline\":\"Protestas en Mor\u00f3n: Al menos un joven habr\u00eda sido baleado\",\"datePublished\":\"2026-03-14T14:19:03+00:00\",\"dateModified\":\"2026-03-14T19:58:49+00:00\",\"mainEntityOfPage\":{\"@id\":\"https:\\\/\\\/www.cuballama.com\\\/noticias\\\/protestas-en-moron-al-menos-un-joven-habria-sido-baleado\\\/\"},\"wordCount\":589,\"commentCount\":0,\"publisher\":{\"@id\":\"https:\\\/\\\/www.cuballama.com\\\/noticias\\\/#organization\"},\"image\":{\"@id\":\"https:\\\/\\\/www.cuballama.com\\\/noticias\\\/protestas-en-moron-al-menos-un-joven-habria-sido-baleado\\\/#primaryimage\"},\"thumbnailUrl\":\"https:\\\/\\\/cdn1.mediawpaccore.net\\\/wp-content\\\/uploads\\\/2026\\\/03\\\/14093258\\\/Simple-three-in-a-row5.jpg\",\"keywords\":[\"Crisis en Cuba\",\"destacado\",\"joven cubano\",\"manifestantes\",\"protestas en Mor\u00f3n\",\"represi\u00f3n en Cuba\"],\"articleSection\":[\"Noticias\",\"Noticias de Cuba\"],\"inLanguage\":\"es\",\"potentialAction\":[{\"@type\":\"CommentAction\",\"name\":\"Comment\",\"target\":[\"https:\\\/\\\/www.cuballama.com\\\/noticias\\\/protestas-en-moron-al-menos-un-joven-habria-sido-baleado\\\/#respond\"]}]},{\"@type\":\"WebPage\",\"@id\":\"https:\\\/\\\/www.cuballama.com\\\/noticias\\\/protestas-en-moron-al-menos-un-joven-habria-sido-baleado\\\/\",\"url\":\"https:\\\/\\\/www.cuballama.com\\\/noticias\\\/protestas-en-moron-al-menos-un-joven-habria-sido-baleado\\\/\",\"name\":\"Protestas en Mor\u00f3n: Al menos un joven habr\u00eda sido baleado - Cuballama Noticias\",\"isPartOf\":{\"@id\":\"https:\\\/\\\/www.cuballama.com\\\/noticias\\\/#website\"},\"primaryImageOfPage\":{\"@id\":\"https:\\\/\\\/www.cuballama.com\\\/noticias\\\/protestas-en-moron-al-menos-un-joven-habria-sido-baleado\\\/#primaryimage\"},\"image\":{\"@id\":\"https:\\\/\\\/www.cuballama.com\\\/noticias\\\/protestas-en-moron-al-menos-un-joven-habria-sido-baleado\\\/#primaryimage\"},\"thumbnailUrl\":\"https:\\\/\\\/cdn1.mediawpaccore.net\\\/wp-content\\\/uploads\\\/2026\\\/03\\\/14093258\\\/Simple-three-in-a-row5.jpg\",\"datePublished\":\"2026-03-14T14:19:03+00:00\",\"dateModified\":\"2026-03-14T19:58:49+00:00\",\"description\":\"El estallido popular ocurrido este viernes en Mor\u00f3n, Ciego de \u00c1vila, dej\u00f3 un saldo preliminar de un herido y cinco detenidos.\",\"breadcrumb\":{\"@id\":\"https:\\\/\\\/www.cuballama.com\\\/noticias\\\/protestas-en-moron-al-menos-un-joven-habria-sido-baleado\\\/#breadcrumb\"},\"inLanguage\":\"es\",\"potentialAction\":[{\"@type\":\"ReadAction\",\"target\":[\"https:\\\/\\\/www.cuballama.com\\\/noticias\\\/protestas-en-moron-al-menos-un-joven-habria-sido-baleado\\\/\"]}]},{\"@type\":\"ImageObject\",\"inLanguage\":\"es\",\"@id\":\"https:\\\/\\\/www.cuballama.com\\\/noticias\\\/protestas-en-moron-al-menos-un-joven-habria-sido-baleado\\\/#primaryimage\",\"url\":\"https:\\\/\\\/cdn1.mediawpaccore.net\\\/wp-content\\\/uploads\\\/2026\\\/03\\\/14093258\\\/Simple-three-in-a-row5.jpg\",\"contentUrl\":\"https:\\\/\\\/cdn1.mediawpaccore.net\\\/wp-content\\\/uploads\\\/2026\\\/03\\\/14093258\\\/Simple-three-in-a-row5.jpg\",\"width\":1200,\"height\":630,\"caption\":\"Momento es que resulta herido un manifestante en Mor\u00f3n. Foto: Captura de video\\\/Facebook\\\/Mario J. Pent\u00f3n.\"},{\"@type\":\"BreadcrumbList\",\"@id\":\"https:\\\/\\\/www.cuballama.com\\\/noticias\\\/protestas-en-moron-al-menos-un-joven-habria-sido-baleado\\\/#breadcrumb\",\"itemListElement\":[{\"@type\":\"ListItem\",\"position\":1,\"name\":\"Home\",\"item\":\"https:\\\/\\\/www.cuballama.com\\\/noticias\\\/\"},{\"@type\":\"ListItem\",\"position\":2,\"name\":\"Protestas en Mor\u00f3n: Al menos un joven habr\u00eda sido baleado\"}]},{\"@type\":\"WebSite\",\"@id\":\"https:\\\/\\\/www.cuballama.com\\\/noticias\\\/#website\",\"url\":\"https:\\\/\\\/www.cuballama.com\\\/noticias\\\/\",\"name\":\"Cuballama Noticias\",\"description\":\"Medio digital sobre Cuba y el mundo\",\"publisher\":{\"@id\":\"https:\\\/\\\/www.cuballama.com\\\/noticias\\\/#organization\"},\"potentialAction\":[{\"@type\":\"SearchAction\",\"target\":{\"@type\":\"EntryPoint\",\"urlTemplate\":\"https:\\\/\\\/www.cuballama.com\\\/noticias\\\/?s={search_term_string}\"},\"query-input\":{\"@type\":\"PropertyValueSpecification\",\"valueRequired\":true,\"valueName\":\"search_term_string\"}}],\"inLanguage\":\"es\"},{\"@type\":\"Organization\",\"@id\":\"https:\\\/\\\/www.cuballama.com\\\/noticias\\\/#organization\",\"name\":\"Cuballama\",\"url\":\"https:\\\/\\\/www.cuballama.com\\\/noticias\\\/\",\"logo\":{\"@type\":\"ImageObject\",\"inLanguage\":\"es\",\"@id\":\"https:\\\/\\\/www.cuballama.com\\\/noticias\\\/#\\\/schema\\\/logo\\\/image\\\/\",\"url\":\"https:\\\/\\\/cdn1.mediawpaccore.net\\\/wp-content\\\/uploads\\\/2021\\\/12\\\/28171206\\\/cbll-logo-color-sm.png\",\"contentUrl\":\"https:\\\/\\\/cdn1.mediawpaccore.net\\\/wp-content\\\/uploads\\\/2021\\\/12\\\/28171206\\\/cbll-logo-color-sm.png\",\"width\":600,\"height\":133,\"caption\":\"Cuballama\"},\"image\":{\"@id\":\"https:\\\/\\\/www.cuballama.com\\\/noticias\\\/#\\\/schema\\\/logo\\\/image\\\/\"},\"sameAs\":[\"https:\\\/\\\/www.facebook.com\\\/CubaLlama\",\"https:\\\/\\\/x.com\\\/cuballama\",\"https:\\\/\\\/www.instagram.com\\\/stories\\\/cuballama_oficial\\\/\",\"https:\\\/\\\/www.youtube.com\\\/channel\\\/UCKkFE-d_axENGZcrc4as0IA\"]},{\"@type\":\"Person\",\"@id\":\"https:\\\/\\\/www.cuballama.com\\\/noticias\\\/#\\\/schema\\\/person\\\/86cd3e3f4974437f031211213bf892d5\",\"name\":\"Kathy\",\"url\":\"https:\\\/\\\/www.cuballama.com\\\/noticias\\\/author\\\/kathy\\\/\"}]}<\/script>\n<!-- \/ Yoast SEO plugin. -->","yoast_head_json":{"title":"Protestas en Mor\u00f3n: Al menos un joven habr\u00eda sido baleado - Cuballama Noticias","description":"El estallido popular ocurrido este viernes en Mor\u00f3n, Ciego de \u00c1vila, dej\u00f3 un saldo preliminar de un herido y cinco detenidos.","robots":{"index":"index","follow":"follow","max-snippet":"max-snippet:-1","max-image-preview":"max-image-preview:large","max-video-preview":"max-video-preview:-1"},"canonical":"https:\/\/www.cuballama.com\/noticias\/protestas-en-moron-al-menos-un-joven-habria-sido-baleado\/","og_locale":"es_ES","og_type":"article","og_title":"Protestas en Mor\u00f3n: Al menos un joven habr\u00eda sido baleado - Cuballama Noticias","og_description":"El estallido popular ocurrido este viernes en Mor\u00f3n, Ciego de \u00c1vila, dej\u00f3 un saldo preliminar de un herido y cinco detenidos.","og_url":"https:\/\/www.cuballama.com\/noticias\/protestas-en-moron-al-menos-un-joven-habria-sido-baleado\/","og_site_name":"Cuballama Noticias","article_publisher":"https:\/\/www.facebook.com\/CubaLlama","article_published_time":"2026-03-14T14:19:03+00:00","article_modified_time":"2026-03-14T19:58:49+00:00","og_image":[{"width":1200,"height":630,"url":"https:\/\/cdn1.mediawpaccore.net\/wp-content\/uploads\/2026\/03\/14093258\/Simple-three-in-a-row5.jpg","type":"image\/jpeg"}],"author":"Kathy","twitter_card":"summary_large_image","twitter_creator":"@cuballama","twitter_site":"@cuballama","twitter_misc":{"Escrito por":"Kathy","Tiempo de lectura":"3 minutos"},"schema":{"@context":"https:\/\/schema.org","@graph":[{"@type":"Article","@id":"https:\/\/www.cuballama.com\/noticias\/protestas-en-moron-al-menos-un-joven-habria-sido-baleado\/#article","isPartOf":{"@id":"https:\/\/www.cuballama.com\/noticias\/protestas-en-moron-al-menos-un-joven-habria-sido-baleado\/"},"author":{"name":"Kathy","@id":"https:\/\/www.cuballama.com\/noticias\/#\/schema\/person\/86cd3e3f4974437f031211213bf892d5"},"headline":"Protestas en Mor\u00f3n: Al menos un joven habr\u00eda sido baleado","datePublished":"2026-03-14T14:19:03+00:00","dateModified":"2026-03-14T19:58:49+00:00","mainEntityOfPage":{"@id":"https:\/\/www.cuballama.com\/noticias\/protestas-en-moron-al-menos-un-joven-habria-sido-baleado\/"},"wordCount":589,"commentCount":0,"publisher":{"@id":"https:\/\/www.cuballama.com\/noticias\/#organization"},"image":{"@id":"https:\/\/www.cuballama.com\/noticias\/protestas-en-moron-al-menos-un-joven-habria-sido-baleado\/#primaryimage"},"thumbnailUrl":"https:\/\/cdn1.mediawpaccore.net\/wp-content\/uploads\/2026\/03\/14093258\/Simple-three-in-a-row5.jpg","keywords":["Crisis en Cuba","destacado","joven cubano","manifestantes","protestas en Mor\u00f3n","represi\u00f3n en Cuba"],"articleSection":["Noticias","Noticias de Cuba"],"inLanguage":"es","potentialAction":[{"@type":"CommentAction","name":"Comment","target":["https:\/\/www.cuballama.com\/noticias\/protestas-en-moron-al-menos-un-joven-habria-sido-baleado\/#respond"]}]},{"@type":"WebPage","@id":"https:\/\/www.cuballama.com\/noticias\/protestas-en-moron-al-menos-un-joven-habria-sido-baleado\/","url":"https:\/\/www.cuballama.com\/noticias\/protestas-en-moron-al-menos-un-joven-habria-sido-baleado\/","name":"Protestas en Mor\u00f3n: Al menos un joven habr\u00eda sido baleado - Cuballama Noticias","isPartOf":{"@id":"https:\/\/www.cuballama.com\/noticias\/#website"},"primaryImageOfPage":{"@id":"https:\/\/www.cuballama.com\/noticias\/protestas-en-moron-al-menos-un-joven-habria-sido-baleado\/#primaryimage"},"image":{"@id":"https:\/\/www.cuballama.com\/noticias\/protestas-en-moron-al-menos-un-joven-habria-sido-baleado\/#primaryimage"},"thumbnailUrl":"https:\/\/cdn1.mediawpaccore.net\/wp-content\/uploads\/2026\/03\/14093258\/Simple-three-in-a-row5.jpg","datePublished":"2026-03-14T14:19:03+00:00","dateModified":"2026-03-14T19:58:49+00:00","description":"El estallido popular ocurrido este viernes en Mor\u00f3n, Ciego de \u00c1vila, dej\u00f3 un saldo preliminar de un herido y cinco detenidos.","breadcrumb":{"@id":"https:\/\/www.cuballama.com\/noticias\/protestas-en-moron-al-menos-un-joven-habria-sido-baleado\/#breadcrumb"},"inLanguage":"es","potentialAction":[{"@type":"ReadAction","target":["https:\/\/www.cuballama.com\/noticias\/protestas-en-moron-al-menos-un-joven-habria-sido-baleado\/"]}]},{"@type":"ImageObject","inLanguage":"es","@id":"https:\/\/www.cuballama.com\/noticias\/protestas-en-moron-al-menos-un-joven-habria-sido-baleado\/#primaryimage","url":"https:\/\/cdn1.mediawpaccore.net\/wp-content\/uploads\/2026\/03\/14093258\/Simple-three-in-a-row5.jpg","contentUrl":"https:\/\/cdn1.mediawpaccore.net\/wp-content\/uploads\/2026\/03\/14093258\/Simple-three-in-a-row5.jpg","width":1200,"height":630,"caption":"Momento es que resulta herido un manifestante en Mor\u00f3n. Foto: Captura de video\/Facebook\/Mario J. Pent\u00f3n."},{"@type":"BreadcrumbList","@id":"https:\/\/www.cuballama.com\/noticias\/protestas-en-moron-al-menos-un-joven-habria-sido-baleado\/#breadcrumb","itemListElement":[{"@type":"ListItem","position":1,"name":"Home","item":"https:\/\/www.cuballama.com\/noticias\/"},{"@type":"ListItem","position":2,"name":"Protestas en Mor\u00f3n: Al menos un joven habr\u00eda sido baleado"}]},{"@type":"WebSite","@id":"https:\/\/www.cuballama.com\/noticias\/#website","url":"https:\/\/www.cuballama.com\/noticias\/","name":"Cuballama Noticias","description":"Medio digital sobre Cuba y el mundo","publisher":{"@id":"https:\/\/www.cuballama.com\/noticias\/#organization"},"potentialAction":[{"@type":"SearchAction","target":{"@type":"EntryPoint","urlTemplate":"https:\/\/www.cuballama.com\/noticias\/?s={search_term_string}"},"query-input":{"@type":"PropertyValueSpecification","valueRequired":true,"valueName":"search_term_string"}}],"inLanguage":"es"},{"@type":"Organization","@id":"https:\/\/www.cuballama.com\/noticias\/#organization","name":"Cuballama","url":"https:\/\/www.cuballama.com\/noticias\/","logo":{"@type":"ImageObject","inLanguage":"es","@id":"https:\/\/www.cuballama.com\/noticias\/#\/schema\/logo\/image\/","url":"https:\/\/cdn1.mediawpaccore.net\/wp-content\/uploads\/2021\/12\/28171206\/cbll-logo-color-sm.png","contentUrl":"https:\/\/cdn1.mediawpaccore.net\/wp-content\/uploads\/2021\/12\/28171206\/cbll-logo-color-sm.png","width":600,"height":133,"caption":"Cuballama"},"image":{"@id":"https:\/\/www.cuballama.com\/noticias\/#\/schema\/logo\/image\/"},"sameAs":["https:\/\/www.facebook.com\/CubaLlama","https:\/\/x.com\/cuballama","https:\/\/www.instagram.com\/stories\/cuballama_oficial\/","https:\/\/www.youtube.com\/channel\/UCKkFE-d_axENGZcrc4as0IA"]},{"@type":"Person","@id":"https:\/\/www.cuballama.com\/noticias\/#\/schema\/person\/86cd3e3f4974437f031211213bf892d5","name":"Kathy","url":"https:\/\/www.cuballama.com\/noticias\/author\/kathy\/"}]}},"_links":{"self":[{"href":"https:\/\/www.cuballama.com\/noticias\/wp-json\/wp\/v2\/posts\/238125","targetHints":{"allow":["GET"]}}],"collection":[{"href":"https:\/\/www.cuballama.com\/noticias\/wp-json\/wp\/v2\/posts"}],"about":[{"href":"https:\/\/www.cuballama.com\/noticias\/wp-json\/wp\/v2\/types\/post"}],"author":[{"embeddable":true,"href":"https:\/\/www.cuballama.com\/noticias\/wp-json\/wp\/v2\/users\/30"}],"replies":[{"embeddable":true,"href":"https:\/\/www.cuballama.com\/noticias\/wp-json\/wp\/v2\/comments?post=238125"}],"version-history":[{"count":9,"href":"https:\/\/www.cuballama.com\/noticias\/wp-json\/wp\/v2\/posts\/238125\/revisions"}],"predecessor-version":[{"id":238196,"href":"https:\/\/www.cuballama.com\/noticias\/wp-json\/wp\/v2\/posts\/238125\/revisions\/238196"}],"wp:featuredmedia":[{"embeddable":true,"href":"https:\/\/www.cuballama.com\/noticias\/wp-json\/wp\/v2\/media\/238147"}],"wp:attachment":[{"href":"https:\/\/www.cuballama.com\/noticias\/wp-json\/wp\/v2\/media?parent=238125"}],"wp:term":[{"taxonomy":"category","embeddable":true,"href":"https:\/\/www.cuballama.com\/noticias\/wp-json\/wp\/v2\/categories?post=238125"},{"taxonomy":"post_tag","embeddable":true,"href":"https:\/\/www.cuballama.com\/noticias\/wp-json\/wp\/v2\/tags?post=238125"}],"curies":[{"name":"wp","href":"https:\/\/api.w.org\/{rel}","templated":true}]}}