{"id":238123,"date":"2026-03-14T08:58:22","date_gmt":"2026-03-14T12:58:22","guid":{"rendered":"https:\/\/www.cuballama.com\/noticias\/?p=238123"},"modified":"2026-03-15T23:36:46","modified_gmt":"2026-03-16T03:36:46","slug":"protestas-en-moron-asaltan-la-sede-del-partido-comunista","status":"publish","type":"post","link":"https:\/\/www.cuballama.com\/noticias\/protestas-en-moron-asaltan-la-sede-del-partido-comunista\/","title":{"rendered":"Protestas en Mor\u00f3n: Asaltan la sede del Partido Comunista\u00a0"},"content":{"rendered":"\n<p>Varias personas asaltaron la sede del Partido Comunista de Cuba en el municipio de Mor\u00f3n, Ciego de \u00c1vila, durante las protestas desatadas la noche del viernes 13 de marzo y que continuaron durante la madrugada de este s\u00e1bado 14.<\/p>\n\n\n\n<p>Seg\u00fan muestran videos divulgados en redes sociales, decenas de personas salieron a manifestarse en las calles de Mor\u00f3n tras varias semanas de prolongados apagones y de escasez de alimentos, medicinas y combustible, que tienen paralizadas casi por completo las actividades del pa\u00eds.<\/p>\n\n\n\n<p>Pobladores de Mor\u00f3n caminaron sonando calderos y gritando \u201clibertad\u201d, \u201cabajo la dictadura\u201d, \u201cpongan la corriente pin\u2026a\u201d, \u201cabajo D\u00edaz-Canel\u201d y \u201cno tenemos miedo\u201d; y se reunieron frente a la estaci\u00f3n de la Polic\u00eda local exigiendo un cambio urgente.<\/p>\n\n\n\n<iframe loading=\"lazy\" src=\"https:\/\/www.facebook.com\/plugins\/post.php?href=https%3A%2F%2Fwww.facebook.com%2Fguilleperiodista%2Fposts%2Fpfbid0Y3jXb4NVJcn7M5k4VyPMGUSozLvFnDS17xoGZnjZq4jPofgNUaeWPLBV57fpmuNdl&#038;show_text=true&#038;width=500\" width=\"500\" height=\"250\" style=\"border:none;overflow:hidden\" scrolling=\"no\" frameborder=\"0\" allowfullscreen=\"true\" allow=\"autoplay; clipboard-write; encrypted-media; picture-in-picture; web-share\"><\/iframe>\n\n\n\n<p>Luego, un grupo de ellos, la mayor\u00eda con los rostros cubiertos, allan\u00f3 la sede del Partido y extrajo del edificio documentos, muebles, computadores, y, al parecer, s\u00edmbolos y fotograf\u00edas, que posteriormente quemaron en la calle.<\/p>\n\n\n\n<p>En algunos de los videos publicados puede verse que los manifestantes incendiaron al menos el lobby del inmueble, tras lo cual <a href=\"https:\/\/www.cuballama.com\/noticias\/protestas-en-moron-al-menos-un-joven-habria-sido-baleado\/\" target=\"_blank\" rel=\"noreferrer noopener\">un joven habr\u00eda resultado herido<\/a> por fuerzas de seguridad.<\/p>\n\n\n\n<p>Sin embargo, varios reportes de prensa y publicaciones no oficiales se\u00f1ala que en las inmediaciones del lugar tambi\u00e9n se escucharon disparos y al menos un joven habr\u00eda sido herido de bala por fuerzas de seguridad.<\/p>\n\n\n\n<p>El peri\u00f3dico provincial <em><a href=\"https:\/\/www.invasor.cu\/es\/secciones\/sociedad\/investigan-hechos-vandalicos-ocurridos-en-moron\" target=\"_blank\" rel=\"noreferrer noopener nofollow\">Invasor<\/a> <\/em>report\u00f3 brevemente que hasta el momento han sido detenidas cinco personas y que hubo \u201cafectaciones en otros establecimientos, entre ellos una farmacia y un punto de venta de la cadena Tiendas Caribe\u201d.<\/p>\n\n\n\n<iframe loading=\"lazy\" src=\"https:\/\/www.facebook.com\/plugins\/video.php?height=476&#038;href=https%3A%2F%2Fwww.facebook.com%2Freel%2F1248575193448254%2F&#038;show_text=true&#038;width=267&#038;t=0\" width=\"267\" height=\"591\" style=\"border:none;overflow:hidden\" scrolling=\"no\" frameborder=\"0\" allowfullscreen=\"true\" allow=\"autoplay; clipboard-write; encrypted-media; picture-in-picture; web-share\" allowFullScreen=\"true\"><\/iframe>\n\n\n\n<p>Asimismo, el \u00f3rgano del Partido Comunista en Ciego de \u00c1vila dijo que las protestas ten\u00edan que ver sobre todo con \u201cla situaci\u00f3n electroenerg\u00e9tica y el acceso a productos alimenticios\u201d y que la mayor\u00eda de los manifestantes son residentes del Consejo Popular El Vaquerito.<\/p>\n\n\n\n<p>Seg\u00fan <em>Invasor<\/em>, \u201clo que en un inicio transcurri\u00f3 de manera pac\u00edfica tras un intercambio con autoridades del territorio deriv\u00f3 en hechos vand\u00e1licos contra la sede del Comit\u00e9 Municipal del Partido, donde un grupo m\u00e1s reducido de personas apedre\u00f3 la entrada del inmueble y provocaron un incendio en la v\u00eda p\u00fablica con los muebles de la recepci\u00f3n\u201d.<\/p>\n\n\n\n<iframe loading=\"lazy\" src=\"https:\/\/www.facebook.com\/plugins\/video.php?height=476&#038;href=https%3A%2F%2Fwww.facebook.com%2Freel%2F638754735999235%2F&#038;show_text=true&#038;width=267&#038;t=0\" width=\"267\" height=\"591\" style=\"border:none;overflow:hidden\" scrolling=\"no\" frameborder=\"0\" allowfullscreen=\"true\" allow=\"autoplay; clipboard-write; encrypted-media; picture-in-picture; web-share\" allowFullScreen=\"true\"><\/iframe>\n\n\n\n<p>Seg\u00fan report\u00f3 el periodista Jos\u00e9 Ra\u00fal Gallego, tras el inicio de las protestas cortaron el acceso a Internet en Mor\u00f3n, una pr\u00e1ctica habitual del r\u00e9gimen cubano para evitar que salgan a la luz im\u00e1genes de la represi\u00f3n a la que son sometidos los manifestantes.<\/p>\n\n\n\n<iframe loading=\"lazy\" src=\"https:\/\/www.facebook.com\/plugins\/video.php?height=476&#038;href=https%3A%2F%2Fwww.facebook.com%2Freel%2F965015983145336%2F&#038;show_text=true&#038;width=267&#038;t=0\" width=\"267\" height=\"591\" style=\"border:none;overflow:hidden\" scrolling=\"no\" frameborder=\"0\" allowfullscreen=\"true\" allow=\"autoplay; clipboard-write; encrypted-media; picture-in-picture; web-share\" allowFullScreen=\"true\"><\/iframe>\n\n\n\n<p>Los disturbios se produjeron durante la octava noche consecutiva de protestas en la isla, en medio de una crisis agravada por el bloqueo petrolero de Estados Unidos con la intenci\u00f3n de lograr un cambio de r\u00e9gimen en Cuba.<\/p>\n\n\n\n<p>Estas manifestaciones en Mor\u00f3n se suman a otras registradas durante los \u00faltimos d\u00edas en distintas zonas del pa\u00eds, principalmente en La Habana, donde se han registrado cacerolazos nocturnos, fogatas y consignas contra las autoridades, reflejo del creciente malestar ciudadano.<\/p>\n\n\n\n<p>Estas protestas ocurren, adem\u00e1s, el mismo d\u00eda en que el mandatario Miguel D\u00edaz-Canel confirm\u00f3 que el r\u00e9gimen mantiene conversaciones oficiales con el gobierno de Estados Unidos. <\/p>\n\n\n\n<p>Adem\u00e1s de los cacerolazos, en d\u00edas recientes estudiantes realizaron una sentada pac\u00edfica en la escalinata de la Universidad de La Habana para protestar por la suspensi\u00f3n de clases y por problemas en la continuidad del curso escolar.<\/p>\n\n\n\n<p><\/p>\n","protected":false},"excerpt":{"rendered":"<p>Seg\u00fan reportes preliminares, al menos una persona result\u00f3 herida durante las fuertes manifestaciones desatadas la noche del viernes 13 de marzo.<\/p>\n","protected":false},"author":30,"featured_media":238131,"comment_status":"open","ping_status":"closed","sticky":false,"template":"","format":"standard","meta":{"_acf_changed":false,"footnotes":""},"categories":[18,955],"tags":[10867,941,4821,31110],"class_list":{"0":"post-238123","1":"post","2":"type-post","3":"status-publish","4":"format-standard","5":"has-post-thumbnail","7":"category-noticias","8":"category-noticias-de-cuba","9":"tag-crisis-en-cuba","10":"tag-destacado","11":"tag-manifestantes","12":"tag-protestas-en-moron"},"acf":[],"yoast_head":"<!-- This site is optimized with the Yoast SEO plugin v27.4 - https:\/\/yoast.com\/product\/yoast-seo-wordpress\/ -->\n<title>Protestas en Mor\u00f3n: Asaltan la sede del Partido Comunista - Cuballama Noticias<\/title>\n<meta name=\"description\" content=\"La sede del Partido Comunista de Cuba en el municipio de Mor\u00f3n, Ciego de \u00c1vila, fue asaltada durante fuertes protestas.\" \/>\n<meta name=\"robots\" content=\"index, follow, max-snippet:-1, max-image-preview:large, max-video-preview:-1\" \/>\n<link rel=\"canonical\" href=\"https:\/\/www.cuballama.com\/noticias\/protestas-en-moron-asaltan-la-sede-del-partido-comunista\/\" \/>\n<meta property=\"og:locale\" content=\"es_ES\" \/>\n<meta property=\"og:type\" content=\"article\" \/>\n<meta property=\"og:title\" content=\"Protestas en Mor\u00f3n: Asaltan la sede del Partido Comunista - Cuballama Noticias\" \/>\n<meta property=\"og:description\" content=\"La sede del Partido Comunista de Cuba en el municipio de Mor\u00f3n, Ciego de \u00c1vila, fue asaltada durante fuertes protestas.\" \/>\n<meta property=\"og:url\" content=\"https:\/\/www.cuballama.com\/noticias\/protestas-en-moron-asaltan-la-sede-del-partido-comunista\/\" \/>\n<meta property=\"og:site_name\" content=\"Cuballama Noticias\" \/>\n<meta property=\"article:publisher\" content=\"https:\/\/www.facebook.com\/CubaLlama\" \/>\n<meta property=\"article:published_time\" content=\"2026-03-14T12:58:22+00:00\" \/>\n<meta property=\"article:modified_time\" content=\"2026-03-16T03:36:46+00:00\" \/>\n<meta property=\"og:image\" content=\"https:\/\/cdn1.mediawpaccore.net\/wp-content\/uploads\/2026\/03\/14084308\/Captura-de-pantalla_14-3-2026_8110_www.facebook.com1_.jpg\" \/>\n\t<meta property=\"og:image:width\" content=\"1200\" \/>\n\t<meta property=\"og:image:height\" content=\"630\" \/>\n\t<meta property=\"og:image:type\" content=\"image\/jpeg\" \/>\n<meta name=\"author\" content=\"Kathy\" \/>\n<meta name=\"twitter:card\" content=\"summary_large_image\" \/>\n<meta name=\"twitter:creator\" content=\"@cuballama\" \/>\n<meta name=\"twitter:site\" content=\"@cuballama\" \/>\n<meta name=\"twitter:label1\" content=\"Escrito por\" \/>\n\t<meta name=\"twitter:data1\" content=\"Kathy\" \/>\n\t<meta name=\"twitter:label2\" content=\"Tiempo de lectura\" \/>\n\t<meta name=\"twitter:data2\" content=\"3 minutos\" \/>\n<script type=\"application\/ld+json\" class=\"yoast-schema-graph\">{\"@context\":\"https:\\\/\\\/schema.org\",\"@graph\":[{\"@type\":\"Article\",\"@id\":\"https:\\\/\\\/www.cuballama.com\\\/noticias\\\/protestas-en-moron-asaltan-la-sede-del-partido-comunista\\\/#article\",\"isPartOf\":{\"@id\":\"https:\\\/\\\/www.cuballama.com\\\/noticias\\\/protestas-en-moron-asaltan-la-sede-del-partido-comunista\\\/\"},\"author\":{\"name\":\"Kathy\",\"@id\":\"https:\\\/\\\/www.cuballama.com\\\/noticias\\\/#\\\/schema\\\/person\\\/86cd3e3f4974437f031211213bf892d5\"},\"headline\":\"Protestas en Mor\u00f3n: Asaltan la sede del Partido Comunista\u00a0\",\"datePublished\":\"2026-03-14T12:58:22+00:00\",\"dateModified\":\"2026-03-16T03:36:46+00:00\",\"mainEntityOfPage\":{\"@id\":\"https:\\\/\\\/www.cuballama.com\\\/noticias\\\/protestas-en-moron-asaltan-la-sede-del-partido-comunista\\\/\"},\"wordCount\":594,\"commentCount\":1,\"publisher\":{\"@id\":\"https:\\\/\\\/www.cuballama.com\\\/noticias\\\/#organization\"},\"image\":{\"@id\":\"https:\\\/\\\/www.cuballama.com\\\/noticias\\\/protestas-en-moron-asaltan-la-sede-del-partido-comunista\\\/#primaryimage\"},\"thumbnailUrl\":\"https:\\\/\\\/cdn1.mediawpaccore.net\\\/wp-content\\\/uploads\\\/2026\\\/03\\\/14084308\\\/Captura-de-pantalla_14-3-2026_8110_www.facebook.com1_.jpg\",\"keywords\":[\"Crisis en Cuba\",\"destacado\",\"manifestantes\",\"protestas en Mor\u00f3n\"],\"articleSection\":[\"Noticias\",\"Noticias de Cuba\"],\"inLanguage\":\"es\",\"potentialAction\":[{\"@type\":\"CommentAction\",\"name\":\"Comment\",\"target\":[\"https:\\\/\\\/www.cuballama.com\\\/noticias\\\/protestas-en-moron-asaltan-la-sede-del-partido-comunista\\\/#respond\"]}]},{\"@type\":\"WebPage\",\"@id\":\"https:\\\/\\\/www.cuballama.com\\\/noticias\\\/protestas-en-moron-asaltan-la-sede-del-partido-comunista\\\/\",\"url\":\"https:\\\/\\\/www.cuballama.com\\\/noticias\\\/protestas-en-moron-asaltan-la-sede-del-partido-comunista\\\/\",\"name\":\"Protestas en Mor\u00f3n: Asaltan la sede del Partido Comunista - Cuballama Noticias\",\"isPartOf\":{\"@id\":\"https:\\\/\\\/www.cuballama.com\\\/noticias\\\/#website\"},\"primaryImageOfPage\":{\"@id\":\"https:\\\/\\\/www.cuballama.com\\\/noticias\\\/protestas-en-moron-asaltan-la-sede-del-partido-comunista\\\/#primaryimage\"},\"image\":{\"@id\":\"https:\\\/\\\/www.cuballama.com\\\/noticias\\\/protestas-en-moron-asaltan-la-sede-del-partido-comunista\\\/#primaryimage\"},\"thumbnailUrl\":\"https:\\\/\\\/cdn1.mediawpaccore.net\\\/wp-content\\\/uploads\\\/2026\\\/03\\\/14084308\\\/Captura-de-pantalla_14-3-2026_8110_www.facebook.com1_.jpg\",\"datePublished\":\"2026-03-14T12:58:22+00:00\",\"dateModified\":\"2026-03-16T03:36:46+00:00\",\"description\":\"La sede del Partido Comunista de Cuba en el municipio de Mor\u00f3n, Ciego de \u00c1vila, fue asaltada durante fuertes protestas.\",\"breadcrumb\":{\"@id\":\"https:\\\/\\\/www.cuballama.com\\\/noticias\\\/protestas-en-moron-asaltan-la-sede-del-partido-comunista\\\/#breadcrumb\"},\"inLanguage\":\"es\",\"potentialAction\":[{\"@type\":\"ReadAction\",\"target\":[\"https:\\\/\\\/www.cuballama.com\\\/noticias\\\/protestas-en-moron-asaltan-la-sede-del-partido-comunista\\\/\"]}]},{\"@type\":\"ImageObject\",\"inLanguage\":\"es\",\"@id\":\"https:\\\/\\\/www.cuballama.com\\\/noticias\\\/protestas-en-moron-asaltan-la-sede-del-partido-comunista\\\/#primaryimage\",\"url\":\"https:\\\/\\\/cdn1.mediawpaccore.net\\\/wp-content\\\/uploads\\\/2026\\\/03\\\/14084308\\\/Captura-de-pantalla_14-3-2026_8110_www.facebook.com1_.jpg\",\"contentUrl\":\"https:\\\/\\\/cdn1.mediawpaccore.net\\\/wp-content\\\/uploads\\\/2026\\\/03\\\/14084308\\\/Captura-de-pantalla_14-3-2026_8110_www.facebook.com1_.jpg\",\"width\":1200,\"height\":630,\"caption\":\"Incendio frente a la sede del Partido Comunista en Mor\u00f3n. Foto: Captura de video\\\/Facebook\\\/Guillermo Rodr\u00edguez S\u00e1nchez.\"},{\"@type\":\"BreadcrumbList\",\"@id\":\"https:\\\/\\\/www.cuballama.com\\\/noticias\\\/protestas-en-moron-asaltan-la-sede-del-partido-comunista\\\/#breadcrumb\",\"itemListElement\":[{\"@type\":\"ListItem\",\"position\":1,\"name\":\"Home\",\"item\":\"https:\\\/\\\/www.cuballama.com\\\/noticias\\\/\"},{\"@type\":\"ListItem\",\"position\":2,\"name\":\"Protestas en Mor\u00f3n: Asaltan la sede del Partido Comunista\u00a0\"}]},{\"@type\":\"WebSite\",\"@id\":\"https:\\\/\\\/www.cuballama.com\\\/noticias\\\/#website\",\"url\":\"https:\\\/\\\/www.cuballama.com\\\/noticias\\\/\",\"name\":\"Cuballama Noticias\",\"description\":\"Medio digital sobre Cuba y el mundo\",\"publisher\":{\"@id\":\"https:\\\/\\\/www.cuballama.com\\\/noticias\\\/#organization\"},\"potentialAction\":[{\"@type\":\"SearchAction\",\"target\":{\"@type\":\"EntryPoint\",\"urlTemplate\":\"https:\\\/\\\/www.cuballama.com\\\/noticias\\\/?s={search_term_string}\"},\"query-input\":{\"@type\":\"PropertyValueSpecification\",\"valueRequired\":true,\"valueName\":\"search_term_string\"}}],\"inLanguage\":\"es\"},{\"@type\":\"Organization\",\"@id\":\"https:\\\/\\\/www.cuballama.com\\\/noticias\\\/#organization\",\"name\":\"Cuballama\",\"url\":\"https:\\\/\\\/www.cuballama.com\\\/noticias\\\/\",\"logo\":{\"@type\":\"ImageObject\",\"inLanguage\":\"es\",\"@id\":\"https:\\\/\\\/www.cuballama.com\\\/noticias\\\/#\\\/schema\\\/logo\\\/image\\\/\",\"url\":\"https:\\\/\\\/cdn1.mediawpaccore.net\\\/wp-content\\\/uploads\\\/2021\\\/12\\\/28171206\\\/cbll-logo-color-sm.png\",\"contentUrl\":\"https:\\\/\\\/cdn1.mediawpaccore.net\\\/wp-content\\\/uploads\\\/2021\\\/12\\\/28171206\\\/cbll-logo-color-sm.png\",\"width\":600,\"height\":133,\"caption\":\"Cuballama\"},\"image\":{\"@id\":\"https:\\\/\\\/www.cuballama.com\\\/noticias\\\/#\\\/schema\\\/logo\\\/image\\\/\"},\"sameAs\":[\"https:\\\/\\\/www.facebook.com\\\/CubaLlama\",\"https:\\\/\\\/x.com\\\/cuballama\",\"https:\\\/\\\/www.instagram.com\\\/stories\\\/cuballama_oficial\\\/\",\"https:\\\/\\\/www.youtube.com\\\/channel\\\/UCKkFE-d_axENGZcrc4as0IA\"]},{\"@type\":\"Person\",\"@id\":\"https:\\\/\\\/www.cuballama.com\\\/noticias\\\/#\\\/schema\\\/person\\\/86cd3e3f4974437f031211213bf892d5\",\"name\":\"Kathy\",\"url\":\"https:\\\/\\\/www.cuballama.com\\\/noticias\\\/author\\\/kathy\\\/\"}]}<\/script>\n<!-- \/ Yoast SEO plugin. -->","yoast_head_json":{"title":"Protestas en Mor\u00f3n: Asaltan la sede del Partido Comunista - Cuballama Noticias","description":"La sede del Partido Comunista de Cuba en el municipio de Mor\u00f3n, Ciego de \u00c1vila, fue asaltada durante fuertes protestas.","robots":{"index":"index","follow":"follow","max-snippet":"max-snippet:-1","max-image-preview":"max-image-preview:large","max-video-preview":"max-video-preview:-1"},"canonical":"https:\/\/www.cuballama.com\/noticias\/protestas-en-moron-asaltan-la-sede-del-partido-comunista\/","og_locale":"es_ES","og_type":"article","og_title":"Protestas en Mor\u00f3n: Asaltan la sede del Partido Comunista - Cuballama Noticias","og_description":"La sede del Partido Comunista de Cuba en el municipio de Mor\u00f3n, Ciego de \u00c1vila, fue asaltada durante fuertes protestas.","og_url":"https:\/\/www.cuballama.com\/noticias\/protestas-en-moron-asaltan-la-sede-del-partido-comunista\/","og_site_name":"Cuballama Noticias","article_publisher":"https:\/\/www.facebook.com\/CubaLlama","article_published_time":"2026-03-14T12:58:22+00:00","article_modified_time":"2026-03-16T03:36:46+00:00","og_image":[{"width":1200,"height":630,"url":"https:\/\/cdn1.mediawpaccore.net\/wp-content\/uploads\/2026\/03\/14084308\/Captura-de-pantalla_14-3-2026_8110_www.facebook.com1_.jpg","type":"image\/jpeg"}],"author":"Kathy","twitter_card":"summary_large_image","twitter_creator":"@cuballama","twitter_site":"@cuballama","twitter_misc":{"Escrito por":"Kathy","Tiempo de lectura":"3 minutos"},"schema":{"@context":"https:\/\/schema.org","@graph":[{"@type":"Article","@id":"https:\/\/www.cuballama.com\/noticias\/protestas-en-moron-asaltan-la-sede-del-partido-comunista\/#article","isPartOf":{"@id":"https:\/\/www.cuballama.com\/noticias\/protestas-en-moron-asaltan-la-sede-del-partido-comunista\/"},"author":{"name":"Kathy","@id":"https:\/\/www.cuballama.com\/noticias\/#\/schema\/person\/86cd3e3f4974437f031211213bf892d5"},"headline":"Protestas en Mor\u00f3n: Asaltan la sede del Partido Comunista\u00a0","datePublished":"2026-03-14T12:58:22+00:00","dateModified":"2026-03-16T03:36:46+00:00","mainEntityOfPage":{"@id":"https:\/\/www.cuballama.com\/noticias\/protestas-en-moron-asaltan-la-sede-del-partido-comunista\/"},"wordCount":594,"commentCount":1,"publisher":{"@id":"https:\/\/www.cuballama.com\/noticias\/#organization"},"image":{"@id":"https:\/\/www.cuballama.com\/noticias\/protestas-en-moron-asaltan-la-sede-del-partido-comunista\/#primaryimage"},"thumbnailUrl":"https:\/\/cdn1.mediawpaccore.net\/wp-content\/uploads\/2026\/03\/14084308\/Captura-de-pantalla_14-3-2026_8110_www.facebook.com1_.jpg","keywords":["Crisis en Cuba","destacado","manifestantes","protestas en Mor\u00f3n"],"articleSection":["Noticias","Noticias de Cuba"],"inLanguage":"es","potentialAction":[{"@type":"CommentAction","name":"Comment","target":["https:\/\/www.cuballama.com\/noticias\/protestas-en-moron-asaltan-la-sede-del-partido-comunista\/#respond"]}]},{"@type":"WebPage","@id":"https:\/\/www.cuballama.com\/noticias\/protestas-en-moron-asaltan-la-sede-del-partido-comunista\/","url":"https:\/\/www.cuballama.com\/noticias\/protestas-en-moron-asaltan-la-sede-del-partido-comunista\/","name":"Protestas en Mor\u00f3n: Asaltan la sede del Partido Comunista - Cuballama Noticias","isPartOf":{"@id":"https:\/\/www.cuballama.com\/noticias\/#website"},"primaryImageOfPage":{"@id":"https:\/\/www.cuballama.com\/noticias\/protestas-en-moron-asaltan-la-sede-del-partido-comunista\/#primaryimage"},"image":{"@id":"https:\/\/www.cuballama.com\/noticias\/protestas-en-moron-asaltan-la-sede-del-partido-comunista\/#primaryimage"},"thumbnailUrl":"https:\/\/cdn1.mediawpaccore.net\/wp-content\/uploads\/2026\/03\/14084308\/Captura-de-pantalla_14-3-2026_8110_www.facebook.com1_.jpg","datePublished":"2026-03-14T12:58:22+00:00","dateModified":"2026-03-16T03:36:46+00:00","description":"La sede del Partido Comunista de Cuba en el municipio de Mor\u00f3n, Ciego de \u00c1vila, fue asaltada durante fuertes protestas.","breadcrumb":{"@id":"https:\/\/www.cuballama.com\/noticias\/protestas-en-moron-asaltan-la-sede-del-partido-comunista\/#breadcrumb"},"inLanguage":"es","potentialAction":[{"@type":"ReadAction","target":["https:\/\/www.cuballama.com\/noticias\/protestas-en-moron-asaltan-la-sede-del-partido-comunista\/"]}]},{"@type":"ImageObject","inLanguage":"es","@id":"https:\/\/www.cuballama.com\/noticias\/protestas-en-moron-asaltan-la-sede-del-partido-comunista\/#primaryimage","url":"https:\/\/cdn1.mediawpaccore.net\/wp-content\/uploads\/2026\/03\/14084308\/Captura-de-pantalla_14-3-2026_8110_www.facebook.com1_.jpg","contentUrl":"https:\/\/cdn1.mediawpaccore.net\/wp-content\/uploads\/2026\/03\/14084308\/Captura-de-pantalla_14-3-2026_8110_www.facebook.com1_.jpg","width":1200,"height":630,"caption":"Incendio frente a la sede del Partido Comunista en Mor\u00f3n. Foto: Captura de video\/Facebook\/Guillermo Rodr\u00edguez S\u00e1nchez."},{"@type":"BreadcrumbList","@id":"https:\/\/www.cuballama.com\/noticias\/protestas-en-moron-asaltan-la-sede-del-partido-comunista\/#breadcrumb","itemListElement":[{"@type":"ListItem","position":1,"name":"Home","item":"https:\/\/www.cuballama.com\/noticias\/"},{"@type":"ListItem","position":2,"name":"Protestas en Mor\u00f3n: Asaltan la sede del Partido Comunista\u00a0"}]},{"@type":"WebSite","@id":"https:\/\/www.cuballama.com\/noticias\/#website","url":"https:\/\/www.cuballama.com\/noticias\/","name":"Cuballama Noticias","description":"Medio digital sobre Cuba y el mundo","publisher":{"@id":"https:\/\/www.cuballama.com\/noticias\/#organization"},"potentialAction":[{"@type":"SearchAction","target":{"@type":"EntryPoint","urlTemplate":"https:\/\/www.cuballama.com\/noticias\/?s={search_term_string}"},"query-input":{"@type":"PropertyValueSpecification","valueRequired":true,"valueName":"search_term_string"}}],"inLanguage":"es"},{"@type":"Organization","@id":"https:\/\/www.cuballama.com\/noticias\/#organization","name":"Cuballama","url":"https:\/\/www.cuballama.com\/noticias\/","logo":{"@type":"ImageObject","inLanguage":"es","@id":"https:\/\/www.cuballama.com\/noticias\/#\/schema\/logo\/image\/","url":"https:\/\/cdn1.mediawpaccore.net\/wp-content\/uploads\/2021\/12\/28171206\/cbll-logo-color-sm.png","contentUrl":"https:\/\/cdn1.mediawpaccore.net\/wp-content\/uploads\/2021\/12\/28171206\/cbll-logo-color-sm.png","width":600,"height":133,"caption":"Cuballama"},"image":{"@id":"https:\/\/www.cuballama.com\/noticias\/#\/schema\/logo\/image\/"},"sameAs":["https:\/\/www.facebook.com\/CubaLlama","https:\/\/x.com\/cuballama","https:\/\/www.instagram.com\/stories\/cuballama_oficial\/","https:\/\/www.youtube.com\/channel\/UCKkFE-d_axENGZcrc4as0IA"]},{"@type":"Person","@id":"https:\/\/www.cuballama.com\/noticias\/#\/schema\/person\/86cd3e3f4974437f031211213bf892d5","name":"Kathy","url":"https:\/\/www.cuballama.com\/noticias\/author\/kathy\/"}]}},"_links":{"self":[{"href":"https:\/\/www.cuballama.com\/noticias\/wp-json\/wp\/v2\/posts\/238123","targetHints":{"allow":["GET"]}}],"collection":[{"href":"https:\/\/www.cuballama.com\/noticias\/wp-json\/wp\/v2\/posts"}],"about":[{"href":"https:\/\/www.cuballama.com\/noticias\/wp-json\/wp\/v2\/types\/post"}],"author":[{"embeddable":true,"href":"https:\/\/www.cuballama.com\/noticias\/wp-json\/wp\/v2\/users\/30"}],"replies":[{"embeddable":true,"href":"https:\/\/www.cuballama.com\/noticias\/wp-json\/wp\/v2\/comments?post=238123"}],"version-history":[{"count":14,"href":"https:\/\/www.cuballama.com\/noticias\/wp-json\/wp\/v2\/posts\/238123\/revisions"}],"predecessor-version":[{"id":238157,"href":"https:\/\/www.cuballama.com\/noticias\/wp-json\/wp\/v2\/posts\/238123\/revisions\/238157"}],"wp:featuredmedia":[{"embeddable":true,"href":"https:\/\/www.cuballama.com\/noticias\/wp-json\/wp\/v2\/media\/238131"}],"wp:attachment":[{"href":"https:\/\/www.cuballama.com\/noticias\/wp-json\/wp\/v2\/media?parent=238123"}],"wp:term":[{"taxonomy":"category","embeddable":true,"href":"https:\/\/www.cuballama.com\/noticias\/wp-json\/wp\/v2\/categories?post=238123"},{"taxonomy":"post_tag","embeddable":true,"href":"https:\/\/www.cuballama.com\/noticias\/wp-json\/wp\/v2\/tags?post=238123"}],"curies":[{"name":"wp","href":"https:\/\/api.w.org\/{rel}","templated":true}]}}