{"id":238106,"date":"2026-03-13T14:17:28","date_gmt":"2026-03-13T18:17:28","guid":{"rendered":"https:\/\/www.cuballama.com\/noticias\/?p=238106"},"modified":"2026-03-13T14:17:31","modified_gmt":"2026-03-13T18:17:31","slug":"que-bueno-dijo-la-presidente-de-mexico-sobre-el-nuevo-tope-usa-cuba","status":"publish","type":"post","link":"https:\/\/www.cuballama.com\/noticias\/que-bueno-dijo-la-presidente-de-mexico-sobre-el-nuevo-tope-usa-cuba\/","title":{"rendered":"\u00abQu\u00e9 bueno\u00bb dijo la\u00a0 Presidente\u00a0 de M\u00e9xico sobre el nuevo Tope USA &#8211; Cuba"},"content":{"rendered":"\n<p>El gobierno cubano pareci\u00f3 dar un golpe de efecto medi\u00e1tico al lograr atenci\u00f3n internacional a la comparecencia&nbsp; televisiva del gobernante Miguel Diaz-Canel este viernes para confirmar, al fin, los anuncios de conversaciones con el gobierno de Estados Unidos hechos desde hac\u00eda semanas y reiteradamente por el presidente Donald Trump.<\/p>\n\n\n\n<p>Su presencia ante un grupo de periodistas nacionales del oficialismo,la mayor\u00eda, directivos de los medios controlados por el Partido Comunista (\u00fanico permitido en Cuba hace casi 70 a\u00f1os), se inici\u00f3 a las 7.30 de la ma\u00f1ana, al parecer una hora calculada para su recepci\u00f3n en buen tiempo a Europa, y antes de que comenzara la conferencia de prensa diaria de su aliada mexicana , Claudia Sheinbaum , quien conoci\u00f3 por supuesto los elogios que le hiciera Canel minutos antes.<\/p>\n\n\n\n<p>\u00abQu\u00e9 bueno\u00bb dijo Sheinbaum cuando se le pregunt\u00f3 sobre la confirmaci\u00f3n del gobierno cubano de conversaciones con la Administraci\u00f3n Trump sobre el futuro de Cuba. \u00abSiempre M\u00e9xico va a promover la paz, el di\u00e1logo diplom\u00e1tico y en particular ante el bloqueo que ha generado diversas problem\u00e1ticas es indispensable este di\u00e1logo\u00bb<\/p>\n\n\n\n<p>En su comparecencia Canel aprovech\u00f3 para abordar otros temas como el de la distribuci\u00f3n de las donaciones internacionales que han llegado ante la peor crisis econ\u00f3mica en la Isla agudizado&nbsp; tras la captura de Nicol\u00e1s Maduro y el cerco petrolero de EE.UU. Canel rechaz\u00f3 las acusaciones de un medio mexicano sobre la presunta venta ilegal de la ayuda humanitaria enviada por M\u00e9xico lo que calific\u00f3 de una \u00abcampa\u00f1a de intoxicaci\u00f3n medi\u00e1tica\u00bb , reiter\u00f3 que el gobierno no lucra con esas entregas for\u00e1neas y elogi\u00f3 la \u00abfirmeza\u00bb de la mandataria mexicana en su respaldo a la Isla comunista.<\/p>\n\n\n\n<p>\u00abAgradecemos las palabras del presidente cubano&#8230;Son importantes porque en una televisora (se refiere a TV Azteca) se dijo que el gobierno de Cuba estaba vendiendo las donaciones de M\u00e9xico, lo que es absolutamente falso. Tenemos muchas im\u00e1genes del agradecimiento del pueblo cubano al recibir la ayuda humanitaria directa en sus casas\u00bb.<\/p>\n\n\n\n<p>Este viernes lleg\u00f3 al puerto habanero el tercer cargamento desde M\u00e9xico con ayuda humanitaria con alimentos, medicinas, productos de higiene y otros de primera necesidad.&nbsp;<\/p>\n\n\n\n<p>Pese a los desmentidos del gobierno, la televisora Azteca&nbsp; ha insistido que tiene documentado&nbsp; que productos mexicanos parte de las donaciones figuraban en tiendas donde s\u00f3lo se pueda pagar en d\u00f3lares.<\/p>\n\n\n\n<p>Sheinbaum dijo que se han realizado tres viajes de barcos con donaciones a la Isla \u00aby habr\u00e1n m\u00e1s\u00bb y reiter\u00f3 que \u00abestamos buscando distintas alternativas\u00bb para poder apoyar a Cuba con el petr\u00f3leo. \u00abY venderlo&#8230;porque tambi\u00e9n de eso se trata, de comercio a Cuba\u00bb.<\/p>\n\n\n\n<p>Preguntada sobre si M\u00e9xico tuvo alg\u00fan papel de \u00abmediador\u00bb en estos contactos Cuba y EE.UU, respondi\u00f3: \u00abdigamos que de \u00abpromoci\u00f3n\u00bb del di\u00e1logo tanto con las autoridades de EE.UU como de Cuba\u00bb.<\/p>\n\n\n\n<p><\/p>\n","protected":false},"excerpt":{"rendered":"<p>El gobierno cubano pareci\u00f3 dar un golpe de efecto medi\u00e1tico al lograr atenci\u00f3n internacional a la comparecencia&nbsp; televisiva del gobernante Miguel Diaz-Canel este viernes para confirmar, al fin, los anuncios de conversaciones con el gobierno de Estados Unidos hechos desde hac\u00eda semanas y reiteradamente por el presidente Donald Trump. Su presencia ante un grupo de [&hellip;]<\/p>\n","protected":false},"author":24,"featured_media":233915,"comment_status":"open","ping_status":"closed","sticky":false,"template":"","format":"standard","meta":{"_acf_changed":false,"footnotes":""},"categories":[18,955],"tags":[22777,10867,29595,92,941,12995,281],"class_list":{"0":"post-238106","1":"post","2":"type-post","3":"status-publish","4":"format-standard","5":"has-post-thumbnail","7":"category-noticias","8":"category-noticias-de-cuba","9":"tag-claudia-scheinbaum","10":"tag-crisis-en-cuba","11":"tag-cuba-eeuu","12":"tag-cubanos","13":"tag-destacado","14":"tag-diaz-canel-4","15":"tag-mexico"},"acf":[],"yoast_head":"<!-- This site is optimized with the Yoast SEO plugin v27.5 - https:\/\/yoast.com\/product\/yoast-seo-wordpress\/ -->\n<title>&quot;Qu\u00e9 bueno&quot; dijo la\u00a0 Presidente\u00a0 de M\u00e9xico sobre el nuevo Tope USA - Cuba - Cuballama Noticias<\/title>\n<meta name=\"robots\" content=\"index, follow, max-snippet:-1, max-image-preview:large, max-video-preview:-1\" \/>\n<link rel=\"canonical\" href=\"https:\/\/www.cuballama.com\/noticias\/que-bueno-dijo-la-presidente-de-mexico-sobre-el-nuevo-tope-usa-cuba\/\" \/>\n<meta property=\"og:locale\" content=\"es_ES\" \/>\n<meta property=\"og:type\" content=\"article\" \/>\n<meta property=\"og:title\" content=\"&quot;Qu\u00e9 bueno&quot; dijo la\u00a0 Presidente\u00a0 de M\u00e9xico sobre el nuevo Tope USA - Cuba - Cuballama Noticias\" \/>\n<meta property=\"og:description\" content=\"El gobierno cubano pareci\u00f3 dar un golpe de efecto medi\u00e1tico al lograr atenci\u00f3n internacional a la comparecencia&nbsp; televisiva del gobernante Miguel Diaz-Canel este viernes para confirmar, al fin, los anuncios de conversaciones con el gobierno de Estados Unidos hechos desde hac\u00eda semanas y reiteradamente por el presidente Donald Trump. Su presencia ante un grupo de [&hellip;]\" \/>\n<meta property=\"og:url\" content=\"https:\/\/www.cuballama.com\/noticias\/que-bueno-dijo-la-presidente-de-mexico-sobre-el-nuevo-tope-usa-cuba\/\" \/>\n<meta property=\"og:site_name\" content=\"Cuballama Noticias\" \/>\n<meta property=\"article:publisher\" content=\"https:\/\/www.facebook.com\/CubaLlama\" \/>\n<meta property=\"article:published_time\" content=\"2026-03-13T18:17:28+00:00\" \/>\n<meta property=\"article:modified_time\" content=\"2026-03-13T18:17:31+00:00\" \/>\n<meta property=\"og:image\" content=\"https:\/\/cdn1.mediawpaccore.net\/wp-content\/uploads\/2026\/01\/30141617\/G_4E2_cboAAV_1E1.jpg\" \/>\n\t<meta property=\"og:image:width\" content=\"1200\" \/>\n\t<meta property=\"og:image:height\" content=\"630\" \/>\n\t<meta property=\"og:image:type\" content=\"image\/jpeg\" \/>\n<meta name=\"author\" content=\"Manu\" \/>\n<meta name=\"twitter:card\" content=\"summary_large_image\" \/>\n<meta name=\"twitter:creator\" content=\"@cuballama\" \/>\n<meta name=\"twitter:site\" content=\"@cuballama\" \/>\n<meta name=\"twitter:label1\" content=\"Escrito por\" \/>\n\t<meta name=\"twitter:data1\" content=\"Manu\" \/>\n\t<meta name=\"twitter:label2\" content=\"Tiempo de lectura\" \/>\n\t<meta name=\"twitter:data2\" content=\"3 minutos\" \/>\n<script type=\"application\/ld+json\" class=\"yoast-schema-graph\">{\"@context\":\"https:\\\/\\\/schema.org\",\"@graph\":[{\"@type\":\"Article\",\"@id\":\"https:\\\/\\\/www.cuballama.com\\\/noticias\\\/que-bueno-dijo-la-presidente-de-mexico-sobre-el-nuevo-tope-usa-cuba\\\/#article\",\"isPartOf\":{\"@id\":\"https:\\\/\\\/www.cuballama.com\\\/noticias\\\/que-bueno-dijo-la-presidente-de-mexico-sobre-el-nuevo-tope-usa-cuba\\\/\"},\"author\":{\"name\":\"Manu\",\"@id\":\"https:\\\/\\\/www.cuballama.com\\\/noticias\\\/#\\\/schema\\\/person\\\/5889f7d070564f8386e7944d14d436cd\"},\"headline\":\"\u00abQu\u00e9 bueno\u00bb dijo la\u00a0 Presidente\u00a0 de M\u00e9xico sobre el nuevo Tope USA &#8211; Cuba\",\"datePublished\":\"2026-03-13T18:17:28+00:00\",\"dateModified\":\"2026-03-13T18:17:31+00:00\",\"mainEntityOfPage\":{\"@id\":\"https:\\\/\\\/www.cuballama.com\\\/noticias\\\/que-bueno-dijo-la-presidente-de-mexico-sobre-el-nuevo-tope-usa-cuba\\\/\"},\"wordCount\":513,\"commentCount\":0,\"publisher\":{\"@id\":\"https:\\\/\\\/www.cuballama.com\\\/noticias\\\/#organization\"},\"image\":{\"@id\":\"https:\\\/\\\/www.cuballama.com\\\/noticias\\\/que-bueno-dijo-la-presidente-de-mexico-sobre-el-nuevo-tope-usa-cuba\\\/#primaryimage\"},\"thumbnailUrl\":\"https:\\\/\\\/cdn1.mediawpaccore.net\\\/wp-content\\\/uploads\\\/2026\\\/01\\\/30141617\\\/G_4E2_cboAAV_1E1.jpg\",\"keywords\":[\"Claudia Scheinbaum\",\"Crisis en Cuba\",\"Cuba-EEUU\",\"cubanos\",\"destacado\",\"D\u00edaz Canel\",\"M\u00e9xico\"],\"articleSection\":[\"Noticias\",\"Noticias de Cuba\"],\"inLanguage\":\"es\",\"potentialAction\":[{\"@type\":\"CommentAction\",\"name\":\"Comment\",\"target\":[\"https:\\\/\\\/www.cuballama.com\\\/noticias\\\/que-bueno-dijo-la-presidente-de-mexico-sobre-el-nuevo-tope-usa-cuba\\\/#respond\"]}]},{\"@type\":\"WebPage\",\"@id\":\"https:\\\/\\\/www.cuballama.com\\\/noticias\\\/que-bueno-dijo-la-presidente-de-mexico-sobre-el-nuevo-tope-usa-cuba\\\/\",\"url\":\"https:\\\/\\\/www.cuballama.com\\\/noticias\\\/que-bueno-dijo-la-presidente-de-mexico-sobre-el-nuevo-tope-usa-cuba\\\/\",\"name\":\"\\\"Qu\u00e9 bueno\\\" dijo la\u00a0 Presidente\u00a0 de M\u00e9xico sobre el nuevo Tope USA - Cuba - Cuballama Noticias\",\"isPartOf\":{\"@id\":\"https:\\\/\\\/www.cuballama.com\\\/noticias\\\/#website\"},\"primaryImageOfPage\":{\"@id\":\"https:\\\/\\\/www.cuballama.com\\\/noticias\\\/que-bueno-dijo-la-presidente-de-mexico-sobre-el-nuevo-tope-usa-cuba\\\/#primaryimage\"},\"image\":{\"@id\":\"https:\\\/\\\/www.cuballama.com\\\/noticias\\\/que-bueno-dijo-la-presidente-de-mexico-sobre-el-nuevo-tope-usa-cuba\\\/#primaryimage\"},\"thumbnailUrl\":\"https:\\\/\\\/cdn1.mediawpaccore.net\\\/wp-content\\\/uploads\\\/2026\\\/01\\\/30141617\\\/G_4E2_cboAAV_1E1.jpg\",\"datePublished\":\"2026-03-13T18:17:28+00:00\",\"dateModified\":\"2026-03-13T18:17:31+00:00\",\"breadcrumb\":{\"@id\":\"https:\\\/\\\/www.cuballama.com\\\/noticias\\\/que-bueno-dijo-la-presidente-de-mexico-sobre-el-nuevo-tope-usa-cuba\\\/#breadcrumb\"},\"inLanguage\":\"es\",\"potentialAction\":[{\"@type\":\"ReadAction\",\"target\":[\"https:\\\/\\\/www.cuballama.com\\\/noticias\\\/que-bueno-dijo-la-presidente-de-mexico-sobre-el-nuevo-tope-usa-cuba\\\/\"]}]},{\"@type\":\"ImageObject\",\"inLanguage\":\"es\",\"@id\":\"https:\\\/\\\/www.cuballama.com\\\/noticias\\\/que-bueno-dijo-la-presidente-de-mexico-sobre-el-nuevo-tope-usa-cuba\\\/#primaryimage\",\"url\":\"https:\\\/\\\/cdn1.mediawpaccore.net\\\/wp-content\\\/uploads\\\/2026\\\/01\\\/30141617\\\/G_4E2_cboAAV_1E1.jpg\",\"contentUrl\":\"https:\\\/\\\/cdn1.mediawpaccore.net\\\/wp-content\\\/uploads\\\/2026\\\/01\\\/30141617\\\/G_4E2_cboAAV_1E1.jpg\",\"width\":1200,\"height\":630,\"caption\":\"Presidenta de M\u00e9xico. Foto: X\\\/Claudia Sheinbaum.\"},{\"@type\":\"BreadcrumbList\",\"@id\":\"https:\\\/\\\/www.cuballama.com\\\/noticias\\\/que-bueno-dijo-la-presidente-de-mexico-sobre-el-nuevo-tope-usa-cuba\\\/#breadcrumb\",\"itemListElement\":[{\"@type\":\"ListItem\",\"position\":1,\"name\":\"Home\",\"item\":\"https:\\\/\\\/www.cuballama.com\\\/noticias\\\/\"},{\"@type\":\"ListItem\",\"position\":2,\"name\":\"\u00abQu\u00e9 bueno\u00bb dijo la\u00a0 Presidente\u00a0 de M\u00e9xico sobre el nuevo Tope USA &#8211; Cuba\"}]},{\"@type\":\"WebSite\",\"@id\":\"https:\\\/\\\/www.cuballama.com\\\/noticias\\\/#website\",\"url\":\"https:\\\/\\\/www.cuballama.com\\\/noticias\\\/\",\"name\":\"Cuballama Noticias\",\"description\":\"Medio digital sobre Cuba y el mundo\",\"publisher\":{\"@id\":\"https:\\\/\\\/www.cuballama.com\\\/noticias\\\/#organization\"},\"potentialAction\":[{\"@type\":\"SearchAction\",\"target\":{\"@type\":\"EntryPoint\",\"urlTemplate\":\"https:\\\/\\\/www.cuballama.com\\\/noticias\\\/?s={search_term_string}\"},\"query-input\":{\"@type\":\"PropertyValueSpecification\",\"valueRequired\":true,\"valueName\":\"search_term_string\"}}],\"inLanguage\":\"es\"},{\"@type\":\"Organization\",\"@id\":\"https:\\\/\\\/www.cuballama.com\\\/noticias\\\/#organization\",\"name\":\"Cuballama\",\"url\":\"https:\\\/\\\/www.cuballama.com\\\/noticias\\\/\",\"logo\":{\"@type\":\"ImageObject\",\"inLanguage\":\"es\",\"@id\":\"https:\\\/\\\/www.cuballama.com\\\/noticias\\\/#\\\/schema\\\/logo\\\/image\\\/\",\"url\":\"https:\\\/\\\/cdn1.mediawpaccore.net\\\/wp-content\\\/uploads\\\/2021\\\/12\\\/28171206\\\/cbll-logo-color-sm.png\",\"contentUrl\":\"https:\\\/\\\/cdn1.mediawpaccore.net\\\/wp-content\\\/uploads\\\/2021\\\/12\\\/28171206\\\/cbll-logo-color-sm.png\",\"width\":600,\"height\":133,\"caption\":\"Cuballama\"},\"image\":{\"@id\":\"https:\\\/\\\/www.cuballama.com\\\/noticias\\\/#\\\/schema\\\/logo\\\/image\\\/\"},\"sameAs\":[\"https:\\\/\\\/www.facebook.com\\\/CubaLlama\",\"https:\\\/\\\/x.com\\\/cuballama\",\"https:\\\/\\\/www.instagram.com\\\/stories\\\/cuballama_oficial\\\/\",\"https:\\\/\\\/www.youtube.com\\\/channel\\\/UCKkFE-d_axENGZcrc4as0IA\"]},{\"@type\":\"Person\",\"@id\":\"https:\\\/\\\/www.cuballama.com\\\/noticias\\\/#\\\/schema\\\/person\\\/5889f7d070564f8386e7944d14d436cd\",\"name\":\"Manu\",\"url\":\"https:\\\/\\\/www.cuballama.com\\\/noticias\\\/author\\\/manu\\\/\"}]}<\/script>\n<!-- \/ Yoast SEO plugin. -->","yoast_head_json":{"title":"\"Qu\u00e9 bueno\" dijo la\u00a0 Presidente\u00a0 de M\u00e9xico sobre el nuevo Tope USA - Cuba - Cuballama Noticias","robots":{"index":"index","follow":"follow","max-snippet":"max-snippet:-1","max-image-preview":"max-image-preview:large","max-video-preview":"max-video-preview:-1"},"canonical":"https:\/\/www.cuballama.com\/noticias\/que-bueno-dijo-la-presidente-de-mexico-sobre-el-nuevo-tope-usa-cuba\/","og_locale":"es_ES","og_type":"article","og_title":"\"Qu\u00e9 bueno\" dijo la\u00a0 Presidente\u00a0 de M\u00e9xico sobre el nuevo Tope USA - Cuba - Cuballama Noticias","og_description":"El gobierno cubano pareci\u00f3 dar un golpe de efecto medi\u00e1tico al lograr atenci\u00f3n internacional a la comparecencia&nbsp; televisiva del gobernante Miguel Diaz-Canel este viernes para confirmar, al fin, los anuncios de conversaciones con el gobierno de Estados Unidos hechos desde hac\u00eda semanas y reiteradamente por el presidente Donald Trump. Su presencia ante un grupo de [&hellip;]","og_url":"https:\/\/www.cuballama.com\/noticias\/que-bueno-dijo-la-presidente-de-mexico-sobre-el-nuevo-tope-usa-cuba\/","og_site_name":"Cuballama Noticias","article_publisher":"https:\/\/www.facebook.com\/CubaLlama","article_published_time":"2026-03-13T18:17:28+00:00","article_modified_time":"2026-03-13T18:17:31+00:00","og_image":[{"width":1200,"height":630,"url":"https:\/\/cdn1.mediawpaccore.net\/wp-content\/uploads\/2026\/01\/30141617\/G_4E2_cboAAV_1E1.jpg","type":"image\/jpeg"}],"author":"Manu","twitter_card":"summary_large_image","twitter_creator":"@cuballama","twitter_site":"@cuballama","twitter_misc":{"Escrito por":"Manu","Tiempo de lectura":"3 minutos"},"schema":{"@context":"https:\/\/schema.org","@graph":[{"@type":"Article","@id":"https:\/\/www.cuballama.com\/noticias\/que-bueno-dijo-la-presidente-de-mexico-sobre-el-nuevo-tope-usa-cuba\/#article","isPartOf":{"@id":"https:\/\/www.cuballama.com\/noticias\/que-bueno-dijo-la-presidente-de-mexico-sobre-el-nuevo-tope-usa-cuba\/"},"author":{"name":"Manu","@id":"https:\/\/www.cuballama.com\/noticias\/#\/schema\/person\/5889f7d070564f8386e7944d14d436cd"},"headline":"\u00abQu\u00e9 bueno\u00bb dijo la\u00a0 Presidente\u00a0 de M\u00e9xico sobre el nuevo Tope USA &#8211; Cuba","datePublished":"2026-03-13T18:17:28+00:00","dateModified":"2026-03-13T18:17:31+00:00","mainEntityOfPage":{"@id":"https:\/\/www.cuballama.com\/noticias\/que-bueno-dijo-la-presidente-de-mexico-sobre-el-nuevo-tope-usa-cuba\/"},"wordCount":513,"commentCount":0,"publisher":{"@id":"https:\/\/www.cuballama.com\/noticias\/#organization"},"image":{"@id":"https:\/\/www.cuballama.com\/noticias\/que-bueno-dijo-la-presidente-de-mexico-sobre-el-nuevo-tope-usa-cuba\/#primaryimage"},"thumbnailUrl":"https:\/\/cdn1.mediawpaccore.net\/wp-content\/uploads\/2026\/01\/30141617\/G_4E2_cboAAV_1E1.jpg","keywords":["Claudia Scheinbaum","Crisis en Cuba","Cuba-EEUU","cubanos","destacado","D\u00edaz Canel","M\u00e9xico"],"articleSection":["Noticias","Noticias de Cuba"],"inLanguage":"es","potentialAction":[{"@type":"CommentAction","name":"Comment","target":["https:\/\/www.cuballama.com\/noticias\/que-bueno-dijo-la-presidente-de-mexico-sobre-el-nuevo-tope-usa-cuba\/#respond"]}]},{"@type":"WebPage","@id":"https:\/\/www.cuballama.com\/noticias\/que-bueno-dijo-la-presidente-de-mexico-sobre-el-nuevo-tope-usa-cuba\/","url":"https:\/\/www.cuballama.com\/noticias\/que-bueno-dijo-la-presidente-de-mexico-sobre-el-nuevo-tope-usa-cuba\/","name":"\"Qu\u00e9 bueno\" dijo la\u00a0 Presidente\u00a0 de M\u00e9xico sobre el nuevo Tope USA - Cuba - Cuballama Noticias","isPartOf":{"@id":"https:\/\/www.cuballama.com\/noticias\/#website"},"primaryImageOfPage":{"@id":"https:\/\/www.cuballama.com\/noticias\/que-bueno-dijo-la-presidente-de-mexico-sobre-el-nuevo-tope-usa-cuba\/#primaryimage"},"image":{"@id":"https:\/\/www.cuballama.com\/noticias\/que-bueno-dijo-la-presidente-de-mexico-sobre-el-nuevo-tope-usa-cuba\/#primaryimage"},"thumbnailUrl":"https:\/\/cdn1.mediawpaccore.net\/wp-content\/uploads\/2026\/01\/30141617\/G_4E2_cboAAV_1E1.jpg","datePublished":"2026-03-13T18:17:28+00:00","dateModified":"2026-03-13T18:17:31+00:00","breadcrumb":{"@id":"https:\/\/www.cuballama.com\/noticias\/que-bueno-dijo-la-presidente-de-mexico-sobre-el-nuevo-tope-usa-cuba\/#breadcrumb"},"inLanguage":"es","potentialAction":[{"@type":"ReadAction","target":["https:\/\/www.cuballama.com\/noticias\/que-bueno-dijo-la-presidente-de-mexico-sobre-el-nuevo-tope-usa-cuba\/"]}]},{"@type":"ImageObject","inLanguage":"es","@id":"https:\/\/www.cuballama.com\/noticias\/que-bueno-dijo-la-presidente-de-mexico-sobre-el-nuevo-tope-usa-cuba\/#primaryimage","url":"https:\/\/cdn1.mediawpaccore.net\/wp-content\/uploads\/2026\/01\/30141617\/G_4E2_cboAAV_1E1.jpg","contentUrl":"https:\/\/cdn1.mediawpaccore.net\/wp-content\/uploads\/2026\/01\/30141617\/G_4E2_cboAAV_1E1.jpg","width":1200,"height":630,"caption":"Presidenta de M\u00e9xico. Foto: X\/Claudia Sheinbaum."},{"@type":"BreadcrumbList","@id":"https:\/\/www.cuballama.com\/noticias\/que-bueno-dijo-la-presidente-de-mexico-sobre-el-nuevo-tope-usa-cuba\/#breadcrumb","itemListElement":[{"@type":"ListItem","position":1,"name":"Home","item":"https:\/\/www.cuballama.com\/noticias\/"},{"@type":"ListItem","position":2,"name":"\u00abQu\u00e9 bueno\u00bb dijo la\u00a0 Presidente\u00a0 de M\u00e9xico sobre el nuevo Tope USA &#8211; Cuba"}]},{"@type":"WebSite","@id":"https:\/\/www.cuballama.com\/noticias\/#website","url":"https:\/\/www.cuballama.com\/noticias\/","name":"Cuballama Noticias","description":"Medio digital sobre Cuba y el mundo","publisher":{"@id":"https:\/\/www.cuballama.com\/noticias\/#organization"},"potentialAction":[{"@type":"SearchAction","target":{"@type":"EntryPoint","urlTemplate":"https:\/\/www.cuballama.com\/noticias\/?s={search_term_string}"},"query-input":{"@type":"PropertyValueSpecification","valueRequired":true,"valueName":"search_term_string"}}],"inLanguage":"es"},{"@type":"Organization","@id":"https:\/\/www.cuballama.com\/noticias\/#organization","name":"Cuballama","url":"https:\/\/www.cuballama.com\/noticias\/","logo":{"@type":"ImageObject","inLanguage":"es","@id":"https:\/\/www.cuballama.com\/noticias\/#\/schema\/logo\/image\/","url":"https:\/\/cdn1.mediawpaccore.net\/wp-content\/uploads\/2021\/12\/28171206\/cbll-logo-color-sm.png","contentUrl":"https:\/\/cdn1.mediawpaccore.net\/wp-content\/uploads\/2021\/12\/28171206\/cbll-logo-color-sm.png","width":600,"height":133,"caption":"Cuballama"},"image":{"@id":"https:\/\/www.cuballama.com\/noticias\/#\/schema\/logo\/image\/"},"sameAs":["https:\/\/www.facebook.com\/CubaLlama","https:\/\/x.com\/cuballama","https:\/\/www.instagram.com\/stories\/cuballama_oficial\/","https:\/\/www.youtube.com\/channel\/UCKkFE-d_axENGZcrc4as0IA"]},{"@type":"Person","@id":"https:\/\/www.cuballama.com\/noticias\/#\/schema\/person\/5889f7d070564f8386e7944d14d436cd","name":"Manu","url":"https:\/\/www.cuballama.com\/noticias\/author\/manu\/"}]}},"_links":{"self":[{"href":"https:\/\/www.cuballama.com\/noticias\/wp-json\/wp\/v2\/posts\/238106","targetHints":{"allow":["GET"]}}],"collection":[{"href":"https:\/\/www.cuballama.com\/noticias\/wp-json\/wp\/v2\/posts"}],"about":[{"href":"https:\/\/www.cuballama.com\/noticias\/wp-json\/wp\/v2\/types\/post"}],"author":[{"embeddable":true,"href":"https:\/\/www.cuballama.com\/noticias\/wp-json\/wp\/v2\/users\/24"}],"replies":[{"embeddable":true,"href":"https:\/\/www.cuballama.com\/noticias\/wp-json\/wp\/v2\/comments?post=238106"}],"version-history":[{"count":1,"href":"https:\/\/www.cuballama.com\/noticias\/wp-json\/wp\/v2\/posts\/238106\/revisions"}],"predecessor-version":[{"id":238108,"href":"https:\/\/www.cuballama.com\/noticias\/wp-json\/wp\/v2\/posts\/238106\/revisions\/238108"}],"wp:featuredmedia":[{"embeddable":true,"href":"https:\/\/www.cuballama.com\/noticias\/wp-json\/wp\/v2\/media\/233915"}],"wp:attachment":[{"href":"https:\/\/www.cuballama.com\/noticias\/wp-json\/wp\/v2\/media?parent=238106"}],"wp:term":[{"taxonomy":"category","embeddable":true,"href":"https:\/\/www.cuballama.com\/noticias\/wp-json\/wp\/v2\/categories?post=238106"},{"taxonomy":"post_tag","embeddable":true,"href":"https:\/\/www.cuballama.com\/noticias\/wp-json\/wp\/v2\/tags?post=238106"}],"curies":[{"name":"wp","href":"https:\/\/api.w.org\/{rel}","templated":true}]}}