{"id":238081,"date":"2026-03-13T13:31:28","date_gmt":"2026-03-13T17:31:28","guid":{"rendered":"https:\/\/www.cuballama.com\/noticias\/?p=238081"},"modified":"2026-03-13T14:20:31","modified_gmt":"2026-03-13T18:20:31","slug":"hermano-de-la-diosa-protagoniza-emotivo-momento-con-maria-corina-machado","status":"publish","type":"post","link":"https:\/\/www.cuballama.com\/noticias\/hermano-de-la-diosa-protagoniza-emotivo-momento-con-maria-corina-machado\/","title":{"rendered":"Hermano de La Diosa protagoniza emotivo momento con Mar\u00eda Corina Machado"},"content":{"rendered":"\n<p>El periodista cubano Pablo Alfonso, <a href=\"https:\/\/www.cuballama.com\/noticias\/la-diosa-recuerda-al-cuentero-de-su-padre-era-un-personaje-en-todos-los-sentidos\/?srsltid=AfmBOor9s8wek8tZPKkXTUeukicCzMBup_N28wv4Bz7SXACkmECuPeYM\" target=\"_blank\" rel=\"noreferrer noopener\">hermano de la cantante conocida como La Diosa<\/a>, protagoniz\u00f3 un emotivo momento con la dirigente opositora venezolana Mar\u00eda Corina Machado, durante una conferencia de prensa ofrecida por la ganadora del Premio Nobel de la Paz este jueves en Santiago de Chile, adonde lleg\u00f3 el mi\u00e9rcoles para asistir a la toma de posesi\u00f3n de Jos\u00e9 Antonio Kast como presidente.<\/p>\n\n\n\n<p>Alfonso se dirigi\u00f3 a Machado para recordarle la frase con la que Hugo Ch\u00e1vez intent\u00f3 minimizarla: \u201c\u00c1guila no caza mosca\u201d.<\/p>\n\n\n\n<p>\u201cEse se\u00f1or que trat\u00f3 de minimizarla con esa frase hoy se pudre en el infierno, y esa supuesta \u2018mosca\u2019 le ha dado esperanza a Cuba, a Venezuela y a todo un continente\u201d, expres\u00f3 Alfonso a la l\u00edder de la campa\u00f1a opositora y la organizaci\u00f3n de los testigos electorales de cara a los comicios del 28 de julio de 2024 en Venezuela.<\/p>\n\n\n\n<iframe loading=\"lazy\" src=\"https:\/\/www.facebook.com\/plugins\/video.php?height=476&#038;href=https%3A%2F%2Fwww.facebook.com%2Freel%2F953596407117236%2F&#038;show_text=true&#038;width=267&#038;t=0\" width=\"267\" height=\"591\" style=\"border:none;overflow:hidden\" scrolling=\"no\" frameborder=\"0\" allowfullscreen=\"true\" allow=\"autoplay; clipboard-write; encrypted-media; picture-in-picture; web-share\" allowFullScreen=\"true\"><\/iframe>\n\n\n\n<p>\u201cMi regreso a Venezuela est\u00e1 basado en continuar una lucha que ha sido c\u00edvica y organizada\u201d, afirm\u00f3 la lideresa, quien agreg\u00f3 que el movimiento que encabeza quiere avanzar \u201cde manera segura y ordenada\u201d.<\/p>\n\n\n\n<p>\u201cEstoy orgullosa de tener un hermano de sangre como t\u00fa, Pablo Alfonso. Nuestro padre en el cielo orgulloso te contempla. Gracias por levantar las voz por todos los cubanos. Abajo la dictadura, carajo\u201d, se\u00f1al\u00f3 La Diosa en redes sociales al pie de un video que recoge las palabras que su hermano le dedic\u00f3 a Machado.<\/p>\n\n\n\n<p>Por su parte, el periodista, radicado en Chile, le dedic\u00f3 un mensaje a su hermana, desde 2023 exiliada en Miami, Florida: \u201cGracias, mi hermanota. Necesito no llorar m\u00e1s: ayer con Mar\u00eda Corina, hoy con tus bellas palabras, esas que solo pueden brotar del coraz\u00f3n. Pero as\u00ed es. Papi, dondequiera que est\u00e9, est\u00e1 m\u00e1s que orgulloso de sus hijos. Un besote. Dios te bendiga. Besos a los bellos sobrinotes. Abrazo a mi cu\u00f1i\u201d.<\/p>\n\n\n\n<iframe loading=\"lazy\" src=\"https:\/\/www.facebook.com\/plugins\/video.php?height=476&#038;href=https%3A%2F%2Fwww.facebook.com%2Freel%2F1420016459226227%2F&#038;show_text=true&#038;width=380&#038;t=0\" width=\"380\" height=\"591\" style=\"border:none;overflow:hidden\" scrolling=\"no\" frameborder=\"0\" allowfullscreen=\"true\" allow=\"autoplay; clipboard-write; encrypted-media; picture-in-picture; web-share\" allowFullScreen=\"true\"><\/iframe>\n\n\n\n<p>Este jueves Machado tambi\u00e9n se reuni\u00f3 en la capital chilena con integrantes de la di\u00e1spora venezolana, para los que pidi\u00f3 \u201cprotecci\u00f3n\u201d al nuevo Gobierno de Kast.<\/p>\n\n\n\n<p>Se cree que unos 700.000 venezolanos se han establecido en Chile y que constituyen la mayor\u00eda de los m\u00e1s de 330.000 migrantes en situaci\u00f3n irregular que se estima hay en el pa\u00eds.<\/p>\n\n\n\n<p>Machado ha sido acusada por el ministro del Interior de su pa\u00eds, Diosdado Cabello, de instigar las acciones que llevaron a la captura de Nicol\u00e1s Maduro por parte de Estados Unidos en enero pasado. Seg\u00fan Cabello, le tiene preparada una \u201csorpresa\u201d a la opositora si regresa, y ella no estar\u00eda amparada por la Ley de Amnist\u00eda recientemente aprobada en Venezuela.<\/p>\n\n\n\n<p>De acuerdo con el diario <em>The New York Times<\/em>, durante una reuni\u00f3n de casi dos horas que tuvo lugar la pasada semana en la Casa Blanca, el presidente de Estados Unidos, Donald Trump, recomend\u00f3 a Machado no volver por el momento a Venezuela.<\/p>\n\n\n\n<p><\/p>\n","protected":false},"excerpt":{"rendered":"<p>El periodista cubano se dirigi\u00f3 a la l\u00edder opositora para recordarle la frase con la que Hugo Ch\u00e1vez intent\u00f3 minimizarla.<\/p>\n","protected":false},"author":30,"featured_media":238102,"comment_status":"open","ping_status":"closed","sticky":false,"template":"","format":"standard","meta":{"_acf_changed":false,"footnotes":""},"categories":[18,955],"tags":[10867,941,22054,31106],"class_list":{"0":"post-238081","1":"post","2":"type-post","3":"status-publish","4":"format-standard","5":"has-post-thumbnail","7":"category-noticias","8":"category-noticias-de-cuba","9":"tag-crisis-en-cuba","10":"tag-destacado","11":"tag-maria-corina-machado","12":"tag-pablo-alfonso"},"acf":[],"yoast_head":"<!-- This site is optimized with the Yoast SEO plugin v27.5 - https:\/\/yoast.com\/product\/yoast-seo-wordpress\/ -->\n<title>Hermano de La Diosa protagoniza emotivo momento con Mar\u00eda Corina Machado - Cuballama Noticias<\/title>\n<meta name=\"description\" content=\"El periodista cubano Pablo Alfonso, hermano de La Diosa, protagoniz\u00f3 un emotivo momento con la dirigente venezolana Mar\u00eda Corina Machado.\" \/>\n<meta name=\"robots\" content=\"index, follow, max-snippet:-1, max-image-preview:large, max-video-preview:-1\" \/>\n<link rel=\"canonical\" href=\"https:\/\/www.cuballama.com\/noticias\/hermano-de-la-diosa-protagoniza-emotivo-momento-con-maria-corina-machado\/\" \/>\n<meta property=\"og:locale\" content=\"es_ES\" \/>\n<meta property=\"og:type\" content=\"article\" \/>\n<meta property=\"og:title\" content=\"Hermano de La Diosa protagoniza emotivo momento con Mar\u00eda Corina Machado - Cuballama Noticias\" \/>\n<meta property=\"og:description\" content=\"El periodista cubano Pablo Alfonso, hermano de La Diosa, protagoniz\u00f3 un emotivo momento con la dirigente venezolana Mar\u00eda Corina Machado.\" \/>\n<meta property=\"og:url\" content=\"https:\/\/www.cuballama.com\/noticias\/hermano-de-la-diosa-protagoniza-emotivo-momento-con-maria-corina-machado\/\" \/>\n<meta property=\"og:site_name\" content=\"Cuballama Noticias\" \/>\n<meta property=\"article:publisher\" content=\"https:\/\/www.facebook.com\/CubaLlama\" \/>\n<meta property=\"article:published_time\" content=\"2026-03-13T17:31:28+00:00\" \/>\n<meta property=\"article:modified_time\" content=\"2026-03-13T18:20:31+00:00\" \/>\n<meta property=\"og:image\" content=\"https:\/\/cdn1.mediawpaccore.net\/wp-content\/uploads\/2026\/03\/13130931\/Square-black-four-4x410-1.jpg\" \/>\n\t<meta property=\"og:image:width\" content=\"1200\" \/>\n\t<meta property=\"og:image:height\" content=\"630\" \/>\n\t<meta property=\"og:image:type\" content=\"image\/jpeg\" \/>\n<meta name=\"author\" content=\"Kathy\" \/>\n<meta name=\"twitter:card\" content=\"summary_large_image\" \/>\n<meta name=\"twitter:creator\" content=\"@cuballama\" \/>\n<meta name=\"twitter:site\" content=\"@cuballama\" \/>\n<meta name=\"twitter:label1\" content=\"Escrito por\" \/>\n\t<meta name=\"twitter:data1\" content=\"Kathy\" \/>\n\t<meta name=\"twitter:label2\" content=\"Tiempo de lectura\" \/>\n\t<meta name=\"twitter:data2\" content=\"3 minutos\" \/>\n<script type=\"application\/ld+json\" class=\"yoast-schema-graph\">{\"@context\":\"https:\\\/\\\/schema.org\",\"@graph\":[{\"@type\":\"Article\",\"@id\":\"https:\\\/\\\/www.cuballama.com\\\/noticias\\\/hermano-de-la-diosa-protagoniza-emotivo-momento-con-maria-corina-machado\\\/#article\",\"isPartOf\":{\"@id\":\"https:\\\/\\\/www.cuballama.com\\\/noticias\\\/hermano-de-la-diosa-protagoniza-emotivo-momento-con-maria-corina-machado\\\/\"},\"author\":{\"name\":\"Kathy\",\"@id\":\"https:\\\/\\\/www.cuballama.com\\\/noticias\\\/#\\\/schema\\\/person\\\/86cd3e3f4974437f031211213bf892d5\"},\"headline\":\"Hermano de La Diosa protagoniza emotivo momento con Mar\u00eda Corina Machado\",\"datePublished\":\"2026-03-13T17:31:28+00:00\",\"dateModified\":\"2026-03-13T18:20:31+00:00\",\"mainEntityOfPage\":{\"@id\":\"https:\\\/\\\/www.cuballama.com\\\/noticias\\\/hermano-de-la-diosa-protagoniza-emotivo-momento-con-maria-corina-machado\\\/\"},\"wordCount\":500,\"commentCount\":0,\"publisher\":{\"@id\":\"https:\\\/\\\/www.cuballama.com\\\/noticias\\\/#organization\"},\"image\":{\"@id\":\"https:\\\/\\\/www.cuballama.com\\\/noticias\\\/hermano-de-la-diosa-protagoniza-emotivo-momento-con-maria-corina-machado\\\/#primaryimage\"},\"thumbnailUrl\":\"https:\\\/\\\/cdn1.mediawpaccore.net\\\/wp-content\\\/uploads\\\/2026\\\/03\\\/13130931\\\/Square-black-four-4x410-1.jpg\",\"keywords\":[\"Crisis en Cuba\",\"destacado\",\"Mar\u00eda Corina Machado\",\"Pablo Alfonso\"],\"articleSection\":[\"Noticias\",\"Noticias de Cuba\"],\"inLanguage\":\"es\",\"potentialAction\":[{\"@type\":\"CommentAction\",\"name\":\"Comment\",\"target\":[\"https:\\\/\\\/www.cuballama.com\\\/noticias\\\/hermano-de-la-diosa-protagoniza-emotivo-momento-con-maria-corina-machado\\\/#respond\"]}]},{\"@type\":\"WebPage\",\"@id\":\"https:\\\/\\\/www.cuballama.com\\\/noticias\\\/hermano-de-la-diosa-protagoniza-emotivo-momento-con-maria-corina-machado\\\/\",\"url\":\"https:\\\/\\\/www.cuballama.com\\\/noticias\\\/hermano-de-la-diosa-protagoniza-emotivo-momento-con-maria-corina-machado\\\/\",\"name\":\"Hermano de La Diosa protagoniza emotivo momento con Mar\u00eda Corina Machado - Cuballama Noticias\",\"isPartOf\":{\"@id\":\"https:\\\/\\\/www.cuballama.com\\\/noticias\\\/#website\"},\"primaryImageOfPage\":{\"@id\":\"https:\\\/\\\/www.cuballama.com\\\/noticias\\\/hermano-de-la-diosa-protagoniza-emotivo-momento-con-maria-corina-machado\\\/#primaryimage\"},\"image\":{\"@id\":\"https:\\\/\\\/www.cuballama.com\\\/noticias\\\/hermano-de-la-diosa-protagoniza-emotivo-momento-con-maria-corina-machado\\\/#primaryimage\"},\"thumbnailUrl\":\"https:\\\/\\\/cdn1.mediawpaccore.net\\\/wp-content\\\/uploads\\\/2026\\\/03\\\/13130931\\\/Square-black-four-4x410-1.jpg\",\"datePublished\":\"2026-03-13T17:31:28+00:00\",\"dateModified\":\"2026-03-13T18:20:31+00:00\",\"description\":\"El periodista cubano Pablo Alfonso, hermano de La Diosa, protagoniz\u00f3 un emotivo momento con la dirigente venezolana Mar\u00eda Corina Machado.\",\"breadcrumb\":{\"@id\":\"https:\\\/\\\/www.cuballama.com\\\/noticias\\\/hermano-de-la-diosa-protagoniza-emotivo-momento-con-maria-corina-machado\\\/#breadcrumb\"},\"inLanguage\":\"es\",\"potentialAction\":[{\"@type\":\"ReadAction\",\"target\":[\"https:\\\/\\\/www.cuballama.com\\\/noticias\\\/hermano-de-la-diosa-protagoniza-emotivo-momento-con-maria-corina-machado\\\/\"]}]},{\"@type\":\"ImageObject\",\"inLanguage\":\"es\",\"@id\":\"https:\\\/\\\/www.cuballama.com\\\/noticias\\\/hermano-de-la-diosa-protagoniza-emotivo-momento-con-maria-corina-machado\\\/#primaryimage\",\"url\":\"https:\\\/\\\/cdn1.mediawpaccore.net\\\/wp-content\\\/uploads\\\/2026\\\/03\\\/13130931\\\/Square-black-four-4x410-1.jpg\",\"contentUrl\":\"https:\\\/\\\/cdn1.mediawpaccore.net\\\/wp-content\\\/uploads\\\/2026\\\/03\\\/13130931\\\/Square-black-four-4x410-1.jpg\",\"width\":1200,\"height\":630,\"caption\":\"Mar\u00eda Corina Mahcado y Pablo Alfonso. Foto: Facebook\\\/Mar\u00eda Corina Machado\\\/Pablo Alfonso.\"},{\"@type\":\"BreadcrumbList\",\"@id\":\"https:\\\/\\\/www.cuballama.com\\\/noticias\\\/hermano-de-la-diosa-protagoniza-emotivo-momento-con-maria-corina-machado\\\/#breadcrumb\",\"itemListElement\":[{\"@type\":\"ListItem\",\"position\":1,\"name\":\"Home\",\"item\":\"https:\\\/\\\/www.cuballama.com\\\/noticias\\\/\"},{\"@type\":\"ListItem\",\"position\":2,\"name\":\"Hermano de La Diosa protagoniza emotivo momento con Mar\u00eda Corina Machado\"}]},{\"@type\":\"WebSite\",\"@id\":\"https:\\\/\\\/www.cuballama.com\\\/noticias\\\/#website\",\"url\":\"https:\\\/\\\/www.cuballama.com\\\/noticias\\\/\",\"name\":\"Cuballama Noticias\",\"description\":\"Medio digital sobre Cuba y el mundo\",\"publisher\":{\"@id\":\"https:\\\/\\\/www.cuballama.com\\\/noticias\\\/#organization\"},\"potentialAction\":[{\"@type\":\"SearchAction\",\"target\":{\"@type\":\"EntryPoint\",\"urlTemplate\":\"https:\\\/\\\/www.cuballama.com\\\/noticias\\\/?s={search_term_string}\"},\"query-input\":{\"@type\":\"PropertyValueSpecification\",\"valueRequired\":true,\"valueName\":\"search_term_string\"}}],\"inLanguage\":\"es\"},{\"@type\":\"Organization\",\"@id\":\"https:\\\/\\\/www.cuballama.com\\\/noticias\\\/#organization\",\"name\":\"Cuballama\",\"url\":\"https:\\\/\\\/www.cuballama.com\\\/noticias\\\/\",\"logo\":{\"@type\":\"ImageObject\",\"inLanguage\":\"es\",\"@id\":\"https:\\\/\\\/www.cuballama.com\\\/noticias\\\/#\\\/schema\\\/logo\\\/image\\\/\",\"url\":\"https:\\\/\\\/cdn1.mediawpaccore.net\\\/wp-content\\\/uploads\\\/2021\\\/12\\\/28171206\\\/cbll-logo-color-sm.png\",\"contentUrl\":\"https:\\\/\\\/cdn1.mediawpaccore.net\\\/wp-content\\\/uploads\\\/2021\\\/12\\\/28171206\\\/cbll-logo-color-sm.png\",\"width\":600,\"height\":133,\"caption\":\"Cuballama\"},\"image\":{\"@id\":\"https:\\\/\\\/www.cuballama.com\\\/noticias\\\/#\\\/schema\\\/logo\\\/image\\\/\"},\"sameAs\":[\"https:\\\/\\\/www.facebook.com\\\/CubaLlama\",\"https:\\\/\\\/x.com\\\/cuballama\",\"https:\\\/\\\/www.instagram.com\\\/stories\\\/cuballama_oficial\\\/\",\"https:\\\/\\\/www.youtube.com\\\/channel\\\/UCKkFE-d_axENGZcrc4as0IA\"]},{\"@type\":\"Person\",\"@id\":\"https:\\\/\\\/www.cuballama.com\\\/noticias\\\/#\\\/schema\\\/person\\\/86cd3e3f4974437f031211213bf892d5\",\"name\":\"Kathy\",\"url\":\"https:\\\/\\\/www.cuballama.com\\\/noticias\\\/author\\\/kathy\\\/\"}]}<\/script>\n<!-- \/ Yoast SEO plugin. -->","yoast_head_json":{"title":"Hermano de La Diosa protagoniza emotivo momento con Mar\u00eda Corina Machado - Cuballama Noticias","description":"El periodista cubano Pablo Alfonso, hermano de La Diosa, protagoniz\u00f3 un emotivo momento con la dirigente venezolana Mar\u00eda Corina Machado.","robots":{"index":"index","follow":"follow","max-snippet":"max-snippet:-1","max-image-preview":"max-image-preview:large","max-video-preview":"max-video-preview:-1"},"canonical":"https:\/\/www.cuballama.com\/noticias\/hermano-de-la-diosa-protagoniza-emotivo-momento-con-maria-corina-machado\/","og_locale":"es_ES","og_type":"article","og_title":"Hermano de La Diosa protagoniza emotivo momento con Mar\u00eda Corina Machado - Cuballama Noticias","og_description":"El periodista cubano Pablo Alfonso, hermano de La Diosa, protagoniz\u00f3 un emotivo momento con la dirigente venezolana Mar\u00eda Corina Machado.","og_url":"https:\/\/www.cuballama.com\/noticias\/hermano-de-la-diosa-protagoniza-emotivo-momento-con-maria-corina-machado\/","og_site_name":"Cuballama Noticias","article_publisher":"https:\/\/www.facebook.com\/CubaLlama","article_published_time":"2026-03-13T17:31:28+00:00","article_modified_time":"2026-03-13T18:20:31+00:00","og_image":[{"width":1200,"height":630,"url":"https:\/\/cdn1.mediawpaccore.net\/wp-content\/uploads\/2026\/03\/13130931\/Square-black-four-4x410-1.jpg","type":"image\/jpeg"}],"author":"Kathy","twitter_card":"summary_large_image","twitter_creator":"@cuballama","twitter_site":"@cuballama","twitter_misc":{"Escrito por":"Kathy","Tiempo de lectura":"3 minutos"},"schema":{"@context":"https:\/\/schema.org","@graph":[{"@type":"Article","@id":"https:\/\/www.cuballama.com\/noticias\/hermano-de-la-diosa-protagoniza-emotivo-momento-con-maria-corina-machado\/#article","isPartOf":{"@id":"https:\/\/www.cuballama.com\/noticias\/hermano-de-la-diosa-protagoniza-emotivo-momento-con-maria-corina-machado\/"},"author":{"name":"Kathy","@id":"https:\/\/www.cuballama.com\/noticias\/#\/schema\/person\/86cd3e3f4974437f031211213bf892d5"},"headline":"Hermano de La Diosa protagoniza emotivo momento con Mar\u00eda Corina Machado","datePublished":"2026-03-13T17:31:28+00:00","dateModified":"2026-03-13T18:20:31+00:00","mainEntityOfPage":{"@id":"https:\/\/www.cuballama.com\/noticias\/hermano-de-la-diosa-protagoniza-emotivo-momento-con-maria-corina-machado\/"},"wordCount":500,"commentCount":0,"publisher":{"@id":"https:\/\/www.cuballama.com\/noticias\/#organization"},"image":{"@id":"https:\/\/www.cuballama.com\/noticias\/hermano-de-la-diosa-protagoniza-emotivo-momento-con-maria-corina-machado\/#primaryimage"},"thumbnailUrl":"https:\/\/cdn1.mediawpaccore.net\/wp-content\/uploads\/2026\/03\/13130931\/Square-black-four-4x410-1.jpg","keywords":["Crisis en Cuba","destacado","Mar\u00eda Corina Machado","Pablo Alfonso"],"articleSection":["Noticias","Noticias de Cuba"],"inLanguage":"es","potentialAction":[{"@type":"CommentAction","name":"Comment","target":["https:\/\/www.cuballama.com\/noticias\/hermano-de-la-diosa-protagoniza-emotivo-momento-con-maria-corina-machado\/#respond"]}]},{"@type":"WebPage","@id":"https:\/\/www.cuballama.com\/noticias\/hermano-de-la-diosa-protagoniza-emotivo-momento-con-maria-corina-machado\/","url":"https:\/\/www.cuballama.com\/noticias\/hermano-de-la-diosa-protagoniza-emotivo-momento-con-maria-corina-machado\/","name":"Hermano de La Diosa protagoniza emotivo momento con Mar\u00eda Corina Machado - Cuballama Noticias","isPartOf":{"@id":"https:\/\/www.cuballama.com\/noticias\/#website"},"primaryImageOfPage":{"@id":"https:\/\/www.cuballama.com\/noticias\/hermano-de-la-diosa-protagoniza-emotivo-momento-con-maria-corina-machado\/#primaryimage"},"image":{"@id":"https:\/\/www.cuballama.com\/noticias\/hermano-de-la-diosa-protagoniza-emotivo-momento-con-maria-corina-machado\/#primaryimage"},"thumbnailUrl":"https:\/\/cdn1.mediawpaccore.net\/wp-content\/uploads\/2026\/03\/13130931\/Square-black-four-4x410-1.jpg","datePublished":"2026-03-13T17:31:28+00:00","dateModified":"2026-03-13T18:20:31+00:00","description":"El periodista cubano Pablo Alfonso, hermano de La Diosa, protagoniz\u00f3 un emotivo momento con la dirigente venezolana Mar\u00eda Corina Machado.","breadcrumb":{"@id":"https:\/\/www.cuballama.com\/noticias\/hermano-de-la-diosa-protagoniza-emotivo-momento-con-maria-corina-machado\/#breadcrumb"},"inLanguage":"es","potentialAction":[{"@type":"ReadAction","target":["https:\/\/www.cuballama.com\/noticias\/hermano-de-la-diosa-protagoniza-emotivo-momento-con-maria-corina-machado\/"]}]},{"@type":"ImageObject","inLanguage":"es","@id":"https:\/\/www.cuballama.com\/noticias\/hermano-de-la-diosa-protagoniza-emotivo-momento-con-maria-corina-machado\/#primaryimage","url":"https:\/\/cdn1.mediawpaccore.net\/wp-content\/uploads\/2026\/03\/13130931\/Square-black-four-4x410-1.jpg","contentUrl":"https:\/\/cdn1.mediawpaccore.net\/wp-content\/uploads\/2026\/03\/13130931\/Square-black-four-4x410-1.jpg","width":1200,"height":630,"caption":"Mar\u00eda Corina Mahcado y Pablo Alfonso. Foto: Facebook\/Mar\u00eda Corina Machado\/Pablo Alfonso."},{"@type":"BreadcrumbList","@id":"https:\/\/www.cuballama.com\/noticias\/hermano-de-la-diosa-protagoniza-emotivo-momento-con-maria-corina-machado\/#breadcrumb","itemListElement":[{"@type":"ListItem","position":1,"name":"Home","item":"https:\/\/www.cuballama.com\/noticias\/"},{"@type":"ListItem","position":2,"name":"Hermano de La Diosa protagoniza emotivo momento con Mar\u00eda Corina Machado"}]},{"@type":"WebSite","@id":"https:\/\/www.cuballama.com\/noticias\/#website","url":"https:\/\/www.cuballama.com\/noticias\/","name":"Cuballama Noticias","description":"Medio digital sobre Cuba y el mundo","publisher":{"@id":"https:\/\/www.cuballama.com\/noticias\/#organization"},"potentialAction":[{"@type":"SearchAction","target":{"@type":"EntryPoint","urlTemplate":"https:\/\/www.cuballama.com\/noticias\/?s={search_term_string}"},"query-input":{"@type":"PropertyValueSpecification","valueRequired":true,"valueName":"search_term_string"}}],"inLanguage":"es"},{"@type":"Organization","@id":"https:\/\/www.cuballama.com\/noticias\/#organization","name":"Cuballama","url":"https:\/\/www.cuballama.com\/noticias\/","logo":{"@type":"ImageObject","inLanguage":"es","@id":"https:\/\/www.cuballama.com\/noticias\/#\/schema\/logo\/image\/","url":"https:\/\/cdn1.mediawpaccore.net\/wp-content\/uploads\/2021\/12\/28171206\/cbll-logo-color-sm.png","contentUrl":"https:\/\/cdn1.mediawpaccore.net\/wp-content\/uploads\/2021\/12\/28171206\/cbll-logo-color-sm.png","width":600,"height":133,"caption":"Cuballama"},"image":{"@id":"https:\/\/www.cuballama.com\/noticias\/#\/schema\/logo\/image\/"},"sameAs":["https:\/\/www.facebook.com\/CubaLlama","https:\/\/x.com\/cuballama","https:\/\/www.instagram.com\/stories\/cuballama_oficial\/","https:\/\/www.youtube.com\/channel\/UCKkFE-d_axENGZcrc4as0IA"]},{"@type":"Person","@id":"https:\/\/www.cuballama.com\/noticias\/#\/schema\/person\/86cd3e3f4974437f031211213bf892d5","name":"Kathy","url":"https:\/\/www.cuballama.com\/noticias\/author\/kathy\/"}]}},"_links":{"self":[{"href":"https:\/\/www.cuballama.com\/noticias\/wp-json\/wp\/v2\/posts\/238081","targetHints":{"allow":["GET"]}}],"collection":[{"href":"https:\/\/www.cuballama.com\/noticias\/wp-json\/wp\/v2\/posts"}],"about":[{"href":"https:\/\/www.cuballama.com\/noticias\/wp-json\/wp\/v2\/types\/post"}],"author":[{"embeddable":true,"href":"https:\/\/www.cuballama.com\/noticias\/wp-json\/wp\/v2\/users\/30"}],"replies":[{"embeddable":true,"href":"https:\/\/www.cuballama.com\/noticias\/wp-json\/wp\/v2\/comments?post=238081"}],"version-history":[{"count":6,"href":"https:\/\/www.cuballama.com\/noticias\/wp-json\/wp\/v2\/posts\/238081\/revisions"}],"predecessor-version":[{"id":238109,"href":"https:\/\/www.cuballama.com\/noticias\/wp-json\/wp\/v2\/posts\/238081\/revisions\/238109"}],"wp:featuredmedia":[{"embeddable":true,"href":"https:\/\/www.cuballama.com\/noticias\/wp-json\/wp\/v2\/media\/238102"}],"wp:attachment":[{"href":"https:\/\/www.cuballama.com\/noticias\/wp-json\/wp\/v2\/media?parent=238081"}],"wp:term":[{"taxonomy":"category","embeddable":true,"href":"https:\/\/www.cuballama.com\/noticias\/wp-json\/wp\/v2\/categories?post=238081"},{"taxonomy":"post_tag","embeddable":true,"href":"https:\/\/www.cuballama.com\/noticias\/wp-json\/wp\/v2\/tags?post=238081"}],"curies":[{"name":"wp","href":"https:\/\/api.w.org\/{rel}","templated":true}]}}