{"id":238060,"date":"2026-03-13T11:37:37","date_gmt":"2026-03-13T15:37:37","guid":{"rendered":"https:\/\/www.cuballama.com\/noticias\/?p=238060"},"modified":"2026-03-13T12:59:21","modified_gmt":"2026-03-13T16:59:21","slug":"suegro-de-aly-sanchez-es-uno-de-los-medicos-mas-internacionales-de-cuba","status":"publish","type":"post","link":"https:\/\/www.cuballama.com\/noticias\/suegro-de-aly-sanchez-es-uno-de-los-medicos-mas-internacionales-de-cuba\/","title":{"rendered":"Suegro de Aly S\u00e1nchez es \u201cuno de los m\u00e9dicos m\u00e1s internacionales de Cuba\u201d"},"content":{"rendered":"\n<p>El doctor Roberto Balmaseda Manent, suegro de la actriz e influencer cubana Aly S\u00e1nchez, es una figura clave dentro del sistema de salud en Cuba, seg\u00fan revel\u00f3 este jueves el activista Eli\u00e9cer \u00c1vila.<\/p>\n\n\n\n<p>\u00c1vila identific\u00f3 a Balmaseda como el director del Hospital Ortop\u00e9dico Docente Fructuoso Rodr\u00edguez en La Habana y alguien cercano a la c\u00fapula del r\u00e9gimen cubano.<\/p>\n\n\n\n<p>De acuerdo con el Ministerio de Salud P\u00fablica (Minsap), Balmaseda, especialista de II Grado en Ortopedia y Traumatolog\u00eda, doctor en Ciencias, profesor e investigador titular y Miembro de M\u00e9rito de la Academia de Ciencias de Cuba, es fundador y coordinador de la organizaci\u00f3n m\u00e9dica internacional Operation Walk, que re\u00fane a especialistas que han realizado m\u00e1s de un centenar de misiones en 25 pa\u00edses, incluido Cuba, y han atendido a miles de personas.<\/p>\n\n\n\n<p>En <a href=\"https:\/\/especialidades.sld.cu\/ortopediatrauma\/2024\/03\/28\/gracias-doctor-balmaseda\/\">una entrevista<\/a> para el portal oficialista <em>Infomed<\/em> en 2024, cuando le fue otorgado el Premio al M\u00e9rito Cient\u00edfico por la obra de toda la vida, Balmaseda se\u00f1al\u00f3 como motivo de orgullo a sus seis hijos, \u201cde los cuales tres son m\u00e9dicos y uno de ellos ortop\u00e9dico\u201d.<\/p>\n\n\n\n<p>Balmaseda, que tambi\u00e9n ha trabajado en el Centro de Investigaciones M\u00e9dico Quir\u00fargicas, m\u00e1s conocido como CIMEQ, fue calificado entonces como \u201cuno de los m\u00e9dicos m\u00e1s internacionales de Cuba\u201d, que ha operado en pa\u00edses como M\u00e9xico, Argentina, Per\u00fa, Guatemala, Angola, Tanzania, Venezuela, Estados Unidos, Francia, Rep\u00fablica Checa, Jap\u00f3n e Inglaterra.<\/p>\n\n\n\n<iframe loading=\"lazy\" src=\"https:\/\/www.facebook.com\/plugins\/post.php?href=https%3A%2F%2Fwww.facebook.com%2Finfomedcuba%2Fposts%2Fpfbid02YFXZTiyz8jPY9NGNwRXTQjHvoYoyHASqhu7R7qEikNCi141zPGSXBs5g4Codfmcgl&#038;show_text=true&#038;width=500\" width=\"500\" height=\"451\" style=\"border:none;overflow:hidden\" scrolling=\"no\" frameborder=\"0\" allowfullscreen=\"true\" allow=\"autoplay; clipboard-write; encrypted-media; picture-in-picture; web-share\"><\/iframe>\n\n\n\n<p>Un fuente citada por \u00c1vila destac\u00f3 que cuatro de los hijos del cirujano viven actualmente en el exterior: uno en Espa\u00f1a y tres en Miami, Florida.<\/p>\n\n\n\n<p>Entre los hijos que residen en Estados Unidos estar\u00edan Roberto Balmaseda, el esposo de S\u00e1nchez; y Maikel Mart\u00edn, un creador de contenido conocido como Pre\u00f1a Palma.<\/p>\n\n\n\n<p>Otro de los hijos del doctor, Diego Balmaseda, trabaja como psiquiatra para M\u00e9dicos Sin Fronteras y radica mayormente en Espa\u00f1a.<\/p>\n\n\n\n<p>\u00c1vila resalt\u00f3 que hace unos meses Balmaseda abord\u00f3 en una entrevista las dificultades que enfrenta el sistema de salud cubano para adquirir materiales m\u00e9dicos debido a deudas pendientes o a restricciones comerciales vinculadas con las sanciones de Estados Unidos.<\/p>\n\n\n\n<p>Seg\u00fan explic\u00f3 el m\u00e9dico entonces, desde 2019 el hospital que dirige enfrent\u00f3 problemas para obtener pr\u00f3tesis de cadera y rodilla, lo que oblig\u00f3 a suspender operaciones a pacientes que las necesitaban.<\/p>\n\n\n\n<p>Balmaseda ha sido reconocido por el empleo de una innovadora t\u00e9cnica quir\u00fargica para la correcci\u00f3n de lo que com\u00fanmente se conoce como \u201cpie plano\u201d, la primera pr\u00f3tesis cubana de cadera y el fijador externo pl\u00e1stico circular para tratar fracturas, el cual fue premiado en la Cl\u00ednica Mayo, de Estados Unidos, y en Jap\u00f3n.<\/p>\n\n\n\n<p>El v\u00ednculo entre S\u00e1nchez y el doctor ha dividido opiniones en el exilio cubano, pues hay quienes subrayan que nadie puede escoger a su padre y que se trata de un \u201cchisme de vieja\u201d, y los que aseguran que por eso ella y su familia \u201cnunca se pronuncian en contra de la dictadura\u201d.<\/p>\n\n\n\n<p>\u201cPaisano mat\u00f3 a paisano. Por eso los cubanos jam\u00e1s prosperamos. \u00bfSe le podr\u00e1 llamar envidia? \u00bfQu\u00e9 tiene que ver la llovizna con mi celular?\u201d; y \u201c\u00bfY ella qu\u00e9 tiene que ver con eso? \u00c9l puede ser el mayor comunista y ella la m\u00e1s reaccionaria. He visto a padres e hijos tener posiciones frontales. Eli\u00e9cer \u00c1vila era del grupo de respuesta de la UCI (Universidad de Ciencias Inform\u00e1ticas) y hoy es influencer en contra de la dictadura. Que levante la mano quien en Cuba no estuvo adoctrinado\u201d, comentaron algunos.<\/p>\n\n\n\n<p>Otros internautas destacaron la calidad de Balmaseda como profesional. \u201cTremendo m\u00e9dico ortop\u00e9dico. Cuando mi hijo apenas ten\u00eda cinco a\u00f1os, le hicieron la cirug\u00eda de sus dos pies. Gracias a \u00e9l m\u00e1s nunca mi hijo a tenido m\u00e1s problemas, m\u00e1s dolor. Muy agradecida. Fue muy atento\u201d, expres\u00f3 una de ellos.<\/p>\n\n\n\n<p><\/p>\n","protected":false},"excerpt":{"rendered":"<p>El doctor Roberto Balmaseda Manent, suegro de la actriz e influencer cubana Aly S\u00e1nchez, es una figura clave dentro del sistema de salud en Cuba, seg\u00fan revel\u00f3 este jueves el activista Eli\u00e9cer \u00c1vila. \u00c1vila identific\u00f3 a Balmaseda como el director del Hospital Ortop\u00e9dico Docente Fructuoso Rodr\u00edguez en La Habana y alguien cercano a la c\u00fapula [&hellip;]<\/p>\n","protected":false},"author":30,"featured_media":238065,"comment_status":"open","ping_status":"closed","sticky":false,"template":"","format":"standard","meta":{"_acf_changed":false,"footnotes":""},"categories":[443,18],"tags":[11088,11050,941,2512,16810],"class_list":{"0":"post-238060","1":"post","2":"type-post","3":"status-publish","4":"format-standard","5":"has-post-thumbnail","7":"category-farandula","8":"category-noticias","9":"tag-aly-sanchez","10":"tag-cubanos-en-miami","11":"tag-destacado","12":"tag-minsap","13":"tag-salud-cubana"},"acf":[],"yoast_head":"<!-- This site is optimized with the Yoast SEO plugin v27.4 - https:\/\/yoast.com\/product\/yoast-seo-wordpress\/ -->\n<title>Suegro de Aly S\u00e1nchez es \u201cuno de los m\u00e9dicos m\u00e1s internacionales de Cuba\u201d - Cuballama Noticias<\/title>\n<meta name=\"description\" content=\"El doctor Roberto Balmaseda Manent, suegro de la influencer cubana Aly S\u00e1nchez, ser\u00eda una figura clave dentro del sistema de salud cubano.\" \/>\n<meta name=\"robots\" content=\"index, follow, max-snippet:-1, max-image-preview:large, max-video-preview:-1\" \/>\n<link rel=\"canonical\" href=\"https:\/\/www.cuballama.com\/noticias\/suegro-de-aly-sanchez-es-uno-de-los-medicos-mas-internacionales-de-cuba\/\" \/>\n<meta property=\"og:locale\" content=\"es_ES\" \/>\n<meta property=\"og:type\" content=\"article\" \/>\n<meta property=\"og:title\" content=\"Suegro de Aly S\u00e1nchez es \u201cuno de los m\u00e9dicos m\u00e1s internacionales de Cuba\u201d - Cuballama Noticias\" \/>\n<meta property=\"og:description\" content=\"El doctor Roberto Balmaseda Manent, suegro de la influencer cubana Aly S\u00e1nchez, ser\u00eda una figura clave dentro del sistema de salud cubano.\" \/>\n<meta property=\"og:url\" content=\"https:\/\/www.cuballama.com\/noticias\/suegro-de-aly-sanchez-es-uno-de-los-medicos-mas-internacionales-de-cuba\/\" \/>\n<meta property=\"og:site_name\" content=\"Cuballama Noticias\" \/>\n<meta property=\"article:publisher\" content=\"https:\/\/www.facebook.com\/CubaLlama\" \/>\n<meta property=\"article:published_time\" content=\"2026-03-13T15:37:37+00:00\" \/>\n<meta property=\"article:modified_time\" content=\"2026-03-13T16:59:21+00:00\" \/>\n<meta property=\"og:image\" content=\"https:\/\/cdn1.mediawpaccore.net\/wp-content\/uploads\/2026\/03\/13082424\/605939032_887252443810717_1064132015100608051_n1.jpg\" \/>\n\t<meta property=\"og:image:width\" content=\"1200\" \/>\n\t<meta property=\"og:image:height\" content=\"630\" \/>\n\t<meta property=\"og:image:type\" content=\"image\/jpeg\" \/>\n<meta name=\"author\" content=\"Kathy\" \/>\n<meta name=\"twitter:card\" content=\"summary_large_image\" \/>\n<meta name=\"twitter:creator\" content=\"@cuballama\" \/>\n<meta name=\"twitter:site\" content=\"@cuballama\" \/>\n<meta name=\"twitter:label1\" content=\"Escrito por\" \/>\n\t<meta name=\"twitter:data1\" content=\"Kathy\" \/>\n\t<meta name=\"twitter:label2\" content=\"Tiempo de lectura\" \/>\n\t<meta name=\"twitter:data2\" content=\"4 minutos\" \/>\n<script type=\"application\/ld+json\" class=\"yoast-schema-graph\">{\"@context\":\"https:\\\/\\\/schema.org\",\"@graph\":[{\"@type\":\"Article\",\"@id\":\"https:\\\/\\\/www.cuballama.com\\\/noticias\\\/suegro-de-aly-sanchez-es-uno-de-los-medicos-mas-internacionales-de-cuba\\\/#article\",\"isPartOf\":{\"@id\":\"https:\\\/\\\/www.cuballama.com\\\/noticias\\\/suegro-de-aly-sanchez-es-uno-de-los-medicos-mas-internacionales-de-cuba\\\/\"},\"author\":{\"name\":\"Kathy\",\"@id\":\"https:\\\/\\\/www.cuballama.com\\\/noticias\\\/#\\\/schema\\\/person\\\/86cd3e3f4974437f031211213bf892d5\"},\"headline\":\"Suegro de Aly S\u00e1nchez es \u201cuno de los m\u00e9dicos m\u00e1s internacionales de Cuba\u201d\",\"datePublished\":\"2026-03-13T15:37:37+00:00\",\"dateModified\":\"2026-03-13T16:59:21+00:00\",\"mainEntityOfPage\":{\"@id\":\"https:\\\/\\\/www.cuballama.com\\\/noticias\\\/suegro-de-aly-sanchez-es-uno-de-los-medicos-mas-internacionales-de-cuba\\\/\"},\"wordCount\":687,\"commentCount\":1,\"publisher\":{\"@id\":\"https:\\\/\\\/www.cuballama.com\\\/noticias\\\/#organization\"},\"image\":{\"@id\":\"https:\\\/\\\/www.cuballama.com\\\/noticias\\\/suegro-de-aly-sanchez-es-uno-de-los-medicos-mas-internacionales-de-cuba\\\/#primaryimage\"},\"thumbnailUrl\":\"https:\\\/\\\/cdn1.mediawpaccore.net\\\/wp-content\\\/uploads\\\/2026\\\/03\\\/13082424\\\/605939032_887252443810717_1064132015100608051_n1.jpg\",\"keywords\":[\"Aly S\u00e1nchez\",\"cubanos en Miami\",\"destacado\",\"MINSAP\",\"salud cubana\"],\"articleSection\":[\"Far\u00e1ndula\",\"Noticias\"],\"inLanguage\":\"es\",\"potentialAction\":[{\"@type\":\"CommentAction\",\"name\":\"Comment\",\"target\":[\"https:\\\/\\\/www.cuballama.com\\\/noticias\\\/suegro-de-aly-sanchez-es-uno-de-los-medicos-mas-internacionales-de-cuba\\\/#respond\"]}]},{\"@type\":\"WebPage\",\"@id\":\"https:\\\/\\\/www.cuballama.com\\\/noticias\\\/suegro-de-aly-sanchez-es-uno-de-los-medicos-mas-internacionales-de-cuba\\\/\",\"url\":\"https:\\\/\\\/www.cuballama.com\\\/noticias\\\/suegro-de-aly-sanchez-es-uno-de-los-medicos-mas-internacionales-de-cuba\\\/\",\"name\":\"Suegro de Aly S\u00e1nchez es \u201cuno de los m\u00e9dicos m\u00e1s internacionales de Cuba\u201d - Cuballama Noticias\",\"isPartOf\":{\"@id\":\"https:\\\/\\\/www.cuballama.com\\\/noticias\\\/#website\"},\"primaryImageOfPage\":{\"@id\":\"https:\\\/\\\/www.cuballama.com\\\/noticias\\\/suegro-de-aly-sanchez-es-uno-de-los-medicos-mas-internacionales-de-cuba\\\/#primaryimage\"},\"image\":{\"@id\":\"https:\\\/\\\/www.cuballama.com\\\/noticias\\\/suegro-de-aly-sanchez-es-uno-de-los-medicos-mas-internacionales-de-cuba\\\/#primaryimage\"},\"thumbnailUrl\":\"https:\\\/\\\/cdn1.mediawpaccore.net\\\/wp-content\\\/uploads\\\/2026\\\/03\\\/13082424\\\/605939032_887252443810717_1064132015100608051_n1.jpg\",\"datePublished\":\"2026-03-13T15:37:37+00:00\",\"dateModified\":\"2026-03-13T16:59:21+00:00\",\"description\":\"El doctor Roberto Balmaseda Manent, suegro de la influencer cubana Aly S\u00e1nchez, ser\u00eda una figura clave dentro del sistema de salud cubano.\",\"breadcrumb\":{\"@id\":\"https:\\\/\\\/www.cuballama.com\\\/noticias\\\/suegro-de-aly-sanchez-es-uno-de-los-medicos-mas-internacionales-de-cuba\\\/#breadcrumb\"},\"inLanguage\":\"es\",\"potentialAction\":[{\"@type\":\"ReadAction\",\"target\":[\"https:\\\/\\\/www.cuballama.com\\\/noticias\\\/suegro-de-aly-sanchez-es-uno-de-los-medicos-mas-internacionales-de-cuba\\\/\"]}]},{\"@type\":\"ImageObject\",\"inLanguage\":\"es\",\"@id\":\"https:\\\/\\\/www.cuballama.com\\\/noticias\\\/suegro-de-aly-sanchez-es-uno-de-los-medicos-mas-internacionales-de-cuba\\\/#primaryimage\",\"url\":\"https:\\\/\\\/cdn1.mediawpaccore.net\\\/wp-content\\\/uploads\\\/2026\\\/03\\\/13082424\\\/605939032_887252443810717_1064132015100608051_n1.jpg\",\"contentUrl\":\"https:\\\/\\\/cdn1.mediawpaccore.net\\\/wp-content\\\/uploads\\\/2026\\\/03\\\/13082424\\\/605939032_887252443810717_1064132015100608051_n1.jpg\",\"width\":1200,\"height\":630,\"caption\":\"Aly S\u00e1nchez junto a su esposo Roberto Balmaseda. Foto: Facebook\\\/Aly S\u00e1nchez.\"},{\"@type\":\"BreadcrumbList\",\"@id\":\"https:\\\/\\\/www.cuballama.com\\\/noticias\\\/suegro-de-aly-sanchez-es-uno-de-los-medicos-mas-internacionales-de-cuba\\\/#breadcrumb\",\"itemListElement\":[{\"@type\":\"ListItem\",\"position\":1,\"name\":\"Home\",\"item\":\"https:\\\/\\\/www.cuballama.com\\\/noticias\\\/\"},{\"@type\":\"ListItem\",\"position\":2,\"name\":\"Suegro de Aly S\u00e1nchez es \u201cuno de los m\u00e9dicos m\u00e1s internacionales de Cuba\u201d\"}]},{\"@type\":\"WebSite\",\"@id\":\"https:\\\/\\\/www.cuballama.com\\\/noticias\\\/#website\",\"url\":\"https:\\\/\\\/www.cuballama.com\\\/noticias\\\/\",\"name\":\"Cuballama Noticias\",\"description\":\"Medio digital sobre Cuba y el mundo\",\"publisher\":{\"@id\":\"https:\\\/\\\/www.cuballama.com\\\/noticias\\\/#organization\"},\"potentialAction\":[{\"@type\":\"SearchAction\",\"target\":{\"@type\":\"EntryPoint\",\"urlTemplate\":\"https:\\\/\\\/www.cuballama.com\\\/noticias\\\/?s={search_term_string}\"},\"query-input\":{\"@type\":\"PropertyValueSpecification\",\"valueRequired\":true,\"valueName\":\"search_term_string\"}}],\"inLanguage\":\"es\"},{\"@type\":\"Organization\",\"@id\":\"https:\\\/\\\/www.cuballama.com\\\/noticias\\\/#organization\",\"name\":\"Cuballama\",\"url\":\"https:\\\/\\\/www.cuballama.com\\\/noticias\\\/\",\"logo\":{\"@type\":\"ImageObject\",\"inLanguage\":\"es\",\"@id\":\"https:\\\/\\\/www.cuballama.com\\\/noticias\\\/#\\\/schema\\\/logo\\\/image\\\/\",\"url\":\"https:\\\/\\\/cdn1.mediawpaccore.net\\\/wp-content\\\/uploads\\\/2021\\\/12\\\/28171206\\\/cbll-logo-color-sm.png\",\"contentUrl\":\"https:\\\/\\\/cdn1.mediawpaccore.net\\\/wp-content\\\/uploads\\\/2021\\\/12\\\/28171206\\\/cbll-logo-color-sm.png\",\"width\":600,\"height\":133,\"caption\":\"Cuballama\"},\"image\":{\"@id\":\"https:\\\/\\\/www.cuballama.com\\\/noticias\\\/#\\\/schema\\\/logo\\\/image\\\/\"},\"sameAs\":[\"https:\\\/\\\/www.facebook.com\\\/CubaLlama\",\"https:\\\/\\\/x.com\\\/cuballama\",\"https:\\\/\\\/www.instagram.com\\\/stories\\\/cuballama_oficial\\\/\",\"https:\\\/\\\/www.youtube.com\\\/channel\\\/UCKkFE-d_axENGZcrc4as0IA\"]},{\"@type\":\"Person\",\"@id\":\"https:\\\/\\\/www.cuballama.com\\\/noticias\\\/#\\\/schema\\\/person\\\/86cd3e3f4974437f031211213bf892d5\",\"name\":\"Kathy\",\"url\":\"https:\\\/\\\/www.cuballama.com\\\/noticias\\\/author\\\/kathy\\\/\"}]}<\/script>\n<!-- \/ Yoast SEO plugin. -->","yoast_head_json":{"title":"Suegro de Aly S\u00e1nchez es \u201cuno de los m\u00e9dicos m\u00e1s internacionales de Cuba\u201d - Cuballama Noticias","description":"El doctor Roberto Balmaseda Manent, suegro de la influencer cubana Aly S\u00e1nchez, ser\u00eda una figura clave dentro del sistema de salud cubano.","robots":{"index":"index","follow":"follow","max-snippet":"max-snippet:-1","max-image-preview":"max-image-preview:large","max-video-preview":"max-video-preview:-1"},"canonical":"https:\/\/www.cuballama.com\/noticias\/suegro-de-aly-sanchez-es-uno-de-los-medicos-mas-internacionales-de-cuba\/","og_locale":"es_ES","og_type":"article","og_title":"Suegro de Aly S\u00e1nchez es \u201cuno de los m\u00e9dicos m\u00e1s internacionales de Cuba\u201d - Cuballama Noticias","og_description":"El doctor Roberto Balmaseda Manent, suegro de la influencer cubana Aly S\u00e1nchez, ser\u00eda una figura clave dentro del sistema de salud cubano.","og_url":"https:\/\/www.cuballama.com\/noticias\/suegro-de-aly-sanchez-es-uno-de-los-medicos-mas-internacionales-de-cuba\/","og_site_name":"Cuballama Noticias","article_publisher":"https:\/\/www.facebook.com\/CubaLlama","article_published_time":"2026-03-13T15:37:37+00:00","article_modified_time":"2026-03-13T16:59:21+00:00","og_image":[{"width":1200,"height":630,"url":"https:\/\/cdn1.mediawpaccore.net\/wp-content\/uploads\/2026\/03\/13082424\/605939032_887252443810717_1064132015100608051_n1.jpg","type":"image\/jpeg"}],"author":"Kathy","twitter_card":"summary_large_image","twitter_creator":"@cuballama","twitter_site":"@cuballama","twitter_misc":{"Escrito por":"Kathy","Tiempo de lectura":"4 minutos"},"schema":{"@context":"https:\/\/schema.org","@graph":[{"@type":"Article","@id":"https:\/\/www.cuballama.com\/noticias\/suegro-de-aly-sanchez-es-uno-de-los-medicos-mas-internacionales-de-cuba\/#article","isPartOf":{"@id":"https:\/\/www.cuballama.com\/noticias\/suegro-de-aly-sanchez-es-uno-de-los-medicos-mas-internacionales-de-cuba\/"},"author":{"name":"Kathy","@id":"https:\/\/www.cuballama.com\/noticias\/#\/schema\/person\/86cd3e3f4974437f031211213bf892d5"},"headline":"Suegro de Aly S\u00e1nchez es \u201cuno de los m\u00e9dicos m\u00e1s internacionales de Cuba\u201d","datePublished":"2026-03-13T15:37:37+00:00","dateModified":"2026-03-13T16:59:21+00:00","mainEntityOfPage":{"@id":"https:\/\/www.cuballama.com\/noticias\/suegro-de-aly-sanchez-es-uno-de-los-medicos-mas-internacionales-de-cuba\/"},"wordCount":687,"commentCount":1,"publisher":{"@id":"https:\/\/www.cuballama.com\/noticias\/#organization"},"image":{"@id":"https:\/\/www.cuballama.com\/noticias\/suegro-de-aly-sanchez-es-uno-de-los-medicos-mas-internacionales-de-cuba\/#primaryimage"},"thumbnailUrl":"https:\/\/cdn1.mediawpaccore.net\/wp-content\/uploads\/2026\/03\/13082424\/605939032_887252443810717_1064132015100608051_n1.jpg","keywords":["Aly S\u00e1nchez","cubanos en Miami","destacado","MINSAP","salud cubana"],"articleSection":["Far\u00e1ndula","Noticias"],"inLanguage":"es","potentialAction":[{"@type":"CommentAction","name":"Comment","target":["https:\/\/www.cuballama.com\/noticias\/suegro-de-aly-sanchez-es-uno-de-los-medicos-mas-internacionales-de-cuba\/#respond"]}]},{"@type":"WebPage","@id":"https:\/\/www.cuballama.com\/noticias\/suegro-de-aly-sanchez-es-uno-de-los-medicos-mas-internacionales-de-cuba\/","url":"https:\/\/www.cuballama.com\/noticias\/suegro-de-aly-sanchez-es-uno-de-los-medicos-mas-internacionales-de-cuba\/","name":"Suegro de Aly S\u00e1nchez es \u201cuno de los m\u00e9dicos m\u00e1s internacionales de Cuba\u201d - Cuballama Noticias","isPartOf":{"@id":"https:\/\/www.cuballama.com\/noticias\/#website"},"primaryImageOfPage":{"@id":"https:\/\/www.cuballama.com\/noticias\/suegro-de-aly-sanchez-es-uno-de-los-medicos-mas-internacionales-de-cuba\/#primaryimage"},"image":{"@id":"https:\/\/www.cuballama.com\/noticias\/suegro-de-aly-sanchez-es-uno-de-los-medicos-mas-internacionales-de-cuba\/#primaryimage"},"thumbnailUrl":"https:\/\/cdn1.mediawpaccore.net\/wp-content\/uploads\/2026\/03\/13082424\/605939032_887252443810717_1064132015100608051_n1.jpg","datePublished":"2026-03-13T15:37:37+00:00","dateModified":"2026-03-13T16:59:21+00:00","description":"El doctor Roberto Balmaseda Manent, suegro de la influencer cubana Aly S\u00e1nchez, ser\u00eda una figura clave dentro del sistema de salud cubano.","breadcrumb":{"@id":"https:\/\/www.cuballama.com\/noticias\/suegro-de-aly-sanchez-es-uno-de-los-medicos-mas-internacionales-de-cuba\/#breadcrumb"},"inLanguage":"es","potentialAction":[{"@type":"ReadAction","target":["https:\/\/www.cuballama.com\/noticias\/suegro-de-aly-sanchez-es-uno-de-los-medicos-mas-internacionales-de-cuba\/"]}]},{"@type":"ImageObject","inLanguage":"es","@id":"https:\/\/www.cuballama.com\/noticias\/suegro-de-aly-sanchez-es-uno-de-los-medicos-mas-internacionales-de-cuba\/#primaryimage","url":"https:\/\/cdn1.mediawpaccore.net\/wp-content\/uploads\/2026\/03\/13082424\/605939032_887252443810717_1064132015100608051_n1.jpg","contentUrl":"https:\/\/cdn1.mediawpaccore.net\/wp-content\/uploads\/2026\/03\/13082424\/605939032_887252443810717_1064132015100608051_n1.jpg","width":1200,"height":630,"caption":"Aly S\u00e1nchez junto a su esposo Roberto Balmaseda. Foto: Facebook\/Aly S\u00e1nchez."},{"@type":"BreadcrumbList","@id":"https:\/\/www.cuballama.com\/noticias\/suegro-de-aly-sanchez-es-uno-de-los-medicos-mas-internacionales-de-cuba\/#breadcrumb","itemListElement":[{"@type":"ListItem","position":1,"name":"Home","item":"https:\/\/www.cuballama.com\/noticias\/"},{"@type":"ListItem","position":2,"name":"Suegro de Aly S\u00e1nchez es \u201cuno de los m\u00e9dicos m\u00e1s internacionales de Cuba\u201d"}]},{"@type":"WebSite","@id":"https:\/\/www.cuballama.com\/noticias\/#website","url":"https:\/\/www.cuballama.com\/noticias\/","name":"Cuballama Noticias","description":"Medio digital sobre Cuba y el mundo","publisher":{"@id":"https:\/\/www.cuballama.com\/noticias\/#organization"},"potentialAction":[{"@type":"SearchAction","target":{"@type":"EntryPoint","urlTemplate":"https:\/\/www.cuballama.com\/noticias\/?s={search_term_string}"},"query-input":{"@type":"PropertyValueSpecification","valueRequired":true,"valueName":"search_term_string"}}],"inLanguage":"es"},{"@type":"Organization","@id":"https:\/\/www.cuballama.com\/noticias\/#organization","name":"Cuballama","url":"https:\/\/www.cuballama.com\/noticias\/","logo":{"@type":"ImageObject","inLanguage":"es","@id":"https:\/\/www.cuballama.com\/noticias\/#\/schema\/logo\/image\/","url":"https:\/\/cdn1.mediawpaccore.net\/wp-content\/uploads\/2021\/12\/28171206\/cbll-logo-color-sm.png","contentUrl":"https:\/\/cdn1.mediawpaccore.net\/wp-content\/uploads\/2021\/12\/28171206\/cbll-logo-color-sm.png","width":600,"height":133,"caption":"Cuballama"},"image":{"@id":"https:\/\/www.cuballama.com\/noticias\/#\/schema\/logo\/image\/"},"sameAs":["https:\/\/www.facebook.com\/CubaLlama","https:\/\/x.com\/cuballama","https:\/\/www.instagram.com\/stories\/cuballama_oficial\/","https:\/\/www.youtube.com\/channel\/UCKkFE-d_axENGZcrc4as0IA"]},{"@type":"Person","@id":"https:\/\/www.cuballama.com\/noticias\/#\/schema\/person\/86cd3e3f4974437f031211213bf892d5","name":"Kathy","url":"https:\/\/www.cuballama.com\/noticias\/author\/kathy\/"}]}},"_links":{"self":[{"href":"https:\/\/www.cuballama.com\/noticias\/wp-json\/wp\/v2\/posts\/238060","targetHints":{"allow":["GET"]}}],"collection":[{"href":"https:\/\/www.cuballama.com\/noticias\/wp-json\/wp\/v2\/posts"}],"about":[{"href":"https:\/\/www.cuballama.com\/noticias\/wp-json\/wp\/v2\/types\/post"}],"author":[{"embeddable":true,"href":"https:\/\/www.cuballama.com\/noticias\/wp-json\/wp\/v2\/users\/30"}],"replies":[{"embeddable":true,"href":"https:\/\/www.cuballama.com\/noticias\/wp-json\/wp\/v2\/comments?post=238060"}],"version-history":[{"count":16,"href":"https:\/\/www.cuballama.com\/noticias\/wp-json\/wp\/v2\/posts\/238060\/revisions"}],"predecessor-version":[{"id":238099,"href":"https:\/\/www.cuballama.com\/noticias\/wp-json\/wp\/v2\/posts\/238060\/revisions\/238099"}],"wp:featuredmedia":[{"embeddable":true,"href":"https:\/\/www.cuballama.com\/noticias\/wp-json\/wp\/v2\/media\/238065"}],"wp:attachment":[{"href":"https:\/\/www.cuballama.com\/noticias\/wp-json\/wp\/v2\/media?parent=238060"}],"wp:term":[{"taxonomy":"category","embeddable":true,"href":"https:\/\/www.cuballama.com\/noticias\/wp-json\/wp\/v2\/categories?post=238060"},{"taxonomy":"post_tag","embeddable":true,"href":"https:\/\/www.cuballama.com\/noticias\/wp-json\/wp\/v2\/tags?post=238060"}],"curies":[{"name":"wp","href":"https:\/\/api.w.org\/{rel}","templated":true}]}}