{"id":238045,"date":"2026-03-14T08:56:30","date_gmt":"2026-03-14T12:56:30","guid":{"rendered":"https:\/\/www.cuballama.com\/noticias\/?p=238045"},"modified":"2026-03-14T08:56:33","modified_gmt":"2026-03-14T12:56:33","slug":"ex-ceo-de-starbucks-howard-schultz-deja-seattle-y-se-marcha-a-vivir-a-miami","status":"publish","type":"post","link":"https:\/\/www.cuballama.com\/noticias\/ex-ceo-de-starbucks-howard-schultz-deja-seattle-y-se-marcha-a-vivir-a-miami\/","title":{"rendered":"Ex CEO de Starbucks Howard Schultz deja Seattle y se marcha a vivir a Miami"},"content":{"rendered":"\n<p>Howard Schultz, el exdirector ejecutivo y figura decisiva en la expansi\u00f3n global de Starbucks, anunci\u00f3 que dej\u00f3 Seattle y se mud\u00f3 con su esposa a Miami. El propio empresario lo comunic\u00f3 en LinkedIn al afirmar que ambos hab\u00edan entrado en una etapa de retiro y que se trasladaban al sur de Florida para una nueva etapa de vida m\u00e1s cerca de sus hijos y nietos en la Costa Este. Distintos medios estadounidenses coinciden en que no se trata de una mudanza simb\u00f3lica ni temporal: Schultz ya aparece vinculado a una compra de alt\u00edsimo perfil en Surfside.<\/p>\n\n\n\n<p>La operaci\u00f3n inmobiliaria reportada en paralelo coloca a Schultz en una de las zonas m\u00e1s exclusivas del condado de Miami-Dade. <\/p>\n\n\n\n<p>Seg\u00fan <em>The Wall Street Journal<\/em>, citado por medios locales y financieros, el exjefe de Starbucks pag\u00f3 alrededor de 44 millones de d\u00f3lares por un penthouse en el Surf Club, Four Seasons Private Residences, en Surfside. <em>Local 10 <\/em>y <em>The Real Deal<\/em> precisan que la propiedad est\u00e1 en 9011 Collins Avenue y que el edificio se ha convertido en una direcci\u00f3n habitual para compradores ultra ricos que buscan privacidad, servicios de hotel y acceso directo al mar.<\/p>\n\n\n\n<p>La salida de Schultz de Seattle ocurri\u00f3 adem\u00e1s en una semana especialmente sensible en Washington. CBS y otros medios se\u00f1alan que su anuncio coincidi\u00f3 con el avance definitivo de la llamada \u201cmillionaire\u2019s tax\u201d, un impuesto del 9,9 % sobre ingresos superiores al mill\u00f3n de d\u00f3lares aprobado por la legislatura estatal. Schultz no dijo p\u00fablicamente que esa medida fuera la causa de su mudanza, pero s\u00ed dej\u00f3 una frase sobre su deseo de que Washington siga siendo un lugar donde prosperen la empresa y el emprendimiento. El silencio sobre el nuevo gravamen, combinado con el momento en que se conoci\u00f3 su salida, ha alimentado por s\u00ed solo las interpretaciones.<\/p>\n\n\n\n<p>M\u00e1s all\u00e1 del caso Schultz, lo que se ve es una tendencia sostenida. Miami y su entorno costero siguen atrayendo a empresarios, fundadores tecnol\u00f3gicos y grandes fortunas que abandonan estados con mayor presi\u00f3n fiscal o climas regulatorios menos favorables. <\/p>\n\n\n\n<p>MarketWatch y <em><a href=\"https:\/\/www.miaminewtimes.com\/news\/former-starbucks-ceo-is-the-latest-billionaire-to-move-to-miami-40531142\/\" target=\"_blank\" rel=\"noreferrer noopener nofollow\">Miami New Times<\/a><\/em> ubican a Schultz en esa corriente m\u00e1s amplia que ya incluye nombres como Jeff Bezos y Mark Zuckerberg. En ese mapa, Surfside, Indian Creek y otras zonas cercanas se han consolidado como vitrinas de una nueva geograf\u00eda del poder econ\u00f3mico estadounidense, donde la riqueza se muda no solo por sol y mar, sino tambi\u00e9n por impuestos, pol\u00edtica y estatus.<\/p>\n","protected":false},"excerpt":{"rendered":"<p>El exjefe de Starbucks dej\u00f3 Seattle y se instal\u00f3 en Surfside, reforzando la tendencia de multimillonarios que se mudan al sur de Florida.<\/p>\n","protected":false},"author":13,"featured_media":238059,"comment_status":"open","ping_status":"closed","sticky":false,"template":"","format":"standard","meta":{"_acf_changed":false,"footnotes":""},"categories":[18,11024],"tags":[9881,314,31098,256,2220,10291,11104],"class_list":{"0":"post-238045","1":"post","2":"type-post","3":"status-publish","4":"format-standard","5":"has-post-thumbnail","7":"category-noticias","8":"category-noticias-de-miami","9":"tag-bienes-raices","10":"tag-florida","11":"tag-howard-schultz","12":"tag-miami","13":"tag-multimillonarios","14":"tag-starbucks","15":"tag-surfside"},"acf":[],"yoast_head":"<!-- This site is optimized with the Yoast SEO plugin v27.4 - https:\/\/yoast.com\/product\/yoast-seo-wordpress\/ -->\n<title>Ex CEO de Starbucks Howard Schultz deja Seattle y se marcha a vivir a Miami - Cuballama Noticias<\/title>\n<meta name=\"description\" content=\"Howard Schultz deja Seattle y se muda a Surfside, sum\u00e1ndose al \u00e9xodo de multimillonarios hacia el sur de Florida este a\u00f1o ya.\" \/>\n<meta name=\"robots\" content=\"index, follow, max-snippet:-1, max-image-preview:large, max-video-preview:-1\" \/>\n<link rel=\"canonical\" href=\"https:\/\/www.cuballama.com\/noticias\/ex-ceo-de-starbucks-howard-schultz-deja-seattle-y-se-marcha-a-vivir-a-miami\/\" \/>\n<meta property=\"og:locale\" content=\"es_ES\" \/>\n<meta property=\"og:type\" content=\"article\" \/>\n<meta property=\"og:title\" content=\"Ex CEO de Starbucks Howard Schultz deja Seattle y se marcha a vivir a Miami - Cuballama Noticias\" \/>\n<meta property=\"og:description\" content=\"Howard Schultz deja Seattle y se muda a Surfside, sum\u00e1ndose al \u00e9xodo de multimillonarios hacia el sur de Florida este a\u00f1o ya.\" \/>\n<meta property=\"og:url\" content=\"https:\/\/www.cuballama.com\/noticias\/ex-ceo-de-starbucks-howard-schultz-deja-seattle-y-se-marcha-a-vivir-a-miami\/\" \/>\n<meta property=\"og:site_name\" content=\"Cuballama Noticias\" \/>\n<meta property=\"article:publisher\" content=\"https:\/\/www.facebook.com\/CubaLlama\" \/>\n<meta property=\"article:published_time\" content=\"2026-03-14T12:56:30+00:00\" \/>\n<meta property=\"article:modified_time\" content=\"2026-03-14T12:56:33+00:00\" \/>\n<meta property=\"og:image\" content=\"https:\/\/cdn1.mediawpaccore.net\/wp-content\/uploads\/2026\/03\/13081424\/ChatGPT-Image-Mar-13-2026-01_14_02-PM-1024x683.png\" \/>\n\t<meta property=\"og:image:width\" content=\"1024\" \/>\n\t<meta property=\"og:image:height\" content=\"683\" \/>\n\t<meta property=\"og:image:type\" content=\"image\/png\" \/>\n<meta name=\"author\" content=\"Roberto A.\" \/>\n<meta name=\"twitter:card\" content=\"summary_large_image\" \/>\n<meta name=\"twitter:creator\" content=\"@cuballama\" \/>\n<meta name=\"twitter:site\" content=\"@cuballama\" \/>\n<meta name=\"twitter:label1\" content=\"Escrito por\" \/>\n\t<meta name=\"twitter:data1\" content=\"Roberto A.\" \/>\n\t<meta name=\"twitter:label2\" content=\"Tiempo de lectura\" \/>\n\t<meta name=\"twitter:data2\" content=\"1 minuto\" \/>\n<script type=\"application\/ld+json\" class=\"yoast-schema-graph\">{\"@context\":\"https:\\\/\\\/schema.org\",\"@graph\":[{\"@type\":\"Article\",\"@id\":\"https:\\\/\\\/www.cuballama.com\\\/noticias\\\/ex-ceo-de-starbucks-howard-schultz-deja-seattle-y-se-marcha-a-vivir-a-miami\\\/#article\",\"isPartOf\":{\"@id\":\"https:\\\/\\\/www.cuballama.com\\\/noticias\\\/ex-ceo-de-starbucks-howard-schultz-deja-seattle-y-se-marcha-a-vivir-a-miami\\\/\"},\"author\":{\"name\":\"Roberto A.\",\"@id\":\"https:\\\/\\\/www.cuballama.com\\\/noticias\\\/#\\\/schema\\\/person\\\/a58502ed4146c8e9f83872e897c76cd2\"},\"headline\":\"Ex CEO de Starbucks Howard Schultz deja Seattle y se marcha a vivir a Miami\",\"datePublished\":\"2026-03-14T12:56:30+00:00\",\"dateModified\":\"2026-03-14T12:56:33+00:00\",\"mainEntityOfPage\":{\"@id\":\"https:\\\/\\\/www.cuballama.com\\\/noticias\\\/ex-ceo-de-starbucks-howard-schultz-deja-seattle-y-se-marcha-a-vivir-a-miami\\\/\"},\"wordCount\":437,\"commentCount\":0,\"publisher\":{\"@id\":\"https:\\\/\\\/www.cuballama.com\\\/noticias\\\/#organization\"},\"image\":{\"@id\":\"https:\\\/\\\/www.cuballama.com\\\/noticias\\\/ex-ceo-de-starbucks-howard-schultz-deja-seattle-y-se-marcha-a-vivir-a-miami\\\/#primaryimage\"},\"thumbnailUrl\":\"https:\\\/\\\/cdn1.mediawpaccore.net\\\/wp-content\\\/uploads\\\/2026\\\/03\\\/13081424\\\/ChatGPT-Image-Mar-13-2026-01_14_02-PM.png\",\"keywords\":[\"Bienes ra\u00edces\",\"Florida\",\"Howard Schultz\",\"Miami\",\"multimillonarios\",\"Starbucks\",\"Surfside\"],\"articleSection\":[\"Noticias\",\"Noticias de Miami\"],\"inLanguage\":\"es\",\"potentialAction\":[{\"@type\":\"CommentAction\",\"name\":\"Comment\",\"target\":[\"https:\\\/\\\/www.cuballama.com\\\/noticias\\\/ex-ceo-de-starbucks-howard-schultz-deja-seattle-y-se-marcha-a-vivir-a-miami\\\/#respond\"]}]},{\"@type\":\"WebPage\",\"@id\":\"https:\\\/\\\/www.cuballama.com\\\/noticias\\\/ex-ceo-de-starbucks-howard-schultz-deja-seattle-y-se-marcha-a-vivir-a-miami\\\/\",\"url\":\"https:\\\/\\\/www.cuballama.com\\\/noticias\\\/ex-ceo-de-starbucks-howard-schultz-deja-seattle-y-se-marcha-a-vivir-a-miami\\\/\",\"name\":\"Ex CEO de Starbucks Howard Schultz deja Seattle y se marcha a vivir a Miami - Cuballama Noticias\",\"isPartOf\":{\"@id\":\"https:\\\/\\\/www.cuballama.com\\\/noticias\\\/#website\"},\"primaryImageOfPage\":{\"@id\":\"https:\\\/\\\/www.cuballama.com\\\/noticias\\\/ex-ceo-de-starbucks-howard-schultz-deja-seattle-y-se-marcha-a-vivir-a-miami\\\/#primaryimage\"},\"image\":{\"@id\":\"https:\\\/\\\/www.cuballama.com\\\/noticias\\\/ex-ceo-de-starbucks-howard-schultz-deja-seattle-y-se-marcha-a-vivir-a-miami\\\/#primaryimage\"},\"thumbnailUrl\":\"https:\\\/\\\/cdn1.mediawpaccore.net\\\/wp-content\\\/uploads\\\/2026\\\/03\\\/13081424\\\/ChatGPT-Image-Mar-13-2026-01_14_02-PM.png\",\"datePublished\":\"2026-03-14T12:56:30+00:00\",\"dateModified\":\"2026-03-14T12:56:33+00:00\",\"description\":\"Howard Schultz deja Seattle y se muda a Surfside, sum\u00e1ndose al \u00e9xodo de multimillonarios hacia el sur de Florida este a\u00f1o ya.\",\"breadcrumb\":{\"@id\":\"https:\\\/\\\/www.cuballama.com\\\/noticias\\\/ex-ceo-de-starbucks-howard-schultz-deja-seattle-y-se-marcha-a-vivir-a-miami\\\/#breadcrumb\"},\"inLanguage\":\"es\",\"potentialAction\":[{\"@type\":\"ReadAction\",\"target\":[\"https:\\\/\\\/www.cuballama.com\\\/noticias\\\/ex-ceo-de-starbucks-howard-schultz-deja-seattle-y-se-marcha-a-vivir-a-miami\\\/\"]}]},{\"@type\":\"ImageObject\",\"inLanguage\":\"es\",\"@id\":\"https:\\\/\\\/www.cuballama.com\\\/noticias\\\/ex-ceo-de-starbucks-howard-schultz-deja-seattle-y-se-marcha-a-vivir-a-miami\\\/#primaryimage\",\"url\":\"https:\\\/\\\/cdn1.mediawpaccore.net\\\/wp-content\\\/uploads\\\/2026\\\/03\\\/13081424\\\/ChatGPT-Image-Mar-13-2026-01_14_02-PM.png\",\"contentUrl\":\"https:\\\/\\\/cdn1.mediawpaccore.net\\\/wp-content\\\/uploads\\\/2026\\\/03\\\/13081424\\\/ChatGPT-Image-Mar-13-2026-01_14_02-PM.png\",\"width\":1536,\"height\":1024,\"caption\":\"Foto: Generada por la IA\"},{\"@type\":\"BreadcrumbList\",\"@id\":\"https:\\\/\\\/www.cuballama.com\\\/noticias\\\/ex-ceo-de-starbucks-howard-schultz-deja-seattle-y-se-marcha-a-vivir-a-miami\\\/#breadcrumb\",\"itemListElement\":[{\"@type\":\"ListItem\",\"position\":1,\"name\":\"Home\",\"item\":\"https:\\\/\\\/www.cuballama.com\\\/noticias\\\/\"},{\"@type\":\"ListItem\",\"position\":2,\"name\":\"Ex CEO de Starbucks Howard Schultz deja Seattle y se marcha a vivir a Miami\"}]},{\"@type\":\"WebSite\",\"@id\":\"https:\\\/\\\/www.cuballama.com\\\/noticias\\\/#website\",\"url\":\"https:\\\/\\\/www.cuballama.com\\\/noticias\\\/\",\"name\":\"Cuballama Noticias\",\"description\":\"Medio digital sobre Cuba y el mundo\",\"publisher\":{\"@id\":\"https:\\\/\\\/www.cuballama.com\\\/noticias\\\/#organization\"},\"potentialAction\":[{\"@type\":\"SearchAction\",\"target\":{\"@type\":\"EntryPoint\",\"urlTemplate\":\"https:\\\/\\\/www.cuballama.com\\\/noticias\\\/?s={search_term_string}\"},\"query-input\":{\"@type\":\"PropertyValueSpecification\",\"valueRequired\":true,\"valueName\":\"search_term_string\"}}],\"inLanguage\":\"es\"},{\"@type\":\"Organization\",\"@id\":\"https:\\\/\\\/www.cuballama.com\\\/noticias\\\/#organization\",\"name\":\"Cuballama\",\"url\":\"https:\\\/\\\/www.cuballama.com\\\/noticias\\\/\",\"logo\":{\"@type\":\"ImageObject\",\"inLanguage\":\"es\",\"@id\":\"https:\\\/\\\/www.cuballama.com\\\/noticias\\\/#\\\/schema\\\/logo\\\/image\\\/\",\"url\":\"https:\\\/\\\/cdn1.mediawpaccore.net\\\/wp-content\\\/uploads\\\/2021\\\/12\\\/28171206\\\/cbll-logo-color-sm.png\",\"contentUrl\":\"https:\\\/\\\/cdn1.mediawpaccore.net\\\/wp-content\\\/uploads\\\/2021\\\/12\\\/28171206\\\/cbll-logo-color-sm.png\",\"width\":600,\"height\":133,\"caption\":\"Cuballama\"},\"image\":{\"@id\":\"https:\\\/\\\/www.cuballama.com\\\/noticias\\\/#\\\/schema\\\/logo\\\/image\\\/\"},\"sameAs\":[\"https:\\\/\\\/www.facebook.com\\\/CubaLlama\",\"https:\\\/\\\/x.com\\\/cuballama\",\"https:\\\/\\\/www.instagram.com\\\/stories\\\/cuballama_oficial\\\/\",\"https:\\\/\\\/www.youtube.com\\\/channel\\\/UCKkFE-d_axENGZcrc4as0IA\"]},{\"@type\":\"Person\",\"@id\":\"https:\\\/\\\/www.cuballama.com\\\/noticias\\\/#\\\/schema\\\/person\\\/a58502ed4146c8e9f83872e897c76cd2\",\"name\":\"Roberto A.\",\"description\":\"Roberto A. Periodista por decisi\u00f3n propia. Interesado en cualquier tema que me apasione y cada vez m\u00e1s comprometido con la verdad y la objetividad period\u00edstica. Graduado en La Habana hace ya muchos a\u00f1os, luego de una accidentada y polvorienta b\u00fasqueda de informaci\u00f3n sobre un tema in\u00e9dito. La Tesis, por cierto, desapareci\u00f3 de la biblioteca y no se conservan copias de la misma.\",\"url\":\"https:\\\/\\\/www.cuballama.com\\\/noticias\\\/author\\\/roberto\\\/\"}]}<\/script>\n<!-- \/ Yoast SEO plugin. -->","yoast_head_json":{"title":"Ex CEO de Starbucks Howard Schultz deja Seattle y se marcha a vivir a Miami - Cuballama Noticias","description":"Howard Schultz deja Seattle y se muda a Surfside, sum\u00e1ndose al \u00e9xodo de multimillonarios hacia el sur de Florida este a\u00f1o ya.","robots":{"index":"index","follow":"follow","max-snippet":"max-snippet:-1","max-image-preview":"max-image-preview:large","max-video-preview":"max-video-preview:-1"},"canonical":"https:\/\/www.cuballama.com\/noticias\/ex-ceo-de-starbucks-howard-schultz-deja-seattle-y-se-marcha-a-vivir-a-miami\/","og_locale":"es_ES","og_type":"article","og_title":"Ex CEO de Starbucks Howard Schultz deja Seattle y se marcha a vivir a Miami - Cuballama Noticias","og_description":"Howard Schultz deja Seattle y se muda a Surfside, sum\u00e1ndose al \u00e9xodo de multimillonarios hacia el sur de Florida este a\u00f1o ya.","og_url":"https:\/\/www.cuballama.com\/noticias\/ex-ceo-de-starbucks-howard-schultz-deja-seattle-y-se-marcha-a-vivir-a-miami\/","og_site_name":"Cuballama Noticias","article_publisher":"https:\/\/www.facebook.com\/CubaLlama","article_published_time":"2026-03-14T12:56:30+00:00","article_modified_time":"2026-03-14T12:56:33+00:00","og_image":[{"width":1024,"height":683,"url":"https:\/\/cdn1.mediawpaccore.net\/wp-content\/uploads\/2026\/03\/13081424\/ChatGPT-Image-Mar-13-2026-01_14_02-PM-1024x683.png","type":"image\/png"}],"author":"Roberto A.","twitter_card":"summary_large_image","twitter_creator":"@cuballama","twitter_site":"@cuballama","twitter_misc":{"Escrito por":"Roberto A.","Tiempo de lectura":"1 minuto"},"schema":{"@context":"https:\/\/schema.org","@graph":[{"@type":"Article","@id":"https:\/\/www.cuballama.com\/noticias\/ex-ceo-de-starbucks-howard-schultz-deja-seattle-y-se-marcha-a-vivir-a-miami\/#article","isPartOf":{"@id":"https:\/\/www.cuballama.com\/noticias\/ex-ceo-de-starbucks-howard-schultz-deja-seattle-y-se-marcha-a-vivir-a-miami\/"},"author":{"name":"Roberto A.","@id":"https:\/\/www.cuballama.com\/noticias\/#\/schema\/person\/a58502ed4146c8e9f83872e897c76cd2"},"headline":"Ex CEO de Starbucks Howard Schultz deja Seattle y se marcha a vivir a Miami","datePublished":"2026-03-14T12:56:30+00:00","dateModified":"2026-03-14T12:56:33+00:00","mainEntityOfPage":{"@id":"https:\/\/www.cuballama.com\/noticias\/ex-ceo-de-starbucks-howard-schultz-deja-seattle-y-se-marcha-a-vivir-a-miami\/"},"wordCount":437,"commentCount":0,"publisher":{"@id":"https:\/\/www.cuballama.com\/noticias\/#organization"},"image":{"@id":"https:\/\/www.cuballama.com\/noticias\/ex-ceo-de-starbucks-howard-schultz-deja-seattle-y-se-marcha-a-vivir-a-miami\/#primaryimage"},"thumbnailUrl":"https:\/\/cdn1.mediawpaccore.net\/wp-content\/uploads\/2026\/03\/13081424\/ChatGPT-Image-Mar-13-2026-01_14_02-PM.png","keywords":["Bienes ra\u00edces","Florida","Howard Schultz","Miami","multimillonarios","Starbucks","Surfside"],"articleSection":["Noticias","Noticias de Miami"],"inLanguage":"es","potentialAction":[{"@type":"CommentAction","name":"Comment","target":["https:\/\/www.cuballama.com\/noticias\/ex-ceo-de-starbucks-howard-schultz-deja-seattle-y-se-marcha-a-vivir-a-miami\/#respond"]}]},{"@type":"WebPage","@id":"https:\/\/www.cuballama.com\/noticias\/ex-ceo-de-starbucks-howard-schultz-deja-seattle-y-se-marcha-a-vivir-a-miami\/","url":"https:\/\/www.cuballama.com\/noticias\/ex-ceo-de-starbucks-howard-schultz-deja-seattle-y-se-marcha-a-vivir-a-miami\/","name":"Ex CEO de Starbucks Howard Schultz deja Seattle y se marcha a vivir a Miami - Cuballama Noticias","isPartOf":{"@id":"https:\/\/www.cuballama.com\/noticias\/#website"},"primaryImageOfPage":{"@id":"https:\/\/www.cuballama.com\/noticias\/ex-ceo-de-starbucks-howard-schultz-deja-seattle-y-se-marcha-a-vivir-a-miami\/#primaryimage"},"image":{"@id":"https:\/\/www.cuballama.com\/noticias\/ex-ceo-de-starbucks-howard-schultz-deja-seattle-y-se-marcha-a-vivir-a-miami\/#primaryimage"},"thumbnailUrl":"https:\/\/cdn1.mediawpaccore.net\/wp-content\/uploads\/2026\/03\/13081424\/ChatGPT-Image-Mar-13-2026-01_14_02-PM.png","datePublished":"2026-03-14T12:56:30+00:00","dateModified":"2026-03-14T12:56:33+00:00","description":"Howard Schultz deja Seattle y se muda a Surfside, sum\u00e1ndose al \u00e9xodo de multimillonarios hacia el sur de Florida este a\u00f1o ya.","breadcrumb":{"@id":"https:\/\/www.cuballama.com\/noticias\/ex-ceo-de-starbucks-howard-schultz-deja-seattle-y-se-marcha-a-vivir-a-miami\/#breadcrumb"},"inLanguage":"es","potentialAction":[{"@type":"ReadAction","target":["https:\/\/www.cuballama.com\/noticias\/ex-ceo-de-starbucks-howard-schultz-deja-seattle-y-se-marcha-a-vivir-a-miami\/"]}]},{"@type":"ImageObject","inLanguage":"es","@id":"https:\/\/www.cuballama.com\/noticias\/ex-ceo-de-starbucks-howard-schultz-deja-seattle-y-se-marcha-a-vivir-a-miami\/#primaryimage","url":"https:\/\/cdn1.mediawpaccore.net\/wp-content\/uploads\/2026\/03\/13081424\/ChatGPT-Image-Mar-13-2026-01_14_02-PM.png","contentUrl":"https:\/\/cdn1.mediawpaccore.net\/wp-content\/uploads\/2026\/03\/13081424\/ChatGPT-Image-Mar-13-2026-01_14_02-PM.png","width":1536,"height":1024,"caption":"Foto: Generada por la IA"},{"@type":"BreadcrumbList","@id":"https:\/\/www.cuballama.com\/noticias\/ex-ceo-de-starbucks-howard-schultz-deja-seattle-y-se-marcha-a-vivir-a-miami\/#breadcrumb","itemListElement":[{"@type":"ListItem","position":1,"name":"Home","item":"https:\/\/www.cuballama.com\/noticias\/"},{"@type":"ListItem","position":2,"name":"Ex CEO de Starbucks Howard Schultz deja Seattle y se marcha a vivir a Miami"}]},{"@type":"WebSite","@id":"https:\/\/www.cuballama.com\/noticias\/#website","url":"https:\/\/www.cuballama.com\/noticias\/","name":"Cuballama Noticias","description":"Medio digital sobre Cuba y el mundo","publisher":{"@id":"https:\/\/www.cuballama.com\/noticias\/#organization"},"potentialAction":[{"@type":"SearchAction","target":{"@type":"EntryPoint","urlTemplate":"https:\/\/www.cuballama.com\/noticias\/?s={search_term_string}"},"query-input":{"@type":"PropertyValueSpecification","valueRequired":true,"valueName":"search_term_string"}}],"inLanguage":"es"},{"@type":"Organization","@id":"https:\/\/www.cuballama.com\/noticias\/#organization","name":"Cuballama","url":"https:\/\/www.cuballama.com\/noticias\/","logo":{"@type":"ImageObject","inLanguage":"es","@id":"https:\/\/www.cuballama.com\/noticias\/#\/schema\/logo\/image\/","url":"https:\/\/cdn1.mediawpaccore.net\/wp-content\/uploads\/2021\/12\/28171206\/cbll-logo-color-sm.png","contentUrl":"https:\/\/cdn1.mediawpaccore.net\/wp-content\/uploads\/2021\/12\/28171206\/cbll-logo-color-sm.png","width":600,"height":133,"caption":"Cuballama"},"image":{"@id":"https:\/\/www.cuballama.com\/noticias\/#\/schema\/logo\/image\/"},"sameAs":["https:\/\/www.facebook.com\/CubaLlama","https:\/\/x.com\/cuballama","https:\/\/www.instagram.com\/stories\/cuballama_oficial\/","https:\/\/www.youtube.com\/channel\/UCKkFE-d_axENGZcrc4as0IA"]},{"@type":"Person","@id":"https:\/\/www.cuballama.com\/noticias\/#\/schema\/person\/a58502ed4146c8e9f83872e897c76cd2","name":"Roberto A.","description":"Roberto A. Periodista por decisi\u00f3n propia. Interesado en cualquier tema que me apasione y cada vez m\u00e1s comprometido con la verdad y la objetividad period\u00edstica. Graduado en La Habana hace ya muchos a\u00f1os, luego de una accidentada y polvorienta b\u00fasqueda de informaci\u00f3n sobre un tema in\u00e9dito. La Tesis, por cierto, desapareci\u00f3 de la biblioteca y no se conservan copias de la misma.","url":"https:\/\/www.cuballama.com\/noticias\/author\/roberto\/"}]}},"_links":{"self":[{"href":"https:\/\/www.cuballama.com\/noticias\/wp-json\/wp\/v2\/posts\/238045","targetHints":{"allow":["GET"]}}],"collection":[{"href":"https:\/\/www.cuballama.com\/noticias\/wp-json\/wp\/v2\/posts"}],"about":[{"href":"https:\/\/www.cuballama.com\/noticias\/wp-json\/wp\/v2\/types\/post"}],"author":[{"embeddable":true,"href":"https:\/\/www.cuballama.com\/noticias\/wp-json\/wp\/v2\/users\/13"}],"replies":[{"embeddable":true,"href":"https:\/\/www.cuballama.com\/noticias\/wp-json\/wp\/v2\/comments?post=238045"}],"version-history":[{"count":3,"href":"https:\/\/www.cuballama.com\/noticias\/wp-json\/wp\/v2\/posts\/238045\/revisions"}],"predecessor-version":[{"id":238061,"href":"https:\/\/www.cuballama.com\/noticias\/wp-json\/wp\/v2\/posts\/238045\/revisions\/238061"}],"wp:featuredmedia":[{"embeddable":true,"href":"https:\/\/www.cuballama.com\/noticias\/wp-json\/wp\/v2\/media\/238059"}],"wp:attachment":[{"href":"https:\/\/www.cuballama.com\/noticias\/wp-json\/wp\/v2\/media?parent=238045"}],"wp:term":[{"taxonomy":"category","embeddable":true,"href":"https:\/\/www.cuballama.com\/noticias\/wp-json\/wp\/v2\/categories?post=238045"},{"taxonomy":"post_tag","embeddable":true,"href":"https:\/\/www.cuballama.com\/noticias\/wp-json\/wp\/v2\/tags?post=238045"}],"curies":[{"name":"wp","href":"https:\/\/api.w.org\/{rel}","templated":true}]}}