{"id":238042,"date":"2026-03-13T10:58:41","date_gmt":"2026-03-13T14:58:41","guid":{"rendered":"https:\/\/www.cuballama.com\/noticias\/?p=238042"},"modified":"2026-03-13T10:58:44","modified_gmt":"2026-03-13T14:58:44","slug":"14-millones-por-la-guitarra-black-strat-de-david-gilmour-la-mas-cara-del-mundo","status":"publish","type":"post","link":"https:\/\/www.cuballama.com\/noticias\/14-millones-por-la-guitarra-black-strat-de-david-gilmour-la-mas-cara-del-mundo\/","title":{"rendered":"14 millones por la guitarra Black Strat de David Gilmour: la m\u00e1s cara del mundo"},"content":{"rendered":"\n<p>La Black Strat de David Gilmour volvi\u00f3 a escribir un cap\u00edtulo aparte en la historia del rock y del coleccionismo musical. La ic\u00f3nica Fender Stratocaster asociada a Pink Floyd se vendi\u00f3 por 14,55 millones de d\u00f3lares en una subasta de Christie\u2019s en Nueva York, recuperando el t\u00edtulo de guitarra m\u00e1s cara jam\u00e1s vendida. La cifra fue reportada por <em><a href=\"https:\/\/www.rollingstone.com\/music\/music-news\/david-gilmour-black-strat-sells-12-million-auction-1235529794\/\" target=\"_blank\" rel=\"noreferrer noopener nofollow\">Rolling Stone<\/a><\/em>, Guitar.com y Guitar World, que coincidieron en que la venta pulveriz\u00f3 el r\u00e9cord anterior y devolvi\u00f3 a este instrumento al centro de una mitolog\u00eda que mezcla m\u00fasica, nostalgia y dinero a escala descomunal. <\/p>\n\n\n\n<p>La historia de esa guitarra ya era excepcional antes de esta nueva puja. La Black Strat hab\u00eda sido subastada en 2019 por 3,975 millones de d\u00f3lares, cuando fue adquirida por Jim Irsay, el fallecido due\u00f1o de los Indianapolis Colts y uno de los coleccionistas m\u00e1s voraces de memorabilia musical en Estados Unidos. Ahora, al salir de la colecci\u00f3n Irsay en la serie de subastas organizadas por Christie\u2019s en marzo de 2026, el instrumento no solo volvi\u00f3 al mercado: regres\u00f3 convertido en pieza central de un remate concebido casi como una exposici\u00f3n del poder simb\u00f3lico del rock cl\u00e1sico.<\/p>\n\n\n\n<p>La importancia de la Black Strat no depende solo del precio. Esa guitarra est\u00e1 ligada a grabaciones y presentaciones fundamentales de Pink Floyd y al sonido que ayud\u00f3 a definir discos como The Dark Side of the Moon y Wish You Were Here. Guitar World record\u00f3 que el instrumento, modificado varias veces a lo largo de su vida \u00fatil, fue una herramienta creativa decisiva para Gilmour y un objeto seguido casi con devoci\u00f3n por guitarristas, t\u00e9cnicos y coleccionistas. En la pr\u00e1ctica, lo que se pag\u00f3 en Nueva York no fue solo madera, metal y electr\u00f3nica: fue una porci\u00f3n material de la historia del rock brit\u00e1nico.<\/p>\n\n\n\n<p>La subasta de la colecci\u00f3n Irsay tambi\u00e9n dej\u00f3 otras cifras enormes. Guitar World inform\u00f3 que Tiger, la c\u00e9lebre guitarra de Jerry Garcia, alcanz\u00f3 11,5 millones de d\u00f3lares, mientras otros instrumentos ligados a los Beatles y a Eric Clapton tambi\u00e9n superaron estimados ampliamente. Pero incluso en ese contexto de locura, la Black Strat qued\u00f3 arriba de todos. En una \u00e9poca donde el mercado del lujo se mezcla cada vez m\u00e1s con la nostalgia cultural, la venta confirma que ciertos objetos musicales ya no se miden como simples piezas de colecci\u00f3n: funcionan como reliquias globales, comparables a manuscritos hist\u00f3ricos o cuadros de primer nivel.<\/p>\n","protected":false},"excerpt":{"rendered":"<p> La m\u00edtica Black Strat de David Gilmour se vendi\u00f3 por 14,55 millones de d\u00f3lares y volvi\u00f3 a convertirse en la guitarra m\u00e1s cara jam\u00e1s subastada.<\/p>\n","protected":false},"author":13,"featured_media":238062,"comment_status":"open","ping_status":"closed","sticky":false,"template":"","format":"standard","meta":{"_acf_changed":false,"footnotes":""},"categories":[443,18],"tags":[31096,31094,31093,31097,31095,22621,1887,538],"class_list":{"0":"post-238042","1":"post","2":"type-post","3":"status-publish","4":"format-standard","5":"has-post-thumbnail","7":"category-farandula","8":"category-noticias","9":"tag-black-strat","10":"tag-christies","11":"tag-david-gilmour","12":"tag-guitarras","13":"tag-jim-irsay","14":"tag-pink-floyd","15":"tag-rock","16":"tag-subasta"},"acf":[],"yoast_head":"<!-- This site is optimized with the Yoast SEO plugin v27.5 - https:\/\/yoast.com\/product\/yoast-seo-wordpress\/ -->\n<title>14 millones por la guitarra Black Strat de David Gilmour: la m\u00e1s cara del mundo - Cuballama Noticias<\/title>\n<meta name=\"description\" content=\"La Black Strat de David Gilmour volvi\u00f3 a batir r\u00e9cord al venderse por 14,55 millones de d\u00f3lares en Nueva York, en Christie\u2019s.\" \/>\n<meta name=\"robots\" content=\"index, follow, max-snippet:-1, max-image-preview:large, max-video-preview:-1\" \/>\n<link rel=\"canonical\" href=\"https:\/\/www.cuballama.com\/noticias\/14-millones-por-la-guitarra-black-strat-de-david-gilmour-la-mas-cara-del-mundo\/\" \/>\n<meta property=\"og:locale\" content=\"es_ES\" \/>\n<meta property=\"og:type\" content=\"article\" \/>\n<meta property=\"og:title\" content=\"14 millones por la guitarra Black Strat de David Gilmour: la m\u00e1s cara del mundo - Cuballama Noticias\" \/>\n<meta property=\"og:description\" content=\"La Black Strat de David Gilmour volvi\u00f3 a batir r\u00e9cord al venderse por 14,55 millones de d\u00f3lares en Nueva York, en Christie\u2019s.\" \/>\n<meta property=\"og:url\" content=\"https:\/\/www.cuballama.com\/noticias\/14-millones-por-la-guitarra-black-strat-de-david-gilmour-la-mas-cara-del-mundo\/\" \/>\n<meta property=\"og:site_name\" content=\"Cuballama Noticias\" \/>\n<meta property=\"article:publisher\" content=\"https:\/\/www.facebook.com\/CubaLlama\" \/>\n<meta property=\"article:published_time\" content=\"2026-03-13T14:58:41+00:00\" \/>\n<meta property=\"article:modified_time\" content=\"2026-03-13T14:58:44+00:00\" \/>\n<meta property=\"og:image\" content=\"https:\/\/cdn1.mediawpaccore.net\/wp-content\/uploads\/2026\/03\/13082150\/image-67.png\" \/>\n\t<meta property=\"og:image:width\" content=\"1964\" \/>\n\t<meta property=\"og:image:height\" content=\"1022\" \/>\n\t<meta property=\"og:image:type\" content=\"image\/png\" \/>\n<meta name=\"author\" content=\"Roberto A.\" \/>\n<meta name=\"twitter:card\" content=\"summary_large_image\" \/>\n<meta name=\"twitter:creator\" content=\"@cuballama\" \/>\n<meta name=\"twitter:site\" content=\"@cuballama\" \/>\n<meta name=\"twitter:label1\" content=\"Escrito por\" \/>\n\t<meta name=\"twitter:data1\" content=\"Roberto A.\" \/>\n<script type=\"application\/ld+json\" class=\"yoast-schema-graph\">{\"@context\":\"https:\\\/\\\/schema.org\",\"@graph\":[{\"@type\":\"Article\",\"@id\":\"https:\\\/\\\/www.cuballama.com\\\/noticias\\\/14-millones-por-la-guitarra-black-strat-de-david-gilmour-la-mas-cara-del-mundo\\\/#article\",\"isPartOf\":{\"@id\":\"https:\\\/\\\/www.cuballama.com\\\/noticias\\\/14-millones-por-la-guitarra-black-strat-de-david-gilmour-la-mas-cara-del-mundo\\\/\"},\"author\":{\"name\":\"Roberto A.\",\"@id\":\"https:\\\/\\\/www.cuballama.com\\\/noticias\\\/#\\\/schema\\\/person\\\/a58502ed4146c8e9f83872e897c76cd2\"},\"headline\":\"14 millones por la guitarra Black Strat de David Gilmour: la m\u00e1s cara del mundo\",\"datePublished\":\"2026-03-13T14:58:41+00:00\",\"dateModified\":\"2026-03-13T14:58:44+00:00\",\"mainEntityOfPage\":{\"@id\":\"https:\\\/\\\/www.cuballama.com\\\/noticias\\\/14-millones-por-la-guitarra-black-strat-de-david-gilmour-la-mas-cara-del-mundo\\\/\"},\"wordCount\":441,\"commentCount\":0,\"publisher\":{\"@id\":\"https:\\\/\\\/www.cuballama.com\\\/noticias\\\/#organization\"},\"image\":{\"@id\":\"https:\\\/\\\/www.cuballama.com\\\/noticias\\\/14-millones-por-la-guitarra-black-strat-de-david-gilmour-la-mas-cara-del-mundo\\\/#primaryimage\"},\"thumbnailUrl\":\"https:\\\/\\\/cdn1.mediawpaccore.net\\\/wp-content\\\/uploads\\\/2026\\\/03\\\/13082150\\\/image-67.png\",\"keywords\":[\"Black Strat\",\"Christie\u2019s\",\"David Gilmour\",\"guitarras\",\"Jim Irsay\",\"Pink Floyd\",\"Rock\",\"subasta\"],\"articleSection\":[\"Far\u00e1ndula\",\"Noticias\"],\"inLanguage\":\"es\",\"potentialAction\":[{\"@type\":\"CommentAction\",\"name\":\"Comment\",\"target\":[\"https:\\\/\\\/www.cuballama.com\\\/noticias\\\/14-millones-por-la-guitarra-black-strat-de-david-gilmour-la-mas-cara-del-mundo\\\/#respond\"]}]},{\"@type\":\"WebPage\",\"@id\":\"https:\\\/\\\/www.cuballama.com\\\/noticias\\\/14-millones-por-la-guitarra-black-strat-de-david-gilmour-la-mas-cara-del-mundo\\\/\",\"url\":\"https:\\\/\\\/www.cuballama.com\\\/noticias\\\/14-millones-por-la-guitarra-black-strat-de-david-gilmour-la-mas-cara-del-mundo\\\/\",\"name\":\"14 millones por la guitarra Black Strat de David Gilmour: la m\u00e1s cara del mundo - Cuballama Noticias\",\"isPartOf\":{\"@id\":\"https:\\\/\\\/www.cuballama.com\\\/noticias\\\/#website\"},\"primaryImageOfPage\":{\"@id\":\"https:\\\/\\\/www.cuballama.com\\\/noticias\\\/14-millones-por-la-guitarra-black-strat-de-david-gilmour-la-mas-cara-del-mundo\\\/#primaryimage\"},\"image\":{\"@id\":\"https:\\\/\\\/www.cuballama.com\\\/noticias\\\/14-millones-por-la-guitarra-black-strat-de-david-gilmour-la-mas-cara-del-mundo\\\/#primaryimage\"},\"thumbnailUrl\":\"https:\\\/\\\/cdn1.mediawpaccore.net\\\/wp-content\\\/uploads\\\/2026\\\/03\\\/13082150\\\/image-67.png\",\"datePublished\":\"2026-03-13T14:58:41+00:00\",\"dateModified\":\"2026-03-13T14:58:44+00:00\",\"description\":\"La Black Strat de David Gilmour volvi\u00f3 a batir r\u00e9cord al venderse por 14,55 millones de d\u00f3lares en Nueva York, en Christie\u2019s.\",\"breadcrumb\":{\"@id\":\"https:\\\/\\\/www.cuballama.com\\\/noticias\\\/14-millones-por-la-guitarra-black-strat-de-david-gilmour-la-mas-cara-del-mundo\\\/#breadcrumb\"},\"inLanguage\":\"es\",\"potentialAction\":[{\"@type\":\"ReadAction\",\"target\":[\"https:\\\/\\\/www.cuballama.com\\\/noticias\\\/14-millones-por-la-guitarra-black-strat-de-david-gilmour-la-mas-cara-del-mundo\\\/\"]}]},{\"@type\":\"ImageObject\",\"inLanguage\":\"es\",\"@id\":\"https:\\\/\\\/www.cuballama.com\\\/noticias\\\/14-millones-por-la-guitarra-black-strat-de-david-gilmour-la-mas-cara-del-mundo\\\/#primaryimage\",\"url\":\"https:\\\/\\\/cdn1.mediawpaccore.net\\\/wp-content\\\/uploads\\\/2026\\\/03\\\/13082150\\\/image-67.png\",\"contentUrl\":\"https:\\\/\\\/cdn1.mediawpaccore.net\\\/wp-content\\\/uploads\\\/2026\\\/03\\\/13082150\\\/image-67.png\",\"width\":1964,\"height\":1022,\"caption\":\"Foto: David Gilmour\u2019s Stratocaster expuesta en la muestra Pink Floyd Interstellar en la Cit\u00e9 de la Musique (Par\u00eds), 8 de mayo de 2006. Foto: Benoit Darcy (Flickr), licencia Creative Commons Attribution 2.0.\"},{\"@type\":\"BreadcrumbList\",\"@id\":\"https:\\\/\\\/www.cuballama.com\\\/noticias\\\/14-millones-por-la-guitarra-black-strat-de-david-gilmour-la-mas-cara-del-mundo\\\/#breadcrumb\",\"itemListElement\":[{\"@type\":\"ListItem\",\"position\":1,\"name\":\"Home\",\"item\":\"https:\\\/\\\/www.cuballama.com\\\/noticias\\\/\"},{\"@type\":\"ListItem\",\"position\":2,\"name\":\"14 millones por la guitarra Black Strat de David Gilmour: la m\u00e1s cara del mundo\"}]},{\"@type\":\"WebSite\",\"@id\":\"https:\\\/\\\/www.cuballama.com\\\/noticias\\\/#website\",\"url\":\"https:\\\/\\\/www.cuballama.com\\\/noticias\\\/\",\"name\":\"Cuballama Noticias\",\"description\":\"Medio digital sobre Cuba y el mundo\",\"publisher\":{\"@id\":\"https:\\\/\\\/www.cuballama.com\\\/noticias\\\/#organization\"},\"potentialAction\":[{\"@type\":\"SearchAction\",\"target\":{\"@type\":\"EntryPoint\",\"urlTemplate\":\"https:\\\/\\\/www.cuballama.com\\\/noticias\\\/?s={search_term_string}\"},\"query-input\":{\"@type\":\"PropertyValueSpecification\",\"valueRequired\":true,\"valueName\":\"search_term_string\"}}],\"inLanguage\":\"es\"},{\"@type\":\"Organization\",\"@id\":\"https:\\\/\\\/www.cuballama.com\\\/noticias\\\/#organization\",\"name\":\"Cuballama\",\"url\":\"https:\\\/\\\/www.cuballama.com\\\/noticias\\\/\",\"logo\":{\"@type\":\"ImageObject\",\"inLanguage\":\"es\",\"@id\":\"https:\\\/\\\/www.cuballama.com\\\/noticias\\\/#\\\/schema\\\/logo\\\/image\\\/\",\"url\":\"https:\\\/\\\/cdn1.mediawpaccore.net\\\/wp-content\\\/uploads\\\/2021\\\/12\\\/28171206\\\/cbll-logo-color-sm.png\",\"contentUrl\":\"https:\\\/\\\/cdn1.mediawpaccore.net\\\/wp-content\\\/uploads\\\/2021\\\/12\\\/28171206\\\/cbll-logo-color-sm.png\",\"width\":600,\"height\":133,\"caption\":\"Cuballama\"},\"image\":{\"@id\":\"https:\\\/\\\/www.cuballama.com\\\/noticias\\\/#\\\/schema\\\/logo\\\/image\\\/\"},\"sameAs\":[\"https:\\\/\\\/www.facebook.com\\\/CubaLlama\",\"https:\\\/\\\/x.com\\\/cuballama\",\"https:\\\/\\\/www.instagram.com\\\/stories\\\/cuballama_oficial\\\/\",\"https:\\\/\\\/www.youtube.com\\\/channel\\\/UCKkFE-d_axENGZcrc4as0IA\"]},{\"@type\":\"Person\",\"@id\":\"https:\\\/\\\/www.cuballama.com\\\/noticias\\\/#\\\/schema\\\/person\\\/a58502ed4146c8e9f83872e897c76cd2\",\"name\":\"Roberto A.\",\"description\":\"Roberto A. Periodista por decisi\u00f3n propia. Interesado en cualquier tema que me apasione y cada vez m\u00e1s comprometido con la verdad y la objetividad period\u00edstica. Graduado en La Habana hace ya muchos a\u00f1os, luego de una accidentada y polvorienta b\u00fasqueda de informaci\u00f3n sobre un tema in\u00e9dito. La Tesis, por cierto, desapareci\u00f3 de la biblioteca y no se conservan copias de la misma.\",\"url\":\"https:\\\/\\\/www.cuballama.com\\\/noticias\\\/author\\\/roberto\\\/\"}]}<\/script>\n<!-- \/ Yoast SEO plugin. -->","yoast_head_json":{"title":"14 millones por la guitarra Black Strat de David Gilmour: la m\u00e1s cara del mundo - Cuballama Noticias","description":"La Black Strat de David Gilmour volvi\u00f3 a batir r\u00e9cord al venderse por 14,55 millones de d\u00f3lares en Nueva York, en Christie\u2019s.","robots":{"index":"index","follow":"follow","max-snippet":"max-snippet:-1","max-image-preview":"max-image-preview:large","max-video-preview":"max-video-preview:-1"},"canonical":"https:\/\/www.cuballama.com\/noticias\/14-millones-por-la-guitarra-black-strat-de-david-gilmour-la-mas-cara-del-mundo\/","og_locale":"es_ES","og_type":"article","og_title":"14 millones por la guitarra Black Strat de David Gilmour: la m\u00e1s cara del mundo - Cuballama Noticias","og_description":"La Black Strat de David Gilmour volvi\u00f3 a batir r\u00e9cord al venderse por 14,55 millones de d\u00f3lares en Nueva York, en Christie\u2019s.","og_url":"https:\/\/www.cuballama.com\/noticias\/14-millones-por-la-guitarra-black-strat-de-david-gilmour-la-mas-cara-del-mundo\/","og_site_name":"Cuballama Noticias","article_publisher":"https:\/\/www.facebook.com\/CubaLlama","article_published_time":"2026-03-13T14:58:41+00:00","article_modified_time":"2026-03-13T14:58:44+00:00","og_image":[{"width":1964,"height":1022,"url":"https:\/\/cdn1.mediawpaccore.net\/wp-content\/uploads\/2026\/03\/13082150\/image-67.png","type":"image\/png"}],"author":"Roberto A.","twitter_card":"summary_large_image","twitter_creator":"@cuballama","twitter_site":"@cuballama","twitter_misc":{"Escrito por":"Roberto A."},"schema":{"@context":"https:\/\/schema.org","@graph":[{"@type":"Article","@id":"https:\/\/www.cuballama.com\/noticias\/14-millones-por-la-guitarra-black-strat-de-david-gilmour-la-mas-cara-del-mundo\/#article","isPartOf":{"@id":"https:\/\/www.cuballama.com\/noticias\/14-millones-por-la-guitarra-black-strat-de-david-gilmour-la-mas-cara-del-mundo\/"},"author":{"name":"Roberto A.","@id":"https:\/\/www.cuballama.com\/noticias\/#\/schema\/person\/a58502ed4146c8e9f83872e897c76cd2"},"headline":"14 millones por la guitarra Black Strat de David Gilmour: la m\u00e1s cara del mundo","datePublished":"2026-03-13T14:58:41+00:00","dateModified":"2026-03-13T14:58:44+00:00","mainEntityOfPage":{"@id":"https:\/\/www.cuballama.com\/noticias\/14-millones-por-la-guitarra-black-strat-de-david-gilmour-la-mas-cara-del-mundo\/"},"wordCount":441,"commentCount":0,"publisher":{"@id":"https:\/\/www.cuballama.com\/noticias\/#organization"},"image":{"@id":"https:\/\/www.cuballama.com\/noticias\/14-millones-por-la-guitarra-black-strat-de-david-gilmour-la-mas-cara-del-mundo\/#primaryimage"},"thumbnailUrl":"https:\/\/cdn1.mediawpaccore.net\/wp-content\/uploads\/2026\/03\/13082150\/image-67.png","keywords":["Black Strat","Christie\u2019s","David Gilmour","guitarras","Jim Irsay","Pink Floyd","Rock","subasta"],"articleSection":["Far\u00e1ndula","Noticias"],"inLanguage":"es","potentialAction":[{"@type":"CommentAction","name":"Comment","target":["https:\/\/www.cuballama.com\/noticias\/14-millones-por-la-guitarra-black-strat-de-david-gilmour-la-mas-cara-del-mundo\/#respond"]}]},{"@type":"WebPage","@id":"https:\/\/www.cuballama.com\/noticias\/14-millones-por-la-guitarra-black-strat-de-david-gilmour-la-mas-cara-del-mundo\/","url":"https:\/\/www.cuballama.com\/noticias\/14-millones-por-la-guitarra-black-strat-de-david-gilmour-la-mas-cara-del-mundo\/","name":"14 millones por la guitarra Black Strat de David Gilmour: la m\u00e1s cara del mundo - Cuballama Noticias","isPartOf":{"@id":"https:\/\/www.cuballama.com\/noticias\/#website"},"primaryImageOfPage":{"@id":"https:\/\/www.cuballama.com\/noticias\/14-millones-por-la-guitarra-black-strat-de-david-gilmour-la-mas-cara-del-mundo\/#primaryimage"},"image":{"@id":"https:\/\/www.cuballama.com\/noticias\/14-millones-por-la-guitarra-black-strat-de-david-gilmour-la-mas-cara-del-mundo\/#primaryimage"},"thumbnailUrl":"https:\/\/cdn1.mediawpaccore.net\/wp-content\/uploads\/2026\/03\/13082150\/image-67.png","datePublished":"2026-03-13T14:58:41+00:00","dateModified":"2026-03-13T14:58:44+00:00","description":"La Black Strat de David Gilmour volvi\u00f3 a batir r\u00e9cord al venderse por 14,55 millones de d\u00f3lares en Nueva York, en Christie\u2019s.","breadcrumb":{"@id":"https:\/\/www.cuballama.com\/noticias\/14-millones-por-la-guitarra-black-strat-de-david-gilmour-la-mas-cara-del-mundo\/#breadcrumb"},"inLanguage":"es","potentialAction":[{"@type":"ReadAction","target":["https:\/\/www.cuballama.com\/noticias\/14-millones-por-la-guitarra-black-strat-de-david-gilmour-la-mas-cara-del-mundo\/"]}]},{"@type":"ImageObject","inLanguage":"es","@id":"https:\/\/www.cuballama.com\/noticias\/14-millones-por-la-guitarra-black-strat-de-david-gilmour-la-mas-cara-del-mundo\/#primaryimage","url":"https:\/\/cdn1.mediawpaccore.net\/wp-content\/uploads\/2026\/03\/13082150\/image-67.png","contentUrl":"https:\/\/cdn1.mediawpaccore.net\/wp-content\/uploads\/2026\/03\/13082150\/image-67.png","width":1964,"height":1022,"caption":"Foto: David Gilmour\u2019s Stratocaster expuesta en la muestra Pink Floyd Interstellar en la Cit\u00e9 de la Musique (Par\u00eds), 8 de mayo de 2006. Foto: Benoit Darcy (Flickr), licencia Creative Commons Attribution 2.0."},{"@type":"BreadcrumbList","@id":"https:\/\/www.cuballama.com\/noticias\/14-millones-por-la-guitarra-black-strat-de-david-gilmour-la-mas-cara-del-mundo\/#breadcrumb","itemListElement":[{"@type":"ListItem","position":1,"name":"Home","item":"https:\/\/www.cuballama.com\/noticias\/"},{"@type":"ListItem","position":2,"name":"14 millones por la guitarra Black Strat de David Gilmour: la m\u00e1s cara del mundo"}]},{"@type":"WebSite","@id":"https:\/\/www.cuballama.com\/noticias\/#website","url":"https:\/\/www.cuballama.com\/noticias\/","name":"Cuballama Noticias","description":"Medio digital sobre Cuba y el mundo","publisher":{"@id":"https:\/\/www.cuballama.com\/noticias\/#organization"},"potentialAction":[{"@type":"SearchAction","target":{"@type":"EntryPoint","urlTemplate":"https:\/\/www.cuballama.com\/noticias\/?s={search_term_string}"},"query-input":{"@type":"PropertyValueSpecification","valueRequired":true,"valueName":"search_term_string"}}],"inLanguage":"es"},{"@type":"Organization","@id":"https:\/\/www.cuballama.com\/noticias\/#organization","name":"Cuballama","url":"https:\/\/www.cuballama.com\/noticias\/","logo":{"@type":"ImageObject","inLanguage":"es","@id":"https:\/\/www.cuballama.com\/noticias\/#\/schema\/logo\/image\/","url":"https:\/\/cdn1.mediawpaccore.net\/wp-content\/uploads\/2021\/12\/28171206\/cbll-logo-color-sm.png","contentUrl":"https:\/\/cdn1.mediawpaccore.net\/wp-content\/uploads\/2021\/12\/28171206\/cbll-logo-color-sm.png","width":600,"height":133,"caption":"Cuballama"},"image":{"@id":"https:\/\/www.cuballama.com\/noticias\/#\/schema\/logo\/image\/"},"sameAs":["https:\/\/www.facebook.com\/CubaLlama","https:\/\/x.com\/cuballama","https:\/\/www.instagram.com\/stories\/cuballama_oficial\/","https:\/\/www.youtube.com\/channel\/UCKkFE-d_axENGZcrc4as0IA"]},{"@type":"Person","@id":"https:\/\/www.cuballama.com\/noticias\/#\/schema\/person\/a58502ed4146c8e9f83872e897c76cd2","name":"Roberto A.","description":"Roberto A. Periodista por decisi\u00f3n propia. Interesado en cualquier tema que me apasione y cada vez m\u00e1s comprometido con la verdad y la objetividad period\u00edstica. Graduado en La Habana hace ya muchos a\u00f1os, luego de una accidentada y polvorienta b\u00fasqueda de informaci\u00f3n sobre un tema in\u00e9dito. La Tesis, por cierto, desapareci\u00f3 de la biblioteca y no se conservan copias de la misma.","url":"https:\/\/www.cuballama.com\/noticias\/author\/roberto\/"}]}},"_links":{"self":[{"href":"https:\/\/www.cuballama.com\/noticias\/wp-json\/wp\/v2\/posts\/238042","targetHints":{"allow":["GET"]}}],"collection":[{"href":"https:\/\/www.cuballama.com\/noticias\/wp-json\/wp\/v2\/posts"}],"about":[{"href":"https:\/\/www.cuballama.com\/noticias\/wp-json\/wp\/v2\/types\/post"}],"author":[{"embeddable":true,"href":"https:\/\/www.cuballama.com\/noticias\/wp-json\/wp\/v2\/users\/13"}],"replies":[{"embeddable":true,"href":"https:\/\/www.cuballama.com\/noticias\/wp-json\/wp\/v2\/comments?post=238042"}],"version-history":[{"count":3,"href":"https:\/\/www.cuballama.com\/noticias\/wp-json\/wp\/v2\/posts\/238042\/revisions"}],"predecessor-version":[{"id":238064,"href":"https:\/\/www.cuballama.com\/noticias\/wp-json\/wp\/v2\/posts\/238042\/revisions\/238064"}],"wp:featuredmedia":[{"embeddable":true,"href":"https:\/\/www.cuballama.com\/noticias\/wp-json\/wp\/v2\/media\/238062"}],"wp:attachment":[{"href":"https:\/\/www.cuballama.com\/noticias\/wp-json\/wp\/v2\/media?parent=238042"}],"wp:term":[{"taxonomy":"category","embeddable":true,"href":"https:\/\/www.cuballama.com\/noticias\/wp-json\/wp\/v2\/categories?post=238042"},{"taxonomy":"post_tag","embeddable":true,"href":"https:\/\/www.cuballama.com\/noticias\/wp-json\/wp\/v2\/tags?post=238042"}],"curies":[{"name":"wp","href":"https:\/\/api.w.org\/{rel}","templated":true}]}}