{"id":238039,"date":"2026-03-13T12:16:44","date_gmt":"2026-03-13T16:16:44","guid":{"rendered":"https:\/\/www.cuballama.com\/noticias\/?p=238039"},"modified":"2026-03-13T12:16:48","modified_gmt":"2026-03-13T16:16:48","slug":"cierra-torre-k-por-grave-crisis-energetica","status":"publish","type":"post","link":"https:\/\/www.cuballama.com\/noticias\/cierra-torre-k-por-grave-crisis-energetica\/","title":{"rendered":"Cierra Torre K por grave crisis energ\u00e9tica"},"content":{"rendered":"\n<p>El hotel Iberostar Selection La Habana, conocido como Torre K, ha cerrado sus puertas sin que exista una fecha anunciada para su reapertura.<\/p>\n\n\n\n<p>Seg\u00fan report\u00f3 14ymedio, el rascacielos ubicado en la c\u00e9ntrica avenida 23 de La Habana permanece cerrado y en su entrada principal ni siquiera ondean las banderas, una se\u00f1al que sugiere que no se trata de una suspensi\u00f3n moment\u00e1nea de operaciones.<\/p>\n\n\n\n<p>De acuerdo con el medio, un custodio del lugar explic\u00f3 que el cierre se debe a \u201cla situaci\u00f3n del pa\u00eds\u201d. Tambi\u00e9n indic\u00f3 que la cafeter\u00eda Avenida 23, situada en la planta baja y abierta normalmente al p\u00fablico, tampoco est\u00e1 funcionando.<\/p>\n\n\n\n<p>\u201cLo \u00fanico que contin\u00faa abierto dentro del hotel es el banco, hasta las 12 del mediod\u00eda\u201d, dijo el guardia citado por 14ymedio.<\/p>\n\n\n\n<p>El cierre ocurre en medio de la crisis energ\u00e9tica que afecta a Cuba. Fuentes consultadas por el medio se\u00f1alaron que la falta de electricidad ha complicado el bombeo de agua en La Habana, algo que afecta especialmente a edificios altos como la Torre K, que dependen de sistemas el\u00e9ctricos para operar.<\/p>\n\n\n\n<p>Aunque el hotel dispone de generadores propios, estos requieren fueloil, un combustible que escasea en la Isla tras m\u00e1s de dos meses sin la llegada de buques petroleros.<\/p>\n\n\n\n<p>En redes sociales tambi\u00e9n ha circulado la versi\u00f3n de que turistas habr\u00edan sido trasladados al Hotel Packard, en el Paseo del Prado, aunque no existe confirmaci\u00f3n oficial sobre si hab\u00eda hu\u00e9spedes alojados en el momento del cierre.<\/p>\n\n\n\n<p>Inaugurada hace apenas un a\u00f1o, la Torre K es el edificio m\u00e1s alto de La Habana y su construcci\u00f3n estuvo rodeada de pol\u00e9mica desde el inicio por la gran inversi\u00f3n realizada en medio de la crisis econ\u00f3mica del pa\u00eds.<\/p>\n\n\n\n<p><\/p>\n","protected":false},"excerpt":{"rendered":"<p>El hotel Iberostar Selection La Habana, conocido como Torre K, ha cerrado sus puertas sin que exista una fecha anunciada para su reapertura. Seg\u00fan report\u00f3 14ymedio, el rascacielos ubicado en la c\u00e9ntrica avenida 23 de La Habana permanece cerrado y en su entrada principal ni siquiera ondean las banderas, una se\u00f1al que sugiere que no [&hellip;]<\/p>\n","protected":false},"author":24,"featured_media":162284,"comment_status":"open","ping_status":"closed","sticky":false,"template":"","format":"standard","meta":{"_acf_changed":false,"footnotes":""},"categories":[9334],"tags":[10867,92,941,501,23590],"class_list":{"0":"post-238039","1":"post","2":"type-post","3":"status-publish","4":"format-standard","5":"has-post-thumbnail","7":"category-covid","8":"tag-crisis-en-cuba","9":"tag-cubanos","10":"tag-destacado","11":"tag-hoteles","12":"tag-torre-k-23"},"acf":[],"yoast_head":"<!-- This site is optimized with the Yoast SEO plugin v27.5 - https:\/\/yoast.com\/product\/yoast-seo-wordpress\/ -->\n<title>Cierra Torre K por grave crisis energ\u00e9tica - Cuballama Noticias<\/title>\n<meta name=\"robots\" content=\"index, follow, max-snippet:-1, max-image-preview:large, max-video-preview:-1\" \/>\n<link rel=\"canonical\" href=\"https:\/\/www.cuballama.com\/noticias\/cierra-torre-k-por-grave-crisis-energetica\/\" \/>\n<meta property=\"og:locale\" content=\"es_ES\" \/>\n<meta property=\"og:type\" content=\"article\" \/>\n<meta property=\"og:title\" content=\"Cierra Torre K por grave crisis energ\u00e9tica - Cuballama Noticias\" \/>\n<meta property=\"og:description\" content=\"El hotel Iberostar Selection La Habana, conocido como Torre K, ha cerrado sus puertas sin que exista una fecha anunciada para su reapertura. Seg\u00fan report\u00f3 14ymedio, el rascacielos ubicado en la c\u00e9ntrica avenida 23 de La Habana permanece cerrado y en su entrada principal ni siquiera ondean las banderas, una se\u00f1al que sugiere que no [&hellip;]\" \/>\n<meta property=\"og:url\" content=\"https:\/\/www.cuballama.com\/noticias\/cierra-torre-k-por-grave-crisis-energetica\/\" \/>\n<meta property=\"og:site_name\" content=\"Cuballama Noticias\" \/>\n<meta property=\"article:publisher\" content=\"https:\/\/www.facebook.com\/CubaLlama\" \/>\n<meta property=\"article:published_time\" content=\"2026-03-13T16:16:44+00:00\" \/>\n<meta property=\"article:modified_time\" content=\"2026-03-13T16:16:48+00:00\" \/>\n<meta property=\"og:image\" content=\"https:\/\/cdn1.mediawpaccore.net\/wp-content\/uploads\/2024\/03\/15121724\/Hotel-Rascacielos.jpg\" \/>\n\t<meta property=\"og:image:width\" content=\"1200\" \/>\n\t<meta property=\"og:image:height\" content=\"630\" \/>\n\t<meta property=\"og:image:type\" content=\"image\/jpeg\" \/>\n<meta name=\"author\" content=\"Manu\" \/>\n<meta name=\"twitter:card\" content=\"summary_large_image\" \/>\n<meta name=\"twitter:creator\" content=\"@cuballama\" \/>\n<meta name=\"twitter:site\" content=\"@cuballama\" \/>\n<meta name=\"twitter:label1\" content=\"Escrito por\" \/>\n\t<meta name=\"twitter:data1\" content=\"Manu\" \/>\n\t<meta name=\"twitter:label2\" content=\"Tiempo de lectura\" \/>\n\t<meta name=\"twitter:data2\" content=\"2 minutos\" \/>\n<script type=\"application\/ld+json\" class=\"yoast-schema-graph\">{\"@context\":\"https:\\\/\\\/schema.org\",\"@graph\":[{\"@type\":\"Article\",\"@id\":\"https:\\\/\\\/www.cuballama.com\\\/noticias\\\/cierra-torre-k-por-grave-crisis-energetica\\\/#article\",\"isPartOf\":{\"@id\":\"https:\\\/\\\/www.cuballama.com\\\/noticias\\\/cierra-torre-k-por-grave-crisis-energetica\\\/\"},\"author\":{\"name\":\"Manu\",\"@id\":\"https:\\\/\\\/www.cuballama.com\\\/noticias\\\/#\\\/schema\\\/person\\\/5889f7d070564f8386e7944d14d436cd\"},\"headline\":\"Cierra Torre K por grave crisis energ\u00e9tica\",\"datePublished\":\"2026-03-13T16:16:44+00:00\",\"dateModified\":\"2026-03-13T16:16:48+00:00\",\"mainEntityOfPage\":{\"@id\":\"https:\\\/\\\/www.cuballama.com\\\/noticias\\\/cierra-torre-k-por-grave-crisis-energetica\\\/\"},\"wordCount\":314,\"commentCount\":0,\"publisher\":{\"@id\":\"https:\\\/\\\/www.cuballama.com\\\/noticias\\\/#organization\"},\"image\":{\"@id\":\"https:\\\/\\\/www.cuballama.com\\\/noticias\\\/cierra-torre-k-por-grave-crisis-energetica\\\/#primaryimage\"},\"thumbnailUrl\":\"https:\\\/\\\/cdn1.mediawpaccore.net\\\/wp-content\\\/uploads\\\/2024\\\/03\\\/15121724\\\/Hotel-Rascacielos.jpg\",\"keywords\":[\"Crisis en Cuba\",\"cubanos\",\"destacado\",\"Hoteles\",\"Torre K-23\"],\"articleSection\":[\"Covid\"],\"inLanguage\":\"es\",\"potentialAction\":[{\"@type\":\"CommentAction\",\"name\":\"Comment\",\"target\":[\"https:\\\/\\\/www.cuballama.com\\\/noticias\\\/cierra-torre-k-por-grave-crisis-energetica\\\/#respond\"]}]},{\"@type\":\"WebPage\",\"@id\":\"https:\\\/\\\/www.cuballama.com\\\/noticias\\\/cierra-torre-k-por-grave-crisis-energetica\\\/\",\"url\":\"https:\\\/\\\/www.cuballama.com\\\/noticias\\\/cierra-torre-k-por-grave-crisis-energetica\\\/\",\"name\":\"Cierra Torre K por grave crisis energ\u00e9tica - Cuballama Noticias\",\"isPartOf\":{\"@id\":\"https:\\\/\\\/www.cuballama.com\\\/noticias\\\/#website\"},\"primaryImageOfPage\":{\"@id\":\"https:\\\/\\\/www.cuballama.com\\\/noticias\\\/cierra-torre-k-por-grave-crisis-energetica\\\/#primaryimage\"},\"image\":{\"@id\":\"https:\\\/\\\/www.cuballama.com\\\/noticias\\\/cierra-torre-k-por-grave-crisis-energetica\\\/#primaryimage\"},\"thumbnailUrl\":\"https:\\\/\\\/cdn1.mediawpaccore.net\\\/wp-content\\\/uploads\\\/2024\\\/03\\\/15121724\\\/Hotel-Rascacielos.jpg\",\"datePublished\":\"2026-03-13T16:16:44+00:00\",\"dateModified\":\"2026-03-13T16:16:48+00:00\",\"breadcrumb\":{\"@id\":\"https:\\\/\\\/www.cuballama.com\\\/noticias\\\/cierra-torre-k-por-grave-crisis-energetica\\\/#breadcrumb\"},\"inLanguage\":\"es\",\"potentialAction\":[{\"@type\":\"ReadAction\",\"target\":[\"https:\\\/\\\/www.cuballama.com\\\/noticias\\\/cierra-torre-k-por-grave-crisis-energetica\\\/\"]}]},{\"@type\":\"ImageObject\",\"inLanguage\":\"es\",\"@id\":\"https:\\\/\\\/www.cuballama.com\\\/noticias\\\/cierra-torre-k-por-grave-crisis-energetica\\\/#primaryimage\",\"url\":\"https:\\\/\\\/cdn1.mediawpaccore.net\\\/wp-content\\\/uploads\\\/2024\\\/03\\\/15121724\\\/Hotel-Rascacielos.jpg\",\"contentUrl\":\"https:\\\/\\\/cdn1.mediawpaccore.net\\\/wp-content\\\/uploads\\\/2024\\\/03\\\/15121724\\\/Hotel-Rascacielos.jpg\",\"width\":1200,\"height\":630,\"caption\":\"Hotel K23. Fotos: X\\\/Juventud T\u00e9cnica y Cuba en Fotos\\\/Manuel Pacheco.\"},{\"@type\":\"BreadcrumbList\",\"@id\":\"https:\\\/\\\/www.cuballama.com\\\/noticias\\\/cierra-torre-k-por-grave-crisis-energetica\\\/#breadcrumb\",\"itemListElement\":[{\"@type\":\"ListItem\",\"position\":1,\"name\":\"Home\",\"item\":\"https:\\\/\\\/www.cuballama.com\\\/noticias\\\/\"},{\"@type\":\"ListItem\",\"position\":2,\"name\":\"Cierra Torre K por grave crisis energ\u00e9tica\"}]},{\"@type\":\"WebSite\",\"@id\":\"https:\\\/\\\/www.cuballama.com\\\/noticias\\\/#website\",\"url\":\"https:\\\/\\\/www.cuballama.com\\\/noticias\\\/\",\"name\":\"Cuballama Noticias\",\"description\":\"Medio digital sobre Cuba y el mundo\",\"publisher\":{\"@id\":\"https:\\\/\\\/www.cuballama.com\\\/noticias\\\/#organization\"},\"potentialAction\":[{\"@type\":\"SearchAction\",\"target\":{\"@type\":\"EntryPoint\",\"urlTemplate\":\"https:\\\/\\\/www.cuballama.com\\\/noticias\\\/?s={search_term_string}\"},\"query-input\":{\"@type\":\"PropertyValueSpecification\",\"valueRequired\":true,\"valueName\":\"search_term_string\"}}],\"inLanguage\":\"es\"},{\"@type\":\"Organization\",\"@id\":\"https:\\\/\\\/www.cuballama.com\\\/noticias\\\/#organization\",\"name\":\"Cuballama\",\"url\":\"https:\\\/\\\/www.cuballama.com\\\/noticias\\\/\",\"logo\":{\"@type\":\"ImageObject\",\"inLanguage\":\"es\",\"@id\":\"https:\\\/\\\/www.cuballama.com\\\/noticias\\\/#\\\/schema\\\/logo\\\/image\\\/\",\"url\":\"https:\\\/\\\/cdn1.mediawpaccore.net\\\/wp-content\\\/uploads\\\/2021\\\/12\\\/28171206\\\/cbll-logo-color-sm.png\",\"contentUrl\":\"https:\\\/\\\/cdn1.mediawpaccore.net\\\/wp-content\\\/uploads\\\/2021\\\/12\\\/28171206\\\/cbll-logo-color-sm.png\",\"width\":600,\"height\":133,\"caption\":\"Cuballama\"},\"image\":{\"@id\":\"https:\\\/\\\/www.cuballama.com\\\/noticias\\\/#\\\/schema\\\/logo\\\/image\\\/\"},\"sameAs\":[\"https:\\\/\\\/www.facebook.com\\\/CubaLlama\",\"https:\\\/\\\/x.com\\\/cuballama\",\"https:\\\/\\\/www.instagram.com\\\/stories\\\/cuballama_oficial\\\/\",\"https:\\\/\\\/www.youtube.com\\\/channel\\\/UCKkFE-d_axENGZcrc4as0IA\"]},{\"@type\":\"Person\",\"@id\":\"https:\\\/\\\/www.cuballama.com\\\/noticias\\\/#\\\/schema\\\/person\\\/5889f7d070564f8386e7944d14d436cd\",\"name\":\"Manu\",\"url\":\"https:\\\/\\\/www.cuballama.com\\\/noticias\\\/author\\\/manu\\\/\"}]}<\/script>\n<!-- \/ Yoast SEO plugin. -->","yoast_head_json":{"title":"Cierra Torre K por grave crisis energ\u00e9tica - Cuballama Noticias","robots":{"index":"index","follow":"follow","max-snippet":"max-snippet:-1","max-image-preview":"max-image-preview:large","max-video-preview":"max-video-preview:-1"},"canonical":"https:\/\/www.cuballama.com\/noticias\/cierra-torre-k-por-grave-crisis-energetica\/","og_locale":"es_ES","og_type":"article","og_title":"Cierra Torre K por grave crisis energ\u00e9tica - Cuballama Noticias","og_description":"El hotel Iberostar Selection La Habana, conocido como Torre K, ha cerrado sus puertas sin que exista una fecha anunciada para su reapertura. Seg\u00fan report\u00f3 14ymedio, el rascacielos ubicado en la c\u00e9ntrica avenida 23 de La Habana permanece cerrado y en su entrada principal ni siquiera ondean las banderas, una se\u00f1al que sugiere que no [&hellip;]","og_url":"https:\/\/www.cuballama.com\/noticias\/cierra-torre-k-por-grave-crisis-energetica\/","og_site_name":"Cuballama Noticias","article_publisher":"https:\/\/www.facebook.com\/CubaLlama","article_published_time":"2026-03-13T16:16:44+00:00","article_modified_time":"2026-03-13T16:16:48+00:00","og_image":[{"width":1200,"height":630,"url":"https:\/\/cdn1.mediawpaccore.net\/wp-content\/uploads\/2024\/03\/15121724\/Hotel-Rascacielos.jpg","type":"image\/jpeg"}],"author":"Manu","twitter_card":"summary_large_image","twitter_creator":"@cuballama","twitter_site":"@cuballama","twitter_misc":{"Escrito por":"Manu","Tiempo de lectura":"2 minutos"},"schema":{"@context":"https:\/\/schema.org","@graph":[{"@type":"Article","@id":"https:\/\/www.cuballama.com\/noticias\/cierra-torre-k-por-grave-crisis-energetica\/#article","isPartOf":{"@id":"https:\/\/www.cuballama.com\/noticias\/cierra-torre-k-por-grave-crisis-energetica\/"},"author":{"name":"Manu","@id":"https:\/\/www.cuballama.com\/noticias\/#\/schema\/person\/5889f7d070564f8386e7944d14d436cd"},"headline":"Cierra Torre K por grave crisis energ\u00e9tica","datePublished":"2026-03-13T16:16:44+00:00","dateModified":"2026-03-13T16:16:48+00:00","mainEntityOfPage":{"@id":"https:\/\/www.cuballama.com\/noticias\/cierra-torre-k-por-grave-crisis-energetica\/"},"wordCount":314,"commentCount":0,"publisher":{"@id":"https:\/\/www.cuballama.com\/noticias\/#organization"},"image":{"@id":"https:\/\/www.cuballama.com\/noticias\/cierra-torre-k-por-grave-crisis-energetica\/#primaryimage"},"thumbnailUrl":"https:\/\/cdn1.mediawpaccore.net\/wp-content\/uploads\/2024\/03\/15121724\/Hotel-Rascacielos.jpg","keywords":["Crisis en Cuba","cubanos","destacado","Hoteles","Torre K-23"],"articleSection":["Covid"],"inLanguage":"es","potentialAction":[{"@type":"CommentAction","name":"Comment","target":["https:\/\/www.cuballama.com\/noticias\/cierra-torre-k-por-grave-crisis-energetica\/#respond"]}]},{"@type":"WebPage","@id":"https:\/\/www.cuballama.com\/noticias\/cierra-torre-k-por-grave-crisis-energetica\/","url":"https:\/\/www.cuballama.com\/noticias\/cierra-torre-k-por-grave-crisis-energetica\/","name":"Cierra Torre K por grave crisis energ\u00e9tica - Cuballama Noticias","isPartOf":{"@id":"https:\/\/www.cuballama.com\/noticias\/#website"},"primaryImageOfPage":{"@id":"https:\/\/www.cuballama.com\/noticias\/cierra-torre-k-por-grave-crisis-energetica\/#primaryimage"},"image":{"@id":"https:\/\/www.cuballama.com\/noticias\/cierra-torre-k-por-grave-crisis-energetica\/#primaryimage"},"thumbnailUrl":"https:\/\/cdn1.mediawpaccore.net\/wp-content\/uploads\/2024\/03\/15121724\/Hotel-Rascacielos.jpg","datePublished":"2026-03-13T16:16:44+00:00","dateModified":"2026-03-13T16:16:48+00:00","breadcrumb":{"@id":"https:\/\/www.cuballama.com\/noticias\/cierra-torre-k-por-grave-crisis-energetica\/#breadcrumb"},"inLanguage":"es","potentialAction":[{"@type":"ReadAction","target":["https:\/\/www.cuballama.com\/noticias\/cierra-torre-k-por-grave-crisis-energetica\/"]}]},{"@type":"ImageObject","inLanguage":"es","@id":"https:\/\/www.cuballama.com\/noticias\/cierra-torre-k-por-grave-crisis-energetica\/#primaryimage","url":"https:\/\/cdn1.mediawpaccore.net\/wp-content\/uploads\/2024\/03\/15121724\/Hotel-Rascacielos.jpg","contentUrl":"https:\/\/cdn1.mediawpaccore.net\/wp-content\/uploads\/2024\/03\/15121724\/Hotel-Rascacielos.jpg","width":1200,"height":630,"caption":"Hotel K23. Fotos: X\/Juventud T\u00e9cnica y Cuba en Fotos\/Manuel Pacheco."},{"@type":"BreadcrumbList","@id":"https:\/\/www.cuballama.com\/noticias\/cierra-torre-k-por-grave-crisis-energetica\/#breadcrumb","itemListElement":[{"@type":"ListItem","position":1,"name":"Home","item":"https:\/\/www.cuballama.com\/noticias\/"},{"@type":"ListItem","position":2,"name":"Cierra Torre K por grave crisis energ\u00e9tica"}]},{"@type":"WebSite","@id":"https:\/\/www.cuballama.com\/noticias\/#website","url":"https:\/\/www.cuballama.com\/noticias\/","name":"Cuballama Noticias","description":"Medio digital sobre Cuba y el mundo","publisher":{"@id":"https:\/\/www.cuballama.com\/noticias\/#organization"},"potentialAction":[{"@type":"SearchAction","target":{"@type":"EntryPoint","urlTemplate":"https:\/\/www.cuballama.com\/noticias\/?s={search_term_string}"},"query-input":{"@type":"PropertyValueSpecification","valueRequired":true,"valueName":"search_term_string"}}],"inLanguage":"es"},{"@type":"Organization","@id":"https:\/\/www.cuballama.com\/noticias\/#organization","name":"Cuballama","url":"https:\/\/www.cuballama.com\/noticias\/","logo":{"@type":"ImageObject","inLanguage":"es","@id":"https:\/\/www.cuballama.com\/noticias\/#\/schema\/logo\/image\/","url":"https:\/\/cdn1.mediawpaccore.net\/wp-content\/uploads\/2021\/12\/28171206\/cbll-logo-color-sm.png","contentUrl":"https:\/\/cdn1.mediawpaccore.net\/wp-content\/uploads\/2021\/12\/28171206\/cbll-logo-color-sm.png","width":600,"height":133,"caption":"Cuballama"},"image":{"@id":"https:\/\/www.cuballama.com\/noticias\/#\/schema\/logo\/image\/"},"sameAs":["https:\/\/www.facebook.com\/CubaLlama","https:\/\/x.com\/cuballama","https:\/\/www.instagram.com\/stories\/cuballama_oficial\/","https:\/\/www.youtube.com\/channel\/UCKkFE-d_axENGZcrc4as0IA"]},{"@type":"Person","@id":"https:\/\/www.cuballama.com\/noticias\/#\/schema\/person\/5889f7d070564f8386e7944d14d436cd","name":"Manu","url":"https:\/\/www.cuballama.com\/noticias\/author\/manu\/"}]}},"_links":{"self":[{"href":"https:\/\/www.cuballama.com\/noticias\/wp-json\/wp\/v2\/posts\/238039","targetHints":{"allow":["GET"]}}],"collection":[{"href":"https:\/\/www.cuballama.com\/noticias\/wp-json\/wp\/v2\/posts"}],"about":[{"href":"https:\/\/www.cuballama.com\/noticias\/wp-json\/wp\/v2\/types\/post"}],"author":[{"embeddable":true,"href":"https:\/\/www.cuballama.com\/noticias\/wp-json\/wp\/v2\/users\/24"}],"replies":[{"embeddable":true,"href":"https:\/\/www.cuballama.com\/noticias\/wp-json\/wp\/v2\/comments?post=238039"}],"version-history":[{"count":3,"href":"https:\/\/www.cuballama.com\/noticias\/wp-json\/wp\/v2\/posts\/238039\/revisions"}],"predecessor-version":[{"id":238095,"href":"https:\/\/www.cuballama.com\/noticias\/wp-json\/wp\/v2\/posts\/238039\/revisions\/238095"}],"wp:featuredmedia":[{"embeddable":true,"href":"https:\/\/www.cuballama.com\/noticias\/wp-json\/wp\/v2\/media\/162284"}],"wp:attachment":[{"href":"https:\/\/www.cuballama.com\/noticias\/wp-json\/wp\/v2\/media?parent=238039"}],"wp:term":[{"taxonomy":"category","embeddable":true,"href":"https:\/\/www.cuballama.com\/noticias\/wp-json\/wp\/v2\/categories?post=238039"},{"taxonomy":"post_tag","embeddable":true,"href":"https:\/\/www.cuballama.com\/noticias\/wp-json\/wp\/v2\/tags?post=238039"}],"curies":[{"name":"wp","href":"https:\/\/api.w.org\/{rel}","templated":true}]}}