{"id":238036,"date":"2026-03-13T12:52:46","date_gmt":"2026-03-13T16:52:46","guid":{"rendered":"https:\/\/www.cuballama.com\/noticias\/?p=238036"},"modified":"2026-03-13T12:53:32","modified_gmt":"2026-03-13T16:53:32","slug":"el-cangrejo-superviso-confirmacion-de-diaz-canel-sobre-conversaciones-con-eeuu","status":"publish","type":"post","link":"https:\/\/www.cuballama.com\/noticias\/el-cangrejo-superviso-confirmacion-de-diaz-canel-sobre-conversaciones-con-eeuu\/","title":{"rendered":"\u201cEl Cangrejo\u201d supervis\u00f3 confirmaci\u00f3n de D\u00edaz-Canel sobre conversaciones con EEUU"},"content":{"rendered":"\n<p><\/p>\n\n\n\n<p>El mandatario cubano, Miguel D\u00edaz-Canel, confirm\u00f3 las conversaciones con EEUU en un encuentro con la prensa y la c\u00fapula militar del pa\u00eds, en el que destac\u00f3 l la presencia de Ra\u00fal Guillermo Rodr\u00edguez Castro, conocido como \u201cEl Cangrejo\u201d, nieto de Ra\u00fal Castro y jefe de su escolta personal<\/p>\n\n\n\n<p>Rodr\u00edguez Castro estuvo presente pese a no ocupar un cargo pol\u00edtico dentro del gobierno. La presencia de \u201cEl  Cangrejo\u201d confirma que es el enlace directo o representante de su abuelo en decisiones estrat\u00e9gicas del poder en Cuba. En los d\u00edas previos al anuncio, reportes de la prensa internacional indicaron que Rodr\u00edguez Castro habr\u00eda estado involucrado en contactos con Washington. <br>El medio estadounidense Axios inform\u00f3 que el secretario de Estado de EE. UU., <a href=\"chatgpt:\/\/generic-entity?number=2\">Marco Rubio<\/a>, habr\u00eda mantenido conversaciones discretas con el nieto de Ra\u00fal Castro.<\/p>\n\n\n\n<p>Seg\u00fan Axios, citando fuentes no reveladas, esos contactos se habr\u00edan realizado al margen de los canales oficiales del gobierno cubano, lo que sugiere que la administraci\u00f3n estadounidense considera al entorno de Ra\u00fal Castro como el principal centro de poder en Cuba.<\/p>\n\n\n\n<p>Ra\u00fal Guillermo Rodr\u00edguez Castro, de 41 a\u00f1os, es considerado por algunos analistas como parte de la nueva generaci\u00f3n de la \u00e9lite gobernante cubana. <\/p>\n\n\n\n<p>Diversos reportes lo vinculan adem\u00e1s con la supervisi\u00f3n o seguimiento de estructuras relacionad con Grupo de Administraci\u00f3n Empresarial S.A. (GAESA), el conglomerado empresarial controlado por las Fuerzas Armadas que maneja sectores clave de la econom\u00eda cubana.<\/p>\n\n\n\n<p>Pese a la ausencia de un cargo formal visible, su presencia en espacios de alto nivel, incluida su participaci\u00f3n sin cargo alguno en reuniones del Consejo de Ministros y del Bur\u00f3 Pol\u00edtico del Partido Comunista, confirma lo que hasta ahora ha estado rodeado de silencio en Cuba: la participaci\u00f3n de \u201cEl Cangrejo\u201d en conversaciones con EEUU que marcar\u00e1n el futuro inmediato de Cuba y de su \u00e9lite pol\u00edtica.<\/p>\n","protected":false},"excerpt":{"rendered":"<p>El mandatario cubano, Miguel D\u00edaz-Canel, confirm\u00f3 las conversaciones con EEUU en un encuentro con la prensa y la c\u00fapula militar del pa\u00eds, en el que destac\u00f3 l la presencia de Ra\u00fal Guillermo Rodr\u00edguez Castro, conocido como \u201cEl Cangrejo\u201d, nieto de Ra\u00fal Castro y jefe de su escolta personal Rodr\u00edguez Castro estuvo presente pese a no [&hellip;]<\/p>\n","protected":false},"author":24,"featured_media":238096,"comment_status":"open","ping_status":"closed","sticky":false,"template":"","format":"standard","meta":{"_acf_changed":false,"footnotes":""},"categories":[18,955],"tags":[10867,92,941,16251,256],"class_list":{"0":"post-238036","1":"post","2":"type-post","3":"status-publish","4":"format-standard","5":"has-post-thumbnail","7":"category-noticias","8":"category-noticias-de-cuba","9":"tag-crisis-en-cuba","10":"tag-cubanos","11":"tag-destacado","12":"tag-el-cangrejo","13":"tag-miami"},"acf":[],"yoast_head":"<!-- This site is optimized with the Yoast SEO plugin v27.5 - https:\/\/yoast.com\/product\/yoast-seo-wordpress\/ -->\n<title>\u201cEl Cangrejo\u201d supervis\u00f3 confirmaci\u00f3n de D\u00edaz-Canel sobre conversaciones con EEUU - Cuballama Noticias<\/title>\n<meta name=\"robots\" content=\"index, follow, max-snippet:-1, max-image-preview:large, max-video-preview:-1\" \/>\n<link rel=\"canonical\" href=\"https:\/\/www.cuballama.com\/noticias\/el-cangrejo-superviso-confirmacion-de-diaz-canel-sobre-conversaciones-con-eeuu\/\" \/>\n<meta property=\"og:locale\" content=\"es_ES\" \/>\n<meta property=\"og:type\" content=\"article\" \/>\n<meta property=\"og:title\" content=\"\u201cEl Cangrejo\u201d supervis\u00f3 confirmaci\u00f3n de D\u00edaz-Canel sobre conversaciones con EEUU - Cuballama Noticias\" \/>\n<meta property=\"og:description\" content=\"El mandatario cubano, Miguel D\u00edaz-Canel, confirm\u00f3 las conversaciones con EEUU en un encuentro con la prensa y la c\u00fapula militar del pa\u00eds, en el que destac\u00f3 l la presencia de Ra\u00fal Guillermo Rodr\u00edguez Castro, conocido como \u201cEl Cangrejo\u201d, nieto de Ra\u00fal Castro y jefe de su escolta personal Rodr\u00edguez Castro estuvo presente pese a no [&hellip;]\" \/>\n<meta property=\"og:url\" content=\"https:\/\/www.cuballama.com\/noticias\/el-cangrejo-superviso-confirmacion-de-diaz-canel-sobre-conversaciones-con-eeuu\/\" \/>\n<meta property=\"og:site_name\" content=\"Cuballama Noticias\" \/>\n<meta property=\"article:publisher\" content=\"https:\/\/www.facebook.com\/CubaLlama\" \/>\n<meta property=\"article:published_time\" content=\"2026-03-13T16:52:46+00:00\" \/>\n<meta property=\"article:modified_time\" content=\"2026-03-13T16:53:32+00:00\" \/>\n<meta property=\"og:image\" content=\"https:\/\/cdn1.mediawpaccore.net\/wp-content\/uploads\/2026\/03\/13124809\/IMG_1139.jpeg\" \/>\n\t<meta property=\"og:image:width\" content=\"1262\" \/>\n\t<meta property=\"og:image:height\" content=\"720\" \/>\n\t<meta property=\"og:image:type\" content=\"image\/jpeg\" \/>\n<meta name=\"author\" content=\"Manu\" \/>\n<meta name=\"twitter:card\" content=\"summary_large_image\" \/>\n<meta name=\"twitter:creator\" content=\"@cuballama\" \/>\n<meta name=\"twitter:site\" content=\"@cuballama\" \/>\n<meta name=\"twitter:label1\" content=\"Escrito por\" \/>\n\t<meta name=\"twitter:data1\" content=\"Manu\" \/>\n\t<meta name=\"twitter:label2\" content=\"Tiempo de lectura\" \/>\n\t<meta name=\"twitter:data2\" content=\"2 minutos\" \/>\n<script type=\"application\/ld+json\" class=\"yoast-schema-graph\">{\"@context\":\"https:\\\/\\\/schema.org\",\"@graph\":[{\"@type\":\"Article\",\"@id\":\"https:\\\/\\\/www.cuballama.com\\\/noticias\\\/el-cangrejo-superviso-confirmacion-de-diaz-canel-sobre-conversaciones-con-eeuu\\\/#article\",\"isPartOf\":{\"@id\":\"https:\\\/\\\/www.cuballama.com\\\/noticias\\\/el-cangrejo-superviso-confirmacion-de-diaz-canel-sobre-conversaciones-con-eeuu\\\/\"},\"author\":{\"name\":\"Manu\",\"@id\":\"https:\\\/\\\/www.cuballama.com\\\/noticias\\\/#\\\/schema\\\/person\\\/5889f7d070564f8386e7944d14d436cd\"},\"headline\":\"\u201cEl Cangrejo\u201d supervis\u00f3 confirmaci\u00f3n de D\u00edaz-Canel sobre conversaciones con EEUU\",\"datePublished\":\"2026-03-13T16:52:46+00:00\",\"dateModified\":\"2026-03-13T16:53:32+00:00\",\"mainEntityOfPage\":{\"@id\":\"https:\\\/\\\/www.cuballama.com\\\/noticias\\\/el-cangrejo-superviso-confirmacion-de-diaz-canel-sobre-conversaciones-con-eeuu\\\/\"},\"wordCount\":343,\"commentCount\":0,\"publisher\":{\"@id\":\"https:\\\/\\\/www.cuballama.com\\\/noticias\\\/#organization\"},\"image\":{\"@id\":\"https:\\\/\\\/www.cuballama.com\\\/noticias\\\/el-cangrejo-superviso-confirmacion-de-diaz-canel-sobre-conversaciones-con-eeuu\\\/#primaryimage\"},\"thumbnailUrl\":\"https:\\\/\\\/cdn1.mediawpaccore.net\\\/wp-content\\\/uploads\\\/2026\\\/03\\\/13124809\\\/IMG_1139.jpeg\",\"keywords\":[\"Crisis en Cuba\",\"cubanos\",\"destacado\",\"El cangrejo\",\"Miami\"],\"articleSection\":[\"Noticias\",\"Noticias de Cuba\"],\"inLanguage\":\"es\",\"potentialAction\":[{\"@type\":\"CommentAction\",\"name\":\"Comment\",\"target\":[\"https:\\\/\\\/www.cuballama.com\\\/noticias\\\/el-cangrejo-superviso-confirmacion-de-diaz-canel-sobre-conversaciones-con-eeuu\\\/#respond\"]}]},{\"@type\":\"WebPage\",\"@id\":\"https:\\\/\\\/www.cuballama.com\\\/noticias\\\/el-cangrejo-superviso-confirmacion-de-diaz-canel-sobre-conversaciones-con-eeuu\\\/\",\"url\":\"https:\\\/\\\/www.cuballama.com\\\/noticias\\\/el-cangrejo-superviso-confirmacion-de-diaz-canel-sobre-conversaciones-con-eeuu\\\/\",\"name\":\"\u201cEl Cangrejo\u201d supervis\u00f3 confirmaci\u00f3n de D\u00edaz-Canel sobre conversaciones con EEUU - Cuballama Noticias\",\"isPartOf\":{\"@id\":\"https:\\\/\\\/www.cuballama.com\\\/noticias\\\/#website\"},\"primaryImageOfPage\":{\"@id\":\"https:\\\/\\\/www.cuballama.com\\\/noticias\\\/el-cangrejo-superviso-confirmacion-de-diaz-canel-sobre-conversaciones-con-eeuu\\\/#primaryimage\"},\"image\":{\"@id\":\"https:\\\/\\\/www.cuballama.com\\\/noticias\\\/el-cangrejo-superviso-confirmacion-de-diaz-canel-sobre-conversaciones-con-eeuu\\\/#primaryimage\"},\"thumbnailUrl\":\"https:\\\/\\\/cdn1.mediawpaccore.net\\\/wp-content\\\/uploads\\\/2026\\\/03\\\/13124809\\\/IMG_1139.jpeg\",\"datePublished\":\"2026-03-13T16:52:46+00:00\",\"dateModified\":\"2026-03-13T16:53:32+00:00\",\"breadcrumb\":{\"@id\":\"https:\\\/\\\/www.cuballama.com\\\/noticias\\\/el-cangrejo-superviso-confirmacion-de-diaz-canel-sobre-conversaciones-con-eeuu\\\/#breadcrumb\"},\"inLanguage\":\"es\",\"potentialAction\":[{\"@type\":\"ReadAction\",\"target\":[\"https:\\\/\\\/www.cuballama.com\\\/noticias\\\/el-cangrejo-superviso-confirmacion-de-diaz-canel-sobre-conversaciones-con-eeuu\\\/\"]}]},{\"@type\":\"ImageObject\",\"inLanguage\":\"es\",\"@id\":\"https:\\\/\\\/www.cuballama.com\\\/noticias\\\/el-cangrejo-superviso-confirmacion-de-diaz-canel-sobre-conversaciones-con-eeuu\\\/#primaryimage\",\"url\":\"https:\\\/\\\/cdn1.mediawpaccore.net\\\/wp-content\\\/uploads\\\/2026\\\/03\\\/13124809\\\/IMG_1139.jpeg\",\"contentUrl\":\"https:\\\/\\\/cdn1.mediawpaccore.net\\\/wp-content\\\/uploads\\\/2026\\\/03\\\/13124809\\\/IMG_1139.jpeg\",\"width\":1262,\"height\":720},{\"@type\":\"BreadcrumbList\",\"@id\":\"https:\\\/\\\/www.cuballama.com\\\/noticias\\\/el-cangrejo-superviso-confirmacion-de-diaz-canel-sobre-conversaciones-con-eeuu\\\/#breadcrumb\",\"itemListElement\":[{\"@type\":\"ListItem\",\"position\":1,\"name\":\"Home\",\"item\":\"https:\\\/\\\/www.cuballama.com\\\/noticias\\\/\"},{\"@type\":\"ListItem\",\"position\":2,\"name\":\"\u201cEl Cangrejo\u201d supervis\u00f3 confirmaci\u00f3n de D\u00edaz-Canel sobre conversaciones con EEUU\"}]},{\"@type\":\"WebSite\",\"@id\":\"https:\\\/\\\/www.cuballama.com\\\/noticias\\\/#website\",\"url\":\"https:\\\/\\\/www.cuballama.com\\\/noticias\\\/\",\"name\":\"Cuballama Noticias\",\"description\":\"Medio digital sobre Cuba y el mundo\",\"publisher\":{\"@id\":\"https:\\\/\\\/www.cuballama.com\\\/noticias\\\/#organization\"},\"potentialAction\":[{\"@type\":\"SearchAction\",\"target\":{\"@type\":\"EntryPoint\",\"urlTemplate\":\"https:\\\/\\\/www.cuballama.com\\\/noticias\\\/?s={search_term_string}\"},\"query-input\":{\"@type\":\"PropertyValueSpecification\",\"valueRequired\":true,\"valueName\":\"search_term_string\"}}],\"inLanguage\":\"es\"},{\"@type\":\"Organization\",\"@id\":\"https:\\\/\\\/www.cuballama.com\\\/noticias\\\/#organization\",\"name\":\"Cuballama\",\"url\":\"https:\\\/\\\/www.cuballama.com\\\/noticias\\\/\",\"logo\":{\"@type\":\"ImageObject\",\"inLanguage\":\"es\",\"@id\":\"https:\\\/\\\/www.cuballama.com\\\/noticias\\\/#\\\/schema\\\/logo\\\/image\\\/\",\"url\":\"https:\\\/\\\/cdn1.mediawpaccore.net\\\/wp-content\\\/uploads\\\/2021\\\/12\\\/28171206\\\/cbll-logo-color-sm.png\",\"contentUrl\":\"https:\\\/\\\/cdn1.mediawpaccore.net\\\/wp-content\\\/uploads\\\/2021\\\/12\\\/28171206\\\/cbll-logo-color-sm.png\",\"width\":600,\"height\":133,\"caption\":\"Cuballama\"},\"image\":{\"@id\":\"https:\\\/\\\/www.cuballama.com\\\/noticias\\\/#\\\/schema\\\/logo\\\/image\\\/\"},\"sameAs\":[\"https:\\\/\\\/www.facebook.com\\\/CubaLlama\",\"https:\\\/\\\/x.com\\\/cuballama\",\"https:\\\/\\\/www.instagram.com\\\/stories\\\/cuballama_oficial\\\/\",\"https:\\\/\\\/www.youtube.com\\\/channel\\\/UCKkFE-d_axENGZcrc4as0IA\"]},{\"@type\":\"Person\",\"@id\":\"https:\\\/\\\/www.cuballama.com\\\/noticias\\\/#\\\/schema\\\/person\\\/5889f7d070564f8386e7944d14d436cd\",\"name\":\"Manu\",\"url\":\"https:\\\/\\\/www.cuballama.com\\\/noticias\\\/author\\\/manu\\\/\"}]}<\/script>\n<!-- \/ Yoast SEO plugin. -->","yoast_head_json":{"title":"\u201cEl Cangrejo\u201d supervis\u00f3 confirmaci\u00f3n de D\u00edaz-Canel sobre conversaciones con EEUU - Cuballama Noticias","robots":{"index":"index","follow":"follow","max-snippet":"max-snippet:-1","max-image-preview":"max-image-preview:large","max-video-preview":"max-video-preview:-1"},"canonical":"https:\/\/www.cuballama.com\/noticias\/el-cangrejo-superviso-confirmacion-de-diaz-canel-sobre-conversaciones-con-eeuu\/","og_locale":"es_ES","og_type":"article","og_title":"\u201cEl Cangrejo\u201d supervis\u00f3 confirmaci\u00f3n de D\u00edaz-Canel sobre conversaciones con EEUU - Cuballama Noticias","og_description":"El mandatario cubano, Miguel D\u00edaz-Canel, confirm\u00f3 las conversaciones con EEUU en un encuentro con la prensa y la c\u00fapula militar del pa\u00eds, en el que destac\u00f3 l la presencia de Ra\u00fal Guillermo Rodr\u00edguez Castro, conocido como \u201cEl Cangrejo\u201d, nieto de Ra\u00fal Castro y jefe de su escolta personal Rodr\u00edguez Castro estuvo presente pese a no [&hellip;]","og_url":"https:\/\/www.cuballama.com\/noticias\/el-cangrejo-superviso-confirmacion-de-diaz-canel-sobre-conversaciones-con-eeuu\/","og_site_name":"Cuballama Noticias","article_publisher":"https:\/\/www.facebook.com\/CubaLlama","article_published_time":"2026-03-13T16:52:46+00:00","article_modified_time":"2026-03-13T16:53:32+00:00","og_image":[{"width":1262,"height":720,"url":"https:\/\/cdn1.mediawpaccore.net\/wp-content\/uploads\/2026\/03\/13124809\/IMG_1139.jpeg","type":"image\/jpeg"}],"author":"Manu","twitter_card":"summary_large_image","twitter_creator":"@cuballama","twitter_site":"@cuballama","twitter_misc":{"Escrito por":"Manu","Tiempo de lectura":"2 minutos"},"schema":{"@context":"https:\/\/schema.org","@graph":[{"@type":"Article","@id":"https:\/\/www.cuballama.com\/noticias\/el-cangrejo-superviso-confirmacion-de-diaz-canel-sobre-conversaciones-con-eeuu\/#article","isPartOf":{"@id":"https:\/\/www.cuballama.com\/noticias\/el-cangrejo-superviso-confirmacion-de-diaz-canel-sobre-conversaciones-con-eeuu\/"},"author":{"name":"Manu","@id":"https:\/\/www.cuballama.com\/noticias\/#\/schema\/person\/5889f7d070564f8386e7944d14d436cd"},"headline":"\u201cEl Cangrejo\u201d supervis\u00f3 confirmaci\u00f3n de D\u00edaz-Canel sobre conversaciones con EEUU","datePublished":"2026-03-13T16:52:46+00:00","dateModified":"2026-03-13T16:53:32+00:00","mainEntityOfPage":{"@id":"https:\/\/www.cuballama.com\/noticias\/el-cangrejo-superviso-confirmacion-de-diaz-canel-sobre-conversaciones-con-eeuu\/"},"wordCount":343,"commentCount":0,"publisher":{"@id":"https:\/\/www.cuballama.com\/noticias\/#organization"},"image":{"@id":"https:\/\/www.cuballama.com\/noticias\/el-cangrejo-superviso-confirmacion-de-diaz-canel-sobre-conversaciones-con-eeuu\/#primaryimage"},"thumbnailUrl":"https:\/\/cdn1.mediawpaccore.net\/wp-content\/uploads\/2026\/03\/13124809\/IMG_1139.jpeg","keywords":["Crisis en Cuba","cubanos","destacado","El cangrejo","Miami"],"articleSection":["Noticias","Noticias de Cuba"],"inLanguage":"es","potentialAction":[{"@type":"CommentAction","name":"Comment","target":["https:\/\/www.cuballama.com\/noticias\/el-cangrejo-superviso-confirmacion-de-diaz-canel-sobre-conversaciones-con-eeuu\/#respond"]}]},{"@type":"WebPage","@id":"https:\/\/www.cuballama.com\/noticias\/el-cangrejo-superviso-confirmacion-de-diaz-canel-sobre-conversaciones-con-eeuu\/","url":"https:\/\/www.cuballama.com\/noticias\/el-cangrejo-superviso-confirmacion-de-diaz-canel-sobre-conversaciones-con-eeuu\/","name":"\u201cEl Cangrejo\u201d supervis\u00f3 confirmaci\u00f3n de D\u00edaz-Canel sobre conversaciones con EEUU - Cuballama Noticias","isPartOf":{"@id":"https:\/\/www.cuballama.com\/noticias\/#website"},"primaryImageOfPage":{"@id":"https:\/\/www.cuballama.com\/noticias\/el-cangrejo-superviso-confirmacion-de-diaz-canel-sobre-conversaciones-con-eeuu\/#primaryimage"},"image":{"@id":"https:\/\/www.cuballama.com\/noticias\/el-cangrejo-superviso-confirmacion-de-diaz-canel-sobre-conversaciones-con-eeuu\/#primaryimage"},"thumbnailUrl":"https:\/\/cdn1.mediawpaccore.net\/wp-content\/uploads\/2026\/03\/13124809\/IMG_1139.jpeg","datePublished":"2026-03-13T16:52:46+00:00","dateModified":"2026-03-13T16:53:32+00:00","breadcrumb":{"@id":"https:\/\/www.cuballama.com\/noticias\/el-cangrejo-superviso-confirmacion-de-diaz-canel-sobre-conversaciones-con-eeuu\/#breadcrumb"},"inLanguage":"es","potentialAction":[{"@type":"ReadAction","target":["https:\/\/www.cuballama.com\/noticias\/el-cangrejo-superviso-confirmacion-de-diaz-canel-sobre-conversaciones-con-eeuu\/"]}]},{"@type":"ImageObject","inLanguage":"es","@id":"https:\/\/www.cuballama.com\/noticias\/el-cangrejo-superviso-confirmacion-de-diaz-canel-sobre-conversaciones-con-eeuu\/#primaryimage","url":"https:\/\/cdn1.mediawpaccore.net\/wp-content\/uploads\/2026\/03\/13124809\/IMG_1139.jpeg","contentUrl":"https:\/\/cdn1.mediawpaccore.net\/wp-content\/uploads\/2026\/03\/13124809\/IMG_1139.jpeg","width":1262,"height":720},{"@type":"BreadcrumbList","@id":"https:\/\/www.cuballama.com\/noticias\/el-cangrejo-superviso-confirmacion-de-diaz-canel-sobre-conversaciones-con-eeuu\/#breadcrumb","itemListElement":[{"@type":"ListItem","position":1,"name":"Home","item":"https:\/\/www.cuballama.com\/noticias\/"},{"@type":"ListItem","position":2,"name":"\u201cEl Cangrejo\u201d supervis\u00f3 confirmaci\u00f3n de D\u00edaz-Canel sobre conversaciones con EEUU"}]},{"@type":"WebSite","@id":"https:\/\/www.cuballama.com\/noticias\/#website","url":"https:\/\/www.cuballama.com\/noticias\/","name":"Cuballama Noticias","description":"Medio digital sobre Cuba y el mundo","publisher":{"@id":"https:\/\/www.cuballama.com\/noticias\/#organization"},"potentialAction":[{"@type":"SearchAction","target":{"@type":"EntryPoint","urlTemplate":"https:\/\/www.cuballama.com\/noticias\/?s={search_term_string}"},"query-input":{"@type":"PropertyValueSpecification","valueRequired":true,"valueName":"search_term_string"}}],"inLanguage":"es"},{"@type":"Organization","@id":"https:\/\/www.cuballama.com\/noticias\/#organization","name":"Cuballama","url":"https:\/\/www.cuballama.com\/noticias\/","logo":{"@type":"ImageObject","inLanguage":"es","@id":"https:\/\/www.cuballama.com\/noticias\/#\/schema\/logo\/image\/","url":"https:\/\/cdn1.mediawpaccore.net\/wp-content\/uploads\/2021\/12\/28171206\/cbll-logo-color-sm.png","contentUrl":"https:\/\/cdn1.mediawpaccore.net\/wp-content\/uploads\/2021\/12\/28171206\/cbll-logo-color-sm.png","width":600,"height":133,"caption":"Cuballama"},"image":{"@id":"https:\/\/www.cuballama.com\/noticias\/#\/schema\/logo\/image\/"},"sameAs":["https:\/\/www.facebook.com\/CubaLlama","https:\/\/x.com\/cuballama","https:\/\/www.instagram.com\/stories\/cuballama_oficial\/","https:\/\/www.youtube.com\/channel\/UCKkFE-d_axENGZcrc4as0IA"]},{"@type":"Person","@id":"https:\/\/www.cuballama.com\/noticias\/#\/schema\/person\/5889f7d070564f8386e7944d14d436cd","name":"Manu","url":"https:\/\/www.cuballama.com\/noticias\/author\/manu\/"}]}},"_links":{"self":[{"href":"https:\/\/www.cuballama.com\/noticias\/wp-json\/wp\/v2\/posts\/238036","targetHints":{"allow":["GET"]}}],"collection":[{"href":"https:\/\/www.cuballama.com\/noticias\/wp-json\/wp\/v2\/posts"}],"about":[{"href":"https:\/\/www.cuballama.com\/noticias\/wp-json\/wp\/v2\/types\/post"}],"author":[{"embeddable":true,"href":"https:\/\/www.cuballama.com\/noticias\/wp-json\/wp\/v2\/users\/24"}],"replies":[{"embeddable":true,"href":"https:\/\/www.cuballama.com\/noticias\/wp-json\/wp\/v2\/comments?post=238036"}],"version-history":[{"count":2,"href":"https:\/\/www.cuballama.com\/noticias\/wp-json\/wp\/v2\/posts\/238036\/revisions"}],"predecessor-version":[{"id":238098,"href":"https:\/\/www.cuballama.com\/noticias\/wp-json\/wp\/v2\/posts\/238036\/revisions\/238098"}],"wp:featuredmedia":[{"embeddable":true,"href":"https:\/\/www.cuballama.com\/noticias\/wp-json\/wp\/v2\/media\/238096"}],"wp:attachment":[{"href":"https:\/\/www.cuballama.com\/noticias\/wp-json\/wp\/v2\/media?parent=238036"}],"wp:term":[{"taxonomy":"category","embeddable":true,"href":"https:\/\/www.cuballama.com\/noticias\/wp-json\/wp\/v2\/categories?post=238036"},{"taxonomy":"post_tag","embeddable":true,"href":"https:\/\/www.cuballama.com\/noticias\/wp-json\/wp\/v2\/tags?post=238036"}],"curies":[{"name":"wp","href":"https:\/\/api.w.org\/{rel}","templated":true}]}}