{"id":238025,"date":"2026-03-13T07:36:49","date_gmt":"2026-03-13T11:36:49","guid":{"rendered":"https:\/\/www.cuballama.com\/noticias\/?p=238025"},"modified":"2026-03-13T07:36:52","modified_gmt":"2026-03-13T11:36:52","slug":"diaz-canel-confirma-conversaciones-con-eeuu","status":"publish","type":"post","link":"https:\/\/www.cuballama.com\/noticias\/diaz-canel-confirma-conversaciones-con-eeuu\/","title":{"rendered":"D\u00edaz-Canel confirma conversaciones con EEUU."},"content":{"rendered":"\n<h2 class=\"wp-block-heading\">Cuando el propio gobierno que neg\u00f3 termina confirmando, ya no estamos ante una especulaci\u00f3n de Miami, ni ante una filtraci\u00f3n interesada, ni ante un invento de redes. <\/h2>\n\n\n\n<h3 class=\"wp-block-heading\">Estamos ante la constataci\u00f3n de que D\u00edaz-Canel dijo que no, mientras s\u00ed. Y a estas alturas, el problema no es que conversen con Estados Unidos. El problema es que mintieron sobre eso hasta que decidieron que ya les conven\u00eda contarlo.<\/h3>\n\n\n\n<p>Durante semanas, la versi\u00f3n oficial cubana siempre ha sido una sola: no hab\u00eda conversaciones con Washington. Miguel D\u00edaz-Canel lo dijo de manera expl\u00edcita el 12 de enero, cuando respondi\u00f3 a declaraciones de Donald Trump asegurando que \u201cno existen conversaciones con el gobierno de EE.UU., salvo contactos t\u00e9cnicos en el \u00e1mbito migratorio\u201d. Reuters y AP recogieron entonces la misma idea: La Habana negaba cualquier di\u00e1logo pol\u00edtico en curso y reduc\u00eda la relaci\u00f3n bilateral a contactos t\u00e9cnicos.<\/p>\n\n\n\n<p>Despu\u00e9s vino el segundo movimiento, m\u00e1s fino, m\u00e1s burocr\u00e1tico y tambi\u00e9n m\u00e1s revelador. El 4 de febrero, el viceministro Carlos Fern\u00e1ndez de Coss\u00edo ya no habl\u00f3 exactamente de ausencia total de contacto. Lo que dijo fue otra cosa: que no exist\u00eda una \u201cmesa de negociaci\u00f3n\u201d y que ser\u00eda \u201cun error\u201d afirmar que se estaba dise\u00f1ando una negociaci\u00f3n bilateral, aunque admiti\u00f3 que s\u00ed se hab\u00edan \u201cintercambiado mensajes\u201d con Estados Unidos y que Washington conoc\u00eda \u201cperfectamente bien\u201d la disposici\u00f3n de Cuba a dialogar. En otras palabras, la negaci\u00f3n empez\u00f3 a encogerse: primero era \u201cno hay conversaciones\u201d; despu\u00e9s, \u201cno hay mesa\u201d; luego, \u201cs\u00ed ha habido mensajes, pero eso no cuenta como di\u00e1logo\u201d.<\/p>\n\n\n\n<p>Entre una declaraci\u00f3n y otra, incluso la propia prensa internacional hab\u00eda se\u00f1alado la contradicci\u00f3n. Reuters report\u00f3 el 13 de marzo, antes de la comparecencia del mandatario, que el gobierno cubano segu\u00eda negando discusiones oficiales, aunque ya no descartaba canales no p\u00fablicos o conversaciones indirectas. Es decir, el relato oficial llevaba d\u00edas intentando sostener una l\u00ednea cada vez m\u00e1s dif\u00edcil: decir que no hab\u00eda conversaciones mientras se multiplicaban los indicios de que, por lo menos, s\u00ed hab\u00eda contactos pol\u00edticos de alg\u00fan nivel.<\/p>\n\n\n\n<p>Y este viernes 13 de marzo la maniobra qued\u00f3 al descubierto. <\/p>\n\n\n\n<p>Seg\u00fan la informaci\u00f3n difundida por medios oficiales y reproducida en redes por L\u00e1zaro Manuel Alonso, D\u00edaz-Canel confirm\u00f3 que funcionarios cubanos han mantenido conversaciones con el gobierno de Estados Unidos, que esos intercambios fueron promovidos por Ra\u00fal Castro y por \u00e9l mismo, y que han estado orientados a buscar soluciones a las diferencias por la v\u00eda del di\u00e1logo. La frase importante no es \u201cCuba est\u00e1 dispuesta\u201d ni \u201cCuba quisiera\u201d. La frase importante es otra: han mantenido conversaciones. Ya no en potencial. Ya no como posibilidad. Ya no como deseo. En pasado compuesto y con reconocimiento p\u00fablico.<\/p>\n\n\n\n<iframe loading=\"lazy\" src=\"https:\/\/www.facebook.com\/plugins\/post.php?href=https%3A%2F%2Fwww.facebook.com%2Fvictor.alonso.1217%2Fposts%2Fpfbid02CB8SZeMp26XWuQ8SiyEvFgGp6FR2t4F1ft356vvfbRyNnrejA68cpdSpgGSmX9qhl&#038;show_text=true&#038;width=500\" width=\"500\" height=\"819\" style=\"border:none;overflow:hidden\" scrolling=\"no\" frameborder=\"0\" allowfullscreen=\"true\" allow=\"autoplay; clipboard-write; encrypted-media; picture-in-picture; web-share\"><\/iframe>\n\n\n\n<p>Lo que queda ahora, no es solo una noticia diplom\u00e1tica, sino una confirmaci\u00f3n pol\u00edtica de c\u00f3mo funciona el discurso del r\u00e9gimen: primero niega, luego matiza, despu\u00e9s redefine las palabras y finalmente admite lo que antes present\u00f3 como falso. No se trataba de un malentendido sem\u00e1ntico entre \u201cdi\u00e1logo\u201d, \u201cmesa\u201d, \u201cmensajes\u201d y \u201ccontactos t\u00e9cnicos\u201d. Se trataba de administrar el momento de decir la verdad. La Habana pas\u00f3 de sostener que no hab\u00eda conversaciones a reconocer que s\u00ed las hab\u00eda, y adem\u00e1s que ven\u00edan impulsadas desde arriba, por Ra\u00fal y por D\u00edaz-Canel. <\/p>\n\n\n\n<p>\u00bfSe imaginan? \u00a1Ra\u00fal Castro conversando con Marco Rubio! \u00a1Hoy infartan unas cu\u00e1ntas ciberclarias!<\/p>\n\n\n\n<p><\/p>\n","protected":false},"excerpt":{"rendered":"<p>Miguel D\u00edaz-Canel confirm\u00f3 que funcionarios cubanos han mantenido conversaciones con el gobierno de Estados Unidos, despu\u00e9s de que durante semanas La Habana negara p\u00fablicamente la existencia de contactos pol\u00edticos. La admisi\u00f3n llega tras declaraciones previas del propio mandatario y de diplom\u00e1ticos cubanos que hab\u00edan descartado cualquier di\u00e1logo bilateral.<\/p>\n","protected":false},"author":13,"featured_media":234468,"comment_status":"open","ping_status":"closed","sticky":false,"template":"","format":"standard","meta":{"_acf_changed":false,"footnotes":""},"categories":[18,955,9667],"tags":[11,622,602,3895,8103,1324,31087,113,30351,11017],"class_list":{"0":"post-238025","1":"post","2":"type-post","3":"status-publish","4":"format-standard","5":"has-post-thumbnail","7":"category-noticias","8":"category-noticias-de-cuba","9":"category-opinion","10":"tag-cuba","11":"tag-diplomacia-cubana","12":"tag-estados-unidos","13":"tag-gobierno-cubano","14":"tag-lazaro-manuel-alonso","15":"tag-miguel-diaz-canel","16":"tag-negociaciones-cuba-estados-unidos","17":"tag-raul-castro","18":"tag-relaciones-cuba-ee-uu-2","19":"tag-superdestacado"},"acf":[],"yoast_head":"<!-- This site is optimized with the Yoast SEO plugin v27.4 - https:\/\/yoast.com\/product\/yoast-seo-wordpress\/ -->\n<title>D\u00edaz-Canel confirma conversaciones con EEUU. - Cuballama Noticias<\/title>\n<meta name=\"description\" content=\"D\u00edaz-Canel confirma conversaciones con EE.UU. tras meses de negarlas. La admisi\u00f3n reabre dudas sobre la versi\u00f3n oficial del r\u00e9gimen.\" \/>\n<meta name=\"robots\" content=\"index, follow, max-snippet:-1, max-image-preview:large, max-video-preview:-1\" \/>\n<link rel=\"canonical\" href=\"https:\/\/www.cuballama.com\/noticias\/diaz-canel-confirma-conversaciones-con-eeuu\/\" \/>\n<meta property=\"og:locale\" content=\"es_ES\" \/>\n<meta property=\"og:type\" content=\"article\" \/>\n<meta property=\"og:title\" content=\"D\u00edaz-Canel confirma conversaciones con EEUU. - Cuballama Noticias\" \/>\n<meta property=\"og:description\" content=\"D\u00edaz-Canel confirma conversaciones con EE.UU. tras meses de negarlas. La admisi\u00f3n reabre dudas sobre la versi\u00f3n oficial del r\u00e9gimen.\" \/>\n<meta property=\"og:url\" content=\"https:\/\/www.cuballama.com\/noticias\/diaz-canel-confirma-conversaciones-con-eeuu\/\" \/>\n<meta property=\"og:site_name\" content=\"Cuballama Noticias\" \/>\n<meta property=\"article:publisher\" content=\"https:\/\/www.facebook.com\/CubaLlama\" \/>\n<meta property=\"article:published_time\" content=\"2026-03-13T11:36:49+00:00\" \/>\n<meta property=\"article:modified_time\" content=\"2026-03-13T11:36:52+00:00\" \/>\n<meta property=\"og:image\" content=\"https:\/\/cdn1.mediawpaccore.net\/wp-content\/uploads\/2026\/02\/05102455\/627129615_1315594477269707_9058421100009641827_n1.jpg\" \/>\n\t<meta property=\"og:image:width\" content=\"1200\" \/>\n\t<meta property=\"og:image:height\" content=\"630\" \/>\n\t<meta property=\"og:image:type\" content=\"image\/jpeg\" \/>\n<meta name=\"author\" content=\"Roberto A.\" \/>\n<meta name=\"twitter:card\" content=\"summary_large_image\" \/>\n<meta name=\"twitter:creator\" content=\"@cuballama\" \/>\n<meta name=\"twitter:site\" content=\"@cuballama\" \/>\n<meta name=\"twitter:label1\" content=\"Escrito por\" \/>\n\t<meta name=\"twitter:data1\" content=\"Roberto A.\" \/>\n\t<meta name=\"twitter:label2\" content=\"Tiempo de lectura\" \/>\n\t<meta name=\"twitter:data2\" content=\"3 minutos\" \/>\n<script type=\"application\/ld+json\" class=\"yoast-schema-graph\">{\"@context\":\"https:\\\/\\\/schema.org\",\"@graph\":[{\"@type\":\"Article\",\"@id\":\"https:\\\/\\\/www.cuballama.com\\\/noticias\\\/diaz-canel-confirma-conversaciones-con-eeuu\\\/#article\",\"isPartOf\":{\"@id\":\"https:\\\/\\\/www.cuballama.com\\\/noticias\\\/diaz-canel-confirma-conversaciones-con-eeuu\\\/\"},\"author\":{\"name\":\"Roberto A.\",\"@id\":\"https:\\\/\\\/www.cuballama.com\\\/noticias\\\/#\\\/schema\\\/person\\\/a58502ed4146c8e9f83872e897c76cd2\"},\"headline\":\"D\u00edaz-Canel confirma conversaciones con EEUU.\",\"datePublished\":\"2026-03-13T11:36:49+00:00\",\"dateModified\":\"2026-03-13T11:36:52+00:00\",\"mainEntityOfPage\":{\"@id\":\"https:\\\/\\\/www.cuballama.com\\\/noticias\\\/diaz-canel-confirma-conversaciones-con-eeuu\\\/\"},\"wordCount\":616,\"commentCount\":0,\"publisher\":{\"@id\":\"https:\\\/\\\/www.cuballama.com\\\/noticias\\\/#organization\"},\"image\":{\"@id\":\"https:\\\/\\\/www.cuballama.com\\\/noticias\\\/diaz-canel-confirma-conversaciones-con-eeuu\\\/#primaryimage\"},\"thumbnailUrl\":\"https:\\\/\\\/cdn1.mediawpaccore.net\\\/wp-content\\\/uploads\\\/2026\\\/02\\\/05102455\\\/627129615_1315594477269707_9058421100009641827_n1.jpg\",\"keywords\":[\"Cuba\",\"Diplomacia cubana\",\"Estados Unidos\",\"gobierno cubano\",\"L\u00e1zaro Manuel Alonso\",\"Miguel D\u00edaz-Canel\",\"negociaciones Cuba Estados Unidos\",\"Ra\u00fal Castro\",\"relaciones Cuba EE.UU.\",\"superdestacado\"],\"articleSection\":[\"Noticias\",\"Noticias de Cuba\",\"Opini\u00f3n\"],\"inLanguage\":\"es\",\"potentialAction\":[{\"@type\":\"CommentAction\",\"name\":\"Comment\",\"target\":[\"https:\\\/\\\/www.cuballama.com\\\/noticias\\\/diaz-canel-confirma-conversaciones-con-eeuu\\\/#respond\"]}]},{\"@type\":\"WebPage\",\"@id\":\"https:\\\/\\\/www.cuballama.com\\\/noticias\\\/diaz-canel-confirma-conversaciones-con-eeuu\\\/\",\"url\":\"https:\\\/\\\/www.cuballama.com\\\/noticias\\\/diaz-canel-confirma-conversaciones-con-eeuu\\\/\",\"name\":\"D\u00edaz-Canel confirma conversaciones con EEUU. - Cuballama Noticias\",\"isPartOf\":{\"@id\":\"https:\\\/\\\/www.cuballama.com\\\/noticias\\\/#website\"},\"primaryImageOfPage\":{\"@id\":\"https:\\\/\\\/www.cuballama.com\\\/noticias\\\/diaz-canel-confirma-conversaciones-con-eeuu\\\/#primaryimage\"},\"image\":{\"@id\":\"https:\\\/\\\/www.cuballama.com\\\/noticias\\\/diaz-canel-confirma-conversaciones-con-eeuu\\\/#primaryimage\"},\"thumbnailUrl\":\"https:\\\/\\\/cdn1.mediawpaccore.net\\\/wp-content\\\/uploads\\\/2026\\\/02\\\/05102455\\\/627129615_1315594477269707_9058421100009641827_n1.jpg\",\"datePublished\":\"2026-03-13T11:36:49+00:00\",\"dateModified\":\"2026-03-13T11:36:52+00:00\",\"description\":\"D\u00edaz-Canel confirma conversaciones con EE.UU. tras meses de negarlas. La admisi\u00f3n reabre dudas sobre la versi\u00f3n oficial del r\u00e9gimen.\",\"breadcrumb\":{\"@id\":\"https:\\\/\\\/www.cuballama.com\\\/noticias\\\/diaz-canel-confirma-conversaciones-con-eeuu\\\/#breadcrumb\"},\"inLanguage\":\"es\",\"potentialAction\":[{\"@type\":\"ReadAction\",\"target\":[\"https:\\\/\\\/www.cuballama.com\\\/noticias\\\/diaz-canel-confirma-conversaciones-con-eeuu\\\/\"]}]},{\"@type\":\"ImageObject\",\"inLanguage\":\"es\",\"@id\":\"https:\\\/\\\/www.cuballama.com\\\/noticias\\\/diaz-canel-confirma-conversaciones-con-eeuu\\\/#primaryimage\",\"url\":\"https:\\\/\\\/cdn1.mediawpaccore.net\\\/wp-content\\\/uploads\\\/2026\\\/02\\\/05102455\\\/627129615_1315594477269707_9058421100009641827_n1.jpg\",\"contentUrl\":\"https:\\\/\\\/cdn1.mediawpaccore.net\\\/wp-content\\\/uploads\\\/2026\\\/02\\\/05102455\\\/627129615_1315594477269707_9058421100009641827_n1.jpg\",\"width\":1200,\"height\":630,\"caption\":\"Miguel D\u00edaz-Canel. Foto: Facebook\\\/Cubadebate.\"},{\"@type\":\"BreadcrumbList\",\"@id\":\"https:\\\/\\\/www.cuballama.com\\\/noticias\\\/diaz-canel-confirma-conversaciones-con-eeuu\\\/#breadcrumb\",\"itemListElement\":[{\"@type\":\"ListItem\",\"position\":1,\"name\":\"Home\",\"item\":\"https:\\\/\\\/www.cuballama.com\\\/noticias\\\/\"},{\"@type\":\"ListItem\",\"position\":2,\"name\":\"D\u00edaz-Canel confirma conversaciones con EEUU.\"}]},{\"@type\":\"WebSite\",\"@id\":\"https:\\\/\\\/www.cuballama.com\\\/noticias\\\/#website\",\"url\":\"https:\\\/\\\/www.cuballama.com\\\/noticias\\\/\",\"name\":\"Cuballama Noticias\",\"description\":\"Medio digital sobre Cuba y el mundo\",\"publisher\":{\"@id\":\"https:\\\/\\\/www.cuballama.com\\\/noticias\\\/#organization\"},\"potentialAction\":[{\"@type\":\"SearchAction\",\"target\":{\"@type\":\"EntryPoint\",\"urlTemplate\":\"https:\\\/\\\/www.cuballama.com\\\/noticias\\\/?s={search_term_string}\"},\"query-input\":{\"@type\":\"PropertyValueSpecification\",\"valueRequired\":true,\"valueName\":\"search_term_string\"}}],\"inLanguage\":\"es\"},{\"@type\":\"Organization\",\"@id\":\"https:\\\/\\\/www.cuballama.com\\\/noticias\\\/#organization\",\"name\":\"Cuballama\",\"url\":\"https:\\\/\\\/www.cuballama.com\\\/noticias\\\/\",\"logo\":{\"@type\":\"ImageObject\",\"inLanguage\":\"es\",\"@id\":\"https:\\\/\\\/www.cuballama.com\\\/noticias\\\/#\\\/schema\\\/logo\\\/image\\\/\",\"url\":\"https:\\\/\\\/cdn1.mediawpaccore.net\\\/wp-content\\\/uploads\\\/2021\\\/12\\\/28171206\\\/cbll-logo-color-sm.png\",\"contentUrl\":\"https:\\\/\\\/cdn1.mediawpaccore.net\\\/wp-content\\\/uploads\\\/2021\\\/12\\\/28171206\\\/cbll-logo-color-sm.png\",\"width\":600,\"height\":133,\"caption\":\"Cuballama\"},\"image\":{\"@id\":\"https:\\\/\\\/www.cuballama.com\\\/noticias\\\/#\\\/schema\\\/logo\\\/image\\\/\"},\"sameAs\":[\"https:\\\/\\\/www.facebook.com\\\/CubaLlama\",\"https:\\\/\\\/x.com\\\/cuballama\",\"https:\\\/\\\/www.instagram.com\\\/stories\\\/cuballama_oficial\\\/\",\"https:\\\/\\\/www.youtube.com\\\/channel\\\/UCKkFE-d_axENGZcrc4as0IA\"]},{\"@type\":\"Person\",\"@id\":\"https:\\\/\\\/www.cuballama.com\\\/noticias\\\/#\\\/schema\\\/person\\\/a58502ed4146c8e9f83872e897c76cd2\",\"name\":\"Roberto A.\",\"description\":\"Roberto A. Periodista por decisi\u00f3n propia. Interesado en cualquier tema que me apasione y cada vez m\u00e1s comprometido con la verdad y la objetividad period\u00edstica. Graduado en La Habana hace ya muchos a\u00f1os, luego de una accidentada y polvorienta b\u00fasqueda de informaci\u00f3n sobre un tema in\u00e9dito. La Tesis, por cierto, desapareci\u00f3 de la biblioteca y no se conservan copias de la misma.\",\"url\":\"https:\\\/\\\/www.cuballama.com\\\/noticias\\\/author\\\/roberto\\\/\"}]}<\/script>\n<!-- \/ Yoast SEO plugin. -->","yoast_head_json":{"title":"D\u00edaz-Canel confirma conversaciones con EEUU. - Cuballama Noticias","description":"D\u00edaz-Canel confirma conversaciones con EE.UU. tras meses de negarlas. La admisi\u00f3n reabre dudas sobre la versi\u00f3n oficial del r\u00e9gimen.","robots":{"index":"index","follow":"follow","max-snippet":"max-snippet:-1","max-image-preview":"max-image-preview:large","max-video-preview":"max-video-preview:-1"},"canonical":"https:\/\/www.cuballama.com\/noticias\/diaz-canel-confirma-conversaciones-con-eeuu\/","og_locale":"es_ES","og_type":"article","og_title":"D\u00edaz-Canel confirma conversaciones con EEUU. - Cuballama Noticias","og_description":"D\u00edaz-Canel confirma conversaciones con EE.UU. tras meses de negarlas. La admisi\u00f3n reabre dudas sobre la versi\u00f3n oficial del r\u00e9gimen.","og_url":"https:\/\/www.cuballama.com\/noticias\/diaz-canel-confirma-conversaciones-con-eeuu\/","og_site_name":"Cuballama Noticias","article_publisher":"https:\/\/www.facebook.com\/CubaLlama","article_published_time":"2026-03-13T11:36:49+00:00","article_modified_time":"2026-03-13T11:36:52+00:00","og_image":[{"width":1200,"height":630,"url":"https:\/\/cdn1.mediawpaccore.net\/wp-content\/uploads\/2026\/02\/05102455\/627129615_1315594477269707_9058421100009641827_n1.jpg","type":"image\/jpeg"}],"author":"Roberto A.","twitter_card":"summary_large_image","twitter_creator":"@cuballama","twitter_site":"@cuballama","twitter_misc":{"Escrito por":"Roberto A.","Tiempo de lectura":"3 minutos"},"schema":{"@context":"https:\/\/schema.org","@graph":[{"@type":"Article","@id":"https:\/\/www.cuballama.com\/noticias\/diaz-canel-confirma-conversaciones-con-eeuu\/#article","isPartOf":{"@id":"https:\/\/www.cuballama.com\/noticias\/diaz-canel-confirma-conversaciones-con-eeuu\/"},"author":{"name":"Roberto A.","@id":"https:\/\/www.cuballama.com\/noticias\/#\/schema\/person\/a58502ed4146c8e9f83872e897c76cd2"},"headline":"D\u00edaz-Canel confirma conversaciones con EEUU.","datePublished":"2026-03-13T11:36:49+00:00","dateModified":"2026-03-13T11:36:52+00:00","mainEntityOfPage":{"@id":"https:\/\/www.cuballama.com\/noticias\/diaz-canel-confirma-conversaciones-con-eeuu\/"},"wordCount":616,"commentCount":0,"publisher":{"@id":"https:\/\/www.cuballama.com\/noticias\/#organization"},"image":{"@id":"https:\/\/www.cuballama.com\/noticias\/diaz-canel-confirma-conversaciones-con-eeuu\/#primaryimage"},"thumbnailUrl":"https:\/\/cdn1.mediawpaccore.net\/wp-content\/uploads\/2026\/02\/05102455\/627129615_1315594477269707_9058421100009641827_n1.jpg","keywords":["Cuba","Diplomacia cubana","Estados Unidos","gobierno cubano","L\u00e1zaro Manuel Alonso","Miguel D\u00edaz-Canel","negociaciones Cuba Estados Unidos","Ra\u00fal Castro","relaciones Cuba EE.UU.","superdestacado"],"articleSection":["Noticias","Noticias de Cuba","Opini\u00f3n"],"inLanguage":"es","potentialAction":[{"@type":"CommentAction","name":"Comment","target":["https:\/\/www.cuballama.com\/noticias\/diaz-canel-confirma-conversaciones-con-eeuu\/#respond"]}]},{"@type":"WebPage","@id":"https:\/\/www.cuballama.com\/noticias\/diaz-canel-confirma-conversaciones-con-eeuu\/","url":"https:\/\/www.cuballama.com\/noticias\/diaz-canel-confirma-conversaciones-con-eeuu\/","name":"D\u00edaz-Canel confirma conversaciones con EEUU. - Cuballama Noticias","isPartOf":{"@id":"https:\/\/www.cuballama.com\/noticias\/#website"},"primaryImageOfPage":{"@id":"https:\/\/www.cuballama.com\/noticias\/diaz-canel-confirma-conversaciones-con-eeuu\/#primaryimage"},"image":{"@id":"https:\/\/www.cuballama.com\/noticias\/diaz-canel-confirma-conversaciones-con-eeuu\/#primaryimage"},"thumbnailUrl":"https:\/\/cdn1.mediawpaccore.net\/wp-content\/uploads\/2026\/02\/05102455\/627129615_1315594477269707_9058421100009641827_n1.jpg","datePublished":"2026-03-13T11:36:49+00:00","dateModified":"2026-03-13T11:36:52+00:00","description":"D\u00edaz-Canel confirma conversaciones con EE.UU. tras meses de negarlas. La admisi\u00f3n reabre dudas sobre la versi\u00f3n oficial del r\u00e9gimen.","breadcrumb":{"@id":"https:\/\/www.cuballama.com\/noticias\/diaz-canel-confirma-conversaciones-con-eeuu\/#breadcrumb"},"inLanguage":"es","potentialAction":[{"@type":"ReadAction","target":["https:\/\/www.cuballama.com\/noticias\/diaz-canel-confirma-conversaciones-con-eeuu\/"]}]},{"@type":"ImageObject","inLanguage":"es","@id":"https:\/\/www.cuballama.com\/noticias\/diaz-canel-confirma-conversaciones-con-eeuu\/#primaryimage","url":"https:\/\/cdn1.mediawpaccore.net\/wp-content\/uploads\/2026\/02\/05102455\/627129615_1315594477269707_9058421100009641827_n1.jpg","contentUrl":"https:\/\/cdn1.mediawpaccore.net\/wp-content\/uploads\/2026\/02\/05102455\/627129615_1315594477269707_9058421100009641827_n1.jpg","width":1200,"height":630,"caption":"Miguel D\u00edaz-Canel. Foto: Facebook\/Cubadebate."},{"@type":"BreadcrumbList","@id":"https:\/\/www.cuballama.com\/noticias\/diaz-canel-confirma-conversaciones-con-eeuu\/#breadcrumb","itemListElement":[{"@type":"ListItem","position":1,"name":"Home","item":"https:\/\/www.cuballama.com\/noticias\/"},{"@type":"ListItem","position":2,"name":"D\u00edaz-Canel confirma conversaciones con EEUU."}]},{"@type":"WebSite","@id":"https:\/\/www.cuballama.com\/noticias\/#website","url":"https:\/\/www.cuballama.com\/noticias\/","name":"Cuballama Noticias","description":"Medio digital sobre Cuba y el mundo","publisher":{"@id":"https:\/\/www.cuballama.com\/noticias\/#organization"},"potentialAction":[{"@type":"SearchAction","target":{"@type":"EntryPoint","urlTemplate":"https:\/\/www.cuballama.com\/noticias\/?s={search_term_string}"},"query-input":{"@type":"PropertyValueSpecification","valueRequired":true,"valueName":"search_term_string"}}],"inLanguage":"es"},{"@type":"Organization","@id":"https:\/\/www.cuballama.com\/noticias\/#organization","name":"Cuballama","url":"https:\/\/www.cuballama.com\/noticias\/","logo":{"@type":"ImageObject","inLanguage":"es","@id":"https:\/\/www.cuballama.com\/noticias\/#\/schema\/logo\/image\/","url":"https:\/\/cdn1.mediawpaccore.net\/wp-content\/uploads\/2021\/12\/28171206\/cbll-logo-color-sm.png","contentUrl":"https:\/\/cdn1.mediawpaccore.net\/wp-content\/uploads\/2021\/12\/28171206\/cbll-logo-color-sm.png","width":600,"height":133,"caption":"Cuballama"},"image":{"@id":"https:\/\/www.cuballama.com\/noticias\/#\/schema\/logo\/image\/"},"sameAs":["https:\/\/www.facebook.com\/CubaLlama","https:\/\/x.com\/cuballama","https:\/\/www.instagram.com\/stories\/cuballama_oficial\/","https:\/\/www.youtube.com\/channel\/UCKkFE-d_axENGZcrc4as0IA"]},{"@type":"Person","@id":"https:\/\/www.cuballama.com\/noticias\/#\/schema\/person\/a58502ed4146c8e9f83872e897c76cd2","name":"Roberto A.","description":"Roberto A. Periodista por decisi\u00f3n propia. Interesado en cualquier tema que me apasione y cada vez m\u00e1s comprometido con la verdad y la objetividad period\u00edstica. Graduado en La Habana hace ya muchos a\u00f1os, luego de una accidentada y polvorienta b\u00fasqueda de informaci\u00f3n sobre un tema in\u00e9dito. La Tesis, por cierto, desapareci\u00f3 de la biblioteca y no se conservan copias de la misma.","url":"https:\/\/www.cuballama.com\/noticias\/author\/roberto\/"}]}},"_links":{"self":[{"href":"https:\/\/www.cuballama.com\/noticias\/wp-json\/wp\/v2\/posts\/238025","targetHints":{"allow":["GET"]}}],"collection":[{"href":"https:\/\/www.cuballama.com\/noticias\/wp-json\/wp\/v2\/posts"}],"about":[{"href":"https:\/\/www.cuballama.com\/noticias\/wp-json\/wp\/v2\/types\/post"}],"author":[{"embeddable":true,"href":"https:\/\/www.cuballama.com\/noticias\/wp-json\/wp\/v2\/users\/13"}],"replies":[{"embeddable":true,"href":"https:\/\/www.cuballama.com\/noticias\/wp-json\/wp\/v2\/comments?post=238025"}],"version-history":[{"count":7,"href":"https:\/\/www.cuballama.com\/noticias\/wp-json\/wp\/v2\/posts\/238025\/revisions"}],"predecessor-version":[{"id":238032,"href":"https:\/\/www.cuballama.com\/noticias\/wp-json\/wp\/v2\/posts\/238025\/revisions\/238032"}],"wp:featuredmedia":[{"embeddable":true,"href":"https:\/\/www.cuballama.com\/noticias\/wp-json\/wp\/v2\/media\/234468"}],"wp:attachment":[{"href":"https:\/\/www.cuballama.com\/noticias\/wp-json\/wp\/v2\/media?parent=238025"}],"wp:term":[{"taxonomy":"category","embeddable":true,"href":"https:\/\/www.cuballama.com\/noticias\/wp-json\/wp\/v2\/categories?post=238025"},{"taxonomy":"post_tag","embeddable":true,"href":"https:\/\/www.cuballama.com\/noticias\/wp-json\/wp\/v2\/tags?post=238025"}],"curies":[{"name":"wp","href":"https:\/\/api.w.org\/{rel}","templated":true}]}}