{"id":238003,"date":"2026-03-13T06:07:46","date_gmt":"2026-03-13T10:07:46","guid":{"rendered":"https:\/\/www.cuballama.com\/noticias\/?p=238003"},"modified":"2026-03-13T12:03:04","modified_gmt":"2026-03-13T16:03:04","slug":"viral-estudiantes-de-stgo-de-cuba-lamentan-muerte-de-queridisimo-profesor-de-matematicas","status":"publish","type":"post","link":"https:\/\/www.cuballama.com\/noticias\/viral-estudiantes-de-stgo-de-cuba-lamentan-muerte-de-queridisimo-profesor-de-matematicas\/","title":{"rendered":"Viral: Estudiantes de Stgo de Cuba lamentan muerte de querid\u00edsimo profesor de Matem\u00e1ticas"},"content":{"rendered":"\n<p>La muerte del profesor de Matem\u00e1ticas Eyre Gonz\u00e1lez Rodr\u00edguez, ocurrida en la madrugada del 12 de marzo, ha provocado una ola de mensajes de dolor y reconocimiento entre estudiantes, exalumnos, colegas y vecinos de Songo\u2013La Maya, en la provincia de Santiago de Cuba. Las redes sociales, especialmente Facebook, se llenaron en cuesti\u00f3n de horas de publicaciones y comentarios recordando al docente como uno de los educadores m\u00e1s queridos del preuniversitario Elvira Cape. Seg\u00fan un conteo hecho en redes sociales (Facebook) la suma de los comentarios de gente que afirmaron haber sido sus alumnos, super\u00f3 la cifra de dos mil. Al menos 14 publicaciones se hicieron para despedirlo.<\/p>\n\n\n\n<p>El primero en confirmar p\u00fablicamente el fallecimiento fue su hermano Michel Valle Gonz\u00e1lez, <a href=\"https:\/\/www.facebook.com\/reel\/1837832513457803\">quien comparti\u00f3 un mensaje<\/a> en el que lo describi\u00f3 como \u201cprofesor de generaciones donde marc\u00f3 la juventud de muchos\u201d, y lo defini\u00f3 como un \u201cmaestro de maestros\u201d. En su publicaci\u00f3n record\u00f3 que hab\u00edan hablado apenas el d\u00eda anterior. <\/p>\n\n\n\n<p>\u201cCar\u00e1cter fuerte, voz gruesa y mirada que helaba a muchos, pero de buen coraz\u00f3n\u201d, escribi\u00f3, al despedirse de quien consideraba m\u00e1s que un hermano: un amigo.<\/p>\n\n\n\n<p>La noticia se propag\u00f3 r\u00e1pidamente entre antiguos alumnos y compa\u00f1eros de trabajo. En uno de los mensajes m\u00e1s compartidos, la usuaria Darielis P\u00e9rez expres\u00f3 el sentimiento de muchos estudiantes al escribir: \u201cCo\u00f1ooo profe, qu\u00e9 noticia tan triste\u2026 siempre estaremos agradecidos del gran profesor que fuiste\u201d. Decenas de comentarios respondieron con mensajes similares de incredulidad y pesar.<\/p>\n\n\n\n<iframe loading=\"lazy\" src=\"https:\/\/www.facebook.com\/plugins\/post.php?href=https%3A%2F%2Fwww.facebook.com%2Fdarielis.perez.718%2Fposts%2Fpfbid0w2RaWymAMkaXo1DNAwyhaCkkMXBcnKdaP4yjhweWFmR39ZoHQFiQt2Pr11oZKzXCl&#038;show_text=true&#038;width=500\" width=\"500\" height=\"703\" style=\"border:none;overflow:hidden\" scrolling=\"no\" frameborder=\"0\" allowfullscreen=\"true\" allow=\"autoplay; clipboard-write; encrypted-media; picture-in-picture; web-share\"><\/iframe>\n\n\n\n<p>Algunos testimonios recordaron momentos recientes con el docente. \u201cHace una semana habl\u00e9 con \u00e9l y estaba s\u00faper bien\u201d, escribi\u00f3 Yordanis L\u00f3pez Garc\u00eda, quien relat\u00f3 que durante una videollamada conversaron sobre la vida y se rieron juntos. \u201cNunca pens\u00e9 que ser\u00eda la \u00faltima vez que escuchar\u00eda sus chistes absurdos y su risa pesada\u201d, coment\u00f3.<\/p>\n\n\n\n<p>El propio preuniversitario Elvira Cape de Songo La Maya, donde impart\u00eda clases, public\u00f3 un mensaje institucional recordando su vocaci\u00f3n pedag\u00f3gica. En la publicaci\u00f3n se cit\u00f3 una frase sobre el compromiso permanente del educador con el conocimiento, y se destac\u00f3 que Gonz\u00e1lez Rodr\u00edguez era recordado por alumnos y colegas como un profesor dedicado a perfeccionar constantemente sus m\u00e9todos de ense\u00f1anza.<\/p>\n\n\n\n<iframe loading=\"lazy\" src=\"https:\/\/www.facebook.com\/plugins\/post.php?href=https%3A%2F%2Fwww.facebook.com%2Felviracape.nanos%2Fposts%2Fpfbid0Sb8hQHkk7sqi8zXyfa4bvfuPB1aVTnnqE9a62qsb6gBwfxKtVfT8YpYMD34g8jyol&#038;show_text=true&#038;width=500\" width=\"500\" height=\"493\" style=\"border:none;overflow:hidden\" scrolling=\"no\" frameborder=\"0\" allowfullscreen=\"true\" allow=\"autoplay; clipboard-write; encrypted-media; picture-in-picture; web-share\"><\/iframe>\n\n\n\n<p>Entre los comentarios, varios padres de estudiantes tambi\u00e9n compartieron an\u00e9cdotas sobre su forma de ense\u00f1ar. Franklin D\u00edaz Amaro relat\u00f3 que el profesor ayud\u00f3 a preparar a sus hijas para los ex\u00e1menes de ingreso a la universidad y record\u00f3 episodios que reflejaban su car\u00e1cter exigente pero cercano con los alumnos. \u201cQue facilidad para ense\u00f1ar\u201d, escribi\u00f3, se\u00f1alando que el profesor terminaba aceptando a todos los estudiantes que llegaban a los repasos aunque inicialmente los hubiera suspendido por indisciplina.<\/p>\n\n\n\n<p>Otros exalumnos lo recordaron como una figura que iba m\u00e1s all\u00e1 de las matem\u00e1ticas. \u201cNos ense\u00f1\u00f3 m\u00e1s que clases dentro de un aula\u201d, coment\u00f3 Surimaily P\u00e9rez Garc\u00eda, quien lo describi\u00f3 como un amigo que repet\u00eda constantemente a sus estudiantes que confiaran en sus propias capacidades.<\/p>\n\n\n\n<p>En otra publicaci\u00f3n, la exalumna Nayalis Barroso afirm\u00f3 que el profesor fue decisivo en los logros acad\u00e9micos de muchas generaciones. \u201cFuiste protagonista en los logros de muchos estudiantes\u201d, escribi\u00f3, agradeci\u00e9ndole especialmente la preparaci\u00f3n recibida durante el duod\u00e9cimo grado.<\/p>\n\n\n\n<iframe loading=\"lazy\" src=\"https:\/\/www.facebook.com\/plugins\/post.php?href=https%3A%2F%2Fwww.facebook.com%2Fnayalis.barroso.7%2Fposts%2Fpfbid02ZYLRp5hQPUX7yJhDD4TorFwvKbkZSfDTCobGetFKHus2xV2CiGz2tQjNF8rWTSQyl&#038;show_text=true&#038;width=500\" width=\"500\" height=\"684\" style=\"border:none;overflow:hidden\" scrolling=\"no\" frameborder=\"0\" allowfullscreen=\"true\" allow=\"autoplay; clipboard-write; encrypted-media; picture-in-picture; web-share\"><\/iframe>\n\n\n\n<p>La cadena de mensajes tambi\u00e9n dej\u00f3 ver el impacto personal que tuvo en quienes lo conocieron. Algunos recordaron su voz grave y su car\u00e1cter firme, mientras otros evocaron sus rega\u00f1os en el aula como parte del aprendizaje. \u201cMuchos llegamos tan lejos por el impulso que nos diste\u201d, escribi\u00f3 una antigua alumna.<\/p>\n\n\n\n<p>Hasta el momento no se han dado a conocer p\u00fablicamente las causas de la muerte del docente, algo que varios usuarios preguntaron en los comentarios. Aun as\u00ed, el tono general de las publicaciones refleja m\u00e1s un homenaje que una b\u00fasqueda de explicaciones.<\/p>\n\n\n\n<p>En cuesti\u00f3n de horas, cientos de comentarios se acumularon en las publicaciones relacionadas con su fallecimiento. Entre ellos se repiten frases como \u201cexcelente profesor\u201d, \u201cgran persona\u201d, \u201cmaestro de generaciones\u201d y \u201cel mejor profesor de matem\u00e1ticas\u201d.<\/p>\n\n\n\n<p>Para muchos de sus alumnos, el legado de Eyre Gonz\u00e1lez Rodr\u00edguez no se mide solo en resultados acad\u00e9micos, sino en la huella personal que dej\u00f3 en quienes pasaron por sus clases. Como escribi\u00f3 uno de los comentarios m\u00e1s compartidos: \u201cEl mejor homenaje para un docente es el reconocimiento de sus estudiantes\u201d.<br><\/p>\n","protected":false},"excerpt":{"rendered":"<p>La muerte del profesor Eyre Gonz\u00e1lez Rodr\u00edguez, docente del preuniversitario Elvira Cape en Songo La Maya, provoc\u00f3 una avalancha de mensajes de exalumnos que recuerdan su impacto en varias generaciones.<\/p>\n","protected":false},"author":13,"featured_media":238004,"comment_status":"open","ping_status":"closed","sticky":false,"template":"","format":"standard","meta":{"_acf_changed":false,"footnotes":""},"categories":[18,955],"tags":[11,22736,31081,4855,31080,14763,160,19008],"class_list":{"0":"post-238003","1":"post","2":"type-post","3":"status-publish","4":"format-standard","5":"has-post-thumbnail","7":"category-noticias","8":"category-noticias-de-cuba","9":"tag-cuba","10":"tag-educacion-en-cuba","11":"tag-eyre-gonzalez-rodriguez","12":"tag-matematicas","13":"tag-preuniversitario-elvira-cape","14":"tag-profesores-cubanos","15":"tag-santiago-de-cuba","16":"tag-songo-la-maya-2"},"acf":[],"yoast_head":"<!-- This site is optimized with the Yoast SEO plugin v27.5 - https:\/\/yoast.com\/product\/yoast-seo-wordpress\/ -->\n<title>Viral: Estudiantes de Stgo de Cuba lamentan muerte de querid\u00edsimo profesor de Matem\u00e1ticas - Cuballama Noticias<\/title>\n<meta name=\"description\" content=\"Muerte del profesor Eyre Gonz\u00e1lez Rodr\u00edguez en Santiago de Cuba provoca ola de mensajes de dolor entre alumnos y colegas\" \/>\n<meta name=\"robots\" content=\"index, follow, max-snippet:-1, max-image-preview:large, max-video-preview:-1\" \/>\n<link rel=\"canonical\" href=\"https:\/\/www.cuballama.com\/noticias\/viral-estudiantes-de-stgo-de-cuba-lamentan-muerte-de-queridisimo-profesor-de-matematicas\/\" \/>\n<meta property=\"og:locale\" content=\"es_ES\" \/>\n<meta property=\"og:type\" content=\"article\" \/>\n<meta property=\"og:title\" content=\"Viral: Estudiantes de Stgo de Cuba lamentan muerte de querid\u00edsimo profesor de Matem\u00e1ticas - Cuballama Noticias\" \/>\n<meta property=\"og:description\" content=\"Muerte del profesor Eyre Gonz\u00e1lez Rodr\u00edguez en Santiago de Cuba provoca ola de mensajes de dolor entre alumnos y colegas\" \/>\n<meta property=\"og:url\" content=\"https:\/\/www.cuballama.com\/noticias\/viral-estudiantes-de-stgo-de-cuba-lamentan-muerte-de-queridisimo-profesor-de-matematicas\/\" \/>\n<meta property=\"og:site_name\" content=\"Cuballama Noticias\" \/>\n<meta property=\"article:publisher\" content=\"https:\/\/www.facebook.com\/CubaLlama\" \/>\n<meta property=\"article:published_time\" content=\"2026-03-13T10:07:46+00:00\" \/>\n<meta property=\"article:modified_time\" content=\"2026-03-13T16:03:04+00:00\" \/>\n<meta property=\"og:image\" content=\"https:\/\/cdn1.mediawpaccore.net\/wp-content\/uploads\/2026\/03\/13060415\/651003776_1460836449077726_6565417953445078443_n.jpg\" \/>\n\t<meta property=\"og:image:width\" content=\"719\" \/>\n\t<meta property=\"og:image:height\" content=\"432\" \/>\n\t<meta property=\"og:image:type\" content=\"image\/jpeg\" \/>\n<meta name=\"author\" content=\"Roberto A.\" \/>\n<meta name=\"twitter:card\" content=\"summary_large_image\" \/>\n<meta name=\"twitter:creator\" content=\"@cuballama\" \/>\n<meta name=\"twitter:site\" content=\"@cuballama\" \/>\n<meta name=\"twitter:label1\" content=\"Escrito por\" \/>\n\t<meta name=\"twitter:data1\" content=\"Roberto A.\" \/>\n\t<meta name=\"twitter:label2\" content=\"Tiempo de lectura\" \/>\n\t<meta name=\"twitter:data2\" content=\"4 minutos\" \/>\n<script type=\"application\/ld+json\" class=\"yoast-schema-graph\">{\"@context\":\"https:\\\/\\\/schema.org\",\"@graph\":[{\"@type\":\"Article\",\"@id\":\"https:\\\/\\\/www.cuballama.com\\\/noticias\\\/viral-estudiantes-de-stgo-de-cuba-lamentan-muerte-de-queridisimo-profesor-de-matematicas\\\/#article\",\"isPartOf\":{\"@id\":\"https:\\\/\\\/www.cuballama.com\\\/noticias\\\/viral-estudiantes-de-stgo-de-cuba-lamentan-muerte-de-queridisimo-profesor-de-matematicas\\\/\"},\"author\":{\"name\":\"Roberto A.\",\"@id\":\"https:\\\/\\\/www.cuballama.com\\\/noticias\\\/#\\\/schema\\\/person\\\/a58502ed4146c8e9f83872e897c76cd2\"},\"headline\":\"Viral: Estudiantes de Stgo de Cuba lamentan muerte de querid\u00edsimo profesor de Matem\u00e1ticas\",\"datePublished\":\"2026-03-13T10:07:46+00:00\",\"dateModified\":\"2026-03-13T16:03:04+00:00\",\"mainEntityOfPage\":{\"@id\":\"https:\\\/\\\/www.cuballama.com\\\/noticias\\\/viral-estudiantes-de-stgo-de-cuba-lamentan-muerte-de-queridisimo-profesor-de-matematicas\\\/\"},\"wordCount\":767,\"commentCount\":0,\"publisher\":{\"@id\":\"https:\\\/\\\/www.cuballama.com\\\/noticias\\\/#organization\"},\"image\":{\"@id\":\"https:\\\/\\\/www.cuballama.com\\\/noticias\\\/viral-estudiantes-de-stgo-de-cuba-lamentan-muerte-de-queridisimo-profesor-de-matematicas\\\/#primaryimage\"},\"thumbnailUrl\":\"https:\\\/\\\/cdn1.mediawpaccore.net\\\/wp-content\\\/uploads\\\/2026\\\/03\\\/13060415\\\/651003776_1460836449077726_6565417953445078443_n.jpg\",\"keywords\":[\"Cuba\",\"educaci\u00f3n en Cuba\",\"Eyre Gonz\u00e1lez Rodr\u00edguez\",\"Matem\u00e1ticas\",\"preuniversitario Elvira Cape\",\"profesores cubanos\",\"Santiago de Cuba\",\"Songo La Maya\"],\"articleSection\":[\"Noticias\",\"Noticias de Cuba\"],\"inLanguage\":\"es\",\"potentialAction\":[{\"@type\":\"CommentAction\",\"name\":\"Comment\",\"target\":[\"https:\\\/\\\/www.cuballama.com\\\/noticias\\\/viral-estudiantes-de-stgo-de-cuba-lamentan-muerte-de-queridisimo-profesor-de-matematicas\\\/#respond\"]}]},{\"@type\":\"WebPage\",\"@id\":\"https:\\\/\\\/www.cuballama.com\\\/noticias\\\/viral-estudiantes-de-stgo-de-cuba-lamentan-muerte-de-queridisimo-profesor-de-matematicas\\\/\",\"url\":\"https:\\\/\\\/www.cuballama.com\\\/noticias\\\/viral-estudiantes-de-stgo-de-cuba-lamentan-muerte-de-queridisimo-profesor-de-matematicas\\\/\",\"name\":\"Viral: Estudiantes de Stgo de Cuba lamentan muerte de querid\u00edsimo profesor de Matem\u00e1ticas - Cuballama Noticias\",\"isPartOf\":{\"@id\":\"https:\\\/\\\/www.cuballama.com\\\/noticias\\\/#website\"},\"primaryImageOfPage\":{\"@id\":\"https:\\\/\\\/www.cuballama.com\\\/noticias\\\/viral-estudiantes-de-stgo-de-cuba-lamentan-muerte-de-queridisimo-profesor-de-matematicas\\\/#primaryimage\"},\"image\":{\"@id\":\"https:\\\/\\\/www.cuballama.com\\\/noticias\\\/viral-estudiantes-de-stgo-de-cuba-lamentan-muerte-de-queridisimo-profesor-de-matematicas\\\/#primaryimage\"},\"thumbnailUrl\":\"https:\\\/\\\/cdn1.mediawpaccore.net\\\/wp-content\\\/uploads\\\/2026\\\/03\\\/13060415\\\/651003776_1460836449077726_6565417953445078443_n.jpg\",\"datePublished\":\"2026-03-13T10:07:46+00:00\",\"dateModified\":\"2026-03-13T16:03:04+00:00\",\"description\":\"Muerte del profesor Eyre Gonz\u00e1lez Rodr\u00edguez en Santiago de Cuba provoca ola de mensajes de dolor entre alumnos y colegas\",\"breadcrumb\":{\"@id\":\"https:\\\/\\\/www.cuballama.com\\\/noticias\\\/viral-estudiantes-de-stgo-de-cuba-lamentan-muerte-de-queridisimo-profesor-de-matematicas\\\/#breadcrumb\"},\"inLanguage\":\"es\",\"potentialAction\":[{\"@type\":\"ReadAction\",\"target\":[\"https:\\\/\\\/www.cuballama.com\\\/noticias\\\/viral-estudiantes-de-stgo-de-cuba-lamentan-muerte-de-queridisimo-profesor-de-matematicas\\\/\"]}]},{\"@type\":\"ImageObject\",\"inLanguage\":\"es\",\"@id\":\"https:\\\/\\\/www.cuballama.com\\\/noticias\\\/viral-estudiantes-de-stgo-de-cuba-lamentan-muerte-de-queridisimo-profesor-de-matematicas\\\/#primaryimage\",\"url\":\"https:\\\/\\\/cdn1.mediawpaccore.net\\\/wp-content\\\/uploads\\\/2026\\\/03\\\/13060415\\\/651003776_1460836449077726_6565417953445078443_n.jpg\",\"contentUrl\":\"https:\\\/\\\/cdn1.mediawpaccore.net\\\/wp-content\\\/uploads\\\/2026\\\/03\\\/13060415\\\/651003776_1460836449077726_6565417953445078443_n.jpg\",\"width\":719,\"height\":432,\"caption\":\"Foto: V\u00eda Facebook \\\/ Nayalis Barroso\"},{\"@type\":\"BreadcrumbList\",\"@id\":\"https:\\\/\\\/www.cuballama.com\\\/noticias\\\/viral-estudiantes-de-stgo-de-cuba-lamentan-muerte-de-queridisimo-profesor-de-matematicas\\\/#breadcrumb\",\"itemListElement\":[{\"@type\":\"ListItem\",\"position\":1,\"name\":\"Home\",\"item\":\"https:\\\/\\\/www.cuballama.com\\\/noticias\\\/\"},{\"@type\":\"ListItem\",\"position\":2,\"name\":\"Viral: Estudiantes de Stgo de Cuba lamentan muerte de querid\u00edsimo profesor de Matem\u00e1ticas\"}]},{\"@type\":\"WebSite\",\"@id\":\"https:\\\/\\\/www.cuballama.com\\\/noticias\\\/#website\",\"url\":\"https:\\\/\\\/www.cuballama.com\\\/noticias\\\/\",\"name\":\"Cuballama Noticias\",\"description\":\"Medio digital sobre Cuba y el mundo\",\"publisher\":{\"@id\":\"https:\\\/\\\/www.cuballama.com\\\/noticias\\\/#organization\"},\"potentialAction\":[{\"@type\":\"SearchAction\",\"target\":{\"@type\":\"EntryPoint\",\"urlTemplate\":\"https:\\\/\\\/www.cuballama.com\\\/noticias\\\/?s={search_term_string}\"},\"query-input\":{\"@type\":\"PropertyValueSpecification\",\"valueRequired\":true,\"valueName\":\"search_term_string\"}}],\"inLanguage\":\"es\"},{\"@type\":\"Organization\",\"@id\":\"https:\\\/\\\/www.cuballama.com\\\/noticias\\\/#organization\",\"name\":\"Cuballama\",\"url\":\"https:\\\/\\\/www.cuballama.com\\\/noticias\\\/\",\"logo\":{\"@type\":\"ImageObject\",\"inLanguage\":\"es\",\"@id\":\"https:\\\/\\\/www.cuballama.com\\\/noticias\\\/#\\\/schema\\\/logo\\\/image\\\/\",\"url\":\"https:\\\/\\\/cdn1.mediawpaccore.net\\\/wp-content\\\/uploads\\\/2021\\\/12\\\/28171206\\\/cbll-logo-color-sm.png\",\"contentUrl\":\"https:\\\/\\\/cdn1.mediawpaccore.net\\\/wp-content\\\/uploads\\\/2021\\\/12\\\/28171206\\\/cbll-logo-color-sm.png\",\"width\":600,\"height\":133,\"caption\":\"Cuballama\"},\"image\":{\"@id\":\"https:\\\/\\\/www.cuballama.com\\\/noticias\\\/#\\\/schema\\\/logo\\\/image\\\/\"},\"sameAs\":[\"https:\\\/\\\/www.facebook.com\\\/CubaLlama\",\"https:\\\/\\\/x.com\\\/cuballama\",\"https:\\\/\\\/www.instagram.com\\\/stories\\\/cuballama_oficial\\\/\",\"https:\\\/\\\/www.youtube.com\\\/channel\\\/UCKkFE-d_axENGZcrc4as0IA\"]},{\"@type\":\"Person\",\"@id\":\"https:\\\/\\\/www.cuballama.com\\\/noticias\\\/#\\\/schema\\\/person\\\/a58502ed4146c8e9f83872e897c76cd2\",\"name\":\"Roberto A.\",\"description\":\"Roberto A. Periodista por decisi\u00f3n propia. Interesado en cualquier tema que me apasione y cada vez m\u00e1s comprometido con la verdad y la objetividad period\u00edstica. Graduado en La Habana hace ya muchos a\u00f1os, luego de una accidentada y polvorienta b\u00fasqueda de informaci\u00f3n sobre un tema in\u00e9dito. La Tesis, por cierto, desapareci\u00f3 de la biblioteca y no se conservan copias de la misma.\",\"url\":\"https:\\\/\\\/www.cuballama.com\\\/noticias\\\/author\\\/roberto\\\/\"}]}<\/script>\n<!-- \/ Yoast SEO plugin. -->","yoast_head_json":{"title":"Viral: Estudiantes de Stgo de Cuba lamentan muerte de querid\u00edsimo profesor de Matem\u00e1ticas - Cuballama Noticias","description":"Muerte del profesor Eyre Gonz\u00e1lez Rodr\u00edguez en Santiago de Cuba provoca ola de mensajes de dolor entre alumnos y colegas","robots":{"index":"index","follow":"follow","max-snippet":"max-snippet:-1","max-image-preview":"max-image-preview:large","max-video-preview":"max-video-preview:-1"},"canonical":"https:\/\/www.cuballama.com\/noticias\/viral-estudiantes-de-stgo-de-cuba-lamentan-muerte-de-queridisimo-profesor-de-matematicas\/","og_locale":"es_ES","og_type":"article","og_title":"Viral: Estudiantes de Stgo de Cuba lamentan muerte de querid\u00edsimo profesor de Matem\u00e1ticas - Cuballama Noticias","og_description":"Muerte del profesor Eyre Gonz\u00e1lez Rodr\u00edguez en Santiago de Cuba provoca ola de mensajes de dolor entre alumnos y colegas","og_url":"https:\/\/www.cuballama.com\/noticias\/viral-estudiantes-de-stgo-de-cuba-lamentan-muerte-de-queridisimo-profesor-de-matematicas\/","og_site_name":"Cuballama Noticias","article_publisher":"https:\/\/www.facebook.com\/CubaLlama","article_published_time":"2026-03-13T10:07:46+00:00","article_modified_time":"2026-03-13T16:03:04+00:00","og_image":[{"width":719,"height":432,"url":"https:\/\/cdn1.mediawpaccore.net\/wp-content\/uploads\/2026\/03\/13060415\/651003776_1460836449077726_6565417953445078443_n.jpg","type":"image\/jpeg"}],"author":"Roberto A.","twitter_card":"summary_large_image","twitter_creator":"@cuballama","twitter_site":"@cuballama","twitter_misc":{"Escrito por":"Roberto A.","Tiempo de lectura":"4 minutos"},"schema":{"@context":"https:\/\/schema.org","@graph":[{"@type":"Article","@id":"https:\/\/www.cuballama.com\/noticias\/viral-estudiantes-de-stgo-de-cuba-lamentan-muerte-de-queridisimo-profesor-de-matematicas\/#article","isPartOf":{"@id":"https:\/\/www.cuballama.com\/noticias\/viral-estudiantes-de-stgo-de-cuba-lamentan-muerte-de-queridisimo-profesor-de-matematicas\/"},"author":{"name":"Roberto A.","@id":"https:\/\/www.cuballama.com\/noticias\/#\/schema\/person\/a58502ed4146c8e9f83872e897c76cd2"},"headline":"Viral: Estudiantes de Stgo de Cuba lamentan muerte de querid\u00edsimo profesor de Matem\u00e1ticas","datePublished":"2026-03-13T10:07:46+00:00","dateModified":"2026-03-13T16:03:04+00:00","mainEntityOfPage":{"@id":"https:\/\/www.cuballama.com\/noticias\/viral-estudiantes-de-stgo-de-cuba-lamentan-muerte-de-queridisimo-profesor-de-matematicas\/"},"wordCount":767,"commentCount":0,"publisher":{"@id":"https:\/\/www.cuballama.com\/noticias\/#organization"},"image":{"@id":"https:\/\/www.cuballama.com\/noticias\/viral-estudiantes-de-stgo-de-cuba-lamentan-muerte-de-queridisimo-profesor-de-matematicas\/#primaryimage"},"thumbnailUrl":"https:\/\/cdn1.mediawpaccore.net\/wp-content\/uploads\/2026\/03\/13060415\/651003776_1460836449077726_6565417953445078443_n.jpg","keywords":["Cuba","educaci\u00f3n en Cuba","Eyre Gonz\u00e1lez Rodr\u00edguez","Matem\u00e1ticas","preuniversitario Elvira Cape","profesores cubanos","Santiago de Cuba","Songo La Maya"],"articleSection":["Noticias","Noticias de Cuba"],"inLanguage":"es","potentialAction":[{"@type":"CommentAction","name":"Comment","target":["https:\/\/www.cuballama.com\/noticias\/viral-estudiantes-de-stgo-de-cuba-lamentan-muerte-de-queridisimo-profesor-de-matematicas\/#respond"]}]},{"@type":"WebPage","@id":"https:\/\/www.cuballama.com\/noticias\/viral-estudiantes-de-stgo-de-cuba-lamentan-muerte-de-queridisimo-profesor-de-matematicas\/","url":"https:\/\/www.cuballama.com\/noticias\/viral-estudiantes-de-stgo-de-cuba-lamentan-muerte-de-queridisimo-profesor-de-matematicas\/","name":"Viral: Estudiantes de Stgo de Cuba lamentan muerte de querid\u00edsimo profesor de Matem\u00e1ticas - Cuballama Noticias","isPartOf":{"@id":"https:\/\/www.cuballama.com\/noticias\/#website"},"primaryImageOfPage":{"@id":"https:\/\/www.cuballama.com\/noticias\/viral-estudiantes-de-stgo-de-cuba-lamentan-muerte-de-queridisimo-profesor-de-matematicas\/#primaryimage"},"image":{"@id":"https:\/\/www.cuballama.com\/noticias\/viral-estudiantes-de-stgo-de-cuba-lamentan-muerte-de-queridisimo-profesor-de-matematicas\/#primaryimage"},"thumbnailUrl":"https:\/\/cdn1.mediawpaccore.net\/wp-content\/uploads\/2026\/03\/13060415\/651003776_1460836449077726_6565417953445078443_n.jpg","datePublished":"2026-03-13T10:07:46+00:00","dateModified":"2026-03-13T16:03:04+00:00","description":"Muerte del profesor Eyre Gonz\u00e1lez Rodr\u00edguez en Santiago de Cuba provoca ola de mensajes de dolor entre alumnos y colegas","breadcrumb":{"@id":"https:\/\/www.cuballama.com\/noticias\/viral-estudiantes-de-stgo-de-cuba-lamentan-muerte-de-queridisimo-profesor-de-matematicas\/#breadcrumb"},"inLanguage":"es","potentialAction":[{"@type":"ReadAction","target":["https:\/\/www.cuballama.com\/noticias\/viral-estudiantes-de-stgo-de-cuba-lamentan-muerte-de-queridisimo-profesor-de-matematicas\/"]}]},{"@type":"ImageObject","inLanguage":"es","@id":"https:\/\/www.cuballama.com\/noticias\/viral-estudiantes-de-stgo-de-cuba-lamentan-muerte-de-queridisimo-profesor-de-matematicas\/#primaryimage","url":"https:\/\/cdn1.mediawpaccore.net\/wp-content\/uploads\/2026\/03\/13060415\/651003776_1460836449077726_6565417953445078443_n.jpg","contentUrl":"https:\/\/cdn1.mediawpaccore.net\/wp-content\/uploads\/2026\/03\/13060415\/651003776_1460836449077726_6565417953445078443_n.jpg","width":719,"height":432,"caption":"Foto: V\u00eda Facebook \/ Nayalis Barroso"},{"@type":"BreadcrumbList","@id":"https:\/\/www.cuballama.com\/noticias\/viral-estudiantes-de-stgo-de-cuba-lamentan-muerte-de-queridisimo-profesor-de-matematicas\/#breadcrumb","itemListElement":[{"@type":"ListItem","position":1,"name":"Home","item":"https:\/\/www.cuballama.com\/noticias\/"},{"@type":"ListItem","position":2,"name":"Viral: Estudiantes de Stgo de Cuba lamentan muerte de querid\u00edsimo profesor de Matem\u00e1ticas"}]},{"@type":"WebSite","@id":"https:\/\/www.cuballama.com\/noticias\/#website","url":"https:\/\/www.cuballama.com\/noticias\/","name":"Cuballama Noticias","description":"Medio digital sobre Cuba y el mundo","publisher":{"@id":"https:\/\/www.cuballama.com\/noticias\/#organization"},"potentialAction":[{"@type":"SearchAction","target":{"@type":"EntryPoint","urlTemplate":"https:\/\/www.cuballama.com\/noticias\/?s={search_term_string}"},"query-input":{"@type":"PropertyValueSpecification","valueRequired":true,"valueName":"search_term_string"}}],"inLanguage":"es"},{"@type":"Organization","@id":"https:\/\/www.cuballama.com\/noticias\/#organization","name":"Cuballama","url":"https:\/\/www.cuballama.com\/noticias\/","logo":{"@type":"ImageObject","inLanguage":"es","@id":"https:\/\/www.cuballama.com\/noticias\/#\/schema\/logo\/image\/","url":"https:\/\/cdn1.mediawpaccore.net\/wp-content\/uploads\/2021\/12\/28171206\/cbll-logo-color-sm.png","contentUrl":"https:\/\/cdn1.mediawpaccore.net\/wp-content\/uploads\/2021\/12\/28171206\/cbll-logo-color-sm.png","width":600,"height":133,"caption":"Cuballama"},"image":{"@id":"https:\/\/www.cuballama.com\/noticias\/#\/schema\/logo\/image\/"},"sameAs":["https:\/\/www.facebook.com\/CubaLlama","https:\/\/x.com\/cuballama","https:\/\/www.instagram.com\/stories\/cuballama_oficial\/","https:\/\/www.youtube.com\/channel\/UCKkFE-d_axENGZcrc4as0IA"]},{"@type":"Person","@id":"https:\/\/www.cuballama.com\/noticias\/#\/schema\/person\/a58502ed4146c8e9f83872e897c76cd2","name":"Roberto A.","description":"Roberto A. Periodista por decisi\u00f3n propia. Interesado en cualquier tema que me apasione y cada vez m\u00e1s comprometido con la verdad y la objetividad period\u00edstica. Graduado en La Habana hace ya muchos a\u00f1os, luego de una accidentada y polvorienta b\u00fasqueda de informaci\u00f3n sobre un tema in\u00e9dito. La Tesis, por cierto, desapareci\u00f3 de la biblioteca y no se conservan copias de la misma.","url":"https:\/\/www.cuballama.com\/noticias\/author\/roberto\/"}]}},"_links":{"self":[{"href":"https:\/\/www.cuballama.com\/noticias\/wp-json\/wp\/v2\/posts\/238003","targetHints":{"allow":["GET"]}}],"collection":[{"href":"https:\/\/www.cuballama.com\/noticias\/wp-json\/wp\/v2\/posts"}],"about":[{"href":"https:\/\/www.cuballama.com\/noticias\/wp-json\/wp\/v2\/types\/post"}],"author":[{"embeddable":true,"href":"https:\/\/www.cuballama.com\/noticias\/wp-json\/wp\/v2\/users\/13"}],"replies":[{"embeddable":true,"href":"https:\/\/www.cuballama.com\/noticias\/wp-json\/wp\/v2\/comments?post=238003"}],"version-history":[{"count":2,"href":"https:\/\/www.cuballama.com\/noticias\/wp-json\/wp\/v2\/posts\/238003\/revisions"}],"predecessor-version":[{"id":238006,"href":"https:\/\/www.cuballama.com\/noticias\/wp-json\/wp\/v2\/posts\/238003\/revisions\/238006"}],"wp:featuredmedia":[{"embeddable":true,"href":"https:\/\/www.cuballama.com\/noticias\/wp-json\/wp\/v2\/media\/238004"}],"wp:attachment":[{"href":"https:\/\/www.cuballama.com\/noticias\/wp-json\/wp\/v2\/media?parent=238003"}],"wp:term":[{"taxonomy":"category","embeddable":true,"href":"https:\/\/www.cuballama.com\/noticias\/wp-json\/wp\/v2\/categories?post=238003"},{"taxonomy":"post_tag","embeddable":true,"href":"https:\/\/www.cuballama.com\/noticias\/wp-json\/wp\/v2\/tags?post=238003"}],"curies":[{"name":"wp","href":"https:\/\/api.w.org\/{rel}","templated":true}]}}