{"id":237995,"date":"2026-03-12T22:32:57","date_gmt":"2026-03-13T02:32:57","guid":{"rendered":"https:\/\/www.cuballama.com\/noticias\/?p=237995"},"modified":"2026-03-13T08:33:51","modified_gmt":"2026-03-13T12:33:51","slug":"cuba-anuncia-que-excarcelara-a-51-presos-tras-acuerdo-con-el-vaticano","status":"publish","type":"post","link":"https:\/\/www.cuballama.com\/noticias\/cuba-anuncia-que-excarcelara-a-51-presos-tras-acuerdo-con-el-vaticano\/","title":{"rendered":"Cuba anuncia que excarcelar\u00e1 a 51 presos tras acuerdo con el Vaticano"},"content":{"rendered":"\n<p>El gobierno de Cuba anunci\u00f3 este jueves 12 de marzo que en los pr\u00f3ximos d\u00edas excarcelar\u00e1 a 51 presos, lo que calific\u00f3 como una \u201cdecisi\u00f3n soberana\u201d como parte de un acuerdo con el Vaticano.<\/p>\n\n\n\n<p>\u201cEl gobierno de Cuba ha decidido liberar en los pr\u00f3ximos d\u00edas a 51 personas sancionadas a privaci\u00f3n de libertad. Todas han cumplido una parte significativa de la pena y han mantenido buena conducta en prisi\u00f3n\u201d, explic\u00f3 el Ministerio de Relaciones Exteriores (Minrex) a trav\u00e9s de un comunicado.<\/p>\n\n\n\n<p>Seg\u00fan la canciller\u00eda cubana, se trata de una \u201cpr\u00e1ctica habitual\u201d en el sistema de justicia penal cubano, como parte de una \u201ctrayectoria humanitaria\u201d, que esta vez coincide con la proximidad de las celebraciones religiosas de la Semana Santa.<\/p>\n\n\n\n<blockquote class=\"twitter-tweet\"><p lang=\"es\" dir=\"ltr\">En el esp\u00edritu de buena voluntad, de estrechas y fluidas relaciones entre el Estado cubano y la Santa Sede, el Gobierno de <a href=\"https:\/\/twitter.com\/hashtag\/Cuba?src=hash&amp;ref_src=twsrc%5Etfw\">#Cuba<\/a> ha decidido liberar en los pr\u00f3ximos d\u00edas a 51 personas sancionadas a privaci\u00f3n de libertad. <br><br>Esta decisi\u00f3n soberana constituye una pr\u00e1ctica habitual\u2026 <a href=\"https:\/\/t.co\/M6xJnMjsTx\">https:\/\/t.co\/M6xJnMjsTx<\/a><\/p>&mdash; Bruno Rodr\u00edguez P (@BrunoRguezP) <a href=\"https:\/\/twitter.com\/BrunoRguezP\/status\/2032263992144531824?ref_src=twsrc%5Etfw\">March 13, 2026<\/a><\/blockquote> <script async src=\"https:\/\/platform.twitter.com\/widgets.js\" charset=\"utf-8\"><\/script>\n\n\n\n<p>Cuba ha excarcelado ya en ocasiones previas, la \u00faltima en 2025, a una serie de presos, algunos de ellos pol\u00edticos, tras un acuerdo con el Vaticano o con la mediaci\u00f3n de la Santa Sede, pero en a\u00f1os anteriores las cifras han sido mucho mayores.<\/p>\n\n\n\n<p>Si bien habr\u00e1 que esperar los pr\u00f3ximos d\u00edas para saber los nombres de los excarcelados, incluso si todos esta vez fueran presos pol\u00edticos, es una cifra \u00ednfima respecto al total de ellos existe hoy en Cuba.<\/p>\n\n\n\n<p>Cabe resaltar que las excarcelaciones en el sistema cubano no funcionan como indultos, sino como un beneficio que permite al preso salir del centro penitenciario aunque la pena no est\u00e9 extinguida y siempre que cumpla con ciertos requisitos durante su restante condena.<\/p>\n\n\n\n<p>La Habana recalc\u00f3 que esta es una decisi\u00f3n enmarcada en \u201cel esp\u00edritu de buena voluntad, de estrechas y fluidas relaciones entre el Estado cubano y el Vaticano, con el cual se ha mantenido hist\u00f3ricamente una comunicaci\u00f3n sobre los procesos de revisi\u00f3n y excarcelaci\u00f3n de personas privadas de libertad\u201d.<\/p>\n\n\n\n<iframe loading=\"lazy\" src=\"https:\/\/www.facebook.com\/plugins\/post.php?href=https%3A%2F%2Fwww.facebook.com%2Fjose.raul.gallego.2025%2Fposts%2Fpfbid0KSu8Ra3apAULRfS334MwzaEMwbdJn8bhjhyqgeQfPRAuGn7xmt4bMdgmZ36fET7vl&#038;show_text=true&#038;width=500\" width=\"500\" height=\"250\" style=\"border:none;overflow:hidden\" scrolling=\"no\" frameborder=\"0\" allowfullscreen=\"true\" allow=\"autoplay; clipboard-write; encrypted-media; picture-in-picture; web-share\"><\/iframe>\n\n\n\n<p>El Minrex destac\u00f3 que desde el 2010 el gobierno cubano ha beneficiado con indultos a 9.905 reclusos, mientras, en los \u00faltimos tres a\u00f1os, como parte de la pr\u00e1ctica cubana y al amparo de lo dispuesto en la legislaci\u00f3n, otras 10 mil personas sancionadas a privaci\u00f3n de libertad fueron excarceladas por diferentes beneficios.<\/p>\n\n\n\n<p><\/p>\n","protected":false},"excerpt":{"rendered":"<p>Seg\u00fan destac\u00f3 la canciller\u00eda cubana, se trata de una \u201cpr\u00e1ctica habitual\u201d en el sistema de justicia penal cubano.<\/p>\n","protected":false},"author":30,"featured_media":237997,"comment_status":"open","ping_status":"closed","sticky":false,"template":"","format":"standard","meta":{"_acf_changed":false,"footnotes":""},"categories":[18,955],"tags":[10867,941,17784,3154],"class_list":{"0":"post-237995","1":"post","2":"type-post","3":"status-publish","4":"format-standard","5":"has-post-thumbnail","7":"category-noticias","8":"category-noticias-de-cuba","9":"tag-crisis-en-cuba","10":"tag-destacado","11":"tag-presos-cubanos","12":"tag-vaticano"},"acf":[],"yoast_head":"<!-- This site is optimized with the Yoast SEO plugin v27.5 - https:\/\/yoast.com\/product\/yoast-seo-wordpress\/ -->\n<title>Cuba anuncia que excarcelar\u00e1 a 51 presos tras acuerdo con el Vaticano - Cuballama Noticias<\/title>\n<meta name=\"description\" content=\"El gobierno de Cuba anunci\u00f3 este jueves que en los pr\u00f3ximos d\u00edas excarcelar\u00e1 a 51 presos tras un acuerdo con el Vaticano.\" \/>\n<meta name=\"robots\" content=\"index, follow, max-snippet:-1, max-image-preview:large, max-video-preview:-1\" \/>\n<link rel=\"canonical\" href=\"https:\/\/www.cuballama.com\/noticias\/cuba-anuncia-que-excarcelara-a-51-presos-tras-acuerdo-con-el-vaticano\/\" \/>\n<meta property=\"og:locale\" content=\"es_ES\" \/>\n<meta property=\"og:type\" content=\"article\" \/>\n<meta property=\"og:title\" content=\"Cuba anuncia que excarcelar\u00e1 a 51 presos tras acuerdo con el Vaticano - Cuballama Noticias\" \/>\n<meta property=\"og:description\" content=\"El gobierno de Cuba anunci\u00f3 este jueves que en los pr\u00f3ximos d\u00edas excarcelar\u00e1 a 51 presos tras un acuerdo con el Vaticano.\" \/>\n<meta property=\"og:url\" content=\"https:\/\/www.cuballama.com\/noticias\/cuba-anuncia-que-excarcelara-a-51-presos-tras-acuerdo-con-el-vaticano\/\" \/>\n<meta property=\"og:site_name\" content=\"Cuballama Noticias\" \/>\n<meta property=\"article:publisher\" content=\"https:\/\/www.facebook.com\/CubaLlama\" \/>\n<meta property=\"article:published_time\" content=\"2026-03-13T02:32:57+00:00\" \/>\n<meta property=\"article:modified_time\" content=\"2026-03-13T12:33:51+00:00\" \/>\n<meta property=\"og:image\" content=\"https:\/\/cdn1.mediawpaccore.net\/wp-content\/uploads\/2026\/03\/12222112\/HCP3c-CWYAAoL-Z1.jpg\" \/>\n\t<meta property=\"og:image:width\" content=\"1200\" \/>\n\t<meta property=\"og:image:height\" content=\"630\" \/>\n\t<meta property=\"og:image:type\" content=\"image\/jpeg\" \/>\n<meta name=\"author\" content=\"Kathy\" \/>\n<meta name=\"twitter:card\" content=\"summary_large_image\" \/>\n<meta name=\"twitter:creator\" content=\"@cuballama\" \/>\n<meta name=\"twitter:site\" content=\"@cuballama\" \/>\n<meta name=\"twitter:label1\" content=\"Escrito por\" \/>\n\t<meta name=\"twitter:data1\" content=\"Kathy\" \/>\n\t<meta name=\"twitter:label2\" content=\"Tiempo de lectura\" \/>\n\t<meta name=\"twitter:data2\" content=\"2 minutos\" \/>\n<script type=\"application\/ld+json\" class=\"yoast-schema-graph\">{\"@context\":\"https:\\\/\\\/schema.org\",\"@graph\":[{\"@type\":\"Article\",\"@id\":\"https:\\\/\\\/www.cuballama.com\\\/noticias\\\/cuba-anuncia-que-excarcelara-a-51-presos-tras-acuerdo-con-el-vaticano\\\/#article\",\"isPartOf\":{\"@id\":\"https:\\\/\\\/www.cuballama.com\\\/noticias\\\/cuba-anuncia-que-excarcelara-a-51-presos-tras-acuerdo-con-el-vaticano\\\/\"},\"author\":{\"name\":\"Kathy\",\"@id\":\"https:\\\/\\\/www.cuballama.com\\\/noticias\\\/#\\\/schema\\\/person\\\/86cd3e3f4974437f031211213bf892d5\"},\"headline\":\"Cuba anuncia que excarcelar\u00e1 a 51 presos tras acuerdo con el Vaticano\",\"datePublished\":\"2026-03-13T02:32:57+00:00\",\"dateModified\":\"2026-03-13T12:33:51+00:00\",\"mainEntityOfPage\":{\"@id\":\"https:\\\/\\\/www.cuballama.com\\\/noticias\\\/cuba-anuncia-que-excarcelara-a-51-presos-tras-acuerdo-con-el-vaticano\\\/\"},\"wordCount\":434,\"commentCount\":0,\"publisher\":{\"@id\":\"https:\\\/\\\/www.cuballama.com\\\/noticias\\\/#organization\"},\"image\":{\"@id\":\"https:\\\/\\\/www.cuballama.com\\\/noticias\\\/cuba-anuncia-que-excarcelara-a-51-presos-tras-acuerdo-con-el-vaticano\\\/#primaryimage\"},\"thumbnailUrl\":\"https:\\\/\\\/cdn1.mediawpaccore.net\\\/wp-content\\\/uploads\\\/2026\\\/03\\\/12222112\\\/HCP3c-CWYAAoL-Z1.jpg\",\"keywords\":[\"Crisis en Cuba\",\"destacado\",\"presos cubanos\",\"Vaticano\"],\"articleSection\":[\"Noticias\",\"Noticias de Cuba\"],\"inLanguage\":\"es\",\"potentialAction\":[{\"@type\":\"CommentAction\",\"name\":\"Comment\",\"target\":[\"https:\\\/\\\/www.cuballama.com\\\/noticias\\\/cuba-anuncia-que-excarcelara-a-51-presos-tras-acuerdo-con-el-vaticano\\\/#respond\"]}]},{\"@type\":\"WebPage\",\"@id\":\"https:\\\/\\\/www.cuballama.com\\\/noticias\\\/cuba-anuncia-que-excarcelara-a-51-presos-tras-acuerdo-con-el-vaticano\\\/\",\"url\":\"https:\\\/\\\/www.cuballama.com\\\/noticias\\\/cuba-anuncia-que-excarcelara-a-51-presos-tras-acuerdo-con-el-vaticano\\\/\",\"name\":\"Cuba anuncia que excarcelar\u00e1 a 51 presos tras acuerdo con el Vaticano - Cuballama Noticias\",\"isPartOf\":{\"@id\":\"https:\\\/\\\/www.cuballama.com\\\/noticias\\\/#website\"},\"primaryImageOfPage\":{\"@id\":\"https:\\\/\\\/www.cuballama.com\\\/noticias\\\/cuba-anuncia-que-excarcelara-a-51-presos-tras-acuerdo-con-el-vaticano\\\/#primaryimage\"},\"image\":{\"@id\":\"https:\\\/\\\/www.cuballama.com\\\/noticias\\\/cuba-anuncia-que-excarcelara-a-51-presos-tras-acuerdo-con-el-vaticano\\\/#primaryimage\"},\"thumbnailUrl\":\"https:\\\/\\\/cdn1.mediawpaccore.net\\\/wp-content\\\/uploads\\\/2026\\\/03\\\/12222112\\\/HCP3c-CWYAAoL-Z1.jpg\",\"datePublished\":\"2026-03-13T02:32:57+00:00\",\"dateModified\":\"2026-03-13T12:33:51+00:00\",\"description\":\"El gobierno de Cuba anunci\u00f3 este jueves que en los pr\u00f3ximos d\u00edas excarcelar\u00e1 a 51 presos tras un acuerdo con el Vaticano.\",\"breadcrumb\":{\"@id\":\"https:\\\/\\\/www.cuballama.com\\\/noticias\\\/cuba-anuncia-que-excarcelara-a-51-presos-tras-acuerdo-con-el-vaticano\\\/#breadcrumb\"},\"inLanguage\":\"es\",\"potentialAction\":[{\"@type\":\"ReadAction\",\"target\":[\"https:\\\/\\\/www.cuballama.com\\\/noticias\\\/cuba-anuncia-que-excarcelara-a-51-presos-tras-acuerdo-con-el-vaticano\\\/\"]}]},{\"@type\":\"ImageObject\",\"inLanguage\":\"es\",\"@id\":\"https:\\\/\\\/www.cuballama.com\\\/noticias\\\/cuba-anuncia-que-excarcelara-a-51-presos-tras-acuerdo-con-el-vaticano\\\/#primaryimage\",\"url\":\"https:\\\/\\\/cdn1.mediawpaccore.net\\\/wp-content\\\/uploads\\\/2026\\\/03\\\/12222112\\\/HCP3c-CWYAAoL-Z1.jpg\",\"contentUrl\":\"https:\\\/\\\/cdn1.mediawpaccore.net\\\/wp-content\\\/uploads\\\/2026\\\/03\\\/12222112\\\/HCP3c-CWYAAoL-Z1.jpg\",\"width\":1200,\"height\":630,\"caption\":\"Bruno Rodr\u00edguez (d) junto a su Santidad Leo XIV. Foto: X\\\/Bruno Rodr\u00edguez.\"},{\"@type\":\"BreadcrumbList\",\"@id\":\"https:\\\/\\\/www.cuballama.com\\\/noticias\\\/cuba-anuncia-que-excarcelara-a-51-presos-tras-acuerdo-con-el-vaticano\\\/#breadcrumb\",\"itemListElement\":[{\"@type\":\"ListItem\",\"position\":1,\"name\":\"Home\",\"item\":\"https:\\\/\\\/www.cuballama.com\\\/noticias\\\/\"},{\"@type\":\"ListItem\",\"position\":2,\"name\":\"Cuba anuncia que excarcelar\u00e1 a 51 presos tras acuerdo con el Vaticano\"}]},{\"@type\":\"WebSite\",\"@id\":\"https:\\\/\\\/www.cuballama.com\\\/noticias\\\/#website\",\"url\":\"https:\\\/\\\/www.cuballama.com\\\/noticias\\\/\",\"name\":\"Cuballama Noticias\",\"description\":\"Medio digital sobre Cuba y el mundo\",\"publisher\":{\"@id\":\"https:\\\/\\\/www.cuballama.com\\\/noticias\\\/#organization\"},\"potentialAction\":[{\"@type\":\"SearchAction\",\"target\":{\"@type\":\"EntryPoint\",\"urlTemplate\":\"https:\\\/\\\/www.cuballama.com\\\/noticias\\\/?s={search_term_string}\"},\"query-input\":{\"@type\":\"PropertyValueSpecification\",\"valueRequired\":true,\"valueName\":\"search_term_string\"}}],\"inLanguage\":\"es\"},{\"@type\":\"Organization\",\"@id\":\"https:\\\/\\\/www.cuballama.com\\\/noticias\\\/#organization\",\"name\":\"Cuballama\",\"url\":\"https:\\\/\\\/www.cuballama.com\\\/noticias\\\/\",\"logo\":{\"@type\":\"ImageObject\",\"inLanguage\":\"es\",\"@id\":\"https:\\\/\\\/www.cuballama.com\\\/noticias\\\/#\\\/schema\\\/logo\\\/image\\\/\",\"url\":\"https:\\\/\\\/cdn1.mediawpaccore.net\\\/wp-content\\\/uploads\\\/2021\\\/12\\\/28171206\\\/cbll-logo-color-sm.png\",\"contentUrl\":\"https:\\\/\\\/cdn1.mediawpaccore.net\\\/wp-content\\\/uploads\\\/2021\\\/12\\\/28171206\\\/cbll-logo-color-sm.png\",\"width\":600,\"height\":133,\"caption\":\"Cuballama\"},\"image\":{\"@id\":\"https:\\\/\\\/www.cuballama.com\\\/noticias\\\/#\\\/schema\\\/logo\\\/image\\\/\"},\"sameAs\":[\"https:\\\/\\\/www.facebook.com\\\/CubaLlama\",\"https:\\\/\\\/x.com\\\/cuballama\",\"https:\\\/\\\/www.instagram.com\\\/stories\\\/cuballama_oficial\\\/\",\"https:\\\/\\\/www.youtube.com\\\/channel\\\/UCKkFE-d_axENGZcrc4as0IA\"]},{\"@type\":\"Person\",\"@id\":\"https:\\\/\\\/www.cuballama.com\\\/noticias\\\/#\\\/schema\\\/person\\\/86cd3e3f4974437f031211213bf892d5\",\"name\":\"Kathy\",\"url\":\"https:\\\/\\\/www.cuballama.com\\\/noticias\\\/author\\\/kathy\\\/\"}]}<\/script>\n<!-- \/ Yoast SEO plugin. -->","yoast_head_json":{"title":"Cuba anuncia que excarcelar\u00e1 a 51 presos tras acuerdo con el Vaticano - Cuballama Noticias","description":"El gobierno de Cuba anunci\u00f3 este jueves que en los pr\u00f3ximos d\u00edas excarcelar\u00e1 a 51 presos tras un acuerdo con el Vaticano.","robots":{"index":"index","follow":"follow","max-snippet":"max-snippet:-1","max-image-preview":"max-image-preview:large","max-video-preview":"max-video-preview:-1"},"canonical":"https:\/\/www.cuballama.com\/noticias\/cuba-anuncia-que-excarcelara-a-51-presos-tras-acuerdo-con-el-vaticano\/","og_locale":"es_ES","og_type":"article","og_title":"Cuba anuncia que excarcelar\u00e1 a 51 presos tras acuerdo con el Vaticano - Cuballama Noticias","og_description":"El gobierno de Cuba anunci\u00f3 este jueves que en los pr\u00f3ximos d\u00edas excarcelar\u00e1 a 51 presos tras un acuerdo con el Vaticano.","og_url":"https:\/\/www.cuballama.com\/noticias\/cuba-anuncia-que-excarcelara-a-51-presos-tras-acuerdo-con-el-vaticano\/","og_site_name":"Cuballama Noticias","article_publisher":"https:\/\/www.facebook.com\/CubaLlama","article_published_time":"2026-03-13T02:32:57+00:00","article_modified_time":"2026-03-13T12:33:51+00:00","og_image":[{"width":1200,"height":630,"url":"https:\/\/cdn1.mediawpaccore.net\/wp-content\/uploads\/2026\/03\/12222112\/HCP3c-CWYAAoL-Z1.jpg","type":"image\/jpeg"}],"author":"Kathy","twitter_card":"summary_large_image","twitter_creator":"@cuballama","twitter_site":"@cuballama","twitter_misc":{"Escrito por":"Kathy","Tiempo de lectura":"2 minutos"},"schema":{"@context":"https:\/\/schema.org","@graph":[{"@type":"Article","@id":"https:\/\/www.cuballama.com\/noticias\/cuba-anuncia-que-excarcelara-a-51-presos-tras-acuerdo-con-el-vaticano\/#article","isPartOf":{"@id":"https:\/\/www.cuballama.com\/noticias\/cuba-anuncia-que-excarcelara-a-51-presos-tras-acuerdo-con-el-vaticano\/"},"author":{"name":"Kathy","@id":"https:\/\/www.cuballama.com\/noticias\/#\/schema\/person\/86cd3e3f4974437f031211213bf892d5"},"headline":"Cuba anuncia que excarcelar\u00e1 a 51 presos tras acuerdo con el Vaticano","datePublished":"2026-03-13T02:32:57+00:00","dateModified":"2026-03-13T12:33:51+00:00","mainEntityOfPage":{"@id":"https:\/\/www.cuballama.com\/noticias\/cuba-anuncia-que-excarcelara-a-51-presos-tras-acuerdo-con-el-vaticano\/"},"wordCount":434,"commentCount":0,"publisher":{"@id":"https:\/\/www.cuballama.com\/noticias\/#organization"},"image":{"@id":"https:\/\/www.cuballama.com\/noticias\/cuba-anuncia-que-excarcelara-a-51-presos-tras-acuerdo-con-el-vaticano\/#primaryimage"},"thumbnailUrl":"https:\/\/cdn1.mediawpaccore.net\/wp-content\/uploads\/2026\/03\/12222112\/HCP3c-CWYAAoL-Z1.jpg","keywords":["Crisis en Cuba","destacado","presos cubanos","Vaticano"],"articleSection":["Noticias","Noticias de Cuba"],"inLanguage":"es","potentialAction":[{"@type":"CommentAction","name":"Comment","target":["https:\/\/www.cuballama.com\/noticias\/cuba-anuncia-que-excarcelara-a-51-presos-tras-acuerdo-con-el-vaticano\/#respond"]}]},{"@type":"WebPage","@id":"https:\/\/www.cuballama.com\/noticias\/cuba-anuncia-que-excarcelara-a-51-presos-tras-acuerdo-con-el-vaticano\/","url":"https:\/\/www.cuballama.com\/noticias\/cuba-anuncia-que-excarcelara-a-51-presos-tras-acuerdo-con-el-vaticano\/","name":"Cuba anuncia que excarcelar\u00e1 a 51 presos tras acuerdo con el Vaticano - Cuballama Noticias","isPartOf":{"@id":"https:\/\/www.cuballama.com\/noticias\/#website"},"primaryImageOfPage":{"@id":"https:\/\/www.cuballama.com\/noticias\/cuba-anuncia-que-excarcelara-a-51-presos-tras-acuerdo-con-el-vaticano\/#primaryimage"},"image":{"@id":"https:\/\/www.cuballama.com\/noticias\/cuba-anuncia-que-excarcelara-a-51-presos-tras-acuerdo-con-el-vaticano\/#primaryimage"},"thumbnailUrl":"https:\/\/cdn1.mediawpaccore.net\/wp-content\/uploads\/2026\/03\/12222112\/HCP3c-CWYAAoL-Z1.jpg","datePublished":"2026-03-13T02:32:57+00:00","dateModified":"2026-03-13T12:33:51+00:00","description":"El gobierno de Cuba anunci\u00f3 este jueves que en los pr\u00f3ximos d\u00edas excarcelar\u00e1 a 51 presos tras un acuerdo con el Vaticano.","breadcrumb":{"@id":"https:\/\/www.cuballama.com\/noticias\/cuba-anuncia-que-excarcelara-a-51-presos-tras-acuerdo-con-el-vaticano\/#breadcrumb"},"inLanguage":"es","potentialAction":[{"@type":"ReadAction","target":["https:\/\/www.cuballama.com\/noticias\/cuba-anuncia-que-excarcelara-a-51-presos-tras-acuerdo-con-el-vaticano\/"]}]},{"@type":"ImageObject","inLanguage":"es","@id":"https:\/\/www.cuballama.com\/noticias\/cuba-anuncia-que-excarcelara-a-51-presos-tras-acuerdo-con-el-vaticano\/#primaryimage","url":"https:\/\/cdn1.mediawpaccore.net\/wp-content\/uploads\/2026\/03\/12222112\/HCP3c-CWYAAoL-Z1.jpg","contentUrl":"https:\/\/cdn1.mediawpaccore.net\/wp-content\/uploads\/2026\/03\/12222112\/HCP3c-CWYAAoL-Z1.jpg","width":1200,"height":630,"caption":"Bruno Rodr\u00edguez (d) junto a su Santidad Leo XIV. Foto: X\/Bruno Rodr\u00edguez."},{"@type":"BreadcrumbList","@id":"https:\/\/www.cuballama.com\/noticias\/cuba-anuncia-que-excarcelara-a-51-presos-tras-acuerdo-con-el-vaticano\/#breadcrumb","itemListElement":[{"@type":"ListItem","position":1,"name":"Home","item":"https:\/\/www.cuballama.com\/noticias\/"},{"@type":"ListItem","position":2,"name":"Cuba anuncia que excarcelar\u00e1 a 51 presos tras acuerdo con el Vaticano"}]},{"@type":"WebSite","@id":"https:\/\/www.cuballama.com\/noticias\/#website","url":"https:\/\/www.cuballama.com\/noticias\/","name":"Cuballama Noticias","description":"Medio digital sobre Cuba y el mundo","publisher":{"@id":"https:\/\/www.cuballama.com\/noticias\/#organization"},"potentialAction":[{"@type":"SearchAction","target":{"@type":"EntryPoint","urlTemplate":"https:\/\/www.cuballama.com\/noticias\/?s={search_term_string}"},"query-input":{"@type":"PropertyValueSpecification","valueRequired":true,"valueName":"search_term_string"}}],"inLanguage":"es"},{"@type":"Organization","@id":"https:\/\/www.cuballama.com\/noticias\/#organization","name":"Cuballama","url":"https:\/\/www.cuballama.com\/noticias\/","logo":{"@type":"ImageObject","inLanguage":"es","@id":"https:\/\/www.cuballama.com\/noticias\/#\/schema\/logo\/image\/","url":"https:\/\/cdn1.mediawpaccore.net\/wp-content\/uploads\/2021\/12\/28171206\/cbll-logo-color-sm.png","contentUrl":"https:\/\/cdn1.mediawpaccore.net\/wp-content\/uploads\/2021\/12\/28171206\/cbll-logo-color-sm.png","width":600,"height":133,"caption":"Cuballama"},"image":{"@id":"https:\/\/www.cuballama.com\/noticias\/#\/schema\/logo\/image\/"},"sameAs":["https:\/\/www.facebook.com\/CubaLlama","https:\/\/x.com\/cuballama","https:\/\/www.instagram.com\/stories\/cuballama_oficial\/","https:\/\/www.youtube.com\/channel\/UCKkFE-d_axENGZcrc4as0IA"]},{"@type":"Person","@id":"https:\/\/www.cuballama.com\/noticias\/#\/schema\/person\/86cd3e3f4974437f031211213bf892d5","name":"Kathy","url":"https:\/\/www.cuballama.com\/noticias\/author\/kathy\/"}]}},"_links":{"self":[{"href":"https:\/\/www.cuballama.com\/noticias\/wp-json\/wp\/v2\/posts\/237995","targetHints":{"allow":["GET"]}}],"collection":[{"href":"https:\/\/www.cuballama.com\/noticias\/wp-json\/wp\/v2\/posts"}],"about":[{"href":"https:\/\/www.cuballama.com\/noticias\/wp-json\/wp\/v2\/types\/post"}],"author":[{"embeddable":true,"href":"https:\/\/www.cuballama.com\/noticias\/wp-json\/wp\/v2\/users\/30"}],"replies":[{"embeddable":true,"href":"https:\/\/www.cuballama.com\/noticias\/wp-json\/wp\/v2\/comments?post=237995"}],"version-history":[{"count":6,"href":"https:\/\/www.cuballama.com\/noticias\/wp-json\/wp\/v2\/posts\/237995\/revisions"}],"predecessor-version":[{"id":238068,"href":"https:\/\/www.cuballama.com\/noticias\/wp-json\/wp\/v2\/posts\/237995\/revisions\/238068"}],"wp:featuredmedia":[{"embeddable":true,"href":"https:\/\/www.cuballama.com\/noticias\/wp-json\/wp\/v2\/media\/237997"}],"wp:attachment":[{"href":"https:\/\/www.cuballama.com\/noticias\/wp-json\/wp\/v2\/media?parent=237995"}],"wp:term":[{"taxonomy":"category","embeddable":true,"href":"https:\/\/www.cuballama.com\/noticias\/wp-json\/wp\/v2\/categories?post=237995"},{"taxonomy":"post_tag","embeddable":true,"href":"https:\/\/www.cuballama.com\/noticias\/wp-json\/wp\/v2\/tags?post=237995"}],"curies":[{"name":"wp","href":"https:\/\/api.w.org\/{rel}","templated":true}]}}