{"id":237965,"date":"2026-03-12T15:59:34","date_gmt":"2026-03-12T19:59:34","guid":{"rendered":"https:\/\/www.cuballama.com\/noticias\/?p=237965"},"modified":"2026-03-12T15:59:37","modified_gmt":"2026-03-12T19:59:37","slug":"te-miran-con-otros-ojos-luis-fonsi-confiesa-que-ahora-viaja-con-pasaporte-por-miedo-al-clima-migratorio-en-ee-uu","status":"publish","type":"post","link":"https:\/\/www.cuballama.com\/noticias\/te-miran-con-otros-ojos-luis-fonsi-confiesa-que-ahora-viaja-con-pasaporte-por-miedo-al-clima-migratorio-en-ee-uu\/","title":{"rendered":"\u00abTe miran con otros ojos\u00bb: Luis Fonsi confiesa que ahora viaja con pasaporte por miedo al clima migratorio en EE. UU."},"content":{"rendered":"\n<p>\u00a1Luis Fonsi solt\u00f3 la lengua en Espa\u00f1a y la que se ha armado en redes no es para menos! El boricua pas\u00f3 por el plat\u00f3 de <em>El Hormiguero<\/em> y, entre risas con Pablo Motos, termin\u00f3 tocando la fibra m\u00e1s sensible del exilio y la comunidad latina: la pol\u00edtica migratoria en los Estados Unidos bajo la era Trump.<\/p>\n\n\n\n<p><strong><a href=\"https:\/\/www.cuballama.com\/noticias\/luis-fonsi-no-pasa-la-pagina-con-adamari-lopez\/\" type=\"link\" id=\"https:\/\/www.cuballama.com\/noticias\/luis-fonsi-no-pasa-la-pagina-con-adamari-lopez\/\" target=\"_blank\" rel=\"noreferrer noopener\">Fonsi<\/a><\/strong> no se anduvo con rodeos al confesar que el ambiente en \u00abla yuma\u00bb se siente m\u00e1s tenso que nunca. El int\u00e9rprete de <em>Despacito<\/em> admiti\u00f3 que el tema del ICE y las deportaciones es un terreno pantanoso que mantiene a la sociedad partida en dos.\u00a0<\/p>\n\n\n\n<p><strong>\u201cDif\u00edcil el tema del ICE. Creo que hay personas que s\u00ed y otras que no que se arrepienten de votar a Trump. Me gustar\u00eda pensar que hay un porcentaje de personas que s\u00ed\u201d<\/strong>, solt\u00f3 el cantante, dejando caer que el arrepentimiento electoral podr\u00eda estar flotando en el aire.<\/p>\n\n\n\n<blockquote class=\"instagram-media\" data-instgrm-captioned data-instgrm-permalink=\"https:\/\/www.instagram.com\/reel\/DVuDmSfjhFz\/?utm_source=ig_embed&amp;utm_campaign=loading\" data-instgrm-version=\"14\" style=\" background:#FFF; border:0; border-radius:3px; box-shadow:0 0 1px 0 rgba(0,0,0,0.5),0 1px 10px 0 rgba(0,0,0,0.15); margin: 1px; max-width:540px; min-width:326px; padding:0; width:99.375%; width:-webkit-calc(100% - 2px); width:calc(100% - 2px);\"><div style=\"padding:16px;\"> <a href=\"https:\/\/www.instagram.com\/reel\/DVuDmSfjhFz\/?utm_source=ig_embed&amp;utm_campaign=loading\" style=\" background:#FFFFFF; line-height:0; padding:0 0; text-align:center; text-decoration:none; width:100%;\" target=\"_blank\"> <div style=\" display: flex; flex-direction: row; align-items: center;\"> <div style=\"background-color: #F4F4F4; border-radius: 50%; flex-grow: 0; height: 40px; margin-right: 14px; width: 40px;\"><\/div> <div style=\"display: flex; flex-direction: column; flex-grow: 1; justify-content: center;\"> <div style=\" background-color: #F4F4F4; border-radius: 4px; flex-grow: 0; height: 14px; margin-bottom: 6px; width: 100px;\"><\/div> <div style=\" background-color: #F4F4F4; border-radius: 4px; flex-grow: 0; height: 14px; width: 60px;\"><\/div><\/div><\/div><div style=\"padding: 19% 0;\"><\/div> <div style=\"display:block; height:50px; margin:0 auto 12px; width:50px;\"><svg width=\"50px\" height=\"50px\" viewBox=\"0 0 60 60\" version=\"1.1\" xmlns=\"https:\/\/www.w3.org\/2000\/svg\" xmlns:xlink=\"https:\/\/www.w3.org\/1999\/xlink\"><g stroke=\"none\" stroke-width=\"1\" fill=\"none\" fill-rule=\"evenodd\"><g transform=\"translate(-511.000000, -20.000000)\" fill=\"#000000\"><g><path d=\"M556.869,30.41 C554.814,30.41 553.148,32.076 553.148,34.131 C553.148,36.186 554.814,37.852 556.869,37.852 C558.924,37.852 560.59,36.186 560.59,34.131 C560.59,32.076 558.924,30.41 556.869,30.41 M541,60.657 C535.114,60.657 530.342,55.887 530.342,50 C530.342,44.114 535.114,39.342 541,39.342 C546.887,39.342 551.658,44.114 551.658,50 C551.658,55.887 546.887,60.657 541,60.657 M541,33.886 C532.1,33.886 524.886,41.1 524.886,50 C524.886,58.899 532.1,66.113 541,66.113 C549.9,66.113 557.115,58.899 557.115,50 C557.115,41.1 549.9,33.886 541,33.886 M565.378,62.101 C565.244,65.022 564.756,66.606 564.346,67.663 C563.803,69.06 563.154,70.057 562.106,71.106 C561.058,72.155 560.06,72.803 558.662,73.347 C557.607,73.757 556.021,74.244 553.102,74.378 C549.944,74.521 548.997,74.552 541,74.552 C533.003,74.552 532.056,74.521 528.898,74.378 C525.979,74.244 524.393,73.757 523.338,73.347 C521.94,72.803 520.942,72.155 519.894,71.106 C518.846,70.057 518.197,69.06 517.654,67.663 C517.244,66.606 516.755,65.022 516.623,62.101 C516.479,58.943 516.448,57.996 516.448,50 C516.448,42.003 516.479,41.056 516.623,37.899 C516.755,34.978 517.244,33.391 517.654,32.338 C518.197,30.938 518.846,29.942 519.894,28.894 C520.942,27.846 521.94,27.196 523.338,26.654 C524.393,26.244 525.979,25.756 528.898,25.623 C532.057,25.479 533.004,25.448 541,25.448 C548.997,25.448 549.943,25.479 553.102,25.623 C556.021,25.756 557.607,26.244 558.662,26.654 C560.06,27.196 561.058,27.846 562.106,28.894 C563.154,29.942 563.803,30.938 564.346,32.338 C564.756,33.391 565.244,34.978 565.378,37.899 C565.522,41.056 565.552,42.003 565.552,50 C565.552,57.996 565.522,58.943 565.378,62.101 M570.82,37.631 C570.674,34.438 570.167,32.258 569.425,30.349 C568.659,28.377 567.633,26.702 565.965,25.035 C564.297,23.368 562.623,22.342 560.652,21.575 C558.743,20.834 556.562,20.326 553.369,20.18 C550.169,20.033 549.148,20 541,20 C532.853,20 531.831,20.033 528.631,20.18 C525.438,20.326 523.257,20.834 521.349,21.575 C519.376,22.342 517.703,23.368 516.035,25.035 C514.368,26.702 513.342,28.377 512.574,30.349 C511.834,32.258 511.326,34.438 511.181,37.631 C511.035,40.831 511,41.851 511,50 C511,58.147 511.035,59.17 511.181,62.369 C511.326,65.562 511.834,67.743 512.574,69.651 C513.342,71.625 514.368,73.296 516.035,74.965 C517.703,76.634 519.376,77.658 521.349,78.425 C523.257,79.167 525.438,79.673 528.631,79.82 C531.831,79.965 532.853,80.001 541,80.001 C549.148,80.001 550.169,79.965 553.369,79.82 C556.562,79.673 558.743,79.167 560.652,78.425 C562.623,77.658 564.297,76.634 565.965,74.965 C567.633,73.296 568.659,71.625 569.425,69.651 C570.167,67.743 570.674,65.562 570.82,62.369 C570.966,59.17 571,58.147 571,50 C571,41.851 570.966,40.831 570.82,37.631\"><\/path><\/g><\/g><\/g><\/svg><\/div><div style=\"padding-top: 8px;\"> <div style=\" color:#3897f0; font-family:Arial,sans-serif; font-size:14px; font-style:normal; font-weight:550; line-height:18px;\">Ver esta publicaci\u00f3n en Instagram<\/div><\/div><div style=\"padding: 12.5% 0;\"><\/div> <div style=\"display: flex; flex-direction: row; margin-bottom: 14px; align-items: center;\"><div> <div style=\"background-color: #F4F4F4; border-radius: 50%; height: 12.5px; width: 12.5px; transform: translateX(0px) translateY(7px);\"><\/div> <div style=\"background-color: #F4F4F4; height: 12.5px; transform: rotate(-45deg) translateX(3px) translateY(1px); width: 12.5px; flex-grow: 0; margin-right: 14px; margin-left: 2px;\"><\/div> <div style=\"background-color: #F4F4F4; border-radius: 50%; height: 12.5px; width: 12.5px; transform: translateX(9px) translateY(-18px);\"><\/div><\/div><div style=\"margin-left: 8px;\"> <div style=\" background-color: #F4F4F4; border-radius: 50%; flex-grow: 0; height: 20px; width: 20px;\"><\/div> <div style=\" width: 0; height: 0; border-top: 2px solid transparent; border-left: 6px solid #f4f4f4; border-bottom: 2px solid transparent; transform: translateX(16px) translateY(-4px) rotate(30deg)\"><\/div><\/div><div style=\"margin-left: auto;\"> <div style=\" width: 0px; border-top: 8px solid #F4F4F4; border-right: 8px solid transparent; transform: translateY(16px);\"><\/div> <div style=\" background-color: #F4F4F4; flex-grow: 0; height: 12px; width: 16px; transform: translateY(-4px);\"><\/div> <div style=\" width: 0; height: 0; border-top: 8px solid #F4F4F4; border-left: 8px solid transparent; transform: translateY(-4px) translateX(8px);\"><\/div><\/div><\/div> <div style=\"display: flex; flex-direction: column; flex-grow: 1; justify-content: center; margin-bottom: 24px;\"> <div style=\" background-color: #F4F4F4; border-radius: 4px; flex-grow: 0; height: 14px; margin-bottom: 6px; width: 224px;\"><\/div> <div style=\" background-color: #F4F4F4; border-radius: 4px; flex-grow: 0; height: 14px; width: 144px;\"><\/div><\/div><\/a><p style=\" color:#c9c8cd; font-family:Arial,sans-serif; font-size:14px; line-height:17px; margin-bottom:0; margin-top:8px; overflow:hidden; padding:8px 0 7px; text-align:center; text-overflow:ellipsis; white-space:nowrap;\"><a href=\"https:\/\/www.instagram.com\/reel\/DVuDmSfjhFz\/?utm_source=ig_embed&amp;utm_campaign=loading\" style=\" color:#c9c8cd; font-family:Arial,sans-serif; font-size:14px; font-style:normal; font-weight:normal; line-height:17px; text-decoration:none;\" target=\"_blank\">Una publicaci\u00f3n compartida de El Hormiguero (@elhormiguero)<\/a><\/p><\/div><\/blockquote>\n<script async src=\"\/\/www.instagram.com\/embed.js\"><\/script>\n\n\n\n<p>Lo que m\u00e1s impact\u00f3 a la audiencia fue cuando Luis confes\u00f3 que, a pesar de su fama y estatus, el miedo a ser juzgado por su origen lo acompa\u00f1a a todos lados. Seg\u00fan el artista, el trato hacia los nuestros ha dado un giro amargo. <strong>\u201cLa manera en la que se trata al inmigrante y al latino\u2026 al punto que yo ando con el pasaporte, el m\u00edo y el de mis hijos. Te miran con otros ojos\u201d<\/strong>, afirm\u00f3 con contundencia.<\/p>\n\n\n\n<p>Aun as\u00ed, el boricua quiso poner una de cal y otra de arena, pidiendo un poco de paz y orden en medio del caos pol\u00edtico. <strong>\u201cHay que buscar la uni\u00f3n. Yo entiendo que tiene que haber leyes\u201d<\/strong>, explic\u00f3, intentando equilibrar la balanza entre la seguridad nacional y la dignidad humana.<\/p>\n\n\n\n<p>Como era de esperarse, el avispero de internet se alborot\u00f3 al momento. Mientras unos aplaud\u00edan su valent\u00eda, otros le tiraron con todo, acus\u00e1ndolo de vivir en una burbuja de cristal. <strong>\u201cYo he viajado por los Estados Unidos en estos \u00faltimos meses solo con mi ID. Por favor no sigan los artistas que son los que mejor viven en este pa\u00eds, usando su fama y voz para tergiversar este tema de la inmigraci\u00f3n\u201d<\/strong>, escribi\u00f3 un usuario indignado.<\/p>\n\n\n\n<p>Por otro lado, la divisi\u00f3n de opiniones qued\u00f3 clara con mensajes cruzados como <strong>\u201cTan acertado su comentario\u201d<\/strong> frente a defensas ac\u00e9rrimas del actual gobierno: <strong>\u201c@pablomotos te admiro y te respeto Pero es importante que sepas que @realdonaldtrump ha hecho m\u00e1s por su pa\u00eds que cualquier otro presidente\u201d<\/strong>.<\/p>\n","protected":false},"excerpt":{"rendered":"<p>Luis Fonsi visita El Hormiguero y revela el miedo que siente al viajar por EE. UU. bajo las nuevas pol\u00edticas migratorias de Donald Trump.<\/p>\n","protected":false},"author":29,"featured_media":237967,"comment_status":"open","ping_status":"closed","sticky":false,"template":"","format":"standard","meta":{"_acf_changed":false,"footnotes":""},"categories":[443],"tags":[11930,2978,1942,7651],"class_list":{"0":"post-237965","1":"post","2":"type-post","3":"status-publish","4":"format-standard","5":"has-post-thumbnail","7":"category-farandula","8":"tag-artistas-internacionales","9":"tag-ice","10":"tag-luis-fonsi","11":"tag-trump"},"acf":[],"yoast_head":"<!-- This site is optimized with the Yoast SEO plugin v27.4 - https:\/\/yoast.com\/product\/yoast-seo-wordpress\/ -->\n<title>&quot;Te miran con otros ojos&quot;: Luis Fonsi confiesa que ahora viaja con pasaporte por miedo al clima migratorio en EE. UU. - Cuballama Noticias<\/title>\n<meta name=\"description\" content=\"Luis Fonsi visita El Hormiguero y revela el miedo que siente al viajar por EE. UU. bajo las nuevas pol\u00edticas migratorias de Donald Trump.\" \/>\n<meta name=\"robots\" content=\"index, follow, max-snippet:-1, max-image-preview:large, max-video-preview:-1\" \/>\n<link rel=\"canonical\" href=\"https:\/\/www.cuballama.com\/noticias\/te-miran-con-otros-ojos-luis-fonsi-confiesa-que-ahora-viaja-con-pasaporte-por-miedo-al-clima-migratorio-en-ee-uu\/\" \/>\n<meta property=\"og:locale\" content=\"es_ES\" \/>\n<meta property=\"og:type\" content=\"article\" \/>\n<meta property=\"og:title\" content=\"&quot;Te miran con otros ojos&quot;: Luis Fonsi confiesa que ahora viaja con pasaporte por miedo al clima migratorio en EE. UU. - Cuballama Noticias\" \/>\n<meta property=\"og:description\" content=\"Luis Fonsi visita El Hormiguero y revela el miedo que siente al viajar por EE. UU. bajo las nuevas pol\u00edticas migratorias de Donald Trump.\" \/>\n<meta property=\"og:url\" content=\"https:\/\/www.cuballama.com\/noticias\/te-miran-con-otros-ojos-luis-fonsi-confiesa-que-ahora-viaja-con-pasaporte-por-miedo-al-clima-migratorio-en-ee-uu\/\" \/>\n<meta property=\"og:site_name\" content=\"Cuballama Noticias\" \/>\n<meta property=\"article:publisher\" content=\"https:\/\/www.facebook.com\/CubaLlama\" \/>\n<meta property=\"article:published_time\" content=\"2026-03-12T19:59:34+00:00\" \/>\n<meta property=\"article:modified_time\" content=\"2026-03-12T19:59:37+00:00\" \/>\n<meta property=\"og:image\" content=\"https:\/\/cdn1.mediawpaccore.net\/wp-content\/uploads\/2026\/03\/12155550\/Diseno-sin-titulo-102-1024x589.png\" \/>\n\t<meta property=\"og:image:width\" content=\"1024\" \/>\n\t<meta property=\"og:image:height\" content=\"589\" \/>\n\t<meta property=\"og:image:type\" content=\"image\/png\" \/>\n<meta name=\"author\" content=\"Sof\u00eda Reyes\" \/>\n<meta name=\"twitter:card\" content=\"summary_large_image\" \/>\n<meta name=\"twitter:creator\" content=\"@cuballama\" \/>\n<meta name=\"twitter:site\" content=\"@cuballama\" \/>\n<meta name=\"twitter:label1\" content=\"Escrito por\" \/>\n\t<meta name=\"twitter:data1\" content=\"Sof\u00eda Reyes\" \/>\n\t<meta name=\"twitter:label2\" content=\"Tiempo de lectura\" \/>\n\t<meta name=\"twitter:data2\" content=\"3 minutos\" \/>\n<script type=\"application\/ld+json\" class=\"yoast-schema-graph\">{\"@context\":\"https:\\\/\\\/schema.org\",\"@graph\":[{\"@type\":\"Article\",\"@id\":\"https:\\\/\\\/www.cuballama.com\\\/noticias\\\/te-miran-con-otros-ojos-luis-fonsi-confiesa-que-ahora-viaja-con-pasaporte-por-miedo-al-clima-migratorio-en-ee-uu\\\/#article\",\"isPartOf\":{\"@id\":\"https:\\\/\\\/www.cuballama.com\\\/noticias\\\/te-miran-con-otros-ojos-luis-fonsi-confiesa-que-ahora-viaja-con-pasaporte-por-miedo-al-clima-migratorio-en-ee-uu\\\/\"},\"author\":{\"name\":\"Sof\u00eda Reyes\",\"@id\":\"https:\\\/\\\/www.cuballama.com\\\/noticias\\\/#\\\/schema\\\/person\\\/5cba2b8cc25a3159e49fe730a94d512e\"},\"headline\":\"\u00abTe miran con otros ojos\u00bb: Luis Fonsi confiesa que ahora viaja con pasaporte por miedo al clima migratorio en EE. UU.\",\"datePublished\":\"2026-03-12T19:59:34+00:00\",\"dateModified\":\"2026-03-12T19:59:37+00:00\",\"mainEntityOfPage\":{\"@id\":\"https:\\\/\\\/www.cuballama.com\\\/noticias\\\/te-miran-con-otros-ojos-luis-fonsi-confiesa-que-ahora-viaja-con-pasaporte-por-miedo-al-clima-migratorio-en-ee-uu\\\/\"},\"wordCount\":461,\"commentCount\":0,\"publisher\":{\"@id\":\"https:\\\/\\\/www.cuballama.com\\\/noticias\\\/#organization\"},\"image\":{\"@id\":\"https:\\\/\\\/www.cuballama.com\\\/noticias\\\/te-miran-con-otros-ojos-luis-fonsi-confiesa-que-ahora-viaja-con-pasaporte-por-miedo-al-clima-migratorio-en-ee-uu\\\/#primaryimage\"},\"thumbnailUrl\":\"https:\\\/\\\/cdn1.mediawpaccore.net\\\/wp-content\\\/uploads\\\/2026\\\/03\\\/12155550\\\/Diseno-sin-titulo-102.png\",\"keywords\":[\"artistas internacionales\",\"ICE\",\"Luis Fonsi\",\"Trump\"],\"articleSection\":[\"Far\u00e1ndula\"],\"inLanguage\":\"es\",\"potentialAction\":[{\"@type\":\"CommentAction\",\"name\":\"Comment\",\"target\":[\"https:\\\/\\\/www.cuballama.com\\\/noticias\\\/te-miran-con-otros-ojos-luis-fonsi-confiesa-que-ahora-viaja-con-pasaporte-por-miedo-al-clima-migratorio-en-ee-uu\\\/#respond\"]}]},{\"@type\":\"WebPage\",\"@id\":\"https:\\\/\\\/www.cuballama.com\\\/noticias\\\/te-miran-con-otros-ojos-luis-fonsi-confiesa-que-ahora-viaja-con-pasaporte-por-miedo-al-clima-migratorio-en-ee-uu\\\/\",\"url\":\"https:\\\/\\\/www.cuballama.com\\\/noticias\\\/te-miran-con-otros-ojos-luis-fonsi-confiesa-que-ahora-viaja-con-pasaporte-por-miedo-al-clima-migratorio-en-ee-uu\\\/\",\"name\":\"\\\"Te miran con otros ojos\\\": Luis Fonsi confiesa que ahora viaja con pasaporte por miedo al clima migratorio en EE. UU. - Cuballama Noticias\",\"isPartOf\":{\"@id\":\"https:\\\/\\\/www.cuballama.com\\\/noticias\\\/#website\"},\"primaryImageOfPage\":{\"@id\":\"https:\\\/\\\/www.cuballama.com\\\/noticias\\\/te-miran-con-otros-ojos-luis-fonsi-confiesa-que-ahora-viaja-con-pasaporte-por-miedo-al-clima-migratorio-en-ee-uu\\\/#primaryimage\"},\"image\":{\"@id\":\"https:\\\/\\\/www.cuballama.com\\\/noticias\\\/te-miran-con-otros-ojos-luis-fonsi-confiesa-que-ahora-viaja-con-pasaporte-por-miedo-al-clima-migratorio-en-ee-uu\\\/#primaryimage\"},\"thumbnailUrl\":\"https:\\\/\\\/cdn1.mediawpaccore.net\\\/wp-content\\\/uploads\\\/2026\\\/03\\\/12155550\\\/Diseno-sin-titulo-102.png\",\"datePublished\":\"2026-03-12T19:59:34+00:00\",\"dateModified\":\"2026-03-12T19:59:37+00:00\",\"description\":\"Luis Fonsi visita El Hormiguero y revela el miedo que siente al viajar por EE. UU. bajo las nuevas pol\u00edticas migratorias de Donald Trump.\",\"breadcrumb\":{\"@id\":\"https:\\\/\\\/www.cuballama.com\\\/noticias\\\/te-miran-con-otros-ojos-luis-fonsi-confiesa-que-ahora-viaja-con-pasaporte-por-miedo-al-clima-migratorio-en-ee-uu\\\/#breadcrumb\"},\"inLanguage\":\"es\",\"potentialAction\":[{\"@type\":\"ReadAction\",\"target\":[\"https:\\\/\\\/www.cuballama.com\\\/noticias\\\/te-miran-con-otros-ojos-luis-fonsi-confiesa-que-ahora-viaja-con-pasaporte-por-miedo-al-clima-migratorio-en-ee-uu\\\/\"]}]},{\"@type\":\"ImageObject\",\"inLanguage\":\"es\",\"@id\":\"https:\\\/\\\/www.cuballama.com\\\/noticias\\\/te-miran-con-otros-ojos-luis-fonsi-confiesa-que-ahora-viaja-con-pasaporte-por-miedo-al-clima-migratorio-en-ee-uu\\\/#primaryimage\",\"url\":\"https:\\\/\\\/cdn1.mediawpaccore.net\\\/wp-content\\\/uploads\\\/2026\\\/03\\\/12155550\\\/Diseno-sin-titulo-102.png\",\"contentUrl\":\"https:\\\/\\\/cdn1.mediawpaccore.net\\\/wp-content\\\/uploads\\\/2026\\\/03\\\/12155550\\\/Diseno-sin-titulo-102.png\",\"width\":1949,\"height\":1122,\"caption\":\"Fotos tomadas del perfil de Instagram de El Hormiguero\"},{\"@type\":\"BreadcrumbList\",\"@id\":\"https:\\\/\\\/www.cuballama.com\\\/noticias\\\/te-miran-con-otros-ojos-luis-fonsi-confiesa-que-ahora-viaja-con-pasaporte-por-miedo-al-clima-migratorio-en-ee-uu\\\/#breadcrumb\",\"itemListElement\":[{\"@type\":\"ListItem\",\"position\":1,\"name\":\"Home\",\"item\":\"https:\\\/\\\/www.cuballama.com\\\/noticias\\\/\"},{\"@type\":\"ListItem\",\"position\":2,\"name\":\"\u00abTe miran con otros ojos\u00bb: Luis Fonsi confiesa que ahora viaja con pasaporte por miedo al clima migratorio en EE. UU.\"}]},{\"@type\":\"WebSite\",\"@id\":\"https:\\\/\\\/www.cuballama.com\\\/noticias\\\/#website\",\"url\":\"https:\\\/\\\/www.cuballama.com\\\/noticias\\\/\",\"name\":\"Cuballama Noticias\",\"description\":\"Medio digital sobre Cuba y el mundo\",\"publisher\":{\"@id\":\"https:\\\/\\\/www.cuballama.com\\\/noticias\\\/#organization\"},\"potentialAction\":[{\"@type\":\"SearchAction\",\"target\":{\"@type\":\"EntryPoint\",\"urlTemplate\":\"https:\\\/\\\/www.cuballama.com\\\/noticias\\\/?s={search_term_string}\"},\"query-input\":{\"@type\":\"PropertyValueSpecification\",\"valueRequired\":true,\"valueName\":\"search_term_string\"}}],\"inLanguage\":\"es\"},{\"@type\":\"Organization\",\"@id\":\"https:\\\/\\\/www.cuballama.com\\\/noticias\\\/#organization\",\"name\":\"Cuballama\",\"url\":\"https:\\\/\\\/www.cuballama.com\\\/noticias\\\/\",\"logo\":{\"@type\":\"ImageObject\",\"inLanguage\":\"es\",\"@id\":\"https:\\\/\\\/www.cuballama.com\\\/noticias\\\/#\\\/schema\\\/logo\\\/image\\\/\",\"url\":\"https:\\\/\\\/cdn1.mediawpaccore.net\\\/wp-content\\\/uploads\\\/2021\\\/12\\\/28171206\\\/cbll-logo-color-sm.png\",\"contentUrl\":\"https:\\\/\\\/cdn1.mediawpaccore.net\\\/wp-content\\\/uploads\\\/2021\\\/12\\\/28171206\\\/cbll-logo-color-sm.png\",\"width\":600,\"height\":133,\"caption\":\"Cuballama\"},\"image\":{\"@id\":\"https:\\\/\\\/www.cuballama.com\\\/noticias\\\/#\\\/schema\\\/logo\\\/image\\\/\"},\"sameAs\":[\"https:\\\/\\\/www.facebook.com\\\/CubaLlama\",\"https:\\\/\\\/x.com\\\/cuballama\",\"https:\\\/\\\/www.instagram.com\\\/stories\\\/cuballama_oficial\\\/\",\"https:\\\/\\\/www.youtube.com\\\/channel\\\/UCKkFE-d_axENGZcrc4as0IA\"]},{\"@type\":\"Person\",\"@id\":\"https:\\\/\\\/www.cuballama.com\\\/noticias\\\/#\\\/schema\\\/person\\\/5cba2b8cc25a3159e49fe730a94d512e\",\"name\":\"Sof\u00eda Reyes\",\"url\":\"https:\\\/\\\/www.cuballama.com\\\/noticias\\\/author\\\/laura\\\/\"}]}<\/script>\n<!-- \/ Yoast SEO plugin. -->","yoast_head_json":{"title":"\"Te miran con otros ojos\": Luis Fonsi confiesa que ahora viaja con pasaporte por miedo al clima migratorio en EE. UU. - Cuballama Noticias","description":"Luis Fonsi visita El Hormiguero y revela el miedo que siente al viajar por EE. UU. bajo las nuevas pol\u00edticas migratorias de Donald Trump.","robots":{"index":"index","follow":"follow","max-snippet":"max-snippet:-1","max-image-preview":"max-image-preview:large","max-video-preview":"max-video-preview:-1"},"canonical":"https:\/\/www.cuballama.com\/noticias\/te-miran-con-otros-ojos-luis-fonsi-confiesa-que-ahora-viaja-con-pasaporte-por-miedo-al-clima-migratorio-en-ee-uu\/","og_locale":"es_ES","og_type":"article","og_title":"\"Te miran con otros ojos\": Luis Fonsi confiesa que ahora viaja con pasaporte por miedo al clima migratorio en EE. UU. - Cuballama Noticias","og_description":"Luis Fonsi visita El Hormiguero y revela el miedo que siente al viajar por EE. UU. bajo las nuevas pol\u00edticas migratorias de Donald Trump.","og_url":"https:\/\/www.cuballama.com\/noticias\/te-miran-con-otros-ojos-luis-fonsi-confiesa-que-ahora-viaja-con-pasaporte-por-miedo-al-clima-migratorio-en-ee-uu\/","og_site_name":"Cuballama Noticias","article_publisher":"https:\/\/www.facebook.com\/CubaLlama","article_published_time":"2026-03-12T19:59:34+00:00","article_modified_time":"2026-03-12T19:59:37+00:00","og_image":[{"width":1024,"height":589,"url":"https:\/\/cdn1.mediawpaccore.net\/wp-content\/uploads\/2026\/03\/12155550\/Diseno-sin-titulo-102-1024x589.png","type":"image\/png"}],"author":"Sof\u00eda Reyes","twitter_card":"summary_large_image","twitter_creator":"@cuballama","twitter_site":"@cuballama","twitter_misc":{"Escrito por":"Sof\u00eda Reyes","Tiempo de lectura":"3 minutos"},"schema":{"@context":"https:\/\/schema.org","@graph":[{"@type":"Article","@id":"https:\/\/www.cuballama.com\/noticias\/te-miran-con-otros-ojos-luis-fonsi-confiesa-que-ahora-viaja-con-pasaporte-por-miedo-al-clima-migratorio-en-ee-uu\/#article","isPartOf":{"@id":"https:\/\/www.cuballama.com\/noticias\/te-miran-con-otros-ojos-luis-fonsi-confiesa-que-ahora-viaja-con-pasaporte-por-miedo-al-clima-migratorio-en-ee-uu\/"},"author":{"name":"Sof\u00eda Reyes","@id":"https:\/\/www.cuballama.com\/noticias\/#\/schema\/person\/5cba2b8cc25a3159e49fe730a94d512e"},"headline":"\u00abTe miran con otros ojos\u00bb: Luis Fonsi confiesa que ahora viaja con pasaporte por miedo al clima migratorio en EE. UU.","datePublished":"2026-03-12T19:59:34+00:00","dateModified":"2026-03-12T19:59:37+00:00","mainEntityOfPage":{"@id":"https:\/\/www.cuballama.com\/noticias\/te-miran-con-otros-ojos-luis-fonsi-confiesa-que-ahora-viaja-con-pasaporte-por-miedo-al-clima-migratorio-en-ee-uu\/"},"wordCount":461,"commentCount":0,"publisher":{"@id":"https:\/\/www.cuballama.com\/noticias\/#organization"},"image":{"@id":"https:\/\/www.cuballama.com\/noticias\/te-miran-con-otros-ojos-luis-fonsi-confiesa-que-ahora-viaja-con-pasaporte-por-miedo-al-clima-migratorio-en-ee-uu\/#primaryimage"},"thumbnailUrl":"https:\/\/cdn1.mediawpaccore.net\/wp-content\/uploads\/2026\/03\/12155550\/Diseno-sin-titulo-102.png","keywords":["artistas internacionales","ICE","Luis Fonsi","Trump"],"articleSection":["Far\u00e1ndula"],"inLanguage":"es","potentialAction":[{"@type":"CommentAction","name":"Comment","target":["https:\/\/www.cuballama.com\/noticias\/te-miran-con-otros-ojos-luis-fonsi-confiesa-que-ahora-viaja-con-pasaporte-por-miedo-al-clima-migratorio-en-ee-uu\/#respond"]}]},{"@type":"WebPage","@id":"https:\/\/www.cuballama.com\/noticias\/te-miran-con-otros-ojos-luis-fonsi-confiesa-que-ahora-viaja-con-pasaporte-por-miedo-al-clima-migratorio-en-ee-uu\/","url":"https:\/\/www.cuballama.com\/noticias\/te-miran-con-otros-ojos-luis-fonsi-confiesa-que-ahora-viaja-con-pasaporte-por-miedo-al-clima-migratorio-en-ee-uu\/","name":"\"Te miran con otros ojos\": Luis Fonsi confiesa que ahora viaja con pasaporte por miedo al clima migratorio en EE. UU. - Cuballama Noticias","isPartOf":{"@id":"https:\/\/www.cuballama.com\/noticias\/#website"},"primaryImageOfPage":{"@id":"https:\/\/www.cuballama.com\/noticias\/te-miran-con-otros-ojos-luis-fonsi-confiesa-que-ahora-viaja-con-pasaporte-por-miedo-al-clima-migratorio-en-ee-uu\/#primaryimage"},"image":{"@id":"https:\/\/www.cuballama.com\/noticias\/te-miran-con-otros-ojos-luis-fonsi-confiesa-que-ahora-viaja-con-pasaporte-por-miedo-al-clima-migratorio-en-ee-uu\/#primaryimage"},"thumbnailUrl":"https:\/\/cdn1.mediawpaccore.net\/wp-content\/uploads\/2026\/03\/12155550\/Diseno-sin-titulo-102.png","datePublished":"2026-03-12T19:59:34+00:00","dateModified":"2026-03-12T19:59:37+00:00","description":"Luis Fonsi visita El Hormiguero y revela el miedo que siente al viajar por EE. UU. bajo las nuevas pol\u00edticas migratorias de Donald Trump.","breadcrumb":{"@id":"https:\/\/www.cuballama.com\/noticias\/te-miran-con-otros-ojos-luis-fonsi-confiesa-que-ahora-viaja-con-pasaporte-por-miedo-al-clima-migratorio-en-ee-uu\/#breadcrumb"},"inLanguage":"es","potentialAction":[{"@type":"ReadAction","target":["https:\/\/www.cuballama.com\/noticias\/te-miran-con-otros-ojos-luis-fonsi-confiesa-que-ahora-viaja-con-pasaporte-por-miedo-al-clima-migratorio-en-ee-uu\/"]}]},{"@type":"ImageObject","inLanguage":"es","@id":"https:\/\/www.cuballama.com\/noticias\/te-miran-con-otros-ojos-luis-fonsi-confiesa-que-ahora-viaja-con-pasaporte-por-miedo-al-clima-migratorio-en-ee-uu\/#primaryimage","url":"https:\/\/cdn1.mediawpaccore.net\/wp-content\/uploads\/2026\/03\/12155550\/Diseno-sin-titulo-102.png","contentUrl":"https:\/\/cdn1.mediawpaccore.net\/wp-content\/uploads\/2026\/03\/12155550\/Diseno-sin-titulo-102.png","width":1949,"height":1122,"caption":"Fotos tomadas del perfil de Instagram de El Hormiguero"},{"@type":"BreadcrumbList","@id":"https:\/\/www.cuballama.com\/noticias\/te-miran-con-otros-ojos-luis-fonsi-confiesa-que-ahora-viaja-con-pasaporte-por-miedo-al-clima-migratorio-en-ee-uu\/#breadcrumb","itemListElement":[{"@type":"ListItem","position":1,"name":"Home","item":"https:\/\/www.cuballama.com\/noticias\/"},{"@type":"ListItem","position":2,"name":"\u00abTe miran con otros ojos\u00bb: Luis Fonsi confiesa que ahora viaja con pasaporte por miedo al clima migratorio en EE. UU."}]},{"@type":"WebSite","@id":"https:\/\/www.cuballama.com\/noticias\/#website","url":"https:\/\/www.cuballama.com\/noticias\/","name":"Cuballama Noticias","description":"Medio digital sobre Cuba y el mundo","publisher":{"@id":"https:\/\/www.cuballama.com\/noticias\/#organization"},"potentialAction":[{"@type":"SearchAction","target":{"@type":"EntryPoint","urlTemplate":"https:\/\/www.cuballama.com\/noticias\/?s={search_term_string}"},"query-input":{"@type":"PropertyValueSpecification","valueRequired":true,"valueName":"search_term_string"}}],"inLanguage":"es"},{"@type":"Organization","@id":"https:\/\/www.cuballama.com\/noticias\/#organization","name":"Cuballama","url":"https:\/\/www.cuballama.com\/noticias\/","logo":{"@type":"ImageObject","inLanguage":"es","@id":"https:\/\/www.cuballama.com\/noticias\/#\/schema\/logo\/image\/","url":"https:\/\/cdn1.mediawpaccore.net\/wp-content\/uploads\/2021\/12\/28171206\/cbll-logo-color-sm.png","contentUrl":"https:\/\/cdn1.mediawpaccore.net\/wp-content\/uploads\/2021\/12\/28171206\/cbll-logo-color-sm.png","width":600,"height":133,"caption":"Cuballama"},"image":{"@id":"https:\/\/www.cuballama.com\/noticias\/#\/schema\/logo\/image\/"},"sameAs":["https:\/\/www.facebook.com\/CubaLlama","https:\/\/x.com\/cuballama","https:\/\/www.instagram.com\/stories\/cuballama_oficial\/","https:\/\/www.youtube.com\/channel\/UCKkFE-d_axENGZcrc4as0IA"]},{"@type":"Person","@id":"https:\/\/www.cuballama.com\/noticias\/#\/schema\/person\/5cba2b8cc25a3159e49fe730a94d512e","name":"Sof\u00eda Reyes","url":"https:\/\/www.cuballama.com\/noticias\/author\/laura\/"}]}},"_links":{"self":[{"href":"https:\/\/www.cuballama.com\/noticias\/wp-json\/wp\/v2\/posts\/237965","targetHints":{"allow":["GET"]}}],"collection":[{"href":"https:\/\/www.cuballama.com\/noticias\/wp-json\/wp\/v2\/posts"}],"about":[{"href":"https:\/\/www.cuballama.com\/noticias\/wp-json\/wp\/v2\/types\/post"}],"author":[{"embeddable":true,"href":"https:\/\/www.cuballama.com\/noticias\/wp-json\/wp\/v2\/users\/29"}],"replies":[{"embeddable":true,"href":"https:\/\/www.cuballama.com\/noticias\/wp-json\/wp\/v2\/comments?post=237965"}],"version-history":[{"count":2,"href":"https:\/\/www.cuballama.com\/noticias\/wp-json\/wp\/v2\/posts\/237965\/revisions"}],"predecessor-version":[{"id":237968,"href":"https:\/\/www.cuballama.com\/noticias\/wp-json\/wp\/v2\/posts\/237965\/revisions\/237968"}],"wp:featuredmedia":[{"embeddable":true,"href":"https:\/\/www.cuballama.com\/noticias\/wp-json\/wp\/v2\/media\/237967"}],"wp:attachment":[{"href":"https:\/\/www.cuballama.com\/noticias\/wp-json\/wp\/v2\/media?parent=237965"}],"wp:term":[{"taxonomy":"category","embeddable":true,"href":"https:\/\/www.cuballama.com\/noticias\/wp-json\/wp\/v2\/categories?post=237965"},{"taxonomy":"post_tag","embeddable":true,"href":"https:\/\/www.cuballama.com\/noticias\/wp-json\/wp\/v2\/tags?post=237965"}],"curies":[{"name":"wp","href":"https:\/\/api.w.org\/{rel}","templated":true}]}}