{"id":237948,"date":"2026-03-12T15:06:32","date_gmt":"2026-03-12T19:06:32","guid":{"rendered":"https:\/\/www.cuballama.com\/noticias\/?p=237948"},"modified":"2026-03-12T19:30:12","modified_gmt":"2026-03-12T23:30:12","slug":"revelan-detalles-de-la-vida-de-maduro-en-prision-en-ee-uu-de-noche-chilla-como-un-loco","status":"publish","type":"post","link":"https:\/\/www.cuballama.com\/noticias\/revelan-detalles-de-la-vida-de-maduro-en-prision-en-ee-uu-de-noche-chilla-como-un-loco\/","title":{"rendered":"Revelan detalles de la vida de Maduro en prisi\u00f3n en EE.UU.: \u201cDe noche chilla como un loco\u201d"},"content":{"rendered":"\n<p>El dictador venezolano Nicol\u00e1s Maduro pasa sus d\u00edas en una celda de unos tres metros de largo por dos de ancho en la Unidad de Alojamiento Especial del Centro Metropolitano de Detenci\u00f3n de Brooklyn, la prisi\u00f3n federal de Nueva York donde se encuentra desde que fue capturado por Estados Unidos en enero pasado.<\/p>\n\n\n\n<p>Seg\u00fan detall\u00f3 <a href=\"https:\/\/www.abc.es\/internacional\/vida-maduro-rejas-nueva-york-secuestrado-20260227040255-nt_amp.html\"><em>ABC<\/em><\/a><em> <\/em>este mi\u00e9rcoles en un reportaje sobre las condiciones en las que estar\u00eda viviendo el depuesto presidente de Venezuela, \u201cde noche chilla como un loco que est\u00e1 secuestrado por Estados Unidos\u201d y que \u00e9l es \u201cel presidente\u201d.<\/p>\n\n\n\n<p>La celda cuenta apenas con una cama met\u00e1lica fijada al muro, un retrete, un lavamanos y una ventana estrecha que apenas permite la entrada de la luz natural.<\/p>\n\n\n\n<p>De acuerdo con lo que revel\u00f3 el diario espa\u00f1ol, el exgobernante vive bajo un r\u00e9gimen de encierro casi permanente, ya que solo se le permite salir de su celda tres veces por semana durante una hora.<\/p>\n\n\n\n<iframe loading=\"lazy\" src=\"https:\/\/www.facebook.com\/plugins\/post.php?href=https%3A%2F%2Fwww.facebook.com%2Fdanielbeniteznews%2Fposts%2Fpfbid02hD3DA7LasR1sZtqTu31zyrmowfU1tuTjmAnCwcWFH6h7zkm1BzrLN9J5xh7phxskl&#038;show_text=true&#038;width=500\" width=\"500\" height=\"772\" style=\"border:none;overflow:hidden\" scrolling=\"no\" frameborder=\"0\" allowfullscreen=\"true\" allow=\"autoplay; clipboard-write; encrypted-media; picture-in-picture; web-share\"><\/iframe>\n\n\n\n<p>Ese es el tiempo que tiene para acceder a un peque\u00f1o patio enrejado al aire libre, usar el tel\u00e9fono, que tiene un l\u00edmite mensual, y acceder al correo electr\u00f3nico de manera supervisada.<\/p>\n\n\n\n<p>De hecho, todos sus movimientos son estrechamente vigilados, tan es as\u00ed que cada vez que sale lo hace obligatoriamente con grilletes en los pies y las manos, escoltado por dos guardias.<\/p>\n\n\n\n<p><\/p>\n","protected":false},"excerpt":{"rendered":"<p>Seg\u00fan revel\u00f3 el diario ABC, el exgobernante venezolano vive bajo un r\u00e9gimen de encierro casi permanente.<\/p>\n","protected":false},"author":30,"featured_media":237957,"comment_status":"open","ping_status":"closed","sticky":false,"template":"","format":"standard","meta":{"_acf_changed":false,"footnotes":""},"categories":[18,953],"tags":[29868,941,11576,13301],"class_list":{"0":"post-237948","1":"post","2":"type-post","3":"status-publish","4":"format-standard","5":"has-post-thumbnail","7":"category-noticias","8":"category-usa","9":"tag-captura-de-nicolas-maduro","10":"tag-destacado","11":"tag-nicolas-maduro-2","12":"tag-prision-federal"},"acf":[],"yoast_head":"<!-- This site is optimized with the Yoast SEO plugin v27.5 - https:\/\/yoast.com\/product\/yoast-seo-wordpress\/ -->\n<title>Revelan detalles de la vida de Maduro en prisi\u00f3n en EE.UU.: \u201cDe noche chilla como un loco\u201d - Cuballama Nacional<\/title>\n<meta name=\"description\" content=\"El dictador venezolano Nicol\u00e1s Maduro pasa sus d\u00edas en una diminuta celda de una prisi\u00f3n federal en Nueva York.\" \/>\n<meta name=\"robots\" content=\"index, follow, max-snippet:-1, max-image-preview:large, max-video-preview:-1\" \/>\n<link rel=\"canonical\" href=\"https:\/\/www.cuballama.com\/noticias\/revelan-detalles-de-la-vida-de-maduro-en-prision-en-ee-uu-de-noche-chilla-como-un-loco\/\" \/>\n<meta property=\"og:locale\" content=\"es_ES\" \/>\n<meta property=\"og:type\" content=\"article\" \/>\n<meta property=\"og:title\" content=\"Revelan detalles de la vida de Maduro en prisi\u00f3n en EE.UU.: \u201cDe noche chilla como un loco\u201d - Cuballama Nacional\" \/>\n<meta property=\"og:description\" content=\"El dictador venezolano Nicol\u00e1s Maduro pasa sus d\u00edas en una diminuta celda de una prisi\u00f3n federal en Nueva York.\" \/>\n<meta property=\"og:url\" content=\"https:\/\/www.cuballama.com\/noticias\/revelan-detalles-de-la-vida-de-maduro-en-prision-en-ee-uu-de-noche-chilla-como-un-loco\/\" \/>\n<meta property=\"og:site_name\" content=\"Cuballama Noticias\" \/>\n<meta property=\"article:publisher\" content=\"https:\/\/www.facebook.com\/CubaLlama\" \/>\n<meta property=\"article:published_time\" content=\"2026-03-12T19:06:32+00:00\" \/>\n<meta property=\"article:modified_time\" content=\"2026-03-12T23:30:12+00:00\" \/>\n<meta property=\"og:image\" content=\"https:\/\/cdn1.mediawpaccore.net\/wp-content\/uploads\/2026\/03\/12144142\/650382369_923539507089237_7272735584992198550_n2.jpg\" \/>\n\t<meta property=\"og:image:width\" content=\"1200\" \/>\n\t<meta property=\"og:image:height\" content=\"630\" \/>\n\t<meta property=\"og:image:type\" content=\"image\/jpeg\" \/>\n<meta name=\"author\" content=\"Kathy\" \/>\n<meta name=\"twitter:card\" content=\"summary_large_image\" \/>\n<meta name=\"twitter:creator\" content=\"@cuballama\" \/>\n<meta name=\"twitter:site\" content=\"@cuballama\" \/>\n<meta name=\"twitter:label1\" content=\"Escrito por\" \/>\n\t<meta name=\"twitter:data1\" content=\"Kathy\" \/>\n\t<meta name=\"twitter:label2\" content=\"Tiempo de lectura\" \/>\n\t<meta name=\"twitter:data2\" content=\"2 minutos\" \/>\n<script type=\"application\/ld+json\" class=\"yoast-schema-graph\">{\"@context\":\"https:\\\/\\\/schema.org\",\"@graph\":[{\"@type\":\"Article\",\"@id\":\"https:\\\/\\\/www.cuballama.com\\\/noticias\\\/revelan-detalles-de-la-vida-de-maduro-en-prision-en-ee-uu-de-noche-chilla-como-un-loco\\\/#article\",\"isPartOf\":{\"@id\":\"https:\\\/\\\/www.cuballama.com\\\/noticias\\\/revelan-detalles-de-la-vida-de-maduro-en-prision-en-ee-uu-de-noche-chilla-como-un-loco\\\/\"},\"author\":{\"name\":\"Kathy\",\"@id\":\"https:\\\/\\\/www.cuballama.com\\\/noticias\\\/#\\\/schema\\\/person\\\/86cd3e3f4974437f031211213bf892d5\"},\"headline\":\"Revelan detalles de la vida de Maduro en prisi\u00f3n en EE.UU.: \u201cDe noche chilla como un loco\u201d\",\"datePublished\":\"2026-03-12T19:06:32+00:00\",\"dateModified\":\"2026-03-12T23:30:12+00:00\",\"mainEntityOfPage\":{\"@id\":\"https:\\\/\\\/www.cuballama.com\\\/noticias\\\/revelan-detalles-de-la-vida-de-maduro-en-prision-en-ee-uu-de-noche-chilla-como-un-loco\\\/\"},\"wordCount\":252,\"commentCount\":0,\"publisher\":{\"@id\":\"https:\\\/\\\/www.cuballama.com\\\/noticias\\\/#organization\"},\"image\":{\"@id\":\"https:\\\/\\\/www.cuballama.com\\\/noticias\\\/revelan-detalles-de-la-vida-de-maduro-en-prision-en-ee-uu-de-noche-chilla-como-un-loco\\\/#primaryimage\"},\"thumbnailUrl\":\"https:\\\/\\\/cdn1.mediawpaccore.net\\\/wp-content\\\/uploads\\\/2026\\\/03\\\/12144142\\\/650382369_923539507089237_7272735584992198550_n2.jpg\",\"keywords\":[\"captura de Nicol\u00e1s Maduro\",\"destacado\",\"Nicol\u00e1s Maduro\",\"Prisi\u00f3n Federal\"],\"articleSection\":[\"Noticias\",\"USA\"],\"inLanguage\":\"es\",\"potentialAction\":[{\"@type\":\"CommentAction\",\"name\":\"Comment\",\"target\":[\"https:\\\/\\\/www.cuballama.com\\\/noticias\\\/revelan-detalles-de-la-vida-de-maduro-en-prision-en-ee-uu-de-noche-chilla-como-un-loco\\\/#respond\"]}]},{\"@type\":\"WebPage\",\"@id\":\"https:\\\/\\\/www.cuballama.com\\\/noticias\\\/revelan-detalles-de-la-vida-de-maduro-en-prision-en-ee-uu-de-noche-chilla-como-un-loco\\\/\",\"url\":\"https:\\\/\\\/www.cuballama.com\\\/noticias\\\/revelan-detalles-de-la-vida-de-maduro-en-prision-en-ee-uu-de-noche-chilla-como-un-loco\\\/\",\"name\":\"Revelan detalles de la vida de Maduro en prisi\u00f3n en EE.UU.: \u201cDe noche chilla como un loco\u201d - Cuballama Nacional\",\"isPartOf\":{\"@id\":\"https:\\\/\\\/www.cuballama.com\\\/noticias\\\/#website\"},\"primaryImageOfPage\":{\"@id\":\"https:\\\/\\\/www.cuballama.com\\\/noticias\\\/revelan-detalles-de-la-vida-de-maduro-en-prision-en-ee-uu-de-noche-chilla-como-un-loco\\\/#primaryimage\"},\"image\":{\"@id\":\"https:\\\/\\\/www.cuballama.com\\\/noticias\\\/revelan-detalles-de-la-vida-de-maduro-en-prision-en-ee-uu-de-noche-chilla-como-un-loco\\\/#primaryimage\"},\"thumbnailUrl\":\"https:\\\/\\\/cdn1.mediawpaccore.net\\\/wp-content\\\/uploads\\\/2026\\\/03\\\/12144142\\\/650382369_923539507089237_7272735584992198550_n2.jpg\",\"datePublished\":\"2026-03-12T19:06:32+00:00\",\"dateModified\":\"2026-03-12T23:30:12+00:00\",\"description\":\"El dictador venezolano Nicol\u00e1s Maduro pasa sus d\u00edas en una diminuta celda de una prisi\u00f3n federal en Nueva York.\",\"breadcrumb\":{\"@id\":\"https:\\\/\\\/www.cuballama.com\\\/noticias\\\/revelan-detalles-de-la-vida-de-maduro-en-prision-en-ee-uu-de-noche-chilla-como-un-loco\\\/#breadcrumb\"},\"inLanguage\":\"es\",\"potentialAction\":[{\"@type\":\"ReadAction\",\"target\":[\"https:\\\/\\\/www.cuballama.com\\\/noticias\\\/revelan-detalles-de-la-vida-de-maduro-en-prision-en-ee-uu-de-noche-chilla-como-un-loco\\\/\"]}]},{\"@type\":\"ImageObject\",\"inLanguage\":\"es\",\"@id\":\"https:\\\/\\\/www.cuballama.com\\\/noticias\\\/revelan-detalles-de-la-vida-de-maduro-en-prision-en-ee-uu-de-noche-chilla-como-un-loco\\\/#primaryimage\",\"url\":\"https:\\\/\\\/cdn1.mediawpaccore.net\\\/wp-content\\\/uploads\\\/2026\\\/03\\\/12144142\\\/650382369_923539507089237_7272735584992198550_n2.jpg\",\"contentUrl\":\"https:\\\/\\\/cdn1.mediawpaccore.net\\\/wp-content\\\/uploads\\\/2026\\\/03\\\/12144142\\\/650382369_923539507089237_7272735584992198550_n2.jpg\",\"width\":1200,\"height\":630,\"caption\":\"\u00b4Nicol\u00e1s Maduro en EE.UU. Foto: Facebook\\\/Daniel Ben\u00edtez.\"},{\"@type\":\"BreadcrumbList\",\"@id\":\"https:\\\/\\\/www.cuballama.com\\\/noticias\\\/revelan-detalles-de-la-vida-de-maduro-en-prision-en-ee-uu-de-noche-chilla-como-un-loco\\\/#breadcrumb\",\"itemListElement\":[{\"@type\":\"ListItem\",\"position\":1,\"name\":\"Home\",\"item\":\"https:\\\/\\\/www.cuballama.com\\\/noticias\\\/\"},{\"@type\":\"ListItem\",\"position\":2,\"name\":\"Revelan detalles de la vida de Maduro en prisi\u00f3n en EE.UU.: \u201cDe noche chilla como un loco\u201d\"}]},{\"@type\":\"WebSite\",\"@id\":\"https:\\\/\\\/www.cuballama.com\\\/noticias\\\/#website\",\"url\":\"https:\\\/\\\/www.cuballama.com\\\/noticias\\\/\",\"name\":\"Cuballama Noticias\",\"description\":\"Medio digital sobre Cuba y el mundo\",\"publisher\":{\"@id\":\"https:\\\/\\\/www.cuballama.com\\\/noticias\\\/#organization\"},\"potentialAction\":[{\"@type\":\"SearchAction\",\"target\":{\"@type\":\"EntryPoint\",\"urlTemplate\":\"https:\\\/\\\/www.cuballama.com\\\/noticias\\\/?s={search_term_string}\"},\"query-input\":{\"@type\":\"PropertyValueSpecification\",\"valueRequired\":true,\"valueName\":\"search_term_string\"}}],\"inLanguage\":\"es\"},{\"@type\":\"Organization\",\"@id\":\"https:\\\/\\\/www.cuballama.com\\\/noticias\\\/#organization\",\"name\":\"Cuballama\",\"url\":\"https:\\\/\\\/www.cuballama.com\\\/noticias\\\/\",\"logo\":{\"@type\":\"ImageObject\",\"inLanguage\":\"es\",\"@id\":\"https:\\\/\\\/www.cuballama.com\\\/noticias\\\/#\\\/schema\\\/logo\\\/image\\\/\",\"url\":\"https:\\\/\\\/cdn1.mediawpaccore.net\\\/wp-content\\\/uploads\\\/2021\\\/12\\\/28171206\\\/cbll-logo-color-sm.png\",\"contentUrl\":\"https:\\\/\\\/cdn1.mediawpaccore.net\\\/wp-content\\\/uploads\\\/2021\\\/12\\\/28171206\\\/cbll-logo-color-sm.png\",\"width\":600,\"height\":133,\"caption\":\"Cuballama\"},\"image\":{\"@id\":\"https:\\\/\\\/www.cuballama.com\\\/noticias\\\/#\\\/schema\\\/logo\\\/image\\\/\"},\"sameAs\":[\"https:\\\/\\\/www.facebook.com\\\/CubaLlama\",\"https:\\\/\\\/x.com\\\/cuballama\",\"https:\\\/\\\/www.instagram.com\\\/stories\\\/cuballama_oficial\\\/\",\"https:\\\/\\\/www.youtube.com\\\/channel\\\/UCKkFE-d_axENGZcrc4as0IA\"]},{\"@type\":\"Person\",\"@id\":\"https:\\\/\\\/www.cuballama.com\\\/noticias\\\/#\\\/schema\\\/person\\\/86cd3e3f4974437f031211213bf892d5\",\"name\":\"Kathy\",\"url\":\"https:\\\/\\\/www.cuballama.com\\\/noticias\\\/author\\\/kathy\\\/\"}]}<\/script>\n<!-- \/ Yoast SEO plugin. -->","yoast_head_json":{"title":"Revelan detalles de la vida de Maduro en prisi\u00f3n en EE.UU.: \u201cDe noche chilla como un loco\u201d - Cuballama Nacional","description":"El dictador venezolano Nicol\u00e1s Maduro pasa sus d\u00edas en una diminuta celda de una prisi\u00f3n federal en Nueva York.","robots":{"index":"index","follow":"follow","max-snippet":"max-snippet:-1","max-image-preview":"max-image-preview:large","max-video-preview":"max-video-preview:-1"},"canonical":"https:\/\/www.cuballama.com\/noticias\/revelan-detalles-de-la-vida-de-maduro-en-prision-en-ee-uu-de-noche-chilla-como-un-loco\/","og_locale":"es_ES","og_type":"article","og_title":"Revelan detalles de la vida de Maduro en prisi\u00f3n en EE.UU.: \u201cDe noche chilla como un loco\u201d - Cuballama Nacional","og_description":"El dictador venezolano Nicol\u00e1s Maduro pasa sus d\u00edas en una diminuta celda de una prisi\u00f3n federal en Nueva York.","og_url":"https:\/\/www.cuballama.com\/noticias\/revelan-detalles-de-la-vida-de-maduro-en-prision-en-ee-uu-de-noche-chilla-como-un-loco\/","og_site_name":"Cuballama Noticias","article_publisher":"https:\/\/www.facebook.com\/CubaLlama","article_published_time":"2026-03-12T19:06:32+00:00","article_modified_time":"2026-03-12T23:30:12+00:00","og_image":[{"width":1200,"height":630,"url":"https:\/\/cdn1.mediawpaccore.net\/wp-content\/uploads\/2026\/03\/12144142\/650382369_923539507089237_7272735584992198550_n2.jpg","type":"image\/jpeg"}],"author":"Kathy","twitter_card":"summary_large_image","twitter_creator":"@cuballama","twitter_site":"@cuballama","twitter_misc":{"Escrito por":"Kathy","Tiempo de lectura":"2 minutos"},"schema":{"@context":"https:\/\/schema.org","@graph":[{"@type":"Article","@id":"https:\/\/www.cuballama.com\/noticias\/revelan-detalles-de-la-vida-de-maduro-en-prision-en-ee-uu-de-noche-chilla-como-un-loco\/#article","isPartOf":{"@id":"https:\/\/www.cuballama.com\/noticias\/revelan-detalles-de-la-vida-de-maduro-en-prision-en-ee-uu-de-noche-chilla-como-un-loco\/"},"author":{"name":"Kathy","@id":"https:\/\/www.cuballama.com\/noticias\/#\/schema\/person\/86cd3e3f4974437f031211213bf892d5"},"headline":"Revelan detalles de la vida de Maduro en prisi\u00f3n en EE.UU.: \u201cDe noche chilla como un loco\u201d","datePublished":"2026-03-12T19:06:32+00:00","dateModified":"2026-03-12T23:30:12+00:00","mainEntityOfPage":{"@id":"https:\/\/www.cuballama.com\/noticias\/revelan-detalles-de-la-vida-de-maduro-en-prision-en-ee-uu-de-noche-chilla-como-un-loco\/"},"wordCount":252,"commentCount":0,"publisher":{"@id":"https:\/\/www.cuballama.com\/noticias\/#organization"},"image":{"@id":"https:\/\/www.cuballama.com\/noticias\/revelan-detalles-de-la-vida-de-maduro-en-prision-en-ee-uu-de-noche-chilla-como-un-loco\/#primaryimage"},"thumbnailUrl":"https:\/\/cdn1.mediawpaccore.net\/wp-content\/uploads\/2026\/03\/12144142\/650382369_923539507089237_7272735584992198550_n2.jpg","keywords":["captura de Nicol\u00e1s Maduro","destacado","Nicol\u00e1s Maduro","Prisi\u00f3n Federal"],"articleSection":["Noticias","USA"],"inLanguage":"es","potentialAction":[{"@type":"CommentAction","name":"Comment","target":["https:\/\/www.cuballama.com\/noticias\/revelan-detalles-de-la-vida-de-maduro-en-prision-en-ee-uu-de-noche-chilla-como-un-loco\/#respond"]}]},{"@type":"WebPage","@id":"https:\/\/www.cuballama.com\/noticias\/revelan-detalles-de-la-vida-de-maduro-en-prision-en-ee-uu-de-noche-chilla-como-un-loco\/","url":"https:\/\/www.cuballama.com\/noticias\/revelan-detalles-de-la-vida-de-maduro-en-prision-en-ee-uu-de-noche-chilla-como-un-loco\/","name":"Revelan detalles de la vida de Maduro en prisi\u00f3n en EE.UU.: \u201cDe noche chilla como un loco\u201d - Cuballama Nacional","isPartOf":{"@id":"https:\/\/www.cuballama.com\/noticias\/#website"},"primaryImageOfPage":{"@id":"https:\/\/www.cuballama.com\/noticias\/revelan-detalles-de-la-vida-de-maduro-en-prision-en-ee-uu-de-noche-chilla-como-un-loco\/#primaryimage"},"image":{"@id":"https:\/\/www.cuballama.com\/noticias\/revelan-detalles-de-la-vida-de-maduro-en-prision-en-ee-uu-de-noche-chilla-como-un-loco\/#primaryimage"},"thumbnailUrl":"https:\/\/cdn1.mediawpaccore.net\/wp-content\/uploads\/2026\/03\/12144142\/650382369_923539507089237_7272735584992198550_n2.jpg","datePublished":"2026-03-12T19:06:32+00:00","dateModified":"2026-03-12T23:30:12+00:00","description":"El dictador venezolano Nicol\u00e1s Maduro pasa sus d\u00edas en una diminuta celda de una prisi\u00f3n federal en Nueva York.","breadcrumb":{"@id":"https:\/\/www.cuballama.com\/noticias\/revelan-detalles-de-la-vida-de-maduro-en-prision-en-ee-uu-de-noche-chilla-como-un-loco\/#breadcrumb"},"inLanguage":"es","potentialAction":[{"@type":"ReadAction","target":["https:\/\/www.cuballama.com\/noticias\/revelan-detalles-de-la-vida-de-maduro-en-prision-en-ee-uu-de-noche-chilla-como-un-loco\/"]}]},{"@type":"ImageObject","inLanguage":"es","@id":"https:\/\/www.cuballama.com\/noticias\/revelan-detalles-de-la-vida-de-maduro-en-prision-en-ee-uu-de-noche-chilla-como-un-loco\/#primaryimage","url":"https:\/\/cdn1.mediawpaccore.net\/wp-content\/uploads\/2026\/03\/12144142\/650382369_923539507089237_7272735584992198550_n2.jpg","contentUrl":"https:\/\/cdn1.mediawpaccore.net\/wp-content\/uploads\/2026\/03\/12144142\/650382369_923539507089237_7272735584992198550_n2.jpg","width":1200,"height":630,"caption":"\u00b4Nicol\u00e1s Maduro en EE.UU. Foto: Facebook\/Daniel Ben\u00edtez."},{"@type":"BreadcrumbList","@id":"https:\/\/www.cuballama.com\/noticias\/revelan-detalles-de-la-vida-de-maduro-en-prision-en-ee-uu-de-noche-chilla-como-un-loco\/#breadcrumb","itemListElement":[{"@type":"ListItem","position":1,"name":"Home","item":"https:\/\/www.cuballama.com\/noticias\/"},{"@type":"ListItem","position":2,"name":"Revelan detalles de la vida de Maduro en prisi\u00f3n en EE.UU.: \u201cDe noche chilla como un loco\u201d"}]},{"@type":"WebSite","@id":"https:\/\/www.cuballama.com\/noticias\/#website","url":"https:\/\/www.cuballama.com\/noticias\/","name":"Cuballama Noticias","description":"Medio digital sobre Cuba y el mundo","publisher":{"@id":"https:\/\/www.cuballama.com\/noticias\/#organization"},"potentialAction":[{"@type":"SearchAction","target":{"@type":"EntryPoint","urlTemplate":"https:\/\/www.cuballama.com\/noticias\/?s={search_term_string}"},"query-input":{"@type":"PropertyValueSpecification","valueRequired":true,"valueName":"search_term_string"}}],"inLanguage":"es"},{"@type":"Organization","@id":"https:\/\/www.cuballama.com\/noticias\/#organization","name":"Cuballama","url":"https:\/\/www.cuballama.com\/noticias\/","logo":{"@type":"ImageObject","inLanguage":"es","@id":"https:\/\/www.cuballama.com\/noticias\/#\/schema\/logo\/image\/","url":"https:\/\/cdn1.mediawpaccore.net\/wp-content\/uploads\/2021\/12\/28171206\/cbll-logo-color-sm.png","contentUrl":"https:\/\/cdn1.mediawpaccore.net\/wp-content\/uploads\/2021\/12\/28171206\/cbll-logo-color-sm.png","width":600,"height":133,"caption":"Cuballama"},"image":{"@id":"https:\/\/www.cuballama.com\/noticias\/#\/schema\/logo\/image\/"},"sameAs":["https:\/\/www.facebook.com\/CubaLlama","https:\/\/x.com\/cuballama","https:\/\/www.instagram.com\/stories\/cuballama_oficial\/","https:\/\/www.youtube.com\/channel\/UCKkFE-d_axENGZcrc4as0IA"]},{"@type":"Person","@id":"https:\/\/www.cuballama.com\/noticias\/#\/schema\/person\/86cd3e3f4974437f031211213bf892d5","name":"Kathy","url":"https:\/\/www.cuballama.com\/noticias\/author\/kathy\/"}]}},"_links":{"self":[{"href":"https:\/\/www.cuballama.com\/noticias\/wp-json\/wp\/v2\/posts\/237948","targetHints":{"allow":["GET"]}}],"collection":[{"href":"https:\/\/www.cuballama.com\/noticias\/wp-json\/wp\/v2\/posts"}],"about":[{"href":"https:\/\/www.cuballama.com\/noticias\/wp-json\/wp\/v2\/types\/post"}],"author":[{"embeddable":true,"href":"https:\/\/www.cuballama.com\/noticias\/wp-json\/wp\/v2\/users\/30"}],"replies":[{"embeddable":true,"href":"https:\/\/www.cuballama.com\/noticias\/wp-json\/wp\/v2\/comments?post=237948"}],"version-history":[{"count":3,"href":"https:\/\/www.cuballama.com\/noticias\/wp-json\/wp\/v2\/posts\/237948\/revisions"}],"predecessor-version":[{"id":237960,"href":"https:\/\/www.cuballama.com\/noticias\/wp-json\/wp\/v2\/posts\/237948\/revisions\/237960"}],"wp:featuredmedia":[{"embeddable":true,"href":"https:\/\/www.cuballama.com\/noticias\/wp-json\/wp\/v2\/media\/237957"}],"wp:attachment":[{"href":"https:\/\/www.cuballama.com\/noticias\/wp-json\/wp\/v2\/media?parent=237948"}],"wp:term":[{"taxonomy":"category","embeddable":true,"href":"https:\/\/www.cuballama.com\/noticias\/wp-json\/wp\/v2\/categories?post=237948"},{"taxonomy":"post_tag","embeddable":true,"href":"https:\/\/www.cuballama.com\/noticias\/wp-json\/wp\/v2\/tags?post=237948"}],"curies":[{"name":"wp","href":"https:\/\/api.w.org\/{rel}","templated":true}]}}