{"id":237947,"date":"2026-03-12T14:33:02","date_gmt":"2026-03-12T18:33:02","guid":{"rendered":"https:\/\/www.cuballama.com\/noticias\/?p=237947"},"modified":"2026-03-12T14:45:03","modified_gmt":"2026-03-12T18:45:03","slug":"actriz-obelia-blanco-regresa-a-cuba","status":"publish","type":"post","link":"https:\/\/www.cuballama.com\/noticias\/actriz-obelia-blanco-regresa-a-cuba\/","title":{"rendered":"Actriz Obelia Blanco \u00abregresa\u00bb a Cuba"},"content":{"rendered":"\n<p>La primera actriz cubana Obelia Blanco  protagoniz\u00f3 un emotivo momento en el que asegur\u00f3 sentirse en en Cuba por unos instantes mientras daba un paseo por Galicia, donde reside desde hace varios a\u00f1os y donde incluso ha comenzado a estudiar la lengua gallega.<\/p>\n\n\n\n<p>Recientemente, Blanco public\u00f3 un video  en el que se muestra emocionada al encontrarse con un afilador de tijeras y cuchillos, un oficio tradicional que anuncia su trabajo con el conocido preg\u00f3n. \u201c\u00a1Qu\u00e9 sorpresa! Me he transportado a Cuba en un segundo\u201d, expres\u00f3 la actriz, evocando la nostalgia de cuando escuchaba a los pregoneros cubanos. <\/p>\n\n\n\n<p>Las reacciones de sus seguidores no se hicieron esperar: algunos recordaron con nostalgia este preg\u00f3n, otros se\u00f1alaron que la tradici\u00f3n fue heredada de emigrantes gallegos, y varios celebraron la alegr\u00eda que transmite Blanco en el video.<\/p>\n\n\n\n<p>A pesar de la distancia, Blanco sigue siendo una figura muy reconocida en Cuba gracias a su larga trayectoria en la radio, el teatro y la televisi\u00f3n. Su voz acompa\u00f1\u00f3 la infancia de varias generaciones en el popular programa infantil El tren de maravillas. Adem\u00e1s, mantiene un v\u00ednculo activo con la isla y sus colegas. <\/p>\n\n\n\n<p>Recientemente envi\u00f3 un sentido mensaje de condolencia por la muerte del actor cubano Alden Knight: \u201cVuela alto, hermano. Contigo se va una voz y un estilo \u00fanicos. Forjador de j\u00f3venes artistas. Gran ser humano\u201d, escribi\u00f3 Blanco, recordando los 37 a\u00f1os que compartieron en <em>Hablando de Cuba<\/em>.<\/p>\n\n\n\n<p>Adem\u00e1s de <a href=\"https:\/\/www.cubanoticias360.com\/que-ha-sido-de-la-actriz-obelia-blanco-tras-emigrar-a-espana\/\" target=\"_blank\" rel=\"noreferrer noopener\">su carrera art\u00edstica<\/a>, Blanco se ha dedicado a la artesan\u00eda, creando piezas de mu\u00f1equer\u00eda, cestas, carteras y bordados, actividades que le resultan relajantes. Tambi\u00e9n ha iniciado un nuevo proyecto radial: el programa <em>Voces y versos<\/em>, donde comenta la obra de poetas de todo el mundo acompa\u00f1ada de m\u00fasica y, sorprendentemente, se escucha a la actriz hablar gallego, reflejo de su r\u00e1pido aprendizaje del idioma. El programa se transmite por Radio Allariz 107.2 FM.<\/p>\n\n\n\n<p>Nacida en Santiago de Cuba el 18 de junio de 1942, Blanco se mud\u00f3 a Galicia para vivir cerca de su hija y nietos. Entre sus primeros proyectos en Espa\u00f1a impuls\u00f3 un grupo de teatro aficionado, respaldado por la Xunta de Allariz, manteniendo as\u00ed su pasi\u00f3n por las artes esc\u00e9nicas.<\/p>\n\n\n\n<p><\/p>\n","protected":false},"excerpt":{"rendered":"<p>Nacida en Santiago de Cuba el 18 de junio de 1942, Blanco se mud\u00f3 a Galicia para vivir cerca de su hija y nietos. Entre sus primeros proyectos en Espa\u00f1a impuls\u00f3 un grupo de teatro aficionado, respaldado por la Xunta de Allariz, manteniendo as\u00ed su pasi\u00f3n por las artes esc\u00e9nicas.<\/p>\n","protected":false},"author":24,"featured_media":142662,"comment_status":"open","ping_status":"closed","sticky":false,"template":"","format":"standard","meta":{"_acf_changed":false,"footnotes":""},"categories":[443],"tags":[252,10867,11,92,941,600,15379],"class_list":{"0":"post-237947","1":"post","2":"type-post","3":"status-publish","4":"format-standard","5":"has-post-thumbnail","7":"category-farandula","8":"tag-artistas-cubanos","9":"tag-crisis-en-cuba","10":"tag-cuba","11":"tag-cubanos","12":"tag-destacado","13":"tag-migrantes-cubanos","14":"tag-obelia-blanco"},"acf":[],"yoast_head":"<!-- This site is optimized with the Yoast SEO plugin v27.5 - https:\/\/yoast.com\/product\/yoast-seo-wordpress\/ -->\n<title>Actriz Obelia Blanco &quot;regresa&quot; a Cuba - Cuballama Noticias<\/title>\n<meta name=\"robots\" content=\"index, follow, max-snippet:-1, max-image-preview:large, max-video-preview:-1\" \/>\n<link rel=\"canonical\" href=\"https:\/\/www.cuballama.com\/noticias\/actriz-obelia-blanco-regresa-a-cuba\/\" \/>\n<meta property=\"og:locale\" content=\"es_ES\" \/>\n<meta property=\"og:type\" content=\"article\" \/>\n<meta property=\"og:title\" content=\"Actriz Obelia Blanco &quot;regresa&quot; a Cuba - Cuballama Noticias\" \/>\n<meta property=\"og:description\" content=\"Nacida en Santiago de Cuba el 18 de junio de 1942, Blanco se mud\u00f3 a Galicia para vivir cerca de su hija y nietos. Entre sus primeros proyectos en Espa\u00f1a impuls\u00f3 un grupo de teatro aficionado, respaldado por la Xunta de Allariz, manteniendo as\u00ed su pasi\u00f3n por las artes esc\u00e9nicas.\" \/>\n<meta property=\"og:url\" content=\"https:\/\/www.cuballama.com\/noticias\/actriz-obelia-blanco-regresa-a-cuba\/\" \/>\n<meta property=\"og:site_name\" content=\"Cuballama Noticias\" \/>\n<meta property=\"article:publisher\" content=\"https:\/\/www.facebook.com\/CubaLlama\" \/>\n<meta property=\"article:published_time\" content=\"2026-03-12T18:33:02+00:00\" \/>\n<meta property=\"article:modified_time\" content=\"2026-03-12T18:45:03+00:00\" \/>\n<meta property=\"og:image\" content=\"https:\/\/cdn1.mediawpaccore.net\/wp-content\/uploads\/2023\/10\/25132808\/IMG-20231025-WA0028.jpg\" \/>\n\t<meta property=\"og:image:width\" content=\"1000\" \/>\n\t<meta property=\"og:image:height\" content=\"750\" \/>\n\t<meta property=\"og:image:type\" content=\"image\/jpeg\" \/>\n<meta name=\"author\" content=\"Manu\" \/>\n<meta name=\"twitter:card\" content=\"summary_large_image\" \/>\n<meta name=\"twitter:creator\" content=\"@cuballama\" \/>\n<meta name=\"twitter:site\" content=\"@cuballama\" \/>\n<meta name=\"twitter:label1\" content=\"Escrito por\" \/>\n\t<meta name=\"twitter:data1\" content=\"Manu\" \/>\n\t<meta name=\"twitter:label2\" content=\"Tiempo de lectura\" \/>\n\t<meta name=\"twitter:data2\" content=\"2 minutos\" \/>\n<script type=\"application\/ld+json\" class=\"yoast-schema-graph\">{\"@context\":\"https:\\\/\\\/schema.org\",\"@graph\":[{\"@type\":\"Article\",\"@id\":\"https:\\\/\\\/www.cuballama.com\\\/noticias\\\/actriz-obelia-blanco-regresa-a-cuba\\\/#article\",\"isPartOf\":{\"@id\":\"https:\\\/\\\/www.cuballama.com\\\/noticias\\\/actriz-obelia-blanco-regresa-a-cuba\\\/\"},\"author\":{\"name\":\"Manu\",\"@id\":\"https:\\\/\\\/www.cuballama.com\\\/noticias\\\/#\\\/schema\\\/person\\\/5889f7d070564f8386e7944d14d436cd\"},\"headline\":\"Actriz Obelia Blanco \u00abregresa\u00bb a Cuba\",\"datePublished\":\"2026-03-12T18:33:02+00:00\",\"dateModified\":\"2026-03-12T18:45:03+00:00\",\"mainEntityOfPage\":{\"@id\":\"https:\\\/\\\/www.cuballama.com\\\/noticias\\\/actriz-obelia-blanco-regresa-a-cuba\\\/\"},\"wordCount\":384,\"commentCount\":0,\"publisher\":{\"@id\":\"https:\\\/\\\/www.cuballama.com\\\/noticias\\\/#organization\"},\"image\":{\"@id\":\"https:\\\/\\\/www.cuballama.com\\\/noticias\\\/actriz-obelia-blanco-regresa-a-cuba\\\/#primaryimage\"},\"thumbnailUrl\":\"https:\\\/\\\/cdn1.mediawpaccore.net\\\/wp-content\\\/uploads\\\/2023\\\/10\\\/25132808\\\/IMG-20231025-WA0028.jpg\",\"keywords\":[\"Artistas cubanos\",\"Crisis en Cuba\",\"Cuba\",\"cubanos\",\"destacado\",\"Migrantes cubanos\",\"Obelia Blanco\"],\"articleSection\":[\"Far\u00e1ndula\"],\"inLanguage\":\"es\",\"potentialAction\":[{\"@type\":\"CommentAction\",\"name\":\"Comment\",\"target\":[\"https:\\\/\\\/www.cuballama.com\\\/noticias\\\/actriz-obelia-blanco-regresa-a-cuba\\\/#respond\"]}]},{\"@type\":\"WebPage\",\"@id\":\"https:\\\/\\\/www.cuballama.com\\\/noticias\\\/actriz-obelia-blanco-regresa-a-cuba\\\/\",\"url\":\"https:\\\/\\\/www.cuballama.com\\\/noticias\\\/actriz-obelia-blanco-regresa-a-cuba\\\/\",\"name\":\"Actriz Obelia Blanco \\\"regresa\\\" a Cuba - Cuballama Noticias\",\"isPartOf\":{\"@id\":\"https:\\\/\\\/www.cuballama.com\\\/noticias\\\/#website\"},\"primaryImageOfPage\":{\"@id\":\"https:\\\/\\\/www.cuballama.com\\\/noticias\\\/actriz-obelia-blanco-regresa-a-cuba\\\/#primaryimage\"},\"image\":{\"@id\":\"https:\\\/\\\/www.cuballama.com\\\/noticias\\\/actriz-obelia-blanco-regresa-a-cuba\\\/#primaryimage\"},\"thumbnailUrl\":\"https:\\\/\\\/cdn1.mediawpaccore.net\\\/wp-content\\\/uploads\\\/2023\\\/10\\\/25132808\\\/IMG-20231025-WA0028.jpg\",\"datePublished\":\"2026-03-12T18:33:02+00:00\",\"dateModified\":\"2026-03-12T18:45:03+00:00\",\"breadcrumb\":{\"@id\":\"https:\\\/\\\/www.cuballama.com\\\/noticias\\\/actriz-obelia-blanco-regresa-a-cuba\\\/#breadcrumb\"},\"inLanguage\":\"es\",\"potentialAction\":[{\"@type\":\"ReadAction\",\"target\":[\"https:\\\/\\\/www.cuballama.com\\\/noticias\\\/actriz-obelia-blanco-regresa-a-cuba\\\/\"]}]},{\"@type\":\"ImageObject\",\"inLanguage\":\"es\",\"@id\":\"https:\\\/\\\/www.cuballama.com\\\/noticias\\\/actriz-obelia-blanco-regresa-a-cuba\\\/#primaryimage\",\"url\":\"https:\\\/\\\/cdn1.mediawpaccore.net\\\/wp-content\\\/uploads\\\/2023\\\/10\\\/25132808\\\/IMG-20231025-WA0028.jpg\",\"contentUrl\":\"https:\\\/\\\/cdn1.mediawpaccore.net\\\/wp-content\\\/uploads\\\/2023\\\/10\\\/25132808\\\/IMG-20231025-WA0028.jpg\",\"width\":1000,\"height\":750,\"caption\":\"Obelia Blanco. Foto Cortes\u00eda de la actriz para Cubaactores\"},{\"@type\":\"BreadcrumbList\",\"@id\":\"https:\\\/\\\/www.cuballama.com\\\/noticias\\\/actriz-obelia-blanco-regresa-a-cuba\\\/#breadcrumb\",\"itemListElement\":[{\"@type\":\"ListItem\",\"position\":1,\"name\":\"Home\",\"item\":\"https:\\\/\\\/www.cuballama.com\\\/noticias\\\/\"},{\"@type\":\"ListItem\",\"position\":2,\"name\":\"Actriz Obelia Blanco \u00abregresa\u00bb a Cuba\"}]},{\"@type\":\"WebSite\",\"@id\":\"https:\\\/\\\/www.cuballama.com\\\/noticias\\\/#website\",\"url\":\"https:\\\/\\\/www.cuballama.com\\\/noticias\\\/\",\"name\":\"Cuballama Noticias\",\"description\":\"Medio digital sobre Cuba y el mundo\",\"publisher\":{\"@id\":\"https:\\\/\\\/www.cuballama.com\\\/noticias\\\/#organization\"},\"potentialAction\":[{\"@type\":\"SearchAction\",\"target\":{\"@type\":\"EntryPoint\",\"urlTemplate\":\"https:\\\/\\\/www.cuballama.com\\\/noticias\\\/?s={search_term_string}\"},\"query-input\":{\"@type\":\"PropertyValueSpecification\",\"valueRequired\":true,\"valueName\":\"search_term_string\"}}],\"inLanguage\":\"es\"},{\"@type\":\"Organization\",\"@id\":\"https:\\\/\\\/www.cuballama.com\\\/noticias\\\/#organization\",\"name\":\"Cuballama\",\"url\":\"https:\\\/\\\/www.cuballama.com\\\/noticias\\\/\",\"logo\":{\"@type\":\"ImageObject\",\"inLanguage\":\"es\",\"@id\":\"https:\\\/\\\/www.cuballama.com\\\/noticias\\\/#\\\/schema\\\/logo\\\/image\\\/\",\"url\":\"https:\\\/\\\/cdn1.mediawpaccore.net\\\/wp-content\\\/uploads\\\/2021\\\/12\\\/28171206\\\/cbll-logo-color-sm.png\",\"contentUrl\":\"https:\\\/\\\/cdn1.mediawpaccore.net\\\/wp-content\\\/uploads\\\/2021\\\/12\\\/28171206\\\/cbll-logo-color-sm.png\",\"width\":600,\"height\":133,\"caption\":\"Cuballama\"},\"image\":{\"@id\":\"https:\\\/\\\/www.cuballama.com\\\/noticias\\\/#\\\/schema\\\/logo\\\/image\\\/\"},\"sameAs\":[\"https:\\\/\\\/www.facebook.com\\\/CubaLlama\",\"https:\\\/\\\/x.com\\\/cuballama\",\"https:\\\/\\\/www.instagram.com\\\/stories\\\/cuballama_oficial\\\/\",\"https:\\\/\\\/www.youtube.com\\\/channel\\\/UCKkFE-d_axENGZcrc4as0IA\"]},{\"@type\":\"Person\",\"@id\":\"https:\\\/\\\/www.cuballama.com\\\/noticias\\\/#\\\/schema\\\/person\\\/5889f7d070564f8386e7944d14d436cd\",\"name\":\"Manu\",\"url\":\"https:\\\/\\\/www.cuballama.com\\\/noticias\\\/author\\\/manu\\\/\"}]}<\/script>\n<!-- \/ Yoast SEO plugin. -->","yoast_head_json":{"title":"Actriz Obelia Blanco \"regresa\" a Cuba - Cuballama Noticias","robots":{"index":"index","follow":"follow","max-snippet":"max-snippet:-1","max-image-preview":"max-image-preview:large","max-video-preview":"max-video-preview:-1"},"canonical":"https:\/\/www.cuballama.com\/noticias\/actriz-obelia-blanco-regresa-a-cuba\/","og_locale":"es_ES","og_type":"article","og_title":"Actriz Obelia Blanco \"regresa\" a Cuba - Cuballama Noticias","og_description":"Nacida en Santiago de Cuba el 18 de junio de 1942, Blanco se mud\u00f3 a Galicia para vivir cerca de su hija y nietos. Entre sus primeros proyectos en Espa\u00f1a impuls\u00f3 un grupo de teatro aficionado, respaldado por la Xunta de Allariz, manteniendo as\u00ed su pasi\u00f3n por las artes esc\u00e9nicas.","og_url":"https:\/\/www.cuballama.com\/noticias\/actriz-obelia-blanco-regresa-a-cuba\/","og_site_name":"Cuballama Noticias","article_publisher":"https:\/\/www.facebook.com\/CubaLlama","article_published_time":"2026-03-12T18:33:02+00:00","article_modified_time":"2026-03-12T18:45:03+00:00","og_image":[{"width":1000,"height":750,"url":"https:\/\/cdn1.mediawpaccore.net\/wp-content\/uploads\/2023\/10\/25132808\/IMG-20231025-WA0028.jpg","type":"image\/jpeg"}],"author":"Manu","twitter_card":"summary_large_image","twitter_creator":"@cuballama","twitter_site":"@cuballama","twitter_misc":{"Escrito por":"Manu","Tiempo de lectura":"2 minutos"},"schema":{"@context":"https:\/\/schema.org","@graph":[{"@type":"Article","@id":"https:\/\/www.cuballama.com\/noticias\/actriz-obelia-blanco-regresa-a-cuba\/#article","isPartOf":{"@id":"https:\/\/www.cuballama.com\/noticias\/actriz-obelia-blanco-regresa-a-cuba\/"},"author":{"name":"Manu","@id":"https:\/\/www.cuballama.com\/noticias\/#\/schema\/person\/5889f7d070564f8386e7944d14d436cd"},"headline":"Actriz Obelia Blanco \u00abregresa\u00bb a Cuba","datePublished":"2026-03-12T18:33:02+00:00","dateModified":"2026-03-12T18:45:03+00:00","mainEntityOfPage":{"@id":"https:\/\/www.cuballama.com\/noticias\/actriz-obelia-blanco-regresa-a-cuba\/"},"wordCount":384,"commentCount":0,"publisher":{"@id":"https:\/\/www.cuballama.com\/noticias\/#organization"},"image":{"@id":"https:\/\/www.cuballama.com\/noticias\/actriz-obelia-blanco-regresa-a-cuba\/#primaryimage"},"thumbnailUrl":"https:\/\/cdn1.mediawpaccore.net\/wp-content\/uploads\/2023\/10\/25132808\/IMG-20231025-WA0028.jpg","keywords":["Artistas cubanos","Crisis en Cuba","Cuba","cubanos","destacado","Migrantes cubanos","Obelia Blanco"],"articleSection":["Far\u00e1ndula"],"inLanguage":"es","potentialAction":[{"@type":"CommentAction","name":"Comment","target":["https:\/\/www.cuballama.com\/noticias\/actriz-obelia-blanco-regresa-a-cuba\/#respond"]}]},{"@type":"WebPage","@id":"https:\/\/www.cuballama.com\/noticias\/actriz-obelia-blanco-regresa-a-cuba\/","url":"https:\/\/www.cuballama.com\/noticias\/actriz-obelia-blanco-regresa-a-cuba\/","name":"Actriz Obelia Blanco \"regresa\" a Cuba - Cuballama Noticias","isPartOf":{"@id":"https:\/\/www.cuballama.com\/noticias\/#website"},"primaryImageOfPage":{"@id":"https:\/\/www.cuballama.com\/noticias\/actriz-obelia-blanco-regresa-a-cuba\/#primaryimage"},"image":{"@id":"https:\/\/www.cuballama.com\/noticias\/actriz-obelia-blanco-regresa-a-cuba\/#primaryimage"},"thumbnailUrl":"https:\/\/cdn1.mediawpaccore.net\/wp-content\/uploads\/2023\/10\/25132808\/IMG-20231025-WA0028.jpg","datePublished":"2026-03-12T18:33:02+00:00","dateModified":"2026-03-12T18:45:03+00:00","breadcrumb":{"@id":"https:\/\/www.cuballama.com\/noticias\/actriz-obelia-blanco-regresa-a-cuba\/#breadcrumb"},"inLanguage":"es","potentialAction":[{"@type":"ReadAction","target":["https:\/\/www.cuballama.com\/noticias\/actriz-obelia-blanco-regresa-a-cuba\/"]}]},{"@type":"ImageObject","inLanguage":"es","@id":"https:\/\/www.cuballama.com\/noticias\/actriz-obelia-blanco-regresa-a-cuba\/#primaryimage","url":"https:\/\/cdn1.mediawpaccore.net\/wp-content\/uploads\/2023\/10\/25132808\/IMG-20231025-WA0028.jpg","contentUrl":"https:\/\/cdn1.mediawpaccore.net\/wp-content\/uploads\/2023\/10\/25132808\/IMG-20231025-WA0028.jpg","width":1000,"height":750,"caption":"Obelia Blanco. Foto Cortes\u00eda de la actriz para Cubaactores"},{"@type":"BreadcrumbList","@id":"https:\/\/www.cuballama.com\/noticias\/actriz-obelia-blanco-regresa-a-cuba\/#breadcrumb","itemListElement":[{"@type":"ListItem","position":1,"name":"Home","item":"https:\/\/www.cuballama.com\/noticias\/"},{"@type":"ListItem","position":2,"name":"Actriz Obelia Blanco \u00abregresa\u00bb a Cuba"}]},{"@type":"WebSite","@id":"https:\/\/www.cuballama.com\/noticias\/#website","url":"https:\/\/www.cuballama.com\/noticias\/","name":"Cuballama Noticias","description":"Medio digital sobre Cuba y el mundo","publisher":{"@id":"https:\/\/www.cuballama.com\/noticias\/#organization"},"potentialAction":[{"@type":"SearchAction","target":{"@type":"EntryPoint","urlTemplate":"https:\/\/www.cuballama.com\/noticias\/?s={search_term_string}"},"query-input":{"@type":"PropertyValueSpecification","valueRequired":true,"valueName":"search_term_string"}}],"inLanguage":"es"},{"@type":"Organization","@id":"https:\/\/www.cuballama.com\/noticias\/#organization","name":"Cuballama","url":"https:\/\/www.cuballama.com\/noticias\/","logo":{"@type":"ImageObject","inLanguage":"es","@id":"https:\/\/www.cuballama.com\/noticias\/#\/schema\/logo\/image\/","url":"https:\/\/cdn1.mediawpaccore.net\/wp-content\/uploads\/2021\/12\/28171206\/cbll-logo-color-sm.png","contentUrl":"https:\/\/cdn1.mediawpaccore.net\/wp-content\/uploads\/2021\/12\/28171206\/cbll-logo-color-sm.png","width":600,"height":133,"caption":"Cuballama"},"image":{"@id":"https:\/\/www.cuballama.com\/noticias\/#\/schema\/logo\/image\/"},"sameAs":["https:\/\/www.facebook.com\/CubaLlama","https:\/\/x.com\/cuballama","https:\/\/www.instagram.com\/stories\/cuballama_oficial\/","https:\/\/www.youtube.com\/channel\/UCKkFE-d_axENGZcrc4as0IA"]},{"@type":"Person","@id":"https:\/\/www.cuballama.com\/noticias\/#\/schema\/person\/5889f7d070564f8386e7944d14d436cd","name":"Manu","url":"https:\/\/www.cuballama.com\/noticias\/author\/manu\/"}]}},"_links":{"self":[{"href":"https:\/\/www.cuballama.com\/noticias\/wp-json\/wp\/v2\/posts\/237947","targetHints":{"allow":["GET"]}}],"collection":[{"href":"https:\/\/www.cuballama.com\/noticias\/wp-json\/wp\/v2\/posts"}],"about":[{"href":"https:\/\/www.cuballama.com\/noticias\/wp-json\/wp\/v2\/types\/post"}],"author":[{"embeddable":true,"href":"https:\/\/www.cuballama.com\/noticias\/wp-json\/wp\/v2\/users\/24"}],"replies":[{"embeddable":true,"href":"https:\/\/www.cuballama.com\/noticias\/wp-json\/wp\/v2\/comments?post=237947"}],"version-history":[{"count":2,"href":"https:\/\/www.cuballama.com\/noticias\/wp-json\/wp\/v2\/posts\/237947\/revisions"}],"predecessor-version":[{"id":237951,"href":"https:\/\/www.cuballama.com\/noticias\/wp-json\/wp\/v2\/posts\/237947\/revisions\/237951"}],"wp:featuredmedia":[{"embeddable":true,"href":"https:\/\/www.cuballama.com\/noticias\/wp-json\/wp\/v2\/media\/142662"}],"wp:attachment":[{"href":"https:\/\/www.cuballama.com\/noticias\/wp-json\/wp\/v2\/media?parent=237947"}],"wp:term":[{"taxonomy":"category","embeddable":true,"href":"https:\/\/www.cuballama.com\/noticias\/wp-json\/wp\/v2\/categories?post=237947"},{"taxonomy":"post_tag","embeddable":true,"href":"https:\/\/www.cuballama.com\/noticias\/wp-json\/wp\/v2\/tags?post=237947"}],"curies":[{"name":"wp","href":"https:\/\/api.w.org\/{rel}","templated":true}]}}