{"id":237941,"date":"2026-03-12T13:22:44","date_gmt":"2026-03-12T17:22:44","guid":{"rendered":"https:\/\/www.cuballama.com\/noticias\/?p=237941"},"modified":"2026-03-12T13:29:37","modified_gmt":"2026-03-12T17:29:37","slug":"cuba-lista-para-llegar-a-acuerdo-con-eeuu","status":"publish","type":"post","link":"https:\/\/www.cuballama.com\/noticias\/cuba-lista-para-llegar-a-acuerdo-con-eeuu\/","title":{"rendered":"Cuba \u00ablista\u00bb para llegar a acuerdo con EEUU"},"content":{"rendered":"\n<p>La jefa de la misi\u00f3n diplom\u00e1tica de Cuba en Washington  Lianys Torres Rivera, afirm\u00f3 que el gobierno cubano est\u00e1 \u201cpreparado\u201d para dialogar con EEUU sobre los temas que afectan la relaci\u00f3n bilateral.<\/p>\n\n\n\n<p>En declaraciones al diario Los Angeles Times, la diplom\u00e1tica se\u00f1al\u00f3 que La Habana est\u00e1 preparada para discutir tanto los asuntos de inter\u00e9s com\u00fan como las diferencias existentes entre ambos gobiernos.<\/p>\n\n\n\n<p>Torres Rivera subray\u00f3, no obstante, que cualquier proceso de di\u00e1logo debe desarrollarse con respeto a lo que calific\u00f3 como la \u201csoberan\u00eda de Cuba\u201d y su \u201cderecho a la autodeterminaci\u00f3n\u201d.<\/p>\n\n\n\n<p>\u201cEstamos dispuestos a dialogar\u2026 Estamos seguros de que es posible encontrar una soluci\u00f3n\u201d, declar\u00f3 la representante cubana al medio estadounidense.<\/p>\n\n\n\n<p>Las declaraciones se producen en medio de nuevas tensiones entre La Habana y Washington, tras recientes comentarios del presidente de Estados Unidos, Donald Trump, sobre la grave situaci\u00f3n pol\u00edtica y econ\u00f3mica en la isla, marcada por la crisis de combustible, la inflamaci\u00f3n y el creciente descontento popular contra el gobierno de D\u00edaz-Canel.<\/p>\n\n\n\n<p>Trump ha asegurado en los \u00faltimos d\u00edas que Cuba atraviesa una grave crisis econ\u00f3mica y afirm\u00f3 que el gobierno cubano estar\u00eda interesado en alcanzar un acuerdo con Washington. El mandatario estadounidense tambi\u00e9n sugiri\u00f3 que la isla podr\u00eda enfrentar un cambio pol\u00edtico, se\u00f1alando que \u201cquiz\u00e1s terminemos teniendo una toma amistosa de Cuba\u201d.\u00a0<\/p>\n\n\n\n<p>En otras declaraciones, Trump sostuvo que Cuba \u201cno tiene energ\u00eda ni dinero y est\u00e1 en graves problemas\u201d, y expres\u00f3 que est\u00e1n muy interesados en llegar a un acuerdo con las autoridades de la isla en medio de la actual situaci\u00f3n econ\u00f3mica.&nbsp;<\/p>\n\n\n\n<p>Trump tambi\u00e9n vincul\u00f3 el empeoramiento de la crisis cubana con el fin del apoyo energ\u00e9tico proveniente de Venezuela. \u201cViv\u00edan de Venezuela. Les enviaban energ\u00eda, combustible, petr\u00f3leo y dinero. Ahora ya no tienen nada de eso\u201d, afirm\u00f3.<\/p>\n\n\n\n<p>El mandatario estadounidense asegur\u00f3 que el secretario de Estado, Marco Rubio, mantiene conversaciones con representantes del Gobierno cubano, aunque no ofreci\u00f3 detalles sobre el contenido de esos contactos. Seg\u00fan diversos reportes, en esas gestiones participa el nieto del exmandatario Ra\u00fal Castro, conocido como \u00abEl Cangrejo\u00bb.<\/p>\n","protected":false},"excerpt":{"rendered":"<p>En declaraciones al diario Los Angeles Times, la diplom\u00e1tica se\u00f1al\u00f3 que La Habana est\u00e1 preparada para discutir tanto los asuntos de inter\u00e9s com\u00fan como las diferencias existentes entre ambos gobiernos.<\/p>\n","protected":false},"author":24,"featured_media":235276,"comment_status":"open","ping_status":"closed","sticky":false,"template":"","format":"standard","meta":{"_acf_changed":false,"footnotes":""},"categories":[18,955],"tags":[10867,11,11050,11017,7651],"class_list":{"0":"post-237941","1":"post","2":"type-post","3":"status-publish","4":"format-standard","5":"has-post-thumbnail","7":"category-noticias","8":"category-noticias-de-cuba","9":"tag-crisis-en-cuba","10":"tag-cuba","11":"tag-cubanos-en-miami","12":"tag-superdestacado","13":"tag-trump"},"acf":[],"yoast_head":"<!-- This site is optimized with the Yoast SEO plugin v27.5 - https:\/\/yoast.com\/product\/yoast-seo-wordpress\/ -->\n<title>Cuba &quot;lista&quot; para llegar a acuerdo con EEUU - Cuballama Noticias<\/title>\n<meta name=\"robots\" content=\"index, follow, max-snippet:-1, max-image-preview:large, max-video-preview:-1\" \/>\n<link rel=\"canonical\" href=\"https:\/\/www.cuballama.com\/noticias\/cuba-lista-para-llegar-a-acuerdo-con-eeuu\/\" \/>\n<meta property=\"og:locale\" content=\"es_ES\" \/>\n<meta property=\"og:type\" content=\"article\" \/>\n<meta property=\"og:title\" content=\"Cuba &quot;lista&quot; para llegar a acuerdo con EEUU - Cuballama Noticias\" \/>\n<meta property=\"og:description\" content=\"En declaraciones al diario Los Angeles Times, la diplom\u00e1tica se\u00f1al\u00f3 que La Habana est\u00e1 preparada para discutir tanto los asuntos de inter\u00e9s com\u00fan como las diferencias existentes entre ambos gobiernos.\" \/>\n<meta property=\"og:url\" content=\"https:\/\/www.cuballama.com\/noticias\/cuba-lista-para-llegar-a-acuerdo-con-eeuu\/\" \/>\n<meta property=\"og:site_name\" content=\"Cuballama Noticias\" \/>\n<meta property=\"article:publisher\" content=\"https:\/\/www.facebook.com\/CubaLlama\" \/>\n<meta property=\"article:published_time\" content=\"2026-03-12T17:22:44+00:00\" \/>\n<meta property=\"article:modified_time\" content=\"2026-03-12T17:29:37+00:00\" \/>\n<meta property=\"og:image\" content=\"https:\/\/cdn1.mediawpaccore.net\/wp-content\/uploads\/2026\/02\/14112536\/HBDvRkgWQAAw7uj1.jpg\" \/>\n\t<meta property=\"og:image:width\" content=\"1200\" \/>\n\t<meta property=\"og:image:height\" content=\"630\" \/>\n\t<meta property=\"og:image:type\" content=\"image\/jpeg\" \/>\n<meta name=\"author\" content=\"Manu\" \/>\n<meta name=\"twitter:card\" content=\"summary_large_image\" \/>\n<meta name=\"twitter:creator\" content=\"@cuballama\" \/>\n<meta name=\"twitter:site\" content=\"@cuballama\" \/>\n<meta name=\"twitter:label1\" content=\"Escrito por\" \/>\n\t<meta name=\"twitter:data1\" content=\"Manu\" \/>\n\t<meta name=\"twitter:label2\" content=\"Tiempo de lectura\" \/>\n\t<meta name=\"twitter:data2\" content=\"2 minutos\" \/>\n<script type=\"application\/ld+json\" class=\"yoast-schema-graph\">{\"@context\":\"https:\\\/\\\/schema.org\",\"@graph\":[{\"@type\":\"Article\",\"@id\":\"https:\\\/\\\/www.cuballama.com\\\/noticias\\\/cuba-lista-para-llegar-a-acuerdo-con-eeuu\\\/#article\",\"isPartOf\":{\"@id\":\"https:\\\/\\\/www.cuballama.com\\\/noticias\\\/cuba-lista-para-llegar-a-acuerdo-con-eeuu\\\/\"},\"author\":{\"name\":\"Manu\",\"@id\":\"https:\\\/\\\/www.cuballama.com\\\/noticias\\\/#\\\/schema\\\/person\\\/5889f7d070564f8386e7944d14d436cd\"},\"headline\":\"Cuba \u00ablista\u00bb para llegar a acuerdo con EEUU\",\"datePublished\":\"2026-03-12T17:22:44+00:00\",\"dateModified\":\"2026-03-12T17:29:37+00:00\",\"mainEntityOfPage\":{\"@id\":\"https:\\\/\\\/www.cuballama.com\\\/noticias\\\/cuba-lista-para-llegar-a-acuerdo-con-eeuu\\\/\"},\"wordCount\":380,\"commentCount\":0,\"publisher\":{\"@id\":\"https:\\\/\\\/www.cuballama.com\\\/noticias\\\/#organization\"},\"image\":{\"@id\":\"https:\\\/\\\/www.cuballama.com\\\/noticias\\\/cuba-lista-para-llegar-a-acuerdo-con-eeuu\\\/#primaryimage\"},\"thumbnailUrl\":\"https:\\\/\\\/cdn1.mediawpaccore.net\\\/wp-content\\\/uploads\\\/2026\\\/02\\\/14112536\\\/HBDvRkgWQAAw7uj1.jpg\",\"keywords\":[\"Crisis en Cuba\",\"Cuba\",\"cubanos en Miami\",\"superdestacado\",\"Trump\"],\"articleSection\":[\"Noticias\",\"Noticias de Cuba\"],\"inLanguage\":\"es\",\"potentialAction\":[{\"@type\":\"CommentAction\",\"name\":\"Comment\",\"target\":[\"https:\\\/\\\/www.cuballama.com\\\/noticias\\\/cuba-lista-para-llegar-a-acuerdo-con-eeuu\\\/#respond\"]}]},{\"@type\":\"WebPage\",\"@id\":\"https:\\\/\\\/www.cuballama.com\\\/noticias\\\/cuba-lista-para-llegar-a-acuerdo-con-eeuu\\\/\",\"url\":\"https:\\\/\\\/www.cuballama.com\\\/noticias\\\/cuba-lista-para-llegar-a-acuerdo-con-eeuu\\\/\",\"name\":\"Cuba \\\"lista\\\" para llegar a acuerdo con EEUU - Cuballama Noticias\",\"isPartOf\":{\"@id\":\"https:\\\/\\\/www.cuballama.com\\\/noticias\\\/#website\"},\"primaryImageOfPage\":{\"@id\":\"https:\\\/\\\/www.cuballama.com\\\/noticias\\\/cuba-lista-para-llegar-a-acuerdo-con-eeuu\\\/#primaryimage\"},\"image\":{\"@id\":\"https:\\\/\\\/www.cuballama.com\\\/noticias\\\/cuba-lista-para-llegar-a-acuerdo-con-eeuu\\\/#primaryimage\"},\"thumbnailUrl\":\"https:\\\/\\\/cdn1.mediawpaccore.net\\\/wp-content\\\/uploads\\\/2026\\\/02\\\/14112536\\\/HBDvRkgWQAAw7uj1.jpg\",\"datePublished\":\"2026-03-12T17:22:44+00:00\",\"dateModified\":\"2026-03-12T17:29:37+00:00\",\"breadcrumb\":{\"@id\":\"https:\\\/\\\/www.cuballama.com\\\/noticias\\\/cuba-lista-para-llegar-a-acuerdo-con-eeuu\\\/#breadcrumb\"},\"inLanguage\":\"es\",\"potentialAction\":[{\"@type\":\"ReadAction\",\"target\":[\"https:\\\/\\\/www.cuballama.com\\\/noticias\\\/cuba-lista-para-llegar-a-acuerdo-con-eeuu\\\/\"]}]},{\"@type\":\"ImageObject\",\"inLanguage\":\"es\",\"@id\":\"https:\\\/\\\/www.cuballama.com\\\/noticias\\\/cuba-lista-para-llegar-a-acuerdo-con-eeuu\\\/#primaryimage\",\"url\":\"https:\\\/\\\/cdn1.mediawpaccore.net\\\/wp-content\\\/uploads\\\/2026\\\/02\\\/14112536\\\/HBDvRkgWQAAw7uj1.jpg\",\"contentUrl\":\"https:\\\/\\\/cdn1.mediawpaccore.net\\\/wp-content\\\/uploads\\\/2026\\\/02\\\/14112536\\\/HBDvRkgWQAAw7uj1.jpg\",\"width\":1200,\"height\":630,\"caption\":\"D\u00edaz- Canel (al centro) y otros dirigentes cubanos en D\u00eda de la Defensa en el Cerro. Foto: X\\\/Presidencia Cuba.\"},{\"@type\":\"BreadcrumbList\",\"@id\":\"https:\\\/\\\/www.cuballama.com\\\/noticias\\\/cuba-lista-para-llegar-a-acuerdo-con-eeuu\\\/#breadcrumb\",\"itemListElement\":[{\"@type\":\"ListItem\",\"position\":1,\"name\":\"Home\",\"item\":\"https:\\\/\\\/www.cuballama.com\\\/noticias\\\/\"},{\"@type\":\"ListItem\",\"position\":2,\"name\":\"Cuba \u00ablista\u00bb para llegar a acuerdo con EEUU\"}]},{\"@type\":\"WebSite\",\"@id\":\"https:\\\/\\\/www.cuballama.com\\\/noticias\\\/#website\",\"url\":\"https:\\\/\\\/www.cuballama.com\\\/noticias\\\/\",\"name\":\"Cuballama Noticias\",\"description\":\"Medio digital sobre Cuba y el mundo\",\"publisher\":{\"@id\":\"https:\\\/\\\/www.cuballama.com\\\/noticias\\\/#organization\"},\"potentialAction\":[{\"@type\":\"SearchAction\",\"target\":{\"@type\":\"EntryPoint\",\"urlTemplate\":\"https:\\\/\\\/www.cuballama.com\\\/noticias\\\/?s={search_term_string}\"},\"query-input\":{\"@type\":\"PropertyValueSpecification\",\"valueRequired\":true,\"valueName\":\"search_term_string\"}}],\"inLanguage\":\"es\"},{\"@type\":\"Organization\",\"@id\":\"https:\\\/\\\/www.cuballama.com\\\/noticias\\\/#organization\",\"name\":\"Cuballama\",\"url\":\"https:\\\/\\\/www.cuballama.com\\\/noticias\\\/\",\"logo\":{\"@type\":\"ImageObject\",\"inLanguage\":\"es\",\"@id\":\"https:\\\/\\\/www.cuballama.com\\\/noticias\\\/#\\\/schema\\\/logo\\\/image\\\/\",\"url\":\"https:\\\/\\\/cdn1.mediawpaccore.net\\\/wp-content\\\/uploads\\\/2021\\\/12\\\/28171206\\\/cbll-logo-color-sm.png\",\"contentUrl\":\"https:\\\/\\\/cdn1.mediawpaccore.net\\\/wp-content\\\/uploads\\\/2021\\\/12\\\/28171206\\\/cbll-logo-color-sm.png\",\"width\":600,\"height\":133,\"caption\":\"Cuballama\"},\"image\":{\"@id\":\"https:\\\/\\\/www.cuballama.com\\\/noticias\\\/#\\\/schema\\\/logo\\\/image\\\/\"},\"sameAs\":[\"https:\\\/\\\/www.facebook.com\\\/CubaLlama\",\"https:\\\/\\\/x.com\\\/cuballama\",\"https:\\\/\\\/www.instagram.com\\\/stories\\\/cuballama_oficial\\\/\",\"https:\\\/\\\/www.youtube.com\\\/channel\\\/UCKkFE-d_axENGZcrc4as0IA\"]},{\"@type\":\"Person\",\"@id\":\"https:\\\/\\\/www.cuballama.com\\\/noticias\\\/#\\\/schema\\\/person\\\/5889f7d070564f8386e7944d14d436cd\",\"name\":\"Manu\",\"url\":\"https:\\\/\\\/www.cuballama.com\\\/noticias\\\/author\\\/manu\\\/\"}]}<\/script>\n<!-- \/ Yoast SEO plugin. -->","yoast_head_json":{"title":"Cuba \"lista\" para llegar a acuerdo con EEUU - Cuballama Noticias","robots":{"index":"index","follow":"follow","max-snippet":"max-snippet:-1","max-image-preview":"max-image-preview:large","max-video-preview":"max-video-preview:-1"},"canonical":"https:\/\/www.cuballama.com\/noticias\/cuba-lista-para-llegar-a-acuerdo-con-eeuu\/","og_locale":"es_ES","og_type":"article","og_title":"Cuba \"lista\" para llegar a acuerdo con EEUU - Cuballama Noticias","og_description":"En declaraciones al diario Los Angeles Times, la diplom\u00e1tica se\u00f1al\u00f3 que La Habana est\u00e1 preparada para discutir tanto los asuntos de inter\u00e9s com\u00fan como las diferencias existentes entre ambos gobiernos.","og_url":"https:\/\/www.cuballama.com\/noticias\/cuba-lista-para-llegar-a-acuerdo-con-eeuu\/","og_site_name":"Cuballama Noticias","article_publisher":"https:\/\/www.facebook.com\/CubaLlama","article_published_time":"2026-03-12T17:22:44+00:00","article_modified_time":"2026-03-12T17:29:37+00:00","og_image":[{"width":1200,"height":630,"url":"https:\/\/cdn1.mediawpaccore.net\/wp-content\/uploads\/2026\/02\/14112536\/HBDvRkgWQAAw7uj1.jpg","type":"image\/jpeg"}],"author":"Manu","twitter_card":"summary_large_image","twitter_creator":"@cuballama","twitter_site":"@cuballama","twitter_misc":{"Escrito por":"Manu","Tiempo de lectura":"2 minutos"},"schema":{"@context":"https:\/\/schema.org","@graph":[{"@type":"Article","@id":"https:\/\/www.cuballama.com\/noticias\/cuba-lista-para-llegar-a-acuerdo-con-eeuu\/#article","isPartOf":{"@id":"https:\/\/www.cuballama.com\/noticias\/cuba-lista-para-llegar-a-acuerdo-con-eeuu\/"},"author":{"name":"Manu","@id":"https:\/\/www.cuballama.com\/noticias\/#\/schema\/person\/5889f7d070564f8386e7944d14d436cd"},"headline":"Cuba \u00ablista\u00bb para llegar a acuerdo con EEUU","datePublished":"2026-03-12T17:22:44+00:00","dateModified":"2026-03-12T17:29:37+00:00","mainEntityOfPage":{"@id":"https:\/\/www.cuballama.com\/noticias\/cuba-lista-para-llegar-a-acuerdo-con-eeuu\/"},"wordCount":380,"commentCount":0,"publisher":{"@id":"https:\/\/www.cuballama.com\/noticias\/#organization"},"image":{"@id":"https:\/\/www.cuballama.com\/noticias\/cuba-lista-para-llegar-a-acuerdo-con-eeuu\/#primaryimage"},"thumbnailUrl":"https:\/\/cdn1.mediawpaccore.net\/wp-content\/uploads\/2026\/02\/14112536\/HBDvRkgWQAAw7uj1.jpg","keywords":["Crisis en Cuba","Cuba","cubanos en Miami","superdestacado","Trump"],"articleSection":["Noticias","Noticias de Cuba"],"inLanguage":"es","potentialAction":[{"@type":"CommentAction","name":"Comment","target":["https:\/\/www.cuballama.com\/noticias\/cuba-lista-para-llegar-a-acuerdo-con-eeuu\/#respond"]}]},{"@type":"WebPage","@id":"https:\/\/www.cuballama.com\/noticias\/cuba-lista-para-llegar-a-acuerdo-con-eeuu\/","url":"https:\/\/www.cuballama.com\/noticias\/cuba-lista-para-llegar-a-acuerdo-con-eeuu\/","name":"Cuba \"lista\" para llegar a acuerdo con EEUU - Cuballama Noticias","isPartOf":{"@id":"https:\/\/www.cuballama.com\/noticias\/#website"},"primaryImageOfPage":{"@id":"https:\/\/www.cuballama.com\/noticias\/cuba-lista-para-llegar-a-acuerdo-con-eeuu\/#primaryimage"},"image":{"@id":"https:\/\/www.cuballama.com\/noticias\/cuba-lista-para-llegar-a-acuerdo-con-eeuu\/#primaryimage"},"thumbnailUrl":"https:\/\/cdn1.mediawpaccore.net\/wp-content\/uploads\/2026\/02\/14112536\/HBDvRkgWQAAw7uj1.jpg","datePublished":"2026-03-12T17:22:44+00:00","dateModified":"2026-03-12T17:29:37+00:00","breadcrumb":{"@id":"https:\/\/www.cuballama.com\/noticias\/cuba-lista-para-llegar-a-acuerdo-con-eeuu\/#breadcrumb"},"inLanguage":"es","potentialAction":[{"@type":"ReadAction","target":["https:\/\/www.cuballama.com\/noticias\/cuba-lista-para-llegar-a-acuerdo-con-eeuu\/"]}]},{"@type":"ImageObject","inLanguage":"es","@id":"https:\/\/www.cuballama.com\/noticias\/cuba-lista-para-llegar-a-acuerdo-con-eeuu\/#primaryimage","url":"https:\/\/cdn1.mediawpaccore.net\/wp-content\/uploads\/2026\/02\/14112536\/HBDvRkgWQAAw7uj1.jpg","contentUrl":"https:\/\/cdn1.mediawpaccore.net\/wp-content\/uploads\/2026\/02\/14112536\/HBDvRkgWQAAw7uj1.jpg","width":1200,"height":630,"caption":"D\u00edaz- Canel (al centro) y otros dirigentes cubanos en D\u00eda de la Defensa en el Cerro. Foto: X\/Presidencia Cuba."},{"@type":"BreadcrumbList","@id":"https:\/\/www.cuballama.com\/noticias\/cuba-lista-para-llegar-a-acuerdo-con-eeuu\/#breadcrumb","itemListElement":[{"@type":"ListItem","position":1,"name":"Home","item":"https:\/\/www.cuballama.com\/noticias\/"},{"@type":"ListItem","position":2,"name":"Cuba \u00ablista\u00bb para llegar a acuerdo con EEUU"}]},{"@type":"WebSite","@id":"https:\/\/www.cuballama.com\/noticias\/#website","url":"https:\/\/www.cuballama.com\/noticias\/","name":"Cuballama Noticias","description":"Medio digital sobre Cuba y el mundo","publisher":{"@id":"https:\/\/www.cuballama.com\/noticias\/#organization"},"potentialAction":[{"@type":"SearchAction","target":{"@type":"EntryPoint","urlTemplate":"https:\/\/www.cuballama.com\/noticias\/?s={search_term_string}"},"query-input":{"@type":"PropertyValueSpecification","valueRequired":true,"valueName":"search_term_string"}}],"inLanguage":"es"},{"@type":"Organization","@id":"https:\/\/www.cuballama.com\/noticias\/#organization","name":"Cuballama","url":"https:\/\/www.cuballama.com\/noticias\/","logo":{"@type":"ImageObject","inLanguage":"es","@id":"https:\/\/www.cuballama.com\/noticias\/#\/schema\/logo\/image\/","url":"https:\/\/cdn1.mediawpaccore.net\/wp-content\/uploads\/2021\/12\/28171206\/cbll-logo-color-sm.png","contentUrl":"https:\/\/cdn1.mediawpaccore.net\/wp-content\/uploads\/2021\/12\/28171206\/cbll-logo-color-sm.png","width":600,"height":133,"caption":"Cuballama"},"image":{"@id":"https:\/\/www.cuballama.com\/noticias\/#\/schema\/logo\/image\/"},"sameAs":["https:\/\/www.facebook.com\/CubaLlama","https:\/\/x.com\/cuballama","https:\/\/www.instagram.com\/stories\/cuballama_oficial\/","https:\/\/www.youtube.com\/channel\/UCKkFE-d_axENGZcrc4as0IA"]},{"@type":"Person","@id":"https:\/\/www.cuballama.com\/noticias\/#\/schema\/person\/5889f7d070564f8386e7944d14d436cd","name":"Manu","url":"https:\/\/www.cuballama.com\/noticias\/author\/manu\/"}]}},"_links":{"self":[{"href":"https:\/\/www.cuballama.com\/noticias\/wp-json\/wp\/v2\/posts\/237941","targetHints":{"allow":["GET"]}}],"collection":[{"href":"https:\/\/www.cuballama.com\/noticias\/wp-json\/wp\/v2\/posts"}],"about":[{"href":"https:\/\/www.cuballama.com\/noticias\/wp-json\/wp\/v2\/types\/post"}],"author":[{"embeddable":true,"href":"https:\/\/www.cuballama.com\/noticias\/wp-json\/wp\/v2\/users\/24"}],"replies":[{"embeddable":true,"href":"https:\/\/www.cuballama.com\/noticias\/wp-json\/wp\/v2\/comments?post=237941"}],"version-history":[{"count":4,"href":"https:\/\/www.cuballama.com\/noticias\/wp-json\/wp\/v2\/posts\/237941\/revisions"}],"predecessor-version":[{"id":237946,"href":"https:\/\/www.cuballama.com\/noticias\/wp-json\/wp\/v2\/posts\/237941\/revisions\/237946"}],"wp:featuredmedia":[{"embeddable":true,"href":"https:\/\/www.cuballama.com\/noticias\/wp-json\/wp\/v2\/media\/235276"}],"wp:attachment":[{"href":"https:\/\/www.cuballama.com\/noticias\/wp-json\/wp\/v2\/media?parent=237941"}],"wp:term":[{"taxonomy":"category","embeddable":true,"href":"https:\/\/www.cuballama.com\/noticias\/wp-json\/wp\/v2\/categories?post=237941"},{"taxonomy":"post_tag","embeddable":true,"href":"https:\/\/www.cuballama.com\/noticias\/wp-json\/wp\/v2\/tags?post=237941"}],"curies":[{"name":"wp","href":"https:\/\/api.w.org\/{rel}","templated":true}]}}