{"id":237934,"date":"2026-03-12T12:56:48","date_gmt":"2026-03-12T16:56:48","guid":{"rendered":"https:\/\/www.cuballama.com\/noticias\/?p=237934"},"modified":"2026-03-12T12:57:51","modified_gmt":"2026-03-12T16:57:51","slug":"queda-varada-la-lanchita-de-regla-en-bahia-de-la-habana","status":"publish","type":"post","link":"https:\/\/www.cuballama.com\/noticias\/queda-varada-la-lanchita-de-regla-en-bahia-de-la-habana\/","title":{"rendered":"Nuevo suceso con la Lanchita de Regla detiene transportaci\u00f3n de pasajeros"},"content":{"rendered":"\n<p><\/p>\n\n\n\n<p>La Lanchita de Regla qued\u00f3 varada este 11 de marzo, alrededor de las 12:00 del mediod\u00eda, en la Bah\u00eda de La Habana, seg\u00fan reportes difundidos por pasajeros y en redes sociales.<\/p>\n\n\n\n<p>De acuerdo con la informaci\u00f3n disponible, la nave tuvo que ser remolcada hasta el Embarcadero de Luz, donde fue llevada a puerto para su revisi\u00f3n t\u00e9cnica.<\/p>\n\n\n\n<p>El incidente gener\u00f3 preocupaci\u00f3n entre los usuarios habituales de este medio de transporte, considerado uno de los principales enlaces entre el municipio de Regla y el centro de La Habana.<\/p>\n\n\n\n<p>La llamada \u201clanchita de Regla\u201d forma parte del sistema de transporte mar\u00edtimo que opera en la bah\u00eda habanera desde hace m\u00e1s de un siglo. El servicio conecta diariamente a miles de pasajeros entre ambas orillas, que con frecuencia ven interrumpidos sus viajes por diversas situaciones con la embarcaci\u00f3n, utilizada sobre todo por estudiantes y trabajadores.<\/p>\n\n\n\n<p>Las frecuentes aver\u00edas y las limitaciones t\u00e9cnicas de algunas de las embarcaciones han sido motivo de quejas recurrentes por parte de los usuarios en los \u00faltimos a\u00f1os.<\/p>\n\n\n\n<p>La interrupci\u00f3n del servicio ocurre adem\u00e1s en medio de las dificultades que enfrenta el transporte p\u00fablico en la capital cubana, marcadas por la grave escasez de combustible, la falta de piezas de repuesto y la alta demanda de pasajeros.<\/p>\n\n\n\n<p>Hasta el momento, las autoridades no han informado oficialmente las causas de la aver\u00eda ni el tiempo estimado para restablecer el servicio con normalidad.<\/p>\n\n\n\n<p>.<\/p>\n\n\n\n<p><\/p>\n","protected":false},"excerpt":{"rendered":"<p>La Lanchita de Regla qued\u00f3 varada este 11 de marzo, alrededor de las 12:00 del mediod\u00eda, en la Bah\u00eda de La Habana, seg\u00fan reportes difundidos por pasajeros y en redes sociales. De acuerdo con la informaci\u00f3n disponible, la nave tuvo que ser remolcada hasta el Embarcadero de Luz, donde fue llevada a puerto para su [&hellip;]<\/p>\n","protected":false},"author":24,"featured_media":237936,"comment_status":"open","ping_status":"closed","sticky":false,"template":"","format":"standard","meta":{"_acf_changed":false,"footnotes":""},"categories":[18,955],"tags":[16605,10867,941,20357,1380],"class_list":{"0":"post-237934","1":"post","2":"type-post","3":"status-publish","4":"format-standard","5":"has-post-thumbnail","7":"category-noticias","8":"category-noticias-de-cuba","9":"tag-crisis-de-transporte-en-cuba","10":"tag-crisis-en-cuba","11":"tag-destacado","12":"tag-lanchita-de-regla","13":"tag-transporte"},"acf":[],"yoast_head":"<!-- This site is optimized with the Yoast SEO plugin v27.5 - https:\/\/yoast.com\/product\/yoast-seo-wordpress\/ -->\n<title>Nuevo suceso con la Lanchita de Regla detiene transportaci\u00f3n de pasajeros - Cuballama Noticias<\/title>\n<meta name=\"robots\" content=\"index, follow, max-snippet:-1, max-image-preview:large, max-video-preview:-1\" \/>\n<link rel=\"canonical\" href=\"https:\/\/www.cuballama.com\/noticias\/queda-varada-la-lanchita-de-regla-en-bahia-de-la-habana\/\" \/>\n<meta property=\"og:locale\" content=\"es_ES\" \/>\n<meta property=\"og:type\" content=\"article\" \/>\n<meta property=\"og:title\" content=\"Nuevo suceso con la Lanchita de Regla detiene transportaci\u00f3n de pasajeros - Cuballama Noticias\" \/>\n<meta property=\"og:description\" content=\"La Lanchita de Regla qued\u00f3 varada este 11 de marzo, alrededor de las 12:00 del mediod\u00eda, en la Bah\u00eda de La Habana, seg\u00fan reportes difundidos por pasajeros y en redes sociales. De acuerdo con la informaci\u00f3n disponible, la nave tuvo que ser remolcada hasta el Embarcadero de Luz, donde fue llevada a puerto para su [&hellip;]\" \/>\n<meta property=\"og:url\" content=\"https:\/\/www.cuballama.com\/noticias\/queda-varada-la-lanchita-de-regla-en-bahia-de-la-habana\/\" \/>\n<meta property=\"og:site_name\" content=\"Cuballama Noticias\" \/>\n<meta property=\"article:publisher\" content=\"https:\/\/www.facebook.com\/CubaLlama\" \/>\n<meta property=\"article:published_time\" content=\"2026-03-12T16:56:48+00:00\" \/>\n<meta property=\"article:modified_time\" content=\"2026-03-12T16:57:51+00:00\" \/>\n<meta property=\"og:image\" content=\"https:\/\/cdn1.mediawpaccore.net\/wp-content\/uploads\/2026\/03\/12124706\/IMG_1138.jpeg\" \/>\n\t<meta property=\"og:image:width\" content=\"1280\" \/>\n\t<meta property=\"og:image:height\" content=\"960\" \/>\n\t<meta property=\"og:image:type\" content=\"image\/jpeg\" \/>\n<meta name=\"author\" content=\"Manu\" \/>\n<meta name=\"twitter:card\" content=\"summary_large_image\" \/>\n<meta name=\"twitter:creator\" content=\"@cuballama\" \/>\n<meta name=\"twitter:site\" content=\"@cuballama\" \/>\n<meta name=\"twitter:label1\" content=\"Escrito por\" \/>\n\t<meta name=\"twitter:data1\" content=\"Manu\" \/>\n\t<meta name=\"twitter:label2\" content=\"Tiempo de lectura\" \/>\n\t<meta name=\"twitter:data2\" content=\"2 minutos\" \/>\n<script type=\"application\/ld+json\" class=\"yoast-schema-graph\">{\"@context\":\"https:\\\/\\\/schema.org\",\"@graph\":[{\"@type\":\"Article\",\"@id\":\"https:\\\/\\\/www.cuballama.com\\\/noticias\\\/queda-varada-la-lanchita-de-regla-en-bahia-de-la-habana\\\/#article\",\"isPartOf\":{\"@id\":\"https:\\\/\\\/www.cuballama.com\\\/noticias\\\/queda-varada-la-lanchita-de-regla-en-bahia-de-la-habana\\\/\"},\"author\":{\"name\":\"Manu\",\"@id\":\"https:\\\/\\\/www.cuballama.com\\\/noticias\\\/#\\\/schema\\\/person\\\/5889f7d070564f8386e7944d14d436cd\"},\"headline\":\"Nuevo suceso con la Lanchita de Regla detiene transportaci\u00f3n de pasajeros\",\"datePublished\":\"2026-03-12T16:56:48+00:00\",\"dateModified\":\"2026-03-12T16:57:51+00:00\",\"mainEntityOfPage\":{\"@id\":\"https:\\\/\\\/www.cuballama.com\\\/noticias\\\/queda-varada-la-lanchita-de-regla-en-bahia-de-la-habana\\\/\"},\"wordCount\":260,\"commentCount\":0,\"publisher\":{\"@id\":\"https:\\\/\\\/www.cuballama.com\\\/noticias\\\/#organization\"},\"image\":{\"@id\":\"https:\\\/\\\/www.cuballama.com\\\/noticias\\\/queda-varada-la-lanchita-de-regla-en-bahia-de-la-habana\\\/#primaryimage\"},\"thumbnailUrl\":\"https:\\\/\\\/cdn1.mediawpaccore.net\\\/wp-content\\\/uploads\\\/2026\\\/03\\\/12124706\\\/IMG_1138.jpeg\",\"keywords\":[\"crisis de transporte en Cuba\",\"Crisis en Cuba\",\"destacado\",\"Lanchita de regla\",\"Transporte\"],\"articleSection\":[\"Noticias\",\"Noticias de Cuba\"],\"inLanguage\":\"es\",\"potentialAction\":[{\"@type\":\"CommentAction\",\"name\":\"Comment\",\"target\":[\"https:\\\/\\\/www.cuballama.com\\\/noticias\\\/queda-varada-la-lanchita-de-regla-en-bahia-de-la-habana\\\/#respond\"]}]},{\"@type\":\"WebPage\",\"@id\":\"https:\\\/\\\/www.cuballama.com\\\/noticias\\\/queda-varada-la-lanchita-de-regla-en-bahia-de-la-habana\\\/\",\"url\":\"https:\\\/\\\/www.cuballama.com\\\/noticias\\\/queda-varada-la-lanchita-de-regla-en-bahia-de-la-habana\\\/\",\"name\":\"Nuevo suceso con la Lanchita de Regla detiene transportaci\u00f3n de pasajeros - Cuballama Noticias\",\"isPartOf\":{\"@id\":\"https:\\\/\\\/www.cuballama.com\\\/noticias\\\/#website\"},\"primaryImageOfPage\":{\"@id\":\"https:\\\/\\\/www.cuballama.com\\\/noticias\\\/queda-varada-la-lanchita-de-regla-en-bahia-de-la-habana\\\/#primaryimage\"},\"image\":{\"@id\":\"https:\\\/\\\/www.cuballama.com\\\/noticias\\\/queda-varada-la-lanchita-de-regla-en-bahia-de-la-habana\\\/#primaryimage\"},\"thumbnailUrl\":\"https:\\\/\\\/cdn1.mediawpaccore.net\\\/wp-content\\\/uploads\\\/2026\\\/03\\\/12124706\\\/IMG_1138.jpeg\",\"datePublished\":\"2026-03-12T16:56:48+00:00\",\"dateModified\":\"2026-03-12T16:57:51+00:00\",\"breadcrumb\":{\"@id\":\"https:\\\/\\\/www.cuballama.com\\\/noticias\\\/queda-varada-la-lanchita-de-regla-en-bahia-de-la-habana\\\/#breadcrumb\"},\"inLanguage\":\"es\",\"potentialAction\":[{\"@type\":\"ReadAction\",\"target\":[\"https:\\\/\\\/www.cuballama.com\\\/noticias\\\/queda-varada-la-lanchita-de-regla-en-bahia-de-la-habana\\\/\"]}]},{\"@type\":\"ImageObject\",\"inLanguage\":\"es\",\"@id\":\"https:\\\/\\\/www.cuballama.com\\\/noticias\\\/queda-varada-la-lanchita-de-regla-en-bahia-de-la-habana\\\/#primaryimage\",\"url\":\"https:\\\/\\\/cdn1.mediawpaccore.net\\\/wp-content\\\/uploads\\\/2026\\\/03\\\/12124706\\\/IMG_1138.jpeg\",\"contentUrl\":\"https:\\\/\\\/cdn1.mediawpaccore.net\\\/wp-content\\\/uploads\\\/2026\\\/03\\\/12124706\\\/IMG_1138.jpeg\",\"width\":1280,\"height\":960},{\"@type\":\"BreadcrumbList\",\"@id\":\"https:\\\/\\\/www.cuballama.com\\\/noticias\\\/queda-varada-la-lanchita-de-regla-en-bahia-de-la-habana\\\/#breadcrumb\",\"itemListElement\":[{\"@type\":\"ListItem\",\"position\":1,\"name\":\"Home\",\"item\":\"https:\\\/\\\/www.cuballama.com\\\/noticias\\\/\"},{\"@type\":\"ListItem\",\"position\":2,\"name\":\"Nuevo suceso con la Lanchita de Regla detiene transportaci\u00f3n de pasajeros\"}]},{\"@type\":\"WebSite\",\"@id\":\"https:\\\/\\\/www.cuballama.com\\\/noticias\\\/#website\",\"url\":\"https:\\\/\\\/www.cuballama.com\\\/noticias\\\/\",\"name\":\"Cuballama Noticias\",\"description\":\"Medio digital sobre Cuba y el mundo\",\"publisher\":{\"@id\":\"https:\\\/\\\/www.cuballama.com\\\/noticias\\\/#organization\"},\"potentialAction\":[{\"@type\":\"SearchAction\",\"target\":{\"@type\":\"EntryPoint\",\"urlTemplate\":\"https:\\\/\\\/www.cuballama.com\\\/noticias\\\/?s={search_term_string}\"},\"query-input\":{\"@type\":\"PropertyValueSpecification\",\"valueRequired\":true,\"valueName\":\"search_term_string\"}}],\"inLanguage\":\"es\"},{\"@type\":\"Organization\",\"@id\":\"https:\\\/\\\/www.cuballama.com\\\/noticias\\\/#organization\",\"name\":\"Cuballama\",\"url\":\"https:\\\/\\\/www.cuballama.com\\\/noticias\\\/\",\"logo\":{\"@type\":\"ImageObject\",\"inLanguage\":\"es\",\"@id\":\"https:\\\/\\\/www.cuballama.com\\\/noticias\\\/#\\\/schema\\\/logo\\\/image\\\/\",\"url\":\"https:\\\/\\\/cdn1.mediawpaccore.net\\\/wp-content\\\/uploads\\\/2021\\\/12\\\/28171206\\\/cbll-logo-color-sm.png\",\"contentUrl\":\"https:\\\/\\\/cdn1.mediawpaccore.net\\\/wp-content\\\/uploads\\\/2021\\\/12\\\/28171206\\\/cbll-logo-color-sm.png\",\"width\":600,\"height\":133,\"caption\":\"Cuballama\"},\"image\":{\"@id\":\"https:\\\/\\\/www.cuballama.com\\\/noticias\\\/#\\\/schema\\\/logo\\\/image\\\/\"},\"sameAs\":[\"https:\\\/\\\/www.facebook.com\\\/CubaLlama\",\"https:\\\/\\\/x.com\\\/cuballama\",\"https:\\\/\\\/www.instagram.com\\\/stories\\\/cuballama_oficial\\\/\",\"https:\\\/\\\/www.youtube.com\\\/channel\\\/UCKkFE-d_axENGZcrc4as0IA\"]},{\"@type\":\"Person\",\"@id\":\"https:\\\/\\\/www.cuballama.com\\\/noticias\\\/#\\\/schema\\\/person\\\/5889f7d070564f8386e7944d14d436cd\",\"name\":\"Manu\",\"url\":\"https:\\\/\\\/www.cuballama.com\\\/noticias\\\/author\\\/manu\\\/\"}]}<\/script>\n<!-- \/ Yoast SEO plugin. -->","yoast_head_json":{"title":"Nuevo suceso con la Lanchita de Regla detiene transportaci\u00f3n de pasajeros - Cuballama Noticias","robots":{"index":"index","follow":"follow","max-snippet":"max-snippet:-1","max-image-preview":"max-image-preview:large","max-video-preview":"max-video-preview:-1"},"canonical":"https:\/\/www.cuballama.com\/noticias\/queda-varada-la-lanchita-de-regla-en-bahia-de-la-habana\/","og_locale":"es_ES","og_type":"article","og_title":"Nuevo suceso con la Lanchita de Regla detiene transportaci\u00f3n de pasajeros - Cuballama Noticias","og_description":"La Lanchita de Regla qued\u00f3 varada este 11 de marzo, alrededor de las 12:00 del mediod\u00eda, en la Bah\u00eda de La Habana, seg\u00fan reportes difundidos por pasajeros y en redes sociales. De acuerdo con la informaci\u00f3n disponible, la nave tuvo que ser remolcada hasta el Embarcadero de Luz, donde fue llevada a puerto para su [&hellip;]","og_url":"https:\/\/www.cuballama.com\/noticias\/queda-varada-la-lanchita-de-regla-en-bahia-de-la-habana\/","og_site_name":"Cuballama Noticias","article_publisher":"https:\/\/www.facebook.com\/CubaLlama","article_published_time":"2026-03-12T16:56:48+00:00","article_modified_time":"2026-03-12T16:57:51+00:00","og_image":[{"width":1280,"height":960,"url":"https:\/\/cdn1.mediawpaccore.net\/wp-content\/uploads\/2026\/03\/12124706\/IMG_1138.jpeg","type":"image\/jpeg"}],"author":"Manu","twitter_card":"summary_large_image","twitter_creator":"@cuballama","twitter_site":"@cuballama","twitter_misc":{"Escrito por":"Manu","Tiempo de lectura":"2 minutos"},"schema":{"@context":"https:\/\/schema.org","@graph":[{"@type":"Article","@id":"https:\/\/www.cuballama.com\/noticias\/queda-varada-la-lanchita-de-regla-en-bahia-de-la-habana\/#article","isPartOf":{"@id":"https:\/\/www.cuballama.com\/noticias\/queda-varada-la-lanchita-de-regla-en-bahia-de-la-habana\/"},"author":{"name":"Manu","@id":"https:\/\/www.cuballama.com\/noticias\/#\/schema\/person\/5889f7d070564f8386e7944d14d436cd"},"headline":"Nuevo suceso con la Lanchita de Regla detiene transportaci\u00f3n de pasajeros","datePublished":"2026-03-12T16:56:48+00:00","dateModified":"2026-03-12T16:57:51+00:00","mainEntityOfPage":{"@id":"https:\/\/www.cuballama.com\/noticias\/queda-varada-la-lanchita-de-regla-en-bahia-de-la-habana\/"},"wordCount":260,"commentCount":0,"publisher":{"@id":"https:\/\/www.cuballama.com\/noticias\/#organization"},"image":{"@id":"https:\/\/www.cuballama.com\/noticias\/queda-varada-la-lanchita-de-regla-en-bahia-de-la-habana\/#primaryimage"},"thumbnailUrl":"https:\/\/cdn1.mediawpaccore.net\/wp-content\/uploads\/2026\/03\/12124706\/IMG_1138.jpeg","keywords":["crisis de transporte en Cuba","Crisis en Cuba","destacado","Lanchita de regla","Transporte"],"articleSection":["Noticias","Noticias de Cuba"],"inLanguage":"es","potentialAction":[{"@type":"CommentAction","name":"Comment","target":["https:\/\/www.cuballama.com\/noticias\/queda-varada-la-lanchita-de-regla-en-bahia-de-la-habana\/#respond"]}]},{"@type":"WebPage","@id":"https:\/\/www.cuballama.com\/noticias\/queda-varada-la-lanchita-de-regla-en-bahia-de-la-habana\/","url":"https:\/\/www.cuballama.com\/noticias\/queda-varada-la-lanchita-de-regla-en-bahia-de-la-habana\/","name":"Nuevo suceso con la Lanchita de Regla detiene transportaci\u00f3n de pasajeros - Cuballama Noticias","isPartOf":{"@id":"https:\/\/www.cuballama.com\/noticias\/#website"},"primaryImageOfPage":{"@id":"https:\/\/www.cuballama.com\/noticias\/queda-varada-la-lanchita-de-regla-en-bahia-de-la-habana\/#primaryimage"},"image":{"@id":"https:\/\/www.cuballama.com\/noticias\/queda-varada-la-lanchita-de-regla-en-bahia-de-la-habana\/#primaryimage"},"thumbnailUrl":"https:\/\/cdn1.mediawpaccore.net\/wp-content\/uploads\/2026\/03\/12124706\/IMG_1138.jpeg","datePublished":"2026-03-12T16:56:48+00:00","dateModified":"2026-03-12T16:57:51+00:00","breadcrumb":{"@id":"https:\/\/www.cuballama.com\/noticias\/queda-varada-la-lanchita-de-regla-en-bahia-de-la-habana\/#breadcrumb"},"inLanguage":"es","potentialAction":[{"@type":"ReadAction","target":["https:\/\/www.cuballama.com\/noticias\/queda-varada-la-lanchita-de-regla-en-bahia-de-la-habana\/"]}]},{"@type":"ImageObject","inLanguage":"es","@id":"https:\/\/www.cuballama.com\/noticias\/queda-varada-la-lanchita-de-regla-en-bahia-de-la-habana\/#primaryimage","url":"https:\/\/cdn1.mediawpaccore.net\/wp-content\/uploads\/2026\/03\/12124706\/IMG_1138.jpeg","contentUrl":"https:\/\/cdn1.mediawpaccore.net\/wp-content\/uploads\/2026\/03\/12124706\/IMG_1138.jpeg","width":1280,"height":960},{"@type":"BreadcrumbList","@id":"https:\/\/www.cuballama.com\/noticias\/queda-varada-la-lanchita-de-regla-en-bahia-de-la-habana\/#breadcrumb","itemListElement":[{"@type":"ListItem","position":1,"name":"Home","item":"https:\/\/www.cuballama.com\/noticias\/"},{"@type":"ListItem","position":2,"name":"Nuevo suceso con la Lanchita de Regla detiene transportaci\u00f3n de pasajeros"}]},{"@type":"WebSite","@id":"https:\/\/www.cuballama.com\/noticias\/#website","url":"https:\/\/www.cuballama.com\/noticias\/","name":"Cuballama Noticias","description":"Medio digital sobre Cuba y el mundo","publisher":{"@id":"https:\/\/www.cuballama.com\/noticias\/#organization"},"potentialAction":[{"@type":"SearchAction","target":{"@type":"EntryPoint","urlTemplate":"https:\/\/www.cuballama.com\/noticias\/?s={search_term_string}"},"query-input":{"@type":"PropertyValueSpecification","valueRequired":true,"valueName":"search_term_string"}}],"inLanguage":"es"},{"@type":"Organization","@id":"https:\/\/www.cuballama.com\/noticias\/#organization","name":"Cuballama","url":"https:\/\/www.cuballama.com\/noticias\/","logo":{"@type":"ImageObject","inLanguage":"es","@id":"https:\/\/www.cuballama.com\/noticias\/#\/schema\/logo\/image\/","url":"https:\/\/cdn1.mediawpaccore.net\/wp-content\/uploads\/2021\/12\/28171206\/cbll-logo-color-sm.png","contentUrl":"https:\/\/cdn1.mediawpaccore.net\/wp-content\/uploads\/2021\/12\/28171206\/cbll-logo-color-sm.png","width":600,"height":133,"caption":"Cuballama"},"image":{"@id":"https:\/\/www.cuballama.com\/noticias\/#\/schema\/logo\/image\/"},"sameAs":["https:\/\/www.facebook.com\/CubaLlama","https:\/\/x.com\/cuballama","https:\/\/www.instagram.com\/stories\/cuballama_oficial\/","https:\/\/www.youtube.com\/channel\/UCKkFE-d_axENGZcrc4as0IA"]},{"@type":"Person","@id":"https:\/\/www.cuballama.com\/noticias\/#\/schema\/person\/5889f7d070564f8386e7944d14d436cd","name":"Manu","url":"https:\/\/www.cuballama.com\/noticias\/author\/manu\/"}]}},"_links":{"self":[{"href":"https:\/\/www.cuballama.com\/noticias\/wp-json\/wp\/v2\/posts\/237934","targetHints":{"allow":["GET"]}}],"collection":[{"href":"https:\/\/www.cuballama.com\/noticias\/wp-json\/wp\/v2\/posts"}],"about":[{"href":"https:\/\/www.cuballama.com\/noticias\/wp-json\/wp\/v2\/types\/post"}],"author":[{"embeddable":true,"href":"https:\/\/www.cuballama.com\/noticias\/wp-json\/wp\/v2\/users\/24"}],"replies":[{"embeddable":true,"href":"https:\/\/www.cuballama.com\/noticias\/wp-json\/wp\/v2\/comments?post=237934"}],"version-history":[{"count":3,"href":"https:\/\/www.cuballama.com\/noticias\/wp-json\/wp\/v2\/posts\/237934\/revisions"}],"predecessor-version":[{"id":237939,"href":"https:\/\/www.cuballama.com\/noticias\/wp-json\/wp\/v2\/posts\/237934\/revisions\/237939"}],"wp:featuredmedia":[{"embeddable":true,"href":"https:\/\/www.cuballama.com\/noticias\/wp-json\/wp\/v2\/media\/237936"}],"wp:attachment":[{"href":"https:\/\/www.cuballama.com\/noticias\/wp-json\/wp\/v2\/media?parent=237934"}],"wp:term":[{"taxonomy":"category","embeddable":true,"href":"https:\/\/www.cuballama.com\/noticias\/wp-json\/wp\/v2\/categories?post=237934"},{"taxonomy":"post_tag","embeddable":true,"href":"https:\/\/www.cuballama.com\/noticias\/wp-json\/wp\/v2\/tags?post=237934"}],"curies":[{"name":"wp","href":"https:\/\/api.w.org\/{rel}","templated":true}]}}