{"id":237913,"date":"2026-03-12T12:16:50","date_gmt":"2026-03-12T16:16:50","guid":{"rendered":"https:\/\/www.cuballama.com\/noticias\/?p=237913"},"modified":"2026-03-12T12:17:00","modified_gmt":"2026-03-12T16:17:00","slug":"cineasta-pavel-giroud-expone-la-verdad-sobre-cuba-que-jorge-perugorria-no-quiso-contar","status":"publish","type":"post","link":"https:\/\/www.cuballama.com\/noticias\/cineasta-pavel-giroud-expone-la-verdad-sobre-cuba-que-jorge-perugorria-no-quiso-contar\/","title":{"rendered":"Cineasta Pavel Giroud expone la verdad sobre Cuba que Jorge Perugorr\u00eda no quiso contar"},"content":{"rendered":"\n<p>El reciente paso del cine cubano por el Festival de M\u00e1laga dej\u00f3 algo m\u00e1s que estrenos y alfombras rojas. Las intervenciones p\u00fablicas de dos figuras reconocidas del audiovisual de la isla, Jorge Perugorr\u00eda y Pavel Giroud, terminaron exponiendo dos visiones muy distintas sobre la crisis que atraviesa Cuba. Mientras el actor responsabiliz\u00f3 fundamentalmente a las sanciones de Estados Unidos por la situaci\u00f3n del pa\u00eds, Giroud puso el foco en el silencio internacional frente a los abusos del r\u00e9gimen cubano.<\/p>\n\n\n\n<p>La pol\u00e9mica comenz\u00f3 cuando Jorge Perugorr\u00eda, invitado al festival para presentar el filme <em>Neur\u00f3tica An\u00f3nima<\/em>, afirm\u00f3 que las sanciones estadounidenses estaban empujando a Cuba hacia una \u201ccrisis humanitaria\u201d. En declaraciones recogidas por varios medios, el actor sostuvo que la isla vive uno de los momentos m\u00e1s dif\u00edciles de su historia reciente y atribuy\u00f3 gran parte del deterioro econ\u00f3mico a la presi\u00f3n de Washington.<\/p>\n\n\n\n<p>Seg\u00fan esas declaraciones, la situaci\u00f3n afecta incluso a la industria cultural. Perugorr\u00eda explic\u00f3 que un proyecto cinematogr\u00e1fico en el que participaba tuvo que detenerse por falta de combustible, y asegur\u00f3 que los pocos recursos disponibles se estaban destinando a hospitales. La actriz Mirtha Ibarra, que tambi\u00e9n particip\u00f3 en la presentaci\u00f3n, reforz\u00f3 esa imagen describiendo un pa\u00eds con apagones prolongados y una vida cotidiana marcada por la escasez.<\/p>\n\n\n\n<p>Las palabras del actor generaron un fuerte debate dentro y fuera de la comunidad cultural cubana. El director Ian Padr\u00f3n reaccion\u00f3 p\u00fablicamente ret\u00e1ndolo a un debate sobre las causas reales de la crisis en la isla. Al mismo tiempo, figuras vinculadas al oficialismo cubano como el Presidente de los CDR Gerardo Hern\u00e1ndez, salieron en defensa de Perugorr\u00eda, interpretando sus declaraciones como una denuncia leg\u00edtima del impacto del embargo estadounidense.<\/p>\n\n\n\n<figure class=\"wp-block-image size-large\"><img loading=\"lazy\" decoding=\"async\" width=\"661\" height=\"1024\" src=\"https:\/\/cdn1.mediawpaccore.net\/wp-content\/uploads\/2026\/03\/12092647\/post_gerardo_sale_en_defensa_de_perugorria_-661x1024.jpg\" alt=\"\" class=\"wp-image-237917\" srcset=\"https:\/\/cdn1.mediawpaccore.net\/wp-content\/uploads\/2026\/03\/12092647\/post_gerardo_sale_en_defensa_de_perugorria_-661x1024.jpg 661w, https:\/\/cdn1.mediawpaccore.net\/wp-content\/uploads\/2026\/03\/12092647\/post_gerardo_sale_en_defensa_de_perugorria_-194x300.jpg 194w, https:\/\/cdn1.mediawpaccore.net\/wp-content\/uploads\/2026\/03\/12092647\/post_gerardo_sale_en_defensa_de_perugorria_-768x1189.jpg 768w, https:\/\/cdn1.mediawpaccore.net\/wp-content\/uploads\/2026\/03\/12092647\/post_gerardo_sale_en_defensa_de_perugorria_-271x420.jpg 271w, https:\/\/cdn1.mediawpaccore.net\/wp-content\/uploads\/2026\/03\/12092647\/post_gerardo_sale_en_defensa_de_perugorria_-150x232.jpg 150w, https:\/\/cdn1.mediawpaccore.net\/wp-content\/uploads\/2026\/03\/12092647\/post_gerardo_sale_en_defensa_de_perugorria_-300x465.jpg 300w, https:\/\/cdn1.mediawpaccore.net\/wp-content\/uploads\/2026\/03\/12092647\/post_gerardo_sale_en_defensa_de_perugorria_-696x1078.jpg 696w, https:\/\/cdn1.mediawpaccore.net\/wp-content\/uploads\/2026\/03\/12092647\/post_gerardo_sale_en_defensa_de_perugorria_.jpg 775w\" sizes=\"auto, (max-width: 661px) 100vw, 661px\" \/><\/figure>\n\n\n\n<p>M\u00e1s lejos y peor se fue la agencia oficialista Prensa Latina, que le dedic\u00f3 una nota a lo dicho por \u00abPichi\u00bb en M\u00e1laga, la cual titul\u00f3 <em>\u00abJorge Perugorr\u00eda, un artista que sue\u00f1a por Cuba y el cine\u00bb. <\/em><\/p>\n\n\n\n<p>Sin embargo, la realidad dice otra cosa seg\u00fan el criterio de varios realizadores j\u00f3venes cubanos que insisten en lo que todos conocen: que el actor y realizador, jam\u00e1s ha hecho nada por los otros. <\/p>\n\n\n\n<p>No fue y no ha sido de los que empuj\u00f3 por la ley de cine, ni tampoco ha apoyado a los miembros de la Asamblea de Cineastas de Cuba, por mencionar dos ejemplos vitales d\u00f3nde ha debido situarse y no lo ha hecho. Su apego al oficialismo y el Estado le ha propiciado agenciarse el papel de director del Festival de Cine Pobre en Gibara, Holgu\u00edn; y otro, ahora, en Isla de la Juventud.<\/p>\n\n\n\n<p>Su \u00fanico \u00abpunto destacado\u00bb con relaci\u00f3n a sus colegas fue aparecerse frente al Ministerio de Cultura el 27 de noviembre de 2020, y no fue porque le interesase lo que all\u00ed estaba sucediendo y respaldar a los que all\u00ed estaban esperando hablar con el Ministro; sino porque el Vicepresidente del MINCULT, Fernando Rojas, lo llam\u00f3 para que oficiara como mediador. <\/p>\n\n\n\n<p>Afortunadamente \u00abla discusi\u00f3n sobre Cuba en M\u00e1laga\u00bb no termin\u00f3 ah\u00ed. En el mismo festival se encontraba tambi\u00e9n el cineasta Pavel Giroud, el realizador de <em>El Caso Padilla<\/em>, quien present\u00f3 ahora su pel\u00edcula <em>Comandante Fritz<\/em>. Tras una de las proyecciones, Giroud mantuvo un intercambio con el p\u00fablico en el que abord\u00f3 directamente la situaci\u00f3n de Cuba y ofreci\u00f3 una lectura distinta del problema. Esa que Perugorr\u00eda no le interesaba que se contase.<\/p>\n\n\n\n<iframe loading=\"lazy\" src=\"https:\/\/www.facebook.com\/plugins\/post.php?href=https%3A%2F%2Fwww.facebook.com%2Fpavelgiroud%2Fposts%2Fpfbid02UxxMbbh4T1nqZcmajVoo4htH4j8asPQt3UjGY2AW1xfQVkPaeqfpB5vumD1XFbkFl&#038;show_text=true&#038;width=500\" width=\"500\" height=\"608\" style=\"border:none;overflow:hidden\" scrolling=\"no\" frameborder=\"0\" allowfullscreen=\"true\" allow=\"autoplay; clipboard-write; encrypted-media; picture-in-picture; web-share\"><\/iframe>\n\n\n\n<p>Lejos de centrarse exclusivamente en las sanciones o en la pol\u00edtica estadounidense como hizo \u00abPichi\u00bb, Giroud apunt\u00f3 a lo que considera un problema m\u00e1s profundo: <strong>la falta de condena internacional hacia el r\u00e9gimen cubano y el silencio que durante d\u00e9cadas ha rodeado sus abusos.<\/strong><\/p>\n\n\n\n<p>El director se\u00f1al\u00f3 que buena parte del debate internacional sobre Cuba se activa solo cuando el conflicto involucra a Estados Unidos. En cambio, dijo, los cr\u00edmenes, <strong>la represi\u00f3n pol\u00edtica y las violaciones de derechos dentro del pa\u00eds han sido ignorados durante a\u00f1os <\/strong>por muchos actores internacionales.<\/p>\n\n\n\n<p>Giroud tambi\u00e9n critic\u00f3 la actitud de sectores de la izquierda y de antiguos simpatizantes de la revoluci\u00f3n cubana que, al reconocer que fueron enga\u00f1ados o que el sistema fracas\u00f3, optan por callar en lugar de condenar con claridad la situaci\u00f3n actual del pa\u00eds. <\/p>\n\n\n\n<p>En su intervenci\u00f3n, el cineasta fue especialmente cr\u00edtico con el papel de organismos internacionales y gobiernos europeos, a los que acus\u00f3 de no haber ejercido suficiente presi\u00f3n sobre el r\u00e9gimen cubano. A su juicio, esa falta de firmeza contribuy\u00f3 a que la crisis pol\u00edtica y econ\u00f3mica alcanzara el nivel actual, y no solo (o tanto) al papel que est\u00e1 ejerciendo ahora Donald Trump.<\/p>\n\n\n\n<p>El director plante\u00f3 que el resultado de ese abandono es una creciente desesperaci\u00f3n entre los cubanos. Seg\u00fan explic\u00f3, ese sentimiento ha llevado a muchos a adoptar una l\u00f3gica pragm\u00e1tica en la pol\u00edtica internacional: \u201cel amigo de mi enemigo es mi amigo\u201d. En otras palabras, cuando una sociedad se siente completamente abandonada por la comunidad internacional, las alianzas ideol\u00f3gicas dejan de tener sentido.<\/p>\n\n\n\n<blockquote class=\"instagram-media\" data-instgrm-captioned data-instgrm-permalink=\"https:\/\/www.instagram.com\/reel\/DVqljSWDdDR\/?utm_source=ig_embed&amp;utm_campaign=loading\" data-instgrm-version=\"14\" style=\" background:#FFF; border:0; border-radius:3px; box-shadow:0 0 1px 0 rgba(0,0,0,0.5),0 1px 10px 0 rgba(0,0,0,0.15); margin: 1px; max-width:540px; min-width:326px; padding:0; width:99.375%; width:-webkit-calc(100% - 2px); width:calc(100% - 2px);\"><div style=\"padding:16px;\"> <a href=\"https:\/\/www.instagram.com\/reel\/DVqljSWDdDR\/?utm_source=ig_embed&amp;utm_campaign=loading\" style=\" background:#FFFFFF; line-height:0; padding:0 0; text-align:center; text-decoration:none; width:100%;\" target=\"_blank\"> <div style=\" display: flex; flex-direction: row; align-items: center;\"> <div style=\"background-color: #F4F4F4; border-radius: 50%; flex-grow: 0; height: 40px; margin-right: 14px; width: 40px;\"><\/div> <div style=\"display: flex; flex-direction: column; flex-grow: 1; justify-content: center;\"> <div style=\" background-color: #F4F4F4; border-radius: 4px; flex-grow: 0; height: 14px; margin-bottom: 6px; width: 100px;\"><\/div> <div style=\" background-color: #F4F4F4; border-radius: 4px; flex-grow: 0; height: 14px; width: 60px;\"><\/div><\/div><\/div><div style=\"padding: 19% 0;\"><\/div> <div style=\"display:block; height:50px; margin:0 auto 12px; width:50px;\"><svg width=\"50px\" height=\"50px\" viewBox=\"0 0 60 60\" version=\"1.1\" xmlns=\"https:\/\/www.w3.org\/2000\/svg\" xmlns:xlink=\"https:\/\/www.w3.org\/1999\/xlink\"><g stroke=\"none\" stroke-width=\"1\" fill=\"none\" fill-rule=\"evenodd\"><g transform=\"translate(-511.000000, -20.000000)\" fill=\"#000000\"><g><path d=\"M556.869,30.41 C554.814,30.41 553.148,32.076 553.148,34.131 C553.148,36.186 554.814,37.852 556.869,37.852 C558.924,37.852 560.59,36.186 560.59,34.131 C560.59,32.076 558.924,30.41 556.869,30.41 M541,60.657 C535.114,60.657 530.342,55.887 530.342,50 C530.342,44.114 535.114,39.342 541,39.342 C546.887,39.342 551.658,44.114 551.658,50 C551.658,55.887 546.887,60.657 541,60.657 M541,33.886 C532.1,33.886 524.886,41.1 524.886,50 C524.886,58.899 532.1,66.113 541,66.113 C549.9,66.113 557.115,58.899 557.115,50 C557.115,41.1 549.9,33.886 541,33.886 M565.378,62.101 C565.244,65.022 564.756,66.606 564.346,67.663 C563.803,69.06 563.154,70.057 562.106,71.106 C561.058,72.155 560.06,72.803 558.662,73.347 C557.607,73.757 556.021,74.244 553.102,74.378 C549.944,74.521 548.997,74.552 541,74.552 C533.003,74.552 532.056,74.521 528.898,74.378 C525.979,74.244 524.393,73.757 523.338,73.347 C521.94,72.803 520.942,72.155 519.894,71.106 C518.846,70.057 518.197,69.06 517.654,67.663 C517.244,66.606 516.755,65.022 516.623,62.101 C516.479,58.943 516.448,57.996 516.448,50 C516.448,42.003 516.479,41.056 516.623,37.899 C516.755,34.978 517.244,33.391 517.654,32.338 C518.197,30.938 518.846,29.942 519.894,28.894 C520.942,27.846 521.94,27.196 523.338,26.654 C524.393,26.244 525.979,25.756 528.898,25.623 C532.057,25.479 533.004,25.448 541,25.448 C548.997,25.448 549.943,25.479 553.102,25.623 C556.021,25.756 557.607,26.244 558.662,26.654 C560.06,27.196 561.058,27.846 562.106,28.894 C563.154,29.942 563.803,30.938 564.346,32.338 C564.756,33.391 565.244,34.978 565.378,37.899 C565.522,41.056 565.552,42.003 565.552,50 C565.552,57.996 565.522,58.943 565.378,62.101 M570.82,37.631 C570.674,34.438 570.167,32.258 569.425,30.349 C568.659,28.377 567.633,26.702 565.965,25.035 C564.297,23.368 562.623,22.342 560.652,21.575 C558.743,20.834 556.562,20.326 553.369,20.18 C550.169,20.033 549.148,20 541,20 C532.853,20 531.831,20.033 528.631,20.18 C525.438,20.326 523.257,20.834 521.349,21.575 C519.376,22.342 517.703,23.368 516.035,25.035 C514.368,26.702 513.342,28.377 512.574,30.349 C511.834,32.258 511.326,34.438 511.181,37.631 C511.035,40.831 511,41.851 511,50 C511,58.147 511.035,59.17 511.181,62.369 C511.326,65.562 511.834,67.743 512.574,69.651 C513.342,71.625 514.368,73.296 516.035,74.965 C517.703,76.634 519.376,77.658 521.349,78.425 C523.257,79.167 525.438,79.673 528.631,79.82 C531.831,79.965 532.853,80.001 541,80.001 C549.148,80.001 550.169,79.965 553.369,79.82 C556.562,79.673 558.743,79.167 560.652,78.425 C562.623,77.658 564.297,76.634 565.965,74.965 C567.633,73.296 568.659,71.625 569.425,69.651 C570.167,67.743 570.674,65.562 570.82,62.369 C570.966,59.17 571,58.147 571,50 C571,41.851 570.966,40.831 570.82,37.631\"><\/path><\/g><\/g><\/g><\/svg><\/div><div style=\"padding-top: 8px;\"> <div style=\" color:#3897f0; font-family:Arial,sans-serif; font-size:14px; font-style:normal; font-weight:550; line-height:18px;\">View this post on Instagram<\/div><\/div><div style=\"padding: 12.5% 0;\"><\/div> <div style=\"display: flex; flex-direction: row; margin-bottom: 14px; align-items: center;\"><div> <div style=\"background-color: #F4F4F4; border-radius: 50%; height: 12.5px; width: 12.5px; transform: translateX(0px) translateY(7px);\"><\/div> <div style=\"background-color: #F4F4F4; height: 12.5px; transform: rotate(-45deg) translateX(3px) translateY(1px); width: 12.5px; flex-grow: 0; margin-right: 14px; margin-left: 2px;\"><\/div> <div style=\"background-color: #F4F4F4; border-radius: 50%; height: 12.5px; width: 12.5px; transform: translateX(9px) translateY(-18px);\"><\/div><\/div><div style=\"margin-left: 8px;\"> <div style=\" background-color: #F4F4F4; border-radius: 50%; flex-grow: 0; height: 20px; width: 20px;\"><\/div> <div style=\" width: 0; height: 0; border-top: 2px solid transparent; border-left: 6px solid #f4f4f4; border-bottom: 2px solid transparent; transform: translateX(16px) translateY(-4px) rotate(30deg)\"><\/div><\/div><div style=\"margin-left: auto;\"> <div style=\" width: 0px; border-top: 8px solid #F4F4F4; border-right: 8px solid transparent; transform: translateY(16px);\"><\/div> <div style=\" background-color: #F4F4F4; flex-grow: 0; height: 12px; width: 16px; transform: translateY(-4px);\"><\/div> <div style=\" width: 0; height: 0; border-top: 8px solid #F4F4F4; border-left: 8px solid transparent; transform: translateY(-4px) translateX(8px);\"><\/div><\/div><\/div> <div style=\"display: flex; flex-direction: column; flex-grow: 1; justify-content: center; margin-bottom: 24px;\"> <div style=\" background-color: #F4F4F4; border-radius: 4px; flex-grow: 0; height: 14px; margin-bottom: 6px; width: 224px;\"><\/div> <div style=\" background-color: #F4F4F4; border-radius: 4px; flex-grow: 0; height: 14px; width: 144px;\"><\/div><\/div><\/a><p style=\" color:#c9c8cd; font-family:Arial,sans-serif; font-size:14px; line-height:17px; margin-bottom:0; margin-top:8px; overflow:hidden; padding:8px 0 7px; text-align:center; text-overflow:ellipsis; white-space:nowrap;\"><a href=\"https:\/\/www.instagram.com\/reel\/DVqljSWDdDR\/?utm_source=ig_embed&amp;utm_campaign=loading\" style=\" color:#c9c8cd; font-family:Arial,sans-serif; font-size:14px; font-style:normal; font-weight:normal; line-height:17px; text-decoration:none;\" target=\"_blank\">A post shared by \ud835\udde3\ud835\uddee\ud835\ude03\ud835\uddf2\ud835\uddf9 \ud835\uddda\ud835\uddf6\ud835\uddff\ud835\uddfc\ud835\ude02\ud835\uddf1 (@pavelgiroud)<\/a><\/p><\/div><\/blockquote>\n<script async src=\"\/\/www.instagram.com\/embed.js\"><\/script>\n\n\n\n<p>Las palabras de Giroud no provocaron el mismo eco medi\u00e1tico que las de Perugorr\u00eda, en parte porque han sido reci\u00e9n dichas, y en parte porque Perugorr\u00eda es una figura mucho m\u00e1s conocida, pero s\u00ed circularon r\u00e1pidamente en redes sociales y entre el p\u00fablico cubano que sigue el debate cultural y pol\u00edtico sobre la isla.<\/p>\n\n\n\n<p>El contraste entre ambas intervenciones refleja una fractura cada vez m\u00e1s visible dentro del mundo cultural cubano. Por un lado, artistas que contin\u00faan explicando la crisis del pa\u00eds principalmente a partir de factores externos, como las sanciones estadounidenses. Por otro, creadores que consideran imposible hablar del colapso econ\u00f3mico y social de Cuba sin mencionar el papel del propio sistema pol\u00edtico.<\/p>\n\n\n\n<p>El hecho de que este intercambio haya ocurrido en un escenario internacional como el Festival de M\u00e1laga tambi\u00e9n es significativo. Durante d\u00e9cadas, muchos artistas cubanos evitaron abordar p\u00fablicamente el tema pol\u00edtico fuera de la isla. Hoy, sin embargo, cada vez m\u00e1s voces del \u00e1mbito cultural est\u00e1n dispuestas a discutir abiertamente las causas de la crisis.<\/p>\n\n\n\n<p>En ese contexto, la intervenci\u00f3n de Giroud termin\u00f3 convirti\u00e9ndose en una especie de contrapunto a las palabras de Perugorr\u00eda. Mientras el actor habl\u00f3 de sanciones y presi\u00f3n externa, el director insisti\u00f3 en que la comunidad internacional tambi\u00e9n deber\u00eda mirar hacia dentro de Cuba y reconocer el peso de un sistema que, seg\u00fan dijo, ha dejado al pueblo cubano en una situaci\u00f3n l\u00edmite.<\/p>\n\n\n\n<p>M\u00e1s all\u00e1 de la pol\u00e9mica, el episodio muestra c\u00f3mo el debate sobre el futuro de Cuba ya no se limita a pol\u00edticos o activistas. Tambi\u00e9n est\u00e1 llegando con fuerza al mundo del cine y la cultura, donde cada vez resulta m\u00e1s dif\u00edcil separar las historias que se cuentan en pantalla de la realidad que vive el pa\u00eds.<br><\/p>\n","protected":false},"excerpt":{"rendered":"<p>Durante el Festival de M\u00e1laga, las intervenciones de Jorge Perugorr\u00eda y Pavel Giroud dejaron al descubierto dos visiones opuestas sobre la crisis en Cuba. Mientras el actor culp\u00f3 principalmente a las sanciones de Estados Unidos, Giroud se\u00f1al\u00f3 el silencio internacional frente a los abusos del r\u00e9gimen cubano.<\/p>\n","protected":false},"author":13,"featured_media":237921,"comment_status":"open","ping_status":"closed","sticky":false,"template":"","format":"standard","meta":{"_acf_changed":false,"footnotes":""},"categories":[443,18,955,957],"tags":[252,1702,13215,10867,11,31077,3857,214,2912,31078],"class_list":{"0":"post-237913","1":"post","2":"type-post","3":"status-publish","4":"format-standard","5":"has-post-thumbnail","7":"category-farandula","8":"category-noticias","9":"category-noticias-de-cuba","10":"category-noticias-internacionales","11":"tag-artistas-cubanos","12":"tag-cine-cubano","13":"tag-cineastas-cubanos","14":"tag-crisis-en-cuba","15":"tag-cuba","16":"tag-debate-sobre-cuba","17":"tag-festival-de-malaga","18":"tag-jorge-perugorria","19":"tag-pavel-giroud","20":"tag-politica-y-cultura"},"acf":[],"yoast_head":"<!-- This site is optimized with the Yoast SEO plugin v27.5 - https:\/\/yoast.com\/product\/yoast-seo-wordpress\/ -->\n<title>Cineasta Pavel Giroud expone la verdad sobre Cuba que Jorge Perugorr\u00eda no quiso contar - Cuballama Noticias<\/title>\n<meta name=\"description\" content=\"Pavel Giroud contradice a Jorge Perugorr\u00eda en Festival de M\u00e1laga. Se\u00f1ala silencio internacional ante la crisis y abusos del r\u00e9gimen en Cuba.\" \/>\n<meta name=\"robots\" content=\"index, follow, max-snippet:-1, max-image-preview:large, max-video-preview:-1\" \/>\n<link rel=\"canonical\" href=\"https:\/\/www.cuballama.com\/noticias\/cineasta-pavel-giroud-expone-la-verdad-sobre-cuba-que-jorge-perugorria-no-quiso-contar\/\" \/>\n<meta property=\"og:locale\" content=\"es_ES\" \/>\n<meta property=\"og:type\" content=\"article\" \/>\n<meta property=\"og:title\" content=\"Cineasta Pavel Giroud expone la verdad sobre Cuba que Jorge Perugorr\u00eda no quiso contar - Cuballama Noticias\" \/>\n<meta property=\"og:description\" content=\"Pavel Giroud contradice a Jorge Perugorr\u00eda en Festival de M\u00e1laga. Se\u00f1ala silencio internacional ante la crisis y abusos del r\u00e9gimen en Cuba.\" \/>\n<meta property=\"og:url\" content=\"https:\/\/www.cuballama.com\/noticias\/cineasta-pavel-giroud-expone-la-verdad-sobre-cuba-que-jorge-perugorria-no-quiso-contar\/\" \/>\n<meta property=\"og:site_name\" content=\"Cuballama Noticias\" \/>\n<meta property=\"article:publisher\" content=\"https:\/\/www.facebook.com\/CubaLlama\" \/>\n<meta property=\"article:published_time\" content=\"2026-03-12T16:16:50+00:00\" \/>\n<meta property=\"article:modified_time\" content=\"2026-03-12T16:17:00+00:00\" \/>\n<meta property=\"og:image\" content=\"https:\/\/cdn1.mediawpaccore.net\/wp-content\/uploads\/2026\/03\/12094432\/image-64.png\" \/>\n\t<meta property=\"og:image:width\" content=\"1454\" \/>\n\t<meta property=\"og:image:height\" content=\"844\" \/>\n\t<meta property=\"og:image:type\" content=\"image\/png\" \/>\n<meta name=\"author\" content=\"Roberto A.\" \/>\n<meta name=\"twitter:card\" content=\"summary_large_image\" \/>\n<meta name=\"twitter:creator\" content=\"@cuballama\" \/>\n<meta name=\"twitter:site\" content=\"@cuballama\" \/>\n<meta name=\"twitter:label1\" content=\"Escrito por\" \/>\n\t<meta name=\"twitter:data1\" content=\"Roberto A.\" \/>\n\t<meta name=\"twitter:label2\" content=\"Tiempo de lectura\" \/>\n\t<meta name=\"twitter:data2\" content=\"6 minutos\" \/>\n<script type=\"application\/ld+json\" class=\"yoast-schema-graph\">{\"@context\":\"https:\\\/\\\/schema.org\",\"@graph\":[{\"@type\":\"Article\",\"@id\":\"https:\\\/\\\/www.cuballama.com\\\/noticias\\\/cineasta-pavel-giroud-expone-la-verdad-sobre-cuba-que-jorge-perugorria-no-quiso-contar\\\/#article\",\"isPartOf\":{\"@id\":\"https:\\\/\\\/www.cuballama.com\\\/noticias\\\/cineasta-pavel-giroud-expone-la-verdad-sobre-cuba-que-jorge-perugorria-no-quiso-contar\\\/\"},\"author\":{\"name\":\"Roberto A.\",\"@id\":\"https:\\\/\\\/www.cuballama.com\\\/noticias\\\/#\\\/schema\\\/person\\\/a58502ed4146c8e9f83872e897c76cd2\"},\"headline\":\"Cineasta Pavel Giroud expone la verdad sobre Cuba que Jorge Perugorr\u00eda no quiso contar\",\"datePublished\":\"2026-03-12T16:16:50+00:00\",\"dateModified\":\"2026-03-12T16:17:00+00:00\",\"mainEntityOfPage\":{\"@id\":\"https:\\\/\\\/www.cuballama.com\\\/noticias\\\/cineasta-pavel-giroud-expone-la-verdad-sobre-cuba-que-jorge-perugorria-no-quiso-contar\\\/\"},\"wordCount\":1232,\"commentCount\":0,\"publisher\":{\"@id\":\"https:\\\/\\\/www.cuballama.com\\\/noticias\\\/#organization\"},\"image\":{\"@id\":\"https:\\\/\\\/www.cuballama.com\\\/noticias\\\/cineasta-pavel-giroud-expone-la-verdad-sobre-cuba-que-jorge-perugorria-no-quiso-contar\\\/#primaryimage\"},\"thumbnailUrl\":\"https:\\\/\\\/cdn1.mediawpaccore.net\\\/wp-content\\\/uploads\\\/2026\\\/03\\\/12094432\\\/image-64.png\",\"keywords\":[\"Artistas cubanos\",\"cine cubano\",\"cineastas cubanos\",\"Crisis en Cuba\",\"Cuba\",\"debate sobre Cuba\",\"Festival de M\u00e1laga\",\"Jorge Perugorr\u00eda\",\"Pavel Giroud\",\"pol\u00edtica y cultura\"],\"articleSection\":[\"Far\u00e1ndula\",\"Noticias\",\"Noticias de Cuba\",\"Noticias Internacionales\"],\"inLanguage\":\"es\",\"potentialAction\":[{\"@type\":\"CommentAction\",\"name\":\"Comment\",\"target\":[\"https:\\\/\\\/www.cuballama.com\\\/noticias\\\/cineasta-pavel-giroud-expone-la-verdad-sobre-cuba-que-jorge-perugorria-no-quiso-contar\\\/#respond\"]}]},{\"@type\":\"WebPage\",\"@id\":\"https:\\\/\\\/www.cuballama.com\\\/noticias\\\/cineasta-pavel-giroud-expone-la-verdad-sobre-cuba-que-jorge-perugorria-no-quiso-contar\\\/\",\"url\":\"https:\\\/\\\/www.cuballama.com\\\/noticias\\\/cineasta-pavel-giroud-expone-la-verdad-sobre-cuba-que-jorge-perugorria-no-quiso-contar\\\/\",\"name\":\"Cineasta Pavel Giroud expone la verdad sobre Cuba que Jorge Perugorr\u00eda no quiso contar - Cuballama Noticias\",\"isPartOf\":{\"@id\":\"https:\\\/\\\/www.cuballama.com\\\/noticias\\\/#website\"},\"primaryImageOfPage\":{\"@id\":\"https:\\\/\\\/www.cuballama.com\\\/noticias\\\/cineasta-pavel-giroud-expone-la-verdad-sobre-cuba-que-jorge-perugorria-no-quiso-contar\\\/#primaryimage\"},\"image\":{\"@id\":\"https:\\\/\\\/www.cuballama.com\\\/noticias\\\/cineasta-pavel-giroud-expone-la-verdad-sobre-cuba-que-jorge-perugorria-no-quiso-contar\\\/#primaryimage\"},\"thumbnailUrl\":\"https:\\\/\\\/cdn1.mediawpaccore.net\\\/wp-content\\\/uploads\\\/2026\\\/03\\\/12094432\\\/image-64.png\",\"datePublished\":\"2026-03-12T16:16:50+00:00\",\"dateModified\":\"2026-03-12T16:17:00+00:00\",\"description\":\"Pavel Giroud contradice a Jorge Perugorr\u00eda en Festival de M\u00e1laga. Se\u00f1ala silencio internacional ante la crisis y abusos del r\u00e9gimen en Cuba.\",\"breadcrumb\":{\"@id\":\"https:\\\/\\\/www.cuballama.com\\\/noticias\\\/cineasta-pavel-giroud-expone-la-verdad-sobre-cuba-que-jorge-perugorria-no-quiso-contar\\\/#breadcrumb\"},\"inLanguage\":\"es\",\"potentialAction\":[{\"@type\":\"ReadAction\",\"target\":[\"https:\\\/\\\/www.cuballama.com\\\/noticias\\\/cineasta-pavel-giroud-expone-la-verdad-sobre-cuba-que-jorge-perugorria-no-quiso-contar\\\/\"]}]},{\"@type\":\"ImageObject\",\"inLanguage\":\"es\",\"@id\":\"https:\\\/\\\/www.cuballama.com\\\/noticias\\\/cineasta-pavel-giroud-expone-la-verdad-sobre-cuba-que-jorge-perugorria-no-quiso-contar\\\/#primaryimage\",\"url\":\"https:\\\/\\\/cdn1.mediawpaccore.net\\\/wp-content\\\/uploads\\\/2026\\\/03\\\/12094432\\\/image-64.png\",\"contentUrl\":\"https:\\\/\\\/cdn1.mediawpaccore.net\\\/wp-content\\\/uploads\\\/2026\\\/03\\\/12094432\\\/image-64.png\",\"width\":1454,\"height\":844,\"caption\":\"Foto: Pavel Giroud \\\/ Facebook\"},{\"@type\":\"BreadcrumbList\",\"@id\":\"https:\\\/\\\/www.cuballama.com\\\/noticias\\\/cineasta-pavel-giroud-expone-la-verdad-sobre-cuba-que-jorge-perugorria-no-quiso-contar\\\/#breadcrumb\",\"itemListElement\":[{\"@type\":\"ListItem\",\"position\":1,\"name\":\"Home\",\"item\":\"https:\\\/\\\/www.cuballama.com\\\/noticias\\\/\"},{\"@type\":\"ListItem\",\"position\":2,\"name\":\"Cineasta Pavel Giroud expone la verdad sobre Cuba que Jorge Perugorr\u00eda no quiso contar\"}]},{\"@type\":\"WebSite\",\"@id\":\"https:\\\/\\\/www.cuballama.com\\\/noticias\\\/#website\",\"url\":\"https:\\\/\\\/www.cuballama.com\\\/noticias\\\/\",\"name\":\"Cuballama Noticias\",\"description\":\"Medio digital sobre Cuba y el mundo\",\"publisher\":{\"@id\":\"https:\\\/\\\/www.cuballama.com\\\/noticias\\\/#organization\"},\"potentialAction\":[{\"@type\":\"SearchAction\",\"target\":{\"@type\":\"EntryPoint\",\"urlTemplate\":\"https:\\\/\\\/www.cuballama.com\\\/noticias\\\/?s={search_term_string}\"},\"query-input\":{\"@type\":\"PropertyValueSpecification\",\"valueRequired\":true,\"valueName\":\"search_term_string\"}}],\"inLanguage\":\"es\"},{\"@type\":\"Organization\",\"@id\":\"https:\\\/\\\/www.cuballama.com\\\/noticias\\\/#organization\",\"name\":\"Cuballama\",\"url\":\"https:\\\/\\\/www.cuballama.com\\\/noticias\\\/\",\"logo\":{\"@type\":\"ImageObject\",\"inLanguage\":\"es\",\"@id\":\"https:\\\/\\\/www.cuballama.com\\\/noticias\\\/#\\\/schema\\\/logo\\\/image\\\/\",\"url\":\"https:\\\/\\\/cdn1.mediawpaccore.net\\\/wp-content\\\/uploads\\\/2021\\\/12\\\/28171206\\\/cbll-logo-color-sm.png\",\"contentUrl\":\"https:\\\/\\\/cdn1.mediawpaccore.net\\\/wp-content\\\/uploads\\\/2021\\\/12\\\/28171206\\\/cbll-logo-color-sm.png\",\"width\":600,\"height\":133,\"caption\":\"Cuballama\"},\"image\":{\"@id\":\"https:\\\/\\\/www.cuballama.com\\\/noticias\\\/#\\\/schema\\\/logo\\\/image\\\/\"},\"sameAs\":[\"https:\\\/\\\/www.facebook.com\\\/CubaLlama\",\"https:\\\/\\\/x.com\\\/cuballama\",\"https:\\\/\\\/www.instagram.com\\\/stories\\\/cuballama_oficial\\\/\",\"https:\\\/\\\/www.youtube.com\\\/channel\\\/UCKkFE-d_axENGZcrc4as0IA\"]},{\"@type\":\"Person\",\"@id\":\"https:\\\/\\\/www.cuballama.com\\\/noticias\\\/#\\\/schema\\\/person\\\/a58502ed4146c8e9f83872e897c76cd2\",\"name\":\"Roberto A.\",\"description\":\"Roberto A. Periodista por decisi\u00f3n propia. Interesado en cualquier tema que me apasione y cada vez m\u00e1s comprometido con la verdad y la objetividad period\u00edstica. Graduado en La Habana hace ya muchos a\u00f1os, luego de una accidentada y polvorienta b\u00fasqueda de informaci\u00f3n sobre un tema in\u00e9dito. La Tesis, por cierto, desapareci\u00f3 de la biblioteca y no se conservan copias de la misma.\",\"url\":\"https:\\\/\\\/www.cuballama.com\\\/noticias\\\/author\\\/roberto\\\/\"}]}<\/script>\n<!-- \/ Yoast SEO plugin. -->","yoast_head_json":{"title":"Cineasta Pavel Giroud expone la verdad sobre Cuba que Jorge Perugorr\u00eda no quiso contar - Cuballama Noticias","description":"Pavel Giroud contradice a Jorge Perugorr\u00eda en Festival de M\u00e1laga. Se\u00f1ala silencio internacional ante la crisis y abusos del r\u00e9gimen en Cuba.","robots":{"index":"index","follow":"follow","max-snippet":"max-snippet:-1","max-image-preview":"max-image-preview:large","max-video-preview":"max-video-preview:-1"},"canonical":"https:\/\/www.cuballama.com\/noticias\/cineasta-pavel-giroud-expone-la-verdad-sobre-cuba-que-jorge-perugorria-no-quiso-contar\/","og_locale":"es_ES","og_type":"article","og_title":"Cineasta Pavel Giroud expone la verdad sobre Cuba que Jorge Perugorr\u00eda no quiso contar - Cuballama Noticias","og_description":"Pavel Giroud contradice a Jorge Perugorr\u00eda en Festival de M\u00e1laga. Se\u00f1ala silencio internacional ante la crisis y abusos del r\u00e9gimen en Cuba.","og_url":"https:\/\/www.cuballama.com\/noticias\/cineasta-pavel-giroud-expone-la-verdad-sobre-cuba-que-jorge-perugorria-no-quiso-contar\/","og_site_name":"Cuballama Noticias","article_publisher":"https:\/\/www.facebook.com\/CubaLlama","article_published_time":"2026-03-12T16:16:50+00:00","article_modified_time":"2026-03-12T16:17:00+00:00","og_image":[{"width":1454,"height":844,"url":"https:\/\/cdn1.mediawpaccore.net\/wp-content\/uploads\/2026\/03\/12094432\/image-64.png","type":"image\/png"}],"author":"Roberto A.","twitter_card":"summary_large_image","twitter_creator":"@cuballama","twitter_site":"@cuballama","twitter_misc":{"Escrito por":"Roberto A.","Tiempo de lectura":"6 minutos"},"schema":{"@context":"https:\/\/schema.org","@graph":[{"@type":"Article","@id":"https:\/\/www.cuballama.com\/noticias\/cineasta-pavel-giroud-expone-la-verdad-sobre-cuba-que-jorge-perugorria-no-quiso-contar\/#article","isPartOf":{"@id":"https:\/\/www.cuballama.com\/noticias\/cineasta-pavel-giroud-expone-la-verdad-sobre-cuba-que-jorge-perugorria-no-quiso-contar\/"},"author":{"name":"Roberto A.","@id":"https:\/\/www.cuballama.com\/noticias\/#\/schema\/person\/a58502ed4146c8e9f83872e897c76cd2"},"headline":"Cineasta Pavel Giroud expone la verdad sobre Cuba que Jorge Perugorr\u00eda no quiso contar","datePublished":"2026-03-12T16:16:50+00:00","dateModified":"2026-03-12T16:17:00+00:00","mainEntityOfPage":{"@id":"https:\/\/www.cuballama.com\/noticias\/cineasta-pavel-giroud-expone-la-verdad-sobre-cuba-que-jorge-perugorria-no-quiso-contar\/"},"wordCount":1232,"commentCount":0,"publisher":{"@id":"https:\/\/www.cuballama.com\/noticias\/#organization"},"image":{"@id":"https:\/\/www.cuballama.com\/noticias\/cineasta-pavel-giroud-expone-la-verdad-sobre-cuba-que-jorge-perugorria-no-quiso-contar\/#primaryimage"},"thumbnailUrl":"https:\/\/cdn1.mediawpaccore.net\/wp-content\/uploads\/2026\/03\/12094432\/image-64.png","keywords":["Artistas cubanos","cine cubano","cineastas cubanos","Crisis en Cuba","Cuba","debate sobre Cuba","Festival de M\u00e1laga","Jorge Perugorr\u00eda","Pavel Giroud","pol\u00edtica y cultura"],"articleSection":["Far\u00e1ndula","Noticias","Noticias de Cuba","Noticias Internacionales"],"inLanguage":"es","potentialAction":[{"@type":"CommentAction","name":"Comment","target":["https:\/\/www.cuballama.com\/noticias\/cineasta-pavel-giroud-expone-la-verdad-sobre-cuba-que-jorge-perugorria-no-quiso-contar\/#respond"]}]},{"@type":"WebPage","@id":"https:\/\/www.cuballama.com\/noticias\/cineasta-pavel-giroud-expone-la-verdad-sobre-cuba-que-jorge-perugorria-no-quiso-contar\/","url":"https:\/\/www.cuballama.com\/noticias\/cineasta-pavel-giroud-expone-la-verdad-sobre-cuba-que-jorge-perugorria-no-quiso-contar\/","name":"Cineasta Pavel Giroud expone la verdad sobre Cuba que Jorge Perugorr\u00eda no quiso contar - Cuballama Noticias","isPartOf":{"@id":"https:\/\/www.cuballama.com\/noticias\/#website"},"primaryImageOfPage":{"@id":"https:\/\/www.cuballama.com\/noticias\/cineasta-pavel-giroud-expone-la-verdad-sobre-cuba-que-jorge-perugorria-no-quiso-contar\/#primaryimage"},"image":{"@id":"https:\/\/www.cuballama.com\/noticias\/cineasta-pavel-giroud-expone-la-verdad-sobre-cuba-que-jorge-perugorria-no-quiso-contar\/#primaryimage"},"thumbnailUrl":"https:\/\/cdn1.mediawpaccore.net\/wp-content\/uploads\/2026\/03\/12094432\/image-64.png","datePublished":"2026-03-12T16:16:50+00:00","dateModified":"2026-03-12T16:17:00+00:00","description":"Pavel Giroud contradice a Jorge Perugorr\u00eda en Festival de M\u00e1laga. Se\u00f1ala silencio internacional ante la crisis y abusos del r\u00e9gimen en Cuba.","breadcrumb":{"@id":"https:\/\/www.cuballama.com\/noticias\/cineasta-pavel-giroud-expone-la-verdad-sobre-cuba-que-jorge-perugorria-no-quiso-contar\/#breadcrumb"},"inLanguage":"es","potentialAction":[{"@type":"ReadAction","target":["https:\/\/www.cuballama.com\/noticias\/cineasta-pavel-giroud-expone-la-verdad-sobre-cuba-que-jorge-perugorria-no-quiso-contar\/"]}]},{"@type":"ImageObject","inLanguage":"es","@id":"https:\/\/www.cuballama.com\/noticias\/cineasta-pavel-giroud-expone-la-verdad-sobre-cuba-que-jorge-perugorria-no-quiso-contar\/#primaryimage","url":"https:\/\/cdn1.mediawpaccore.net\/wp-content\/uploads\/2026\/03\/12094432\/image-64.png","contentUrl":"https:\/\/cdn1.mediawpaccore.net\/wp-content\/uploads\/2026\/03\/12094432\/image-64.png","width":1454,"height":844,"caption":"Foto: Pavel Giroud \/ Facebook"},{"@type":"BreadcrumbList","@id":"https:\/\/www.cuballama.com\/noticias\/cineasta-pavel-giroud-expone-la-verdad-sobre-cuba-que-jorge-perugorria-no-quiso-contar\/#breadcrumb","itemListElement":[{"@type":"ListItem","position":1,"name":"Home","item":"https:\/\/www.cuballama.com\/noticias\/"},{"@type":"ListItem","position":2,"name":"Cineasta Pavel Giroud expone la verdad sobre Cuba que Jorge Perugorr\u00eda no quiso contar"}]},{"@type":"WebSite","@id":"https:\/\/www.cuballama.com\/noticias\/#website","url":"https:\/\/www.cuballama.com\/noticias\/","name":"Cuballama Noticias","description":"Medio digital sobre Cuba y el mundo","publisher":{"@id":"https:\/\/www.cuballama.com\/noticias\/#organization"},"potentialAction":[{"@type":"SearchAction","target":{"@type":"EntryPoint","urlTemplate":"https:\/\/www.cuballama.com\/noticias\/?s={search_term_string}"},"query-input":{"@type":"PropertyValueSpecification","valueRequired":true,"valueName":"search_term_string"}}],"inLanguage":"es"},{"@type":"Organization","@id":"https:\/\/www.cuballama.com\/noticias\/#organization","name":"Cuballama","url":"https:\/\/www.cuballama.com\/noticias\/","logo":{"@type":"ImageObject","inLanguage":"es","@id":"https:\/\/www.cuballama.com\/noticias\/#\/schema\/logo\/image\/","url":"https:\/\/cdn1.mediawpaccore.net\/wp-content\/uploads\/2021\/12\/28171206\/cbll-logo-color-sm.png","contentUrl":"https:\/\/cdn1.mediawpaccore.net\/wp-content\/uploads\/2021\/12\/28171206\/cbll-logo-color-sm.png","width":600,"height":133,"caption":"Cuballama"},"image":{"@id":"https:\/\/www.cuballama.com\/noticias\/#\/schema\/logo\/image\/"},"sameAs":["https:\/\/www.facebook.com\/CubaLlama","https:\/\/x.com\/cuballama","https:\/\/www.instagram.com\/stories\/cuballama_oficial\/","https:\/\/www.youtube.com\/channel\/UCKkFE-d_axENGZcrc4as0IA"]},{"@type":"Person","@id":"https:\/\/www.cuballama.com\/noticias\/#\/schema\/person\/a58502ed4146c8e9f83872e897c76cd2","name":"Roberto A.","description":"Roberto A. Periodista por decisi\u00f3n propia. Interesado en cualquier tema que me apasione y cada vez m\u00e1s comprometido con la verdad y la objetividad period\u00edstica. Graduado en La Habana hace ya muchos a\u00f1os, luego de una accidentada y polvorienta b\u00fasqueda de informaci\u00f3n sobre un tema in\u00e9dito. La Tesis, por cierto, desapareci\u00f3 de la biblioteca y no se conservan copias de la misma.","url":"https:\/\/www.cuballama.com\/noticias\/author\/roberto\/"}]}},"_links":{"self":[{"href":"https:\/\/www.cuballama.com\/noticias\/wp-json\/wp\/v2\/posts\/237913","targetHints":{"allow":["GET"]}}],"collection":[{"href":"https:\/\/www.cuballama.com\/noticias\/wp-json\/wp\/v2\/posts"}],"about":[{"href":"https:\/\/www.cuballama.com\/noticias\/wp-json\/wp\/v2\/types\/post"}],"author":[{"embeddable":true,"href":"https:\/\/www.cuballama.com\/noticias\/wp-json\/wp\/v2\/users\/13"}],"replies":[{"embeddable":true,"href":"https:\/\/www.cuballama.com\/noticias\/wp-json\/wp\/v2\/comments?post=237913"}],"version-history":[{"count":5,"href":"https:\/\/www.cuballama.com\/noticias\/wp-json\/wp\/v2\/posts\/237913\/revisions"}],"predecessor-version":[{"id":237925,"href":"https:\/\/www.cuballama.com\/noticias\/wp-json\/wp\/v2\/posts\/237913\/revisions\/237925"}],"wp:featuredmedia":[{"embeddable":true,"href":"https:\/\/www.cuballama.com\/noticias\/wp-json\/wp\/v2\/media\/237921"}],"wp:attachment":[{"href":"https:\/\/www.cuballama.com\/noticias\/wp-json\/wp\/v2\/media?parent=237913"}],"wp:term":[{"taxonomy":"category","embeddable":true,"href":"https:\/\/www.cuballama.com\/noticias\/wp-json\/wp\/v2\/categories?post=237913"},{"taxonomy":"post_tag","embeddable":true,"href":"https:\/\/www.cuballama.com\/noticias\/wp-json\/wp\/v2\/tags?post=237913"}],"curies":[{"name":"wp","href":"https:\/\/api.w.org\/{rel}","templated":true}]}}