{"id":237908,"date":"2026-03-12T09:19:01","date_gmt":"2026-03-12T13:19:01","guid":{"rendered":"https:\/\/www.cuballama.com\/noticias\/?p=237908"},"modified":"2026-03-12T09:19:03","modified_gmt":"2026-03-12T13:19:03","slug":"es-mejor-callar-que-hablar-sin-saber-kenny-robert-defiende-a-samantha-hernandez-tras-la-polemica","status":"publish","type":"post","link":"https:\/\/www.cuballama.com\/noticias\/es-mejor-callar-que-hablar-sin-saber-kenny-robert-defiende-a-samantha-hernandez-tras-la-polemica\/","title":{"rendered":"\u201cEs mejor callar que hablar sin saber\u201d: Kenny Robert defiende a Samantha Hern\u00e1ndez tras la pol\u00e9mica"},"content":{"rendered":"\n<p>El influencer cubano Kenny Robert intervino p\u00fablicamente para defender a la creadora de contenido Samantha Hern\u00e1ndez luego de que esta recibiera una ola de cr\u00edticas en redes sociales por explicar por qu\u00e9 prefiere no hablar de pol\u00edtica ni de la situaci\u00f3n en Cuba.<\/p>\n\n\n\n<p>La controversia comenz\u00f3 cuando Hern\u00e1ndez public\u00f3 un video en el que respond\u00eda a seguidores que le cuestionaban su silencio sobre temas pol\u00edticos. En su mensaje, la joven asegur\u00f3 que no se siente preparada para abordar ese tipo de debates.<\/p>\n\n\n\n<p>\u201c<strong>Soy una persona que no habla de pol\u00edtica, principalmente porque no s\u00e9. No tengo ning\u00fan tipo de informaci\u00f3n, s\u00e9 lo b\u00e1sico y lo que todos sabemos<\/strong>\u201d, explic\u00f3.<\/p>\n\n\n\n<p>La influencer tambi\u00e9n expres\u00f3 que, en su opini\u00f3n, las discusiones pol\u00edticas en redes sociales muchas veces terminan convirti\u00e9ndose en espect\u00e1culo o estrategia de contenido m\u00e1s que en un espacio de an\u00e1lisis real. \u201c<strong>El mundo ya sabe lo que pasa en Cuba. Yo desde un tel\u00e9fono no voy a cambiar nada<\/strong>\u201d, afirm\u00f3.<\/p>\n\n\n\n<p>Sus palabras provocaron una fuerte reacci\u00f3n en plataformas digitales, donde numerosos usuarios cuestionaron su postura y le reprocharon no utilizar su visibilidad para pronunciarse sobre la situaci\u00f3n de la isla.<\/p>\n\n\n\n<h2 class=\"wp-block-heading\">Kenny Robert interviene en la pol\u00e9mica<\/h2>\n\n\n\n<p>Ante la creciente ola de comentarios negativos, Kenny Robert public\u00f3 un video en Instagram para respaldar a Hern\u00e1ndez y cuestionar el tono de algunas cr\u00edticas.<\/p>\n\n\n\n<blockquote class=\"instagram-media\" data-instgrm-captioned data-instgrm-permalink=\"https:\/\/www.instagram.com\/reel\/DVxLNudDVdP\/?utm_source=ig_embed&amp;utm_campaign=loading\" data-instgrm-version=\"14\" style=\" background:#FFF; border:0; border-radius:3px; box-shadow:0 0 1px 0 rgba(0,0,0,0.5),0 1px 10px 0 rgba(0,0,0,0.15); margin: 1px; max-width:540px; min-width:326px; padding:0; width:99.375%; width:-webkit-calc(100% - 2px); width:calc(100% - 2px);\"><div style=\"padding:16px;\"> <a href=\"https:\/\/www.instagram.com\/reel\/DVxLNudDVdP\/?utm_source=ig_embed&amp;utm_campaign=loading\" style=\" background:#FFFFFF; line-height:0; padding:0 0; text-align:center; text-decoration:none; width:100%;\" target=\"_blank\"> <div style=\" display: flex; flex-direction: row; align-items: center;\"> <div style=\"background-color: #F4F4F4; border-radius: 50%; flex-grow: 0; height: 40px; margin-right: 14px; width: 40px;\"><\/div> <div style=\"display: flex; flex-direction: column; flex-grow: 1; justify-content: center;\"> <div style=\" background-color: #F4F4F4; border-radius: 4px; flex-grow: 0; height: 14px; margin-bottom: 6px; width: 100px;\"><\/div> <div style=\" background-color: #F4F4F4; border-radius: 4px; flex-grow: 0; height: 14px; width: 60px;\"><\/div><\/div><\/div><div style=\"padding: 19% 0;\"><\/div> <div style=\"display:block; height:50px; margin:0 auto 12px; width:50px;\"><svg width=\"50px\" height=\"50px\" viewBox=\"0 0 60 60\" version=\"1.1\" xmlns=\"https:\/\/www.w3.org\/2000\/svg\" xmlns:xlink=\"https:\/\/www.w3.org\/1999\/xlink\"><g stroke=\"none\" stroke-width=\"1\" fill=\"none\" fill-rule=\"evenodd\"><g transform=\"translate(-511.000000, -20.000000)\" fill=\"#000000\"><g><path d=\"M556.869,30.41 C554.814,30.41 553.148,32.076 553.148,34.131 C553.148,36.186 554.814,37.852 556.869,37.852 C558.924,37.852 560.59,36.186 560.59,34.131 C560.59,32.076 558.924,30.41 556.869,30.41 M541,60.657 C535.114,60.657 530.342,55.887 530.342,50 C530.342,44.114 535.114,39.342 541,39.342 C546.887,39.342 551.658,44.114 551.658,50 C551.658,55.887 546.887,60.657 541,60.657 M541,33.886 C532.1,33.886 524.886,41.1 524.886,50 C524.886,58.899 532.1,66.113 541,66.113 C549.9,66.113 557.115,58.899 557.115,50 C557.115,41.1 549.9,33.886 541,33.886 M565.378,62.101 C565.244,65.022 564.756,66.606 564.346,67.663 C563.803,69.06 563.154,70.057 562.106,71.106 C561.058,72.155 560.06,72.803 558.662,73.347 C557.607,73.757 556.021,74.244 553.102,74.378 C549.944,74.521 548.997,74.552 541,74.552 C533.003,74.552 532.056,74.521 528.898,74.378 C525.979,74.244 524.393,73.757 523.338,73.347 C521.94,72.803 520.942,72.155 519.894,71.106 C518.846,70.057 518.197,69.06 517.654,67.663 C517.244,66.606 516.755,65.022 516.623,62.101 C516.479,58.943 516.448,57.996 516.448,50 C516.448,42.003 516.479,41.056 516.623,37.899 C516.755,34.978 517.244,33.391 517.654,32.338 C518.197,30.938 518.846,29.942 519.894,28.894 C520.942,27.846 521.94,27.196 523.338,26.654 C524.393,26.244 525.979,25.756 528.898,25.623 C532.057,25.479 533.004,25.448 541,25.448 C548.997,25.448 549.943,25.479 553.102,25.623 C556.021,25.756 557.607,26.244 558.662,26.654 C560.06,27.196 561.058,27.846 562.106,28.894 C563.154,29.942 563.803,30.938 564.346,32.338 C564.756,33.391 565.244,34.978 565.378,37.899 C565.522,41.056 565.552,42.003 565.552,50 C565.552,57.996 565.522,58.943 565.378,62.101 M570.82,37.631 C570.674,34.438 570.167,32.258 569.425,30.349 C568.659,28.377 567.633,26.702 565.965,25.035 C564.297,23.368 562.623,22.342 560.652,21.575 C558.743,20.834 556.562,20.326 553.369,20.18 C550.169,20.033 549.148,20 541,20 C532.853,20 531.831,20.033 528.631,20.18 C525.438,20.326 523.257,20.834 521.349,21.575 C519.376,22.342 517.703,23.368 516.035,25.035 C514.368,26.702 513.342,28.377 512.574,30.349 C511.834,32.258 511.326,34.438 511.181,37.631 C511.035,40.831 511,41.851 511,50 C511,58.147 511.035,59.17 511.181,62.369 C511.326,65.562 511.834,67.743 512.574,69.651 C513.342,71.625 514.368,73.296 516.035,74.965 C517.703,76.634 519.376,77.658 521.349,78.425 C523.257,79.167 525.438,79.673 528.631,79.82 C531.831,79.965 532.853,80.001 541,80.001 C549.148,80.001 550.169,79.965 553.369,79.82 C556.562,79.673 558.743,79.167 560.652,78.425 C562.623,77.658 564.297,76.634 565.965,74.965 C567.633,73.296 568.659,71.625 569.425,69.651 C570.167,67.743 570.674,65.562 570.82,62.369 C570.966,59.17 571,58.147 571,50 C571,41.851 570.966,40.831 570.82,37.631\"><\/path><\/g><\/g><\/g><\/svg><\/div><div style=\"padding-top: 8px;\"> <div style=\" color:#3897f0; font-family:Arial,sans-serif; font-size:14px; font-style:normal; font-weight:550; line-height:18px;\">Ver esta publicaci\u00f3n en Instagram<\/div><\/div><div style=\"padding: 12.5% 0;\"><\/div> <div style=\"display: flex; flex-direction: row; margin-bottom: 14px; align-items: center;\"><div> <div style=\"background-color: #F4F4F4; border-radius: 50%; height: 12.5px; width: 12.5px; transform: translateX(0px) translateY(7px);\"><\/div> <div style=\"background-color: #F4F4F4; height: 12.5px; transform: rotate(-45deg) translateX(3px) translateY(1px); width: 12.5px; flex-grow: 0; margin-right: 14px; margin-left: 2px;\"><\/div> <div style=\"background-color: #F4F4F4; border-radius: 50%; height: 12.5px; width: 12.5px; transform: translateX(9px) translateY(-18px);\"><\/div><\/div><div style=\"margin-left: 8px;\"> <div style=\" background-color: #F4F4F4; border-radius: 50%; flex-grow: 0; height: 20px; width: 20px;\"><\/div> <div style=\" width: 0; height: 0; border-top: 2px solid transparent; border-left: 6px solid #f4f4f4; border-bottom: 2px solid transparent; transform: translateX(16px) translateY(-4px) rotate(30deg)\"><\/div><\/div><div style=\"margin-left: auto;\"> <div style=\" width: 0px; border-top: 8px solid #F4F4F4; border-right: 8px solid transparent; transform: translateY(16px);\"><\/div> <div style=\" background-color: #F4F4F4; flex-grow: 0; height: 12px; width: 16px; transform: translateY(-4px);\"><\/div> <div style=\" width: 0; height: 0; border-top: 8px solid #F4F4F4; border-left: 8px solid transparent; transform: translateY(-4px) translateX(8px);\"><\/div><\/div><\/div> <div style=\"display: flex; flex-direction: column; flex-grow: 1; justify-content: center; margin-bottom: 24px;\"> <div style=\" background-color: #F4F4F4; border-radius: 4px; flex-grow: 0; height: 14px; margin-bottom: 6px; width: 224px;\"><\/div> <div style=\" background-color: #F4F4F4; border-radius: 4px; flex-grow: 0; height: 14px; width: 144px;\"><\/div><\/div><\/a><p style=\" color:#c9c8cd; font-family:Arial,sans-serif; font-size:14px; line-height:17px; margin-bottom:0; margin-top:8px; overflow:hidden; padding:8px 0 7px; text-align:center; text-overflow:ellipsis; white-space:nowrap;\"><a href=\"https:\/\/www.instagram.com\/reel\/DVxLNudDVdP\/?utm_source=ig_embed&amp;utm_campaign=loading\" style=\" color:#c9c8cd; font-family:Arial,sans-serif; font-size:14px; font-style:normal; font-weight:normal; line-height:17px; text-decoration:none;\" target=\"_blank\">Una publicaci\u00f3n compartida de Kenny Robert el m\u00e1s viral \ud83d\ude0d (@kenny_robert_ken_)<\/a><\/p><\/div><\/blockquote>\n<script async src=\"\/\/www.instagram.com\/embed.js\"><\/script>\n\n\n\n<p>El influencer argument\u00f3 que no todas las personas tienen la obligaci\u00f3n de hablar sobre pol\u00edtica, especialmente si consideran que no dominan el tema.<\/p>\n\n\n\n<p>\u201c<strong>No todas las personas dominan el tema pol\u00edtico<\/strong>\u201d, coment\u00f3. Seg\u00fan explic\u00f3, admitir que no se tiene suficiente conocimiento puede ser una postura m\u00e1s honesta que opinar sin informaci\u00f3n. \u201c<strong>Es mejor reconocer lo que uno no sabe hablar a tener que hablar sin conocimiento<\/strong>\u201d, a\u00f1adi\u00f3.<\/p>\n\n\n\n<p><strong>Lea m\u00e1s: <a href=\"https:\/\/www.cuballama.com\/noticias\/no-quiero-pertenecer-a-ese-circo-samantha-hernandez-dice-que-no-habla-de-politica-porque-es-un-negocio\/\" target=\"_blank\" rel=\"noreferrer noopener\">Samantha Hern\u00e1ndez dice que no habla de pol\u00edtica porque es un \u201cnegocio\u201d<\/a><\/strong><\/p>\n\n\n\n<p>Robert tambi\u00e9n se\u00f1al\u00f3 que el hecho de que algunos creadores de contenido aborden temas pol\u00edticos no significa que todos deban hacerlo. Aunque \u00e9l mismo ha hablado en ocasiones sobre la realidad cubana, subray\u00f3 que cada influencer tiene derecho a decidir el tipo de contenido que comparte con su audiencia.<\/p>\n\n\n\n<h2 class=\"wp-block-heading\">Cr\u00edticas al tono de los ataques<\/h2>\n\n\n\n<p>Uno de los puntos m\u00e1s contundentes del mensaje de Robert fue su cr\u00edtica a los ataques personales que, seg\u00fan \u00e9l, se dirigieron contra Hern\u00e1ndez durante la pol\u00e9mica.<\/p>\n\n\n\n<p>El influencer cuestion\u00f3 especialmente a quienes desviaron la conversaci\u00f3n hacia la vida privada o sentimental de la joven en lugar de debatir el tema que ella plante\u00f3.<\/p>\n\n\n\n<p>\u201c<strong>Un hombre de verdad no tiene que salir a desacreditar a ninguna mujer a no ser que sea p\u00e1jaro o tenga su sexualidad confusa<\/strong>\u201d, dijo en su video.<\/p>\n\n\n\n<h2 class=\"wp-block-heading\">Una amistad que viene de antes<\/h2>\n\n\n\n<p>La defensa p\u00fablica de Robert tambi\u00e9n refleja la cercan\u00eda que existe entre ambos creadores de contenido. Su relaci\u00f3n de amistad qued\u00f3 evidenciada recientemente durante el reality show <em>El Rancho de Destino<\/em>, emitido a comienzos de 2026.<\/p>\n\n\n\n<p>En ese programa, Hern\u00e1ndez defendi\u00f3 a Robert cuando fue criticado por algunos participantes, y lo describi\u00f3 como \u201c<strong>de los pocos reales en ese rancho<\/strong>\u201d.<\/p>\n\n\n\n<h2 class=\"wp-block-heading\">Un debate recurrente en redes<\/h2>\n\n\n\n<p>La discusi\u00f3n sobre si los influencers deben posicionarse pol\u00edticamente es cada vez m\u00e1s com\u00fan entre creadores cubanos dentro y fuera de la isla. Desde las protestas del 11 de julio de 2021, las redes sociales se han convertido en un espacio central para denunciar la crisis econ\u00f3mica y social del pa\u00eds, lo que ha generado expectativas sobre el papel p\u00fablico de quienes tienen grandes audiencias.<\/p>\n\n\n\n<p>En el caso de Hern\u00e1ndez, esta no es la primera vez que explica su postura. En junio de 2025, durante el podcast <em>Far\u00e1ndula 305<\/em>, ya hab\u00eda dejado clara su posici\u00f3n al afirmar: \u201c<strong>No protest\u00e9 en Cuba, no pedir\u00e9 a otros que lo hagan\u2026 La que va a estar presa no soy yo<\/strong>\u201d.<\/p>\n\n\n\n<h2 class=\"wp-block-heading\">Llamado a la unidad<\/h2>\n\n\n\n<p>Al finalizar su video, Kenny Robert aprovech\u00f3 para enviar un mensaje m\u00e1s amplio a la comunidad cubana en redes sociales, pidiendo respeto entre quienes comparten origen o experiencias similares en el exilio.<\/p>\n\n\n\n<p>\u201c<strong>Defender a Cuba tambi\u00e9n significa defender el respeto entre nosotros mismos que somos cubanos. Porque si algo necesita nuestro pueblo ahora mismo es uni\u00f3n por la situaci\u00f3n tan dura que est\u00e1 pasando<\/strong>\u201d, concluy\u00f3.<\/p>\n\n\n\n<p>La pol\u00e9mica contin\u00faa generando debate en plataformas digitales, donde la intervenci\u00f3n de Robert ha reavivado la discusi\u00f3n sobre el papel de los influencers en temas pol\u00edticos y el derecho de cada creador a decidir qu\u00e9 tipo de contenido comparte con su audiencia.<\/p>\n","protected":false},"excerpt":{"rendered":"<p>\u201cNo todas las personas dominan el tema pol\u00edtico\u201d, coment\u00f3<\/p>\n","protected":false},"author":27,"featured_media":237912,"comment_status":"open","ping_status":"closed","sticky":false,"template":"","format":"standard","meta":{"_acf_changed":false,"footnotes":""},"categories":[443],"tags":[10867,11050,8394,25436,21323],"class_list":{"0":"post-237908","1":"post","2":"type-post","3":"status-publish","4":"format-standard","5":"has-post-thumbnail","7":"category-farandula","8":"tag-crisis-en-cuba","9":"tag-cubanos-en-miami","10":"tag-influencers-cubanos","11":"tag-kenny-robert","12":"tag-samantha-hernandez"},"acf":[],"yoast_head":"<!-- This site is optimized with the Yoast SEO plugin v27.4 - https:\/\/yoast.com\/product\/yoast-seo-wordpress\/ -->\n<title>\u201cEs mejor callar que hablar sin saber\u201d: Kenny Robert defiende a Samantha Hern\u00e1ndez tras la pol\u00e9mica - Cuballama Noticias<\/title>\n<meta name=\"description\" content=\"Kenny Robert defendi\u00f3 a Samantha Hern\u00e1ndez tras una ola de cr\u00edticas en redes sociales por explicar por qu\u00e9 prefiere no hablar de pol\u00edtica\" \/>\n<meta name=\"robots\" content=\"index, follow, max-snippet:-1, max-image-preview:large, max-video-preview:-1\" \/>\n<link rel=\"canonical\" href=\"https:\/\/www.cuballama.com\/noticias\/es-mejor-callar-que-hablar-sin-saber-kenny-robert-defiende-a-samantha-hernandez-tras-la-polemica\/\" \/>\n<meta property=\"og:locale\" content=\"es_ES\" \/>\n<meta property=\"og:type\" content=\"article\" \/>\n<meta property=\"og:title\" content=\"\u201cEs mejor callar que hablar sin saber\u201d: Kenny Robert defiende a Samantha Hern\u00e1ndez tras la pol\u00e9mica - Cuballama Noticias\" \/>\n<meta property=\"og:description\" content=\"Kenny Robert defendi\u00f3 a Samantha Hern\u00e1ndez tras una ola de cr\u00edticas en redes sociales por explicar por qu\u00e9 prefiere no hablar de pol\u00edtica\" \/>\n<meta property=\"og:url\" content=\"https:\/\/www.cuballama.com\/noticias\/es-mejor-callar-que-hablar-sin-saber-kenny-robert-defiende-a-samantha-hernandez-tras-la-polemica\/\" \/>\n<meta property=\"og:site_name\" content=\"Cuballama Noticias\" \/>\n<meta property=\"article:publisher\" content=\"https:\/\/www.facebook.com\/CubaLlama\" \/>\n<meta property=\"article:published_time\" content=\"2026-03-12T13:19:01+00:00\" \/>\n<meta property=\"article:modified_time\" content=\"2026-03-12T13:19:03+00:00\" \/>\n<meta property=\"og:image\" content=\"https:\/\/cdn1.mediawpaccore.net\/wp-content\/uploads\/2026\/03\/12091401\/Kenny-Robert-defiende-a-Samantha-Hernandez-por-no-querer-hablar-de-politica.png\" \/>\n\t<meta property=\"og:image:width\" content=\"1260\" \/>\n\t<meta property=\"og:image:height\" content=\"822\" \/>\n\t<meta property=\"og:image:type\" content=\"image\/png\" \/>\n<meta name=\"author\" content=\"Rafa\" \/>\n<meta name=\"twitter:card\" content=\"summary_large_image\" \/>\n<meta name=\"twitter:creator\" content=\"@cuballama\" \/>\n<meta name=\"twitter:site\" content=\"@cuballama\" \/>\n<meta name=\"twitter:label1\" content=\"Escrito por\" \/>\n\t<meta name=\"twitter:data1\" content=\"Rafa\" \/>\n\t<meta name=\"twitter:label2\" content=\"Tiempo de lectura\" \/>\n\t<meta name=\"twitter:data2\" content=\"4 minutos\" \/>\n<script type=\"application\/ld+json\" class=\"yoast-schema-graph\">{\"@context\":\"https:\\\/\\\/schema.org\",\"@graph\":[{\"@type\":\"Article\",\"@id\":\"https:\\\/\\\/www.cuballama.com\\\/noticias\\\/es-mejor-callar-que-hablar-sin-saber-kenny-robert-defiende-a-samantha-hernandez-tras-la-polemica\\\/#article\",\"isPartOf\":{\"@id\":\"https:\\\/\\\/www.cuballama.com\\\/noticias\\\/es-mejor-callar-que-hablar-sin-saber-kenny-robert-defiende-a-samantha-hernandez-tras-la-polemica\\\/\"},\"author\":{\"name\":\"Rafa\",\"@id\":\"https:\\\/\\\/www.cuballama.com\\\/noticias\\\/#\\\/schema\\\/person\\\/0f97914526a658755f00e59ec2a832f2\"},\"headline\":\"\u201cEs mejor callar que hablar sin saber\u201d: Kenny Robert defiende a Samantha Hern\u00e1ndez tras la pol\u00e9mica\",\"datePublished\":\"2026-03-12T13:19:01+00:00\",\"dateModified\":\"2026-03-12T13:19:03+00:00\",\"mainEntityOfPage\":{\"@id\":\"https:\\\/\\\/www.cuballama.com\\\/noticias\\\/es-mejor-callar-que-hablar-sin-saber-kenny-robert-defiende-a-samantha-hernandez-tras-la-polemica\\\/\"},\"wordCount\":842,\"commentCount\":0,\"publisher\":{\"@id\":\"https:\\\/\\\/www.cuballama.com\\\/noticias\\\/#organization\"},\"image\":{\"@id\":\"https:\\\/\\\/www.cuballama.com\\\/noticias\\\/es-mejor-callar-que-hablar-sin-saber-kenny-robert-defiende-a-samantha-hernandez-tras-la-polemica\\\/#primaryimage\"},\"thumbnailUrl\":\"https:\\\/\\\/cdn1.mediawpaccore.net\\\/wp-content\\\/uploads\\\/2026\\\/03\\\/12091401\\\/Kenny-Robert-defiende-a-Samantha-Hernandez-por-no-querer-hablar-de-politica.png\",\"keywords\":[\"Crisis en Cuba\",\"cubanos en Miami\",\"Influencers cubanos\",\"Kenny Robert\",\"Samantha Hern\u00e1ndez\"],\"articleSection\":[\"Far\u00e1ndula\"],\"inLanguage\":\"es\",\"potentialAction\":[{\"@type\":\"CommentAction\",\"name\":\"Comment\",\"target\":[\"https:\\\/\\\/www.cuballama.com\\\/noticias\\\/es-mejor-callar-que-hablar-sin-saber-kenny-robert-defiende-a-samantha-hernandez-tras-la-polemica\\\/#respond\"]}]},{\"@type\":\"WebPage\",\"@id\":\"https:\\\/\\\/www.cuballama.com\\\/noticias\\\/es-mejor-callar-que-hablar-sin-saber-kenny-robert-defiende-a-samantha-hernandez-tras-la-polemica\\\/\",\"url\":\"https:\\\/\\\/www.cuballama.com\\\/noticias\\\/es-mejor-callar-que-hablar-sin-saber-kenny-robert-defiende-a-samantha-hernandez-tras-la-polemica\\\/\",\"name\":\"\u201cEs mejor callar que hablar sin saber\u201d: Kenny Robert defiende a Samantha Hern\u00e1ndez tras la pol\u00e9mica - Cuballama Noticias\",\"isPartOf\":{\"@id\":\"https:\\\/\\\/www.cuballama.com\\\/noticias\\\/#website\"},\"primaryImageOfPage\":{\"@id\":\"https:\\\/\\\/www.cuballama.com\\\/noticias\\\/es-mejor-callar-que-hablar-sin-saber-kenny-robert-defiende-a-samantha-hernandez-tras-la-polemica\\\/#primaryimage\"},\"image\":{\"@id\":\"https:\\\/\\\/www.cuballama.com\\\/noticias\\\/es-mejor-callar-que-hablar-sin-saber-kenny-robert-defiende-a-samantha-hernandez-tras-la-polemica\\\/#primaryimage\"},\"thumbnailUrl\":\"https:\\\/\\\/cdn1.mediawpaccore.net\\\/wp-content\\\/uploads\\\/2026\\\/03\\\/12091401\\\/Kenny-Robert-defiende-a-Samantha-Hernandez-por-no-querer-hablar-de-politica.png\",\"datePublished\":\"2026-03-12T13:19:01+00:00\",\"dateModified\":\"2026-03-12T13:19:03+00:00\",\"description\":\"Kenny Robert defendi\u00f3 a Samantha Hern\u00e1ndez tras una ola de cr\u00edticas en redes sociales por explicar por qu\u00e9 prefiere no hablar de pol\u00edtica\",\"breadcrumb\":{\"@id\":\"https:\\\/\\\/www.cuballama.com\\\/noticias\\\/es-mejor-callar-que-hablar-sin-saber-kenny-robert-defiende-a-samantha-hernandez-tras-la-polemica\\\/#breadcrumb\"},\"inLanguage\":\"es\",\"potentialAction\":[{\"@type\":\"ReadAction\",\"target\":[\"https:\\\/\\\/www.cuballama.com\\\/noticias\\\/es-mejor-callar-que-hablar-sin-saber-kenny-robert-defiende-a-samantha-hernandez-tras-la-polemica\\\/\"]}]},{\"@type\":\"ImageObject\",\"inLanguage\":\"es\",\"@id\":\"https:\\\/\\\/www.cuballama.com\\\/noticias\\\/es-mejor-callar-que-hablar-sin-saber-kenny-robert-defiende-a-samantha-hernandez-tras-la-polemica\\\/#primaryimage\",\"url\":\"https:\\\/\\\/cdn1.mediawpaccore.net\\\/wp-content\\\/uploads\\\/2026\\\/03\\\/12091401\\\/Kenny-Robert-defiende-a-Samantha-Hernandez-por-no-querer-hablar-de-politica.png\",\"contentUrl\":\"https:\\\/\\\/cdn1.mediawpaccore.net\\\/wp-content\\\/uploads\\\/2026\\\/03\\\/12091401\\\/Kenny-Robert-defiende-a-Samantha-Hernandez-por-no-querer-hablar-de-politica.png\",\"width\":1260,\"height\":822,\"caption\":\"Foto: Samantha Hern\u00e1ndez\\\/Instagram\"},{\"@type\":\"BreadcrumbList\",\"@id\":\"https:\\\/\\\/www.cuballama.com\\\/noticias\\\/es-mejor-callar-que-hablar-sin-saber-kenny-robert-defiende-a-samantha-hernandez-tras-la-polemica\\\/#breadcrumb\",\"itemListElement\":[{\"@type\":\"ListItem\",\"position\":1,\"name\":\"Home\",\"item\":\"https:\\\/\\\/www.cuballama.com\\\/noticias\\\/\"},{\"@type\":\"ListItem\",\"position\":2,\"name\":\"\u201cEs mejor callar que hablar sin saber\u201d: Kenny Robert defiende a Samantha Hern\u00e1ndez tras la pol\u00e9mica\"}]},{\"@type\":\"WebSite\",\"@id\":\"https:\\\/\\\/www.cuballama.com\\\/noticias\\\/#website\",\"url\":\"https:\\\/\\\/www.cuballama.com\\\/noticias\\\/\",\"name\":\"Cuballama Noticias\",\"description\":\"Medio digital sobre Cuba y el mundo\",\"publisher\":{\"@id\":\"https:\\\/\\\/www.cuballama.com\\\/noticias\\\/#organization\"},\"potentialAction\":[{\"@type\":\"SearchAction\",\"target\":{\"@type\":\"EntryPoint\",\"urlTemplate\":\"https:\\\/\\\/www.cuballama.com\\\/noticias\\\/?s={search_term_string}\"},\"query-input\":{\"@type\":\"PropertyValueSpecification\",\"valueRequired\":true,\"valueName\":\"search_term_string\"}}],\"inLanguage\":\"es\"},{\"@type\":\"Organization\",\"@id\":\"https:\\\/\\\/www.cuballama.com\\\/noticias\\\/#organization\",\"name\":\"Cuballama\",\"url\":\"https:\\\/\\\/www.cuballama.com\\\/noticias\\\/\",\"logo\":{\"@type\":\"ImageObject\",\"inLanguage\":\"es\",\"@id\":\"https:\\\/\\\/www.cuballama.com\\\/noticias\\\/#\\\/schema\\\/logo\\\/image\\\/\",\"url\":\"https:\\\/\\\/cdn1.mediawpaccore.net\\\/wp-content\\\/uploads\\\/2021\\\/12\\\/28171206\\\/cbll-logo-color-sm.png\",\"contentUrl\":\"https:\\\/\\\/cdn1.mediawpaccore.net\\\/wp-content\\\/uploads\\\/2021\\\/12\\\/28171206\\\/cbll-logo-color-sm.png\",\"width\":600,\"height\":133,\"caption\":\"Cuballama\"},\"image\":{\"@id\":\"https:\\\/\\\/www.cuballama.com\\\/noticias\\\/#\\\/schema\\\/logo\\\/image\\\/\"},\"sameAs\":[\"https:\\\/\\\/www.facebook.com\\\/CubaLlama\",\"https:\\\/\\\/x.com\\\/cuballama\",\"https:\\\/\\\/www.instagram.com\\\/stories\\\/cuballama_oficial\\\/\",\"https:\\\/\\\/www.youtube.com\\\/channel\\\/UCKkFE-d_axENGZcrc4as0IA\"]},{\"@type\":\"Person\",\"@id\":\"https:\\\/\\\/www.cuballama.com\\\/noticias\\\/#\\\/schema\\\/person\\\/0f97914526a658755f00e59ec2a832f2\",\"name\":\"Rafa\",\"url\":\"https:\\\/\\\/www.cuballama.com\\\/noticias\\\/author\\\/rafa\\\/\"}]}<\/script>\n<!-- \/ Yoast SEO plugin. -->","yoast_head_json":{"title":"\u201cEs mejor callar que hablar sin saber\u201d: Kenny Robert defiende a Samantha Hern\u00e1ndez tras la pol\u00e9mica - Cuballama Noticias","description":"Kenny Robert defendi\u00f3 a Samantha Hern\u00e1ndez tras una ola de cr\u00edticas en redes sociales por explicar por qu\u00e9 prefiere no hablar de pol\u00edtica","robots":{"index":"index","follow":"follow","max-snippet":"max-snippet:-1","max-image-preview":"max-image-preview:large","max-video-preview":"max-video-preview:-1"},"canonical":"https:\/\/www.cuballama.com\/noticias\/es-mejor-callar-que-hablar-sin-saber-kenny-robert-defiende-a-samantha-hernandez-tras-la-polemica\/","og_locale":"es_ES","og_type":"article","og_title":"\u201cEs mejor callar que hablar sin saber\u201d: Kenny Robert defiende a Samantha Hern\u00e1ndez tras la pol\u00e9mica - Cuballama Noticias","og_description":"Kenny Robert defendi\u00f3 a Samantha Hern\u00e1ndez tras una ola de cr\u00edticas en redes sociales por explicar por qu\u00e9 prefiere no hablar de pol\u00edtica","og_url":"https:\/\/www.cuballama.com\/noticias\/es-mejor-callar-que-hablar-sin-saber-kenny-robert-defiende-a-samantha-hernandez-tras-la-polemica\/","og_site_name":"Cuballama Noticias","article_publisher":"https:\/\/www.facebook.com\/CubaLlama","article_published_time":"2026-03-12T13:19:01+00:00","article_modified_time":"2026-03-12T13:19:03+00:00","og_image":[{"width":1260,"height":822,"url":"https:\/\/cdn1.mediawpaccore.net\/wp-content\/uploads\/2026\/03\/12091401\/Kenny-Robert-defiende-a-Samantha-Hernandez-por-no-querer-hablar-de-politica.png","type":"image\/png"}],"author":"Rafa","twitter_card":"summary_large_image","twitter_creator":"@cuballama","twitter_site":"@cuballama","twitter_misc":{"Escrito por":"Rafa","Tiempo de lectura":"4 minutos"},"schema":{"@context":"https:\/\/schema.org","@graph":[{"@type":"Article","@id":"https:\/\/www.cuballama.com\/noticias\/es-mejor-callar-que-hablar-sin-saber-kenny-robert-defiende-a-samantha-hernandez-tras-la-polemica\/#article","isPartOf":{"@id":"https:\/\/www.cuballama.com\/noticias\/es-mejor-callar-que-hablar-sin-saber-kenny-robert-defiende-a-samantha-hernandez-tras-la-polemica\/"},"author":{"name":"Rafa","@id":"https:\/\/www.cuballama.com\/noticias\/#\/schema\/person\/0f97914526a658755f00e59ec2a832f2"},"headline":"\u201cEs mejor callar que hablar sin saber\u201d: Kenny Robert defiende a Samantha Hern\u00e1ndez tras la pol\u00e9mica","datePublished":"2026-03-12T13:19:01+00:00","dateModified":"2026-03-12T13:19:03+00:00","mainEntityOfPage":{"@id":"https:\/\/www.cuballama.com\/noticias\/es-mejor-callar-que-hablar-sin-saber-kenny-robert-defiende-a-samantha-hernandez-tras-la-polemica\/"},"wordCount":842,"commentCount":0,"publisher":{"@id":"https:\/\/www.cuballama.com\/noticias\/#organization"},"image":{"@id":"https:\/\/www.cuballama.com\/noticias\/es-mejor-callar-que-hablar-sin-saber-kenny-robert-defiende-a-samantha-hernandez-tras-la-polemica\/#primaryimage"},"thumbnailUrl":"https:\/\/cdn1.mediawpaccore.net\/wp-content\/uploads\/2026\/03\/12091401\/Kenny-Robert-defiende-a-Samantha-Hernandez-por-no-querer-hablar-de-politica.png","keywords":["Crisis en Cuba","cubanos en Miami","Influencers cubanos","Kenny Robert","Samantha Hern\u00e1ndez"],"articleSection":["Far\u00e1ndula"],"inLanguage":"es","potentialAction":[{"@type":"CommentAction","name":"Comment","target":["https:\/\/www.cuballama.com\/noticias\/es-mejor-callar-que-hablar-sin-saber-kenny-robert-defiende-a-samantha-hernandez-tras-la-polemica\/#respond"]}]},{"@type":"WebPage","@id":"https:\/\/www.cuballama.com\/noticias\/es-mejor-callar-que-hablar-sin-saber-kenny-robert-defiende-a-samantha-hernandez-tras-la-polemica\/","url":"https:\/\/www.cuballama.com\/noticias\/es-mejor-callar-que-hablar-sin-saber-kenny-robert-defiende-a-samantha-hernandez-tras-la-polemica\/","name":"\u201cEs mejor callar que hablar sin saber\u201d: Kenny Robert defiende a Samantha Hern\u00e1ndez tras la pol\u00e9mica - Cuballama Noticias","isPartOf":{"@id":"https:\/\/www.cuballama.com\/noticias\/#website"},"primaryImageOfPage":{"@id":"https:\/\/www.cuballama.com\/noticias\/es-mejor-callar-que-hablar-sin-saber-kenny-robert-defiende-a-samantha-hernandez-tras-la-polemica\/#primaryimage"},"image":{"@id":"https:\/\/www.cuballama.com\/noticias\/es-mejor-callar-que-hablar-sin-saber-kenny-robert-defiende-a-samantha-hernandez-tras-la-polemica\/#primaryimage"},"thumbnailUrl":"https:\/\/cdn1.mediawpaccore.net\/wp-content\/uploads\/2026\/03\/12091401\/Kenny-Robert-defiende-a-Samantha-Hernandez-por-no-querer-hablar-de-politica.png","datePublished":"2026-03-12T13:19:01+00:00","dateModified":"2026-03-12T13:19:03+00:00","description":"Kenny Robert defendi\u00f3 a Samantha Hern\u00e1ndez tras una ola de cr\u00edticas en redes sociales por explicar por qu\u00e9 prefiere no hablar de pol\u00edtica","breadcrumb":{"@id":"https:\/\/www.cuballama.com\/noticias\/es-mejor-callar-que-hablar-sin-saber-kenny-robert-defiende-a-samantha-hernandez-tras-la-polemica\/#breadcrumb"},"inLanguage":"es","potentialAction":[{"@type":"ReadAction","target":["https:\/\/www.cuballama.com\/noticias\/es-mejor-callar-que-hablar-sin-saber-kenny-robert-defiende-a-samantha-hernandez-tras-la-polemica\/"]}]},{"@type":"ImageObject","inLanguage":"es","@id":"https:\/\/www.cuballama.com\/noticias\/es-mejor-callar-que-hablar-sin-saber-kenny-robert-defiende-a-samantha-hernandez-tras-la-polemica\/#primaryimage","url":"https:\/\/cdn1.mediawpaccore.net\/wp-content\/uploads\/2026\/03\/12091401\/Kenny-Robert-defiende-a-Samantha-Hernandez-por-no-querer-hablar-de-politica.png","contentUrl":"https:\/\/cdn1.mediawpaccore.net\/wp-content\/uploads\/2026\/03\/12091401\/Kenny-Robert-defiende-a-Samantha-Hernandez-por-no-querer-hablar-de-politica.png","width":1260,"height":822,"caption":"Foto: Samantha Hern\u00e1ndez\/Instagram"},{"@type":"BreadcrumbList","@id":"https:\/\/www.cuballama.com\/noticias\/es-mejor-callar-que-hablar-sin-saber-kenny-robert-defiende-a-samantha-hernandez-tras-la-polemica\/#breadcrumb","itemListElement":[{"@type":"ListItem","position":1,"name":"Home","item":"https:\/\/www.cuballama.com\/noticias\/"},{"@type":"ListItem","position":2,"name":"\u201cEs mejor callar que hablar sin saber\u201d: Kenny Robert defiende a Samantha Hern\u00e1ndez tras la pol\u00e9mica"}]},{"@type":"WebSite","@id":"https:\/\/www.cuballama.com\/noticias\/#website","url":"https:\/\/www.cuballama.com\/noticias\/","name":"Cuballama Noticias","description":"Medio digital sobre Cuba y el mundo","publisher":{"@id":"https:\/\/www.cuballama.com\/noticias\/#organization"},"potentialAction":[{"@type":"SearchAction","target":{"@type":"EntryPoint","urlTemplate":"https:\/\/www.cuballama.com\/noticias\/?s={search_term_string}"},"query-input":{"@type":"PropertyValueSpecification","valueRequired":true,"valueName":"search_term_string"}}],"inLanguage":"es"},{"@type":"Organization","@id":"https:\/\/www.cuballama.com\/noticias\/#organization","name":"Cuballama","url":"https:\/\/www.cuballama.com\/noticias\/","logo":{"@type":"ImageObject","inLanguage":"es","@id":"https:\/\/www.cuballama.com\/noticias\/#\/schema\/logo\/image\/","url":"https:\/\/cdn1.mediawpaccore.net\/wp-content\/uploads\/2021\/12\/28171206\/cbll-logo-color-sm.png","contentUrl":"https:\/\/cdn1.mediawpaccore.net\/wp-content\/uploads\/2021\/12\/28171206\/cbll-logo-color-sm.png","width":600,"height":133,"caption":"Cuballama"},"image":{"@id":"https:\/\/www.cuballama.com\/noticias\/#\/schema\/logo\/image\/"},"sameAs":["https:\/\/www.facebook.com\/CubaLlama","https:\/\/x.com\/cuballama","https:\/\/www.instagram.com\/stories\/cuballama_oficial\/","https:\/\/www.youtube.com\/channel\/UCKkFE-d_axENGZcrc4as0IA"]},{"@type":"Person","@id":"https:\/\/www.cuballama.com\/noticias\/#\/schema\/person\/0f97914526a658755f00e59ec2a832f2","name":"Rafa","url":"https:\/\/www.cuballama.com\/noticias\/author\/rafa\/"}]}},"_links":{"self":[{"href":"https:\/\/www.cuballama.com\/noticias\/wp-json\/wp\/v2\/posts\/237908","targetHints":{"allow":["GET"]}}],"collection":[{"href":"https:\/\/www.cuballama.com\/noticias\/wp-json\/wp\/v2\/posts"}],"about":[{"href":"https:\/\/www.cuballama.com\/noticias\/wp-json\/wp\/v2\/types\/post"}],"author":[{"embeddable":true,"href":"https:\/\/www.cuballama.com\/noticias\/wp-json\/wp\/v2\/users\/27"}],"replies":[{"embeddable":true,"href":"https:\/\/www.cuballama.com\/noticias\/wp-json\/wp\/v2\/comments?post=237908"}],"version-history":[{"count":1,"href":"https:\/\/www.cuballama.com\/noticias\/wp-json\/wp\/v2\/posts\/237908\/revisions"}],"predecessor-version":[{"id":237914,"href":"https:\/\/www.cuballama.com\/noticias\/wp-json\/wp\/v2\/posts\/237908\/revisions\/237914"}],"wp:featuredmedia":[{"embeddable":true,"href":"https:\/\/www.cuballama.com\/noticias\/wp-json\/wp\/v2\/media\/237912"}],"wp:attachment":[{"href":"https:\/\/www.cuballama.com\/noticias\/wp-json\/wp\/v2\/media?parent=237908"}],"wp:term":[{"taxonomy":"category","embeddable":true,"href":"https:\/\/www.cuballama.com\/noticias\/wp-json\/wp\/v2\/categories?post=237908"},{"taxonomy":"post_tag","embeddable":true,"href":"https:\/\/www.cuballama.com\/noticias\/wp-json\/wp\/v2\/tags?post=237908"}],"curies":[{"name":"wp","href":"https:\/\/api.w.org\/{rel}","templated":true}]}}