{"id":237892,"date":"2026-03-12T12:21:49","date_gmt":"2026-03-12T16:21:49","guid":{"rendered":"https:\/\/www.cuballama.com\/noticias\/?p=237892"},"modified":"2026-03-12T12:21:55","modified_gmt":"2026-03-12T16:21:55","slug":"cubano-que-llego-con-el-parole-humanitario-es-baleado-y-muere-en-hialeah","status":"publish","type":"post","link":"https:\/\/www.cuballama.com\/noticias\/cubano-que-llego-con-el-parole-humanitario-es-baleado-y-muere-en-hialeah\/","title":{"rendered":"Cubano que lleg\u00f3 con el Parole Humanitario es baleado y muere en Hialeah"},"content":{"rendered":"\n<p>La muerte de un migrante cubano que hab\u00eda llegado recientemente a Estados Unidos mediante el programa de parole humanitario ha causado conmoci\u00f3n entre familiares y miembros de la comunidad en el sur de Florida. La v\u00edctima fue identificada como Homer Coutin Estrada, quien falleci\u00f3 tras recibir varios disparos frente al complejo de apartamentos donde viv\u00eda, en la ciudad de Hialeah. <\/p>\n\n\n\n<p>El tiroteo ocurri\u00f3 la ma\u00f1ana del mi\u00e9rcoles cuando el hombre sal\u00eda hacia su trabajo. De acuerdo con reportes de medios locales del sur de Florida, Coutin Estrada fue encontrado gravemente herido en una acera frente al edificio donde resid\u00eda. Cuando los agentes de la polic\u00eda de Hialeah llegaron al lugar tras recibir llamadas de emergencia por disparos, encontraron al cubano tendido en el suelo con m\u00faltiples heridas de bala. Los param\u00e9dicos intentaron asistirlo, pero poco despu\u00e9s se confirm\u00f3 su fallecimiento.<\/p>\n\n\n\n<p>Las autoridades informaron que un sospechoso fue detenido horas despu\u00e9s del crimen. El hombre fue identificado como Darion Rosas Delgado, de 37 a\u00f1os, quien fue arrestado el mismo mi\u00e9rcoles por la tarde y se\u00f1alado por la polic\u00eda como el presunto autor del tiroteo ocurrido frente al complejo residencial.<\/p>\n\n\n\n<p>Seg\u00fan reportes difundidos por <em><a href=\"https:\/\/www.youtube.com\/watch?v=zeQRuevp3uc\" target=\"_blank\" rel=\"noreferrer noopener\">CBS Miami<\/a><\/em> y <em><a href=\"https:\/\/www.youtube.com\/watch?v=mKoOmQ1BOKQ\" target=\"_blank\" rel=\"noreferrer noopener nofollow\">Local 10 News<\/a><\/em>, el ataque se produjo fuera de un edificio de apartamentos en Hialeah y los investigadores contin\u00faan analizando las circunstancias que rodearon el crimen. Hasta ahora no se han divulgado p\u00fablicamente todos los detalles sobre el motivo del ataque.<\/p>\n\n\n\n<iframe loading=\"lazy\" width=\"1451\" height=\"816\" src=\"https:\/\/www.youtube.com\/embed\/zeQRuevp3uc\" title=\"Suspected shooter arrested after man found dead on Hialeah sidewalk\" frameborder=\"0\" allow=\"accelerometer; autoplay; clipboard-write; encrypted-media; gyroscope; picture-in-picture; web-share\" referrerpolicy=\"strict-origin-when-cross-origin\" allowfullscreen><\/iframe>\n\n\n\n<p>Sin embargo, familiares de la v\u00edctima sostienen que Coutin Estrada no ten\u00eda conflictos conocidos con el sospechoso. En declaraciones ofrecidas al periodista <a href=\"https:\/\/www.facebook.com\/reel\/1605119724080318\" target=\"_blank\" rel=\"noreferrer noopener\">Alexis Boentes<\/a>, de Telemundo 51, una prima del fallecido explic\u00f3 que el cubano hab\u00eda emigrado recientemente desde la isla junto con su esposa y sus dos hijos gracias al programa de parole humanitario implementado por el gobierno de Estados Unidos.<\/p>\n\n\n\n<p>Seg\u00fan su familia, el hombre hab\u00eda llegado al pa\u00eds con la esperanza de reconstruir su vida y trabajar para sostener a su familia. Allegados lo describen como una persona tranquila y trabajadora que apenas comenzaba a adaptarse a su nueva vida en Florida.<\/p>\n\n\n\n<p>La prima del fallecido tambi\u00e9n afirm\u00f3 que el presunto agresor viv\u00eda cerca y que hab\u00eda sido visto merodeando por la zona con anterioridad. En una publicaci\u00f3n citada por medios locales, la familiar asegur\u00f3 que hab\u00eda intentado alertar sobre el comportamiento del individuo.<\/p>\n\n\n\n<p>\u201cFui a hacer la denuncia con su nombre y apellidos, con fotos y con evidencia de muchas personas que lo reconocieron, y no le dieron importancia\u201d, escribi\u00f3 la mujer en referencia a advertencias previas sobre el sospechoso.<\/p>\n\n\n\n<iframe loading=\"lazy\" src=\"https:\/\/www.facebook.com\/plugins\/video.php?height=476&#038;href=https%3A%2F%2Fwww.facebook.com%2Freel%2F1605119724080318%2F&#038;show_text=true&#038;width=267&#038;t=0\" width=\"267\" height=\"591\" style=\"border:none;overflow:hidden\" scrolling=\"no\" frameborder=\"0\" allowfullscreen=\"true\" allow=\"autoplay; clipboard-write; encrypted-media; picture-in-picture; web-share\" allowFullScreen=\"true\"><\/iframe>\n\n\n\n<p>El caso ha generado una fuerte reacci\u00f3n entre miembros de la comunidad cubana en Miami-Dade, donde muchos migrantes han expresado su tristeza y preocupaci\u00f3n por la violencia que termin\u00f3 con la vida de un hombre que apenas comenzaba una nueva etapa fuera de Cuba.<\/p>\n\n\n\n<p>Para su familia, la tragedia representa el abrupto final de un proyecto de vida que inclu\u00eda estabilidad laboral y un futuro mejor para sus hijos. La investigaci\u00f3n contin\u00faa mientras el sospechoso permanece bajo custodia.<\/p>\n\n\n\n<iframe loading=\"lazy\" width=\"1451\" height=\"816\" src=\"https:\/\/www.youtube.com\/embed\/mKoOmQ1BOKQ\" title=\"Police: Suspect arrested after deadly shooting outside Hialeah apartment complex\" frameborder=\"0\" allow=\"accelerometer; autoplay; clipboard-write; encrypted-media; gyroscope; picture-in-picture; web-share\" referrerpolicy=\"strict-origin-when-cross-origin\" allowfullscreen><\/iframe>\n","protected":false},"excerpt":{"rendered":"<p>Homer Coutin Estrada, cubano que lleg\u00f3 a Estados Unidos con parole humanitario junto a su familia, muri\u00f3 tras ser baleado cuando sal\u00eda a trabajar en Hialeah.<\/p>\n","protected":false},"author":13,"featured_media":237895,"comment_status":"open","ping_status":"closed","sticky":false,"template":"","format":"standard","meta":{"_acf_changed":false,"footnotes":""},"categories":[18,11024],"tags":[1850,31068,31066,31069,1020,31067,14667],"class_list":{"0":"post-237892","1":"post","2":"type-post","3":"status-publish","4":"format-standard","5":"has-post-thumbnail","7":"category-noticias","8":"category-noticias-de-miami","9":"tag-comunidad-cubana","10":"tag-crimen-en-hialeah","11":"tag-cubano-en-florida","12":"tag-darion-rosas-delgado","13":"tag-hialeah","14":"tag-homer-coutin-estrada","15":"tag-parole-humanitario"},"acf":[],"yoast_head":"<!-- This site is optimized with the Yoast SEO plugin v27.4 - https:\/\/yoast.com\/product\/yoast-seo-wordpress\/ -->\n<title>Cubano que lleg\u00f3 con el Parole Humanitario es baleado y muere en Hialeah - Cuballama Noticias<\/title>\n<meta name=\"description\" content=\"Cubano que lleg\u00f3 con parole humanitario muri\u00f3 tras ser baleado en Hialeah. Polic\u00eda arrest\u00f3 a un sospechoso.\" \/>\n<meta name=\"robots\" content=\"index, follow, max-snippet:-1, max-image-preview:large, max-video-preview:-1\" \/>\n<link rel=\"canonical\" href=\"https:\/\/www.cuballama.com\/noticias\/cubano-que-llego-con-el-parole-humanitario-es-baleado-y-muere-en-hialeah\/\" \/>\n<meta property=\"og:locale\" content=\"es_ES\" \/>\n<meta property=\"og:type\" content=\"article\" \/>\n<meta property=\"og:title\" content=\"Cubano que lleg\u00f3 con el Parole Humanitario es baleado y muere en Hialeah - Cuballama Noticias\" \/>\n<meta property=\"og:description\" content=\"Cubano que lleg\u00f3 con parole humanitario muri\u00f3 tras ser baleado en Hialeah. Polic\u00eda arrest\u00f3 a un sospechoso.\" \/>\n<meta property=\"og:url\" content=\"https:\/\/www.cuballama.com\/noticias\/cubano-que-llego-con-el-parole-humanitario-es-baleado-y-muere-en-hialeah\/\" \/>\n<meta property=\"og:site_name\" content=\"Cuballama Noticias\" \/>\n<meta property=\"article:publisher\" content=\"https:\/\/www.facebook.com\/CubaLlama\" \/>\n<meta property=\"article:published_time\" content=\"2026-03-12T16:21:49+00:00\" \/>\n<meta property=\"article:modified_time\" content=\"2026-03-12T16:21:55+00:00\" \/>\n<meta property=\"og:image\" content=\"https:\/\/cdn1.mediawpaccore.net\/wp-content\/uploads\/2026\/03\/12070505\/image-62.png\" \/>\n\t<meta property=\"og:image:width\" content=\"1974\" \/>\n\t<meta property=\"og:image:height\" content=\"1038\" \/>\n\t<meta property=\"og:image:type\" content=\"image\/png\" \/>\n<meta name=\"author\" content=\"Roberto A.\" \/>\n<meta name=\"twitter:card\" content=\"summary_large_image\" \/>\n<meta name=\"twitter:creator\" content=\"@cuballama\" \/>\n<meta name=\"twitter:site\" content=\"@cuballama\" \/>\n<meta name=\"twitter:label1\" content=\"Escrito por\" \/>\n\t<meta name=\"twitter:data1\" content=\"Roberto A.\" \/>\n\t<meta name=\"twitter:label2\" content=\"Tiempo de lectura\" \/>\n\t<meta name=\"twitter:data2\" content=\"3 minutos\" \/>\n<script type=\"application\/ld+json\" class=\"yoast-schema-graph\">{\"@context\":\"https:\\\/\\\/schema.org\",\"@graph\":[{\"@type\":\"Article\",\"@id\":\"https:\\\/\\\/www.cuballama.com\\\/noticias\\\/cubano-que-llego-con-el-parole-humanitario-es-baleado-y-muere-en-hialeah\\\/#article\",\"isPartOf\":{\"@id\":\"https:\\\/\\\/www.cuballama.com\\\/noticias\\\/cubano-que-llego-con-el-parole-humanitario-es-baleado-y-muere-en-hialeah\\\/\"},\"author\":{\"name\":\"Roberto A.\",\"@id\":\"https:\\\/\\\/www.cuballama.com\\\/noticias\\\/#\\\/schema\\\/person\\\/a58502ed4146c8e9f83872e897c76cd2\"},\"headline\":\"Cubano que lleg\u00f3 con el Parole Humanitario es baleado y muere en Hialeah\",\"datePublished\":\"2026-03-12T16:21:49+00:00\",\"dateModified\":\"2026-03-12T16:21:55+00:00\",\"mainEntityOfPage\":{\"@id\":\"https:\\\/\\\/www.cuballama.com\\\/noticias\\\/cubano-que-llego-con-el-parole-humanitario-es-baleado-y-muere-en-hialeah\\\/\"},\"wordCount\":544,\"commentCount\":0,\"publisher\":{\"@id\":\"https:\\\/\\\/www.cuballama.com\\\/noticias\\\/#organization\"},\"image\":{\"@id\":\"https:\\\/\\\/www.cuballama.com\\\/noticias\\\/cubano-que-llego-con-el-parole-humanitario-es-baleado-y-muere-en-hialeah\\\/#primaryimage\"},\"thumbnailUrl\":\"https:\\\/\\\/cdn1.mediawpaccore.net\\\/wp-content\\\/uploads\\\/2026\\\/03\\\/12070505\\\/image-62.png\",\"keywords\":[\"comunidad cubana\",\"crimen en Hialeah\",\"cubano en Florida\",\"Darion Rosas Delgado\",\"Hialeah\",\"Homer Coutin Estrada\",\"parole humanitario\"],\"articleSection\":[\"Noticias\",\"Noticias de Miami\"],\"inLanguage\":\"es\",\"potentialAction\":[{\"@type\":\"CommentAction\",\"name\":\"Comment\",\"target\":[\"https:\\\/\\\/www.cuballama.com\\\/noticias\\\/cubano-que-llego-con-el-parole-humanitario-es-baleado-y-muere-en-hialeah\\\/#respond\"]}]},{\"@type\":\"WebPage\",\"@id\":\"https:\\\/\\\/www.cuballama.com\\\/noticias\\\/cubano-que-llego-con-el-parole-humanitario-es-baleado-y-muere-en-hialeah\\\/\",\"url\":\"https:\\\/\\\/www.cuballama.com\\\/noticias\\\/cubano-que-llego-con-el-parole-humanitario-es-baleado-y-muere-en-hialeah\\\/\",\"name\":\"Cubano que lleg\u00f3 con el Parole Humanitario es baleado y muere en Hialeah - Cuballama Noticias\",\"isPartOf\":{\"@id\":\"https:\\\/\\\/www.cuballama.com\\\/noticias\\\/#website\"},\"primaryImageOfPage\":{\"@id\":\"https:\\\/\\\/www.cuballama.com\\\/noticias\\\/cubano-que-llego-con-el-parole-humanitario-es-baleado-y-muere-en-hialeah\\\/#primaryimage\"},\"image\":{\"@id\":\"https:\\\/\\\/www.cuballama.com\\\/noticias\\\/cubano-que-llego-con-el-parole-humanitario-es-baleado-y-muere-en-hialeah\\\/#primaryimage\"},\"thumbnailUrl\":\"https:\\\/\\\/cdn1.mediawpaccore.net\\\/wp-content\\\/uploads\\\/2026\\\/03\\\/12070505\\\/image-62.png\",\"datePublished\":\"2026-03-12T16:21:49+00:00\",\"dateModified\":\"2026-03-12T16:21:55+00:00\",\"description\":\"Cubano que lleg\u00f3 con parole humanitario muri\u00f3 tras ser baleado en Hialeah. Polic\u00eda arrest\u00f3 a un sospechoso.\",\"breadcrumb\":{\"@id\":\"https:\\\/\\\/www.cuballama.com\\\/noticias\\\/cubano-que-llego-con-el-parole-humanitario-es-baleado-y-muere-en-hialeah\\\/#breadcrumb\"},\"inLanguage\":\"es\",\"potentialAction\":[{\"@type\":\"ReadAction\",\"target\":[\"https:\\\/\\\/www.cuballama.com\\\/noticias\\\/cubano-que-llego-con-el-parole-humanitario-es-baleado-y-muere-en-hialeah\\\/\"]}]},{\"@type\":\"ImageObject\",\"inLanguage\":\"es\",\"@id\":\"https:\\\/\\\/www.cuballama.com\\\/noticias\\\/cubano-que-llego-con-el-parole-humanitario-es-baleado-y-muere-en-hialeah\\\/#primaryimage\",\"url\":\"https:\\\/\\\/cdn1.mediawpaccore.net\\\/wp-content\\\/uploads\\\/2026\\\/03\\\/12070505\\\/image-62.png\",\"contentUrl\":\"https:\\\/\\\/cdn1.mediawpaccore.net\\\/wp-content\\\/uploads\\\/2026\\\/03\\\/12070505\\\/image-62.png\",\"width\":1974,\"height\":1038,\"caption\":\"Foto: Collage v\u00eda MDCR\"},{\"@type\":\"BreadcrumbList\",\"@id\":\"https:\\\/\\\/www.cuballama.com\\\/noticias\\\/cubano-que-llego-con-el-parole-humanitario-es-baleado-y-muere-en-hialeah\\\/#breadcrumb\",\"itemListElement\":[{\"@type\":\"ListItem\",\"position\":1,\"name\":\"Home\",\"item\":\"https:\\\/\\\/www.cuballama.com\\\/noticias\\\/\"},{\"@type\":\"ListItem\",\"position\":2,\"name\":\"Cubano que lleg\u00f3 con el Parole Humanitario es baleado y muere en Hialeah\"}]},{\"@type\":\"WebSite\",\"@id\":\"https:\\\/\\\/www.cuballama.com\\\/noticias\\\/#website\",\"url\":\"https:\\\/\\\/www.cuballama.com\\\/noticias\\\/\",\"name\":\"Cuballama Noticias\",\"description\":\"Medio digital sobre Cuba y el mundo\",\"publisher\":{\"@id\":\"https:\\\/\\\/www.cuballama.com\\\/noticias\\\/#organization\"},\"potentialAction\":[{\"@type\":\"SearchAction\",\"target\":{\"@type\":\"EntryPoint\",\"urlTemplate\":\"https:\\\/\\\/www.cuballama.com\\\/noticias\\\/?s={search_term_string}\"},\"query-input\":{\"@type\":\"PropertyValueSpecification\",\"valueRequired\":true,\"valueName\":\"search_term_string\"}}],\"inLanguage\":\"es\"},{\"@type\":\"Organization\",\"@id\":\"https:\\\/\\\/www.cuballama.com\\\/noticias\\\/#organization\",\"name\":\"Cuballama\",\"url\":\"https:\\\/\\\/www.cuballama.com\\\/noticias\\\/\",\"logo\":{\"@type\":\"ImageObject\",\"inLanguage\":\"es\",\"@id\":\"https:\\\/\\\/www.cuballama.com\\\/noticias\\\/#\\\/schema\\\/logo\\\/image\\\/\",\"url\":\"https:\\\/\\\/cdn1.mediawpaccore.net\\\/wp-content\\\/uploads\\\/2021\\\/12\\\/28171206\\\/cbll-logo-color-sm.png\",\"contentUrl\":\"https:\\\/\\\/cdn1.mediawpaccore.net\\\/wp-content\\\/uploads\\\/2021\\\/12\\\/28171206\\\/cbll-logo-color-sm.png\",\"width\":600,\"height\":133,\"caption\":\"Cuballama\"},\"image\":{\"@id\":\"https:\\\/\\\/www.cuballama.com\\\/noticias\\\/#\\\/schema\\\/logo\\\/image\\\/\"},\"sameAs\":[\"https:\\\/\\\/www.facebook.com\\\/CubaLlama\",\"https:\\\/\\\/x.com\\\/cuballama\",\"https:\\\/\\\/www.instagram.com\\\/stories\\\/cuballama_oficial\\\/\",\"https:\\\/\\\/www.youtube.com\\\/channel\\\/UCKkFE-d_axENGZcrc4as0IA\"]},{\"@type\":\"Person\",\"@id\":\"https:\\\/\\\/www.cuballama.com\\\/noticias\\\/#\\\/schema\\\/person\\\/a58502ed4146c8e9f83872e897c76cd2\",\"name\":\"Roberto A.\",\"description\":\"Roberto A. Periodista por decisi\u00f3n propia. Interesado en cualquier tema que me apasione y cada vez m\u00e1s comprometido con la verdad y la objetividad period\u00edstica. Graduado en La Habana hace ya muchos a\u00f1os, luego de una accidentada y polvorienta b\u00fasqueda de informaci\u00f3n sobre un tema in\u00e9dito. La Tesis, por cierto, desapareci\u00f3 de la biblioteca y no se conservan copias de la misma.\",\"url\":\"https:\\\/\\\/www.cuballama.com\\\/noticias\\\/author\\\/roberto\\\/\"}]}<\/script>\n<!-- \/ Yoast SEO plugin. -->","yoast_head_json":{"title":"Cubano que lleg\u00f3 con el Parole Humanitario es baleado y muere en Hialeah - Cuballama Noticias","description":"Cubano que lleg\u00f3 con parole humanitario muri\u00f3 tras ser baleado en Hialeah. Polic\u00eda arrest\u00f3 a un sospechoso.","robots":{"index":"index","follow":"follow","max-snippet":"max-snippet:-1","max-image-preview":"max-image-preview:large","max-video-preview":"max-video-preview:-1"},"canonical":"https:\/\/www.cuballama.com\/noticias\/cubano-que-llego-con-el-parole-humanitario-es-baleado-y-muere-en-hialeah\/","og_locale":"es_ES","og_type":"article","og_title":"Cubano que lleg\u00f3 con el Parole Humanitario es baleado y muere en Hialeah - Cuballama Noticias","og_description":"Cubano que lleg\u00f3 con parole humanitario muri\u00f3 tras ser baleado en Hialeah. Polic\u00eda arrest\u00f3 a un sospechoso.","og_url":"https:\/\/www.cuballama.com\/noticias\/cubano-que-llego-con-el-parole-humanitario-es-baleado-y-muere-en-hialeah\/","og_site_name":"Cuballama Noticias","article_publisher":"https:\/\/www.facebook.com\/CubaLlama","article_published_time":"2026-03-12T16:21:49+00:00","article_modified_time":"2026-03-12T16:21:55+00:00","og_image":[{"width":1974,"height":1038,"url":"https:\/\/cdn1.mediawpaccore.net\/wp-content\/uploads\/2026\/03\/12070505\/image-62.png","type":"image\/png"}],"author":"Roberto A.","twitter_card":"summary_large_image","twitter_creator":"@cuballama","twitter_site":"@cuballama","twitter_misc":{"Escrito por":"Roberto A.","Tiempo de lectura":"3 minutos"},"schema":{"@context":"https:\/\/schema.org","@graph":[{"@type":"Article","@id":"https:\/\/www.cuballama.com\/noticias\/cubano-que-llego-con-el-parole-humanitario-es-baleado-y-muere-en-hialeah\/#article","isPartOf":{"@id":"https:\/\/www.cuballama.com\/noticias\/cubano-que-llego-con-el-parole-humanitario-es-baleado-y-muere-en-hialeah\/"},"author":{"name":"Roberto A.","@id":"https:\/\/www.cuballama.com\/noticias\/#\/schema\/person\/a58502ed4146c8e9f83872e897c76cd2"},"headline":"Cubano que lleg\u00f3 con el Parole Humanitario es baleado y muere en Hialeah","datePublished":"2026-03-12T16:21:49+00:00","dateModified":"2026-03-12T16:21:55+00:00","mainEntityOfPage":{"@id":"https:\/\/www.cuballama.com\/noticias\/cubano-que-llego-con-el-parole-humanitario-es-baleado-y-muere-en-hialeah\/"},"wordCount":544,"commentCount":0,"publisher":{"@id":"https:\/\/www.cuballama.com\/noticias\/#organization"},"image":{"@id":"https:\/\/www.cuballama.com\/noticias\/cubano-que-llego-con-el-parole-humanitario-es-baleado-y-muere-en-hialeah\/#primaryimage"},"thumbnailUrl":"https:\/\/cdn1.mediawpaccore.net\/wp-content\/uploads\/2026\/03\/12070505\/image-62.png","keywords":["comunidad cubana","crimen en Hialeah","cubano en Florida","Darion Rosas Delgado","Hialeah","Homer Coutin Estrada","parole humanitario"],"articleSection":["Noticias","Noticias de Miami"],"inLanguage":"es","potentialAction":[{"@type":"CommentAction","name":"Comment","target":["https:\/\/www.cuballama.com\/noticias\/cubano-que-llego-con-el-parole-humanitario-es-baleado-y-muere-en-hialeah\/#respond"]}]},{"@type":"WebPage","@id":"https:\/\/www.cuballama.com\/noticias\/cubano-que-llego-con-el-parole-humanitario-es-baleado-y-muere-en-hialeah\/","url":"https:\/\/www.cuballama.com\/noticias\/cubano-que-llego-con-el-parole-humanitario-es-baleado-y-muere-en-hialeah\/","name":"Cubano que lleg\u00f3 con el Parole Humanitario es baleado y muere en Hialeah - Cuballama Noticias","isPartOf":{"@id":"https:\/\/www.cuballama.com\/noticias\/#website"},"primaryImageOfPage":{"@id":"https:\/\/www.cuballama.com\/noticias\/cubano-que-llego-con-el-parole-humanitario-es-baleado-y-muere-en-hialeah\/#primaryimage"},"image":{"@id":"https:\/\/www.cuballama.com\/noticias\/cubano-que-llego-con-el-parole-humanitario-es-baleado-y-muere-en-hialeah\/#primaryimage"},"thumbnailUrl":"https:\/\/cdn1.mediawpaccore.net\/wp-content\/uploads\/2026\/03\/12070505\/image-62.png","datePublished":"2026-03-12T16:21:49+00:00","dateModified":"2026-03-12T16:21:55+00:00","description":"Cubano que lleg\u00f3 con parole humanitario muri\u00f3 tras ser baleado en Hialeah. Polic\u00eda arrest\u00f3 a un sospechoso.","breadcrumb":{"@id":"https:\/\/www.cuballama.com\/noticias\/cubano-que-llego-con-el-parole-humanitario-es-baleado-y-muere-en-hialeah\/#breadcrumb"},"inLanguage":"es","potentialAction":[{"@type":"ReadAction","target":["https:\/\/www.cuballama.com\/noticias\/cubano-que-llego-con-el-parole-humanitario-es-baleado-y-muere-en-hialeah\/"]}]},{"@type":"ImageObject","inLanguage":"es","@id":"https:\/\/www.cuballama.com\/noticias\/cubano-que-llego-con-el-parole-humanitario-es-baleado-y-muere-en-hialeah\/#primaryimage","url":"https:\/\/cdn1.mediawpaccore.net\/wp-content\/uploads\/2026\/03\/12070505\/image-62.png","contentUrl":"https:\/\/cdn1.mediawpaccore.net\/wp-content\/uploads\/2026\/03\/12070505\/image-62.png","width":1974,"height":1038,"caption":"Foto: Collage v\u00eda MDCR"},{"@type":"BreadcrumbList","@id":"https:\/\/www.cuballama.com\/noticias\/cubano-que-llego-con-el-parole-humanitario-es-baleado-y-muere-en-hialeah\/#breadcrumb","itemListElement":[{"@type":"ListItem","position":1,"name":"Home","item":"https:\/\/www.cuballama.com\/noticias\/"},{"@type":"ListItem","position":2,"name":"Cubano que lleg\u00f3 con el Parole Humanitario es baleado y muere en Hialeah"}]},{"@type":"WebSite","@id":"https:\/\/www.cuballama.com\/noticias\/#website","url":"https:\/\/www.cuballama.com\/noticias\/","name":"Cuballama Noticias","description":"Medio digital sobre Cuba y el mundo","publisher":{"@id":"https:\/\/www.cuballama.com\/noticias\/#organization"},"potentialAction":[{"@type":"SearchAction","target":{"@type":"EntryPoint","urlTemplate":"https:\/\/www.cuballama.com\/noticias\/?s={search_term_string}"},"query-input":{"@type":"PropertyValueSpecification","valueRequired":true,"valueName":"search_term_string"}}],"inLanguage":"es"},{"@type":"Organization","@id":"https:\/\/www.cuballama.com\/noticias\/#organization","name":"Cuballama","url":"https:\/\/www.cuballama.com\/noticias\/","logo":{"@type":"ImageObject","inLanguage":"es","@id":"https:\/\/www.cuballama.com\/noticias\/#\/schema\/logo\/image\/","url":"https:\/\/cdn1.mediawpaccore.net\/wp-content\/uploads\/2021\/12\/28171206\/cbll-logo-color-sm.png","contentUrl":"https:\/\/cdn1.mediawpaccore.net\/wp-content\/uploads\/2021\/12\/28171206\/cbll-logo-color-sm.png","width":600,"height":133,"caption":"Cuballama"},"image":{"@id":"https:\/\/www.cuballama.com\/noticias\/#\/schema\/logo\/image\/"},"sameAs":["https:\/\/www.facebook.com\/CubaLlama","https:\/\/x.com\/cuballama","https:\/\/www.instagram.com\/stories\/cuballama_oficial\/","https:\/\/www.youtube.com\/channel\/UCKkFE-d_axENGZcrc4as0IA"]},{"@type":"Person","@id":"https:\/\/www.cuballama.com\/noticias\/#\/schema\/person\/a58502ed4146c8e9f83872e897c76cd2","name":"Roberto A.","description":"Roberto A. Periodista por decisi\u00f3n propia. Interesado en cualquier tema que me apasione y cada vez m\u00e1s comprometido con la verdad y la objetividad period\u00edstica. Graduado en La Habana hace ya muchos a\u00f1os, luego de una accidentada y polvorienta b\u00fasqueda de informaci\u00f3n sobre un tema in\u00e9dito. La Tesis, por cierto, desapareci\u00f3 de la biblioteca y no se conservan copias de la misma.","url":"https:\/\/www.cuballama.com\/noticias\/author\/roberto\/"}]}},"_links":{"self":[{"href":"https:\/\/www.cuballama.com\/noticias\/wp-json\/wp\/v2\/posts\/237892","targetHints":{"allow":["GET"]}}],"collection":[{"href":"https:\/\/www.cuballama.com\/noticias\/wp-json\/wp\/v2\/posts"}],"about":[{"href":"https:\/\/www.cuballama.com\/noticias\/wp-json\/wp\/v2\/types\/post"}],"author":[{"embeddable":true,"href":"https:\/\/www.cuballama.com\/noticias\/wp-json\/wp\/v2\/users\/13"}],"replies":[{"embeddable":true,"href":"https:\/\/www.cuballama.com\/noticias\/wp-json\/wp\/v2\/comments?post=237892"}],"version-history":[{"count":4,"href":"https:\/\/www.cuballama.com\/noticias\/wp-json\/wp\/v2\/posts\/237892\/revisions"}],"predecessor-version":[{"id":237931,"href":"https:\/\/www.cuballama.com\/noticias\/wp-json\/wp\/v2\/posts\/237892\/revisions\/237931"}],"wp:featuredmedia":[{"embeddable":true,"href":"https:\/\/www.cuballama.com\/noticias\/wp-json\/wp\/v2\/media\/237895"}],"wp:attachment":[{"href":"https:\/\/www.cuballama.com\/noticias\/wp-json\/wp\/v2\/media?parent=237892"}],"wp:term":[{"taxonomy":"category","embeddable":true,"href":"https:\/\/www.cuballama.com\/noticias\/wp-json\/wp\/v2\/categories?post=237892"},{"taxonomy":"post_tag","embeddable":true,"href":"https:\/\/www.cuballama.com\/noticias\/wp-json\/wp\/v2\/tags?post=237892"}],"curies":[{"name":"wp","href":"https:\/\/api.w.org\/{rel}","templated":true}]}}