{"id":237882,"date":"2026-03-12T12:23:39","date_gmt":"2026-03-12T16:23:39","guid":{"rendered":"https:\/\/www.cuballama.com\/noticias\/?p=237882"},"modified":"2026-03-12T12:23:47","modified_gmt":"2026-03-12T16:23:47","slug":"emiten-alerta-en-la-habana-un-hombre-se-encuentra-desaparecido-y-su-hija-pide-ayuda","status":"publish","type":"post","link":"https:\/\/www.cuballama.com\/noticias\/emiten-alerta-en-la-habana-un-hombre-se-encuentra-desaparecido-y-su-hija-pide-ayuda\/","title":{"rendered":"Emiten alerta en La Habana: un hombre se encuentra desaparecido y su hija pide ayuda"},"content":{"rendered":"\n<p>Familiares y allegados han emitido una alerta en redes sociales tras la desaparici\u00f3n de un hombre identificado como Miguel Mart\u00ednez Ramos, residente en el barrio de Mantilla, en el municipio Arroyo Naranjo, en La Habana. Seg\u00fan la informaci\u00f3n difundida por sus parientes, el hombre sali\u00f3 de su vivienda en la ma\u00f1ana del d\u00eda anterior y desde entonces no se ha tenido noticias sobre su paradero.<\/p>\n\n\n\n<p>La alerta fue publicada inicialmente en <em><a href=\"https:\/\/www.facebook.com\/maidelis.martinezduran\/posts\/pfbid0jN5uwPQhHVbMkg5bEJ36zMZeQ6QpykrWm8zK4wP6jtL1RRh7HKwREV8zwLGR6d6kl\" target=\"_blank\" rel=\"noreferrer noopener nofollow\">Facebook<\/a><\/em> por Maidelis Mart\u00ednez Dur\u00e1n, hija del desaparecido, quien pidi\u00f3 ayuda urgente a la comunidad para localizarlo. En su mensaje explic\u00f3 que su padre sali\u00f3 de casa en horas de la ma\u00f1ana y desde ese momento la familia no ha podido comunicarse con \u00e9l.<\/p>\n\n\n\n<p>\u201cEs mi pap\u00e1, se llama Miguel Mart\u00ednez Ramos, de Mantilla. Sali\u00f3 ayer en la ma\u00f1ana y no hemos tenido noticias desde entonces. Les ruego, cualquiera que lo reconozca o que lo haya visto, que nos d\u00e9 alguna pista\u201d, escribi\u00f3 la mujer en la publicaci\u00f3n.<\/p>\n\n\n\n<iframe loading=\"lazy\" src=\"https:\/\/www.facebook.com\/plugins\/post.php?href=https%3A%2F%2Fwww.facebook.com%2Fmaidelis.martinezduran%2Fposts%2Fpfbid0jN5uwPQhHVbMkg5bEJ36zMZeQ6QpykrWm8zK4wP6jtL1RRh7HKwREV8zwLGR6d6kl&#038;show_text=true&#038;width=500\" width=\"500\" height=\"685\" style=\"border:none;overflow:hidden\" scrolling=\"no\" frameborder=\"0\" allowfullscreen=\"true\" allow=\"autoplay; clipboard-write; encrypted-media; picture-in-picture; web-share\"><\/iframe>\n\n\n\n<p>De acuerdo con la descripci\u00f3n difundida por la familia, al momento de salir de la vivienda el hombre vest\u00eda un short color mostaza y un pul\u00f3ver de rayas. Sus familiares tambi\u00e9n se\u00f1alaron que se encontraba en un estado emocional depresivo, lo que ha incrementado la preocupaci\u00f3n por su seguridad.<\/p>\n\n\n\n<p>En el mensaje, la familia pidi\u00f3 que cualquier persona que tenga informaci\u00f3n sobre su paradero se comunique a los n\u00fameros 76941226 o 59399024.<\/p>\n\n\n\n<p>La publicaci\u00f3n gener\u00f3 r\u00e1pidamente numerosas reacciones de vecinos, amigos y conocidos que han comenzado a compartir el mensaje con la esperanza de obtener alguna pista. En los comentarios, varias personas expresaron su preocupaci\u00f3n y enviaron mensajes de apoyo a la familia.<\/p>\n\n\n\n<p>\u201cCuando tengas noticias av\u00edsame, no pierdas la fe\u201d, escribi\u00f3 una usuaria, mientras otros pidieron mantener la esperanza y continuar difundiendo la alerta para ampliar el alcance de la b\u00fasqueda.<\/p>\n\n\n\n<p>El caso tambi\u00e9n fue difundido por el influencer cubano Niover Licea, creador de la plataforma Nio Reportando un Crimen, dedicada a divulgar denuncias y alertas ciudadanas. <a href=\"https:\/\/www.facebook.com\/permalink.php?story_fbid=pfbid0HxqmLdg5RGKHdqy1iRNZC6EtzHdP3LEvNdU2Wr1g1RijBoZGiUSM6R4463kPGAFkl&amp;id=61559784217848\" target=\"_blank\" rel=\"noreferrer noopener\">En una publicaci\u00f3n en redes sociales<\/a>, el activista comparti\u00f3 la alerta de desaparici\u00f3n para ayudar a localizar al hombre. <\/p>\n\n\n\n<p>Seg\u00fan la informaci\u00f3n publicada por esa plataforma, Miguel Mart\u00ednez tiene 71 a\u00f1os y habr\u00eda salido de su vivienda dejando en la casa su tel\u00e9fono y documentos personales. Tambi\u00e9n se mencion\u00f3 que algunas personas indicaron que podr\u00eda haber sido visto por la zona del Parque del M\u00f3naco, aunque esa informaci\u00f3n todav\u00eda no ha sido confirmada.<\/p>\n\n\n\n<p>Hasta el momento, familiares del desaparecido aseguran que no han recibido noticias sobre su paradero y mantienen la b\u00fasqueda activa a trav\u00e9s de redes sociales y contactos comunitarios.<\/p>\n\n\n\n<p>La familia ha reiterado el llamado a la poblaci\u00f3n para compartir la informaci\u00f3n y ayudar a localizarlo lo antes posible.<\/p>\n\n\n\n<p><br><\/p>\n","protected":false},"excerpt":{"rendered":"<p>Familiares piden ayuda para localizar a Miguel Mart\u00ednez Ramos, un hombre de Mantilla, La Habana, que sali\u00f3 de su casa y no ha regresado.<\/p>\n","protected":false},"author":13,"featured_media":237884,"comment_status":"open","ping_status":"closed","sticky":false,"template":"","format":"standard","meta":{"_acf_changed":false,"footnotes":""},"categories":[18,955],"tags":[26685,8409,30367,11,6107,164,30759,28226,29567,729],"class_list":{"0":"post-237882","1":"post","2":"type-post","3":"status-publish","4":"format-standard","5":"has-post-thumbnail","7":"category-noticias","8":"category-noticias-de-cuba","9":"tag-alerta-ciudadana","10":"tag-arroyo-naranjo","11":"tag-busqueda-de-personas","12":"tag-cuba","13":"tag-desaparicion","14":"tag-la-habana","15":"tag-mantilla","16":"tag-nio-reportando-un-crimen","17":"tag-persona-desaparecida","18":"tag-redes-sociales"},"acf":[],"yoast_head":"<!-- This site is optimized with the Yoast SEO plugin v27.4 - https:\/\/yoast.com\/product\/yoast-seo-wordpress\/ -->\n<title>Emiten alerta en La Habana: un hombre se encuentra desaparecido y su hija pide ayuda - Cuballama Noticias<\/title>\n<meta name=\"description\" content=\"Familiares emiten alerta en redes por la desaparici\u00f3n de Miguel Mart\u00ednez Ramos, un hombre residente en Mantilla, La Habana.\" \/>\n<meta name=\"robots\" content=\"index, follow, max-snippet:-1, max-image-preview:large, max-video-preview:-1\" \/>\n<link rel=\"canonical\" href=\"https:\/\/www.cuballama.com\/noticias\/emiten-alerta-en-la-habana-un-hombre-se-encuentra-desaparecido-y-su-hija-pide-ayuda\/\" \/>\n<meta property=\"og:locale\" content=\"es_ES\" \/>\n<meta property=\"og:type\" content=\"article\" \/>\n<meta property=\"og:title\" content=\"Emiten alerta en La Habana: un hombre se encuentra desaparecido y su hija pide ayuda - Cuballama Noticias\" \/>\n<meta property=\"og:description\" content=\"Familiares emiten alerta en redes por la desaparici\u00f3n de Miguel Mart\u00ednez Ramos, un hombre residente en Mantilla, La Habana.\" \/>\n<meta property=\"og:url\" content=\"https:\/\/www.cuballama.com\/noticias\/emiten-alerta-en-la-habana-un-hombre-se-encuentra-desaparecido-y-su-hija-pide-ayuda\/\" \/>\n<meta property=\"og:site_name\" content=\"Cuballama Noticias\" \/>\n<meta property=\"article:publisher\" content=\"https:\/\/www.facebook.com\/CubaLlama\" \/>\n<meta property=\"article:published_time\" content=\"2026-03-12T16:23:39+00:00\" \/>\n<meta property=\"article:modified_time\" content=\"2026-03-12T16:23:47+00:00\" \/>\n<meta property=\"og:image\" content=\"https:\/\/cdn1.mediawpaccore.net\/wp-content\/uploads\/2026\/03\/12055950\/image-60.png\" \/>\n\t<meta property=\"og:image:width\" content=\"1971\" \/>\n\t<meta property=\"og:image:height\" content=\"1036\" \/>\n\t<meta property=\"og:image:type\" content=\"image\/png\" \/>\n<meta name=\"author\" content=\"Roberto A.\" \/>\n<meta name=\"twitter:card\" content=\"summary_large_image\" \/>\n<meta name=\"twitter:creator\" content=\"@cuballama\" \/>\n<meta name=\"twitter:site\" content=\"@cuballama\" \/>\n<meta name=\"twitter:label1\" content=\"Escrito por\" \/>\n\t<meta name=\"twitter:data1\" content=\"Roberto A.\" \/>\n\t<meta name=\"twitter:label2\" content=\"Tiempo de lectura\" \/>\n\t<meta name=\"twitter:data2\" content=\"3 minutos\" \/>\n<script type=\"application\/ld+json\" class=\"yoast-schema-graph\">{\"@context\":\"https:\\\/\\\/schema.org\",\"@graph\":[{\"@type\":\"Article\",\"@id\":\"https:\\\/\\\/www.cuballama.com\\\/noticias\\\/emiten-alerta-en-la-habana-un-hombre-se-encuentra-desaparecido-y-su-hija-pide-ayuda\\\/#article\",\"isPartOf\":{\"@id\":\"https:\\\/\\\/www.cuballama.com\\\/noticias\\\/emiten-alerta-en-la-habana-un-hombre-se-encuentra-desaparecido-y-su-hija-pide-ayuda\\\/\"},\"author\":{\"name\":\"Roberto A.\",\"@id\":\"https:\\\/\\\/www.cuballama.com\\\/noticias\\\/#\\\/schema\\\/person\\\/a58502ed4146c8e9f83872e897c76cd2\"},\"headline\":\"Emiten alerta en La Habana: un hombre se encuentra desaparecido y su hija pide ayuda\",\"datePublished\":\"2026-03-12T16:23:39+00:00\",\"dateModified\":\"2026-03-12T16:23:47+00:00\",\"mainEntityOfPage\":{\"@id\":\"https:\\\/\\\/www.cuballama.com\\\/noticias\\\/emiten-alerta-en-la-habana-un-hombre-se-encuentra-desaparecido-y-su-hija-pide-ayuda\\\/\"},\"wordCount\":503,\"commentCount\":0,\"publisher\":{\"@id\":\"https:\\\/\\\/www.cuballama.com\\\/noticias\\\/#organization\"},\"image\":{\"@id\":\"https:\\\/\\\/www.cuballama.com\\\/noticias\\\/emiten-alerta-en-la-habana-un-hombre-se-encuentra-desaparecido-y-su-hija-pide-ayuda\\\/#primaryimage\"},\"thumbnailUrl\":\"https:\\\/\\\/cdn1.mediawpaccore.net\\\/wp-content\\\/uploads\\\/2026\\\/03\\\/12055950\\\/image-60.png\",\"keywords\":[\"alerta ciudadana\",\"Arroyo Naranjo\",\"b\u00fasqueda de personas\",\"Cuba\",\"desaparici\u00f3n\",\"La Habana\",\"Mantilla\",\"nio reportando un crimen\",\"persona desaparecida\",\"redes Sociales\"],\"articleSection\":[\"Noticias\",\"Noticias de Cuba\"],\"inLanguage\":\"es\",\"potentialAction\":[{\"@type\":\"CommentAction\",\"name\":\"Comment\",\"target\":[\"https:\\\/\\\/www.cuballama.com\\\/noticias\\\/emiten-alerta-en-la-habana-un-hombre-se-encuentra-desaparecido-y-su-hija-pide-ayuda\\\/#respond\"]}]},{\"@type\":\"WebPage\",\"@id\":\"https:\\\/\\\/www.cuballama.com\\\/noticias\\\/emiten-alerta-en-la-habana-un-hombre-se-encuentra-desaparecido-y-su-hija-pide-ayuda\\\/\",\"url\":\"https:\\\/\\\/www.cuballama.com\\\/noticias\\\/emiten-alerta-en-la-habana-un-hombre-se-encuentra-desaparecido-y-su-hija-pide-ayuda\\\/\",\"name\":\"Emiten alerta en La Habana: un hombre se encuentra desaparecido y su hija pide ayuda - Cuballama Noticias\",\"isPartOf\":{\"@id\":\"https:\\\/\\\/www.cuballama.com\\\/noticias\\\/#website\"},\"primaryImageOfPage\":{\"@id\":\"https:\\\/\\\/www.cuballama.com\\\/noticias\\\/emiten-alerta-en-la-habana-un-hombre-se-encuentra-desaparecido-y-su-hija-pide-ayuda\\\/#primaryimage\"},\"image\":{\"@id\":\"https:\\\/\\\/www.cuballama.com\\\/noticias\\\/emiten-alerta-en-la-habana-un-hombre-se-encuentra-desaparecido-y-su-hija-pide-ayuda\\\/#primaryimage\"},\"thumbnailUrl\":\"https:\\\/\\\/cdn1.mediawpaccore.net\\\/wp-content\\\/uploads\\\/2026\\\/03\\\/12055950\\\/image-60.png\",\"datePublished\":\"2026-03-12T16:23:39+00:00\",\"dateModified\":\"2026-03-12T16:23:47+00:00\",\"description\":\"Familiares emiten alerta en redes por la desaparici\u00f3n de Miguel Mart\u00ednez Ramos, un hombre residente en Mantilla, La Habana.\",\"breadcrumb\":{\"@id\":\"https:\\\/\\\/www.cuballama.com\\\/noticias\\\/emiten-alerta-en-la-habana-un-hombre-se-encuentra-desaparecido-y-su-hija-pide-ayuda\\\/#breadcrumb\"},\"inLanguage\":\"es\",\"potentialAction\":[{\"@type\":\"ReadAction\",\"target\":[\"https:\\\/\\\/www.cuballama.com\\\/noticias\\\/emiten-alerta-en-la-habana-un-hombre-se-encuentra-desaparecido-y-su-hija-pide-ayuda\\\/\"]}]},{\"@type\":\"ImageObject\",\"inLanguage\":\"es\",\"@id\":\"https:\\\/\\\/www.cuballama.com\\\/noticias\\\/emiten-alerta-en-la-habana-un-hombre-se-encuentra-desaparecido-y-su-hija-pide-ayuda\\\/#primaryimage\",\"url\":\"https:\\\/\\\/cdn1.mediawpaccore.net\\\/wp-content\\\/uploads\\\/2026\\\/03\\\/12055950\\\/image-60.png\",\"contentUrl\":\"https:\\\/\\\/cdn1.mediawpaccore.net\\\/wp-content\\\/uploads\\\/2026\\\/03\\\/12055950\\\/image-60.png\",\"width\":1971,\"height\":1036,\"caption\":\"\u201cEs mi pap\u00e1, se llama Miguel Mart\u00ednez Ramos, de Mantilla. Sali\u00f3 ayer en la ma\u00f1ana y no hemos tenido noticias desde entonces. Les ruego, cualquiera que lo reconozca o que lo haya visto, que nos d\u00e9 alguna pista\u201d, escribi\u00f3 su hija en una publicaci\u00f3n en Facebook.\"},{\"@type\":\"BreadcrumbList\",\"@id\":\"https:\\\/\\\/www.cuballama.com\\\/noticias\\\/emiten-alerta-en-la-habana-un-hombre-se-encuentra-desaparecido-y-su-hija-pide-ayuda\\\/#breadcrumb\",\"itemListElement\":[{\"@type\":\"ListItem\",\"position\":1,\"name\":\"Home\",\"item\":\"https:\\\/\\\/www.cuballama.com\\\/noticias\\\/\"},{\"@type\":\"ListItem\",\"position\":2,\"name\":\"Emiten alerta en La Habana: un hombre se encuentra desaparecido y su hija pide ayuda\"}]},{\"@type\":\"WebSite\",\"@id\":\"https:\\\/\\\/www.cuballama.com\\\/noticias\\\/#website\",\"url\":\"https:\\\/\\\/www.cuballama.com\\\/noticias\\\/\",\"name\":\"Cuballama Noticias\",\"description\":\"Medio digital sobre Cuba y el mundo\",\"publisher\":{\"@id\":\"https:\\\/\\\/www.cuballama.com\\\/noticias\\\/#organization\"},\"potentialAction\":[{\"@type\":\"SearchAction\",\"target\":{\"@type\":\"EntryPoint\",\"urlTemplate\":\"https:\\\/\\\/www.cuballama.com\\\/noticias\\\/?s={search_term_string}\"},\"query-input\":{\"@type\":\"PropertyValueSpecification\",\"valueRequired\":true,\"valueName\":\"search_term_string\"}}],\"inLanguage\":\"es\"},{\"@type\":\"Organization\",\"@id\":\"https:\\\/\\\/www.cuballama.com\\\/noticias\\\/#organization\",\"name\":\"Cuballama\",\"url\":\"https:\\\/\\\/www.cuballama.com\\\/noticias\\\/\",\"logo\":{\"@type\":\"ImageObject\",\"inLanguage\":\"es\",\"@id\":\"https:\\\/\\\/www.cuballama.com\\\/noticias\\\/#\\\/schema\\\/logo\\\/image\\\/\",\"url\":\"https:\\\/\\\/cdn1.mediawpaccore.net\\\/wp-content\\\/uploads\\\/2021\\\/12\\\/28171206\\\/cbll-logo-color-sm.png\",\"contentUrl\":\"https:\\\/\\\/cdn1.mediawpaccore.net\\\/wp-content\\\/uploads\\\/2021\\\/12\\\/28171206\\\/cbll-logo-color-sm.png\",\"width\":600,\"height\":133,\"caption\":\"Cuballama\"},\"image\":{\"@id\":\"https:\\\/\\\/www.cuballama.com\\\/noticias\\\/#\\\/schema\\\/logo\\\/image\\\/\"},\"sameAs\":[\"https:\\\/\\\/www.facebook.com\\\/CubaLlama\",\"https:\\\/\\\/x.com\\\/cuballama\",\"https:\\\/\\\/www.instagram.com\\\/stories\\\/cuballama_oficial\\\/\",\"https:\\\/\\\/www.youtube.com\\\/channel\\\/UCKkFE-d_axENGZcrc4as0IA\"]},{\"@type\":\"Person\",\"@id\":\"https:\\\/\\\/www.cuballama.com\\\/noticias\\\/#\\\/schema\\\/person\\\/a58502ed4146c8e9f83872e897c76cd2\",\"name\":\"Roberto A.\",\"description\":\"Roberto A. Periodista por decisi\u00f3n propia. Interesado en cualquier tema que me apasione y cada vez m\u00e1s comprometido con la verdad y la objetividad period\u00edstica. Graduado en La Habana hace ya muchos a\u00f1os, luego de una accidentada y polvorienta b\u00fasqueda de informaci\u00f3n sobre un tema in\u00e9dito. La Tesis, por cierto, desapareci\u00f3 de la biblioteca y no se conservan copias de la misma.\",\"url\":\"https:\\\/\\\/www.cuballama.com\\\/noticias\\\/author\\\/roberto\\\/\"}]}<\/script>\n<!-- \/ Yoast SEO plugin. -->","yoast_head_json":{"title":"Emiten alerta en La Habana: un hombre se encuentra desaparecido y su hija pide ayuda - Cuballama Noticias","description":"Familiares emiten alerta en redes por la desaparici\u00f3n de Miguel Mart\u00ednez Ramos, un hombre residente en Mantilla, La Habana.","robots":{"index":"index","follow":"follow","max-snippet":"max-snippet:-1","max-image-preview":"max-image-preview:large","max-video-preview":"max-video-preview:-1"},"canonical":"https:\/\/www.cuballama.com\/noticias\/emiten-alerta-en-la-habana-un-hombre-se-encuentra-desaparecido-y-su-hija-pide-ayuda\/","og_locale":"es_ES","og_type":"article","og_title":"Emiten alerta en La Habana: un hombre se encuentra desaparecido y su hija pide ayuda - Cuballama Noticias","og_description":"Familiares emiten alerta en redes por la desaparici\u00f3n de Miguel Mart\u00ednez Ramos, un hombre residente en Mantilla, La Habana.","og_url":"https:\/\/www.cuballama.com\/noticias\/emiten-alerta-en-la-habana-un-hombre-se-encuentra-desaparecido-y-su-hija-pide-ayuda\/","og_site_name":"Cuballama Noticias","article_publisher":"https:\/\/www.facebook.com\/CubaLlama","article_published_time":"2026-03-12T16:23:39+00:00","article_modified_time":"2026-03-12T16:23:47+00:00","og_image":[{"width":1971,"height":1036,"url":"https:\/\/cdn1.mediawpaccore.net\/wp-content\/uploads\/2026\/03\/12055950\/image-60.png","type":"image\/png"}],"author":"Roberto A.","twitter_card":"summary_large_image","twitter_creator":"@cuballama","twitter_site":"@cuballama","twitter_misc":{"Escrito por":"Roberto A.","Tiempo de lectura":"3 minutos"},"schema":{"@context":"https:\/\/schema.org","@graph":[{"@type":"Article","@id":"https:\/\/www.cuballama.com\/noticias\/emiten-alerta-en-la-habana-un-hombre-se-encuentra-desaparecido-y-su-hija-pide-ayuda\/#article","isPartOf":{"@id":"https:\/\/www.cuballama.com\/noticias\/emiten-alerta-en-la-habana-un-hombre-se-encuentra-desaparecido-y-su-hija-pide-ayuda\/"},"author":{"name":"Roberto A.","@id":"https:\/\/www.cuballama.com\/noticias\/#\/schema\/person\/a58502ed4146c8e9f83872e897c76cd2"},"headline":"Emiten alerta en La Habana: un hombre se encuentra desaparecido y su hija pide ayuda","datePublished":"2026-03-12T16:23:39+00:00","dateModified":"2026-03-12T16:23:47+00:00","mainEntityOfPage":{"@id":"https:\/\/www.cuballama.com\/noticias\/emiten-alerta-en-la-habana-un-hombre-se-encuentra-desaparecido-y-su-hija-pide-ayuda\/"},"wordCount":503,"commentCount":0,"publisher":{"@id":"https:\/\/www.cuballama.com\/noticias\/#organization"},"image":{"@id":"https:\/\/www.cuballama.com\/noticias\/emiten-alerta-en-la-habana-un-hombre-se-encuentra-desaparecido-y-su-hija-pide-ayuda\/#primaryimage"},"thumbnailUrl":"https:\/\/cdn1.mediawpaccore.net\/wp-content\/uploads\/2026\/03\/12055950\/image-60.png","keywords":["alerta ciudadana","Arroyo Naranjo","b\u00fasqueda de personas","Cuba","desaparici\u00f3n","La Habana","Mantilla","nio reportando un crimen","persona desaparecida","redes Sociales"],"articleSection":["Noticias","Noticias de Cuba"],"inLanguage":"es","potentialAction":[{"@type":"CommentAction","name":"Comment","target":["https:\/\/www.cuballama.com\/noticias\/emiten-alerta-en-la-habana-un-hombre-se-encuentra-desaparecido-y-su-hija-pide-ayuda\/#respond"]}]},{"@type":"WebPage","@id":"https:\/\/www.cuballama.com\/noticias\/emiten-alerta-en-la-habana-un-hombre-se-encuentra-desaparecido-y-su-hija-pide-ayuda\/","url":"https:\/\/www.cuballama.com\/noticias\/emiten-alerta-en-la-habana-un-hombre-se-encuentra-desaparecido-y-su-hija-pide-ayuda\/","name":"Emiten alerta en La Habana: un hombre se encuentra desaparecido y su hija pide ayuda - Cuballama Noticias","isPartOf":{"@id":"https:\/\/www.cuballama.com\/noticias\/#website"},"primaryImageOfPage":{"@id":"https:\/\/www.cuballama.com\/noticias\/emiten-alerta-en-la-habana-un-hombre-se-encuentra-desaparecido-y-su-hija-pide-ayuda\/#primaryimage"},"image":{"@id":"https:\/\/www.cuballama.com\/noticias\/emiten-alerta-en-la-habana-un-hombre-se-encuentra-desaparecido-y-su-hija-pide-ayuda\/#primaryimage"},"thumbnailUrl":"https:\/\/cdn1.mediawpaccore.net\/wp-content\/uploads\/2026\/03\/12055950\/image-60.png","datePublished":"2026-03-12T16:23:39+00:00","dateModified":"2026-03-12T16:23:47+00:00","description":"Familiares emiten alerta en redes por la desaparici\u00f3n de Miguel Mart\u00ednez Ramos, un hombre residente en Mantilla, La Habana.","breadcrumb":{"@id":"https:\/\/www.cuballama.com\/noticias\/emiten-alerta-en-la-habana-un-hombre-se-encuentra-desaparecido-y-su-hija-pide-ayuda\/#breadcrumb"},"inLanguage":"es","potentialAction":[{"@type":"ReadAction","target":["https:\/\/www.cuballama.com\/noticias\/emiten-alerta-en-la-habana-un-hombre-se-encuentra-desaparecido-y-su-hija-pide-ayuda\/"]}]},{"@type":"ImageObject","inLanguage":"es","@id":"https:\/\/www.cuballama.com\/noticias\/emiten-alerta-en-la-habana-un-hombre-se-encuentra-desaparecido-y-su-hija-pide-ayuda\/#primaryimage","url":"https:\/\/cdn1.mediawpaccore.net\/wp-content\/uploads\/2026\/03\/12055950\/image-60.png","contentUrl":"https:\/\/cdn1.mediawpaccore.net\/wp-content\/uploads\/2026\/03\/12055950\/image-60.png","width":1971,"height":1036,"caption":"\u201cEs mi pap\u00e1, se llama Miguel Mart\u00ednez Ramos, de Mantilla. Sali\u00f3 ayer en la ma\u00f1ana y no hemos tenido noticias desde entonces. Les ruego, cualquiera que lo reconozca o que lo haya visto, que nos d\u00e9 alguna pista\u201d, escribi\u00f3 su hija en una publicaci\u00f3n en Facebook."},{"@type":"BreadcrumbList","@id":"https:\/\/www.cuballama.com\/noticias\/emiten-alerta-en-la-habana-un-hombre-se-encuentra-desaparecido-y-su-hija-pide-ayuda\/#breadcrumb","itemListElement":[{"@type":"ListItem","position":1,"name":"Home","item":"https:\/\/www.cuballama.com\/noticias\/"},{"@type":"ListItem","position":2,"name":"Emiten alerta en La Habana: un hombre se encuentra desaparecido y su hija pide ayuda"}]},{"@type":"WebSite","@id":"https:\/\/www.cuballama.com\/noticias\/#website","url":"https:\/\/www.cuballama.com\/noticias\/","name":"Cuballama Noticias","description":"Medio digital sobre Cuba y el mundo","publisher":{"@id":"https:\/\/www.cuballama.com\/noticias\/#organization"},"potentialAction":[{"@type":"SearchAction","target":{"@type":"EntryPoint","urlTemplate":"https:\/\/www.cuballama.com\/noticias\/?s={search_term_string}"},"query-input":{"@type":"PropertyValueSpecification","valueRequired":true,"valueName":"search_term_string"}}],"inLanguage":"es"},{"@type":"Organization","@id":"https:\/\/www.cuballama.com\/noticias\/#organization","name":"Cuballama","url":"https:\/\/www.cuballama.com\/noticias\/","logo":{"@type":"ImageObject","inLanguage":"es","@id":"https:\/\/www.cuballama.com\/noticias\/#\/schema\/logo\/image\/","url":"https:\/\/cdn1.mediawpaccore.net\/wp-content\/uploads\/2021\/12\/28171206\/cbll-logo-color-sm.png","contentUrl":"https:\/\/cdn1.mediawpaccore.net\/wp-content\/uploads\/2021\/12\/28171206\/cbll-logo-color-sm.png","width":600,"height":133,"caption":"Cuballama"},"image":{"@id":"https:\/\/www.cuballama.com\/noticias\/#\/schema\/logo\/image\/"},"sameAs":["https:\/\/www.facebook.com\/CubaLlama","https:\/\/x.com\/cuballama","https:\/\/www.instagram.com\/stories\/cuballama_oficial\/","https:\/\/www.youtube.com\/channel\/UCKkFE-d_axENGZcrc4as0IA"]},{"@type":"Person","@id":"https:\/\/www.cuballama.com\/noticias\/#\/schema\/person\/a58502ed4146c8e9f83872e897c76cd2","name":"Roberto A.","description":"Roberto A. Periodista por decisi\u00f3n propia. Interesado en cualquier tema que me apasione y cada vez m\u00e1s comprometido con la verdad y la objetividad period\u00edstica. Graduado en La Habana hace ya muchos a\u00f1os, luego de una accidentada y polvorienta b\u00fasqueda de informaci\u00f3n sobre un tema in\u00e9dito. La Tesis, por cierto, desapareci\u00f3 de la biblioteca y no se conservan copias de la misma.","url":"https:\/\/www.cuballama.com\/noticias\/author\/roberto\/"}]}},"_links":{"self":[{"href":"https:\/\/www.cuballama.com\/noticias\/wp-json\/wp\/v2\/posts\/237882","targetHints":{"allow":["GET"]}}],"collection":[{"href":"https:\/\/www.cuballama.com\/noticias\/wp-json\/wp\/v2\/posts"}],"about":[{"href":"https:\/\/www.cuballama.com\/noticias\/wp-json\/wp\/v2\/types\/post"}],"author":[{"embeddable":true,"href":"https:\/\/www.cuballama.com\/noticias\/wp-json\/wp\/v2\/users\/13"}],"replies":[{"embeddable":true,"href":"https:\/\/www.cuballama.com\/noticias\/wp-json\/wp\/v2\/comments?post=237882"}],"version-history":[{"count":2,"href":"https:\/\/www.cuballama.com\/noticias\/wp-json\/wp\/v2\/posts\/237882\/revisions"}],"predecessor-version":[{"id":237885,"href":"https:\/\/www.cuballama.com\/noticias\/wp-json\/wp\/v2\/posts\/237882\/revisions\/237885"}],"wp:featuredmedia":[{"embeddable":true,"href":"https:\/\/www.cuballama.com\/noticias\/wp-json\/wp\/v2\/media\/237884"}],"wp:attachment":[{"href":"https:\/\/www.cuballama.com\/noticias\/wp-json\/wp\/v2\/media?parent=237882"}],"wp:term":[{"taxonomy":"category","embeddable":true,"href":"https:\/\/www.cuballama.com\/noticias\/wp-json\/wp\/v2\/categories?post=237882"},{"taxonomy":"post_tag","embeddable":true,"href":"https:\/\/www.cuballama.com\/noticias\/wp-json\/wp\/v2\/tags?post=237882"}],"curies":[{"name":"wp","href":"https:\/\/api.w.org\/{rel}","templated":true}]}}