{"id":237869,"date":"2026-03-12T12:59:28","date_gmt":"2026-03-12T16:59:28","guid":{"rendered":"https:\/\/www.cuballama.com\/noticias\/?p=237869"},"modified":"2026-03-12T12:59:33","modified_gmt":"2026-03-12T16:59:33","slug":"fallece-joven-en-santiago-de-cuba-mientras-manipulaba-una-bala-de-gas","status":"publish","type":"post","link":"https:\/\/www.cuballama.com\/noticias\/fallece-joven-en-santiago-de-cuba-mientras-manipulaba-una-bala-de-gas\/","title":{"rendered":"Fallece joven en Santiago de Cuba mientras manipulaba una bala de gas"},"content":{"rendered":"\n<p>La muerte de un joven identificado en redes sociales como Reinier Claret ha causado conmoci\u00f3n en el municipio santiaguero de San Luis, donde decenas de vecinos, amigos y familiares comenzaron a despedirlo con mensajes de dolor, incredulidad y cari\u00f1o. Seg\u00fan los testimonios compartidos en Facebook por personas cercanas al caso, el muchacho sufri\u00f3 graves quemaduras mientras manipulaba una bala de gas y posteriormente falleci\u00f3 a causa de esas lesiones.<\/p>\n\n\n\n<p>La noticia empez\u00f3 a circular en el grupo de <em><a href=\"https:\/\/www.facebook.com\/groups\/1897663953781074\/permalink\/4224777351069711\/?rdid=dDuY6l7rRrXtW54G#\" target=\"_blank\" rel=\"noreferrer noopener nofollow\">Facebook<\/a><\/em> San Luis (Diversi\u00f3n y lo que surja), donde un post de Fernando Borrero desat\u00f3 una avalancha de reacciones de personas que en muchos casos no pod\u00edan creer lo ocurrido. <\/p>\n\n\n\n<p>En la publicaci\u00f3n, uno de los primeros comentarios intent\u00f3 aclarar la causa del accidente: \u201cse quem\u00f3 con una bala de gas\u201d. M\u00e1s adelante, otros usuarios repitieron versiones parecidas y se\u00f1alaron que el joven se habr\u00eda incendiado mientras trasegaba el contenido de una bala para pasarlo de un recipiente a otro. El grupo donde se difundi\u00f3 la noticia existe y aloja publicaciones de vecinos de San Luis.<\/p>\n\n\n\n<figure class=\"wp-block-image size-large\"><img loading=\"lazy\" decoding=\"async\" width=\"858\" height=\"1024\" src=\"https:\/\/cdn1.mediawpaccore.net\/wp-content\/uploads\/2026\/03\/12052007\/image-58-858x1024.png\" alt=\"\" class=\"wp-image-237870\" srcset=\"https:\/\/cdn1.mediawpaccore.net\/wp-content\/uploads\/2026\/03\/12052007\/image-58-858x1024.png 858w, https:\/\/cdn1.mediawpaccore.net\/wp-content\/uploads\/2026\/03\/12052007\/image-58-251x300.png 251w, https:\/\/cdn1.mediawpaccore.net\/wp-content\/uploads\/2026\/03\/12052007\/image-58-768x917.png 768w, https:\/\/cdn1.mediawpaccore.net\/wp-content\/uploads\/2026\/03\/12052007\/image-58-352x420.png 352w, https:\/\/cdn1.mediawpaccore.net\/wp-content\/uploads\/2026\/03\/12052007\/image-58-150x179.png 150w, https:\/\/cdn1.mediawpaccore.net\/wp-content\/uploads\/2026\/03\/12052007\/image-58-300x358.png 300w, https:\/\/cdn1.mediawpaccore.net\/wp-content\/uploads\/2026\/03\/12052007\/image-58-696x831.png 696w, https:\/\/cdn1.mediawpaccore.net\/wp-content\/uploads\/2026\/03\/12052007\/image-58.png 1044w\" sizes=\"auto, (max-width: 858px) 100vw, 858px\" \/><\/figure>\n\n\n\n<p>Aunque en los primeros momentos predomin\u00f3 la confusi\u00f3n y muchas personas preguntaban si todo era cierto o se trataba de una publicaci\u00f3n falsa, con el paso de las horas se consolid\u00f3 en los comentarios la versi\u00f3n de un accidente dom\u00e9stico o de manipulaci\u00f3n de combustible asociado a una bala de gas. <\/p>\n\n\n\n<p>Algunos mensajes incluso apuntaron a que Reinier estaba recuper\u00e1ndose y que su estado empeor\u00f3 despu\u00e9s, hasta producirse el desenlace fatal. No hay, al menos en el material compartido, un parte oficial de autoridades sanitarias o policiales que detalle exactamente c\u00f3mo ocurri\u00f3 el accidente, pero la versi\u00f3n m\u00e1s repetida por allegados es que muri\u00f3 debido a las quemaduras sufridas.<\/p>\n\n\n\n<p>Al parecer Reinier era un habitual en estas actividades. Su perfil de Facebook aparece vinculado a la publicaci\u00f3n de al menos dos post en enero de este a\u00f1o, en el grupo de Revolico Palma Soriano, relativos a la venta de balitas de gas \u00abpara cambio\u00bb.<\/p>\n\n\n\n<figure class=\"wp-block-gallery has-nested-images columns-default is-cropped wp-block-gallery-1 is-layout-flex wp-block-gallery-is-layout-flex\">\n<figure class=\"wp-block-image size-large\"><img loading=\"lazy\" decoding=\"async\" width=\"843\" height=\"1024\" data-id=\"237872\" src=\"https:\/\/cdn1.mediawpaccore.net\/wp-content\/uploads\/2026\/03\/12052806\/Screenshot-2026-03-12-102252-843x1024.png\" alt=\"\" class=\"wp-image-237872\" srcset=\"https:\/\/cdn1.mediawpaccore.net\/wp-content\/uploads\/2026\/03\/12052806\/Screenshot-2026-03-12-102252-843x1024.png 843w, https:\/\/cdn1.mediawpaccore.net\/wp-content\/uploads\/2026\/03\/12052806\/Screenshot-2026-03-12-102252-247x300.png 247w, https:\/\/cdn1.mediawpaccore.net\/wp-content\/uploads\/2026\/03\/12052806\/Screenshot-2026-03-12-102252-768x933.png 768w, https:\/\/cdn1.mediawpaccore.net\/wp-content\/uploads\/2026\/03\/12052806\/Screenshot-2026-03-12-102252-346x420.png 346w, https:\/\/cdn1.mediawpaccore.net\/wp-content\/uploads\/2026\/03\/12052806\/Screenshot-2026-03-12-102252-150x182.png 150w, https:\/\/cdn1.mediawpaccore.net\/wp-content\/uploads\/2026\/03\/12052806\/Screenshot-2026-03-12-102252-300x364.png 300w, https:\/\/cdn1.mediawpaccore.net\/wp-content\/uploads\/2026\/03\/12052806\/Screenshot-2026-03-12-102252-696x845.png 696w, https:\/\/cdn1.mediawpaccore.net\/wp-content\/uploads\/2026\/03\/12052806\/Screenshot-2026-03-12-102252.png 1016w\" sizes=\"auto, (max-width: 843px) 100vw, 843px\" \/><\/figure>\n\n\n\n<figure class=\"wp-block-image size-large\"><img loading=\"lazy\" decoding=\"async\" width=\"858\" height=\"1024\" data-id=\"237873\" src=\"https:\/\/cdn1.mediawpaccore.net\/wp-content\/uploads\/2026\/03\/12052807\/Screenshot-2026-03-12-102303-858x1024.png\" alt=\"\" class=\"wp-image-237873\" srcset=\"https:\/\/cdn1.mediawpaccore.net\/wp-content\/uploads\/2026\/03\/12052807\/Screenshot-2026-03-12-102303-858x1024.png 858w, https:\/\/cdn1.mediawpaccore.net\/wp-content\/uploads\/2026\/03\/12052807\/Screenshot-2026-03-12-102303-251x300.png 251w, https:\/\/cdn1.mediawpaccore.net\/wp-content\/uploads\/2026\/03\/12052807\/Screenshot-2026-03-12-102303-768x916.png 768w, https:\/\/cdn1.mediawpaccore.net\/wp-content\/uploads\/2026\/03\/12052807\/Screenshot-2026-03-12-102303-352x420.png 352w, https:\/\/cdn1.mediawpaccore.net\/wp-content\/uploads\/2026\/03\/12052807\/Screenshot-2026-03-12-102303-150x179.png 150w, https:\/\/cdn1.mediawpaccore.net\/wp-content\/uploads\/2026\/03\/12052807\/Screenshot-2026-03-12-102303-300x358.png 300w, https:\/\/cdn1.mediawpaccore.net\/wp-content\/uploads\/2026\/03\/12052807\/Screenshot-2026-03-12-102303-696x830.png 696w, https:\/\/cdn1.mediawpaccore.net\/wp-content\/uploads\/2026\/03\/12052807\/Screenshot-2026-03-12-102303.png 1035w\" sizes=\"auto, (max-width: 858px) 100vw, 858px\" \/><\/figure>\n<\/figure>\n\n\n\n<p>Lo que s\u00ed aparece con claridad en cientos de comentarios es la huella personal que dej\u00f3 entre quienes lo conocieron. Reinier es descrito una y otra vez como un muchacho \u201cluchador\u201d, \u201calegre\u201d, \u201ccarism\u00e1tico\u201d, \u201cbuen hijo\u201d, \u201cbuen amigo\u201d y \u201cquerido por todo San Luis\u201d. En ese coro espont\u00e1neo de despedidas no habla solo la familia. Hablan vecinos, compa\u00f1eros de estudio, amistades de la infancia, clientes, personas que coincidieron con \u00e9l en trabajos, en actividades sociales o simplemente en la rutina del pueblo. Esa amplitud de voces es la que da la medida del golpe emocional que ha supuesto su muerte.<\/p>\n\n\n\n<p>Una de las frases que m\u00e1s se repite en los mensajes es que San Luis entero lo quer\u00eda. Entre los comentarios hay personas que lo recuerdan como alguien siempre activo, siempre \u201cen la calle luchando\u201d, buscando el sustento, inventando ventas o resolviendo. Otros evocan su buen humor, su sonrisa constante y su forma sociable de tratar a la gente. Hay quien lo llama \u201cgran estrella del barrio\u201d. Hay quien lo define como \u201ccaballo de guerra\u201d. Y hay quienes, todav\u00eda en estado de shock, simplemente repiten que no logran creerlo.<\/p>\n\n\n\n<p>El volumen de interacci\u00f3n alrededor del caso tambi\u00e9n refleja el impacto de la noticia. De acuerdo con el recuento compartido junto al material que acompa\u00f1a esta historia, una de las publicaciones vinculadas al fallecimiento super\u00f3 las 2.400 reacciones y comentarios, mientras otra sobrepas\u00f3 las 1.200 interacciones. Esas cifras, en el contexto de un municipio como San Luis, son una se\u00f1al del alcance que tuvo la noticia y del nivel de consternaci\u00f3n que provoc\u00f3 entre personas dentro y fuera de la localidad.<\/p>\n\n\n\n<p>En muchos mensajes aparece adem\u00e1s una idea que va m\u00e1s all\u00e1 del duelo inmediato: <strong>la sensaci\u00f3n de que en Cuba se est\u00e1n perdiendo demasiados j\u00f3venes por causas evitables o por accidentes asociados a la precariedad de la vida cotidiana<\/strong>. Aunque los comentarios no desarrollan una denuncia estructurada, s\u00ed dejan ver ese trasfondo. Manipular balas de gas, trasegar combustible o improvisar soluciones dom\u00e9sticas peligrosas forma parte de una realidad material marcada por la escasez, el deterioro de equipos y la necesidad de resolver con lo que haya. En ese contexto, un accidente como este deja de ser un hecho aislado y se vuelve tambi\u00e9n una se\u00f1al del riesgo permanente con el que muchas familias conviven.<\/p>\n\n\n\n<p>Tambi\u00e9n llam\u00f3 la atenci\u00f3n el tono \u00edntimo de varias despedidas. Algunos recordaron que Reinier hab\u00eda perdido recientemente a su madre y escribieron que ahora \u201cestar\u00e1 junto a ella\u201d. Otros enviaron condolencias a su esposa y a sus familiares m\u00e1s cercanos. Varios comentarios hablan de un vac\u00edo muy grande en el pueblo, como si la noticia no hubiera golpeado solo a un c\u00edrculo reducido sino a una comunidad entera acostumbrada a verlo, saludarlo o tratar con \u00e9l a diario. <\/p>\n\n\n\n<p>La circulaci\u00f3n de la noticia estuvo marcada durante horas por preguntas, pedidos de confirmaci\u00f3n y reclamos de informaci\u00f3n clara. Esa reacci\u00f3n es com\u00fan en las redes cubanas cuando ocurre una muerte repentina: primero aparece la incredulidad, luego la b\u00fasqueda desesperada de detalles, y finalmente el duelo colectivo. En este caso, ese proceso se dio casi en tiempo real. Mientras unos exig\u00edan saber qu\u00e9 hab\u00eda pasado realmente, otros iban aportando fragmentos de versi\u00f3n hasta armar el cuadro general de una tragedia relacionada con una bala de gas y unas quemaduras fatales.<\/p>\n\n\n\n<p>La muerte de Reinier Claret deja, por tanto, dos huellas visibles. La primera es el dolor humano de una familia y de un pueblo que lo despide como a uno de los suyos m\u00e1s queridos. La segunda es el eco de una realidad dura, en la que un accidente de este tipo puede ocurrir en medio de maniobras cotidianas que muchas personas hacen por necesidad. En San Luis, al menos por lo que reflejan las redes, la noticia no se recibi\u00f3 como una muerte m\u00e1s. Se recibi\u00f3 como la ca\u00edda de uno de esos muchachos conocidos por todos, de los que parecen formar parte del paisaje humano del barrio hasta el d\u00eda en que faltan.<\/p>\n","protected":false},"excerpt":{"rendered":"<p> La muerte de Reinier Claret ha causado conmoci\u00f3n en San Luis, Santiago de Cuba. Allegados afirman que sufri\u00f3 quemaduras mientras manipulaba una bala de gas.<\/p>\n","protected":false},"author":13,"featured_media":237871,"comment_status":"open","ping_status":"closed","sticky":false,"template":"","format":"standard","meta":{"_acf_changed":false,"footnotes":""},"categories":[18,955],"tags":[22909,31052,11,27429,31053,30087,160],"class_list":{"0":"post-237869","1":"post","2":"type-post","3":"status-publish","4":"format-standard","5":"has-post-thumbnail","7":"category-noticias","8":"category-noticias-de-cuba","9":"tag-accidente-domestico","10":"tag-bala-de-gas","11":"tag-cuba","12":"tag-quemaduras","13":"tag-reinier-claret","14":"tag-san-luis","15":"tag-santiago-de-cuba"},"acf":[],"yoast_head":"<!-- This site is optimized with the Yoast SEO plugin v27.5 - https:\/\/yoast.com\/product\/yoast-seo-wordpress\/ -->\n<title>Fallece joven en Santiago de Cuba mientras manipulaba una bala de gas - Cuballama Noticias<\/title>\n<meta name=\"description\" content=\"Muere joven en San Luis, Santiago de Cuba, tras sufrir quemaduras al manipular una bala de gas, seg\u00fan relatos en redes\" \/>\n<meta name=\"robots\" content=\"index, follow, max-snippet:-1, max-image-preview:large, max-video-preview:-1\" \/>\n<link rel=\"canonical\" href=\"https:\/\/www.cuballama.com\/noticias\/fallece-joven-en-santiago-de-cuba-mientras-manipulaba-una-bala-de-gas\/\" \/>\n<meta property=\"og:locale\" content=\"es_ES\" \/>\n<meta property=\"og:type\" content=\"article\" \/>\n<meta property=\"og:title\" content=\"Fallece joven en Santiago de Cuba mientras manipulaba una bala de gas - Cuballama Noticias\" \/>\n<meta property=\"og:description\" content=\"Muere joven en San Luis, Santiago de Cuba, tras sufrir quemaduras al manipular una bala de gas, seg\u00fan relatos en redes\" \/>\n<meta property=\"og:url\" content=\"https:\/\/www.cuballama.com\/noticias\/fallece-joven-en-santiago-de-cuba-mientras-manipulaba-una-bala-de-gas\/\" \/>\n<meta property=\"og:site_name\" content=\"Cuballama Noticias\" \/>\n<meta property=\"article:publisher\" content=\"https:\/\/www.facebook.com\/CubaLlama\" \/>\n<meta property=\"article:published_time\" content=\"2026-03-12T16:59:28+00:00\" \/>\n<meta property=\"article:modified_time\" content=\"2026-03-12T16:59:33+00:00\" \/>\n<meta property=\"og:image\" content=\"https:\/\/cdn1.mediawpaccore.net\/wp-content\/uploads\/2026\/03\/12052601\/image-59.png\" \/>\n\t<meta property=\"og:image:width\" content=\"1975\" \/>\n\t<meta property=\"og:image:height\" content=\"1043\" \/>\n\t<meta property=\"og:image:type\" content=\"image\/png\" \/>\n<meta name=\"author\" content=\"Roberto A.\" \/>\n<meta name=\"twitter:card\" content=\"summary_large_image\" \/>\n<meta name=\"twitter:creator\" content=\"@cuballama\" \/>\n<meta name=\"twitter:site\" content=\"@cuballama\" \/>\n<meta name=\"twitter:label1\" content=\"Escrito por\" \/>\n\t<meta name=\"twitter:data1\" content=\"Roberto A.\" \/>\n\t<meta name=\"twitter:label2\" content=\"Tiempo de lectura\" \/>\n\t<meta name=\"twitter:data2\" content=\"6 minutos\" \/>\n<script type=\"application\/ld+json\" class=\"yoast-schema-graph\">{\"@context\":\"https:\\\/\\\/schema.org\",\"@graph\":[{\"@type\":\"Article\",\"@id\":\"https:\\\/\\\/www.cuballama.com\\\/noticias\\\/fallece-joven-en-santiago-de-cuba-mientras-manipulaba-una-bala-de-gas\\\/#article\",\"isPartOf\":{\"@id\":\"https:\\\/\\\/www.cuballama.com\\\/noticias\\\/fallece-joven-en-santiago-de-cuba-mientras-manipulaba-una-bala-de-gas\\\/\"},\"author\":{\"name\":\"Roberto A.\",\"@id\":\"https:\\\/\\\/www.cuballama.com\\\/noticias\\\/#\\\/schema\\\/person\\\/a58502ed4146c8e9f83872e897c76cd2\"},\"headline\":\"Fallece joven en Santiago de Cuba mientras manipulaba una bala de gas\",\"datePublished\":\"2026-03-12T16:59:28+00:00\",\"dateModified\":\"2026-03-12T16:59:33+00:00\",\"mainEntityOfPage\":{\"@id\":\"https:\\\/\\\/www.cuballama.com\\\/noticias\\\/fallece-joven-en-santiago-de-cuba-mientras-manipulaba-una-bala-de-gas\\\/\"},\"wordCount\":1063,\"commentCount\":0,\"publisher\":{\"@id\":\"https:\\\/\\\/www.cuballama.com\\\/noticias\\\/#organization\"},\"image\":{\"@id\":\"https:\\\/\\\/www.cuballama.com\\\/noticias\\\/fallece-joven-en-santiago-de-cuba-mientras-manipulaba-una-bala-de-gas\\\/#primaryimage\"},\"thumbnailUrl\":\"https:\\\/\\\/cdn1.mediawpaccore.net\\\/wp-content\\\/uploads\\\/2026\\\/03\\\/12052601\\\/image-59.png\",\"keywords\":[\"accidente dom\u00e9stico\",\"bala de gas\",\"Cuba\",\"quemaduras\",\"Reinier Claret\",\"San Luis\",\"Santiago de Cuba\"],\"articleSection\":[\"Noticias\",\"Noticias de Cuba\"],\"inLanguage\":\"es\",\"potentialAction\":[{\"@type\":\"CommentAction\",\"name\":\"Comment\",\"target\":[\"https:\\\/\\\/www.cuballama.com\\\/noticias\\\/fallece-joven-en-santiago-de-cuba-mientras-manipulaba-una-bala-de-gas\\\/#respond\"]}]},{\"@type\":\"WebPage\",\"@id\":\"https:\\\/\\\/www.cuballama.com\\\/noticias\\\/fallece-joven-en-santiago-de-cuba-mientras-manipulaba-una-bala-de-gas\\\/\",\"url\":\"https:\\\/\\\/www.cuballama.com\\\/noticias\\\/fallece-joven-en-santiago-de-cuba-mientras-manipulaba-una-bala-de-gas\\\/\",\"name\":\"Fallece joven en Santiago de Cuba mientras manipulaba una bala de gas - Cuballama Noticias\",\"isPartOf\":{\"@id\":\"https:\\\/\\\/www.cuballama.com\\\/noticias\\\/#website\"},\"primaryImageOfPage\":{\"@id\":\"https:\\\/\\\/www.cuballama.com\\\/noticias\\\/fallece-joven-en-santiago-de-cuba-mientras-manipulaba-una-bala-de-gas\\\/#primaryimage\"},\"image\":{\"@id\":\"https:\\\/\\\/www.cuballama.com\\\/noticias\\\/fallece-joven-en-santiago-de-cuba-mientras-manipulaba-una-bala-de-gas\\\/#primaryimage\"},\"thumbnailUrl\":\"https:\\\/\\\/cdn1.mediawpaccore.net\\\/wp-content\\\/uploads\\\/2026\\\/03\\\/12052601\\\/image-59.png\",\"datePublished\":\"2026-03-12T16:59:28+00:00\",\"dateModified\":\"2026-03-12T16:59:33+00:00\",\"description\":\"Muere joven en San Luis, Santiago de Cuba, tras sufrir quemaduras al manipular una bala de gas, seg\u00fan relatos en redes\",\"breadcrumb\":{\"@id\":\"https:\\\/\\\/www.cuballama.com\\\/noticias\\\/fallece-joven-en-santiago-de-cuba-mientras-manipulaba-una-bala-de-gas\\\/#breadcrumb\"},\"inLanguage\":\"es\",\"potentialAction\":[{\"@type\":\"ReadAction\",\"target\":[\"https:\\\/\\\/www.cuballama.com\\\/noticias\\\/fallece-joven-en-santiago-de-cuba-mientras-manipulaba-una-bala-de-gas\\\/\"]}]},{\"@type\":\"ImageObject\",\"inLanguage\":\"es\",\"@id\":\"https:\\\/\\\/www.cuballama.com\\\/noticias\\\/fallece-joven-en-santiago-de-cuba-mientras-manipulaba-una-bala-de-gas\\\/#primaryimage\",\"url\":\"https:\\\/\\\/cdn1.mediawpaccore.net\\\/wp-content\\\/uploads\\\/2026\\\/03\\\/12052601\\\/image-59.png\",\"contentUrl\":\"https:\\\/\\\/cdn1.mediawpaccore.net\\\/wp-content\\\/uploads\\\/2026\\\/03\\\/12052601\\\/image-59.png\",\"width\":1975,\"height\":1043,\"caption\":\"Foto: Facebook de la v\u00edctima \\\/ Reinier Claret\"},{\"@type\":\"BreadcrumbList\",\"@id\":\"https:\\\/\\\/www.cuballama.com\\\/noticias\\\/fallece-joven-en-santiago-de-cuba-mientras-manipulaba-una-bala-de-gas\\\/#breadcrumb\",\"itemListElement\":[{\"@type\":\"ListItem\",\"position\":1,\"name\":\"Home\",\"item\":\"https:\\\/\\\/www.cuballama.com\\\/noticias\\\/\"},{\"@type\":\"ListItem\",\"position\":2,\"name\":\"Fallece joven en Santiago de Cuba mientras manipulaba una bala de gas\"}]},{\"@type\":\"WebSite\",\"@id\":\"https:\\\/\\\/www.cuballama.com\\\/noticias\\\/#website\",\"url\":\"https:\\\/\\\/www.cuballama.com\\\/noticias\\\/\",\"name\":\"Cuballama Noticias\",\"description\":\"Medio digital sobre Cuba y el mundo\",\"publisher\":{\"@id\":\"https:\\\/\\\/www.cuballama.com\\\/noticias\\\/#organization\"},\"potentialAction\":[{\"@type\":\"SearchAction\",\"target\":{\"@type\":\"EntryPoint\",\"urlTemplate\":\"https:\\\/\\\/www.cuballama.com\\\/noticias\\\/?s={search_term_string}\"},\"query-input\":{\"@type\":\"PropertyValueSpecification\",\"valueRequired\":true,\"valueName\":\"search_term_string\"}}],\"inLanguage\":\"es\"},{\"@type\":\"Organization\",\"@id\":\"https:\\\/\\\/www.cuballama.com\\\/noticias\\\/#organization\",\"name\":\"Cuballama\",\"url\":\"https:\\\/\\\/www.cuballama.com\\\/noticias\\\/\",\"logo\":{\"@type\":\"ImageObject\",\"inLanguage\":\"es\",\"@id\":\"https:\\\/\\\/www.cuballama.com\\\/noticias\\\/#\\\/schema\\\/logo\\\/image\\\/\",\"url\":\"https:\\\/\\\/cdn1.mediawpaccore.net\\\/wp-content\\\/uploads\\\/2021\\\/12\\\/28171206\\\/cbll-logo-color-sm.png\",\"contentUrl\":\"https:\\\/\\\/cdn1.mediawpaccore.net\\\/wp-content\\\/uploads\\\/2021\\\/12\\\/28171206\\\/cbll-logo-color-sm.png\",\"width\":600,\"height\":133,\"caption\":\"Cuballama\"},\"image\":{\"@id\":\"https:\\\/\\\/www.cuballama.com\\\/noticias\\\/#\\\/schema\\\/logo\\\/image\\\/\"},\"sameAs\":[\"https:\\\/\\\/www.facebook.com\\\/CubaLlama\",\"https:\\\/\\\/x.com\\\/cuballama\",\"https:\\\/\\\/www.instagram.com\\\/stories\\\/cuballama_oficial\\\/\",\"https:\\\/\\\/www.youtube.com\\\/channel\\\/UCKkFE-d_axENGZcrc4as0IA\"]},{\"@type\":\"Person\",\"@id\":\"https:\\\/\\\/www.cuballama.com\\\/noticias\\\/#\\\/schema\\\/person\\\/a58502ed4146c8e9f83872e897c76cd2\",\"name\":\"Roberto A.\",\"description\":\"Roberto A. Periodista por decisi\u00f3n propia. Interesado en cualquier tema que me apasione y cada vez m\u00e1s comprometido con la verdad y la objetividad period\u00edstica. Graduado en La Habana hace ya muchos a\u00f1os, luego de una accidentada y polvorienta b\u00fasqueda de informaci\u00f3n sobre un tema in\u00e9dito. La Tesis, por cierto, desapareci\u00f3 de la biblioteca y no se conservan copias de la misma.\",\"url\":\"https:\\\/\\\/www.cuballama.com\\\/noticias\\\/author\\\/roberto\\\/\"}]}<\/script>\n<!-- \/ Yoast SEO plugin. -->","yoast_head_json":{"title":"Fallece joven en Santiago de Cuba mientras manipulaba una bala de gas - Cuballama Noticias","description":"Muere joven en San Luis, Santiago de Cuba, tras sufrir quemaduras al manipular una bala de gas, seg\u00fan relatos en redes","robots":{"index":"index","follow":"follow","max-snippet":"max-snippet:-1","max-image-preview":"max-image-preview:large","max-video-preview":"max-video-preview:-1"},"canonical":"https:\/\/www.cuballama.com\/noticias\/fallece-joven-en-santiago-de-cuba-mientras-manipulaba-una-bala-de-gas\/","og_locale":"es_ES","og_type":"article","og_title":"Fallece joven en Santiago de Cuba mientras manipulaba una bala de gas - Cuballama Noticias","og_description":"Muere joven en San Luis, Santiago de Cuba, tras sufrir quemaduras al manipular una bala de gas, seg\u00fan relatos en redes","og_url":"https:\/\/www.cuballama.com\/noticias\/fallece-joven-en-santiago-de-cuba-mientras-manipulaba-una-bala-de-gas\/","og_site_name":"Cuballama Noticias","article_publisher":"https:\/\/www.facebook.com\/CubaLlama","article_published_time":"2026-03-12T16:59:28+00:00","article_modified_time":"2026-03-12T16:59:33+00:00","og_image":[{"width":1975,"height":1043,"url":"https:\/\/cdn1.mediawpaccore.net\/wp-content\/uploads\/2026\/03\/12052601\/image-59.png","type":"image\/png"}],"author":"Roberto A.","twitter_card":"summary_large_image","twitter_creator":"@cuballama","twitter_site":"@cuballama","twitter_misc":{"Escrito por":"Roberto A.","Tiempo de lectura":"6 minutos"},"schema":{"@context":"https:\/\/schema.org","@graph":[{"@type":"Article","@id":"https:\/\/www.cuballama.com\/noticias\/fallece-joven-en-santiago-de-cuba-mientras-manipulaba-una-bala-de-gas\/#article","isPartOf":{"@id":"https:\/\/www.cuballama.com\/noticias\/fallece-joven-en-santiago-de-cuba-mientras-manipulaba-una-bala-de-gas\/"},"author":{"name":"Roberto A.","@id":"https:\/\/www.cuballama.com\/noticias\/#\/schema\/person\/a58502ed4146c8e9f83872e897c76cd2"},"headline":"Fallece joven en Santiago de Cuba mientras manipulaba una bala de gas","datePublished":"2026-03-12T16:59:28+00:00","dateModified":"2026-03-12T16:59:33+00:00","mainEntityOfPage":{"@id":"https:\/\/www.cuballama.com\/noticias\/fallece-joven-en-santiago-de-cuba-mientras-manipulaba-una-bala-de-gas\/"},"wordCount":1063,"commentCount":0,"publisher":{"@id":"https:\/\/www.cuballama.com\/noticias\/#organization"},"image":{"@id":"https:\/\/www.cuballama.com\/noticias\/fallece-joven-en-santiago-de-cuba-mientras-manipulaba-una-bala-de-gas\/#primaryimage"},"thumbnailUrl":"https:\/\/cdn1.mediawpaccore.net\/wp-content\/uploads\/2026\/03\/12052601\/image-59.png","keywords":["accidente dom\u00e9stico","bala de gas","Cuba","quemaduras","Reinier Claret","San Luis","Santiago de Cuba"],"articleSection":["Noticias","Noticias de Cuba"],"inLanguage":"es","potentialAction":[{"@type":"CommentAction","name":"Comment","target":["https:\/\/www.cuballama.com\/noticias\/fallece-joven-en-santiago-de-cuba-mientras-manipulaba-una-bala-de-gas\/#respond"]}]},{"@type":"WebPage","@id":"https:\/\/www.cuballama.com\/noticias\/fallece-joven-en-santiago-de-cuba-mientras-manipulaba-una-bala-de-gas\/","url":"https:\/\/www.cuballama.com\/noticias\/fallece-joven-en-santiago-de-cuba-mientras-manipulaba-una-bala-de-gas\/","name":"Fallece joven en Santiago de Cuba mientras manipulaba una bala de gas - Cuballama Noticias","isPartOf":{"@id":"https:\/\/www.cuballama.com\/noticias\/#website"},"primaryImageOfPage":{"@id":"https:\/\/www.cuballama.com\/noticias\/fallece-joven-en-santiago-de-cuba-mientras-manipulaba-una-bala-de-gas\/#primaryimage"},"image":{"@id":"https:\/\/www.cuballama.com\/noticias\/fallece-joven-en-santiago-de-cuba-mientras-manipulaba-una-bala-de-gas\/#primaryimage"},"thumbnailUrl":"https:\/\/cdn1.mediawpaccore.net\/wp-content\/uploads\/2026\/03\/12052601\/image-59.png","datePublished":"2026-03-12T16:59:28+00:00","dateModified":"2026-03-12T16:59:33+00:00","description":"Muere joven en San Luis, Santiago de Cuba, tras sufrir quemaduras al manipular una bala de gas, seg\u00fan relatos en redes","breadcrumb":{"@id":"https:\/\/www.cuballama.com\/noticias\/fallece-joven-en-santiago-de-cuba-mientras-manipulaba-una-bala-de-gas\/#breadcrumb"},"inLanguage":"es","potentialAction":[{"@type":"ReadAction","target":["https:\/\/www.cuballama.com\/noticias\/fallece-joven-en-santiago-de-cuba-mientras-manipulaba-una-bala-de-gas\/"]}]},{"@type":"ImageObject","inLanguage":"es","@id":"https:\/\/www.cuballama.com\/noticias\/fallece-joven-en-santiago-de-cuba-mientras-manipulaba-una-bala-de-gas\/#primaryimage","url":"https:\/\/cdn1.mediawpaccore.net\/wp-content\/uploads\/2026\/03\/12052601\/image-59.png","contentUrl":"https:\/\/cdn1.mediawpaccore.net\/wp-content\/uploads\/2026\/03\/12052601\/image-59.png","width":1975,"height":1043,"caption":"Foto: Facebook de la v\u00edctima \/ Reinier Claret"},{"@type":"BreadcrumbList","@id":"https:\/\/www.cuballama.com\/noticias\/fallece-joven-en-santiago-de-cuba-mientras-manipulaba-una-bala-de-gas\/#breadcrumb","itemListElement":[{"@type":"ListItem","position":1,"name":"Home","item":"https:\/\/www.cuballama.com\/noticias\/"},{"@type":"ListItem","position":2,"name":"Fallece joven en Santiago de Cuba mientras manipulaba una bala de gas"}]},{"@type":"WebSite","@id":"https:\/\/www.cuballama.com\/noticias\/#website","url":"https:\/\/www.cuballama.com\/noticias\/","name":"Cuballama Noticias","description":"Medio digital sobre Cuba y el mundo","publisher":{"@id":"https:\/\/www.cuballama.com\/noticias\/#organization"},"potentialAction":[{"@type":"SearchAction","target":{"@type":"EntryPoint","urlTemplate":"https:\/\/www.cuballama.com\/noticias\/?s={search_term_string}"},"query-input":{"@type":"PropertyValueSpecification","valueRequired":true,"valueName":"search_term_string"}}],"inLanguage":"es"},{"@type":"Organization","@id":"https:\/\/www.cuballama.com\/noticias\/#organization","name":"Cuballama","url":"https:\/\/www.cuballama.com\/noticias\/","logo":{"@type":"ImageObject","inLanguage":"es","@id":"https:\/\/www.cuballama.com\/noticias\/#\/schema\/logo\/image\/","url":"https:\/\/cdn1.mediawpaccore.net\/wp-content\/uploads\/2021\/12\/28171206\/cbll-logo-color-sm.png","contentUrl":"https:\/\/cdn1.mediawpaccore.net\/wp-content\/uploads\/2021\/12\/28171206\/cbll-logo-color-sm.png","width":600,"height":133,"caption":"Cuballama"},"image":{"@id":"https:\/\/www.cuballama.com\/noticias\/#\/schema\/logo\/image\/"},"sameAs":["https:\/\/www.facebook.com\/CubaLlama","https:\/\/x.com\/cuballama","https:\/\/www.instagram.com\/stories\/cuballama_oficial\/","https:\/\/www.youtube.com\/channel\/UCKkFE-d_axENGZcrc4as0IA"]},{"@type":"Person","@id":"https:\/\/www.cuballama.com\/noticias\/#\/schema\/person\/a58502ed4146c8e9f83872e897c76cd2","name":"Roberto A.","description":"Roberto A. Periodista por decisi\u00f3n propia. Interesado en cualquier tema que me apasione y cada vez m\u00e1s comprometido con la verdad y la objetividad period\u00edstica. Graduado en La Habana hace ya muchos a\u00f1os, luego de una accidentada y polvorienta b\u00fasqueda de informaci\u00f3n sobre un tema in\u00e9dito. La Tesis, por cierto, desapareci\u00f3 de la biblioteca y no se conservan copias de la misma.","url":"https:\/\/www.cuballama.com\/noticias\/author\/roberto\/"}]}},"_links":{"self":[{"href":"https:\/\/www.cuballama.com\/noticias\/wp-json\/wp\/v2\/posts\/237869","targetHints":{"allow":["GET"]}}],"collection":[{"href":"https:\/\/www.cuballama.com\/noticias\/wp-json\/wp\/v2\/posts"}],"about":[{"href":"https:\/\/www.cuballama.com\/noticias\/wp-json\/wp\/v2\/types\/post"}],"author":[{"embeddable":true,"href":"https:\/\/www.cuballama.com\/noticias\/wp-json\/wp\/v2\/users\/13"}],"replies":[{"embeddable":true,"href":"https:\/\/www.cuballama.com\/noticias\/wp-json\/wp\/v2\/comments?post=237869"}],"version-history":[{"count":1,"href":"https:\/\/www.cuballama.com\/noticias\/wp-json\/wp\/v2\/posts\/237869\/revisions"}],"predecessor-version":[{"id":237874,"href":"https:\/\/www.cuballama.com\/noticias\/wp-json\/wp\/v2\/posts\/237869\/revisions\/237874"}],"wp:featuredmedia":[{"embeddable":true,"href":"https:\/\/www.cuballama.com\/noticias\/wp-json\/wp\/v2\/media\/237871"}],"wp:attachment":[{"href":"https:\/\/www.cuballama.com\/noticias\/wp-json\/wp\/v2\/media?parent=237869"}],"wp:term":[{"taxonomy":"category","embeddable":true,"href":"https:\/\/www.cuballama.com\/noticias\/wp-json\/wp\/v2\/categories?post=237869"},{"taxonomy":"post_tag","embeddable":true,"href":"https:\/\/www.cuballama.com\/noticias\/wp-json\/wp\/v2\/tags?post=237869"}],"curies":[{"name":"wp","href":"https:\/\/api.w.org\/{rel}","templated":true}]}}