{"id":237847,"date":"2026-03-11T13:14:29","date_gmt":"2026-03-11T17:14:29","guid":{"rendered":"https:\/\/www.cuballama.com\/noticias\/?p=237847"},"modified":"2026-03-11T13:14:36","modified_gmt":"2026-03-11T17:14:36","slug":"diaz-canel-dice-sentirse-muy-motivado-tras-reaparecer-en-television-nacional","status":"publish","type":"post","link":"https:\/\/www.cuballama.com\/noticias\/diaz-canel-dice-sentirse-muy-motivado-tras-reaparecer-en-television-nacional\/","title":{"rendered":"D\u00edaz-Canel dice sentirse \u00abmuy motivado\u00bb tras reaparecer en televisi\u00f3n nacional"},"content":{"rendered":"\n<p>El gobernante cubano Miguel D\u00edaz-Canel reapareci\u00f3 este martes en los medios oficiales tras un fin de semana sin apariciones p\u00fablicas en una intervenci\u00f3n en la que declar\u00f3 \u00bb sentirse muy motivado\u00bb:<\/p>\n\n\n\n<p>Su regreso se produjo en un reporte del Noticiero Estelar de la televisi\u00f3n estatal, que inform\u00f3 sobre un encuentro del mandatario con una delegaci\u00f3n de la Asamblea Internacional de los Pueblos, una plataforma que agrupa a movimientos y organizaciones de izquierda de distintos pa\u00edses y que realiza una visita a La Habana.<\/p>\n\n\n\n<p>\u201cEn varios momentos hemos compartido motivaciones de lucha antiimperialista, anticapitalista y anticolonial. Nos sentimos muy motivados y emocionados con la presencia de ustedes aqu\u00ed en La Habana. Bienvenidos a Cuba\u201d, expres\u00f3 Canel.<\/p>\n\n\n\n<p>La reaparici\u00f3n de D\u00edaz-Canel ocurre despu\u00e9s de varios d\u00edas de silencio en sus redes sociales. Su \u00faltima publicaci\u00f3n hab\u00eda sido el 8 de marzo, cuando comparti\u00f3 un breve mensaje por el D\u00eda Internacional de la Mujer.<\/p>\n\n\n\n<p>Este martes, el mandatario volvi\u00f3 a la red social X con un video del encuentro con la delegaci\u00f3n internacional y asegur\u00f3 que la visita tiene como prop\u00f3sito reafirmar el respaldo de esas organizaciones a su gobierno.<\/p>\n\n\n\n<p>La visita de estos grupos de militantes de izquierda latinoamericana se produce en medio de la profunda crisis econ\u00f3mica y social que atraviesa la isla, marcada por escasez de combustible, inflaci\u00f3n y deterioro de servicios b\u00e1sicos.<\/p>\n\n\n\n<p>En ese contexto, el expresidente de Estados Unidos, Donald Trump, volvi\u00f3 recientemente a referirse a la situaci\u00f3n cubana con duras cr\u00edticas al gobierno de La Habana. \u201cPuede ser una toma amistosa o puede ser una toma no amistosa. No importar\u00eda\u201d, afirm\u00f3 Trump al hablar sobre sus prop\u00f3sitos con Cuba. \u201cNo tienen energ\u00eda, no tienen dinero, est\u00e1n en graves problemas\u201d, a\u00f1adi\u00f3.<\/p>\n\n\n\n<p>De acuerdo con reportes de la prensa estadounidense La Casa Blanca estar\u00eda negociando un acuerdo con altos mandos cubanos que incluir\u00eda la salida de la familia Castro y de D\u00edaz Canel de Cuba, un hecho sobre el que el gobierno cubano no ha emitido declaraci\u00f3n alguna. <\/p>\n\n\n\n<p><\/p>\n","protected":false},"excerpt":{"rendered":"<p>Su regreso se produjo en un reporte del Noticiero Estelar de la televisi\u00f3n estatal, que inform\u00f3 sobre un encuentro del mandatario con una delegaci\u00f3n de la Asamblea Internacional de los Pueblos, una plataforma que agrupa a movimientos y organizaciones de izquierda de distintos pa\u00edses y que realiza una visita a La Habana.<\/p>\n","protected":false},"author":24,"featured_media":212876,"comment_status":"open","ping_status":"closed","sticky":false,"template":"","format":"standard","meta":{"_acf_changed":false,"footnotes":""},"categories":[18,955],"tags":[10867,11,92,5215,11017,7651],"class_list":{"0":"post-237847","1":"post","2":"type-post","3":"status-publish","4":"format-standard","5":"has-post-thumbnail","7":"category-noticias","8":"category-noticias-de-cuba","9":"tag-crisis-en-cuba","10":"tag-cuba","11":"tag-cubanos","12":"tag-diaz-canel","13":"tag-superdestacado","14":"tag-trump"},"acf":[],"yoast_head":"<!-- This site is optimized with the Yoast SEO plugin v27.4 - https:\/\/yoast.com\/product\/yoast-seo-wordpress\/ -->\n<title>D\u00edaz-Canel dice sentirse &quot;muy motivado&quot; tras reaparecer en televisi\u00f3n nacional - Cuballama Noticias<\/title>\n<meta name=\"robots\" content=\"index, follow, max-snippet:-1, max-image-preview:large, max-video-preview:-1\" \/>\n<link rel=\"canonical\" href=\"https:\/\/www.cuballama.com\/noticias\/diaz-canel-dice-sentirse-muy-motivado-tras-reaparecer-en-television-nacional\/\" \/>\n<meta property=\"og:locale\" content=\"es_ES\" \/>\n<meta property=\"og:type\" content=\"article\" \/>\n<meta property=\"og:title\" content=\"D\u00edaz-Canel dice sentirse &quot;muy motivado&quot; tras reaparecer en televisi\u00f3n nacional - Cuballama Noticias\" \/>\n<meta property=\"og:description\" content=\"Su regreso se produjo en un reporte del Noticiero Estelar de la televisi\u00f3n estatal, que inform\u00f3 sobre un encuentro del mandatario con una delegaci\u00f3n de la Asamblea Internacional de los Pueblos, una plataforma que agrupa a movimientos y organizaciones de izquierda de distintos pa\u00edses y que realiza una visita a La Habana.\" \/>\n<meta property=\"og:url\" content=\"https:\/\/www.cuballama.com\/noticias\/diaz-canel-dice-sentirse-muy-motivado-tras-reaparecer-en-television-nacional\/\" \/>\n<meta property=\"og:site_name\" content=\"Cuballama Noticias\" \/>\n<meta property=\"article:publisher\" content=\"https:\/\/www.facebook.com\/CubaLlama\" \/>\n<meta property=\"article:published_time\" content=\"2026-03-11T17:14:29+00:00\" \/>\n<meta property=\"article:modified_time\" content=\"2026-03-11T17:14:36+00:00\" \/>\n<meta property=\"og:image\" content=\"https:\/\/cdn1.mediawpaccore.net\/wp-content\/uploads\/2025\/07\/10235315\/Gi46wU9XYAE2Es4-1.webp\" \/>\n\t<meta property=\"og:image:width\" content=\"1200\" \/>\n\t<meta property=\"og:image:height\" content=\"630\" \/>\n\t<meta property=\"og:image:type\" content=\"image\/webp\" \/>\n<meta name=\"author\" content=\"Manu\" \/>\n<meta name=\"twitter:card\" content=\"summary_large_image\" \/>\n<meta name=\"twitter:creator\" content=\"@cuballama\" \/>\n<meta name=\"twitter:site\" content=\"@cuballama\" \/>\n<meta name=\"twitter:label1\" content=\"Escrito por\" \/>\n\t<meta name=\"twitter:data1\" content=\"Manu\" \/>\n\t<meta name=\"twitter:label2\" content=\"Tiempo de lectura\" \/>\n\t<meta name=\"twitter:data2\" content=\"2 minutos\" \/>\n<script type=\"application\/ld+json\" class=\"yoast-schema-graph\">{\"@context\":\"https:\\\/\\\/schema.org\",\"@graph\":[{\"@type\":\"Article\",\"@id\":\"https:\\\/\\\/www.cuballama.com\\\/noticias\\\/diaz-canel-dice-sentirse-muy-motivado-tras-reaparecer-en-television-nacional\\\/#article\",\"isPartOf\":{\"@id\":\"https:\\\/\\\/www.cuballama.com\\\/noticias\\\/diaz-canel-dice-sentirse-muy-motivado-tras-reaparecer-en-television-nacional\\\/\"},\"author\":{\"name\":\"Manu\",\"@id\":\"https:\\\/\\\/www.cuballama.com\\\/noticias\\\/#\\\/schema\\\/person\\\/5889f7d070564f8386e7944d14d436cd\"},\"headline\":\"D\u00edaz-Canel dice sentirse \u00abmuy motivado\u00bb tras reaparecer en televisi\u00f3n nacional\",\"datePublished\":\"2026-03-11T17:14:29+00:00\",\"dateModified\":\"2026-03-11T17:14:36+00:00\",\"mainEntityOfPage\":{\"@id\":\"https:\\\/\\\/www.cuballama.com\\\/noticias\\\/diaz-canel-dice-sentirse-muy-motivado-tras-reaparecer-en-television-nacional\\\/\"},\"wordCount\":368,\"commentCount\":0,\"publisher\":{\"@id\":\"https:\\\/\\\/www.cuballama.com\\\/noticias\\\/#organization\"},\"image\":{\"@id\":\"https:\\\/\\\/www.cuballama.com\\\/noticias\\\/diaz-canel-dice-sentirse-muy-motivado-tras-reaparecer-en-television-nacional\\\/#primaryimage\"},\"thumbnailUrl\":\"https:\\\/\\\/cdn1.mediawpaccore.net\\\/wp-content\\\/uploads\\\/2025\\\/07\\\/10235315\\\/Gi46wU9XYAE2Es4-1.webp\",\"keywords\":[\"Crisis en Cuba\",\"Cuba\",\"cubanos\",\"D\u00edaz-Canel\",\"superdestacado\",\"Trump\"],\"articleSection\":[\"Noticias\",\"Noticias de Cuba\"],\"inLanguage\":\"es\",\"potentialAction\":[{\"@type\":\"CommentAction\",\"name\":\"Comment\",\"target\":[\"https:\\\/\\\/www.cuballama.com\\\/noticias\\\/diaz-canel-dice-sentirse-muy-motivado-tras-reaparecer-en-television-nacional\\\/#respond\"]}]},{\"@type\":\"WebPage\",\"@id\":\"https:\\\/\\\/www.cuballama.com\\\/noticias\\\/diaz-canel-dice-sentirse-muy-motivado-tras-reaparecer-en-television-nacional\\\/\",\"url\":\"https:\\\/\\\/www.cuballama.com\\\/noticias\\\/diaz-canel-dice-sentirse-muy-motivado-tras-reaparecer-en-television-nacional\\\/\",\"name\":\"D\u00edaz-Canel dice sentirse \\\"muy motivado\\\" tras reaparecer en televisi\u00f3n nacional - Cuballama Noticias\",\"isPartOf\":{\"@id\":\"https:\\\/\\\/www.cuballama.com\\\/noticias\\\/#website\"},\"primaryImageOfPage\":{\"@id\":\"https:\\\/\\\/www.cuballama.com\\\/noticias\\\/diaz-canel-dice-sentirse-muy-motivado-tras-reaparecer-en-television-nacional\\\/#primaryimage\"},\"image\":{\"@id\":\"https:\\\/\\\/www.cuballama.com\\\/noticias\\\/diaz-canel-dice-sentirse-muy-motivado-tras-reaparecer-en-television-nacional\\\/#primaryimage\"},\"thumbnailUrl\":\"https:\\\/\\\/cdn1.mediawpaccore.net\\\/wp-content\\\/uploads\\\/2025\\\/07\\\/10235315\\\/Gi46wU9XYAE2Es4-1.webp\",\"datePublished\":\"2026-03-11T17:14:29+00:00\",\"dateModified\":\"2026-03-11T17:14:36+00:00\",\"breadcrumb\":{\"@id\":\"https:\\\/\\\/www.cuballama.com\\\/noticias\\\/diaz-canel-dice-sentirse-muy-motivado-tras-reaparecer-en-television-nacional\\\/#breadcrumb\"},\"inLanguage\":\"es\",\"potentialAction\":[{\"@type\":\"ReadAction\",\"target\":[\"https:\\\/\\\/www.cuballama.com\\\/noticias\\\/diaz-canel-dice-sentirse-muy-motivado-tras-reaparecer-en-television-nacional\\\/\"]}]},{\"@type\":\"ImageObject\",\"inLanguage\":\"es\",\"@id\":\"https:\\\/\\\/www.cuballama.com\\\/noticias\\\/diaz-canel-dice-sentirse-muy-motivado-tras-reaparecer-en-television-nacional\\\/#primaryimage\",\"url\":\"https:\\\/\\\/cdn1.mediawpaccore.net\\\/wp-content\\\/uploads\\\/2025\\\/07\\\/10235315\\\/Gi46wU9XYAE2Es4-1.webp\",\"contentUrl\":\"https:\\\/\\\/cdn1.mediawpaccore.net\\\/wp-content\\\/uploads\\\/2025\\\/07\\\/10235315\\\/Gi46wU9XYAE2Es4-1.webp\",\"width\":1200,\"height\":630,\"caption\":\"Miguel D\u00edaz-Canel. Foto: X\\\/Miguel D\u00edaz-Canel.\"},{\"@type\":\"BreadcrumbList\",\"@id\":\"https:\\\/\\\/www.cuballama.com\\\/noticias\\\/diaz-canel-dice-sentirse-muy-motivado-tras-reaparecer-en-television-nacional\\\/#breadcrumb\",\"itemListElement\":[{\"@type\":\"ListItem\",\"position\":1,\"name\":\"Home\",\"item\":\"https:\\\/\\\/www.cuballama.com\\\/noticias\\\/\"},{\"@type\":\"ListItem\",\"position\":2,\"name\":\"D\u00edaz-Canel dice sentirse \u00abmuy motivado\u00bb tras reaparecer en televisi\u00f3n nacional\"}]},{\"@type\":\"WebSite\",\"@id\":\"https:\\\/\\\/www.cuballama.com\\\/noticias\\\/#website\",\"url\":\"https:\\\/\\\/www.cuballama.com\\\/noticias\\\/\",\"name\":\"Cuballama Noticias\",\"description\":\"Medio digital sobre Cuba y el mundo\",\"publisher\":{\"@id\":\"https:\\\/\\\/www.cuballama.com\\\/noticias\\\/#organization\"},\"potentialAction\":[{\"@type\":\"SearchAction\",\"target\":{\"@type\":\"EntryPoint\",\"urlTemplate\":\"https:\\\/\\\/www.cuballama.com\\\/noticias\\\/?s={search_term_string}\"},\"query-input\":{\"@type\":\"PropertyValueSpecification\",\"valueRequired\":true,\"valueName\":\"search_term_string\"}}],\"inLanguage\":\"es\"},{\"@type\":\"Organization\",\"@id\":\"https:\\\/\\\/www.cuballama.com\\\/noticias\\\/#organization\",\"name\":\"Cuballama\",\"url\":\"https:\\\/\\\/www.cuballama.com\\\/noticias\\\/\",\"logo\":{\"@type\":\"ImageObject\",\"inLanguage\":\"es\",\"@id\":\"https:\\\/\\\/www.cuballama.com\\\/noticias\\\/#\\\/schema\\\/logo\\\/image\\\/\",\"url\":\"https:\\\/\\\/cdn1.mediawpaccore.net\\\/wp-content\\\/uploads\\\/2021\\\/12\\\/28171206\\\/cbll-logo-color-sm.png\",\"contentUrl\":\"https:\\\/\\\/cdn1.mediawpaccore.net\\\/wp-content\\\/uploads\\\/2021\\\/12\\\/28171206\\\/cbll-logo-color-sm.png\",\"width\":600,\"height\":133,\"caption\":\"Cuballama\"},\"image\":{\"@id\":\"https:\\\/\\\/www.cuballama.com\\\/noticias\\\/#\\\/schema\\\/logo\\\/image\\\/\"},\"sameAs\":[\"https:\\\/\\\/www.facebook.com\\\/CubaLlama\",\"https:\\\/\\\/x.com\\\/cuballama\",\"https:\\\/\\\/www.instagram.com\\\/stories\\\/cuballama_oficial\\\/\",\"https:\\\/\\\/www.youtube.com\\\/channel\\\/UCKkFE-d_axENGZcrc4as0IA\"]},{\"@type\":\"Person\",\"@id\":\"https:\\\/\\\/www.cuballama.com\\\/noticias\\\/#\\\/schema\\\/person\\\/5889f7d070564f8386e7944d14d436cd\",\"name\":\"Manu\",\"url\":\"https:\\\/\\\/www.cuballama.com\\\/noticias\\\/author\\\/manu\\\/\"}]}<\/script>\n<!-- \/ Yoast SEO plugin. -->","yoast_head_json":{"title":"D\u00edaz-Canel dice sentirse \"muy motivado\" tras reaparecer en televisi\u00f3n nacional - Cuballama Noticias","robots":{"index":"index","follow":"follow","max-snippet":"max-snippet:-1","max-image-preview":"max-image-preview:large","max-video-preview":"max-video-preview:-1"},"canonical":"https:\/\/www.cuballama.com\/noticias\/diaz-canel-dice-sentirse-muy-motivado-tras-reaparecer-en-television-nacional\/","og_locale":"es_ES","og_type":"article","og_title":"D\u00edaz-Canel dice sentirse \"muy motivado\" tras reaparecer en televisi\u00f3n nacional - Cuballama Noticias","og_description":"Su regreso se produjo en un reporte del Noticiero Estelar de la televisi\u00f3n estatal, que inform\u00f3 sobre un encuentro del mandatario con una delegaci\u00f3n de la Asamblea Internacional de los Pueblos, una plataforma que agrupa a movimientos y organizaciones de izquierda de distintos pa\u00edses y que realiza una visita a La Habana.","og_url":"https:\/\/www.cuballama.com\/noticias\/diaz-canel-dice-sentirse-muy-motivado-tras-reaparecer-en-television-nacional\/","og_site_name":"Cuballama Noticias","article_publisher":"https:\/\/www.facebook.com\/CubaLlama","article_published_time":"2026-03-11T17:14:29+00:00","article_modified_time":"2026-03-11T17:14:36+00:00","og_image":[{"width":1200,"height":630,"url":"https:\/\/cdn1.mediawpaccore.net\/wp-content\/uploads\/2025\/07\/10235315\/Gi46wU9XYAE2Es4-1.webp","type":"image\/webp"}],"author":"Manu","twitter_card":"summary_large_image","twitter_creator":"@cuballama","twitter_site":"@cuballama","twitter_misc":{"Escrito por":"Manu","Tiempo de lectura":"2 minutos"},"schema":{"@context":"https:\/\/schema.org","@graph":[{"@type":"Article","@id":"https:\/\/www.cuballama.com\/noticias\/diaz-canel-dice-sentirse-muy-motivado-tras-reaparecer-en-television-nacional\/#article","isPartOf":{"@id":"https:\/\/www.cuballama.com\/noticias\/diaz-canel-dice-sentirse-muy-motivado-tras-reaparecer-en-television-nacional\/"},"author":{"name":"Manu","@id":"https:\/\/www.cuballama.com\/noticias\/#\/schema\/person\/5889f7d070564f8386e7944d14d436cd"},"headline":"D\u00edaz-Canel dice sentirse \u00abmuy motivado\u00bb tras reaparecer en televisi\u00f3n nacional","datePublished":"2026-03-11T17:14:29+00:00","dateModified":"2026-03-11T17:14:36+00:00","mainEntityOfPage":{"@id":"https:\/\/www.cuballama.com\/noticias\/diaz-canel-dice-sentirse-muy-motivado-tras-reaparecer-en-television-nacional\/"},"wordCount":368,"commentCount":0,"publisher":{"@id":"https:\/\/www.cuballama.com\/noticias\/#organization"},"image":{"@id":"https:\/\/www.cuballama.com\/noticias\/diaz-canel-dice-sentirse-muy-motivado-tras-reaparecer-en-television-nacional\/#primaryimage"},"thumbnailUrl":"https:\/\/cdn1.mediawpaccore.net\/wp-content\/uploads\/2025\/07\/10235315\/Gi46wU9XYAE2Es4-1.webp","keywords":["Crisis en Cuba","Cuba","cubanos","D\u00edaz-Canel","superdestacado","Trump"],"articleSection":["Noticias","Noticias de Cuba"],"inLanguage":"es","potentialAction":[{"@type":"CommentAction","name":"Comment","target":["https:\/\/www.cuballama.com\/noticias\/diaz-canel-dice-sentirse-muy-motivado-tras-reaparecer-en-television-nacional\/#respond"]}]},{"@type":"WebPage","@id":"https:\/\/www.cuballama.com\/noticias\/diaz-canel-dice-sentirse-muy-motivado-tras-reaparecer-en-television-nacional\/","url":"https:\/\/www.cuballama.com\/noticias\/diaz-canel-dice-sentirse-muy-motivado-tras-reaparecer-en-television-nacional\/","name":"D\u00edaz-Canel dice sentirse \"muy motivado\" tras reaparecer en televisi\u00f3n nacional - Cuballama Noticias","isPartOf":{"@id":"https:\/\/www.cuballama.com\/noticias\/#website"},"primaryImageOfPage":{"@id":"https:\/\/www.cuballama.com\/noticias\/diaz-canel-dice-sentirse-muy-motivado-tras-reaparecer-en-television-nacional\/#primaryimage"},"image":{"@id":"https:\/\/www.cuballama.com\/noticias\/diaz-canel-dice-sentirse-muy-motivado-tras-reaparecer-en-television-nacional\/#primaryimage"},"thumbnailUrl":"https:\/\/cdn1.mediawpaccore.net\/wp-content\/uploads\/2025\/07\/10235315\/Gi46wU9XYAE2Es4-1.webp","datePublished":"2026-03-11T17:14:29+00:00","dateModified":"2026-03-11T17:14:36+00:00","breadcrumb":{"@id":"https:\/\/www.cuballama.com\/noticias\/diaz-canel-dice-sentirse-muy-motivado-tras-reaparecer-en-television-nacional\/#breadcrumb"},"inLanguage":"es","potentialAction":[{"@type":"ReadAction","target":["https:\/\/www.cuballama.com\/noticias\/diaz-canel-dice-sentirse-muy-motivado-tras-reaparecer-en-television-nacional\/"]}]},{"@type":"ImageObject","inLanguage":"es","@id":"https:\/\/www.cuballama.com\/noticias\/diaz-canel-dice-sentirse-muy-motivado-tras-reaparecer-en-television-nacional\/#primaryimage","url":"https:\/\/cdn1.mediawpaccore.net\/wp-content\/uploads\/2025\/07\/10235315\/Gi46wU9XYAE2Es4-1.webp","contentUrl":"https:\/\/cdn1.mediawpaccore.net\/wp-content\/uploads\/2025\/07\/10235315\/Gi46wU9XYAE2Es4-1.webp","width":1200,"height":630,"caption":"Miguel D\u00edaz-Canel. Foto: X\/Miguel D\u00edaz-Canel."},{"@type":"BreadcrumbList","@id":"https:\/\/www.cuballama.com\/noticias\/diaz-canel-dice-sentirse-muy-motivado-tras-reaparecer-en-television-nacional\/#breadcrumb","itemListElement":[{"@type":"ListItem","position":1,"name":"Home","item":"https:\/\/www.cuballama.com\/noticias\/"},{"@type":"ListItem","position":2,"name":"D\u00edaz-Canel dice sentirse \u00abmuy motivado\u00bb tras reaparecer en televisi\u00f3n nacional"}]},{"@type":"WebSite","@id":"https:\/\/www.cuballama.com\/noticias\/#website","url":"https:\/\/www.cuballama.com\/noticias\/","name":"Cuballama Noticias","description":"Medio digital sobre Cuba y el mundo","publisher":{"@id":"https:\/\/www.cuballama.com\/noticias\/#organization"},"potentialAction":[{"@type":"SearchAction","target":{"@type":"EntryPoint","urlTemplate":"https:\/\/www.cuballama.com\/noticias\/?s={search_term_string}"},"query-input":{"@type":"PropertyValueSpecification","valueRequired":true,"valueName":"search_term_string"}}],"inLanguage":"es"},{"@type":"Organization","@id":"https:\/\/www.cuballama.com\/noticias\/#organization","name":"Cuballama","url":"https:\/\/www.cuballama.com\/noticias\/","logo":{"@type":"ImageObject","inLanguage":"es","@id":"https:\/\/www.cuballama.com\/noticias\/#\/schema\/logo\/image\/","url":"https:\/\/cdn1.mediawpaccore.net\/wp-content\/uploads\/2021\/12\/28171206\/cbll-logo-color-sm.png","contentUrl":"https:\/\/cdn1.mediawpaccore.net\/wp-content\/uploads\/2021\/12\/28171206\/cbll-logo-color-sm.png","width":600,"height":133,"caption":"Cuballama"},"image":{"@id":"https:\/\/www.cuballama.com\/noticias\/#\/schema\/logo\/image\/"},"sameAs":["https:\/\/www.facebook.com\/CubaLlama","https:\/\/x.com\/cuballama","https:\/\/www.instagram.com\/stories\/cuballama_oficial\/","https:\/\/www.youtube.com\/channel\/UCKkFE-d_axENGZcrc4as0IA"]},{"@type":"Person","@id":"https:\/\/www.cuballama.com\/noticias\/#\/schema\/person\/5889f7d070564f8386e7944d14d436cd","name":"Manu","url":"https:\/\/www.cuballama.com\/noticias\/author\/manu\/"}]}},"_links":{"self":[{"href":"https:\/\/www.cuballama.com\/noticias\/wp-json\/wp\/v2\/posts\/237847","targetHints":{"allow":["GET"]}}],"collection":[{"href":"https:\/\/www.cuballama.com\/noticias\/wp-json\/wp\/v2\/posts"}],"about":[{"href":"https:\/\/www.cuballama.com\/noticias\/wp-json\/wp\/v2\/types\/post"}],"author":[{"embeddable":true,"href":"https:\/\/www.cuballama.com\/noticias\/wp-json\/wp\/v2\/users\/24"}],"replies":[{"embeddable":true,"href":"https:\/\/www.cuballama.com\/noticias\/wp-json\/wp\/v2\/comments?post=237847"}],"version-history":[{"count":1,"href":"https:\/\/www.cuballama.com\/noticias\/wp-json\/wp\/v2\/posts\/237847\/revisions"}],"predecessor-version":[{"id":237849,"href":"https:\/\/www.cuballama.com\/noticias\/wp-json\/wp\/v2\/posts\/237847\/revisions\/237849"}],"wp:featuredmedia":[{"embeddable":true,"href":"https:\/\/www.cuballama.com\/noticias\/wp-json\/wp\/v2\/media\/212876"}],"wp:attachment":[{"href":"https:\/\/www.cuballama.com\/noticias\/wp-json\/wp\/v2\/media?parent=237847"}],"wp:term":[{"taxonomy":"category","embeddable":true,"href":"https:\/\/www.cuballama.com\/noticias\/wp-json\/wp\/v2\/categories?post=237847"},{"taxonomy":"post_tag","embeddable":true,"href":"https:\/\/www.cuballama.com\/noticias\/wp-json\/wp\/v2\/tags?post=237847"}],"curies":[{"name":"wp","href":"https:\/\/api.w.org\/{rel}","templated":true}]}}