{"id":237819,"date":"2026-03-11T10:13:39","date_gmt":"2026-03-11T14:13:39","guid":{"rendered":"https:\/\/www.cuballama.com\/noticias\/?p=237819"},"modified":"2026-03-11T10:13:41","modified_gmt":"2026-03-11T14:13:41","slug":"por-desgracia-estuve-con-un-cubano-bad-gyal-habla-del-ex-que-le-fue-infiel-mientras-cantaba-con-karol-g","status":"publish","type":"post","link":"https:\/\/www.cuballama.com\/noticias\/por-desgracia-estuve-con-un-cubano-bad-gyal-habla-del-ex-que-le-fue-infiel-mientras-cantaba-con-karol-g\/","title":{"rendered":"\u201cPor desgracia estuve con un cubano\u201d: Bad Gyal habla del ex que le fue infiel mientras cantaba con Karol G"},"content":{"rendered":"\n<p>La cantante catalana Bad Gyal volvi\u00f3 a poner sobre la mesa su v\u00ednculo con la cultura cubana durante una reciente entrevista en el programa radial del presentador Enrique Santos. En una conversaci\u00f3n distendida, la artista habl\u00f3 abiertamente sobre un episodio personal relacionado con una antigua pareja cubana y, al mismo tiempo, destac\u00f3 la influencia que la m\u00fasica de la isla ha tenido en su carrera.<\/p>\n\n\n\n<p>Aunque la charla transit\u00f3 entre bromas y an\u00e9cdotas, uno de los momentos m\u00e1s comentados lleg\u00f3 cuando la int\u00e9rprete, conocida por su afinidad con el g\u00e9nero urbano cubano, comparti\u00f3 detalles sobre una relaci\u00f3n sentimental que termin\u00f3 de forma complicada. <\/p>\n\n\n\n<h3 class=\"wp-block-heading\">Una relaci\u00f3n que termin\u00f3 con una infidelidad<\/h3>\n\n\n\n<p>Durante la entrevista, la artista explic\u00f3 que mantuvo una breve relaci\u00f3n con un hombre cubano, una historia que termin\u00f3 tras descubrir una infidelidad. Seg\u00fan relat\u00f3, el enga\u00f1o ocurri\u00f3 poco antes de uno de sus viajes a Miami, una ciudad donde la cantante suele presentarse con frecuencia.<\/p>\n\n\n\n<p><strong>Lea m\u00e1s: <a href=\"https:\/\/www.cuballama.com\/noticias\/bad-gyal-con-dany-ome-kevincito-el-13-se-viene-el-junte-que-sacudira-al-reparto-cubano\/\" target=\"_blank\" rel=\"noreferrer noopener\">Bad Gyal con Dany Ome &amp; Kevincito El 13: \u00bfSe viene el junte que sacudir\u00e1 al reparto cubano?<\/a><\/strong><\/p>\n\n\n\n<p>La int\u00e9rprete record\u00f3 que la situaci\u00f3n ocurri\u00f3 mientras ella estaba involucrada en compromisos musicales, lo que hizo que se enterara de lo sucedido tiempo despu\u00e9s. Aun as\u00ed, confes\u00f3 que desde el inicio ten\u00eda la intuici\u00f3n de que algo no marchaba bien en la relaci\u00f3n. \u201cDe hecho, \u00e9l me enga\u00f1\u00f3 la noche antes de yo venir la \u00faltima vez aqu\u00ed, mientras estaba cantando con Karol G\u201d, cont\u00f3.<\/p>\n\n\n\n<blockquote class=\"instagram-media\" data-instgrm-captioned data-instgrm-permalink=\"https:\/\/www.instagram.com\/reel\/DVuSiagFTsH\/?utm_source=ig_embed&amp;utm_campaign=loading\" data-instgrm-version=\"14\" style=\" background:#FFF; border:0; border-radius:3px; box-shadow:0 0 1px 0 rgba(0,0,0,0.5),0 1px 10px 0 rgba(0,0,0,0.15); margin: 1px; max-width:540px; min-width:326px; padding:0; width:99.375%; width:-webkit-calc(100% - 2px); width:calc(100% - 2px);\"><div style=\"padding:16px;\"> <a href=\"https:\/\/www.instagram.com\/reel\/DVuSiagFTsH\/?utm_source=ig_embed&amp;utm_campaign=loading\" style=\" background:#FFFFFF; line-height:0; padding:0 0; text-align:center; text-decoration:none; width:100%;\" target=\"_blank\"> <div style=\" display: flex; flex-direction: row; align-items: center;\"> <div style=\"background-color: #F4F4F4; border-radius: 50%; flex-grow: 0; height: 40px; margin-right: 14px; width: 40px;\"><\/div> <div style=\"display: flex; flex-direction: column; flex-grow: 1; justify-content: center;\"> <div style=\" background-color: #F4F4F4; border-radius: 4px; flex-grow: 0; height: 14px; margin-bottom: 6px; width: 100px;\"><\/div> <div style=\" background-color: #F4F4F4; border-radius: 4px; flex-grow: 0; height: 14px; width: 60px;\"><\/div><\/div><\/div><div style=\"padding: 19% 0;\"><\/div> <div style=\"display:block; height:50px; margin:0 auto 12px; width:50px;\"><svg width=\"50px\" height=\"50px\" viewBox=\"0 0 60 60\" version=\"1.1\" xmlns=\"https:\/\/www.w3.org\/2000\/svg\" xmlns:xlink=\"https:\/\/www.w3.org\/1999\/xlink\"><g stroke=\"none\" stroke-width=\"1\" fill=\"none\" fill-rule=\"evenodd\"><g transform=\"translate(-511.000000, -20.000000)\" fill=\"#000000\"><g><path d=\"M556.869,30.41 C554.814,30.41 553.148,32.076 553.148,34.131 C553.148,36.186 554.814,37.852 556.869,37.852 C558.924,37.852 560.59,36.186 560.59,34.131 C560.59,32.076 558.924,30.41 556.869,30.41 M541,60.657 C535.114,60.657 530.342,55.887 530.342,50 C530.342,44.114 535.114,39.342 541,39.342 C546.887,39.342 551.658,44.114 551.658,50 C551.658,55.887 546.887,60.657 541,60.657 M541,33.886 C532.1,33.886 524.886,41.1 524.886,50 C524.886,58.899 532.1,66.113 541,66.113 C549.9,66.113 557.115,58.899 557.115,50 C557.115,41.1 549.9,33.886 541,33.886 M565.378,62.101 C565.244,65.022 564.756,66.606 564.346,67.663 C563.803,69.06 563.154,70.057 562.106,71.106 C561.058,72.155 560.06,72.803 558.662,73.347 C557.607,73.757 556.021,74.244 553.102,74.378 C549.944,74.521 548.997,74.552 541,74.552 C533.003,74.552 532.056,74.521 528.898,74.378 C525.979,74.244 524.393,73.757 523.338,73.347 C521.94,72.803 520.942,72.155 519.894,71.106 C518.846,70.057 518.197,69.06 517.654,67.663 C517.244,66.606 516.755,65.022 516.623,62.101 C516.479,58.943 516.448,57.996 516.448,50 C516.448,42.003 516.479,41.056 516.623,37.899 C516.755,34.978 517.244,33.391 517.654,32.338 C518.197,30.938 518.846,29.942 519.894,28.894 C520.942,27.846 521.94,27.196 523.338,26.654 C524.393,26.244 525.979,25.756 528.898,25.623 C532.057,25.479 533.004,25.448 541,25.448 C548.997,25.448 549.943,25.479 553.102,25.623 C556.021,25.756 557.607,26.244 558.662,26.654 C560.06,27.196 561.058,27.846 562.106,28.894 C563.154,29.942 563.803,30.938 564.346,32.338 C564.756,33.391 565.244,34.978 565.378,37.899 C565.522,41.056 565.552,42.003 565.552,50 C565.552,57.996 565.522,58.943 565.378,62.101 M570.82,37.631 C570.674,34.438 570.167,32.258 569.425,30.349 C568.659,28.377 567.633,26.702 565.965,25.035 C564.297,23.368 562.623,22.342 560.652,21.575 C558.743,20.834 556.562,20.326 553.369,20.18 C550.169,20.033 549.148,20 541,20 C532.853,20 531.831,20.033 528.631,20.18 C525.438,20.326 523.257,20.834 521.349,21.575 C519.376,22.342 517.703,23.368 516.035,25.035 C514.368,26.702 513.342,28.377 512.574,30.349 C511.834,32.258 511.326,34.438 511.181,37.631 C511.035,40.831 511,41.851 511,50 C511,58.147 511.035,59.17 511.181,62.369 C511.326,65.562 511.834,67.743 512.574,69.651 C513.342,71.625 514.368,73.296 516.035,74.965 C517.703,76.634 519.376,77.658 521.349,78.425 C523.257,79.167 525.438,79.673 528.631,79.82 C531.831,79.965 532.853,80.001 541,80.001 C549.148,80.001 550.169,79.965 553.369,79.82 C556.562,79.673 558.743,79.167 560.652,78.425 C562.623,77.658 564.297,76.634 565.965,74.965 C567.633,73.296 568.659,71.625 569.425,69.651 C570.167,67.743 570.674,65.562 570.82,62.369 C570.966,59.17 571,58.147 571,50 C571,41.851 570.966,40.831 570.82,37.631\"><\/path><\/g><\/g><\/g><\/svg><\/div><div style=\"padding-top: 8px;\"> <div style=\" color:#3897f0; font-family:Arial,sans-serif; font-size:14px; font-style:normal; font-weight:550; line-height:18px;\">Ver esta publicaci\u00f3n en Instagram<\/div><\/div><div style=\"padding: 12.5% 0;\"><\/div> <div style=\"display: flex; flex-direction: row; margin-bottom: 14px; align-items: center;\"><div> <div style=\"background-color: #F4F4F4; border-radius: 50%; height: 12.5px; width: 12.5px; transform: translateX(0px) translateY(7px);\"><\/div> <div style=\"background-color: #F4F4F4; height: 12.5px; transform: rotate(-45deg) translateX(3px) translateY(1px); width: 12.5px; flex-grow: 0; margin-right: 14px; margin-left: 2px;\"><\/div> <div style=\"background-color: #F4F4F4; border-radius: 50%; height: 12.5px; width: 12.5px; transform: translateX(9px) translateY(-18px);\"><\/div><\/div><div style=\"margin-left: 8px;\"> <div style=\" background-color: #F4F4F4; border-radius: 50%; flex-grow: 0; height: 20px; width: 20px;\"><\/div> <div style=\" width: 0; height: 0; border-top: 2px solid transparent; border-left: 6px solid #f4f4f4; border-bottom: 2px solid transparent; transform: translateX(16px) translateY(-4px) rotate(30deg)\"><\/div><\/div><div style=\"margin-left: auto;\"> <div style=\" width: 0px; border-top: 8px solid #F4F4F4; border-right: 8px solid transparent; transform: translateY(16px);\"><\/div> <div style=\" background-color: #F4F4F4; flex-grow: 0; height: 12px; width: 16px; transform: translateY(-4px);\"><\/div> <div style=\" width: 0; height: 0; border-top: 8px solid #F4F4F4; border-left: 8px solid transparent; transform: translateY(-4px) translateX(8px);\"><\/div><\/div><\/div> <div style=\"display: flex; flex-direction: column; flex-grow: 1; justify-content: center; margin-bottom: 24px;\"> <div style=\" background-color: #F4F4F4; border-radius: 4px; flex-grow: 0; height: 14px; margin-bottom: 6px; width: 224px;\"><\/div> <div style=\" background-color: #F4F4F4; border-radius: 4px; flex-grow: 0; height: 14px; width: 144px;\"><\/div><\/div><\/a><p style=\" color:#c9c8cd; font-family:Arial,sans-serif; font-size:14px; line-height:17px; margin-bottom:0; margin-top:8px; overflow:hidden; padding:8px 0 7px; text-align:center; text-overflow:ellipsis; white-space:nowrap;\"><a href=\"https:\/\/www.instagram.com\/reel\/DVuSiagFTsH\/?utm_source=ig_embed&amp;utm_campaign=loading\" style=\" color:#c9c8cd; font-family:Arial,sans-serif; font-size:14px; font-style:normal; font-weight:normal; line-height:17px; text-decoration:none;\" target=\"_blank\">Una publicaci\u00f3n compartida de Enrique Santos Show (@enriquesantosshow)<\/a><\/p><\/div><\/blockquote>\n<script async src=\"\/\/www.instagram.com\/embed.js\"><\/script>\n\n\n\n<p>Lejos de mostrar resentimiento, Bad Gyal abord\u00f3 el tema con naturalidad y asegur\u00f3 que la experiencia forma parte de los aprendizajes personales que llegan con el tiempo. La artista se\u00f1al\u00f3 que, tras ese episodio, decidi\u00f3 enfocarse m\u00e1s en s\u00ed misma y en su crecimiento personal.<\/p>\n\n\n\n<p><strong>Lea m\u00e1s: <a href=\"https:\/\/www.cuballama.com\/noticias\/chocolate-mc-conoce-en-persona-a-bad-gyal-la-estrella-espanola-fanatica-al-reparto-cubano\/\" target=\"_blank\" rel=\"noreferrer noopener\">Chocolate Mc conoce en persona a Bad Gyal, la estrella espa\u00f1ola fan\u00e1tica al reparto cubano<\/a><\/strong><\/p>\n\n\n\n<p>Actualmente, afirma sentirse c\u00f3moda con su vida sentimental y concentrada en su carrera, una etapa que describe como positiva y equilibrada.<\/p>\n\n\n\n<h3 class=\"wp-block-heading\">Una conexi\u00f3n musical con Cuba<\/h3>\n\n\n\n<p>M\u00e1s all\u00e1 de su experiencia amorosa, Bad Gyal insisti\u00f3 en que su admiraci\u00f3n por la cultura cubana no est\u00e1 relacionada con esa relaci\u00f3n pasada. De hecho, explic\u00f3 que su inter\u00e9s por la m\u00fasica de la isla surgi\u00f3 mucho antes.<\/p>\n\n\n\n<p>La cantante es conocida por integrar diferentes influencias del dancehall, el reguet\u00f3n y otros g\u00e9neros urbanos en su propuesta musical, y entre esas referencias se encuentra el llamado reparto, un estilo surgido en Cuba que combina reguet\u00f3n con elementos de la m\u00fasica electr\u00f3nica y ritmos caribe\u00f1os.<\/p>\n\n\n\n<p>Este g\u00e9nero ha ganado visibilidad en los \u00faltimos a\u00f1os gracias a plataformas digitales y redes sociales, donde artistas cubanos han logrado ampliar su alcance internacional. En ciudades como Miami, Madrid o Barcelona, el reparto ha empezado a encontrar audiencias m\u00e1s amplias, especialmente entre j\u00f3venes seguidores de la m\u00fasica urbana.<\/p>\n\n\n\n<p>Bad Gyal ha sido una de las artistas espa\u00f1olas que m\u00e1s abiertamente ha reconocido su afinidad con esta escena.<\/p>\n\n\n\n<h3 class=\"wp-block-heading\">Influencias y artistas que sigue<\/h3>\n\n\n\n<p>Durante la entrevista, la cantante mencion\u00f3 algunos de los temas y artistas cubanos que escucha actualmente. Entre ellos destac\u00f3 la canci\u00f3n \u201cDichavate\u201d, que asegura tener en rotaci\u00f3n constante.<\/p>\n\n\n\n<p>Tambi\u00e9n habl\u00f3 del reguetonero cubano Oniel Bebeshito, a quien sigue desde hace varios a\u00f1os, cuando a\u00fan no gozaba de gran popularidad fuera de Cuba. Seg\u00fan cont\u00f3, recientemente coincidieron de forma inesperada en el aeropuerto de Miami, donde tuvieron la oportunidad de saludarse personalmente.<\/p>\n\n\n\n<p>La artista aprovech\u00f3 el momento para felicitarlo por el crecimiento que ha tenido su carrera en la m\u00fasica urbana.<\/p>\n\n\n\n<h3 class=\"wp-block-heading\">Un puente cultural en la m\u00fasica urbana<\/h3>\n\n\n\n<p>El inter\u00e9s de Bad Gyal por los sonidos caribe\u00f1os refleja una tendencia cada vez m\u00e1s visible dentro de la m\u00fasica urbana global. Colaboraciones entre artistas de distintos pa\u00edses y la difusi\u00f3n en plataformas de streaming han facilitado el intercambio de estilos y ritmos.<\/p>\n\n\n\n<p>En ese contexto, la conexi\u00f3n entre Espa\u00f1a y el Caribe (particularmente con Puerto Rico, Rep\u00fablica Dominicana y Cuba) se ha fortalecido en la \u00faltima d\u00e9cada.<\/p>\n\n\n\n<p>Para Bad Gyal, esa mezcla cultural sigue siendo una fuente de inspiraci\u00f3n art\u00edstica, m\u00e1s all\u00e1 de las historias personales que puedan quedar en el pasado.<\/p>\n","protected":false},"excerpt":{"rendered":"<p>Tambi\u00e9n habl\u00f3 del reguetonero cubano Oniel Bebeshito, a quien sigue desde hace varios a\u00f1os, cuando a\u00fan no gozaba de gran popularidad fuera de Cuba<\/p>\n","protected":false},"author":27,"featured_media":191994,"comment_status":"open","ping_status":"closed","sticky":false,"template":"","format":"standard","meta":{"_acf_changed":false,"footnotes":""},"categories":[443],"tags":[15340,16922,11050,6160],"class_list":{"0":"post-237819","1":"post","2":"type-post","3":"status-publish","4":"format-standard","5":"has-post-thumbnail","7":"category-farandula","8":"tag-bad-gyal","9":"tag-bebeshito","10":"tag-cubanos-en-miami","11":"tag-reguetoneros-cubanos"},"acf":[],"yoast_head":"<!-- This site is optimized with the Yoast SEO plugin v27.5 - https:\/\/yoast.com\/product\/yoast-seo-wordpress\/ -->\n<title>\u201cPor desgracia estuve con un cubano\u201d: Bad Gyal habla del ex que le fue infiel mientras cantaba con Karol G - Cuballama Noticias<\/title>\n<meta name=\"description\" content=\"Bad Gyal habl\u00f3 de su v\u00ednculo con la cultura cubana durante una reciente entrevista en el programa radial del presentador Enrique Santos\" \/>\n<meta name=\"robots\" content=\"index, follow, max-snippet:-1, max-image-preview:large, max-video-preview:-1\" \/>\n<link rel=\"canonical\" href=\"https:\/\/www.cuballama.com\/noticias\/por-desgracia-estuve-con-un-cubano-bad-gyal-habla-del-ex-que-le-fue-infiel-mientras-cantaba-con-karol-g\/\" \/>\n<meta property=\"og:locale\" content=\"es_ES\" \/>\n<meta property=\"og:type\" content=\"article\" \/>\n<meta property=\"og:title\" content=\"\u201cPor desgracia estuve con un cubano\u201d: Bad Gyal habla del ex que le fue infiel mientras cantaba con Karol G - Cuballama Noticias\" \/>\n<meta property=\"og:description\" content=\"Bad Gyal habl\u00f3 de su v\u00ednculo con la cultura cubana durante una reciente entrevista en el programa radial del presentador Enrique Santos\" \/>\n<meta property=\"og:url\" content=\"https:\/\/www.cuballama.com\/noticias\/por-desgracia-estuve-con-un-cubano-bad-gyal-habla-del-ex-que-le-fue-infiel-mientras-cantaba-con-karol-g\/\" \/>\n<meta property=\"og:site_name\" content=\"Cuballama Noticias\" \/>\n<meta property=\"article:publisher\" content=\"https:\/\/www.facebook.com\/CubaLlama\" \/>\n<meta property=\"article:published_time\" content=\"2026-03-11T14:13:39+00:00\" \/>\n<meta property=\"article:modified_time\" content=\"2026-03-11T14:13:41+00:00\" \/>\n<meta property=\"og:image\" content=\"https:\/\/cdn1.mediawpaccore.net\/wp-content\/uploads\/2024\/12\/09073508\/Chocolate-Mc-conoce-en-persona-a-Bad-Gyal-la-estrella-espanola-fanatica-al-reparto-cubano-scaled.jpeg\" \/>\n\t<meta property=\"og:image:width\" content=\"2560\" \/>\n\t<meta property=\"og:image:height\" content=\"1677\" \/>\n\t<meta property=\"og:image:type\" content=\"image\/jpeg\" \/>\n<meta name=\"author\" content=\"Rafa\" \/>\n<meta name=\"twitter:card\" content=\"summary_large_image\" \/>\n<meta name=\"twitter:creator\" content=\"@cuballama\" \/>\n<meta name=\"twitter:site\" content=\"@cuballama\" \/>\n<meta name=\"twitter:label1\" content=\"Escrito por\" \/>\n\t<meta name=\"twitter:data1\" content=\"Rafa\" \/>\n\t<meta name=\"twitter:label2\" content=\"Tiempo de lectura\" \/>\n\t<meta name=\"twitter:data2\" content=\"4 minutos\" \/>\n<script type=\"application\/ld+json\" class=\"yoast-schema-graph\">{\"@context\":\"https:\\\/\\\/schema.org\",\"@graph\":[{\"@type\":\"Article\",\"@id\":\"https:\\\/\\\/www.cuballama.com\\\/noticias\\\/por-desgracia-estuve-con-un-cubano-bad-gyal-habla-del-ex-que-le-fue-infiel-mientras-cantaba-con-karol-g\\\/#article\",\"isPartOf\":{\"@id\":\"https:\\\/\\\/www.cuballama.com\\\/noticias\\\/por-desgracia-estuve-con-un-cubano-bad-gyal-habla-del-ex-que-le-fue-infiel-mientras-cantaba-con-karol-g\\\/\"},\"author\":{\"name\":\"Rafa\",\"@id\":\"https:\\\/\\\/www.cuballama.com\\\/noticias\\\/#\\\/schema\\\/person\\\/0f97914526a658755f00e59ec2a832f2\"},\"headline\":\"\u201cPor desgracia estuve con un cubano\u201d: Bad Gyal habla del ex que le fue infiel mientras cantaba con Karol G\",\"datePublished\":\"2026-03-11T14:13:39+00:00\",\"dateModified\":\"2026-03-11T14:13:41+00:00\",\"mainEntityOfPage\":{\"@id\":\"https:\\\/\\\/www.cuballama.com\\\/noticias\\\/por-desgracia-estuve-con-un-cubano-bad-gyal-habla-del-ex-que-le-fue-infiel-mientras-cantaba-con-karol-g\\\/\"},\"wordCount\":777,\"commentCount\":0,\"publisher\":{\"@id\":\"https:\\\/\\\/www.cuballama.com\\\/noticias\\\/#organization\"},\"image\":{\"@id\":\"https:\\\/\\\/www.cuballama.com\\\/noticias\\\/por-desgracia-estuve-con-un-cubano-bad-gyal-habla-del-ex-que-le-fue-infiel-mientras-cantaba-con-karol-g\\\/#primaryimage\"},\"thumbnailUrl\":\"https:\\\/\\\/cdn1.mediawpaccore.net\\\/wp-content\\\/uploads\\\/2024\\\/12\\\/09073508\\\/Chocolate-Mc-conoce-en-persona-a-Bad-Gyal-la-estrella-espanola-fanatica-al-reparto-cubano-scaled.jpeg\",\"keywords\":[\"Bad Gyal\",\"Bebeshito\",\"cubanos en Miami\",\"Reguetoneros cubanos\"],\"articleSection\":[\"Far\u00e1ndula\"],\"inLanguage\":\"es\",\"potentialAction\":[{\"@type\":\"CommentAction\",\"name\":\"Comment\",\"target\":[\"https:\\\/\\\/www.cuballama.com\\\/noticias\\\/por-desgracia-estuve-con-un-cubano-bad-gyal-habla-del-ex-que-le-fue-infiel-mientras-cantaba-con-karol-g\\\/#respond\"]}]},{\"@type\":\"WebPage\",\"@id\":\"https:\\\/\\\/www.cuballama.com\\\/noticias\\\/por-desgracia-estuve-con-un-cubano-bad-gyal-habla-del-ex-que-le-fue-infiel-mientras-cantaba-con-karol-g\\\/\",\"url\":\"https:\\\/\\\/www.cuballama.com\\\/noticias\\\/por-desgracia-estuve-con-un-cubano-bad-gyal-habla-del-ex-que-le-fue-infiel-mientras-cantaba-con-karol-g\\\/\",\"name\":\"\u201cPor desgracia estuve con un cubano\u201d: Bad Gyal habla del ex que le fue infiel mientras cantaba con Karol G - Cuballama Noticias\",\"isPartOf\":{\"@id\":\"https:\\\/\\\/www.cuballama.com\\\/noticias\\\/#website\"},\"primaryImageOfPage\":{\"@id\":\"https:\\\/\\\/www.cuballama.com\\\/noticias\\\/por-desgracia-estuve-con-un-cubano-bad-gyal-habla-del-ex-que-le-fue-infiel-mientras-cantaba-con-karol-g\\\/#primaryimage\"},\"image\":{\"@id\":\"https:\\\/\\\/www.cuballama.com\\\/noticias\\\/por-desgracia-estuve-con-un-cubano-bad-gyal-habla-del-ex-que-le-fue-infiel-mientras-cantaba-con-karol-g\\\/#primaryimage\"},\"thumbnailUrl\":\"https:\\\/\\\/cdn1.mediawpaccore.net\\\/wp-content\\\/uploads\\\/2024\\\/12\\\/09073508\\\/Chocolate-Mc-conoce-en-persona-a-Bad-Gyal-la-estrella-espanola-fanatica-al-reparto-cubano-scaled.jpeg\",\"datePublished\":\"2026-03-11T14:13:39+00:00\",\"dateModified\":\"2026-03-11T14:13:41+00:00\",\"description\":\"Bad Gyal habl\u00f3 de su v\u00ednculo con la cultura cubana durante una reciente entrevista en el programa radial del presentador Enrique Santos\",\"breadcrumb\":{\"@id\":\"https:\\\/\\\/www.cuballama.com\\\/noticias\\\/por-desgracia-estuve-con-un-cubano-bad-gyal-habla-del-ex-que-le-fue-infiel-mientras-cantaba-con-karol-g\\\/#breadcrumb\"},\"inLanguage\":\"es\",\"potentialAction\":[{\"@type\":\"ReadAction\",\"target\":[\"https:\\\/\\\/www.cuballama.com\\\/noticias\\\/por-desgracia-estuve-con-un-cubano-bad-gyal-habla-del-ex-que-le-fue-infiel-mientras-cantaba-con-karol-g\\\/\"]}]},{\"@type\":\"ImageObject\",\"inLanguage\":\"es\",\"@id\":\"https:\\\/\\\/www.cuballama.com\\\/noticias\\\/por-desgracia-estuve-con-un-cubano-bad-gyal-habla-del-ex-que-le-fue-infiel-mientras-cantaba-con-karol-g\\\/#primaryimage\",\"url\":\"https:\\\/\\\/cdn1.mediawpaccore.net\\\/wp-content\\\/uploads\\\/2024\\\/12\\\/09073508\\\/Chocolate-Mc-conoce-en-persona-a-Bad-Gyal-la-estrella-espanola-fanatica-al-reparto-cubano-scaled.jpeg\",\"contentUrl\":\"https:\\\/\\\/cdn1.mediawpaccore.net\\\/wp-content\\\/uploads\\\/2024\\\/12\\\/09073508\\\/Chocolate-Mc-conoce-en-persona-a-Bad-Gyal-la-estrella-espanola-fanatica-al-reparto-cubano-scaled.jpeg\",\"width\":2560,\"height\":1677,\"caption\":\"Foto: Chocolate MC\\\/Instagram\"},{\"@type\":\"BreadcrumbList\",\"@id\":\"https:\\\/\\\/www.cuballama.com\\\/noticias\\\/por-desgracia-estuve-con-un-cubano-bad-gyal-habla-del-ex-que-le-fue-infiel-mientras-cantaba-con-karol-g\\\/#breadcrumb\",\"itemListElement\":[{\"@type\":\"ListItem\",\"position\":1,\"name\":\"Home\",\"item\":\"https:\\\/\\\/www.cuballama.com\\\/noticias\\\/\"},{\"@type\":\"ListItem\",\"position\":2,\"name\":\"\u201cPor desgracia estuve con un cubano\u201d: Bad Gyal habla del ex que le fue infiel mientras cantaba con Karol G\"}]},{\"@type\":\"WebSite\",\"@id\":\"https:\\\/\\\/www.cuballama.com\\\/noticias\\\/#website\",\"url\":\"https:\\\/\\\/www.cuballama.com\\\/noticias\\\/\",\"name\":\"Cuballama Noticias\",\"description\":\"Medio digital sobre Cuba y el mundo\",\"publisher\":{\"@id\":\"https:\\\/\\\/www.cuballama.com\\\/noticias\\\/#organization\"},\"potentialAction\":[{\"@type\":\"SearchAction\",\"target\":{\"@type\":\"EntryPoint\",\"urlTemplate\":\"https:\\\/\\\/www.cuballama.com\\\/noticias\\\/?s={search_term_string}\"},\"query-input\":{\"@type\":\"PropertyValueSpecification\",\"valueRequired\":true,\"valueName\":\"search_term_string\"}}],\"inLanguage\":\"es\"},{\"@type\":\"Organization\",\"@id\":\"https:\\\/\\\/www.cuballama.com\\\/noticias\\\/#organization\",\"name\":\"Cuballama\",\"url\":\"https:\\\/\\\/www.cuballama.com\\\/noticias\\\/\",\"logo\":{\"@type\":\"ImageObject\",\"inLanguage\":\"es\",\"@id\":\"https:\\\/\\\/www.cuballama.com\\\/noticias\\\/#\\\/schema\\\/logo\\\/image\\\/\",\"url\":\"https:\\\/\\\/cdn1.mediawpaccore.net\\\/wp-content\\\/uploads\\\/2021\\\/12\\\/28171206\\\/cbll-logo-color-sm.png\",\"contentUrl\":\"https:\\\/\\\/cdn1.mediawpaccore.net\\\/wp-content\\\/uploads\\\/2021\\\/12\\\/28171206\\\/cbll-logo-color-sm.png\",\"width\":600,\"height\":133,\"caption\":\"Cuballama\"},\"image\":{\"@id\":\"https:\\\/\\\/www.cuballama.com\\\/noticias\\\/#\\\/schema\\\/logo\\\/image\\\/\"},\"sameAs\":[\"https:\\\/\\\/www.facebook.com\\\/CubaLlama\",\"https:\\\/\\\/x.com\\\/cuballama\",\"https:\\\/\\\/www.instagram.com\\\/stories\\\/cuballama_oficial\\\/\",\"https:\\\/\\\/www.youtube.com\\\/channel\\\/UCKkFE-d_axENGZcrc4as0IA\"]},{\"@type\":\"Person\",\"@id\":\"https:\\\/\\\/www.cuballama.com\\\/noticias\\\/#\\\/schema\\\/person\\\/0f97914526a658755f00e59ec2a832f2\",\"name\":\"Rafa\",\"url\":\"https:\\\/\\\/www.cuballama.com\\\/noticias\\\/author\\\/rafa\\\/\"}]}<\/script>\n<!-- \/ Yoast SEO plugin. -->","yoast_head_json":{"title":"\u201cPor desgracia estuve con un cubano\u201d: Bad Gyal habla del ex que le fue infiel mientras cantaba con Karol G - Cuballama Noticias","description":"Bad Gyal habl\u00f3 de su v\u00ednculo con la cultura cubana durante una reciente entrevista en el programa radial del presentador Enrique Santos","robots":{"index":"index","follow":"follow","max-snippet":"max-snippet:-1","max-image-preview":"max-image-preview:large","max-video-preview":"max-video-preview:-1"},"canonical":"https:\/\/www.cuballama.com\/noticias\/por-desgracia-estuve-con-un-cubano-bad-gyal-habla-del-ex-que-le-fue-infiel-mientras-cantaba-con-karol-g\/","og_locale":"es_ES","og_type":"article","og_title":"\u201cPor desgracia estuve con un cubano\u201d: Bad Gyal habla del ex que le fue infiel mientras cantaba con Karol G - Cuballama Noticias","og_description":"Bad Gyal habl\u00f3 de su v\u00ednculo con la cultura cubana durante una reciente entrevista en el programa radial del presentador Enrique Santos","og_url":"https:\/\/www.cuballama.com\/noticias\/por-desgracia-estuve-con-un-cubano-bad-gyal-habla-del-ex-que-le-fue-infiel-mientras-cantaba-con-karol-g\/","og_site_name":"Cuballama Noticias","article_publisher":"https:\/\/www.facebook.com\/CubaLlama","article_published_time":"2026-03-11T14:13:39+00:00","article_modified_time":"2026-03-11T14:13:41+00:00","og_image":[{"width":2560,"height":1677,"url":"https:\/\/cdn1.mediawpaccore.net\/wp-content\/uploads\/2024\/12\/09073508\/Chocolate-Mc-conoce-en-persona-a-Bad-Gyal-la-estrella-espanola-fanatica-al-reparto-cubano-scaled.jpeg","type":"image\/jpeg"}],"author":"Rafa","twitter_card":"summary_large_image","twitter_creator":"@cuballama","twitter_site":"@cuballama","twitter_misc":{"Escrito por":"Rafa","Tiempo de lectura":"4 minutos"},"schema":{"@context":"https:\/\/schema.org","@graph":[{"@type":"Article","@id":"https:\/\/www.cuballama.com\/noticias\/por-desgracia-estuve-con-un-cubano-bad-gyal-habla-del-ex-que-le-fue-infiel-mientras-cantaba-con-karol-g\/#article","isPartOf":{"@id":"https:\/\/www.cuballama.com\/noticias\/por-desgracia-estuve-con-un-cubano-bad-gyal-habla-del-ex-que-le-fue-infiel-mientras-cantaba-con-karol-g\/"},"author":{"name":"Rafa","@id":"https:\/\/www.cuballama.com\/noticias\/#\/schema\/person\/0f97914526a658755f00e59ec2a832f2"},"headline":"\u201cPor desgracia estuve con un cubano\u201d: Bad Gyal habla del ex que le fue infiel mientras cantaba con Karol G","datePublished":"2026-03-11T14:13:39+00:00","dateModified":"2026-03-11T14:13:41+00:00","mainEntityOfPage":{"@id":"https:\/\/www.cuballama.com\/noticias\/por-desgracia-estuve-con-un-cubano-bad-gyal-habla-del-ex-que-le-fue-infiel-mientras-cantaba-con-karol-g\/"},"wordCount":777,"commentCount":0,"publisher":{"@id":"https:\/\/www.cuballama.com\/noticias\/#organization"},"image":{"@id":"https:\/\/www.cuballama.com\/noticias\/por-desgracia-estuve-con-un-cubano-bad-gyal-habla-del-ex-que-le-fue-infiel-mientras-cantaba-con-karol-g\/#primaryimage"},"thumbnailUrl":"https:\/\/cdn1.mediawpaccore.net\/wp-content\/uploads\/2024\/12\/09073508\/Chocolate-Mc-conoce-en-persona-a-Bad-Gyal-la-estrella-espanola-fanatica-al-reparto-cubano-scaled.jpeg","keywords":["Bad Gyal","Bebeshito","cubanos en Miami","Reguetoneros cubanos"],"articleSection":["Far\u00e1ndula"],"inLanguage":"es","potentialAction":[{"@type":"CommentAction","name":"Comment","target":["https:\/\/www.cuballama.com\/noticias\/por-desgracia-estuve-con-un-cubano-bad-gyal-habla-del-ex-que-le-fue-infiel-mientras-cantaba-con-karol-g\/#respond"]}]},{"@type":"WebPage","@id":"https:\/\/www.cuballama.com\/noticias\/por-desgracia-estuve-con-un-cubano-bad-gyal-habla-del-ex-que-le-fue-infiel-mientras-cantaba-con-karol-g\/","url":"https:\/\/www.cuballama.com\/noticias\/por-desgracia-estuve-con-un-cubano-bad-gyal-habla-del-ex-que-le-fue-infiel-mientras-cantaba-con-karol-g\/","name":"\u201cPor desgracia estuve con un cubano\u201d: Bad Gyal habla del ex que le fue infiel mientras cantaba con Karol G - Cuballama Noticias","isPartOf":{"@id":"https:\/\/www.cuballama.com\/noticias\/#website"},"primaryImageOfPage":{"@id":"https:\/\/www.cuballama.com\/noticias\/por-desgracia-estuve-con-un-cubano-bad-gyal-habla-del-ex-que-le-fue-infiel-mientras-cantaba-con-karol-g\/#primaryimage"},"image":{"@id":"https:\/\/www.cuballama.com\/noticias\/por-desgracia-estuve-con-un-cubano-bad-gyal-habla-del-ex-que-le-fue-infiel-mientras-cantaba-con-karol-g\/#primaryimage"},"thumbnailUrl":"https:\/\/cdn1.mediawpaccore.net\/wp-content\/uploads\/2024\/12\/09073508\/Chocolate-Mc-conoce-en-persona-a-Bad-Gyal-la-estrella-espanola-fanatica-al-reparto-cubano-scaled.jpeg","datePublished":"2026-03-11T14:13:39+00:00","dateModified":"2026-03-11T14:13:41+00:00","description":"Bad Gyal habl\u00f3 de su v\u00ednculo con la cultura cubana durante una reciente entrevista en el programa radial del presentador Enrique Santos","breadcrumb":{"@id":"https:\/\/www.cuballama.com\/noticias\/por-desgracia-estuve-con-un-cubano-bad-gyal-habla-del-ex-que-le-fue-infiel-mientras-cantaba-con-karol-g\/#breadcrumb"},"inLanguage":"es","potentialAction":[{"@type":"ReadAction","target":["https:\/\/www.cuballama.com\/noticias\/por-desgracia-estuve-con-un-cubano-bad-gyal-habla-del-ex-que-le-fue-infiel-mientras-cantaba-con-karol-g\/"]}]},{"@type":"ImageObject","inLanguage":"es","@id":"https:\/\/www.cuballama.com\/noticias\/por-desgracia-estuve-con-un-cubano-bad-gyal-habla-del-ex-que-le-fue-infiel-mientras-cantaba-con-karol-g\/#primaryimage","url":"https:\/\/cdn1.mediawpaccore.net\/wp-content\/uploads\/2024\/12\/09073508\/Chocolate-Mc-conoce-en-persona-a-Bad-Gyal-la-estrella-espanola-fanatica-al-reparto-cubano-scaled.jpeg","contentUrl":"https:\/\/cdn1.mediawpaccore.net\/wp-content\/uploads\/2024\/12\/09073508\/Chocolate-Mc-conoce-en-persona-a-Bad-Gyal-la-estrella-espanola-fanatica-al-reparto-cubano-scaled.jpeg","width":2560,"height":1677,"caption":"Foto: Chocolate MC\/Instagram"},{"@type":"BreadcrumbList","@id":"https:\/\/www.cuballama.com\/noticias\/por-desgracia-estuve-con-un-cubano-bad-gyal-habla-del-ex-que-le-fue-infiel-mientras-cantaba-con-karol-g\/#breadcrumb","itemListElement":[{"@type":"ListItem","position":1,"name":"Home","item":"https:\/\/www.cuballama.com\/noticias\/"},{"@type":"ListItem","position":2,"name":"\u201cPor desgracia estuve con un cubano\u201d: Bad Gyal habla del ex que le fue infiel mientras cantaba con Karol G"}]},{"@type":"WebSite","@id":"https:\/\/www.cuballama.com\/noticias\/#website","url":"https:\/\/www.cuballama.com\/noticias\/","name":"Cuballama Noticias","description":"Medio digital sobre Cuba y el mundo","publisher":{"@id":"https:\/\/www.cuballama.com\/noticias\/#organization"},"potentialAction":[{"@type":"SearchAction","target":{"@type":"EntryPoint","urlTemplate":"https:\/\/www.cuballama.com\/noticias\/?s={search_term_string}"},"query-input":{"@type":"PropertyValueSpecification","valueRequired":true,"valueName":"search_term_string"}}],"inLanguage":"es"},{"@type":"Organization","@id":"https:\/\/www.cuballama.com\/noticias\/#organization","name":"Cuballama","url":"https:\/\/www.cuballama.com\/noticias\/","logo":{"@type":"ImageObject","inLanguage":"es","@id":"https:\/\/www.cuballama.com\/noticias\/#\/schema\/logo\/image\/","url":"https:\/\/cdn1.mediawpaccore.net\/wp-content\/uploads\/2021\/12\/28171206\/cbll-logo-color-sm.png","contentUrl":"https:\/\/cdn1.mediawpaccore.net\/wp-content\/uploads\/2021\/12\/28171206\/cbll-logo-color-sm.png","width":600,"height":133,"caption":"Cuballama"},"image":{"@id":"https:\/\/www.cuballama.com\/noticias\/#\/schema\/logo\/image\/"},"sameAs":["https:\/\/www.facebook.com\/CubaLlama","https:\/\/x.com\/cuballama","https:\/\/www.instagram.com\/stories\/cuballama_oficial\/","https:\/\/www.youtube.com\/channel\/UCKkFE-d_axENGZcrc4as0IA"]},{"@type":"Person","@id":"https:\/\/www.cuballama.com\/noticias\/#\/schema\/person\/0f97914526a658755f00e59ec2a832f2","name":"Rafa","url":"https:\/\/www.cuballama.com\/noticias\/author\/rafa\/"}]}},"_links":{"self":[{"href":"https:\/\/www.cuballama.com\/noticias\/wp-json\/wp\/v2\/posts\/237819","targetHints":{"allow":["GET"]}}],"collection":[{"href":"https:\/\/www.cuballama.com\/noticias\/wp-json\/wp\/v2\/posts"}],"about":[{"href":"https:\/\/www.cuballama.com\/noticias\/wp-json\/wp\/v2\/types\/post"}],"author":[{"embeddable":true,"href":"https:\/\/www.cuballama.com\/noticias\/wp-json\/wp\/v2\/users\/27"}],"replies":[{"embeddable":true,"href":"https:\/\/www.cuballama.com\/noticias\/wp-json\/wp\/v2\/comments?post=237819"}],"version-history":[{"count":1,"href":"https:\/\/www.cuballama.com\/noticias\/wp-json\/wp\/v2\/posts\/237819\/revisions"}],"predecessor-version":[{"id":237825,"href":"https:\/\/www.cuballama.com\/noticias\/wp-json\/wp\/v2\/posts\/237819\/revisions\/237825"}],"wp:featuredmedia":[{"embeddable":true,"href":"https:\/\/www.cuballama.com\/noticias\/wp-json\/wp\/v2\/media\/191994"}],"wp:attachment":[{"href":"https:\/\/www.cuballama.com\/noticias\/wp-json\/wp\/v2\/media?parent=237819"}],"wp:term":[{"taxonomy":"category","embeddable":true,"href":"https:\/\/www.cuballama.com\/noticias\/wp-json\/wp\/v2\/categories?post=237819"},{"taxonomy":"post_tag","embeddable":true,"href":"https:\/\/www.cuballama.com\/noticias\/wp-json\/wp\/v2\/tags?post=237819"}],"curies":[{"name":"wp","href":"https:\/\/api.w.org\/{rel}","templated":true}]}}