{"id":237795,"date":"2026-03-11T09:53:37","date_gmt":"2026-03-11T13:53:37","guid":{"rendered":"https:\/\/www.cuballama.com\/noticias\/?p=237795"},"modified":"2026-03-11T09:53:41","modified_gmt":"2026-03-11T13:53:41","slug":"la-habana-bajo-el-estruendo-de-los-cacerolazos-quinta-noche-de-reclamos-por-apagones","status":"publish","type":"post","link":"https:\/\/www.cuballama.com\/noticias\/la-habana-bajo-el-estruendo-de-los-cacerolazos-quinta-noche-de-reclamos-por-apagones\/","title":{"rendered":"La Habana bajo el estruendo de los cacerolazos: Quinta noche de reclamos por apagones"},"content":{"rendered":"\n<p>La Habana se ha convertido en un escenario de tensi\u00f3n constante durante la \u00faltima semana. Lo que comenz\u00f3 como quejas aisladas por la interrupci\u00f3n del servicio el\u00e9ctrico ha escalado hasta convertirse en una manifestaci\u00f3n masiva de descontento popular. Este martes 10 de marzo de 2026 marc\u00f3 la quinta noche consecutiva de cacerolazos. <\/p>\n\n\n\n<p>Se trata una forma de protesta que ha ganado fuerza en medio de una crisis energ\u00e9tica que mantiene a oscuras a gran parte del pa\u00eds. La falta de respuestas oficiales y la prolongaci\u00f3n de los cortes, que en algunas zonas superan las 15 horas diarias, han agotado la paciencia de una ciudadan\u00eda que ahora utiliza la oscuridad para hacer o\u00edr su reclamo. <\/p>\n\n\n\n<p>Uno de los puntos m\u00e1s cr\u00edticos de la jornada de cacerolazos ocurri\u00f3 en el municipio de Marianao, espec\u00edficamente en la zona de El Lido y El Palmar. Seg\u00fan reportes difundidos en redes sociales y testimonios de residentes, el cacerolazo en esta \u00e1rea no solo fue masivo, sino que termin\u00f3 con una fuerte intervenci\u00f3n de las fuerzas del orden. <\/p>\n\n\n\n<iframe loading=\"lazy\" src=\"https:\/\/www.facebook.com\/plugins\/post.php?href=https%3A%2F%2Fwww.facebook.com%2Fsaul.manuel.500961%2Fposts%2Fpfbid02buPnMxcMp4A4JNPHXv5TY1jVqPfJfMVmoDSs82KamNf6adN8UwFfmwxhtRtzVP2Vl&#038;show_text=true&#038;width=500\" width=\"500\" height=\"627\" style=\"border:none;overflow:hidden\" scrolling=\"no\" frameborder=\"0\" allowfullscreen=\"true\" allow=\"autoplay; clipboard-write; encrypted-media; picture-in-picture; web-share\"><\/iframe>\n\n\n\n<p>Vecinos informaron que, tras el inicio del estruendo de las ollas, varias patrullas y agentes vestidos de civil incursionaron en las calles, resultando en la detenci\u00f3n de varios manifestantes. Los audios compartidos desde el lugar captaron gritos de \u00abcinco d\u00edas sin corriente\u00bb y frases de desesperaci\u00f3n antes de que las comunicaciones se vieran interrumpidas.<\/p>\n\n\n\n<iframe loading=\"lazy\" src=\"https:\/\/www.facebook.com\/plugins\/post.php?href=https%3A%2F%2Fwww.facebook.com%2FMarioJPenton%2Fposts%2Fpfbid0gwrnyvgyRMangAYFsVsVAKnNu37y4NGNhQUB9h11dhe2UzXaV9MaLT7NLhpnTSJ3l&#038;show_text=true&#038;width=500\" width=\"500\" height=\"473\" style=\"border:none;overflow:hidden\" scrolling=\"no\" frameborder=\"0\" allowfullscreen=\"true\" allow=\"autoplay; clipboard-write; encrypted-media; picture-in-picture; web-share\"><\/iframe>\n\n\n\n<p>Pero Marianao no estuvo solo. En El Vedado y Miramar, \u00e1reas que hist\u00f3ricamente hab\u00edan sido m\u00e1s tranquilas, el sonido met\u00e1lico de los cacerolazos tambi\u00e9n se hizo sentir. <\/p>\n\n\n\n<p>En estos barrios, la protesta adquiri\u00f3 un matiz diferente, con vecinos golpeando recipientes desde sus balcones y portales, creando una sinfon\u00eda de descontento que se extend\u00eda por cuadras enteras. La visibilidad de estas zonas, donde residen diplom\u00e1ticos y personal extranjero, a\u00f1ade una capa de presi\u00f3n pol\u00edtica adicional al gobierno, que intenta manejar la crisis bajo la sombra de un d\u00e9ficit generacional que roza los 1.800 megavatios.<\/p>\n\n\n\n<iframe loading=\"lazy\" src=\"https:\/\/www.facebook.com\/plugins\/video.php?height=476&#038;href=https%3A%2F%2Fwww.facebook.com%2Freel%2F920554524302769%2F&#038;show_text=true&#038;width=267&#038;t=0\" width=\"267\" height=\"591\" style=\"border:none;overflow:hidden\" scrolling=\"no\" frameborder=\"0\" allowfullscreen=\"true\" allow=\"autoplay; clipboard-write; encrypted-media; picture-in-picture; web-share\" allowFullScreen=\"true\"><\/iframe>\n\n\n\n<p>La situaci\u00f3n es especialmente precaria debido a que los apagones no solo afectan la iluminaci\u00f3n; la falta de energ\u00eda ha paralizado el bombeo de agua en varios distritos y ha provocado la p\u00e9rdida de alimentos refrigerados, un golpe devastador para la econom\u00eda familiar. <\/p>\n\n\n\n<p>Mientras la Uni\u00f3n El\u00e9ctrica (UNE) atribuye el colapso a aver\u00edas en la termoel\u00e9ctrica Antonio Guiteras y a la falta de combustible, los manifestantes en las calles de San Miguel del Padr\u00f3n y La Habana Vieja exigen soluciones inmediatas. El clima de indignaci\u00f3n es palpable, y el temor a una escalada mayor mantiene a la ciudad en un estado de vigilia permanente, donde cada ca\u00edda de la noche se recibe con el temor al apag\u00f3n y la certeza de que el ruido de las cacerolas volver\u00e1 a sonar.<\/p>\n","protected":false},"excerpt":{"rendered":"<p>El colapso del sistema el\u00e9ctrico en Cuba ha detonado una ola de descontento que suma cinco noches consecutivas de protestas en la capital. Barrios emblem\u00e1ticos como Marianao, El Vedado y Miramar se han convertido en focos de resistencia donde el sonido de las cacerolas desaf\u00eda la oscuridad y la vigilancia policial.<\/p>\n","protected":false},"author":13,"featured_media":237809,"comment_status":"open","ping_status":"closed","sticky":false,"template":"","format":"standard","meta":{"_acf_changed":false,"footnotes":""},"categories":[18,955],"tags":[28619,22755,27769,24866,31034,6780,31035,9986,11017,2660],"class_list":{"0":"post-237795","1":"post","2":"type-post","3":"status-publish","4":"format-standard","5":"has-post-thumbnail","7":"category-noticias","8":"category-noticias-de-cuba","9":"tag-apagones-en-la-habana","10":"tag-cacerolazos","11":"tag-crisis-energetica-cuba","12":"tag-derechos-humanos-cuba","13":"tag-el-lido","14":"tag-marianao","15":"tag-noticias-cuba-2026","16":"tag-protestas-en-cuba","17":"tag-superdestacado","18":"tag-vedado"},"acf":[],"yoast_head":"<!-- This site is optimized with the Yoast SEO plugin v27.4 - https:\/\/yoast.com\/product\/yoast-seo-wordpress\/ -->\n<title>La Habana bajo el estruendo de los cacerolazos: Quinta noche de reclamos por apagones - Cuballama Noticias<\/title>\n<meta name=\"description\" content=\"Quinta noche de cacerolazos en La Habana por apagones. Reportan detenidos en Marianao y tensi\u00f3n en El Vedado y Miramar.\" \/>\n<meta name=\"robots\" content=\"index, follow, max-snippet:-1, max-image-preview:large, max-video-preview:-1\" \/>\n<link rel=\"canonical\" href=\"https:\/\/www.cuballama.com\/noticias\/la-habana-bajo-el-estruendo-de-los-cacerolazos-quinta-noche-de-reclamos-por-apagones\/\" \/>\n<meta property=\"og:locale\" content=\"es_ES\" \/>\n<meta property=\"og:type\" content=\"article\" \/>\n<meta property=\"og:title\" content=\"La Habana bajo el estruendo de los cacerolazos: Quinta noche de reclamos por apagones - Cuballama Noticias\" \/>\n<meta property=\"og:description\" content=\"Quinta noche de cacerolazos en La Habana por apagones. Reportan detenidos en Marianao y tensi\u00f3n en El Vedado y Miramar.\" \/>\n<meta property=\"og:url\" content=\"https:\/\/www.cuballama.com\/noticias\/la-habana-bajo-el-estruendo-de-los-cacerolazos-quinta-noche-de-reclamos-por-apagones\/\" \/>\n<meta property=\"og:site_name\" content=\"Cuballama Noticias\" \/>\n<meta property=\"article:publisher\" content=\"https:\/\/www.facebook.com\/CubaLlama\" \/>\n<meta property=\"article:published_time\" content=\"2026-03-11T13:53:37+00:00\" \/>\n<meta property=\"article:modified_time\" content=\"2026-03-11T13:53:41+00:00\" \/>\n<meta property=\"og:image\" content=\"https:\/\/cdn1.mediawpaccore.net\/wp-content\/uploads\/2026\/03\/11080712\/image-54.png\" \/>\n\t<meta property=\"og:image:width\" content=\"1183\" \/>\n\t<meta property=\"og:image:height\" content=\"628\" \/>\n\t<meta property=\"og:image:type\" content=\"image\/png\" \/>\n<meta name=\"author\" content=\"Roberto A.\" \/>\n<meta name=\"twitter:card\" content=\"summary_large_image\" \/>\n<meta name=\"twitter:creator\" content=\"@cuballama\" \/>\n<meta name=\"twitter:site\" content=\"@cuballama\" \/>\n<meta name=\"twitter:label1\" content=\"Escrito por\" \/>\n\t<meta name=\"twitter:data1\" content=\"Roberto A.\" \/>\n\t<meta name=\"twitter:label2\" content=\"Tiempo de lectura\" \/>\n\t<meta name=\"twitter:data2\" content=\"3 minutos\" \/>\n<script type=\"application\/ld+json\" class=\"yoast-schema-graph\">{\"@context\":\"https:\\\/\\\/schema.org\",\"@graph\":[{\"@type\":\"Article\",\"@id\":\"https:\\\/\\\/www.cuballama.com\\\/noticias\\\/la-habana-bajo-el-estruendo-de-los-cacerolazos-quinta-noche-de-reclamos-por-apagones\\\/#article\",\"isPartOf\":{\"@id\":\"https:\\\/\\\/www.cuballama.com\\\/noticias\\\/la-habana-bajo-el-estruendo-de-los-cacerolazos-quinta-noche-de-reclamos-por-apagones\\\/\"},\"author\":{\"name\":\"Roberto A.\",\"@id\":\"https:\\\/\\\/www.cuballama.com\\\/noticias\\\/#\\\/schema\\\/person\\\/a58502ed4146c8e9f83872e897c76cd2\"},\"headline\":\"La Habana bajo el estruendo de los cacerolazos: Quinta noche de reclamos por apagones\",\"datePublished\":\"2026-03-11T13:53:37+00:00\",\"dateModified\":\"2026-03-11T13:53:41+00:00\",\"mainEntityOfPage\":{\"@id\":\"https:\\\/\\\/www.cuballama.com\\\/noticias\\\/la-habana-bajo-el-estruendo-de-los-cacerolazos-quinta-noche-de-reclamos-por-apagones\\\/\"},\"wordCount\":501,\"commentCount\":0,\"publisher\":{\"@id\":\"https:\\\/\\\/www.cuballama.com\\\/noticias\\\/#organization\"},\"image\":{\"@id\":\"https:\\\/\\\/www.cuballama.com\\\/noticias\\\/la-habana-bajo-el-estruendo-de-los-cacerolazos-quinta-noche-de-reclamos-por-apagones\\\/#primaryimage\"},\"thumbnailUrl\":\"https:\\\/\\\/cdn1.mediawpaccore.net\\\/wp-content\\\/uploads\\\/2026\\\/03\\\/11080712\\\/image-54.png\",\"keywords\":[\"apagones en La Habana\",\"cacerolazos\",\"crisis energ\u00e9tica Cuba\",\"derechos humanos Cuba\",\"El Lido\",\"Marianao\",\"Noticias Cuba 2026.\",\"protestas en Cuba\",\"superdestacado\",\"Vedado\"],\"articleSection\":[\"Noticias\",\"Noticias de Cuba\"],\"inLanguage\":\"es\",\"potentialAction\":[{\"@type\":\"CommentAction\",\"name\":\"Comment\",\"target\":[\"https:\\\/\\\/www.cuballama.com\\\/noticias\\\/la-habana-bajo-el-estruendo-de-los-cacerolazos-quinta-noche-de-reclamos-por-apagones\\\/#respond\"]}]},{\"@type\":\"WebPage\",\"@id\":\"https:\\\/\\\/www.cuballama.com\\\/noticias\\\/la-habana-bajo-el-estruendo-de-los-cacerolazos-quinta-noche-de-reclamos-por-apagones\\\/\",\"url\":\"https:\\\/\\\/www.cuballama.com\\\/noticias\\\/la-habana-bajo-el-estruendo-de-los-cacerolazos-quinta-noche-de-reclamos-por-apagones\\\/\",\"name\":\"La Habana bajo el estruendo de los cacerolazos: Quinta noche de reclamos por apagones - Cuballama Noticias\",\"isPartOf\":{\"@id\":\"https:\\\/\\\/www.cuballama.com\\\/noticias\\\/#website\"},\"primaryImageOfPage\":{\"@id\":\"https:\\\/\\\/www.cuballama.com\\\/noticias\\\/la-habana-bajo-el-estruendo-de-los-cacerolazos-quinta-noche-de-reclamos-por-apagones\\\/#primaryimage\"},\"image\":{\"@id\":\"https:\\\/\\\/www.cuballama.com\\\/noticias\\\/la-habana-bajo-el-estruendo-de-los-cacerolazos-quinta-noche-de-reclamos-por-apagones\\\/#primaryimage\"},\"thumbnailUrl\":\"https:\\\/\\\/cdn1.mediawpaccore.net\\\/wp-content\\\/uploads\\\/2026\\\/03\\\/11080712\\\/image-54.png\",\"datePublished\":\"2026-03-11T13:53:37+00:00\",\"dateModified\":\"2026-03-11T13:53:41+00:00\",\"description\":\"Quinta noche de cacerolazos en La Habana por apagones. Reportan detenidos en Marianao y tensi\u00f3n en El Vedado y Miramar.\",\"breadcrumb\":{\"@id\":\"https:\\\/\\\/www.cuballama.com\\\/noticias\\\/la-habana-bajo-el-estruendo-de-los-cacerolazos-quinta-noche-de-reclamos-por-apagones\\\/#breadcrumb\"},\"inLanguage\":\"es\",\"potentialAction\":[{\"@type\":\"ReadAction\",\"target\":[\"https:\\\/\\\/www.cuballama.com\\\/noticias\\\/la-habana-bajo-el-estruendo-de-los-cacerolazos-quinta-noche-de-reclamos-por-apagones\\\/\"]}]},{\"@type\":\"ImageObject\",\"inLanguage\":\"es\",\"@id\":\"https:\\\/\\\/www.cuballama.com\\\/noticias\\\/la-habana-bajo-el-estruendo-de-los-cacerolazos-quinta-noche-de-reclamos-por-apagones\\\/#primaryimage\",\"url\":\"https:\\\/\\\/cdn1.mediawpaccore.net\\\/wp-content\\\/uploads\\\/2026\\\/03\\\/11080712\\\/image-54.png\",\"contentUrl\":\"https:\\\/\\\/cdn1.mediawpaccore.net\\\/wp-content\\\/uploads\\\/2026\\\/03\\\/11080712\\\/image-54.png\",\"width\":1183,\"height\":628,\"caption\":\"Un jarro y una cuchara usados en las protestas en la barriada de Zamora, en Marianao. Foto: Cortes\u00eda\"},{\"@type\":\"BreadcrumbList\",\"@id\":\"https:\\\/\\\/www.cuballama.com\\\/noticias\\\/la-habana-bajo-el-estruendo-de-los-cacerolazos-quinta-noche-de-reclamos-por-apagones\\\/#breadcrumb\",\"itemListElement\":[{\"@type\":\"ListItem\",\"position\":1,\"name\":\"Home\",\"item\":\"https:\\\/\\\/www.cuballama.com\\\/noticias\\\/\"},{\"@type\":\"ListItem\",\"position\":2,\"name\":\"La Habana bajo el estruendo de los cacerolazos: Quinta noche de reclamos por apagones\"}]},{\"@type\":\"WebSite\",\"@id\":\"https:\\\/\\\/www.cuballama.com\\\/noticias\\\/#website\",\"url\":\"https:\\\/\\\/www.cuballama.com\\\/noticias\\\/\",\"name\":\"Cuballama Noticias\",\"description\":\"Medio digital sobre Cuba y el mundo\",\"publisher\":{\"@id\":\"https:\\\/\\\/www.cuballama.com\\\/noticias\\\/#organization\"},\"potentialAction\":[{\"@type\":\"SearchAction\",\"target\":{\"@type\":\"EntryPoint\",\"urlTemplate\":\"https:\\\/\\\/www.cuballama.com\\\/noticias\\\/?s={search_term_string}\"},\"query-input\":{\"@type\":\"PropertyValueSpecification\",\"valueRequired\":true,\"valueName\":\"search_term_string\"}}],\"inLanguage\":\"es\"},{\"@type\":\"Organization\",\"@id\":\"https:\\\/\\\/www.cuballama.com\\\/noticias\\\/#organization\",\"name\":\"Cuballama\",\"url\":\"https:\\\/\\\/www.cuballama.com\\\/noticias\\\/\",\"logo\":{\"@type\":\"ImageObject\",\"inLanguage\":\"es\",\"@id\":\"https:\\\/\\\/www.cuballama.com\\\/noticias\\\/#\\\/schema\\\/logo\\\/image\\\/\",\"url\":\"https:\\\/\\\/cdn1.mediawpaccore.net\\\/wp-content\\\/uploads\\\/2021\\\/12\\\/28171206\\\/cbll-logo-color-sm.png\",\"contentUrl\":\"https:\\\/\\\/cdn1.mediawpaccore.net\\\/wp-content\\\/uploads\\\/2021\\\/12\\\/28171206\\\/cbll-logo-color-sm.png\",\"width\":600,\"height\":133,\"caption\":\"Cuballama\"},\"image\":{\"@id\":\"https:\\\/\\\/www.cuballama.com\\\/noticias\\\/#\\\/schema\\\/logo\\\/image\\\/\"},\"sameAs\":[\"https:\\\/\\\/www.facebook.com\\\/CubaLlama\",\"https:\\\/\\\/x.com\\\/cuballama\",\"https:\\\/\\\/www.instagram.com\\\/stories\\\/cuballama_oficial\\\/\",\"https:\\\/\\\/www.youtube.com\\\/channel\\\/UCKkFE-d_axENGZcrc4as0IA\"]},{\"@type\":\"Person\",\"@id\":\"https:\\\/\\\/www.cuballama.com\\\/noticias\\\/#\\\/schema\\\/person\\\/a58502ed4146c8e9f83872e897c76cd2\",\"name\":\"Roberto A.\",\"description\":\"Roberto A. Periodista por decisi\u00f3n propia. Interesado en cualquier tema que me apasione y cada vez m\u00e1s comprometido con la verdad y la objetividad period\u00edstica. Graduado en La Habana hace ya muchos a\u00f1os, luego de una accidentada y polvorienta b\u00fasqueda de informaci\u00f3n sobre un tema in\u00e9dito. La Tesis, por cierto, desapareci\u00f3 de la biblioteca y no se conservan copias de la misma.\",\"url\":\"https:\\\/\\\/www.cuballama.com\\\/noticias\\\/author\\\/roberto\\\/\"}]}<\/script>\n<!-- \/ Yoast SEO plugin. -->","yoast_head_json":{"title":"La Habana bajo el estruendo de los cacerolazos: Quinta noche de reclamos por apagones - Cuballama Noticias","description":"Quinta noche de cacerolazos en La Habana por apagones. Reportan detenidos en Marianao y tensi\u00f3n en El Vedado y Miramar.","robots":{"index":"index","follow":"follow","max-snippet":"max-snippet:-1","max-image-preview":"max-image-preview:large","max-video-preview":"max-video-preview:-1"},"canonical":"https:\/\/www.cuballama.com\/noticias\/la-habana-bajo-el-estruendo-de-los-cacerolazos-quinta-noche-de-reclamos-por-apagones\/","og_locale":"es_ES","og_type":"article","og_title":"La Habana bajo el estruendo de los cacerolazos: Quinta noche de reclamos por apagones - Cuballama Noticias","og_description":"Quinta noche de cacerolazos en La Habana por apagones. Reportan detenidos en Marianao y tensi\u00f3n en El Vedado y Miramar.","og_url":"https:\/\/www.cuballama.com\/noticias\/la-habana-bajo-el-estruendo-de-los-cacerolazos-quinta-noche-de-reclamos-por-apagones\/","og_site_name":"Cuballama Noticias","article_publisher":"https:\/\/www.facebook.com\/CubaLlama","article_published_time":"2026-03-11T13:53:37+00:00","article_modified_time":"2026-03-11T13:53:41+00:00","og_image":[{"width":1183,"height":628,"url":"https:\/\/cdn1.mediawpaccore.net\/wp-content\/uploads\/2026\/03\/11080712\/image-54.png","type":"image\/png"}],"author":"Roberto A.","twitter_card":"summary_large_image","twitter_creator":"@cuballama","twitter_site":"@cuballama","twitter_misc":{"Escrito por":"Roberto A.","Tiempo de lectura":"3 minutos"},"schema":{"@context":"https:\/\/schema.org","@graph":[{"@type":"Article","@id":"https:\/\/www.cuballama.com\/noticias\/la-habana-bajo-el-estruendo-de-los-cacerolazos-quinta-noche-de-reclamos-por-apagones\/#article","isPartOf":{"@id":"https:\/\/www.cuballama.com\/noticias\/la-habana-bajo-el-estruendo-de-los-cacerolazos-quinta-noche-de-reclamos-por-apagones\/"},"author":{"name":"Roberto A.","@id":"https:\/\/www.cuballama.com\/noticias\/#\/schema\/person\/a58502ed4146c8e9f83872e897c76cd2"},"headline":"La Habana bajo el estruendo de los cacerolazos: Quinta noche de reclamos por apagones","datePublished":"2026-03-11T13:53:37+00:00","dateModified":"2026-03-11T13:53:41+00:00","mainEntityOfPage":{"@id":"https:\/\/www.cuballama.com\/noticias\/la-habana-bajo-el-estruendo-de-los-cacerolazos-quinta-noche-de-reclamos-por-apagones\/"},"wordCount":501,"commentCount":0,"publisher":{"@id":"https:\/\/www.cuballama.com\/noticias\/#organization"},"image":{"@id":"https:\/\/www.cuballama.com\/noticias\/la-habana-bajo-el-estruendo-de-los-cacerolazos-quinta-noche-de-reclamos-por-apagones\/#primaryimage"},"thumbnailUrl":"https:\/\/cdn1.mediawpaccore.net\/wp-content\/uploads\/2026\/03\/11080712\/image-54.png","keywords":["apagones en La Habana","cacerolazos","crisis energ\u00e9tica Cuba","derechos humanos Cuba","El Lido","Marianao","Noticias Cuba 2026.","protestas en Cuba","superdestacado","Vedado"],"articleSection":["Noticias","Noticias de Cuba"],"inLanguage":"es","potentialAction":[{"@type":"CommentAction","name":"Comment","target":["https:\/\/www.cuballama.com\/noticias\/la-habana-bajo-el-estruendo-de-los-cacerolazos-quinta-noche-de-reclamos-por-apagones\/#respond"]}]},{"@type":"WebPage","@id":"https:\/\/www.cuballama.com\/noticias\/la-habana-bajo-el-estruendo-de-los-cacerolazos-quinta-noche-de-reclamos-por-apagones\/","url":"https:\/\/www.cuballama.com\/noticias\/la-habana-bajo-el-estruendo-de-los-cacerolazos-quinta-noche-de-reclamos-por-apagones\/","name":"La Habana bajo el estruendo de los cacerolazos: Quinta noche de reclamos por apagones - Cuballama Noticias","isPartOf":{"@id":"https:\/\/www.cuballama.com\/noticias\/#website"},"primaryImageOfPage":{"@id":"https:\/\/www.cuballama.com\/noticias\/la-habana-bajo-el-estruendo-de-los-cacerolazos-quinta-noche-de-reclamos-por-apagones\/#primaryimage"},"image":{"@id":"https:\/\/www.cuballama.com\/noticias\/la-habana-bajo-el-estruendo-de-los-cacerolazos-quinta-noche-de-reclamos-por-apagones\/#primaryimage"},"thumbnailUrl":"https:\/\/cdn1.mediawpaccore.net\/wp-content\/uploads\/2026\/03\/11080712\/image-54.png","datePublished":"2026-03-11T13:53:37+00:00","dateModified":"2026-03-11T13:53:41+00:00","description":"Quinta noche de cacerolazos en La Habana por apagones. Reportan detenidos en Marianao y tensi\u00f3n en El Vedado y Miramar.","breadcrumb":{"@id":"https:\/\/www.cuballama.com\/noticias\/la-habana-bajo-el-estruendo-de-los-cacerolazos-quinta-noche-de-reclamos-por-apagones\/#breadcrumb"},"inLanguage":"es","potentialAction":[{"@type":"ReadAction","target":["https:\/\/www.cuballama.com\/noticias\/la-habana-bajo-el-estruendo-de-los-cacerolazos-quinta-noche-de-reclamos-por-apagones\/"]}]},{"@type":"ImageObject","inLanguage":"es","@id":"https:\/\/www.cuballama.com\/noticias\/la-habana-bajo-el-estruendo-de-los-cacerolazos-quinta-noche-de-reclamos-por-apagones\/#primaryimage","url":"https:\/\/cdn1.mediawpaccore.net\/wp-content\/uploads\/2026\/03\/11080712\/image-54.png","contentUrl":"https:\/\/cdn1.mediawpaccore.net\/wp-content\/uploads\/2026\/03\/11080712\/image-54.png","width":1183,"height":628,"caption":"Un jarro y una cuchara usados en las protestas en la barriada de Zamora, en Marianao. Foto: Cortes\u00eda"},{"@type":"BreadcrumbList","@id":"https:\/\/www.cuballama.com\/noticias\/la-habana-bajo-el-estruendo-de-los-cacerolazos-quinta-noche-de-reclamos-por-apagones\/#breadcrumb","itemListElement":[{"@type":"ListItem","position":1,"name":"Home","item":"https:\/\/www.cuballama.com\/noticias\/"},{"@type":"ListItem","position":2,"name":"La Habana bajo el estruendo de los cacerolazos: Quinta noche de reclamos por apagones"}]},{"@type":"WebSite","@id":"https:\/\/www.cuballama.com\/noticias\/#website","url":"https:\/\/www.cuballama.com\/noticias\/","name":"Cuballama Noticias","description":"Medio digital sobre Cuba y el mundo","publisher":{"@id":"https:\/\/www.cuballama.com\/noticias\/#organization"},"potentialAction":[{"@type":"SearchAction","target":{"@type":"EntryPoint","urlTemplate":"https:\/\/www.cuballama.com\/noticias\/?s={search_term_string}"},"query-input":{"@type":"PropertyValueSpecification","valueRequired":true,"valueName":"search_term_string"}}],"inLanguage":"es"},{"@type":"Organization","@id":"https:\/\/www.cuballama.com\/noticias\/#organization","name":"Cuballama","url":"https:\/\/www.cuballama.com\/noticias\/","logo":{"@type":"ImageObject","inLanguage":"es","@id":"https:\/\/www.cuballama.com\/noticias\/#\/schema\/logo\/image\/","url":"https:\/\/cdn1.mediawpaccore.net\/wp-content\/uploads\/2021\/12\/28171206\/cbll-logo-color-sm.png","contentUrl":"https:\/\/cdn1.mediawpaccore.net\/wp-content\/uploads\/2021\/12\/28171206\/cbll-logo-color-sm.png","width":600,"height":133,"caption":"Cuballama"},"image":{"@id":"https:\/\/www.cuballama.com\/noticias\/#\/schema\/logo\/image\/"},"sameAs":["https:\/\/www.facebook.com\/CubaLlama","https:\/\/x.com\/cuballama","https:\/\/www.instagram.com\/stories\/cuballama_oficial\/","https:\/\/www.youtube.com\/channel\/UCKkFE-d_axENGZcrc4as0IA"]},{"@type":"Person","@id":"https:\/\/www.cuballama.com\/noticias\/#\/schema\/person\/a58502ed4146c8e9f83872e897c76cd2","name":"Roberto A.","description":"Roberto A. Periodista por decisi\u00f3n propia. Interesado en cualquier tema que me apasione y cada vez m\u00e1s comprometido con la verdad y la objetividad period\u00edstica. Graduado en La Habana hace ya muchos a\u00f1os, luego de una accidentada y polvorienta b\u00fasqueda de informaci\u00f3n sobre un tema in\u00e9dito. La Tesis, por cierto, desapareci\u00f3 de la biblioteca y no se conservan copias de la misma.","url":"https:\/\/www.cuballama.com\/noticias\/author\/roberto\/"}]}},"_links":{"self":[{"href":"https:\/\/www.cuballama.com\/noticias\/wp-json\/wp\/v2\/posts\/237795","targetHints":{"allow":["GET"]}}],"collection":[{"href":"https:\/\/www.cuballama.com\/noticias\/wp-json\/wp\/v2\/posts"}],"about":[{"href":"https:\/\/www.cuballama.com\/noticias\/wp-json\/wp\/v2\/types\/post"}],"author":[{"embeddable":true,"href":"https:\/\/www.cuballama.com\/noticias\/wp-json\/wp\/v2\/users\/13"}],"replies":[{"embeddable":true,"href":"https:\/\/www.cuballama.com\/noticias\/wp-json\/wp\/v2\/comments?post=237795"}],"version-history":[{"count":5,"href":"https:\/\/www.cuballama.com\/noticias\/wp-json\/wp\/v2\/posts\/237795\/revisions"}],"predecessor-version":[{"id":237811,"href":"https:\/\/www.cuballama.com\/noticias\/wp-json\/wp\/v2\/posts\/237795\/revisions\/237811"}],"wp:featuredmedia":[{"embeddable":true,"href":"https:\/\/www.cuballama.com\/noticias\/wp-json\/wp\/v2\/media\/237809"}],"wp:attachment":[{"href":"https:\/\/www.cuballama.com\/noticias\/wp-json\/wp\/v2\/media?parent=237795"}],"wp:term":[{"taxonomy":"category","embeddable":true,"href":"https:\/\/www.cuballama.com\/noticias\/wp-json\/wp\/v2\/categories?post=237795"},{"taxonomy":"post_tag","embeddable":true,"href":"https:\/\/www.cuballama.com\/noticias\/wp-json\/wp\/v2\/tags?post=237795"}],"curies":[{"name":"wp","href":"https:\/\/api.w.org\/{rel}","templated":true}]}}