{"id":237763,"date":"2026-03-11T10:38:10","date_gmt":"2026-03-11T14:38:10","guid":{"rendered":"https:\/\/www.cuballama.com\/noticias\/?p=237763"},"modified":"2026-03-11T11:21:29","modified_gmt":"2026-03-11T15:21:29","slug":"jorge-junior-defiende-al-equipo-cuba-del-clasico-no-me-hablen-de-politica","status":"publish","type":"post","link":"https:\/\/www.cuballama.com\/noticias\/jorge-junior-defiende-al-equipo-cuba-del-clasico-no-me-hablen-de-politica\/","title":{"rendered":"Jorge Junior defiende al equipo Cuba del Cl\u00e1sico: \u201cNo me hablen de pol\u00edtica\u201d"},"content":{"rendered":"\n<p>El m\u00fasico cubano Jorge Junior, director de la agrupaci\u00f3n Los 4, despert\u00f3 pol\u00e9mica una vez m\u00e1s recientemente tras pronunciarse sobre el desempe\u00f1o del equipo Cuba en el <a href=\"https:\/\/www.cuballama.com\/noticias\/arozarena-le-responde-al-jugador-se-nego-a-saludarlo-en-el-clasico-que-se-vaya-para-casa-de-la\/?srsltid=AfmBOoq7ALeAnbtky6sShqUL2GQf8wU0F6gFdPEL0Yo4JeFRUQuEpGgl\" target=\"_blank\" rel=\"noreferrer noopener\">Cl\u00e1sico Mundial de B\u00e9isbol 2026<\/a> y de la posibilidad de que fuera un team mucho mejor armado si reuniera a destacadas figuras de Grandes Ligas.<\/p>\n\n\n\n<p>\u201cA m\u00ed me da cosa ver a estos muchachos del Cl\u00e1sico d\u00e1ndolo todo por su bandera y saber que hay m\u00e1s hermanos viendo esto que saben que si se unen ya la cosa es otra: pasar\u00edamos a ser unos de los equipos m\u00e1s fuertes sin dudas\u201d, escribi\u00f3 a trav\u00e9s de su cuenta en Facebook.<\/p>\n\n\n\n<p>\u201cA m\u00ed no me hablen de pol\u00edtica, de gobierno, que si patria, ni de presos, porque cuando se juega por un sue\u00f1o todo eso es secundario. Si no est\u00e1s de acuerdo con el gobierno, ok, entonces juega por tu bandera que es una de las (m\u00e1s) lindas del mundo, por los cubanos que est\u00e1n fuera y dentro de la isla, por 11 millones de cubanos que a lo mejor en ese momento no tenemos luz, pero buscamos el radio m\u00e1s cercano para darle apoyo al equipo que nos representa\u201d, dijo desde una \u00f3ptica para muchos conformista y que no aborda las causas reales por las que el Cuba del Cl\u00e1sico no cuenta con los mejores cubanos de MBL.<\/p>\n\n\n\n<iframe loading=\"lazy\" src=\"https:\/\/www.facebook.com\/plugins\/post.php?href=https%3A%2F%2Fwww.facebook.com%2FLos4oficial%2Fposts%2Fpfbid02oMVzdcny4wXArEsSAf6SnEXi5RGtiMxyYg1pdXp4xHhGdDkgE4YQtP7unsrJiyd8l&#038;show_text=true&#038;width=500\" width=\"500\" height=\"704\" style=\"border:none;overflow:hidden\" scrolling=\"no\" frameborder=\"0\" allowfullscreen=\"true\" allow=\"autoplay; clipboard-write; encrypted-media; picture-in-picture; web-share\"><\/iframe>\n\n\n\n<p>\u201cA lo mejor nos acostamos sin luz y con calor, pero con la satisfacci\u00f3n de que ganamos en la pelota\u201d, se\u00f1al\u00f3 Jorge Junior al hacer referencia a la dura crisis que vive la isla, que se agrava en medio del bloqueo del petr\u00f3leo impuesto por Estados Unidos como medida de presi\u00f3n para lograr un cambio de r\u00e9gimen.&nbsp;<\/p>\n\n\n\n<p>\u201cHermanos de MLB, puede que tengan dolor, pero no creo que sea tan grande como para dejar escapar un sue\u00f1o. Mis respetos para este equipo cubano por siempre y para siempre\u201d, concluy\u00f3.<\/p>\n\n\n\n<p>En un duelo de invictos en el grupo A, el equipo Cuba perdi\u00f3 ante el de Puerto Rico 4-1 la noche del lunes en San Juan, despu\u00e9s de haberle ganado a Panam\u00e1 y Colombia. Con Puerto Rico clasificado ya como primero del grupo, los cubanos se enfrentar\u00e1n a Canad\u00e1 la tarde de este mi\u00e9rcoles 11 de marzo para definir el segundo lugar, que avanza a cuartos de final.<\/p>\n\n\n\n<p>Este a\u00f1o la plantilla cuenta con un talento limitado de la MLB, y depende en mayor medida de jugadores de ligas internacionales.<\/p>\n\n\n\n<p><\/p>\n","protected":false},"excerpt":{"rendered":"<p>Los cubanos se enfrentar\u00e1n a Canad\u00e1 la tarde de este mi\u00e9rcoles 11 de marzo para definir el segundo lugar del grupo A, que avanza a cuartos de final.<\/p>\n","protected":false},"author":30,"featured_media":237764,"comment_status":"open","ping_status":"closed","sticky":false,"template":"","format":"standard","meta":{"_acf_changed":false,"footnotes":""},"categories":[21,443,18],"tags":[12851,10867,10481,941,14945],"class_list":{"0":"post-237763","1":"post","2":"type-post","3":"status-publish","4":"format-standard","5":"has-post-thumbnail","7":"category-deportes","8":"category-farandula","9":"category-noticias","10":"tag-clasico-mundial-de-beisbol","11":"tag-crisis-en-cuba","12":"tag-cubanos-en-mlb","13":"tag-destacado","14":"tag-jorge-junior"},"acf":[],"yoast_head":"<!-- This site is optimized with the Yoast SEO plugin v27.5 - https:\/\/yoast.com\/product\/yoast-seo-wordpress\/ -->\n<title>Jorge Junior defiende al equipo Cuba del Cl\u00e1sico: \u201cNo me hablen de pol\u00edtica\u201d - Cuballama Noticias<\/title>\n<meta name=\"description\" content=\"Jorge Junior, director de la agrupaci\u00f3n Los 4, se pronunci\u00f3 sobre el desempe\u00f1o del equipo Cuba en el Cl\u00e1sico Mundial de B\u00e9isbol 2026.\" \/>\n<meta name=\"robots\" content=\"index, follow, max-snippet:-1, max-image-preview:large, max-video-preview:-1\" \/>\n<link rel=\"canonical\" href=\"https:\/\/www.cuballama.com\/noticias\/jorge-junior-defiende-al-equipo-cuba-del-clasico-no-me-hablen-de-politica\/\" \/>\n<meta property=\"og:locale\" content=\"es_ES\" \/>\n<meta property=\"og:type\" content=\"article\" \/>\n<meta property=\"og:title\" content=\"Jorge Junior defiende al equipo Cuba del Cl\u00e1sico: \u201cNo me hablen de pol\u00edtica\u201d - Cuballama Noticias\" \/>\n<meta property=\"og:description\" content=\"Jorge Junior, director de la agrupaci\u00f3n Los 4, se pronunci\u00f3 sobre el desempe\u00f1o del equipo Cuba en el Cl\u00e1sico Mundial de B\u00e9isbol 2026.\" \/>\n<meta property=\"og:url\" content=\"https:\/\/www.cuballama.com\/noticias\/jorge-junior-defiende-al-equipo-cuba-del-clasico-no-me-hablen-de-politica\/\" \/>\n<meta property=\"og:site_name\" content=\"Cuballama Noticias\" \/>\n<meta property=\"article:publisher\" content=\"https:\/\/www.facebook.com\/CubaLlama\" \/>\n<meta property=\"article:published_time\" content=\"2026-03-11T14:38:10+00:00\" \/>\n<meta property=\"article:modified_time\" content=\"2026-03-11T15:21:29+00:00\" \/>\n<meta property=\"og:image\" content=\"https:\/\/cdn1.mediawpaccore.net\/wp-content\/uploads\/2026\/03\/10223009\/603911411_1445332756954955_4586223556738399454_n1.jpg\" \/>\n\t<meta property=\"og:image:width\" content=\"1200\" \/>\n\t<meta property=\"og:image:height\" content=\"630\" \/>\n\t<meta property=\"og:image:type\" content=\"image\/jpeg\" \/>\n<meta name=\"author\" content=\"Kathy\" \/>\n<meta name=\"twitter:card\" content=\"summary_large_image\" \/>\n<meta name=\"twitter:creator\" content=\"@cuballama\" \/>\n<meta name=\"twitter:site\" content=\"@cuballama\" \/>\n<meta name=\"twitter:label1\" content=\"Escrito por\" \/>\n\t<meta name=\"twitter:data1\" content=\"Kathy\" \/>\n\t<meta name=\"twitter:label2\" content=\"Tiempo de lectura\" \/>\n\t<meta name=\"twitter:data2\" content=\"3 minutos\" \/>\n<script type=\"application\/ld+json\" class=\"yoast-schema-graph\">{\"@context\":\"https:\\\/\\\/schema.org\",\"@graph\":[{\"@type\":\"Article\",\"@id\":\"https:\\\/\\\/www.cuballama.com\\\/noticias\\\/jorge-junior-defiende-al-equipo-cuba-del-clasico-no-me-hablen-de-politica\\\/#article\",\"isPartOf\":{\"@id\":\"https:\\\/\\\/www.cuballama.com\\\/noticias\\\/jorge-junior-defiende-al-equipo-cuba-del-clasico-no-me-hablen-de-politica\\\/\"},\"author\":{\"name\":\"Kathy\",\"@id\":\"https:\\\/\\\/www.cuballama.com\\\/noticias\\\/#\\\/schema\\\/person\\\/86cd3e3f4974437f031211213bf892d5\"},\"headline\":\"Jorge Junior defiende al equipo Cuba del Cl\u00e1sico: \u201cNo me hablen de pol\u00edtica\u201d\",\"datePublished\":\"2026-03-11T14:38:10+00:00\",\"dateModified\":\"2026-03-11T15:21:29+00:00\",\"mainEntityOfPage\":{\"@id\":\"https:\\\/\\\/www.cuballama.com\\\/noticias\\\/jorge-junior-defiende-al-equipo-cuba-del-clasico-no-me-hablen-de-politica\\\/\"},\"wordCount\":445,\"commentCount\":0,\"publisher\":{\"@id\":\"https:\\\/\\\/www.cuballama.com\\\/noticias\\\/#organization\"},\"image\":{\"@id\":\"https:\\\/\\\/www.cuballama.com\\\/noticias\\\/jorge-junior-defiende-al-equipo-cuba-del-clasico-no-me-hablen-de-politica\\\/#primaryimage\"},\"thumbnailUrl\":\"https:\\\/\\\/cdn1.mediawpaccore.net\\\/wp-content\\\/uploads\\\/2026\\\/03\\\/10223009\\\/603911411_1445332756954955_4586223556738399454_n1.jpg\",\"keywords\":[\"Cl\u00e1sico Mundial de B\u00e9isbol\",\"Crisis en Cuba\",\"cubanos en MLB\",\"destacado\",\"Jorge Junior\"],\"articleSection\":[\"Deportes\",\"Far\u00e1ndula\",\"Noticias\"],\"inLanguage\":\"es\",\"potentialAction\":[{\"@type\":\"CommentAction\",\"name\":\"Comment\",\"target\":[\"https:\\\/\\\/www.cuballama.com\\\/noticias\\\/jorge-junior-defiende-al-equipo-cuba-del-clasico-no-me-hablen-de-politica\\\/#respond\"]}]},{\"@type\":\"WebPage\",\"@id\":\"https:\\\/\\\/www.cuballama.com\\\/noticias\\\/jorge-junior-defiende-al-equipo-cuba-del-clasico-no-me-hablen-de-politica\\\/\",\"url\":\"https:\\\/\\\/www.cuballama.com\\\/noticias\\\/jorge-junior-defiende-al-equipo-cuba-del-clasico-no-me-hablen-de-politica\\\/\",\"name\":\"Jorge Junior defiende al equipo Cuba del Cl\u00e1sico: \u201cNo me hablen de pol\u00edtica\u201d - Cuballama Noticias\",\"isPartOf\":{\"@id\":\"https:\\\/\\\/www.cuballama.com\\\/noticias\\\/#website\"},\"primaryImageOfPage\":{\"@id\":\"https:\\\/\\\/www.cuballama.com\\\/noticias\\\/jorge-junior-defiende-al-equipo-cuba-del-clasico-no-me-hablen-de-politica\\\/#primaryimage\"},\"image\":{\"@id\":\"https:\\\/\\\/www.cuballama.com\\\/noticias\\\/jorge-junior-defiende-al-equipo-cuba-del-clasico-no-me-hablen-de-politica\\\/#primaryimage\"},\"thumbnailUrl\":\"https:\\\/\\\/cdn1.mediawpaccore.net\\\/wp-content\\\/uploads\\\/2026\\\/03\\\/10223009\\\/603911411_1445332756954955_4586223556738399454_n1.jpg\",\"datePublished\":\"2026-03-11T14:38:10+00:00\",\"dateModified\":\"2026-03-11T15:21:29+00:00\",\"description\":\"Jorge Junior, director de la agrupaci\u00f3n Los 4, se pronunci\u00f3 sobre el desempe\u00f1o del equipo Cuba en el Cl\u00e1sico Mundial de B\u00e9isbol 2026.\",\"breadcrumb\":{\"@id\":\"https:\\\/\\\/www.cuballama.com\\\/noticias\\\/jorge-junior-defiende-al-equipo-cuba-del-clasico-no-me-hablen-de-politica\\\/#breadcrumb\"},\"inLanguage\":\"es\",\"potentialAction\":[{\"@type\":\"ReadAction\",\"target\":[\"https:\\\/\\\/www.cuballama.com\\\/noticias\\\/jorge-junior-defiende-al-equipo-cuba-del-clasico-no-me-hablen-de-politica\\\/\"]}]},{\"@type\":\"ImageObject\",\"inLanguage\":\"es\",\"@id\":\"https:\\\/\\\/www.cuballama.com\\\/noticias\\\/jorge-junior-defiende-al-equipo-cuba-del-clasico-no-me-hablen-de-politica\\\/#primaryimage\",\"url\":\"https:\\\/\\\/cdn1.mediawpaccore.net\\\/wp-content\\\/uploads\\\/2026\\\/03\\\/10223009\\\/603911411_1445332756954955_4586223556738399454_n1.jpg\",\"contentUrl\":\"https:\\\/\\\/cdn1.mediawpaccore.net\\\/wp-content\\\/uploads\\\/2026\\\/03\\\/10223009\\\/603911411_1445332756954955_4586223556738399454_n1.jpg\",\"width\":1200,\"height\":630,\"caption\":\"Jorge Junior. Foto: Facebook\\\/Los 4.\"},{\"@type\":\"BreadcrumbList\",\"@id\":\"https:\\\/\\\/www.cuballama.com\\\/noticias\\\/jorge-junior-defiende-al-equipo-cuba-del-clasico-no-me-hablen-de-politica\\\/#breadcrumb\",\"itemListElement\":[{\"@type\":\"ListItem\",\"position\":1,\"name\":\"Home\",\"item\":\"https:\\\/\\\/www.cuballama.com\\\/noticias\\\/\"},{\"@type\":\"ListItem\",\"position\":2,\"name\":\"Jorge Junior defiende al equipo Cuba del Cl\u00e1sico: \u201cNo me hablen de pol\u00edtica\u201d\"}]},{\"@type\":\"WebSite\",\"@id\":\"https:\\\/\\\/www.cuballama.com\\\/noticias\\\/#website\",\"url\":\"https:\\\/\\\/www.cuballama.com\\\/noticias\\\/\",\"name\":\"Cuballama Noticias\",\"description\":\"Medio digital sobre Cuba y el mundo\",\"publisher\":{\"@id\":\"https:\\\/\\\/www.cuballama.com\\\/noticias\\\/#organization\"},\"potentialAction\":[{\"@type\":\"SearchAction\",\"target\":{\"@type\":\"EntryPoint\",\"urlTemplate\":\"https:\\\/\\\/www.cuballama.com\\\/noticias\\\/?s={search_term_string}\"},\"query-input\":{\"@type\":\"PropertyValueSpecification\",\"valueRequired\":true,\"valueName\":\"search_term_string\"}}],\"inLanguage\":\"es\"},{\"@type\":\"Organization\",\"@id\":\"https:\\\/\\\/www.cuballama.com\\\/noticias\\\/#organization\",\"name\":\"Cuballama\",\"url\":\"https:\\\/\\\/www.cuballama.com\\\/noticias\\\/\",\"logo\":{\"@type\":\"ImageObject\",\"inLanguage\":\"es\",\"@id\":\"https:\\\/\\\/www.cuballama.com\\\/noticias\\\/#\\\/schema\\\/logo\\\/image\\\/\",\"url\":\"https:\\\/\\\/cdn1.mediawpaccore.net\\\/wp-content\\\/uploads\\\/2021\\\/12\\\/28171206\\\/cbll-logo-color-sm.png\",\"contentUrl\":\"https:\\\/\\\/cdn1.mediawpaccore.net\\\/wp-content\\\/uploads\\\/2021\\\/12\\\/28171206\\\/cbll-logo-color-sm.png\",\"width\":600,\"height\":133,\"caption\":\"Cuballama\"},\"image\":{\"@id\":\"https:\\\/\\\/www.cuballama.com\\\/noticias\\\/#\\\/schema\\\/logo\\\/image\\\/\"},\"sameAs\":[\"https:\\\/\\\/www.facebook.com\\\/CubaLlama\",\"https:\\\/\\\/x.com\\\/cuballama\",\"https:\\\/\\\/www.instagram.com\\\/stories\\\/cuballama_oficial\\\/\",\"https:\\\/\\\/www.youtube.com\\\/channel\\\/UCKkFE-d_axENGZcrc4as0IA\"]},{\"@type\":\"Person\",\"@id\":\"https:\\\/\\\/www.cuballama.com\\\/noticias\\\/#\\\/schema\\\/person\\\/86cd3e3f4974437f031211213bf892d5\",\"name\":\"Kathy\",\"url\":\"https:\\\/\\\/www.cuballama.com\\\/noticias\\\/author\\\/kathy\\\/\"}]}<\/script>\n<!-- \/ Yoast SEO plugin. -->","yoast_head_json":{"title":"Jorge Junior defiende al equipo Cuba del Cl\u00e1sico: \u201cNo me hablen de pol\u00edtica\u201d - Cuballama Noticias","description":"Jorge Junior, director de la agrupaci\u00f3n Los 4, se pronunci\u00f3 sobre el desempe\u00f1o del equipo Cuba en el Cl\u00e1sico Mundial de B\u00e9isbol 2026.","robots":{"index":"index","follow":"follow","max-snippet":"max-snippet:-1","max-image-preview":"max-image-preview:large","max-video-preview":"max-video-preview:-1"},"canonical":"https:\/\/www.cuballama.com\/noticias\/jorge-junior-defiende-al-equipo-cuba-del-clasico-no-me-hablen-de-politica\/","og_locale":"es_ES","og_type":"article","og_title":"Jorge Junior defiende al equipo Cuba del Cl\u00e1sico: \u201cNo me hablen de pol\u00edtica\u201d - Cuballama Noticias","og_description":"Jorge Junior, director de la agrupaci\u00f3n Los 4, se pronunci\u00f3 sobre el desempe\u00f1o del equipo Cuba en el Cl\u00e1sico Mundial de B\u00e9isbol 2026.","og_url":"https:\/\/www.cuballama.com\/noticias\/jorge-junior-defiende-al-equipo-cuba-del-clasico-no-me-hablen-de-politica\/","og_site_name":"Cuballama Noticias","article_publisher":"https:\/\/www.facebook.com\/CubaLlama","article_published_time":"2026-03-11T14:38:10+00:00","article_modified_time":"2026-03-11T15:21:29+00:00","og_image":[{"width":1200,"height":630,"url":"https:\/\/cdn1.mediawpaccore.net\/wp-content\/uploads\/2026\/03\/10223009\/603911411_1445332756954955_4586223556738399454_n1.jpg","type":"image\/jpeg"}],"author":"Kathy","twitter_card":"summary_large_image","twitter_creator":"@cuballama","twitter_site":"@cuballama","twitter_misc":{"Escrito por":"Kathy","Tiempo de lectura":"3 minutos"},"schema":{"@context":"https:\/\/schema.org","@graph":[{"@type":"Article","@id":"https:\/\/www.cuballama.com\/noticias\/jorge-junior-defiende-al-equipo-cuba-del-clasico-no-me-hablen-de-politica\/#article","isPartOf":{"@id":"https:\/\/www.cuballama.com\/noticias\/jorge-junior-defiende-al-equipo-cuba-del-clasico-no-me-hablen-de-politica\/"},"author":{"name":"Kathy","@id":"https:\/\/www.cuballama.com\/noticias\/#\/schema\/person\/86cd3e3f4974437f031211213bf892d5"},"headline":"Jorge Junior defiende al equipo Cuba del Cl\u00e1sico: \u201cNo me hablen de pol\u00edtica\u201d","datePublished":"2026-03-11T14:38:10+00:00","dateModified":"2026-03-11T15:21:29+00:00","mainEntityOfPage":{"@id":"https:\/\/www.cuballama.com\/noticias\/jorge-junior-defiende-al-equipo-cuba-del-clasico-no-me-hablen-de-politica\/"},"wordCount":445,"commentCount":0,"publisher":{"@id":"https:\/\/www.cuballama.com\/noticias\/#organization"},"image":{"@id":"https:\/\/www.cuballama.com\/noticias\/jorge-junior-defiende-al-equipo-cuba-del-clasico-no-me-hablen-de-politica\/#primaryimage"},"thumbnailUrl":"https:\/\/cdn1.mediawpaccore.net\/wp-content\/uploads\/2026\/03\/10223009\/603911411_1445332756954955_4586223556738399454_n1.jpg","keywords":["Cl\u00e1sico Mundial de B\u00e9isbol","Crisis en Cuba","cubanos en MLB","destacado","Jorge Junior"],"articleSection":["Deportes","Far\u00e1ndula","Noticias"],"inLanguage":"es","potentialAction":[{"@type":"CommentAction","name":"Comment","target":["https:\/\/www.cuballama.com\/noticias\/jorge-junior-defiende-al-equipo-cuba-del-clasico-no-me-hablen-de-politica\/#respond"]}]},{"@type":"WebPage","@id":"https:\/\/www.cuballama.com\/noticias\/jorge-junior-defiende-al-equipo-cuba-del-clasico-no-me-hablen-de-politica\/","url":"https:\/\/www.cuballama.com\/noticias\/jorge-junior-defiende-al-equipo-cuba-del-clasico-no-me-hablen-de-politica\/","name":"Jorge Junior defiende al equipo Cuba del Cl\u00e1sico: \u201cNo me hablen de pol\u00edtica\u201d - Cuballama Noticias","isPartOf":{"@id":"https:\/\/www.cuballama.com\/noticias\/#website"},"primaryImageOfPage":{"@id":"https:\/\/www.cuballama.com\/noticias\/jorge-junior-defiende-al-equipo-cuba-del-clasico-no-me-hablen-de-politica\/#primaryimage"},"image":{"@id":"https:\/\/www.cuballama.com\/noticias\/jorge-junior-defiende-al-equipo-cuba-del-clasico-no-me-hablen-de-politica\/#primaryimage"},"thumbnailUrl":"https:\/\/cdn1.mediawpaccore.net\/wp-content\/uploads\/2026\/03\/10223009\/603911411_1445332756954955_4586223556738399454_n1.jpg","datePublished":"2026-03-11T14:38:10+00:00","dateModified":"2026-03-11T15:21:29+00:00","description":"Jorge Junior, director de la agrupaci\u00f3n Los 4, se pronunci\u00f3 sobre el desempe\u00f1o del equipo Cuba en el Cl\u00e1sico Mundial de B\u00e9isbol 2026.","breadcrumb":{"@id":"https:\/\/www.cuballama.com\/noticias\/jorge-junior-defiende-al-equipo-cuba-del-clasico-no-me-hablen-de-politica\/#breadcrumb"},"inLanguage":"es","potentialAction":[{"@type":"ReadAction","target":["https:\/\/www.cuballama.com\/noticias\/jorge-junior-defiende-al-equipo-cuba-del-clasico-no-me-hablen-de-politica\/"]}]},{"@type":"ImageObject","inLanguage":"es","@id":"https:\/\/www.cuballama.com\/noticias\/jorge-junior-defiende-al-equipo-cuba-del-clasico-no-me-hablen-de-politica\/#primaryimage","url":"https:\/\/cdn1.mediawpaccore.net\/wp-content\/uploads\/2026\/03\/10223009\/603911411_1445332756954955_4586223556738399454_n1.jpg","contentUrl":"https:\/\/cdn1.mediawpaccore.net\/wp-content\/uploads\/2026\/03\/10223009\/603911411_1445332756954955_4586223556738399454_n1.jpg","width":1200,"height":630,"caption":"Jorge Junior. Foto: Facebook\/Los 4."},{"@type":"BreadcrumbList","@id":"https:\/\/www.cuballama.com\/noticias\/jorge-junior-defiende-al-equipo-cuba-del-clasico-no-me-hablen-de-politica\/#breadcrumb","itemListElement":[{"@type":"ListItem","position":1,"name":"Home","item":"https:\/\/www.cuballama.com\/noticias\/"},{"@type":"ListItem","position":2,"name":"Jorge Junior defiende al equipo Cuba del Cl\u00e1sico: \u201cNo me hablen de pol\u00edtica\u201d"}]},{"@type":"WebSite","@id":"https:\/\/www.cuballama.com\/noticias\/#website","url":"https:\/\/www.cuballama.com\/noticias\/","name":"Cuballama Noticias","description":"Medio digital sobre Cuba y el mundo","publisher":{"@id":"https:\/\/www.cuballama.com\/noticias\/#organization"},"potentialAction":[{"@type":"SearchAction","target":{"@type":"EntryPoint","urlTemplate":"https:\/\/www.cuballama.com\/noticias\/?s={search_term_string}"},"query-input":{"@type":"PropertyValueSpecification","valueRequired":true,"valueName":"search_term_string"}}],"inLanguage":"es"},{"@type":"Organization","@id":"https:\/\/www.cuballama.com\/noticias\/#organization","name":"Cuballama","url":"https:\/\/www.cuballama.com\/noticias\/","logo":{"@type":"ImageObject","inLanguage":"es","@id":"https:\/\/www.cuballama.com\/noticias\/#\/schema\/logo\/image\/","url":"https:\/\/cdn1.mediawpaccore.net\/wp-content\/uploads\/2021\/12\/28171206\/cbll-logo-color-sm.png","contentUrl":"https:\/\/cdn1.mediawpaccore.net\/wp-content\/uploads\/2021\/12\/28171206\/cbll-logo-color-sm.png","width":600,"height":133,"caption":"Cuballama"},"image":{"@id":"https:\/\/www.cuballama.com\/noticias\/#\/schema\/logo\/image\/"},"sameAs":["https:\/\/www.facebook.com\/CubaLlama","https:\/\/x.com\/cuballama","https:\/\/www.instagram.com\/stories\/cuballama_oficial\/","https:\/\/www.youtube.com\/channel\/UCKkFE-d_axENGZcrc4as0IA"]},{"@type":"Person","@id":"https:\/\/www.cuballama.com\/noticias\/#\/schema\/person\/86cd3e3f4974437f031211213bf892d5","name":"Kathy","url":"https:\/\/www.cuballama.com\/noticias\/author\/kathy\/"}]}},"_links":{"self":[{"href":"https:\/\/www.cuballama.com\/noticias\/wp-json\/wp\/v2\/posts\/237763","targetHints":{"allow":["GET"]}}],"collection":[{"href":"https:\/\/www.cuballama.com\/noticias\/wp-json\/wp\/v2\/posts"}],"about":[{"href":"https:\/\/www.cuballama.com\/noticias\/wp-json\/wp\/v2\/types\/post"}],"author":[{"embeddable":true,"href":"https:\/\/www.cuballama.com\/noticias\/wp-json\/wp\/v2\/users\/30"}],"replies":[{"embeddable":true,"href":"https:\/\/www.cuballama.com\/noticias\/wp-json\/wp\/v2\/comments?post=237763"}],"version-history":[{"count":6,"href":"https:\/\/www.cuballama.com\/noticias\/wp-json\/wp\/v2\/posts\/237763\/revisions"}],"predecessor-version":[{"id":237831,"href":"https:\/\/www.cuballama.com\/noticias\/wp-json\/wp\/v2\/posts\/237763\/revisions\/237831"}],"wp:featuredmedia":[{"embeddable":true,"href":"https:\/\/www.cuballama.com\/noticias\/wp-json\/wp\/v2\/media\/237764"}],"wp:attachment":[{"href":"https:\/\/www.cuballama.com\/noticias\/wp-json\/wp\/v2\/media?parent=237763"}],"wp:term":[{"taxonomy":"category","embeddable":true,"href":"https:\/\/www.cuballama.com\/noticias\/wp-json\/wp\/v2\/categories?post=237763"},{"taxonomy":"post_tag","embeddable":true,"href":"https:\/\/www.cuballama.com\/noticias\/wp-json\/wp\/v2\/tags?post=237763"}],"curies":[{"name":"wp","href":"https:\/\/api.w.org\/{rel}","templated":true}]}}