{"id":237761,"date":"2026-03-11T06:00:00","date_gmt":"2026-03-11T10:00:00","guid":{"rendered":"https:\/\/www.cuballama.com\/noticias\/?p=237761"},"modified":"2026-03-10T23:23:48","modified_gmt":"2026-03-11T03:23:48","slug":"gente-de-zona-alza-la-voz-por-los-cubanos-no-es-momento-para-la-indiferencia","status":"publish","type":"post","link":"https:\/\/www.cuballama.com\/noticias\/gente-de-zona-alza-la-voz-por-los-cubanos-no-es-momento-para-la-indiferencia\/","title":{"rendered":"Gente de Zona alza la voz por los cubanos: \u201cNo es momento para la indiferencia\u201d"},"content":{"rendered":"\n<p>El d\u00fao cubano Gente de Zona public\u00f3 este martes un comunicado en apoyo al pueblo cubano, que vive una de las peores crisis de su historia.<\/p>\n\n\n\n<p>\u201c\u00a1Mi Gente! Es hora de voltear la mirada una vez m\u00e1s hacia lo que el pueblo de Cuba atraviesa en estos momentos y que el mundo entero lo sepa\u201d, comenz\u00f3 diciendo el mensaje publicado por los integrantes del d\u00fao, Alexander Delgado y Randy Malcom.&nbsp;<\/p>\n\n\n\n<p>La popular dupla conocida por temas como <em>Bailando <\/em>y <em>La gozadera <\/em>dej\u00f3 claro a trav\u00e9s de sus perfiles en redes sociales que \u201cno es momento para la indiferencia\u201d.\u00a0<\/p>\n\n\n\n<p>\u201cSon d\u00edas dif\u00edciles. Apagones que dejan barrios enteros en la oscuridad. Familias haciendo largas filas por alimentos que no alcanzan. Personas buscando comida y ropa en la basura para poder sobrevivir. Denuncias de represi\u00f3n y miedo en las calles\u201d, explicaron Alexander y Randy al describir la profunda crisis que viven los cubanos de a pie.&nbsp;<\/p>\n\n\n\n<p>\u201cEn medio de todo, el pueblo sigue resistiendo. Porque lo que duele es la necesidad, la separaci\u00f3n, la incertidumbre. Hoy la realidad no se puede ignorar. La isla necesita luz. Necesita esperanza. Necesita dignidad\u201d, se\u00f1al\u00f3 el d\u00fao.&nbsp;<\/p>\n\n\n\n<iframe loading=\"lazy\" src=\"https:\/\/www.facebook.com\/plugins\/post.php?href=https%3A%2F%2Fwww.facebook.com%2Fgentedezona%2Fposts%2Fpfbid02sxjivJzNx11pDcZAsQz8VsGMLbBUCVHBfXUJU59X3VUJsYFZqUcwSwHyFNDEHsgrl&#038;show_text=true&#038;width=500\" width=\"500\" height=\"786\" style=\"border:none;overflow:hidden\" scrolling=\"no\" frameborder=\"0\" allowfullscreen=\"true\" allow=\"autoplay; clipboard-write; encrypted-media; picture-in-picture; web-share\"><\/iframe>\n\n\n\n<p>\u201cYa son m\u00e1s de 67 a\u00f1os de un sistema fallido. Basta ya de este r\u00e9gimen que solo ha tra\u00eddo hambre, censura y miseria a un pueblo que quiere libertad y dignidad. Haciendo eco de esta situaci\u00f3n es como podemos ayudar a nuestros hermanos cubanos y dar a conocer al mundo entero la situaci\u00f3n actual\u201d, apunt\u00f3 el texto, que cerr\u00f3 con un \u201c\u00a1Abajo la dictadura!\u201d y \u201cPatria y Vida\u201d.<\/p>\n\n\n\n<p>Hay que recordar que actualmente la isla se encuentra en jaque, ya que Estados Unidos ha aumentado las presiones para lograr un cambio de r\u00e9gimen.<\/p>\n\n\n\n<p>Desde el pasado 29 de enero, despu\u00e9s de la captura del expresidente de Venezuela, Nicol\u00e1s Maduro, el presidente Donald Trump mantienen la amenaza de imponer aranceles para impedir que los buques transporten petr\u00f3leo a Cuba.<\/p>\n\n\n\n<p>De esta manera, se ha visto recrudecida la ya compleja crisis en la isla, que solo produce alrededor de un tercio de sus propias necesidades petroleras e importa el resto, principalmente de Venezuela y M\u00e9xico.&nbsp;<\/p>\n\n\n\n<p>Desde principios de febrero, la duraci\u00f3n de los cortes de energ\u00eda diarios se ha duplicado, durando alrededor de 18 horas al d\u00eda.<\/p>\n\n\n\n<p>Es importante destacar que al mismo tiempo Trump ha hablado de hacer una toma de poder \u201camistosa\u201d de Cuba, un pa\u00eds que est\u00e1 en \u201cprofundos problemas\u201d.<\/p>\n\n\n\n<p>En d\u00edas recientes el mandatario sugiri\u00f3 que su administraci\u00f3n cambiar\u00e1 su mirada hacia La Habana cuando terminen las operaciones militares de Estados Unidos en Ir\u00e1n.<\/p>\n\n\n\n<p>El gobierno de Cuba ha negado estar en conversaciones con el gobierno de Estados Unidos, aunque previamente ha confirmado \u201ccomunicaciones\u201d entre las dos administraciones.<\/p>\n","protected":false},"excerpt":{"rendered":"<p>El popular d\u00fao se puso una vez m\u00e1s del lado de los cubanos de a pie.<\/p>\n","protected":false},"author":30,"featured_media":237762,"comment_status":"open","ping_status":"closed","sticky":false,"template":"","format":"standard","meta":{"_acf_changed":false,"footnotes":""},"categories":[18,955],"tags":[10867,24642,941,46],"class_list":{"0":"post-237761","1":"post","2":"type-post","3":"status-publish","4":"format-standard","5":"has-post-thumbnail","7":"category-noticias","8":"category-noticias-de-cuba","9":"tag-crisis-en-cuba","10":"tag-crisis-humanitaria","11":"tag-destacado","12":"tag-gente-de-zona"},"acf":[],"yoast_head":"<!-- This site is optimized with the Yoast SEO plugin v27.4 - https:\/\/yoast.com\/product\/yoast-seo-wordpress\/ -->\n<title>Gente de Zona alza la voz por los cubanos: \u201cNo es momento para la indiferencia\u201d - Cuballama Noticias<\/title>\n<meta name=\"description\" content=\"El conocido d\u00fao cubano Gente de Zona public\u00f3 este martes un comunicado en apoyo al pueblo de la isla, que vive una profunda crisis.\" \/>\n<meta name=\"robots\" content=\"index, follow, max-snippet:-1, max-image-preview:large, max-video-preview:-1\" \/>\n<link rel=\"canonical\" href=\"https:\/\/www.cuballama.com\/noticias\/gente-de-zona-alza-la-voz-por-los-cubanos-no-es-momento-para-la-indiferencia\/\" \/>\n<meta property=\"og:locale\" content=\"es_ES\" \/>\n<meta property=\"og:type\" content=\"article\" \/>\n<meta property=\"og:title\" content=\"Gente de Zona alza la voz por los cubanos: \u201cNo es momento para la indiferencia\u201d - Cuballama Noticias\" \/>\n<meta property=\"og:description\" content=\"El conocido d\u00fao cubano Gente de Zona public\u00f3 este martes un comunicado en apoyo al pueblo de la isla, que vive una profunda crisis.\" \/>\n<meta property=\"og:url\" content=\"https:\/\/www.cuballama.com\/noticias\/gente-de-zona-alza-la-voz-por-los-cubanos-no-es-momento-para-la-indiferencia\/\" \/>\n<meta property=\"og:site_name\" content=\"Cuballama Noticias\" \/>\n<meta property=\"article:publisher\" content=\"https:\/\/www.facebook.com\/CubaLlama\" \/>\n<meta property=\"article:published_time\" content=\"2026-03-11T10:00:00+00:00\" \/>\n<meta property=\"og:image\" content=\"https:\/\/cdn1.mediawpaccore.net\/wp-content\/uploads\/2026\/03\/10222726\/636713749_18558289324063257_7282561563574835158_n1.jpg\" \/>\n\t<meta property=\"og:image:width\" content=\"1200\" \/>\n\t<meta property=\"og:image:height\" content=\"630\" \/>\n\t<meta property=\"og:image:type\" content=\"image\/jpeg\" \/>\n<meta name=\"author\" content=\"Kathy\" \/>\n<meta name=\"twitter:card\" content=\"summary_large_image\" \/>\n<meta name=\"twitter:creator\" content=\"@cuballama\" \/>\n<meta name=\"twitter:site\" content=\"@cuballama\" \/>\n<meta name=\"twitter:label1\" content=\"Escrito por\" \/>\n\t<meta name=\"twitter:data1\" content=\"Kathy\" \/>\n\t<meta name=\"twitter:label2\" content=\"Tiempo de lectura\" \/>\n\t<meta name=\"twitter:data2\" content=\"3 minutos\" \/>\n<script type=\"application\/ld+json\" class=\"yoast-schema-graph\">{\"@context\":\"https:\\\/\\\/schema.org\",\"@graph\":[{\"@type\":\"Article\",\"@id\":\"https:\\\/\\\/www.cuballama.com\\\/noticias\\\/gente-de-zona-alza-la-voz-por-los-cubanos-no-es-momento-para-la-indiferencia\\\/#article\",\"isPartOf\":{\"@id\":\"https:\\\/\\\/www.cuballama.com\\\/noticias\\\/gente-de-zona-alza-la-voz-por-los-cubanos-no-es-momento-para-la-indiferencia\\\/\"},\"author\":{\"name\":\"Kathy\",\"@id\":\"https:\\\/\\\/www.cuballama.com\\\/noticias\\\/#\\\/schema\\\/person\\\/86cd3e3f4974437f031211213bf892d5\"},\"headline\":\"Gente de Zona alza la voz por los cubanos: \u201cNo es momento para la indiferencia\u201d\",\"datePublished\":\"2026-03-11T10:00:00+00:00\",\"mainEntityOfPage\":{\"@id\":\"https:\\\/\\\/www.cuballama.com\\\/noticias\\\/gente-de-zona-alza-la-voz-por-los-cubanos-no-es-momento-para-la-indiferencia\\\/\"},\"wordCount\":494,\"commentCount\":0,\"publisher\":{\"@id\":\"https:\\\/\\\/www.cuballama.com\\\/noticias\\\/#organization\"},\"image\":{\"@id\":\"https:\\\/\\\/www.cuballama.com\\\/noticias\\\/gente-de-zona-alza-la-voz-por-los-cubanos-no-es-momento-para-la-indiferencia\\\/#primaryimage\"},\"thumbnailUrl\":\"https:\\\/\\\/cdn1.mediawpaccore.net\\\/wp-content\\\/uploads\\\/2026\\\/03\\\/10222726\\\/636713749_18558289324063257_7282561563574835158_n1.jpg\",\"keywords\":[\"Crisis en Cuba\",\"crisis humanitaria\",\"destacado\",\"gente de zona\"],\"articleSection\":[\"Noticias\",\"Noticias de Cuba\"],\"inLanguage\":\"es\",\"potentialAction\":[{\"@type\":\"CommentAction\",\"name\":\"Comment\",\"target\":[\"https:\\\/\\\/www.cuballama.com\\\/noticias\\\/gente-de-zona-alza-la-voz-por-los-cubanos-no-es-momento-para-la-indiferencia\\\/#respond\"]}]},{\"@type\":\"WebPage\",\"@id\":\"https:\\\/\\\/www.cuballama.com\\\/noticias\\\/gente-de-zona-alza-la-voz-por-los-cubanos-no-es-momento-para-la-indiferencia\\\/\",\"url\":\"https:\\\/\\\/www.cuballama.com\\\/noticias\\\/gente-de-zona-alza-la-voz-por-los-cubanos-no-es-momento-para-la-indiferencia\\\/\",\"name\":\"Gente de Zona alza la voz por los cubanos: \u201cNo es momento para la indiferencia\u201d - Cuballama Noticias\",\"isPartOf\":{\"@id\":\"https:\\\/\\\/www.cuballama.com\\\/noticias\\\/#website\"},\"primaryImageOfPage\":{\"@id\":\"https:\\\/\\\/www.cuballama.com\\\/noticias\\\/gente-de-zona-alza-la-voz-por-los-cubanos-no-es-momento-para-la-indiferencia\\\/#primaryimage\"},\"image\":{\"@id\":\"https:\\\/\\\/www.cuballama.com\\\/noticias\\\/gente-de-zona-alza-la-voz-por-los-cubanos-no-es-momento-para-la-indiferencia\\\/#primaryimage\"},\"thumbnailUrl\":\"https:\\\/\\\/cdn1.mediawpaccore.net\\\/wp-content\\\/uploads\\\/2026\\\/03\\\/10222726\\\/636713749_18558289324063257_7282561563574835158_n1.jpg\",\"datePublished\":\"2026-03-11T10:00:00+00:00\",\"description\":\"El conocido d\u00fao cubano Gente de Zona public\u00f3 este martes un comunicado en apoyo al pueblo de la isla, que vive una profunda crisis.\",\"breadcrumb\":{\"@id\":\"https:\\\/\\\/www.cuballama.com\\\/noticias\\\/gente-de-zona-alza-la-voz-por-los-cubanos-no-es-momento-para-la-indiferencia\\\/#breadcrumb\"},\"inLanguage\":\"es\",\"potentialAction\":[{\"@type\":\"ReadAction\",\"target\":[\"https:\\\/\\\/www.cuballama.com\\\/noticias\\\/gente-de-zona-alza-la-voz-por-los-cubanos-no-es-momento-para-la-indiferencia\\\/\"]}]},{\"@type\":\"ImageObject\",\"inLanguage\":\"es\",\"@id\":\"https:\\\/\\\/www.cuballama.com\\\/noticias\\\/gente-de-zona-alza-la-voz-por-los-cubanos-no-es-momento-para-la-indiferencia\\\/#primaryimage\",\"url\":\"https:\\\/\\\/cdn1.mediawpaccore.net\\\/wp-content\\\/uploads\\\/2026\\\/03\\\/10222726\\\/636713749_18558289324063257_7282561563574835158_n1.jpg\",\"contentUrl\":\"https:\\\/\\\/cdn1.mediawpaccore.net\\\/wp-content\\\/uploads\\\/2026\\\/03\\\/10222726\\\/636713749_18558289324063257_7282561563574835158_n1.jpg\",\"width\":1200,\"height\":630,\"caption\":\"Randy Malcom (i) y Alexander Delgado. Foto: Facebook\\\/Gente de Zona.\"},{\"@type\":\"BreadcrumbList\",\"@id\":\"https:\\\/\\\/www.cuballama.com\\\/noticias\\\/gente-de-zona-alza-la-voz-por-los-cubanos-no-es-momento-para-la-indiferencia\\\/#breadcrumb\",\"itemListElement\":[{\"@type\":\"ListItem\",\"position\":1,\"name\":\"Home\",\"item\":\"https:\\\/\\\/www.cuballama.com\\\/noticias\\\/\"},{\"@type\":\"ListItem\",\"position\":2,\"name\":\"Gente de Zona alza la voz por los cubanos: \u201cNo es momento para la indiferencia\u201d\"}]},{\"@type\":\"WebSite\",\"@id\":\"https:\\\/\\\/www.cuballama.com\\\/noticias\\\/#website\",\"url\":\"https:\\\/\\\/www.cuballama.com\\\/noticias\\\/\",\"name\":\"Cuballama Noticias\",\"description\":\"Medio digital sobre Cuba y el mundo\",\"publisher\":{\"@id\":\"https:\\\/\\\/www.cuballama.com\\\/noticias\\\/#organization\"},\"potentialAction\":[{\"@type\":\"SearchAction\",\"target\":{\"@type\":\"EntryPoint\",\"urlTemplate\":\"https:\\\/\\\/www.cuballama.com\\\/noticias\\\/?s={search_term_string}\"},\"query-input\":{\"@type\":\"PropertyValueSpecification\",\"valueRequired\":true,\"valueName\":\"search_term_string\"}}],\"inLanguage\":\"es\"},{\"@type\":\"Organization\",\"@id\":\"https:\\\/\\\/www.cuballama.com\\\/noticias\\\/#organization\",\"name\":\"Cuballama\",\"url\":\"https:\\\/\\\/www.cuballama.com\\\/noticias\\\/\",\"logo\":{\"@type\":\"ImageObject\",\"inLanguage\":\"es\",\"@id\":\"https:\\\/\\\/www.cuballama.com\\\/noticias\\\/#\\\/schema\\\/logo\\\/image\\\/\",\"url\":\"https:\\\/\\\/cdn1.mediawpaccore.net\\\/wp-content\\\/uploads\\\/2021\\\/12\\\/28171206\\\/cbll-logo-color-sm.png\",\"contentUrl\":\"https:\\\/\\\/cdn1.mediawpaccore.net\\\/wp-content\\\/uploads\\\/2021\\\/12\\\/28171206\\\/cbll-logo-color-sm.png\",\"width\":600,\"height\":133,\"caption\":\"Cuballama\"},\"image\":{\"@id\":\"https:\\\/\\\/www.cuballama.com\\\/noticias\\\/#\\\/schema\\\/logo\\\/image\\\/\"},\"sameAs\":[\"https:\\\/\\\/www.facebook.com\\\/CubaLlama\",\"https:\\\/\\\/x.com\\\/cuballama\",\"https:\\\/\\\/www.instagram.com\\\/stories\\\/cuballama_oficial\\\/\",\"https:\\\/\\\/www.youtube.com\\\/channel\\\/UCKkFE-d_axENGZcrc4as0IA\"]},{\"@type\":\"Person\",\"@id\":\"https:\\\/\\\/www.cuballama.com\\\/noticias\\\/#\\\/schema\\\/person\\\/86cd3e3f4974437f031211213bf892d5\",\"name\":\"Kathy\",\"url\":\"https:\\\/\\\/www.cuballama.com\\\/noticias\\\/author\\\/kathy\\\/\"}]}<\/script>\n<!-- \/ Yoast SEO plugin. -->","yoast_head_json":{"title":"Gente de Zona alza la voz por los cubanos: \u201cNo es momento para la indiferencia\u201d - Cuballama Noticias","description":"El conocido d\u00fao cubano Gente de Zona public\u00f3 este martes un comunicado en apoyo al pueblo de la isla, que vive una profunda crisis.","robots":{"index":"index","follow":"follow","max-snippet":"max-snippet:-1","max-image-preview":"max-image-preview:large","max-video-preview":"max-video-preview:-1"},"canonical":"https:\/\/www.cuballama.com\/noticias\/gente-de-zona-alza-la-voz-por-los-cubanos-no-es-momento-para-la-indiferencia\/","og_locale":"es_ES","og_type":"article","og_title":"Gente de Zona alza la voz por los cubanos: \u201cNo es momento para la indiferencia\u201d - Cuballama Noticias","og_description":"El conocido d\u00fao cubano Gente de Zona public\u00f3 este martes un comunicado en apoyo al pueblo de la isla, que vive una profunda crisis.","og_url":"https:\/\/www.cuballama.com\/noticias\/gente-de-zona-alza-la-voz-por-los-cubanos-no-es-momento-para-la-indiferencia\/","og_site_name":"Cuballama Noticias","article_publisher":"https:\/\/www.facebook.com\/CubaLlama","article_published_time":"2026-03-11T10:00:00+00:00","og_image":[{"width":1200,"height":630,"url":"https:\/\/cdn1.mediawpaccore.net\/wp-content\/uploads\/2026\/03\/10222726\/636713749_18558289324063257_7282561563574835158_n1.jpg","type":"image\/jpeg"}],"author":"Kathy","twitter_card":"summary_large_image","twitter_creator":"@cuballama","twitter_site":"@cuballama","twitter_misc":{"Escrito por":"Kathy","Tiempo de lectura":"3 minutos"},"schema":{"@context":"https:\/\/schema.org","@graph":[{"@type":"Article","@id":"https:\/\/www.cuballama.com\/noticias\/gente-de-zona-alza-la-voz-por-los-cubanos-no-es-momento-para-la-indiferencia\/#article","isPartOf":{"@id":"https:\/\/www.cuballama.com\/noticias\/gente-de-zona-alza-la-voz-por-los-cubanos-no-es-momento-para-la-indiferencia\/"},"author":{"name":"Kathy","@id":"https:\/\/www.cuballama.com\/noticias\/#\/schema\/person\/86cd3e3f4974437f031211213bf892d5"},"headline":"Gente de Zona alza la voz por los cubanos: \u201cNo es momento para la indiferencia\u201d","datePublished":"2026-03-11T10:00:00+00:00","mainEntityOfPage":{"@id":"https:\/\/www.cuballama.com\/noticias\/gente-de-zona-alza-la-voz-por-los-cubanos-no-es-momento-para-la-indiferencia\/"},"wordCount":494,"commentCount":0,"publisher":{"@id":"https:\/\/www.cuballama.com\/noticias\/#organization"},"image":{"@id":"https:\/\/www.cuballama.com\/noticias\/gente-de-zona-alza-la-voz-por-los-cubanos-no-es-momento-para-la-indiferencia\/#primaryimage"},"thumbnailUrl":"https:\/\/cdn1.mediawpaccore.net\/wp-content\/uploads\/2026\/03\/10222726\/636713749_18558289324063257_7282561563574835158_n1.jpg","keywords":["Crisis en Cuba","crisis humanitaria","destacado","gente de zona"],"articleSection":["Noticias","Noticias de Cuba"],"inLanguage":"es","potentialAction":[{"@type":"CommentAction","name":"Comment","target":["https:\/\/www.cuballama.com\/noticias\/gente-de-zona-alza-la-voz-por-los-cubanos-no-es-momento-para-la-indiferencia\/#respond"]}]},{"@type":"WebPage","@id":"https:\/\/www.cuballama.com\/noticias\/gente-de-zona-alza-la-voz-por-los-cubanos-no-es-momento-para-la-indiferencia\/","url":"https:\/\/www.cuballama.com\/noticias\/gente-de-zona-alza-la-voz-por-los-cubanos-no-es-momento-para-la-indiferencia\/","name":"Gente de Zona alza la voz por los cubanos: \u201cNo es momento para la indiferencia\u201d - Cuballama Noticias","isPartOf":{"@id":"https:\/\/www.cuballama.com\/noticias\/#website"},"primaryImageOfPage":{"@id":"https:\/\/www.cuballama.com\/noticias\/gente-de-zona-alza-la-voz-por-los-cubanos-no-es-momento-para-la-indiferencia\/#primaryimage"},"image":{"@id":"https:\/\/www.cuballama.com\/noticias\/gente-de-zona-alza-la-voz-por-los-cubanos-no-es-momento-para-la-indiferencia\/#primaryimage"},"thumbnailUrl":"https:\/\/cdn1.mediawpaccore.net\/wp-content\/uploads\/2026\/03\/10222726\/636713749_18558289324063257_7282561563574835158_n1.jpg","datePublished":"2026-03-11T10:00:00+00:00","description":"El conocido d\u00fao cubano Gente de Zona public\u00f3 este martes un comunicado en apoyo al pueblo de la isla, que vive una profunda crisis.","breadcrumb":{"@id":"https:\/\/www.cuballama.com\/noticias\/gente-de-zona-alza-la-voz-por-los-cubanos-no-es-momento-para-la-indiferencia\/#breadcrumb"},"inLanguage":"es","potentialAction":[{"@type":"ReadAction","target":["https:\/\/www.cuballama.com\/noticias\/gente-de-zona-alza-la-voz-por-los-cubanos-no-es-momento-para-la-indiferencia\/"]}]},{"@type":"ImageObject","inLanguage":"es","@id":"https:\/\/www.cuballama.com\/noticias\/gente-de-zona-alza-la-voz-por-los-cubanos-no-es-momento-para-la-indiferencia\/#primaryimage","url":"https:\/\/cdn1.mediawpaccore.net\/wp-content\/uploads\/2026\/03\/10222726\/636713749_18558289324063257_7282561563574835158_n1.jpg","contentUrl":"https:\/\/cdn1.mediawpaccore.net\/wp-content\/uploads\/2026\/03\/10222726\/636713749_18558289324063257_7282561563574835158_n1.jpg","width":1200,"height":630,"caption":"Randy Malcom (i) y Alexander Delgado. Foto: Facebook\/Gente de Zona."},{"@type":"BreadcrumbList","@id":"https:\/\/www.cuballama.com\/noticias\/gente-de-zona-alza-la-voz-por-los-cubanos-no-es-momento-para-la-indiferencia\/#breadcrumb","itemListElement":[{"@type":"ListItem","position":1,"name":"Home","item":"https:\/\/www.cuballama.com\/noticias\/"},{"@type":"ListItem","position":2,"name":"Gente de Zona alza la voz por los cubanos: \u201cNo es momento para la indiferencia\u201d"}]},{"@type":"WebSite","@id":"https:\/\/www.cuballama.com\/noticias\/#website","url":"https:\/\/www.cuballama.com\/noticias\/","name":"Cuballama Noticias","description":"Medio digital sobre Cuba y el mundo","publisher":{"@id":"https:\/\/www.cuballama.com\/noticias\/#organization"},"potentialAction":[{"@type":"SearchAction","target":{"@type":"EntryPoint","urlTemplate":"https:\/\/www.cuballama.com\/noticias\/?s={search_term_string}"},"query-input":{"@type":"PropertyValueSpecification","valueRequired":true,"valueName":"search_term_string"}}],"inLanguage":"es"},{"@type":"Organization","@id":"https:\/\/www.cuballama.com\/noticias\/#organization","name":"Cuballama","url":"https:\/\/www.cuballama.com\/noticias\/","logo":{"@type":"ImageObject","inLanguage":"es","@id":"https:\/\/www.cuballama.com\/noticias\/#\/schema\/logo\/image\/","url":"https:\/\/cdn1.mediawpaccore.net\/wp-content\/uploads\/2021\/12\/28171206\/cbll-logo-color-sm.png","contentUrl":"https:\/\/cdn1.mediawpaccore.net\/wp-content\/uploads\/2021\/12\/28171206\/cbll-logo-color-sm.png","width":600,"height":133,"caption":"Cuballama"},"image":{"@id":"https:\/\/www.cuballama.com\/noticias\/#\/schema\/logo\/image\/"},"sameAs":["https:\/\/www.facebook.com\/CubaLlama","https:\/\/x.com\/cuballama","https:\/\/www.instagram.com\/stories\/cuballama_oficial\/","https:\/\/www.youtube.com\/channel\/UCKkFE-d_axENGZcrc4as0IA"]},{"@type":"Person","@id":"https:\/\/www.cuballama.com\/noticias\/#\/schema\/person\/86cd3e3f4974437f031211213bf892d5","name":"Kathy","url":"https:\/\/www.cuballama.com\/noticias\/author\/kathy\/"}]}},"_links":{"self":[{"href":"https:\/\/www.cuballama.com\/noticias\/wp-json\/wp\/v2\/posts\/237761","targetHints":{"allow":["GET"]}}],"collection":[{"href":"https:\/\/www.cuballama.com\/noticias\/wp-json\/wp\/v2\/posts"}],"about":[{"href":"https:\/\/www.cuballama.com\/noticias\/wp-json\/wp\/v2\/types\/post"}],"author":[{"embeddable":true,"href":"https:\/\/www.cuballama.com\/noticias\/wp-json\/wp\/v2\/users\/30"}],"replies":[{"embeddable":true,"href":"https:\/\/www.cuballama.com\/noticias\/wp-json\/wp\/v2\/comments?post=237761"}],"version-history":[{"count":4,"href":"https:\/\/www.cuballama.com\/noticias\/wp-json\/wp\/v2\/posts\/237761\/revisions"}],"predecessor-version":[{"id":237769,"href":"https:\/\/www.cuballama.com\/noticias\/wp-json\/wp\/v2\/posts\/237761\/revisions\/237769"}],"wp:featuredmedia":[{"embeddable":true,"href":"https:\/\/www.cuballama.com\/noticias\/wp-json\/wp\/v2\/media\/237762"}],"wp:attachment":[{"href":"https:\/\/www.cuballama.com\/noticias\/wp-json\/wp\/v2\/media?parent=237761"}],"wp:term":[{"taxonomy":"category","embeddable":true,"href":"https:\/\/www.cuballama.com\/noticias\/wp-json\/wp\/v2\/categories?post=237761"},{"taxonomy":"post_tag","embeddable":true,"href":"https:\/\/www.cuballama.com\/noticias\/wp-json\/wp\/v2\/tags?post=237761"}],"curies":[{"name":"wp","href":"https:\/\/api.w.org\/{rel}","templated":true}]}}