{"id":237731,"date":"2026-03-10T14:42:45","date_gmt":"2026-03-10T18:42:45","guid":{"rendered":"https:\/\/www.cuballama.com\/noticias\/?p=237731"},"modified":"2026-03-12T14:29:34","modified_gmt":"2026-03-12T18:29:34","slug":"arozarena-le-responde-al-jugador-se-nego-a-saludarlo-en-el-clasico-que-se-vaya-para-casa-de-la","status":"publish","type":"post","link":"https:\/\/www.cuballama.com\/noticias\/arozarena-le-responde-al-jugador-se-nego-a-saludarlo-en-el-clasico-que-se-vaya-para-casa-de-la\/","title":{"rendered":"Arozarena al jugador que se neg\u00f3 a saludarlo en el Cl\u00e1sico: \u201cQue se vaya para casa de la\u2026\u201d"},"content":{"rendered":"\n<p>El pelotero cubano-mexicano Randy Arozarena respondi\u00f3 sin pelos en la lengua tras vivir un momento inc\u00f3modo tras la derrota de M\u00e9xico 5-3 ante Estados Unidos este lunes en el Cl\u00e1sico Mundial de B\u00e9isbol 2026.<\/p>\n\n\n\n<p>El natural de Pinar del R\u00edo intent\u00f3 saludar al catcher estadounidense Cal Raleigh durante el partido, pero el jugador del equipo de Estados Unidos ni siquiera le extendi\u00f3 la mano, un gesto que ha sido entendido por mucho como una falta de deportividad, en especial porque ambos son compa\u00f1eros en los Seattle Mariners durante la temporada de Major League Baseball (MLB).<\/p>\n\n\n\n<p>Despu\u00e9s del juego, Arozarena no ocult\u00f3 su molestia, sino que adem\u00e1s record\u00f3 que los padres de Raleigh lo hab\u00edan felicitado d\u00edas antes por su actuaci\u00f3n en Grandes Ligas \u0443 en el Cl\u00e1sico.<\/p>\n\n\n\n<p>Tras el encuentro, lejos de evitar el tema el cubano respondi\u00f3 directamente al equipo de Con las bases llenas. Seg\u00fan dijo, quer\u00eda responderle a Raleigh en cuatro idiomas, aunque al final lo hizo en tres: cubano, mexicano e ingl\u00e9s.<\/p>\n\n\n\n<iframe loading=\"lazy\" src=\"https:\/\/www.facebook.com\/plugins\/video.php?height=476&#038;href=https%3A%2F%2Fwww.facebook.com%2Freel%2F918025764262446%2F&#038;show_text=true&#038;width=267&#038;t=0\" width=\"267\" height=\"591\" style=\"border:none;overflow:hidden\" scrolling=\"no\" frameborder=\"0\" allowfullscreen=\"true\" allow=\"autoplay; clipboard-write; encrypted-media; picture-in-picture; web-share\" allowFullScreen=\"true\"><\/iframe>\n\n\n\n<p>\u201cLo \u00fanico por lo que deber\u00eda estar agradecido es por tener unos padres tan maravillosos. Es muy bien educado, gracias a Dios. Tuve la suerte de verlos hace unos d\u00edas en el hotel. Se acercaron a saludarme, me dieron un fuerte abrazo y se sintieron realmente orgullosos de volver a verme otra vez.<\/p>\n\n\n\n<p>\u201cDespu\u00e9s de eso, esto se lo voy a decir a lo cubano: \u00a1Lo que tiene que hacer es irse a la p*nga! A lo mexicano: \u00a1Que se vaya para casa de la v*rga! Y en ingl\u00e9s: el \u2018good to see you\u2019 que me dijo&#8230; \u00a1que se lo meta por el c*lo!&#8230; Me fui\u201d, concluy\u00f3 el jardinero de 31 a\u00f1os.<\/p>\n\n\n\n<p>Mientras tanto, el equipo mexicano tendr\u00e1 ahora un partido decisivo ante Italia este 11 de marzo para buscar su boleto a los cuartos de final del Cl\u00e1sico Mundial.<\/p>\n\n\n\n<iframe loading=\"lazy\" src=\"https:\/\/www.facebook.com\/plugins\/video.php?height=476&#038;href=https%3A%2F%2Fwww.facebook.com%2Freel%2F1235132138710572%2F&#038;show_text=true&#038;width=267&#038;t=0\" width=\"267\" height=\"591\" style=\"border:none;overflow:hidden\" scrolling=\"no\" frameborder=\"0\" allowfullscreen=\"true\" allow=\"autoplay; clipboard-write; encrypted-media; picture-in-picture; web-share\" allowFullScreen=\"true\"><\/iframe>\n\n\n\n<p>Arozarena empez\u00f3 su carrera profesional en Estados Unidos con St. Louis Cardinals en 2016 y debut\u00f3 en MLB en 2019.<\/p>\n\n\n\n<p>Tras ser cambiado a Tampa Bay Rays protagoniz\u00f3 una hist\u00f3rica actuaci\u00f3n en la postemporada de 2020, estableciendo r\u00e9cords de hits y cuadrangulares para un novato en playoffs.&nbsp;<\/p>\n\n\n\n<p>Naturalizado mexicano, tambi\u00e9n se convirti\u00f3 en una de las figuras m\u00e1s emblem\u00e1ticas de la selecci\u00f3n de M\u00e9xico en el anterior Cl\u00e1sico Mundial.<\/p>\n\n\n\n<p>En la temporada pasada marc\u00f3 un nuevo hito al convertirse en el tercer jugador nacido en la isla que consigue una temporada de 25 jonrones e igual cifra de bases robadas en MLB.<\/p>\n","protected":false},"excerpt":{"rendered":"<p>La respuesta del cubano-mexicano ha dado mucho de qu\u00e9 hablar.<\/p>\n","protected":false},"author":30,"featured_media":237744,"comment_status":"open","ping_status":"closed","sticky":false,"template":"","format":"standard","meta":{"_acf_changed":false,"footnotes":""},"categories":[18,955],"tags":[12851,31001,941,15754],"class_list":{"0":"post-237731","1":"post","2":"type-post","3":"status-publish","4":"format-standard","5":"has-post-thumbnail","7":"category-noticias","8":"category-noticias-de-cuba","9":"tag-clasico-mundial-de-beisbol","10":"tag-cubanos-en-el-clasico","11":"tag-destacado","12":"tag-randy-arozarena"},"acf":[],"yoast_head":"<!-- This site is optimized with the Yoast SEO plugin v27.5 - https:\/\/yoast.com\/product\/yoast-seo-wordpress\/ -->\n<title>Arozarena al jugador que se neg\u00f3 a saludarlo en el Cl\u00e1sico: \u201cQue se vaya para casa de la\u2026\u201d - Cuballama Noticias<\/title>\n<meta name=\"description\" content=\"El pelotero cubano-mexicano Randy Arozarena respondi\u00f3 sin pelos en la lengua tras vivir un momento inc\u00f3modo en el Cl\u00e1sico.\" \/>\n<meta name=\"robots\" content=\"index, follow, max-snippet:-1, max-image-preview:large, max-video-preview:-1\" \/>\n<link rel=\"canonical\" href=\"https:\/\/www.cuballama.com\/noticias\/arozarena-le-responde-al-jugador-se-nego-a-saludarlo-en-el-clasico-que-se-vaya-para-casa-de-la\/\" \/>\n<meta property=\"og:locale\" content=\"es_ES\" \/>\n<meta property=\"og:type\" content=\"article\" \/>\n<meta property=\"og:title\" content=\"Arozarena al jugador que se neg\u00f3 a saludarlo en el Cl\u00e1sico: \u201cQue se vaya para casa de la\u2026\u201d - Cuballama Noticias\" \/>\n<meta property=\"og:description\" content=\"El pelotero cubano-mexicano Randy Arozarena respondi\u00f3 sin pelos en la lengua tras vivir un momento inc\u00f3modo en el Cl\u00e1sico.\" \/>\n<meta property=\"og:url\" content=\"https:\/\/www.cuballama.com\/noticias\/arozarena-le-responde-al-jugador-se-nego-a-saludarlo-en-el-clasico-que-se-vaya-para-casa-de-la\/\" \/>\n<meta property=\"og:site_name\" content=\"Cuballama Noticias\" \/>\n<meta property=\"article:publisher\" content=\"https:\/\/www.facebook.com\/CubaLlama\" \/>\n<meta property=\"article:published_time\" content=\"2026-03-10T18:42:45+00:00\" \/>\n<meta property=\"article:modified_time\" content=\"2026-03-12T18:29:34+00:00\" \/>\n<meta property=\"og:image\" content=\"https:\/\/cdn1.mediawpaccore.net\/wp-content\/uploads\/2026\/03\/10144125\/Captura-de-pantalla_10-3-2026_143935_www.facebook.com_.jpg\" \/>\n\t<meta property=\"og:image:width\" content=\"1200\" \/>\n\t<meta property=\"og:image:height\" content=\"630\" \/>\n\t<meta property=\"og:image:type\" content=\"image\/jpeg\" \/>\n<meta name=\"author\" content=\"Kathy\" \/>\n<meta name=\"twitter:card\" content=\"summary_large_image\" \/>\n<meta name=\"twitter:creator\" content=\"@cuballama\" \/>\n<meta name=\"twitter:site\" content=\"@cuballama\" \/>\n<meta name=\"twitter:label1\" content=\"Escrito por\" \/>\n\t<meta name=\"twitter:data1\" content=\"Kathy\" \/>\n\t<meta name=\"twitter:label2\" content=\"Tiempo de lectura\" \/>\n\t<meta name=\"twitter:data2\" content=\"3 minutos\" \/>\n<script type=\"application\/ld+json\" class=\"yoast-schema-graph\">{\"@context\":\"https:\\\/\\\/schema.org\",\"@graph\":[{\"@type\":\"Article\",\"@id\":\"https:\\\/\\\/www.cuballama.com\\\/noticias\\\/arozarena-le-responde-al-jugador-se-nego-a-saludarlo-en-el-clasico-que-se-vaya-para-casa-de-la\\\/#article\",\"isPartOf\":{\"@id\":\"https:\\\/\\\/www.cuballama.com\\\/noticias\\\/arozarena-le-responde-al-jugador-se-nego-a-saludarlo-en-el-clasico-que-se-vaya-para-casa-de-la\\\/\"},\"author\":{\"name\":\"Kathy\",\"@id\":\"https:\\\/\\\/www.cuballama.com\\\/noticias\\\/#\\\/schema\\\/person\\\/86cd3e3f4974437f031211213bf892d5\"},\"headline\":\"Arozarena al jugador que se neg\u00f3 a saludarlo en el Cl\u00e1sico: \u201cQue se vaya para casa de la\u2026\u201d\",\"datePublished\":\"2026-03-10T18:42:45+00:00\",\"dateModified\":\"2026-03-12T18:29:34+00:00\",\"mainEntityOfPage\":{\"@id\":\"https:\\\/\\\/www.cuballama.com\\\/noticias\\\/arozarena-le-responde-al-jugador-se-nego-a-saludarlo-en-el-clasico-que-se-vaya-para-casa-de-la\\\/\"},\"wordCount\":454,\"commentCount\":0,\"publisher\":{\"@id\":\"https:\\\/\\\/www.cuballama.com\\\/noticias\\\/#organization\"},\"image\":{\"@id\":\"https:\\\/\\\/www.cuballama.com\\\/noticias\\\/arozarena-le-responde-al-jugador-se-nego-a-saludarlo-en-el-clasico-que-se-vaya-para-casa-de-la\\\/#primaryimage\"},\"thumbnailUrl\":\"https:\\\/\\\/cdn1.mediawpaccore.net\\\/wp-content\\\/uploads\\\/2026\\\/03\\\/10144125\\\/Captura-de-pantalla_10-3-2026_143935_www.facebook.com_.jpg\",\"keywords\":[\"Cl\u00e1sico Mundial de B\u00e9isbol\",\"cubanos en el Cl\u00e1sico\",\"destacado\",\"Randy Arozarena\"],\"articleSection\":[\"Noticias\",\"Noticias de Cuba\"],\"inLanguage\":\"es\",\"potentialAction\":[{\"@type\":\"CommentAction\",\"name\":\"Comment\",\"target\":[\"https:\\\/\\\/www.cuballama.com\\\/noticias\\\/arozarena-le-responde-al-jugador-se-nego-a-saludarlo-en-el-clasico-que-se-vaya-para-casa-de-la\\\/#respond\"]}]},{\"@type\":\"WebPage\",\"@id\":\"https:\\\/\\\/www.cuballama.com\\\/noticias\\\/arozarena-le-responde-al-jugador-se-nego-a-saludarlo-en-el-clasico-que-se-vaya-para-casa-de-la\\\/\",\"url\":\"https:\\\/\\\/www.cuballama.com\\\/noticias\\\/arozarena-le-responde-al-jugador-se-nego-a-saludarlo-en-el-clasico-que-se-vaya-para-casa-de-la\\\/\",\"name\":\"Arozarena al jugador que se neg\u00f3 a saludarlo en el Cl\u00e1sico: \u201cQue se vaya para casa de la\u2026\u201d - Cuballama Noticias\",\"isPartOf\":{\"@id\":\"https:\\\/\\\/www.cuballama.com\\\/noticias\\\/#website\"},\"primaryImageOfPage\":{\"@id\":\"https:\\\/\\\/www.cuballama.com\\\/noticias\\\/arozarena-le-responde-al-jugador-se-nego-a-saludarlo-en-el-clasico-que-se-vaya-para-casa-de-la\\\/#primaryimage\"},\"image\":{\"@id\":\"https:\\\/\\\/www.cuballama.com\\\/noticias\\\/arozarena-le-responde-al-jugador-se-nego-a-saludarlo-en-el-clasico-que-se-vaya-para-casa-de-la\\\/#primaryimage\"},\"thumbnailUrl\":\"https:\\\/\\\/cdn1.mediawpaccore.net\\\/wp-content\\\/uploads\\\/2026\\\/03\\\/10144125\\\/Captura-de-pantalla_10-3-2026_143935_www.facebook.com_.jpg\",\"datePublished\":\"2026-03-10T18:42:45+00:00\",\"dateModified\":\"2026-03-12T18:29:34+00:00\",\"description\":\"El pelotero cubano-mexicano Randy Arozarena respondi\u00f3 sin pelos en la lengua tras vivir un momento inc\u00f3modo en el Cl\u00e1sico.\",\"breadcrumb\":{\"@id\":\"https:\\\/\\\/www.cuballama.com\\\/noticias\\\/arozarena-le-responde-al-jugador-se-nego-a-saludarlo-en-el-clasico-que-se-vaya-para-casa-de-la\\\/#breadcrumb\"},\"inLanguage\":\"es\",\"potentialAction\":[{\"@type\":\"ReadAction\",\"target\":[\"https:\\\/\\\/www.cuballama.com\\\/noticias\\\/arozarena-le-responde-al-jugador-se-nego-a-saludarlo-en-el-clasico-que-se-vaya-para-casa-de-la\\\/\"]}]},{\"@type\":\"ImageObject\",\"inLanguage\":\"es\",\"@id\":\"https:\\\/\\\/www.cuballama.com\\\/noticias\\\/arozarena-le-responde-al-jugador-se-nego-a-saludarlo-en-el-clasico-que-se-vaya-para-casa-de-la\\\/#primaryimage\",\"url\":\"https:\\\/\\\/cdn1.mediawpaccore.net\\\/wp-content\\\/uploads\\\/2026\\\/03\\\/10144125\\\/Captura-de-pantalla_10-3-2026_143935_www.facebook.com_.jpg\",\"contentUrl\":\"https:\\\/\\\/cdn1.mediawpaccore.net\\\/wp-content\\\/uploads\\\/2026\\\/03\\\/10144125\\\/Captura-de-pantalla_10-3-2026_143935_www.facebook.com_.jpg\",\"width\":1200,\"height\":630,\"caption\":\"Arozarena intenta saludar a Raleigh en el Cl\u00e1sico. Foto: Captura de video\\\/Facebook\\\/Antonio Puesan.\"},{\"@type\":\"BreadcrumbList\",\"@id\":\"https:\\\/\\\/www.cuballama.com\\\/noticias\\\/arozarena-le-responde-al-jugador-se-nego-a-saludarlo-en-el-clasico-que-se-vaya-para-casa-de-la\\\/#breadcrumb\",\"itemListElement\":[{\"@type\":\"ListItem\",\"position\":1,\"name\":\"Home\",\"item\":\"https:\\\/\\\/www.cuballama.com\\\/noticias\\\/\"},{\"@type\":\"ListItem\",\"position\":2,\"name\":\"Arozarena al jugador que se neg\u00f3 a saludarlo en el Cl\u00e1sico: \u201cQue se vaya para casa de la\u2026\u201d\"}]},{\"@type\":\"WebSite\",\"@id\":\"https:\\\/\\\/www.cuballama.com\\\/noticias\\\/#website\",\"url\":\"https:\\\/\\\/www.cuballama.com\\\/noticias\\\/\",\"name\":\"Cuballama Noticias\",\"description\":\"Medio digital sobre Cuba y el mundo\",\"publisher\":{\"@id\":\"https:\\\/\\\/www.cuballama.com\\\/noticias\\\/#organization\"},\"potentialAction\":[{\"@type\":\"SearchAction\",\"target\":{\"@type\":\"EntryPoint\",\"urlTemplate\":\"https:\\\/\\\/www.cuballama.com\\\/noticias\\\/?s={search_term_string}\"},\"query-input\":{\"@type\":\"PropertyValueSpecification\",\"valueRequired\":true,\"valueName\":\"search_term_string\"}}],\"inLanguage\":\"es\"},{\"@type\":\"Organization\",\"@id\":\"https:\\\/\\\/www.cuballama.com\\\/noticias\\\/#organization\",\"name\":\"Cuballama\",\"url\":\"https:\\\/\\\/www.cuballama.com\\\/noticias\\\/\",\"logo\":{\"@type\":\"ImageObject\",\"inLanguage\":\"es\",\"@id\":\"https:\\\/\\\/www.cuballama.com\\\/noticias\\\/#\\\/schema\\\/logo\\\/image\\\/\",\"url\":\"https:\\\/\\\/cdn1.mediawpaccore.net\\\/wp-content\\\/uploads\\\/2021\\\/12\\\/28171206\\\/cbll-logo-color-sm.png\",\"contentUrl\":\"https:\\\/\\\/cdn1.mediawpaccore.net\\\/wp-content\\\/uploads\\\/2021\\\/12\\\/28171206\\\/cbll-logo-color-sm.png\",\"width\":600,\"height\":133,\"caption\":\"Cuballama\"},\"image\":{\"@id\":\"https:\\\/\\\/www.cuballama.com\\\/noticias\\\/#\\\/schema\\\/logo\\\/image\\\/\"},\"sameAs\":[\"https:\\\/\\\/www.facebook.com\\\/CubaLlama\",\"https:\\\/\\\/x.com\\\/cuballama\",\"https:\\\/\\\/www.instagram.com\\\/stories\\\/cuballama_oficial\\\/\",\"https:\\\/\\\/www.youtube.com\\\/channel\\\/UCKkFE-d_axENGZcrc4as0IA\"]},{\"@type\":\"Person\",\"@id\":\"https:\\\/\\\/www.cuballama.com\\\/noticias\\\/#\\\/schema\\\/person\\\/86cd3e3f4974437f031211213bf892d5\",\"name\":\"Kathy\",\"url\":\"https:\\\/\\\/www.cuballama.com\\\/noticias\\\/author\\\/kathy\\\/\"}]}<\/script>\n<!-- \/ Yoast SEO plugin. -->","yoast_head_json":{"title":"Arozarena al jugador que se neg\u00f3 a saludarlo en el Cl\u00e1sico: \u201cQue se vaya para casa de la\u2026\u201d - Cuballama Noticias","description":"El pelotero cubano-mexicano Randy Arozarena respondi\u00f3 sin pelos en la lengua tras vivir un momento inc\u00f3modo en el Cl\u00e1sico.","robots":{"index":"index","follow":"follow","max-snippet":"max-snippet:-1","max-image-preview":"max-image-preview:large","max-video-preview":"max-video-preview:-1"},"canonical":"https:\/\/www.cuballama.com\/noticias\/arozarena-le-responde-al-jugador-se-nego-a-saludarlo-en-el-clasico-que-se-vaya-para-casa-de-la\/","og_locale":"es_ES","og_type":"article","og_title":"Arozarena al jugador que se neg\u00f3 a saludarlo en el Cl\u00e1sico: \u201cQue se vaya para casa de la\u2026\u201d - Cuballama Noticias","og_description":"El pelotero cubano-mexicano Randy Arozarena respondi\u00f3 sin pelos en la lengua tras vivir un momento inc\u00f3modo en el Cl\u00e1sico.","og_url":"https:\/\/www.cuballama.com\/noticias\/arozarena-le-responde-al-jugador-se-nego-a-saludarlo-en-el-clasico-que-se-vaya-para-casa-de-la\/","og_site_name":"Cuballama Noticias","article_publisher":"https:\/\/www.facebook.com\/CubaLlama","article_published_time":"2026-03-10T18:42:45+00:00","article_modified_time":"2026-03-12T18:29:34+00:00","og_image":[{"width":1200,"height":630,"url":"https:\/\/cdn1.mediawpaccore.net\/wp-content\/uploads\/2026\/03\/10144125\/Captura-de-pantalla_10-3-2026_143935_www.facebook.com_.jpg","type":"image\/jpeg"}],"author":"Kathy","twitter_card":"summary_large_image","twitter_creator":"@cuballama","twitter_site":"@cuballama","twitter_misc":{"Escrito por":"Kathy","Tiempo de lectura":"3 minutos"},"schema":{"@context":"https:\/\/schema.org","@graph":[{"@type":"Article","@id":"https:\/\/www.cuballama.com\/noticias\/arozarena-le-responde-al-jugador-se-nego-a-saludarlo-en-el-clasico-que-se-vaya-para-casa-de-la\/#article","isPartOf":{"@id":"https:\/\/www.cuballama.com\/noticias\/arozarena-le-responde-al-jugador-se-nego-a-saludarlo-en-el-clasico-que-se-vaya-para-casa-de-la\/"},"author":{"name":"Kathy","@id":"https:\/\/www.cuballama.com\/noticias\/#\/schema\/person\/86cd3e3f4974437f031211213bf892d5"},"headline":"Arozarena al jugador que se neg\u00f3 a saludarlo en el Cl\u00e1sico: \u201cQue se vaya para casa de la\u2026\u201d","datePublished":"2026-03-10T18:42:45+00:00","dateModified":"2026-03-12T18:29:34+00:00","mainEntityOfPage":{"@id":"https:\/\/www.cuballama.com\/noticias\/arozarena-le-responde-al-jugador-se-nego-a-saludarlo-en-el-clasico-que-se-vaya-para-casa-de-la\/"},"wordCount":454,"commentCount":0,"publisher":{"@id":"https:\/\/www.cuballama.com\/noticias\/#organization"},"image":{"@id":"https:\/\/www.cuballama.com\/noticias\/arozarena-le-responde-al-jugador-se-nego-a-saludarlo-en-el-clasico-que-se-vaya-para-casa-de-la\/#primaryimage"},"thumbnailUrl":"https:\/\/cdn1.mediawpaccore.net\/wp-content\/uploads\/2026\/03\/10144125\/Captura-de-pantalla_10-3-2026_143935_www.facebook.com_.jpg","keywords":["Cl\u00e1sico Mundial de B\u00e9isbol","cubanos en el Cl\u00e1sico","destacado","Randy Arozarena"],"articleSection":["Noticias","Noticias de Cuba"],"inLanguage":"es","potentialAction":[{"@type":"CommentAction","name":"Comment","target":["https:\/\/www.cuballama.com\/noticias\/arozarena-le-responde-al-jugador-se-nego-a-saludarlo-en-el-clasico-que-se-vaya-para-casa-de-la\/#respond"]}]},{"@type":"WebPage","@id":"https:\/\/www.cuballama.com\/noticias\/arozarena-le-responde-al-jugador-se-nego-a-saludarlo-en-el-clasico-que-se-vaya-para-casa-de-la\/","url":"https:\/\/www.cuballama.com\/noticias\/arozarena-le-responde-al-jugador-se-nego-a-saludarlo-en-el-clasico-que-se-vaya-para-casa-de-la\/","name":"Arozarena al jugador que se neg\u00f3 a saludarlo en el Cl\u00e1sico: \u201cQue se vaya para casa de la\u2026\u201d - Cuballama Noticias","isPartOf":{"@id":"https:\/\/www.cuballama.com\/noticias\/#website"},"primaryImageOfPage":{"@id":"https:\/\/www.cuballama.com\/noticias\/arozarena-le-responde-al-jugador-se-nego-a-saludarlo-en-el-clasico-que-se-vaya-para-casa-de-la\/#primaryimage"},"image":{"@id":"https:\/\/www.cuballama.com\/noticias\/arozarena-le-responde-al-jugador-se-nego-a-saludarlo-en-el-clasico-que-se-vaya-para-casa-de-la\/#primaryimage"},"thumbnailUrl":"https:\/\/cdn1.mediawpaccore.net\/wp-content\/uploads\/2026\/03\/10144125\/Captura-de-pantalla_10-3-2026_143935_www.facebook.com_.jpg","datePublished":"2026-03-10T18:42:45+00:00","dateModified":"2026-03-12T18:29:34+00:00","description":"El pelotero cubano-mexicano Randy Arozarena respondi\u00f3 sin pelos en la lengua tras vivir un momento inc\u00f3modo en el Cl\u00e1sico.","breadcrumb":{"@id":"https:\/\/www.cuballama.com\/noticias\/arozarena-le-responde-al-jugador-se-nego-a-saludarlo-en-el-clasico-que-se-vaya-para-casa-de-la\/#breadcrumb"},"inLanguage":"es","potentialAction":[{"@type":"ReadAction","target":["https:\/\/www.cuballama.com\/noticias\/arozarena-le-responde-al-jugador-se-nego-a-saludarlo-en-el-clasico-que-se-vaya-para-casa-de-la\/"]}]},{"@type":"ImageObject","inLanguage":"es","@id":"https:\/\/www.cuballama.com\/noticias\/arozarena-le-responde-al-jugador-se-nego-a-saludarlo-en-el-clasico-que-se-vaya-para-casa-de-la\/#primaryimage","url":"https:\/\/cdn1.mediawpaccore.net\/wp-content\/uploads\/2026\/03\/10144125\/Captura-de-pantalla_10-3-2026_143935_www.facebook.com_.jpg","contentUrl":"https:\/\/cdn1.mediawpaccore.net\/wp-content\/uploads\/2026\/03\/10144125\/Captura-de-pantalla_10-3-2026_143935_www.facebook.com_.jpg","width":1200,"height":630,"caption":"Arozarena intenta saludar a Raleigh en el Cl\u00e1sico. Foto: Captura de video\/Facebook\/Antonio Puesan."},{"@type":"BreadcrumbList","@id":"https:\/\/www.cuballama.com\/noticias\/arozarena-le-responde-al-jugador-se-nego-a-saludarlo-en-el-clasico-que-se-vaya-para-casa-de-la\/#breadcrumb","itemListElement":[{"@type":"ListItem","position":1,"name":"Home","item":"https:\/\/www.cuballama.com\/noticias\/"},{"@type":"ListItem","position":2,"name":"Arozarena al jugador que se neg\u00f3 a saludarlo en el Cl\u00e1sico: \u201cQue se vaya para casa de la\u2026\u201d"}]},{"@type":"WebSite","@id":"https:\/\/www.cuballama.com\/noticias\/#website","url":"https:\/\/www.cuballama.com\/noticias\/","name":"Cuballama Noticias","description":"Medio digital sobre Cuba y el mundo","publisher":{"@id":"https:\/\/www.cuballama.com\/noticias\/#organization"},"potentialAction":[{"@type":"SearchAction","target":{"@type":"EntryPoint","urlTemplate":"https:\/\/www.cuballama.com\/noticias\/?s={search_term_string}"},"query-input":{"@type":"PropertyValueSpecification","valueRequired":true,"valueName":"search_term_string"}}],"inLanguage":"es"},{"@type":"Organization","@id":"https:\/\/www.cuballama.com\/noticias\/#organization","name":"Cuballama","url":"https:\/\/www.cuballama.com\/noticias\/","logo":{"@type":"ImageObject","inLanguage":"es","@id":"https:\/\/www.cuballama.com\/noticias\/#\/schema\/logo\/image\/","url":"https:\/\/cdn1.mediawpaccore.net\/wp-content\/uploads\/2021\/12\/28171206\/cbll-logo-color-sm.png","contentUrl":"https:\/\/cdn1.mediawpaccore.net\/wp-content\/uploads\/2021\/12\/28171206\/cbll-logo-color-sm.png","width":600,"height":133,"caption":"Cuballama"},"image":{"@id":"https:\/\/www.cuballama.com\/noticias\/#\/schema\/logo\/image\/"},"sameAs":["https:\/\/www.facebook.com\/CubaLlama","https:\/\/x.com\/cuballama","https:\/\/www.instagram.com\/stories\/cuballama_oficial\/","https:\/\/www.youtube.com\/channel\/UCKkFE-d_axENGZcrc4as0IA"]},{"@type":"Person","@id":"https:\/\/www.cuballama.com\/noticias\/#\/schema\/person\/86cd3e3f4974437f031211213bf892d5","name":"Kathy","url":"https:\/\/www.cuballama.com\/noticias\/author\/kathy\/"}]}},"_links":{"self":[{"href":"https:\/\/www.cuballama.com\/noticias\/wp-json\/wp\/v2\/posts\/237731","targetHints":{"allow":["GET"]}}],"collection":[{"href":"https:\/\/www.cuballama.com\/noticias\/wp-json\/wp\/v2\/posts"}],"about":[{"href":"https:\/\/www.cuballama.com\/noticias\/wp-json\/wp\/v2\/types\/post"}],"author":[{"embeddable":true,"href":"https:\/\/www.cuballama.com\/noticias\/wp-json\/wp\/v2\/users\/30"}],"replies":[{"embeddable":true,"href":"https:\/\/www.cuballama.com\/noticias\/wp-json\/wp\/v2\/comments?post=237731"}],"version-history":[{"count":8,"href":"https:\/\/www.cuballama.com\/noticias\/wp-json\/wp\/v2\/posts\/237731\/revisions"}],"predecessor-version":[{"id":237949,"href":"https:\/\/www.cuballama.com\/noticias\/wp-json\/wp\/v2\/posts\/237731\/revisions\/237949"}],"wp:featuredmedia":[{"embeddable":true,"href":"https:\/\/www.cuballama.com\/noticias\/wp-json\/wp\/v2\/media\/237744"}],"wp:attachment":[{"href":"https:\/\/www.cuballama.com\/noticias\/wp-json\/wp\/v2\/media?parent=237731"}],"wp:term":[{"taxonomy":"category","embeddable":true,"href":"https:\/\/www.cuballama.com\/noticias\/wp-json\/wp\/v2\/categories?post=237731"},{"taxonomy":"post_tag","embeddable":true,"href":"https:\/\/www.cuballama.com\/noticias\/wp-json\/wp\/v2\/tags?post=237731"}],"curies":[{"name":"wp","href":"https:\/\/api.w.org\/{rel}","templated":true}]}}