{"id":237724,"date":"2026-03-10T11:41:17","date_gmt":"2026-03-10T15:41:17","guid":{"rendered":"https:\/\/www.cuballama.com\/noticias\/?p=237724"},"modified":"2026-03-10T11:41:19","modified_gmt":"2026-03-10T15:41:19","slug":"regresa-punto-y-coma-jardiel-se-reencuentra-con-berridy-y-jose-coll-en-miami","status":"publish","type":"post","link":"https:\/\/www.cuballama.com\/noticias\/regresa-punto-y-coma-jardiel-se-reencuentra-con-berridy-y-jose-coll-en-miami\/","title":{"rendered":"\u00a1Regresa Punto y Coma! Jardiel se reencuentra con Berridy y Jos\u00e9 Coll en Miami"},"content":{"rendered":"\n<p>El humor cubano ha vivido un momento cargado de nostalgia en Miami. Los querid\u00edsimos comediantes Javier Berridy, Jos\u00e9 Coll y Jardiel Gonz\u00e1lez coincidieron nuevamente en un encuentro que se trasladar\u00e1 muy pronto a los escenarios y que, desde ya, ha generado entusiasmo entre seguidores del humor esc\u00e9nico cubano, tanto en la isla como en la di\u00e1spora.<\/p>\n\n\n\n<p>Durante a\u00f1os, los tres artistas formaron parte del grupo humor\u00edstico Punto y Coma, una de las agrupaciones m\u00e1s recordadas de la comedia teatral cubana contempor\u00e1nea. Sus presentaciones, caracterizadas por sketches \u00e1giles, juegos de palabras y una mirada sat\u00edrica sobre la vida cotidiana en Cuba, lograron atraer a p\u00fablicos de distintas generaciones.<\/p>\n\n\n\n<h3 class=\"wp-block-heading\">Un reencuentro que despierta nostalgia<\/h3>\n\n\n\n<p>El reciente espect\u00e1culo en Miami reuni\u00f3 nuevamente a los humoristas tras varios a\u00f1os de trayectorias separadas. Berridy y Coll hab\u00edan continuado desarrollando proyectos humor\u00edsticos en el sur de Florida, un destino que en las \u00faltimas d\u00e9cadas se ha convertido en uno de los principales centros culturales de la comunidad cubana en el exilio.<\/p>\n\n\n\n<p>La llegada a Miami de Jardiel Gonz\u00e1lez, fundador de Punto y Coma en 1994, abri\u00f3 la oportunidad de organizar este reencuentro art\u00edstico, que tendr\u00e1 lugar el pr\u00f3ximo viernes 13 de marzo en el restaurante Super Machi.<\/p>\n\n\n\n<p>Para muchos espectadores, el momento ser\u00e1 mucho m\u00e1s que un simple espect\u00e1culo. Se trata de un regreso simb\u00f3lico a una etapa importante del humor cubano reciente, cuando Punto y Coma llenaba teatros y aparec\u00eda con frecuencia en espacios televisivos de gran audiencia.<\/p>\n\n\n\n<h3 class=\"wp-block-heading\">El legado de Punto y Coma<\/h3>\n\n\n\n<p>Durante su etapa activa en Cuba, Punto y Coma se consolid\u00f3 como una referencia dentro del humor esc\u00e9nico del pa\u00eds. El grupo desarroll\u00f3 un estilo basado en la observaci\u00f3n de situaciones cotidianas y en una cr\u00edtica social presentada desde la iron\u00eda y el ingenio verbal.<\/p>\n\n\n\n<p>El humor cubano tiene una larga tradici\u00f3n en el teatro y la televisi\u00f3n. Desde los a\u00f1os noventa, colectivos humor\u00edsticos como Punto y Coma contribuyeron a renovar el g\u00e9nero mediante espect\u00e1culos teatrales y presentaciones en programas televisivos que alcanzaron gran popularidad.<\/p>\n\n\n\n<iframe loading=\"lazy\" src=\"https:\/\/www.facebook.com\/plugins\/video.php?height=476&#038;href=https%3A%2F%2Fwww.facebook.com%2Freel%2F950975151222685%2F&#038;show_text=false&#038;width=267&#038;t=0\" width=\"267\" height=\"476\" style=\"border:none;overflow:hidden\" scrolling=\"no\" frameborder=\"0\" allowfullscreen=\"true\" allow=\"autoplay; clipboard-write; encrypted-media; picture-in-picture; web-share\" allowFullScreen=\"true\"><\/iframe>\n\n\n\n<p>Los integrantes del grupo se caracterizaron por crear personajes memorables y sketches que reflejaban con humor los dilemas de la vida diaria en la isla, un recurso que facilit\u00f3 la conexi\u00f3n con el p\u00fablico. Incursionaron en la m\u00fasica, tanto con parodias como con canciones originales, y a menudo la cr\u00edtica los presentaba como portadores de un humor cr\u00edtico e inteligente.<\/p>\n\n\n\n<h3 class=\"wp-block-heading\">El humor cubano en la di\u00e1spora<\/h3>\n\n\n\n<p>El reencuentro en Miami tambi\u00e9n refleja un fen\u00f3meno cada vez m\u00e1s visible: el traslado de buena parte del talento humor\u00edstico cubano hacia escenarios internacionales, especialmente en ciudades con fuerte presencia de emigrantes de la isla.<\/p>\n\n\n\n<p>En los \u00faltimos a\u00f1os, teatros del sur de Florida se han convertido en un punto de encuentro para artistas y p\u00fablico cubano, manteniendo viva una tradici\u00f3n humor\u00edstica que sigue evolucionando fuera de su contexto original.<\/p>\n\n\n\n<iframe loading=\"lazy\" src=\"https:\/\/www.facebook.com\/plugins\/post.php?href=https%3A%2F%2Fwww.facebook.com%2Fjavierhumor%2Fposts%2Fpfbid0ffABi4p2aGsmJ4b5LU8u8ZtwT4Lk452hgb6Wuw7xPyaqQAtMMdztfBsTSLtqfLkhl&#038;show_text=true&#038;width=500\" width=\"500\" height=\"665\" style=\"border:none;overflow:hidden\" scrolling=\"no\" frameborder=\"0\" allowfullscreen=\"true\" allow=\"autoplay; clipboard-write; encrypted-media; picture-in-picture; web-share\"><\/iframe>\n\n\n\n<p>Las im\u00e1genes del reencuentro comenzaron a circular r\u00e1pidamente en redes sociales, donde numerosos usuarios celebraron la reuni\u00f3n de los comediantes. Comentarios cargados de recuerdos y agradecimiento muestran el impacto que el grupo tuvo en quienes crecieron viendo sus espect\u00e1culos.<\/p>\n\n\n\n<p>Aunque el tiempo y las circunstancias han llevado a cada uno de sus integrantes por caminos distintos, la reuni\u00f3n demostr\u00f3 que el esp\u00edritu de Punto y Coma contin\u00faa generando complicidad con el p\u00fablico. Para muchos seguidores, volver a ver juntos a estos humoristas fue un recordatorio de c\u00f3mo el humor puede trascender fronteras y mantenerse vivo incluso lejos del lugar donde naci\u00f3.<\/p>\n","protected":false},"excerpt":{"rendered":"<p>Durante su etapa activa en Cuba, Punto y Coma se consolid\u00f3 como una referencia dentro del humor esc\u00e9nico del pa\u00eds<\/p>\n","protected":false},"author":27,"featured_media":237725,"comment_status":"open","ping_status":"closed","sticky":false,"template":"","format":"standard","meta":{"_acf_changed":false,"footnotes":""},"categories":[443],"tags":[11050,18031,23364,25410],"class_list":{"0":"post-237724","1":"post","2":"type-post","3":"status-publish","4":"format-standard","5":"has-post-thumbnail","7":"category-farandula","8":"tag-cubanos-en-miami","9":"tag-humorista-cubano","10":"tag-jardiel-gonzalez-2","11":"tag-javier-berridy"},"acf":[],"yoast_head":"<!-- This site is optimized with the Yoast SEO plugin v27.4 - https:\/\/yoast.com\/product\/yoast-seo-wordpress\/ -->\n<title>\u00a1Regresa Punto y Coma! Jardiel se reencuentra con Berridy y Jos\u00e9 Coll en Miami - Cuballama Noticias<\/title>\n<meta name=\"description\" content=\"Durante su etapa activa en Cuba, Punto y Coma se consolid\u00f3 como una referencia dentro del humor esc\u00e9nico del pa\u00eds\" \/>\n<meta name=\"robots\" content=\"index, follow, max-snippet:-1, max-image-preview:large, max-video-preview:-1\" \/>\n<link rel=\"canonical\" href=\"https:\/\/www.cuballama.com\/noticias\/regresa-punto-y-coma-jardiel-se-reencuentra-con-berridy-y-jose-coll-en-miami\/\" \/>\n<meta property=\"og:locale\" content=\"es_ES\" \/>\n<meta property=\"og:type\" content=\"article\" \/>\n<meta property=\"og:title\" content=\"\u00a1Regresa Punto y Coma! Jardiel se reencuentra con Berridy y Jos\u00e9 Coll en Miami - Cuballama Noticias\" \/>\n<meta property=\"og:description\" content=\"Durante su etapa activa en Cuba, Punto y Coma se consolid\u00f3 como una referencia dentro del humor esc\u00e9nico del pa\u00eds\" \/>\n<meta property=\"og:url\" content=\"https:\/\/www.cuballama.com\/noticias\/regresa-punto-y-coma-jardiel-se-reencuentra-con-berridy-y-jose-coll-en-miami\/\" \/>\n<meta property=\"og:site_name\" content=\"Cuballama Noticias\" \/>\n<meta property=\"article:publisher\" content=\"https:\/\/www.facebook.com\/CubaLlama\" \/>\n<meta property=\"article:published_time\" content=\"2026-03-10T15:41:17+00:00\" \/>\n<meta property=\"article:modified_time\" content=\"2026-03-10T15:41:19+00:00\" \/>\n<meta property=\"og:image\" content=\"https:\/\/cdn1.mediawpaccore.net\/wp-content\/uploads\/2026\/03\/10113826\/Captura-de-pantalla-2026-03-10-a-las-16.38.04.png\" \/>\n\t<meta property=\"og:image:width\" content=\"1160\" \/>\n\t<meta property=\"og:image:height\" content=\"748\" \/>\n\t<meta property=\"og:image:type\" content=\"image\/png\" \/>\n<meta name=\"author\" content=\"Rafa\" \/>\n<meta name=\"twitter:card\" content=\"summary_large_image\" \/>\n<meta name=\"twitter:creator\" content=\"@cuballama\" \/>\n<meta name=\"twitter:site\" content=\"@cuballama\" \/>\n<meta name=\"twitter:label1\" content=\"Escrito por\" \/>\n\t<meta name=\"twitter:data1\" content=\"Rafa\" \/>\n\t<meta name=\"twitter:label2\" content=\"Tiempo de lectura\" \/>\n\t<meta name=\"twitter:data2\" content=\"3 minutos\" \/>\n<script type=\"application\/ld+json\" class=\"yoast-schema-graph\">{\"@context\":\"https:\\\/\\\/schema.org\",\"@graph\":[{\"@type\":\"Article\",\"@id\":\"https:\\\/\\\/www.cuballama.com\\\/noticias\\\/regresa-punto-y-coma-jardiel-se-reencuentra-con-berridy-y-jose-coll-en-miami\\\/#article\",\"isPartOf\":{\"@id\":\"https:\\\/\\\/www.cuballama.com\\\/noticias\\\/regresa-punto-y-coma-jardiel-se-reencuentra-con-berridy-y-jose-coll-en-miami\\\/\"},\"author\":{\"name\":\"Rafa\",\"@id\":\"https:\\\/\\\/www.cuballama.com\\\/noticias\\\/#\\\/schema\\\/person\\\/0f97914526a658755f00e59ec2a832f2\"},\"headline\":\"\u00a1Regresa Punto y Coma! Jardiel se reencuentra con Berridy y Jos\u00e9 Coll en Miami\",\"datePublished\":\"2026-03-10T15:41:17+00:00\",\"dateModified\":\"2026-03-10T15:41:19+00:00\",\"mainEntityOfPage\":{\"@id\":\"https:\\\/\\\/www.cuballama.com\\\/noticias\\\/regresa-punto-y-coma-jardiel-se-reencuentra-con-berridy-y-jose-coll-en-miami\\\/\"},\"wordCount\":639,\"commentCount\":0,\"publisher\":{\"@id\":\"https:\\\/\\\/www.cuballama.com\\\/noticias\\\/#organization\"},\"image\":{\"@id\":\"https:\\\/\\\/www.cuballama.com\\\/noticias\\\/regresa-punto-y-coma-jardiel-se-reencuentra-con-berridy-y-jose-coll-en-miami\\\/#primaryimage\"},\"thumbnailUrl\":\"https:\\\/\\\/cdn1.mediawpaccore.net\\\/wp-content\\\/uploads\\\/2026\\\/03\\\/10113826\\\/Captura-de-pantalla-2026-03-10-a-las-16.38.04.png\",\"keywords\":[\"cubanos en Miami\",\"humorista cubano\",\"Jardiel Gonz\u00e1lez\",\"Javier Berridy\"],\"articleSection\":[\"Far\u00e1ndula\"],\"inLanguage\":\"es\",\"potentialAction\":[{\"@type\":\"CommentAction\",\"name\":\"Comment\",\"target\":[\"https:\\\/\\\/www.cuballama.com\\\/noticias\\\/regresa-punto-y-coma-jardiel-se-reencuentra-con-berridy-y-jose-coll-en-miami\\\/#respond\"]}]},{\"@type\":\"WebPage\",\"@id\":\"https:\\\/\\\/www.cuballama.com\\\/noticias\\\/regresa-punto-y-coma-jardiel-se-reencuentra-con-berridy-y-jose-coll-en-miami\\\/\",\"url\":\"https:\\\/\\\/www.cuballama.com\\\/noticias\\\/regresa-punto-y-coma-jardiel-se-reencuentra-con-berridy-y-jose-coll-en-miami\\\/\",\"name\":\"\u00a1Regresa Punto y Coma! Jardiel se reencuentra con Berridy y Jos\u00e9 Coll en Miami - Cuballama Noticias\",\"isPartOf\":{\"@id\":\"https:\\\/\\\/www.cuballama.com\\\/noticias\\\/#website\"},\"primaryImageOfPage\":{\"@id\":\"https:\\\/\\\/www.cuballama.com\\\/noticias\\\/regresa-punto-y-coma-jardiel-se-reencuentra-con-berridy-y-jose-coll-en-miami\\\/#primaryimage\"},\"image\":{\"@id\":\"https:\\\/\\\/www.cuballama.com\\\/noticias\\\/regresa-punto-y-coma-jardiel-se-reencuentra-con-berridy-y-jose-coll-en-miami\\\/#primaryimage\"},\"thumbnailUrl\":\"https:\\\/\\\/cdn1.mediawpaccore.net\\\/wp-content\\\/uploads\\\/2026\\\/03\\\/10113826\\\/Captura-de-pantalla-2026-03-10-a-las-16.38.04.png\",\"datePublished\":\"2026-03-10T15:41:17+00:00\",\"dateModified\":\"2026-03-10T15:41:19+00:00\",\"description\":\"Durante su etapa activa en Cuba, Punto y Coma se consolid\u00f3 como una referencia dentro del humor esc\u00e9nico del pa\u00eds\",\"breadcrumb\":{\"@id\":\"https:\\\/\\\/www.cuballama.com\\\/noticias\\\/regresa-punto-y-coma-jardiel-se-reencuentra-con-berridy-y-jose-coll-en-miami\\\/#breadcrumb\"},\"inLanguage\":\"es\",\"potentialAction\":[{\"@type\":\"ReadAction\",\"target\":[\"https:\\\/\\\/www.cuballama.com\\\/noticias\\\/regresa-punto-y-coma-jardiel-se-reencuentra-con-berridy-y-jose-coll-en-miami\\\/\"]}]},{\"@type\":\"ImageObject\",\"inLanguage\":\"es\",\"@id\":\"https:\\\/\\\/www.cuballama.com\\\/noticias\\\/regresa-punto-y-coma-jardiel-se-reencuentra-con-berridy-y-jose-coll-en-miami\\\/#primaryimage\",\"url\":\"https:\\\/\\\/cdn1.mediawpaccore.net\\\/wp-content\\\/uploads\\\/2026\\\/03\\\/10113826\\\/Captura-de-pantalla-2026-03-10-a-las-16.38.04.png\",\"contentUrl\":\"https:\\\/\\\/cdn1.mediawpaccore.net\\\/wp-content\\\/uploads\\\/2026\\\/03\\\/10113826\\\/Captura-de-pantalla-2026-03-10-a-las-16.38.04.png\",\"width\":1160,\"height\":748,\"caption\":\"Foto: Javier Berridy\\\/Facebook\"},{\"@type\":\"BreadcrumbList\",\"@id\":\"https:\\\/\\\/www.cuballama.com\\\/noticias\\\/regresa-punto-y-coma-jardiel-se-reencuentra-con-berridy-y-jose-coll-en-miami\\\/#breadcrumb\",\"itemListElement\":[{\"@type\":\"ListItem\",\"position\":1,\"name\":\"Home\",\"item\":\"https:\\\/\\\/www.cuballama.com\\\/noticias\\\/\"},{\"@type\":\"ListItem\",\"position\":2,\"name\":\"\u00a1Regresa Punto y Coma! Jardiel se reencuentra con Berridy y Jos\u00e9 Coll en Miami\"}]},{\"@type\":\"WebSite\",\"@id\":\"https:\\\/\\\/www.cuballama.com\\\/noticias\\\/#website\",\"url\":\"https:\\\/\\\/www.cuballama.com\\\/noticias\\\/\",\"name\":\"Cuballama Noticias\",\"description\":\"Medio digital sobre Cuba y el mundo\",\"publisher\":{\"@id\":\"https:\\\/\\\/www.cuballama.com\\\/noticias\\\/#organization\"},\"potentialAction\":[{\"@type\":\"SearchAction\",\"target\":{\"@type\":\"EntryPoint\",\"urlTemplate\":\"https:\\\/\\\/www.cuballama.com\\\/noticias\\\/?s={search_term_string}\"},\"query-input\":{\"@type\":\"PropertyValueSpecification\",\"valueRequired\":true,\"valueName\":\"search_term_string\"}}],\"inLanguage\":\"es\"},{\"@type\":\"Organization\",\"@id\":\"https:\\\/\\\/www.cuballama.com\\\/noticias\\\/#organization\",\"name\":\"Cuballama\",\"url\":\"https:\\\/\\\/www.cuballama.com\\\/noticias\\\/\",\"logo\":{\"@type\":\"ImageObject\",\"inLanguage\":\"es\",\"@id\":\"https:\\\/\\\/www.cuballama.com\\\/noticias\\\/#\\\/schema\\\/logo\\\/image\\\/\",\"url\":\"https:\\\/\\\/cdn1.mediawpaccore.net\\\/wp-content\\\/uploads\\\/2021\\\/12\\\/28171206\\\/cbll-logo-color-sm.png\",\"contentUrl\":\"https:\\\/\\\/cdn1.mediawpaccore.net\\\/wp-content\\\/uploads\\\/2021\\\/12\\\/28171206\\\/cbll-logo-color-sm.png\",\"width\":600,\"height\":133,\"caption\":\"Cuballama\"},\"image\":{\"@id\":\"https:\\\/\\\/www.cuballama.com\\\/noticias\\\/#\\\/schema\\\/logo\\\/image\\\/\"},\"sameAs\":[\"https:\\\/\\\/www.facebook.com\\\/CubaLlama\",\"https:\\\/\\\/x.com\\\/cuballama\",\"https:\\\/\\\/www.instagram.com\\\/stories\\\/cuballama_oficial\\\/\",\"https:\\\/\\\/www.youtube.com\\\/channel\\\/UCKkFE-d_axENGZcrc4as0IA\"]},{\"@type\":\"Person\",\"@id\":\"https:\\\/\\\/www.cuballama.com\\\/noticias\\\/#\\\/schema\\\/person\\\/0f97914526a658755f00e59ec2a832f2\",\"name\":\"Rafa\",\"url\":\"https:\\\/\\\/www.cuballama.com\\\/noticias\\\/author\\\/rafa\\\/\"}]}<\/script>\n<!-- \/ Yoast SEO plugin. -->","yoast_head_json":{"title":"\u00a1Regresa Punto y Coma! Jardiel se reencuentra con Berridy y Jos\u00e9 Coll en Miami - Cuballama Noticias","description":"Durante su etapa activa en Cuba, Punto y Coma se consolid\u00f3 como una referencia dentro del humor esc\u00e9nico del pa\u00eds","robots":{"index":"index","follow":"follow","max-snippet":"max-snippet:-1","max-image-preview":"max-image-preview:large","max-video-preview":"max-video-preview:-1"},"canonical":"https:\/\/www.cuballama.com\/noticias\/regresa-punto-y-coma-jardiel-se-reencuentra-con-berridy-y-jose-coll-en-miami\/","og_locale":"es_ES","og_type":"article","og_title":"\u00a1Regresa Punto y Coma! Jardiel se reencuentra con Berridy y Jos\u00e9 Coll en Miami - Cuballama Noticias","og_description":"Durante su etapa activa en Cuba, Punto y Coma se consolid\u00f3 como una referencia dentro del humor esc\u00e9nico del pa\u00eds","og_url":"https:\/\/www.cuballama.com\/noticias\/regresa-punto-y-coma-jardiel-se-reencuentra-con-berridy-y-jose-coll-en-miami\/","og_site_name":"Cuballama Noticias","article_publisher":"https:\/\/www.facebook.com\/CubaLlama","article_published_time":"2026-03-10T15:41:17+00:00","article_modified_time":"2026-03-10T15:41:19+00:00","og_image":[{"width":1160,"height":748,"url":"https:\/\/cdn1.mediawpaccore.net\/wp-content\/uploads\/2026\/03\/10113826\/Captura-de-pantalla-2026-03-10-a-las-16.38.04.png","type":"image\/png"}],"author":"Rafa","twitter_card":"summary_large_image","twitter_creator":"@cuballama","twitter_site":"@cuballama","twitter_misc":{"Escrito por":"Rafa","Tiempo de lectura":"3 minutos"},"schema":{"@context":"https:\/\/schema.org","@graph":[{"@type":"Article","@id":"https:\/\/www.cuballama.com\/noticias\/regresa-punto-y-coma-jardiel-se-reencuentra-con-berridy-y-jose-coll-en-miami\/#article","isPartOf":{"@id":"https:\/\/www.cuballama.com\/noticias\/regresa-punto-y-coma-jardiel-se-reencuentra-con-berridy-y-jose-coll-en-miami\/"},"author":{"name":"Rafa","@id":"https:\/\/www.cuballama.com\/noticias\/#\/schema\/person\/0f97914526a658755f00e59ec2a832f2"},"headline":"\u00a1Regresa Punto y Coma! Jardiel se reencuentra con Berridy y Jos\u00e9 Coll en Miami","datePublished":"2026-03-10T15:41:17+00:00","dateModified":"2026-03-10T15:41:19+00:00","mainEntityOfPage":{"@id":"https:\/\/www.cuballama.com\/noticias\/regresa-punto-y-coma-jardiel-se-reencuentra-con-berridy-y-jose-coll-en-miami\/"},"wordCount":639,"commentCount":0,"publisher":{"@id":"https:\/\/www.cuballama.com\/noticias\/#organization"},"image":{"@id":"https:\/\/www.cuballama.com\/noticias\/regresa-punto-y-coma-jardiel-se-reencuentra-con-berridy-y-jose-coll-en-miami\/#primaryimage"},"thumbnailUrl":"https:\/\/cdn1.mediawpaccore.net\/wp-content\/uploads\/2026\/03\/10113826\/Captura-de-pantalla-2026-03-10-a-las-16.38.04.png","keywords":["cubanos en Miami","humorista cubano","Jardiel Gonz\u00e1lez","Javier Berridy"],"articleSection":["Far\u00e1ndula"],"inLanguage":"es","potentialAction":[{"@type":"CommentAction","name":"Comment","target":["https:\/\/www.cuballama.com\/noticias\/regresa-punto-y-coma-jardiel-se-reencuentra-con-berridy-y-jose-coll-en-miami\/#respond"]}]},{"@type":"WebPage","@id":"https:\/\/www.cuballama.com\/noticias\/regresa-punto-y-coma-jardiel-se-reencuentra-con-berridy-y-jose-coll-en-miami\/","url":"https:\/\/www.cuballama.com\/noticias\/regresa-punto-y-coma-jardiel-se-reencuentra-con-berridy-y-jose-coll-en-miami\/","name":"\u00a1Regresa Punto y Coma! Jardiel se reencuentra con Berridy y Jos\u00e9 Coll en Miami - Cuballama Noticias","isPartOf":{"@id":"https:\/\/www.cuballama.com\/noticias\/#website"},"primaryImageOfPage":{"@id":"https:\/\/www.cuballama.com\/noticias\/regresa-punto-y-coma-jardiel-se-reencuentra-con-berridy-y-jose-coll-en-miami\/#primaryimage"},"image":{"@id":"https:\/\/www.cuballama.com\/noticias\/regresa-punto-y-coma-jardiel-se-reencuentra-con-berridy-y-jose-coll-en-miami\/#primaryimage"},"thumbnailUrl":"https:\/\/cdn1.mediawpaccore.net\/wp-content\/uploads\/2026\/03\/10113826\/Captura-de-pantalla-2026-03-10-a-las-16.38.04.png","datePublished":"2026-03-10T15:41:17+00:00","dateModified":"2026-03-10T15:41:19+00:00","description":"Durante su etapa activa en Cuba, Punto y Coma se consolid\u00f3 como una referencia dentro del humor esc\u00e9nico del pa\u00eds","breadcrumb":{"@id":"https:\/\/www.cuballama.com\/noticias\/regresa-punto-y-coma-jardiel-se-reencuentra-con-berridy-y-jose-coll-en-miami\/#breadcrumb"},"inLanguage":"es","potentialAction":[{"@type":"ReadAction","target":["https:\/\/www.cuballama.com\/noticias\/regresa-punto-y-coma-jardiel-se-reencuentra-con-berridy-y-jose-coll-en-miami\/"]}]},{"@type":"ImageObject","inLanguage":"es","@id":"https:\/\/www.cuballama.com\/noticias\/regresa-punto-y-coma-jardiel-se-reencuentra-con-berridy-y-jose-coll-en-miami\/#primaryimage","url":"https:\/\/cdn1.mediawpaccore.net\/wp-content\/uploads\/2026\/03\/10113826\/Captura-de-pantalla-2026-03-10-a-las-16.38.04.png","contentUrl":"https:\/\/cdn1.mediawpaccore.net\/wp-content\/uploads\/2026\/03\/10113826\/Captura-de-pantalla-2026-03-10-a-las-16.38.04.png","width":1160,"height":748,"caption":"Foto: Javier Berridy\/Facebook"},{"@type":"BreadcrumbList","@id":"https:\/\/www.cuballama.com\/noticias\/regresa-punto-y-coma-jardiel-se-reencuentra-con-berridy-y-jose-coll-en-miami\/#breadcrumb","itemListElement":[{"@type":"ListItem","position":1,"name":"Home","item":"https:\/\/www.cuballama.com\/noticias\/"},{"@type":"ListItem","position":2,"name":"\u00a1Regresa Punto y Coma! Jardiel se reencuentra con Berridy y Jos\u00e9 Coll en Miami"}]},{"@type":"WebSite","@id":"https:\/\/www.cuballama.com\/noticias\/#website","url":"https:\/\/www.cuballama.com\/noticias\/","name":"Cuballama Noticias","description":"Medio digital sobre Cuba y el mundo","publisher":{"@id":"https:\/\/www.cuballama.com\/noticias\/#organization"},"potentialAction":[{"@type":"SearchAction","target":{"@type":"EntryPoint","urlTemplate":"https:\/\/www.cuballama.com\/noticias\/?s={search_term_string}"},"query-input":{"@type":"PropertyValueSpecification","valueRequired":true,"valueName":"search_term_string"}}],"inLanguage":"es"},{"@type":"Organization","@id":"https:\/\/www.cuballama.com\/noticias\/#organization","name":"Cuballama","url":"https:\/\/www.cuballama.com\/noticias\/","logo":{"@type":"ImageObject","inLanguage":"es","@id":"https:\/\/www.cuballama.com\/noticias\/#\/schema\/logo\/image\/","url":"https:\/\/cdn1.mediawpaccore.net\/wp-content\/uploads\/2021\/12\/28171206\/cbll-logo-color-sm.png","contentUrl":"https:\/\/cdn1.mediawpaccore.net\/wp-content\/uploads\/2021\/12\/28171206\/cbll-logo-color-sm.png","width":600,"height":133,"caption":"Cuballama"},"image":{"@id":"https:\/\/www.cuballama.com\/noticias\/#\/schema\/logo\/image\/"},"sameAs":["https:\/\/www.facebook.com\/CubaLlama","https:\/\/x.com\/cuballama","https:\/\/www.instagram.com\/stories\/cuballama_oficial\/","https:\/\/www.youtube.com\/channel\/UCKkFE-d_axENGZcrc4as0IA"]},{"@type":"Person","@id":"https:\/\/www.cuballama.com\/noticias\/#\/schema\/person\/0f97914526a658755f00e59ec2a832f2","name":"Rafa","url":"https:\/\/www.cuballama.com\/noticias\/author\/rafa\/"}]}},"_links":{"self":[{"href":"https:\/\/www.cuballama.com\/noticias\/wp-json\/wp\/v2\/posts\/237724","targetHints":{"allow":["GET"]}}],"collection":[{"href":"https:\/\/www.cuballama.com\/noticias\/wp-json\/wp\/v2\/posts"}],"about":[{"href":"https:\/\/www.cuballama.com\/noticias\/wp-json\/wp\/v2\/types\/post"}],"author":[{"embeddable":true,"href":"https:\/\/www.cuballama.com\/noticias\/wp-json\/wp\/v2\/users\/27"}],"replies":[{"embeddable":true,"href":"https:\/\/www.cuballama.com\/noticias\/wp-json\/wp\/v2\/comments?post=237724"}],"version-history":[{"count":1,"href":"https:\/\/www.cuballama.com\/noticias\/wp-json\/wp\/v2\/posts\/237724\/revisions"}],"predecessor-version":[{"id":237726,"href":"https:\/\/www.cuballama.com\/noticias\/wp-json\/wp\/v2\/posts\/237724\/revisions\/237726"}],"wp:featuredmedia":[{"embeddable":true,"href":"https:\/\/www.cuballama.com\/noticias\/wp-json\/wp\/v2\/media\/237725"}],"wp:attachment":[{"href":"https:\/\/www.cuballama.com\/noticias\/wp-json\/wp\/v2\/media?parent=237724"}],"wp:term":[{"taxonomy":"category","embeddable":true,"href":"https:\/\/www.cuballama.com\/noticias\/wp-json\/wp\/v2\/categories?post=237724"},{"taxonomy":"post_tag","embeddable":true,"href":"https:\/\/www.cuballama.com\/noticias\/wp-json\/wp\/v2\/tags?post=237724"}],"curies":[{"name":"wp","href":"https:\/\/api.w.org\/{rel}","templated":true}]}}