{"id":237723,"date":"2026-03-10T14:23:29","date_gmt":"2026-03-10T18:23:29","guid":{"rendered":"https:\/\/www.cuballama.com\/noticias\/?p=237723"},"modified":"2026-03-10T14:25:37","modified_gmt":"2026-03-10T18:25:37","slug":"que-paso-con-los-estudiantes-en-las-protestas-de-la-universidad-de-la-habana","status":"publish","type":"post","link":"https:\/\/www.cuballama.com\/noticias\/que-paso-con-los-estudiantes-en-las-protestas-de-la-universidad-de-la-habana\/","title":{"rendered":"\u00bfQu\u00e9 pas\u00f3 con los estudiantes en las protestas de la Universidad de La Habana?"},"content":{"rendered":"\n<p>Un grupo de estudiantes de la Universidad de La Habana&nbsp;(UH) realiz\u00f3 este lunes una sentada pac\u00edfica en la escalinata de la Universidad de La Habana. De acuerdo a informaciones fueron unos 20 alumnos que se reunieron para expresar su descontento por los apagones, por las condiciones acad\u00e9micas y la modalidad semipresencial que varias universidades del pa\u00eds mantienen.<\/p>\n\n\n\n<p>En las im\u00e1genes compartidas por el corresponsal de CNN Patrick Oppman se ve a varios estudiantes sentados en la hist\u00f3rica plaza a modo de protesta, una situaci\u00f3n marcada&nbsp;por los apagones, la falta de transporte y el aumento en el precio del acceso a internet, lo que ha llevado a los estudiantes a esta crisis en la preparaci\u00f3n universitaria.&nbsp;<\/p>\n\n\n\n<p>Los reportes indican que se reunieron unos 20 alumnos y que la la seguridad del Estado impidi\u00f3 al acceso al lugar de un mayor n\u00famero de estudiantes.<\/p>\n\n\n\n<p>&nbsp;El pasado a\u00f1o hubo otro manifestaci\u00f3n estudiantil cuando el monopolio estatal de telecomunicaciones,&nbsp;Empresa de Telecomunicaciones de Cuba S.A., anunci\u00f3 cambios en las tarifas de internet que encarecieron el acceso a datos m\u00f3viles.<\/p>\n\n\n\n<p>Numerosos&nbsp;&nbsp;universitarios&nbsp;de distintas facultades y centros educativos consideraron que las nuevas tarifas eran \u201cprohibitivas\u201d para muchos estudiantes, que se reunieron para protestar y anunciaron que no astirian a clases hasta que bajaran el precio de las nuevas tarifas de internet.<\/p>\n\n\n\n<p>Etecsa justific\u00f3 la decisi\u00f3n aludiendo a la falta de divisas y a la ca\u00edda de ingresos provenientes de recargas internacionales.<\/p>\n\n\n\n<p><strong>Respuesta de las autoridades<\/strong><\/p>\n\n\n\n<p>Las autoridades de la UH prometieron la creaci\u00f3n de \u201cespacios de intercambio semanales\u201d con los estudiantes para para abordar las preocupaciones surgidas en torno al desarrollo del curso acad\u00e9mico en medio de la crisis que vive Cuba.<\/p>\n\n\n\n<p>La medida, tomada por la presi\u00f3n estudiantil fue confirmado tras una reuni\u00f3n en la que participaron el ministro de Educaci\u00f3n Superior, Walter Baluja, la rectora de la Universidad de La Habana, Miriam Nicado, y otros altos carrgos del sistema universitario. Seg\u00fan inform\u00f3 la propia instituci\u00f3n a trav\u00e9s de sus redes sociales, el encuentro permiti\u00f3 escuchar directamente varias de las inquietudes planteadas por los estudiantes.<\/p>\n\n\n\n<p>Durante el intercambio, los j\u00f3venes manifestaron su descontento relacionadas con la continuidad del proceso docente, particularmente por los problemas de transporte, conectividad a internet y suministro el\u00e9ctrico que afectan al pa\u00eds.\u00a0<\/p>\n\n\n\n<p>De acuerdo con la explicaci\u00f3n ofrecida por las autoridades universitarias, muchas de estas limitaciones estar\u00edan vinculadas al d\u00e9ficit de combustible, situaci\u00f3n que atribuyeron al embargo de Estados Unidos y a las recientes presiones sobre el suministro de petr\u00f3leo a la Isla.<\/p>\n\n\n\n<p><\/p>\n","protected":false},"excerpt":{"rendered":"<p>En las im\u00e1genes compartidas por el corresponsal de CNN Patrick Oppman se ve a varios estudiantes sentados en la hist\u00f3rica plaza a modo de protesta, una situaci\u00f3n marcada\u00a0por los apagones, la falta de transporte y el aumento en el precio del acceso a internet, lo que ha llevado a los estudiantes a esta crisis en la preparaci\u00f3n universitaria.\u00a0<\/p>\n","protected":false},"author":24,"featured_media":237735,"comment_status":"open","ping_status":"closed","sticky":false,"template":"","format":"standard","meta":{"_acf_changed":false,"footnotes":""},"categories":[18,955],"tags":[10867,11,92,941,9986,6737],"class_list":{"0":"post-237723","1":"post","2":"type-post","3":"status-publish","4":"format-standard","5":"has-post-thumbnail","7":"category-noticias","8":"category-noticias-de-cuba","9":"tag-crisis-en-cuba","10":"tag-cuba","11":"tag-cubanos","12":"tag-destacado","13":"tag-protestas-en-cuba","14":"tag-universidad-de-la-habana"},"acf":[],"yoast_head":"<!-- This site is optimized with the Yoast SEO plugin v27.5 - https:\/\/yoast.com\/product\/yoast-seo-wordpress\/ -->\n<title>\u00bfQu\u00e9 pas\u00f3 con los estudiantes en las protestas de la Universidad de La Habana? - Cuballama Noticias<\/title>\n<meta name=\"robots\" content=\"index, follow, max-snippet:-1, max-image-preview:large, max-video-preview:-1\" \/>\n<link rel=\"canonical\" href=\"https:\/\/www.cuballama.com\/noticias\/que-paso-con-los-estudiantes-en-las-protestas-de-la-universidad-de-la-habana\/\" \/>\n<meta property=\"og:locale\" content=\"es_ES\" \/>\n<meta property=\"og:type\" content=\"article\" \/>\n<meta property=\"og:title\" content=\"\u00bfQu\u00e9 pas\u00f3 con los estudiantes en las protestas de la Universidad de La Habana? - Cuballama Noticias\" \/>\n<meta property=\"og:description\" content=\"En las im\u00e1genes compartidas por el corresponsal de CNN Patrick Oppman se ve a varios estudiantes sentados en la hist\u00f3rica plaza a modo de protesta, una situaci\u00f3n marcada\u00a0por los apagones, la falta de transporte y el aumento en el precio del acceso a internet, lo que ha llevado a los estudiantes a esta crisis en la preparaci\u00f3n universitaria.\u00a0\" \/>\n<meta property=\"og:url\" content=\"https:\/\/www.cuballama.com\/noticias\/que-paso-con-los-estudiantes-en-las-protestas-de-la-universidad-de-la-habana\/\" \/>\n<meta property=\"og:site_name\" content=\"Cuballama Noticias\" \/>\n<meta property=\"article:publisher\" content=\"https:\/\/www.facebook.com\/CubaLlama\" \/>\n<meta property=\"article:published_time\" content=\"2026-03-10T18:23:29+00:00\" \/>\n<meta property=\"article:modified_time\" content=\"2026-03-10T18:25:37+00:00\" \/>\n<meta property=\"og:image\" content=\"https:\/\/cdn1.mediawpaccore.net\/wp-content\/uploads\/2026\/03\/10141430\/1773083252-periodista-denuncia-estudiantes-universidad-habana-estan-rodeados-policia-politica.jpg\" \/>\n\t<meta property=\"og:image:width\" content=\"1200\" \/>\n\t<meta property=\"og:image:height\" content=\"630\" \/>\n\t<meta property=\"og:image:type\" content=\"image\/jpeg\" \/>\n<meta name=\"author\" content=\"Manu\" \/>\n<meta name=\"twitter:card\" content=\"summary_large_image\" \/>\n<meta name=\"twitter:creator\" content=\"@cuballama\" \/>\n<meta name=\"twitter:site\" content=\"@cuballama\" \/>\n<meta name=\"twitter:label1\" content=\"Escrito por\" \/>\n\t<meta name=\"twitter:data1\" content=\"Manu\" \/>\n\t<meta name=\"twitter:label2\" content=\"Tiempo de lectura\" \/>\n\t<meta name=\"twitter:data2\" content=\"3 minutos\" \/>\n<script type=\"application\/ld+json\" class=\"yoast-schema-graph\">{\"@context\":\"https:\\\/\\\/schema.org\",\"@graph\":[{\"@type\":\"Article\",\"@id\":\"https:\\\/\\\/www.cuballama.com\\\/noticias\\\/que-paso-con-los-estudiantes-en-las-protestas-de-la-universidad-de-la-habana\\\/#article\",\"isPartOf\":{\"@id\":\"https:\\\/\\\/www.cuballama.com\\\/noticias\\\/que-paso-con-los-estudiantes-en-las-protestas-de-la-universidad-de-la-habana\\\/\"},\"author\":{\"name\":\"Manu\",\"@id\":\"https:\\\/\\\/www.cuballama.com\\\/noticias\\\/#\\\/schema\\\/person\\\/5889f7d070564f8386e7944d14d436cd\"},\"headline\":\"\u00bfQu\u00e9 pas\u00f3 con los estudiantes en las protestas de la Universidad de La Habana?\",\"datePublished\":\"2026-03-10T18:23:29+00:00\",\"dateModified\":\"2026-03-10T18:25:37+00:00\",\"mainEntityOfPage\":{\"@id\":\"https:\\\/\\\/www.cuballama.com\\\/noticias\\\/que-paso-con-los-estudiantes-en-las-protestas-de-la-universidad-de-la-habana\\\/\"},\"wordCount\":465,\"commentCount\":0,\"publisher\":{\"@id\":\"https:\\\/\\\/www.cuballama.com\\\/noticias\\\/#organization\"},\"image\":{\"@id\":\"https:\\\/\\\/www.cuballama.com\\\/noticias\\\/que-paso-con-los-estudiantes-en-las-protestas-de-la-universidad-de-la-habana\\\/#primaryimage\"},\"thumbnailUrl\":\"https:\\\/\\\/cdn1.mediawpaccore.net\\\/wp-content\\\/uploads\\\/2026\\\/03\\\/10141430\\\/1773083252-periodista-denuncia-estudiantes-universidad-habana-estan-rodeados-policia-politica.jpg\",\"keywords\":[\"Crisis en Cuba\",\"Cuba\",\"cubanos\",\"destacado\",\"protestas en Cuba\",\"Universidad de La Habana\"],\"articleSection\":[\"Noticias\",\"Noticias de Cuba\"],\"inLanguage\":\"es\",\"potentialAction\":[{\"@type\":\"CommentAction\",\"name\":\"Comment\",\"target\":[\"https:\\\/\\\/www.cuballama.com\\\/noticias\\\/que-paso-con-los-estudiantes-en-las-protestas-de-la-universidad-de-la-habana\\\/#respond\"]}]},{\"@type\":\"WebPage\",\"@id\":\"https:\\\/\\\/www.cuballama.com\\\/noticias\\\/que-paso-con-los-estudiantes-en-las-protestas-de-la-universidad-de-la-habana\\\/\",\"url\":\"https:\\\/\\\/www.cuballama.com\\\/noticias\\\/que-paso-con-los-estudiantes-en-las-protestas-de-la-universidad-de-la-habana\\\/\",\"name\":\"\u00bfQu\u00e9 pas\u00f3 con los estudiantes en las protestas de la Universidad de La Habana? - Cuballama Noticias\",\"isPartOf\":{\"@id\":\"https:\\\/\\\/www.cuballama.com\\\/noticias\\\/#website\"},\"primaryImageOfPage\":{\"@id\":\"https:\\\/\\\/www.cuballama.com\\\/noticias\\\/que-paso-con-los-estudiantes-en-las-protestas-de-la-universidad-de-la-habana\\\/#primaryimage\"},\"image\":{\"@id\":\"https:\\\/\\\/www.cuballama.com\\\/noticias\\\/que-paso-con-los-estudiantes-en-las-protestas-de-la-universidad-de-la-habana\\\/#primaryimage\"},\"thumbnailUrl\":\"https:\\\/\\\/cdn1.mediawpaccore.net\\\/wp-content\\\/uploads\\\/2026\\\/03\\\/10141430\\\/1773083252-periodista-denuncia-estudiantes-universidad-habana-estan-rodeados-policia-politica.jpg\",\"datePublished\":\"2026-03-10T18:23:29+00:00\",\"dateModified\":\"2026-03-10T18:25:37+00:00\",\"breadcrumb\":{\"@id\":\"https:\\\/\\\/www.cuballama.com\\\/noticias\\\/que-paso-con-los-estudiantes-en-las-protestas-de-la-universidad-de-la-habana\\\/#breadcrumb\"},\"inLanguage\":\"es\",\"potentialAction\":[{\"@type\":\"ReadAction\",\"target\":[\"https:\\\/\\\/www.cuballama.com\\\/noticias\\\/que-paso-con-los-estudiantes-en-las-protestas-de-la-universidad-de-la-habana\\\/\"]}]},{\"@type\":\"ImageObject\",\"inLanguage\":\"es\",\"@id\":\"https:\\\/\\\/www.cuballama.com\\\/noticias\\\/que-paso-con-los-estudiantes-en-las-protestas-de-la-universidad-de-la-habana\\\/#primaryimage\",\"url\":\"https:\\\/\\\/cdn1.mediawpaccore.net\\\/wp-content\\\/uploads\\\/2026\\\/03\\\/10141430\\\/1773083252-periodista-denuncia-estudiantes-universidad-habana-estan-rodeados-policia-politica.jpg\",\"contentUrl\":\"https:\\\/\\\/cdn1.mediawpaccore.net\\\/wp-content\\\/uploads\\\/2026\\\/03\\\/10141430\\\/1773083252-periodista-denuncia-estudiantes-universidad-habana-estan-rodeados-policia-politica.jpg\",\"width\":1200,\"height\":630,\"caption\":\"Foto \u00a9 Facebook \\\/ Armando Labrador Cuba Primero\"},{\"@type\":\"BreadcrumbList\",\"@id\":\"https:\\\/\\\/www.cuballama.com\\\/noticias\\\/que-paso-con-los-estudiantes-en-las-protestas-de-la-universidad-de-la-habana\\\/#breadcrumb\",\"itemListElement\":[{\"@type\":\"ListItem\",\"position\":1,\"name\":\"Home\",\"item\":\"https:\\\/\\\/www.cuballama.com\\\/noticias\\\/\"},{\"@type\":\"ListItem\",\"position\":2,\"name\":\"\u00bfQu\u00e9 pas\u00f3 con los estudiantes en las protestas de la Universidad de La Habana?\"}]},{\"@type\":\"WebSite\",\"@id\":\"https:\\\/\\\/www.cuballama.com\\\/noticias\\\/#website\",\"url\":\"https:\\\/\\\/www.cuballama.com\\\/noticias\\\/\",\"name\":\"Cuballama Noticias\",\"description\":\"Medio digital sobre Cuba y el mundo\",\"publisher\":{\"@id\":\"https:\\\/\\\/www.cuballama.com\\\/noticias\\\/#organization\"},\"potentialAction\":[{\"@type\":\"SearchAction\",\"target\":{\"@type\":\"EntryPoint\",\"urlTemplate\":\"https:\\\/\\\/www.cuballama.com\\\/noticias\\\/?s={search_term_string}\"},\"query-input\":{\"@type\":\"PropertyValueSpecification\",\"valueRequired\":true,\"valueName\":\"search_term_string\"}}],\"inLanguage\":\"es\"},{\"@type\":\"Organization\",\"@id\":\"https:\\\/\\\/www.cuballama.com\\\/noticias\\\/#organization\",\"name\":\"Cuballama\",\"url\":\"https:\\\/\\\/www.cuballama.com\\\/noticias\\\/\",\"logo\":{\"@type\":\"ImageObject\",\"inLanguage\":\"es\",\"@id\":\"https:\\\/\\\/www.cuballama.com\\\/noticias\\\/#\\\/schema\\\/logo\\\/image\\\/\",\"url\":\"https:\\\/\\\/cdn1.mediawpaccore.net\\\/wp-content\\\/uploads\\\/2021\\\/12\\\/28171206\\\/cbll-logo-color-sm.png\",\"contentUrl\":\"https:\\\/\\\/cdn1.mediawpaccore.net\\\/wp-content\\\/uploads\\\/2021\\\/12\\\/28171206\\\/cbll-logo-color-sm.png\",\"width\":600,\"height\":133,\"caption\":\"Cuballama\"},\"image\":{\"@id\":\"https:\\\/\\\/www.cuballama.com\\\/noticias\\\/#\\\/schema\\\/logo\\\/image\\\/\"},\"sameAs\":[\"https:\\\/\\\/www.facebook.com\\\/CubaLlama\",\"https:\\\/\\\/x.com\\\/cuballama\",\"https:\\\/\\\/www.instagram.com\\\/stories\\\/cuballama_oficial\\\/\",\"https:\\\/\\\/www.youtube.com\\\/channel\\\/UCKkFE-d_axENGZcrc4as0IA\"]},{\"@type\":\"Person\",\"@id\":\"https:\\\/\\\/www.cuballama.com\\\/noticias\\\/#\\\/schema\\\/person\\\/5889f7d070564f8386e7944d14d436cd\",\"name\":\"Manu\",\"url\":\"https:\\\/\\\/www.cuballama.com\\\/noticias\\\/author\\\/manu\\\/\"}]}<\/script>\n<!-- \/ Yoast SEO plugin. -->","yoast_head_json":{"title":"\u00bfQu\u00e9 pas\u00f3 con los estudiantes en las protestas de la Universidad de La Habana? - Cuballama Noticias","robots":{"index":"index","follow":"follow","max-snippet":"max-snippet:-1","max-image-preview":"max-image-preview:large","max-video-preview":"max-video-preview:-1"},"canonical":"https:\/\/www.cuballama.com\/noticias\/que-paso-con-los-estudiantes-en-las-protestas-de-la-universidad-de-la-habana\/","og_locale":"es_ES","og_type":"article","og_title":"\u00bfQu\u00e9 pas\u00f3 con los estudiantes en las protestas de la Universidad de La Habana? - Cuballama Noticias","og_description":"En las im\u00e1genes compartidas por el corresponsal de CNN Patrick Oppman se ve a varios estudiantes sentados en la hist\u00f3rica plaza a modo de protesta, una situaci\u00f3n marcada\u00a0por los apagones, la falta de transporte y el aumento en el precio del acceso a internet, lo que ha llevado a los estudiantes a esta crisis en la preparaci\u00f3n universitaria.\u00a0","og_url":"https:\/\/www.cuballama.com\/noticias\/que-paso-con-los-estudiantes-en-las-protestas-de-la-universidad-de-la-habana\/","og_site_name":"Cuballama Noticias","article_publisher":"https:\/\/www.facebook.com\/CubaLlama","article_published_time":"2026-03-10T18:23:29+00:00","article_modified_time":"2026-03-10T18:25:37+00:00","og_image":[{"width":1200,"height":630,"url":"https:\/\/cdn1.mediawpaccore.net\/wp-content\/uploads\/2026\/03\/10141430\/1773083252-periodista-denuncia-estudiantes-universidad-habana-estan-rodeados-policia-politica.jpg","type":"image\/jpeg"}],"author":"Manu","twitter_card":"summary_large_image","twitter_creator":"@cuballama","twitter_site":"@cuballama","twitter_misc":{"Escrito por":"Manu","Tiempo de lectura":"3 minutos"},"schema":{"@context":"https:\/\/schema.org","@graph":[{"@type":"Article","@id":"https:\/\/www.cuballama.com\/noticias\/que-paso-con-los-estudiantes-en-las-protestas-de-la-universidad-de-la-habana\/#article","isPartOf":{"@id":"https:\/\/www.cuballama.com\/noticias\/que-paso-con-los-estudiantes-en-las-protestas-de-la-universidad-de-la-habana\/"},"author":{"name":"Manu","@id":"https:\/\/www.cuballama.com\/noticias\/#\/schema\/person\/5889f7d070564f8386e7944d14d436cd"},"headline":"\u00bfQu\u00e9 pas\u00f3 con los estudiantes en las protestas de la Universidad de La Habana?","datePublished":"2026-03-10T18:23:29+00:00","dateModified":"2026-03-10T18:25:37+00:00","mainEntityOfPage":{"@id":"https:\/\/www.cuballama.com\/noticias\/que-paso-con-los-estudiantes-en-las-protestas-de-la-universidad-de-la-habana\/"},"wordCount":465,"commentCount":0,"publisher":{"@id":"https:\/\/www.cuballama.com\/noticias\/#organization"},"image":{"@id":"https:\/\/www.cuballama.com\/noticias\/que-paso-con-los-estudiantes-en-las-protestas-de-la-universidad-de-la-habana\/#primaryimage"},"thumbnailUrl":"https:\/\/cdn1.mediawpaccore.net\/wp-content\/uploads\/2026\/03\/10141430\/1773083252-periodista-denuncia-estudiantes-universidad-habana-estan-rodeados-policia-politica.jpg","keywords":["Crisis en Cuba","Cuba","cubanos","destacado","protestas en Cuba","Universidad de La Habana"],"articleSection":["Noticias","Noticias de Cuba"],"inLanguage":"es","potentialAction":[{"@type":"CommentAction","name":"Comment","target":["https:\/\/www.cuballama.com\/noticias\/que-paso-con-los-estudiantes-en-las-protestas-de-la-universidad-de-la-habana\/#respond"]}]},{"@type":"WebPage","@id":"https:\/\/www.cuballama.com\/noticias\/que-paso-con-los-estudiantes-en-las-protestas-de-la-universidad-de-la-habana\/","url":"https:\/\/www.cuballama.com\/noticias\/que-paso-con-los-estudiantes-en-las-protestas-de-la-universidad-de-la-habana\/","name":"\u00bfQu\u00e9 pas\u00f3 con los estudiantes en las protestas de la Universidad de La Habana? - Cuballama Noticias","isPartOf":{"@id":"https:\/\/www.cuballama.com\/noticias\/#website"},"primaryImageOfPage":{"@id":"https:\/\/www.cuballama.com\/noticias\/que-paso-con-los-estudiantes-en-las-protestas-de-la-universidad-de-la-habana\/#primaryimage"},"image":{"@id":"https:\/\/www.cuballama.com\/noticias\/que-paso-con-los-estudiantes-en-las-protestas-de-la-universidad-de-la-habana\/#primaryimage"},"thumbnailUrl":"https:\/\/cdn1.mediawpaccore.net\/wp-content\/uploads\/2026\/03\/10141430\/1773083252-periodista-denuncia-estudiantes-universidad-habana-estan-rodeados-policia-politica.jpg","datePublished":"2026-03-10T18:23:29+00:00","dateModified":"2026-03-10T18:25:37+00:00","breadcrumb":{"@id":"https:\/\/www.cuballama.com\/noticias\/que-paso-con-los-estudiantes-en-las-protestas-de-la-universidad-de-la-habana\/#breadcrumb"},"inLanguage":"es","potentialAction":[{"@type":"ReadAction","target":["https:\/\/www.cuballama.com\/noticias\/que-paso-con-los-estudiantes-en-las-protestas-de-la-universidad-de-la-habana\/"]}]},{"@type":"ImageObject","inLanguage":"es","@id":"https:\/\/www.cuballama.com\/noticias\/que-paso-con-los-estudiantes-en-las-protestas-de-la-universidad-de-la-habana\/#primaryimage","url":"https:\/\/cdn1.mediawpaccore.net\/wp-content\/uploads\/2026\/03\/10141430\/1773083252-periodista-denuncia-estudiantes-universidad-habana-estan-rodeados-policia-politica.jpg","contentUrl":"https:\/\/cdn1.mediawpaccore.net\/wp-content\/uploads\/2026\/03\/10141430\/1773083252-periodista-denuncia-estudiantes-universidad-habana-estan-rodeados-policia-politica.jpg","width":1200,"height":630,"caption":"Foto \u00a9 Facebook \/ Armando Labrador Cuba Primero"},{"@type":"BreadcrumbList","@id":"https:\/\/www.cuballama.com\/noticias\/que-paso-con-los-estudiantes-en-las-protestas-de-la-universidad-de-la-habana\/#breadcrumb","itemListElement":[{"@type":"ListItem","position":1,"name":"Home","item":"https:\/\/www.cuballama.com\/noticias\/"},{"@type":"ListItem","position":2,"name":"\u00bfQu\u00e9 pas\u00f3 con los estudiantes en las protestas de la Universidad de La Habana?"}]},{"@type":"WebSite","@id":"https:\/\/www.cuballama.com\/noticias\/#website","url":"https:\/\/www.cuballama.com\/noticias\/","name":"Cuballama Noticias","description":"Medio digital sobre Cuba y el mundo","publisher":{"@id":"https:\/\/www.cuballama.com\/noticias\/#organization"},"potentialAction":[{"@type":"SearchAction","target":{"@type":"EntryPoint","urlTemplate":"https:\/\/www.cuballama.com\/noticias\/?s={search_term_string}"},"query-input":{"@type":"PropertyValueSpecification","valueRequired":true,"valueName":"search_term_string"}}],"inLanguage":"es"},{"@type":"Organization","@id":"https:\/\/www.cuballama.com\/noticias\/#organization","name":"Cuballama","url":"https:\/\/www.cuballama.com\/noticias\/","logo":{"@type":"ImageObject","inLanguage":"es","@id":"https:\/\/www.cuballama.com\/noticias\/#\/schema\/logo\/image\/","url":"https:\/\/cdn1.mediawpaccore.net\/wp-content\/uploads\/2021\/12\/28171206\/cbll-logo-color-sm.png","contentUrl":"https:\/\/cdn1.mediawpaccore.net\/wp-content\/uploads\/2021\/12\/28171206\/cbll-logo-color-sm.png","width":600,"height":133,"caption":"Cuballama"},"image":{"@id":"https:\/\/www.cuballama.com\/noticias\/#\/schema\/logo\/image\/"},"sameAs":["https:\/\/www.facebook.com\/CubaLlama","https:\/\/x.com\/cuballama","https:\/\/www.instagram.com\/stories\/cuballama_oficial\/","https:\/\/www.youtube.com\/channel\/UCKkFE-d_axENGZcrc4as0IA"]},{"@type":"Person","@id":"https:\/\/www.cuballama.com\/noticias\/#\/schema\/person\/5889f7d070564f8386e7944d14d436cd","name":"Manu","url":"https:\/\/www.cuballama.com\/noticias\/author\/manu\/"}]}},"_links":{"self":[{"href":"https:\/\/www.cuballama.com\/noticias\/wp-json\/wp\/v2\/posts\/237723","targetHints":{"allow":["GET"]}}],"collection":[{"href":"https:\/\/www.cuballama.com\/noticias\/wp-json\/wp\/v2\/posts"}],"about":[{"href":"https:\/\/www.cuballama.com\/noticias\/wp-json\/wp\/v2\/types\/post"}],"author":[{"embeddable":true,"href":"https:\/\/www.cuballama.com\/noticias\/wp-json\/wp\/v2\/users\/24"}],"replies":[{"embeddable":true,"href":"https:\/\/www.cuballama.com\/noticias\/wp-json\/wp\/v2\/comments?post=237723"}],"version-history":[{"count":2,"href":"https:\/\/www.cuballama.com\/noticias\/wp-json\/wp\/v2\/posts\/237723\/revisions"}],"predecessor-version":[{"id":237738,"href":"https:\/\/www.cuballama.com\/noticias\/wp-json\/wp\/v2\/posts\/237723\/revisions\/237738"}],"wp:featuredmedia":[{"embeddable":true,"href":"https:\/\/www.cuballama.com\/noticias\/wp-json\/wp\/v2\/media\/237735"}],"wp:attachment":[{"href":"https:\/\/www.cuballama.com\/noticias\/wp-json\/wp\/v2\/media?parent=237723"}],"wp:term":[{"taxonomy":"category","embeddable":true,"href":"https:\/\/www.cuballama.com\/noticias\/wp-json\/wp\/v2\/categories?post=237723"},{"taxonomy":"post_tag","embeddable":true,"href":"https:\/\/www.cuballama.com\/noticias\/wp-json\/wp\/v2\/tags?post=237723"}],"curies":[{"name":"wp","href":"https:\/\/api.w.org\/{rel}","templated":true}]}}