{"id":237700,"date":"2026-03-10T09:58:23","date_gmt":"2026-03-10T13:58:23","guid":{"rendered":"https:\/\/www.cuballama.com\/noticias\/?p=237700"},"modified":"2026-03-10T09:58:29","modified_gmt":"2026-03-10T13:58:29","slug":"el-bloqueo-es-el-responsable-de-que-los-estudiantes-universitarios-no-puedan-sentarse-en-la-escalinata","status":"publish","type":"post","link":"https:\/\/www.cuballama.com\/noticias\/el-bloqueo-es-el-responsable-de-que-los-estudiantes-universitarios-no-puedan-sentarse-en-la-escalinata\/","title":{"rendered":"El \u00abbloqueo es el responsable\u00bb de que los estudiantes universitarios no puedan sentarse en la Escalinata"},"content":{"rendered":"\n<p>Hay que reconocerle algo a la narrativa oficial cubana: es resistente. Se adapta a cualquier circunstancia, por absurda que parezca. Puede explicar por qu\u00e9 no hay combustible, por qu\u00e9 no hay electricidad, por qu\u00e9 no hay transporte, por qu\u00e9 no hay conexi\u00f3n a internet\u2026 y ahora tambi\u00e9n parece capaz de explicar por qu\u00e9 un grupo de estudiantes universitarios no puede sentarse tranquilamente en la escalinata de su propia universidad.<\/p>\n\n\n\n<p>Todo ocurri\u00f3 este lunes en la Universidad de La Habana. Alrededor de una veintena de estudiantes decidi\u00f3 realizar una sentada pac\u00edfica en la hist\u00f3rica escalinata del campus para protestar por algo que, en principio, suena bastante elemental: estudiar en condiciones m\u00ednimamente normales. Los apagones constantes, los problemas de transporte, la falta de conectividad y el alto costo de los datos m\u00f3viles han convertido el curso acad\u00e9mico en una carrera de obst\u00e1culos.<\/p>\n\n\n\n<p>El detonante inmediato fue la decisi\u00f3n de mantener modalidades semipresenciales o virtuales en varias universidades del pa\u00eds. En teor\u00eda, las clases pueden seguir realiz\u00e1ndose a distancia. En la pr\u00e1ctica, muchos estudiantes se preguntan c\u00f3mo se supone que participen en actividades online si pasan horas sin electricidad o sin conexi\u00f3n estable a internet.<\/p>\n\n\n\n<p>As\u00ed lo recog\u00eda la activista Amelia Calzadilla:<\/p>\n\n\n\n<p><em>\u00abEs surrealista que exijan a los j\u00f3venes continuar con el curso v\u00eda telem\u00e1tica cuando la mayor\u00eda de estos estudiantes no tienen conexi\u00f3n la mayor parte del d\u00eda como resultado de los constantes apagones; por dem\u00e1s el servicio de telecomunicaciones sufri\u00f3 modificaciones que aumentaron significativamente sus tarifas hace s\u00f3lo unos meses. Basta ya de encontrar soluciones improvisadas que siempre paran en el bolsillo y el sacrificio de los cubanos\u00bb.<\/em> <\/p>\n\n\n\n<p>Seg\u00fan testimonios citados en redes sociales por el activista Magdiel Jorge Castro y recogidos tambi\u00e9n por periodistas como el corresponsal de CNN <a href=\"https:\/\/x.com\/CNN_Oppmann\/status\/2031055603389350163\" target=\"_blank\" rel=\"noreferrer noopener\">Patrick Oppmann<\/a>, los alumnos consideran que la situaci\u00f3n actual hace casi imposible sostener el proceso docente. Algunos incluso han tenido dificultades para entregar trabajos o conectarse a clases debido a los apagones.<\/p>\n\n\n\n<iframe loading=\"lazy\" src=\"https:\/\/www.facebook.com\/plugins\/post.php?href=https%3A%2F%2Fwww.facebook.com%2FMagJorgeCastro%2Fposts%2Fpfbid031Agc3T5g93JqQtmgWQUir2Q6JFaTi5vdEcY9b58j676fe9bo2ckwBamw1SdrEXBLl&#038;show_text=true&#038;width=500\" width=\"500\" height=\"737\" style=\"border:none;overflow:hidden\" scrolling=\"no\" frameborder=\"0\" allowfullscreen=\"true\" allow=\"autoplay; clipboard-write; encrypted-media; picture-in-picture; web-share\"><\/iframe>\n\n\n\n<p>La protesta comenz\u00f3 de forma sencilla: un estudiante se sent\u00f3 en el primer escal\u00f3n de la escalinata con su mochila y una sombrilla. Con el paso de los minutos se sumaron otros j\u00f3venes hasta formar un peque\u00f1o grupo de manifestantes pac\u00edficos.<\/p>\n\n\n\n<p>\u00bfQu\u00e9 se los imped\u00eda? Un cartel de NO PASE. NO SENTARSE. S\u00ed, como lo lee; pero a pesar de la prohibici\u00f3n, lo hicieron.<\/p>\n\n\n\n<p>El gesto fue suficiente para activar la maquinaria institucional. Profesores, personal administrativo, autoridades universitarias y agentes de la Seguridad del Estado aparecieron en el lugar. Poco despu\u00e9s llegaron tambi\u00e9n la rectora de la Universidad de La Habana, Miriam Nicado, y el viceministro primero de Educaci\u00f3n Superior, Modesto Ricardo G\u00f3mez.<\/p>\n\n\n\n<p>Tras casi dos horas de conversaci\u00f3n, los estudiantes accedieron a trasladarse al interior de la universidad para continuar el di\u00e1logo con las autoridades. La <a href=\"https:\/\/www.facebook.com\/universidaduhcuba\/posts\/pfbid035KGpMvmBLaGWpd7zK7FhuAkhLG6RkB6US9oknsmBDccetn7JHsq9RbLq7R4LA99Zl\" target=\"_blank\" rel=\"noreferrer noopener nofollow\">instituci\u00f3n anunci\u00f3 posteriormente en su p\u00e1gina oficial <\/a>que se hab\u00eda producido un \u201cintercambio\u201d con los alumnos y que se crear\u00e1n espacios semanales de di\u00e1logo para dar seguimiento a sus preocupaciones. La misma muela y vaselina de siempre. \u00bfRecuerdan el 27N? \u00bfEl di\u00e1logo con los artistas? \u00bfLas reuniones con la Asamblea de Cineastas Cubanos?<\/p>\n\n\n\n<iframe loading=\"lazy\" src=\"https:\/\/www.facebook.com\/plugins\/post.php?href=https%3A%2F%2Fwww.facebook.com%2Funiversidaduhcuba%2Fposts%2Fpfbid021mddSm8pVLyTPhWzPwk3NdVxnB4s9LvHXCKRhQ7cW2PkuLKY4LEqy52wLmKzzGD9l&#038;show_text=true&#038;width=500\" width=\"500\" height=\"688\" style=\"border:none;overflow:hidden\" scrolling=\"no\" frameborder=\"0\" allowfullscreen=\"true\" allow=\"autoplay; clipboard-write; encrypted-media; picture-in-picture; web-share\"><\/iframe>\n\n\n\n<p>Sin embargo, el momento m\u00e1s interesante lleg\u00f3 despu\u00e9s, cuando el viceministro ofreci\u00f3 su explicaci\u00f3n p\u00fablica del problema. Seg\u00fan G\u00f3mez, la crisis energ\u00e9tica que afecta al pa\u00eds \u2014y que impacta directamente en el funcionamiento de las universidades\u2014 es consecuencia del llamado \u201cbloqueo petrolero de Estados Unidos\u201d, una presi\u00f3n externa que, afirm\u00f3, est\u00e1 \u201cmasacrando a toda una sociedad\u201d.<\/p>\n\n\n\n<p>As\u00ed lo rese\u00f1a <a href=\"https:\/\/efe.com\/mundo\/2026-03-09\/universidad-la-habana-protesta\/\" target=\"_blank\" rel=\"noreferrer noopener nofollow\">EFE <\/a>en una nota, que muestra con los matices claros de la imparcialidad period\u00edstica, lo mal que est\u00e1n las cosas en Cuba cuando, ni siquiera uno puede ya sentarse, como han hecho generaciones de estudiantes universitarios toda su vida, en la escalinata de la Universidad de La Habana.<\/p>\n\n\n\n<p>La explicaci\u00f3n tiene cierta l\u00f3gica dentro del universo discursivo oficial: si no hay electricidad, la culpa es del bloqueo; si no hay combustible, tambi\u00e9n; si internet es caro o inestable, igualmente. Lo que quiz\u00e1s no estaba en el guion era que el bloqueo terminara siendo responsable tambi\u00e9n de algo m\u00e1s espec\u00edfico: que un grupo de estudiantes universitarios decida sentarse en la escalinata para pedir que los dejen estudiar en condiciones normales.<\/p>\n\n\n\n<p>El bloqueo, por lo visto, es un fen\u00f3meno de una versatilidad extraordinaria. Puede provocar apagones, crisis de transporte, problemas acad\u00e9micos y ahora tambi\u00e9n incomodidad institucional cuando los estudiantes se sientan en una escalera.<\/p>\n\n\n\n<p>Visto as\u00ed, la escalinata de la Universidad de La Habana acaba de convertirse en otro frente m\u00e1s de esa guerra geopol\u00edtica tan particular.<\/p>\n\n\n\n<p>Porque cuando en Cuba ocurre algo inc\u00f3modo, la explicaci\u00f3n siempre est\u00e1 lista. Y casi siempre viene del mismo lugar y tiene el mismo culpable.<\/p>\n\n\n\n<p><br><\/p>\n","protected":false},"excerpt":{"rendered":"<p>Estudiantes realizaron una sentada pac\u00edfica en la escalinata de la Universidad de La Habana para protestar por apagones y dificultades acad\u00e9micas.<\/p>\n","protected":false},"author":13,"featured_media":237704,"comment_status":"open","ping_status":"closed","sticky":false,"template":"","format":"standard","meta":{"_acf_changed":false,"footnotes":""},"categories":[18,955],"tags":[11225,30994,27769,30997,1233,30996,6737],"class_list":{"0":"post-237700","1":"post","2":"type-post","3":"status-publish","4":"format-standard","5":"has-post-thumbnail","7":"category-noticias","8":"category-noticias-de-cuba","9":"tag-apagones-en-cuba","10":"tag-bloqueo-a-cuba","11":"tag-crisis-energetica-cuba","12":"tag-escalinata-uh","13":"tag-estudiantes-cubanos","14":"tag-protesta-estudiantil-cuba","15":"tag-universidad-de-la-habana"},"acf":[],"yoast_head":"<!-- This site is optimized with the Yoast SEO plugin v27.4 - https:\/\/yoast.com\/product\/yoast-seo-wordpress\/ -->\n<title>El &quot;bloqueo es el responsable&quot; de que los estudiantes universitarios no puedan sentarse en la Escalinata - Cuballama Noticias<\/title>\n<meta name=\"description\" content=\"Estudiantes protestan en la escalinata de la Universidad de La Habana por apagones y dificultades para continuar el curso.\" \/>\n<meta name=\"robots\" content=\"index, follow, max-snippet:-1, max-image-preview:large, max-video-preview:-1\" \/>\n<link rel=\"canonical\" href=\"https:\/\/www.cuballama.com\/noticias\/el-bloqueo-es-el-responsable-de-que-los-estudiantes-universitarios-no-puedan-sentarse-en-la-escalinata\/\" \/>\n<meta property=\"og:locale\" content=\"es_ES\" \/>\n<meta property=\"og:type\" content=\"article\" \/>\n<meta property=\"og:title\" content=\"El &quot;bloqueo es el responsable&quot; de que los estudiantes universitarios no puedan sentarse en la Escalinata - Cuballama Noticias\" \/>\n<meta property=\"og:description\" content=\"Estudiantes protestan en la escalinata de la Universidad de La Habana por apagones y dificultades para continuar el curso.\" \/>\n<meta property=\"og:url\" content=\"https:\/\/www.cuballama.com\/noticias\/el-bloqueo-es-el-responsable-de-que-los-estudiantes-universitarios-no-puedan-sentarse-en-la-escalinata\/\" \/>\n<meta property=\"og:site_name\" content=\"Cuballama Noticias\" \/>\n<meta property=\"article:publisher\" content=\"https:\/\/www.facebook.com\/CubaLlama\" \/>\n<meta property=\"article:published_time\" content=\"2026-03-10T13:58:23+00:00\" \/>\n<meta property=\"article:modified_time\" content=\"2026-03-10T13:58:29+00:00\" \/>\n<meta property=\"og:image\" content=\"https:\/\/cdn1.mediawpaccore.net\/wp-content\/uploads\/2026\/03\/10072830\/image-47-1024x534.png\" \/>\n\t<meta property=\"og:image:width\" content=\"1024\" \/>\n\t<meta property=\"og:image:height\" content=\"534\" \/>\n\t<meta property=\"og:image:type\" content=\"image\/png\" \/>\n<meta name=\"author\" content=\"Roberto A.\" \/>\n<meta name=\"twitter:card\" content=\"summary_large_image\" \/>\n<meta name=\"twitter:creator\" content=\"@cuballama\" \/>\n<meta name=\"twitter:site\" content=\"@cuballama\" \/>\n<meta name=\"twitter:label1\" content=\"Escrito por\" \/>\n\t<meta name=\"twitter:data1\" content=\"Roberto A.\" \/>\n\t<meta name=\"twitter:label2\" content=\"Tiempo de lectura\" \/>\n\t<meta name=\"twitter:data2\" content=\"4 minutos\" \/>\n<script type=\"application\/ld+json\" class=\"yoast-schema-graph\">{\"@context\":\"https:\\\/\\\/schema.org\",\"@graph\":[{\"@type\":\"Article\",\"@id\":\"https:\\\/\\\/www.cuballama.com\\\/noticias\\\/el-bloqueo-es-el-responsable-de-que-los-estudiantes-universitarios-no-puedan-sentarse-en-la-escalinata\\\/#article\",\"isPartOf\":{\"@id\":\"https:\\\/\\\/www.cuballama.com\\\/noticias\\\/el-bloqueo-es-el-responsable-de-que-los-estudiantes-universitarios-no-puedan-sentarse-en-la-escalinata\\\/\"},\"author\":{\"name\":\"Roberto A.\",\"@id\":\"https:\\\/\\\/www.cuballama.com\\\/noticias\\\/#\\\/schema\\\/person\\\/a58502ed4146c8e9f83872e897c76cd2\"},\"headline\":\"El \u00abbloqueo es el responsable\u00bb de que los estudiantes universitarios no puedan sentarse en la Escalinata\",\"datePublished\":\"2026-03-10T13:58:23+00:00\",\"dateModified\":\"2026-03-10T13:58:29+00:00\",\"mainEntityOfPage\":{\"@id\":\"https:\\\/\\\/www.cuballama.com\\\/noticias\\\/el-bloqueo-es-el-responsable-de-que-los-estudiantes-universitarios-no-puedan-sentarse-en-la-escalinata\\\/\"},\"wordCount\":856,\"commentCount\":1,\"publisher\":{\"@id\":\"https:\\\/\\\/www.cuballama.com\\\/noticias\\\/#organization\"},\"image\":{\"@id\":\"https:\\\/\\\/www.cuballama.com\\\/noticias\\\/el-bloqueo-es-el-responsable-de-que-los-estudiantes-universitarios-no-puedan-sentarse-en-la-escalinata\\\/#primaryimage\"},\"thumbnailUrl\":\"https:\\\/\\\/cdn1.mediawpaccore.net\\\/wp-content\\\/uploads\\\/2026\\\/03\\\/10072830\\\/image-47.png\",\"keywords\":[\"apagones en Cuba\",\"bloqueo a Cuba\",\"crisis energ\u00e9tica Cuba\",\"escalinata UH\",\"estudiantes cubanos\",\"protesta estudiantil Cuba\",\"Universidad de La Habana\"],\"articleSection\":[\"Noticias\",\"Noticias de Cuba\"],\"inLanguage\":\"es\",\"potentialAction\":[{\"@type\":\"CommentAction\",\"name\":\"Comment\",\"target\":[\"https:\\\/\\\/www.cuballama.com\\\/noticias\\\/el-bloqueo-es-el-responsable-de-que-los-estudiantes-universitarios-no-puedan-sentarse-en-la-escalinata\\\/#respond\"]}]},{\"@type\":\"WebPage\",\"@id\":\"https:\\\/\\\/www.cuballama.com\\\/noticias\\\/el-bloqueo-es-el-responsable-de-que-los-estudiantes-universitarios-no-puedan-sentarse-en-la-escalinata\\\/\",\"url\":\"https:\\\/\\\/www.cuballama.com\\\/noticias\\\/el-bloqueo-es-el-responsable-de-que-los-estudiantes-universitarios-no-puedan-sentarse-en-la-escalinata\\\/\",\"name\":\"El \\\"bloqueo es el responsable\\\" de que los estudiantes universitarios no puedan sentarse en la Escalinata - Cuballama Noticias\",\"isPartOf\":{\"@id\":\"https:\\\/\\\/www.cuballama.com\\\/noticias\\\/#website\"},\"primaryImageOfPage\":{\"@id\":\"https:\\\/\\\/www.cuballama.com\\\/noticias\\\/el-bloqueo-es-el-responsable-de-que-los-estudiantes-universitarios-no-puedan-sentarse-en-la-escalinata\\\/#primaryimage\"},\"image\":{\"@id\":\"https:\\\/\\\/www.cuballama.com\\\/noticias\\\/el-bloqueo-es-el-responsable-de-que-los-estudiantes-universitarios-no-puedan-sentarse-en-la-escalinata\\\/#primaryimage\"},\"thumbnailUrl\":\"https:\\\/\\\/cdn1.mediawpaccore.net\\\/wp-content\\\/uploads\\\/2026\\\/03\\\/10072830\\\/image-47.png\",\"datePublished\":\"2026-03-10T13:58:23+00:00\",\"dateModified\":\"2026-03-10T13:58:29+00:00\",\"description\":\"Estudiantes protestan en la escalinata de la Universidad de La Habana por apagones y dificultades para continuar el curso.\",\"breadcrumb\":{\"@id\":\"https:\\\/\\\/www.cuballama.com\\\/noticias\\\/el-bloqueo-es-el-responsable-de-que-los-estudiantes-universitarios-no-puedan-sentarse-en-la-escalinata\\\/#breadcrumb\"},\"inLanguage\":\"es\",\"potentialAction\":[{\"@type\":\"ReadAction\",\"target\":[\"https:\\\/\\\/www.cuballama.com\\\/noticias\\\/el-bloqueo-es-el-responsable-de-que-los-estudiantes-universitarios-no-puedan-sentarse-en-la-escalinata\\\/\"]}]},{\"@type\":\"ImageObject\",\"inLanguage\":\"es\",\"@id\":\"https:\\\/\\\/www.cuballama.com\\\/noticias\\\/el-bloqueo-es-el-responsable-de-que-los-estudiantes-universitarios-no-puedan-sentarse-en-la-escalinata\\\/#primaryimage\",\"url\":\"https:\\\/\\\/cdn1.mediawpaccore.net\\\/wp-content\\\/uploads\\\/2026\\\/03\\\/10072830\\\/image-47.png\",\"contentUrl\":\"https:\\\/\\\/cdn1.mediawpaccore.net\\\/wp-content\\\/uploads\\\/2026\\\/03\\\/10072830\\\/image-47.png\",\"width\":1970,\"height\":1027,\"caption\":\"Foto: Patrick Oppmann \\\/ X (Twitter)\"},{\"@type\":\"BreadcrumbList\",\"@id\":\"https:\\\/\\\/www.cuballama.com\\\/noticias\\\/el-bloqueo-es-el-responsable-de-que-los-estudiantes-universitarios-no-puedan-sentarse-en-la-escalinata\\\/#breadcrumb\",\"itemListElement\":[{\"@type\":\"ListItem\",\"position\":1,\"name\":\"Home\",\"item\":\"https:\\\/\\\/www.cuballama.com\\\/noticias\\\/\"},{\"@type\":\"ListItem\",\"position\":2,\"name\":\"El \u00abbloqueo es el responsable\u00bb de que los estudiantes universitarios no puedan sentarse en la Escalinata\"}]},{\"@type\":\"WebSite\",\"@id\":\"https:\\\/\\\/www.cuballama.com\\\/noticias\\\/#website\",\"url\":\"https:\\\/\\\/www.cuballama.com\\\/noticias\\\/\",\"name\":\"Cuballama Noticias\",\"description\":\"Medio digital sobre Cuba y el mundo\",\"publisher\":{\"@id\":\"https:\\\/\\\/www.cuballama.com\\\/noticias\\\/#organization\"},\"potentialAction\":[{\"@type\":\"SearchAction\",\"target\":{\"@type\":\"EntryPoint\",\"urlTemplate\":\"https:\\\/\\\/www.cuballama.com\\\/noticias\\\/?s={search_term_string}\"},\"query-input\":{\"@type\":\"PropertyValueSpecification\",\"valueRequired\":true,\"valueName\":\"search_term_string\"}}],\"inLanguage\":\"es\"},{\"@type\":\"Organization\",\"@id\":\"https:\\\/\\\/www.cuballama.com\\\/noticias\\\/#organization\",\"name\":\"Cuballama\",\"url\":\"https:\\\/\\\/www.cuballama.com\\\/noticias\\\/\",\"logo\":{\"@type\":\"ImageObject\",\"inLanguage\":\"es\",\"@id\":\"https:\\\/\\\/www.cuballama.com\\\/noticias\\\/#\\\/schema\\\/logo\\\/image\\\/\",\"url\":\"https:\\\/\\\/cdn1.mediawpaccore.net\\\/wp-content\\\/uploads\\\/2021\\\/12\\\/28171206\\\/cbll-logo-color-sm.png\",\"contentUrl\":\"https:\\\/\\\/cdn1.mediawpaccore.net\\\/wp-content\\\/uploads\\\/2021\\\/12\\\/28171206\\\/cbll-logo-color-sm.png\",\"width\":600,\"height\":133,\"caption\":\"Cuballama\"},\"image\":{\"@id\":\"https:\\\/\\\/www.cuballama.com\\\/noticias\\\/#\\\/schema\\\/logo\\\/image\\\/\"},\"sameAs\":[\"https:\\\/\\\/www.facebook.com\\\/CubaLlama\",\"https:\\\/\\\/x.com\\\/cuballama\",\"https:\\\/\\\/www.instagram.com\\\/stories\\\/cuballama_oficial\\\/\",\"https:\\\/\\\/www.youtube.com\\\/channel\\\/UCKkFE-d_axENGZcrc4as0IA\"]},{\"@type\":\"Person\",\"@id\":\"https:\\\/\\\/www.cuballama.com\\\/noticias\\\/#\\\/schema\\\/person\\\/a58502ed4146c8e9f83872e897c76cd2\",\"name\":\"Roberto A.\",\"description\":\"Roberto A. Periodista por decisi\u00f3n propia. Interesado en cualquier tema que me apasione y cada vez m\u00e1s comprometido con la verdad y la objetividad period\u00edstica. Graduado en La Habana hace ya muchos a\u00f1os, luego de una accidentada y polvorienta b\u00fasqueda de informaci\u00f3n sobre un tema in\u00e9dito. La Tesis, por cierto, desapareci\u00f3 de la biblioteca y no se conservan copias de la misma.\",\"url\":\"https:\\\/\\\/www.cuballama.com\\\/noticias\\\/author\\\/roberto\\\/\"}]}<\/script>\n<!-- \/ Yoast SEO plugin. -->","yoast_head_json":{"title":"El \"bloqueo es el responsable\" de que los estudiantes universitarios no puedan sentarse en la Escalinata - Cuballama Noticias","description":"Estudiantes protestan en la escalinata de la Universidad de La Habana por apagones y dificultades para continuar el curso.","robots":{"index":"index","follow":"follow","max-snippet":"max-snippet:-1","max-image-preview":"max-image-preview:large","max-video-preview":"max-video-preview:-1"},"canonical":"https:\/\/www.cuballama.com\/noticias\/el-bloqueo-es-el-responsable-de-que-los-estudiantes-universitarios-no-puedan-sentarse-en-la-escalinata\/","og_locale":"es_ES","og_type":"article","og_title":"El \"bloqueo es el responsable\" de que los estudiantes universitarios no puedan sentarse en la Escalinata - Cuballama Noticias","og_description":"Estudiantes protestan en la escalinata de la Universidad de La Habana por apagones y dificultades para continuar el curso.","og_url":"https:\/\/www.cuballama.com\/noticias\/el-bloqueo-es-el-responsable-de-que-los-estudiantes-universitarios-no-puedan-sentarse-en-la-escalinata\/","og_site_name":"Cuballama Noticias","article_publisher":"https:\/\/www.facebook.com\/CubaLlama","article_published_time":"2026-03-10T13:58:23+00:00","article_modified_time":"2026-03-10T13:58:29+00:00","og_image":[{"width":1024,"height":534,"url":"https:\/\/cdn1.mediawpaccore.net\/wp-content\/uploads\/2026\/03\/10072830\/image-47-1024x534.png","type":"image\/png"}],"author":"Roberto A.","twitter_card":"summary_large_image","twitter_creator":"@cuballama","twitter_site":"@cuballama","twitter_misc":{"Escrito por":"Roberto A.","Tiempo de lectura":"4 minutos"},"schema":{"@context":"https:\/\/schema.org","@graph":[{"@type":"Article","@id":"https:\/\/www.cuballama.com\/noticias\/el-bloqueo-es-el-responsable-de-que-los-estudiantes-universitarios-no-puedan-sentarse-en-la-escalinata\/#article","isPartOf":{"@id":"https:\/\/www.cuballama.com\/noticias\/el-bloqueo-es-el-responsable-de-que-los-estudiantes-universitarios-no-puedan-sentarse-en-la-escalinata\/"},"author":{"name":"Roberto A.","@id":"https:\/\/www.cuballama.com\/noticias\/#\/schema\/person\/a58502ed4146c8e9f83872e897c76cd2"},"headline":"El \u00abbloqueo es el responsable\u00bb de que los estudiantes universitarios no puedan sentarse en la Escalinata","datePublished":"2026-03-10T13:58:23+00:00","dateModified":"2026-03-10T13:58:29+00:00","mainEntityOfPage":{"@id":"https:\/\/www.cuballama.com\/noticias\/el-bloqueo-es-el-responsable-de-que-los-estudiantes-universitarios-no-puedan-sentarse-en-la-escalinata\/"},"wordCount":856,"commentCount":1,"publisher":{"@id":"https:\/\/www.cuballama.com\/noticias\/#organization"},"image":{"@id":"https:\/\/www.cuballama.com\/noticias\/el-bloqueo-es-el-responsable-de-que-los-estudiantes-universitarios-no-puedan-sentarse-en-la-escalinata\/#primaryimage"},"thumbnailUrl":"https:\/\/cdn1.mediawpaccore.net\/wp-content\/uploads\/2026\/03\/10072830\/image-47.png","keywords":["apagones en Cuba","bloqueo a Cuba","crisis energ\u00e9tica Cuba","escalinata UH","estudiantes cubanos","protesta estudiantil Cuba","Universidad de La Habana"],"articleSection":["Noticias","Noticias de Cuba"],"inLanguage":"es","potentialAction":[{"@type":"CommentAction","name":"Comment","target":["https:\/\/www.cuballama.com\/noticias\/el-bloqueo-es-el-responsable-de-que-los-estudiantes-universitarios-no-puedan-sentarse-en-la-escalinata\/#respond"]}]},{"@type":"WebPage","@id":"https:\/\/www.cuballama.com\/noticias\/el-bloqueo-es-el-responsable-de-que-los-estudiantes-universitarios-no-puedan-sentarse-en-la-escalinata\/","url":"https:\/\/www.cuballama.com\/noticias\/el-bloqueo-es-el-responsable-de-que-los-estudiantes-universitarios-no-puedan-sentarse-en-la-escalinata\/","name":"El \"bloqueo es el responsable\" de que los estudiantes universitarios no puedan sentarse en la Escalinata - Cuballama Noticias","isPartOf":{"@id":"https:\/\/www.cuballama.com\/noticias\/#website"},"primaryImageOfPage":{"@id":"https:\/\/www.cuballama.com\/noticias\/el-bloqueo-es-el-responsable-de-que-los-estudiantes-universitarios-no-puedan-sentarse-en-la-escalinata\/#primaryimage"},"image":{"@id":"https:\/\/www.cuballama.com\/noticias\/el-bloqueo-es-el-responsable-de-que-los-estudiantes-universitarios-no-puedan-sentarse-en-la-escalinata\/#primaryimage"},"thumbnailUrl":"https:\/\/cdn1.mediawpaccore.net\/wp-content\/uploads\/2026\/03\/10072830\/image-47.png","datePublished":"2026-03-10T13:58:23+00:00","dateModified":"2026-03-10T13:58:29+00:00","description":"Estudiantes protestan en la escalinata de la Universidad de La Habana por apagones y dificultades para continuar el curso.","breadcrumb":{"@id":"https:\/\/www.cuballama.com\/noticias\/el-bloqueo-es-el-responsable-de-que-los-estudiantes-universitarios-no-puedan-sentarse-en-la-escalinata\/#breadcrumb"},"inLanguage":"es","potentialAction":[{"@type":"ReadAction","target":["https:\/\/www.cuballama.com\/noticias\/el-bloqueo-es-el-responsable-de-que-los-estudiantes-universitarios-no-puedan-sentarse-en-la-escalinata\/"]}]},{"@type":"ImageObject","inLanguage":"es","@id":"https:\/\/www.cuballama.com\/noticias\/el-bloqueo-es-el-responsable-de-que-los-estudiantes-universitarios-no-puedan-sentarse-en-la-escalinata\/#primaryimage","url":"https:\/\/cdn1.mediawpaccore.net\/wp-content\/uploads\/2026\/03\/10072830\/image-47.png","contentUrl":"https:\/\/cdn1.mediawpaccore.net\/wp-content\/uploads\/2026\/03\/10072830\/image-47.png","width":1970,"height":1027,"caption":"Foto: Patrick Oppmann \/ X (Twitter)"},{"@type":"BreadcrumbList","@id":"https:\/\/www.cuballama.com\/noticias\/el-bloqueo-es-el-responsable-de-que-los-estudiantes-universitarios-no-puedan-sentarse-en-la-escalinata\/#breadcrumb","itemListElement":[{"@type":"ListItem","position":1,"name":"Home","item":"https:\/\/www.cuballama.com\/noticias\/"},{"@type":"ListItem","position":2,"name":"El \u00abbloqueo es el responsable\u00bb de que los estudiantes universitarios no puedan sentarse en la Escalinata"}]},{"@type":"WebSite","@id":"https:\/\/www.cuballama.com\/noticias\/#website","url":"https:\/\/www.cuballama.com\/noticias\/","name":"Cuballama Noticias","description":"Medio digital sobre Cuba y el mundo","publisher":{"@id":"https:\/\/www.cuballama.com\/noticias\/#organization"},"potentialAction":[{"@type":"SearchAction","target":{"@type":"EntryPoint","urlTemplate":"https:\/\/www.cuballama.com\/noticias\/?s={search_term_string}"},"query-input":{"@type":"PropertyValueSpecification","valueRequired":true,"valueName":"search_term_string"}}],"inLanguage":"es"},{"@type":"Organization","@id":"https:\/\/www.cuballama.com\/noticias\/#organization","name":"Cuballama","url":"https:\/\/www.cuballama.com\/noticias\/","logo":{"@type":"ImageObject","inLanguage":"es","@id":"https:\/\/www.cuballama.com\/noticias\/#\/schema\/logo\/image\/","url":"https:\/\/cdn1.mediawpaccore.net\/wp-content\/uploads\/2021\/12\/28171206\/cbll-logo-color-sm.png","contentUrl":"https:\/\/cdn1.mediawpaccore.net\/wp-content\/uploads\/2021\/12\/28171206\/cbll-logo-color-sm.png","width":600,"height":133,"caption":"Cuballama"},"image":{"@id":"https:\/\/www.cuballama.com\/noticias\/#\/schema\/logo\/image\/"},"sameAs":["https:\/\/www.facebook.com\/CubaLlama","https:\/\/x.com\/cuballama","https:\/\/www.instagram.com\/stories\/cuballama_oficial\/","https:\/\/www.youtube.com\/channel\/UCKkFE-d_axENGZcrc4as0IA"]},{"@type":"Person","@id":"https:\/\/www.cuballama.com\/noticias\/#\/schema\/person\/a58502ed4146c8e9f83872e897c76cd2","name":"Roberto A.","description":"Roberto A. Periodista por decisi\u00f3n propia. Interesado en cualquier tema que me apasione y cada vez m\u00e1s comprometido con la verdad y la objetividad period\u00edstica. Graduado en La Habana hace ya muchos a\u00f1os, luego de una accidentada y polvorienta b\u00fasqueda de informaci\u00f3n sobre un tema in\u00e9dito. La Tesis, por cierto, desapareci\u00f3 de la biblioteca y no se conservan copias de la misma.","url":"https:\/\/www.cuballama.com\/noticias\/author\/roberto\/"}]}},"_links":{"self":[{"href":"https:\/\/www.cuballama.com\/noticias\/wp-json\/wp\/v2\/posts\/237700","targetHints":{"allow":["GET"]}}],"collection":[{"href":"https:\/\/www.cuballama.com\/noticias\/wp-json\/wp\/v2\/posts"}],"about":[{"href":"https:\/\/www.cuballama.com\/noticias\/wp-json\/wp\/v2\/types\/post"}],"author":[{"embeddable":true,"href":"https:\/\/www.cuballama.com\/noticias\/wp-json\/wp\/v2\/users\/13"}],"replies":[{"embeddable":true,"href":"https:\/\/www.cuballama.com\/noticias\/wp-json\/wp\/v2\/comments?post=237700"}],"version-history":[{"count":6,"href":"https:\/\/www.cuballama.com\/noticias\/wp-json\/wp\/v2\/posts\/237700\/revisions"}],"predecessor-version":[{"id":237713,"href":"https:\/\/www.cuballama.com\/noticias\/wp-json\/wp\/v2\/posts\/237700\/revisions\/237713"}],"wp:featuredmedia":[{"embeddable":true,"href":"https:\/\/www.cuballama.com\/noticias\/wp-json\/wp\/v2\/media\/237704"}],"wp:attachment":[{"href":"https:\/\/www.cuballama.com\/noticias\/wp-json\/wp\/v2\/media?parent=237700"}],"wp:term":[{"taxonomy":"category","embeddable":true,"href":"https:\/\/www.cuballama.com\/noticias\/wp-json\/wp\/v2\/categories?post=237700"},{"taxonomy":"post_tag","embeddable":true,"href":"https:\/\/www.cuballama.com\/noticias\/wp-json\/wp\/v2\/tags?post=237700"}],"curies":[{"name":"wp","href":"https:\/\/api.w.org\/{rel}","templated":true}]}}