{"id":237696,"date":"2026-03-13T10:37:13","date_gmt":"2026-03-13T14:37:13","guid":{"rendered":"https:\/\/www.cuballama.com\/noticias\/?p=237696"},"modified":"2026-03-13T10:37:18","modified_gmt":"2026-03-13T14:37:18","slug":"el-problema-de-jorge-leganoa-no-es-el-bloqueo-es-la-credibilidad-diaz-canel-lo-ha-dejado-en-calzoncillos","status":"publish","type":"post","link":"https:\/\/www.cuballama.com\/noticias\/el-problema-de-jorge-leganoa-no-es-el-bloqueo-es-la-credibilidad-diaz-canel-lo-ha-dejado-en-calzoncillos\/","title":{"rendered":"El problema de Jorge Lega\u00f1oa no es el bloqueo: es la credibilidad. D\u00edaz-Canel lo ha dejado en calzoncillos"},"content":{"rendered":"\n<p>Hace apenas cuatro d\u00edas, el presidente de la agencia Prensa Latina, Jorge Lega\u00f1oa, apareci\u00f3 en la televisi\u00f3n cubana para repetir uno de los argumentos m\u00e1s antiguos del aparato propagand\u00edstico del r\u00e9gimen: el malestar dentro de Cuba tendr\u00eda una causa fundamental externa. El descontento social, las penurias econ\u00f3micas, los apagones, la falta de combustible y la irritaci\u00f3n creciente entre la poblaci\u00f3n ser\u00edan, en esencia, el resultado de la presi\u00f3n de Estados Unidos y del llamado \u201cbloqueo\u201d.<\/p>\n\n\n\n<p>Empez\u00f3 diciendo \u00abA LAS SUPUESTAS NEGOCIACIONES (ENTRE ESTADOS UNIDOS Y CUBA) que todos los d\u00edas publican&#8230;\u00bb Escuch\u00e9mosle:<\/p>\n\n\n\n<iframe loading=\"lazy\" src=\"https:\/\/www.facebook.com\/plugins\/video.php?href=https%3A%2F%2Fwww.facebook.com%2Freel%2F929404336354543%2F&#038;show_text=0&#038;width=267\" width=\"267\" height=\"476\" style=\"border:none;overflow:hidden\" scrolling=\"no\" frameborder=\"0\" allowfullscreen=\"true\" allow=\"autoplay; clipboard-write; encrypted-media; picture-in-picture; web-share\" allowFullScreen=\"true\"><\/iframe>\n\n\n\n<p>La escena, en s\u00ed misma, no tendr\u00eda nada de extraordinario. Funcionarios, portavoces y periodistas oficiales llevan d\u00e9cadas repitiendo ese guion. Lo que vuelve particularmente llamativo el episodio de este pelele hablando de lo que no sabe, es lo que ocurri\u00f3 despu\u00e9s. Apenas unos d\u00edas m\u00e1s tarde, cuatro, hoy, el propio Miguel D\u00edaz-Canel confirm\u00f3 que funcionarios cubanos han mantenido conversaciones con el gobierno de Estados Unidos, impulsadas \u2014seg\u00fan dijo\u2014 por Ra\u00fal Castro y por \u00e9l mismo. S\u00ed, hoy lo ha dicho D\u00edaz-Canel.<\/p>\n\n\n\n<p><strong>tal vez quieras leer: <a href=\"https:\/\/www.cuballama.com\/noticias\/diaz-canel-confirma-conversaciones-con-eeuu\/\" type=\"post\" id=\"238025\">D\u00edaz-Canel confirma conversaciones con EEUU.<\/a><\/strong><\/p>\n\n\n\n<p>Es decir, mientras Lega\u00f1oa aparec\u00eda en la televisi\u00f3n estatal hace cuatro d\u00edas, negando contactos pol\u00edticos con Washington y explicando el malestar interno como una obra externa, el propio gobierno que \u00e9l representa reconoce hoy que s\u00ed existen conversaciones.<\/p>\n\n\n\n<p><strong>El resultado es un problema serio de credibilidad. No solo para el sistema de medios oficiales, sino para quienes ponen la cara en ellos.<\/strong><\/p>\n\n\n\n<p>En el caso de Lega\u00f1oa, ahora, el asunto adquiere un matiz adicional, porque su trayectoria \u2014al menos la que han descrito numerosos periodistas y antiguos compa\u00f1eros\u2014 ha sido durante a\u00f1os objeto de cr\u00edticas precisamente por lo contrario de lo que ahora pretende explicar: la falta de m\u00e9rito, de verg\u00fcenza, de \u00e9tica.<\/p>\n\n\n\n<p>Seg\u00fan esas versiones, Jorge Lega\u00f1oa es un producto bastante reconocible del sistema de privilegios que funciona dentro de la estructura pol\u00edtica cubana. Hijo de un estomat\u00f3logo camag\u00fceyano y de una profesora universitaria, su paso por la ense\u00f1anza media y superior habr\u00eda estado marcado por una serie de intervenciones y gestiones que le permitieron superar obst\u00e1culos acad\u00e9micos que, para otros estudiantes, habr\u00edan sido definitivos.<\/p>\n\n\n\n<p>Intent\u00f3 ingresar en la Escuela Vocacional, reservada para alumnos con expedientes sobresalientes, y no lo consigui\u00f3. Posteriormente fue recolocado en un preuniversitario de Gu\u00e1imaro. All\u00ed lleg\u00f3 a ocupar responsabilidades dentro de la FEEM, hasta que un episodio relacionado con un an\u00f3nimo contra la presidenta estudiantil termin\u00f3 complicando su situaci\u00f3n.<\/p>\n\n\n\n<p>M\u00e1s tarde fue enviado a la ESPA, un centro asociado al deporte de alto rendimiento, pese a que nadie recuerda una trayectoria deportiva suya. Despu\u00e9s lleg\u00f3 el intento de acceder a la carrera de Periodismo. Las versiones difundidas por colegas de su \u00e9poca aseguran que no aprob\u00f3 ni la prueba de Matem\u00e1ticas ni la prueba de aptitud espec\u00edfica para la carrera.<\/p>\n\n\n\n<p>Sin embargo, seg\u00fan esos mismos testimonios, logr\u00f3 finalmente una de las escasas plazas disponibles gracias a gestiones realizadas desde niveles superiores dentro del sistema universitario. Posteriormente tambi\u00e9n habr\u00eda sido trasladado a la Universidad de La Habana sin cumplir algunos de los requisitos habituales para ese tipo de traslado.<\/p>\n\n\n\n<p>Ni siquiera en ese entorno allanado su expediente acad\u00e9mico fue brillante. Se recuerda, por ejemplo, la repetici\u00f3n de primer a\u00f1o debido a problemas con Gram\u00e1tica, una asignatura que termin\u00f3 aprobando con la calificaci\u00f3n m\u00ednima.<\/p>\n\n\n\n<p>Con el tiempo, sin embargo, su carrera dentro del aparato pol\u00edtico-medi\u00e1tico avanz\u00f3 con rapidez. Pas\u00f3 por Juventud Rebelde, luego por estructuras vinculadas al Partido Comunista, m\u00e1s tarde por la Agencia Cubana de Noticias, por la UPEC, por el Instituto de Informaci\u00f3n y Comunicaci\u00f3n Social y finalmente termin\u00f3 al frente de Prensa Latina.<\/p>\n\n\n\n<p><strong>Y ahora&#8230; \u00bfc\u00f3mo queda ese hombre?<\/strong><\/p>\n\n\n\n<p>Ese recorrido es precisamente lo que vuelve inc\u00f3modo el episodio de esta semana con lo dicho hoy. Porque cuando una figura con ese historial aparece en televisi\u00f3n explicando la realidad del pa\u00eds con seguridad absoluta y pocos d\u00edas despu\u00e9s esa versi\u00f3n queda desmentida por el propio gobernante del pa\u00eds, la pregunta inevitable no es solo sobre la pol\u00edtica exterior.<\/p>\n\n\n\n<p>Nada indica, sin embargo, que el episodio vaya a tener consecuencias visibles. En el ecosistema medi\u00e1tico del sistema cubano las contradicciones rara vez producen rectificaciones p\u00fablicas. Lo m\u00e1s probable es que Lega\u00f1oa vuelva a aparecer en televisi\u00f3n, esta vez explicando las conversaciones con Estados Unidos como parte de una estrategia diplom\u00e1tica responsable, o como una demostraci\u00f3n de la voluntad de di\u00e1logo del gobierno.<\/p>\n\n\n\n<p>No ser\u00eda la primera vez que un relato oficial cambia de un d\u00eda para otro, y este tipo de personajes camale\u00f3nicos pulula por todo el aparato de informaci\u00f3n nacional. Les importa muy poco quedar en evidencia cuando el libreto se mueve. Hoy sostienen una cosa con absoluta seguridad; ma\u00f1ana defienden la contraria con el mismo aplomo. No hay rectificaci\u00f3n, ni explicaci\u00f3n, ni siquiera el gesto m\u00ednimo de reconocer que lo dicho d\u00edas antes ha quedado desmentido. Simplemente se ajusta el discurso y se sigue adelante.<\/p>\n\n\n\n<p>En ese mecanismo, la coherencia personal no es una cualidad necesaria. Lo \u00fanico imprescindible es la disposici\u00f3n a repetir lo que corresponda en cada momento porque as\u00ed se lo orientan. Por eso la mediocridad intelectual no constituye un obst\u00e1culo; en ocasiones incluso resulta funcional. Quien no cuestiona, quien no contrasta, quien no se detiene a pensar en la consistencia de lo que dice, se convierte en el veh\u00edculo perfecto para transmitir la versi\u00f3n oficial del d\u00eda, sea cual sea. Y ese es JORGE LEGA\u00d1OA.<\/p>\n\n\n\n<p>Lo que ha ocurrido con Lega\u00f1oa esta semana es precisamente eso: un ejemplo visible de c\u00f3mo el engranaje deja expuestos a quienes lo operan. Hace cuatro d\u00edas negaba en televisi\u00f3n la existencia de conversaciones; hoy el propio mandatario del pa\u00eds confirma que esas conversaciones existen. El contraste no necesita adjetivos. Basta con poner una declaraci\u00f3n al lado de la otra.<\/p>\n\n\n\n<p>Y, sin embargo, nada indica que eso vaya a modificar su comportamiento p\u00fablico. Todo lo contrario. Lo m\u00e1s probable es que vuelva a aparecer en pantalla en cualquier momento, esta vez explicando con naturalidad que \u201cCuba siempre ha estado abierta al di\u00e1logo\u201d y que las conversaciones con Estados Unidos forman parte de un proceso responsable. No ser\u00eda una contradicci\u00f3n para \u00e9l. Ser\u00eda simplemente el nuevo guion. Porque cuando la carrera de alguien se ha construido sobre obediencias y no sobre credibilidad, quedar expuesto no es un problema: es apenas un detalle menor dentro del funcionamiento normal del sistema.<\/p>\n","protected":false},"excerpt":{"rendered":"<p>La reciente confirmaci\u00f3n de conversaciones entre Cuba y Estados Unidos dej\u00f3 en una posici\u00f3n inc\u00f3moda al presidente de Prensa Latina, Jorge Lega\u00f1oa, quien d\u00edas antes hab\u00eda negado en televisi\u00f3n cualquier contacto pol\u00edtico con Washington mientras atribu\u00eda el malestar en la isla exclusivamente al bloqueo.<\/p>\n","protected":false},"author":13,"featured_media":227387,"comment_status":"open","ping_status":"closed","sticky":false,"template":"","format":"standard","meta":{"_acf_changed":false,"footnotes":""},"categories":[18,955,9667],"tags":[30994,30995,31103,14030,5215,29099,20288,31104,5301,24652,9773,26595,24117,1250,6737,9721],"class_list":{"0":"post-237696","1":"post","2":"type-post","3":"status-publish","4":"format-standard","5":"has-post-thumbnail","7":"category-noticias","8":"category-noticias-de-cuba","9":"category-opinion","10":"tag-bloqueo-a-cuba","11":"tag-carlos-cabrera","12":"tag-conversaciones-cuba-estados-unidos","13":"tag-corrupcion-en-cuba","14":"tag-diaz-canel","15":"tag-jorge-leganoa","16":"tag-jose-luis-tan-estrada","17":"tag-medios-oficiales-cuba","18":"tag-pcc","19":"tag-periodismo-oficialista","20":"tag-prensa-latina","21":"tag-privilegios-en-cuba","22":"tag-propaganda-cubana","23":"tag-television-cubana","24":"tag-universidad-de-la-habana","25":"tag-upec"},"acf":[],"yoast_head":"<!-- This site is optimized with the Yoast SEO plugin v27.4 - https:\/\/yoast.com\/product\/yoast-seo-wordpress\/ -->\n<title>El problema de Jorge Lega\u00f1oa no es el bloqueo: es la credibilidad. D\u00edaz-Canel lo ha dejado en calzoncillos - Cuballama Noticias<\/title>\n<meta name=\"description\" content=\"Jorge Lega\u00f1oa neg\u00f3 en TV contactos con EE.UU., pero d\u00edas despu\u00e9s D\u00edaz-Canel confirma conversaciones. Expuesto el presidente de Prensa Latina.\" \/>\n<meta name=\"robots\" content=\"index, follow, max-snippet:-1, max-image-preview:large, max-video-preview:-1\" \/>\n<link rel=\"canonical\" href=\"https:\/\/www.cuballama.com\/noticias\/el-problema-de-jorge-leganoa-no-es-el-bloqueo-es-la-credibilidad-diaz-canel-lo-ha-dejado-en-calzoncillos\/\" \/>\n<meta property=\"og:locale\" content=\"es_ES\" \/>\n<meta property=\"og:type\" content=\"article\" \/>\n<meta property=\"og:title\" content=\"El problema de Jorge Lega\u00f1oa no es el bloqueo: es la credibilidad. D\u00edaz-Canel lo ha dejado en calzoncillos - Cuballama Noticias\" \/>\n<meta property=\"og:description\" content=\"Jorge Lega\u00f1oa neg\u00f3 en TV contactos con EE.UU., pero d\u00edas despu\u00e9s D\u00edaz-Canel confirma conversaciones. Expuesto el presidente de Prensa Latina.\" \/>\n<meta property=\"og:url\" content=\"https:\/\/www.cuballama.com\/noticias\/el-problema-de-jorge-leganoa-no-es-el-bloqueo-es-la-credibilidad-diaz-canel-lo-ha-dejado-en-calzoncillos\/\" \/>\n<meta property=\"og:site_name\" content=\"Cuballama Noticias\" \/>\n<meta property=\"article:publisher\" content=\"https:\/\/www.facebook.com\/CubaLlama\" \/>\n<meta property=\"article:published_time\" content=\"2026-03-13T14:37:13+00:00\" \/>\n<meta property=\"article:modified_time\" content=\"2026-03-13T14:37:18+00:00\" \/>\n<meta property=\"og:image\" content=\"https:\/\/cdn1.mediawpaccore.net\/wp-content\/uploads\/2025\/12\/01052453\/image-1.png\" \/>\n\t<meta property=\"og:image:width\" content=\"1356\" \/>\n\t<meta property=\"og:image:height\" content=\"674\" \/>\n\t<meta property=\"og:image:type\" content=\"image\/png\" \/>\n<meta name=\"author\" content=\"Roberto A.\" \/>\n<meta name=\"twitter:card\" content=\"summary_large_image\" \/>\n<meta name=\"twitter:creator\" content=\"@cuballama\" \/>\n<meta name=\"twitter:site\" content=\"@cuballama\" \/>\n<meta name=\"twitter:label1\" content=\"Escrito por\" \/>\n\t<meta name=\"twitter:data1\" content=\"Roberto A.\" \/>\n\t<meta name=\"twitter:label2\" content=\"Tiempo de lectura\" \/>\n\t<meta name=\"twitter:data2\" content=\"6 minutos\" \/>\n<script type=\"application\/ld+json\" class=\"yoast-schema-graph\">{\"@context\":\"https:\\\/\\\/schema.org\",\"@graph\":[{\"@type\":\"Article\",\"@id\":\"https:\\\/\\\/www.cuballama.com\\\/noticias\\\/el-problema-de-jorge-leganoa-no-es-el-bloqueo-es-la-credibilidad-diaz-canel-lo-ha-dejado-en-calzoncillos\\\/#article\",\"isPartOf\":{\"@id\":\"https:\\\/\\\/www.cuballama.com\\\/noticias\\\/el-problema-de-jorge-leganoa-no-es-el-bloqueo-es-la-credibilidad-diaz-canel-lo-ha-dejado-en-calzoncillos\\\/\"},\"author\":{\"name\":\"Roberto A.\",\"@id\":\"https:\\\/\\\/www.cuballama.com\\\/noticias\\\/#\\\/schema\\\/person\\\/a58502ed4146c8e9f83872e897c76cd2\"},\"headline\":\"El problema de Jorge Lega\u00f1oa no es el bloqueo: es la credibilidad. D\u00edaz-Canel lo ha dejado en calzoncillos\",\"datePublished\":\"2026-03-13T14:37:13+00:00\",\"dateModified\":\"2026-03-13T14:37:18+00:00\",\"mainEntityOfPage\":{\"@id\":\"https:\\\/\\\/www.cuballama.com\\\/noticias\\\/el-problema-de-jorge-leganoa-no-es-el-bloqueo-es-la-credibilidad-diaz-canel-lo-ha-dejado-en-calzoncillos\\\/\"},\"wordCount\":1187,\"commentCount\":1,\"publisher\":{\"@id\":\"https:\\\/\\\/www.cuballama.com\\\/noticias\\\/#organization\"},\"image\":{\"@id\":\"https:\\\/\\\/www.cuballama.com\\\/noticias\\\/el-problema-de-jorge-leganoa-no-es-el-bloqueo-es-la-credibilidad-diaz-canel-lo-ha-dejado-en-calzoncillos\\\/#primaryimage\"},\"thumbnailUrl\":\"https:\\\/\\\/cdn1.mediawpaccore.net\\\/wp-content\\\/uploads\\\/2025\\\/12\\\/01052453\\\/image-1.png\",\"keywords\":[\"bloqueo a Cuba\",\"Carlos Cabrera\",\"conversaciones Cuba Estados Unidos\",\"Corrupci\u00f3n en Cuba\",\"D\u00edaz-Canel\",\"Jorge Lega\u00f1oa\",\"Jos\u00e9 Luis Tan Estrada\",\"medios oficiales Cuba\",\"PCC\",\"periodismo oficialista\",\"Prensa Latina\",\"privilegios en cuba\",\"propaganda cubana\",\"televisi\u00f3n cubana\",\"Universidad de La Habana\",\"UPEC\"],\"articleSection\":[\"Noticias\",\"Noticias de Cuba\",\"Opini\u00f3n\"],\"inLanguage\":\"es\",\"potentialAction\":[{\"@type\":\"CommentAction\",\"name\":\"Comment\",\"target\":[\"https:\\\/\\\/www.cuballama.com\\\/noticias\\\/el-problema-de-jorge-leganoa-no-es-el-bloqueo-es-la-credibilidad-diaz-canel-lo-ha-dejado-en-calzoncillos\\\/#respond\"]}]},{\"@type\":\"WebPage\",\"@id\":\"https:\\\/\\\/www.cuballama.com\\\/noticias\\\/el-problema-de-jorge-leganoa-no-es-el-bloqueo-es-la-credibilidad-diaz-canel-lo-ha-dejado-en-calzoncillos\\\/\",\"url\":\"https:\\\/\\\/www.cuballama.com\\\/noticias\\\/el-problema-de-jorge-leganoa-no-es-el-bloqueo-es-la-credibilidad-diaz-canel-lo-ha-dejado-en-calzoncillos\\\/\",\"name\":\"El problema de Jorge Lega\u00f1oa no es el bloqueo: es la credibilidad. D\u00edaz-Canel lo ha dejado en calzoncillos - Cuballama Noticias\",\"isPartOf\":{\"@id\":\"https:\\\/\\\/www.cuballama.com\\\/noticias\\\/#website\"},\"primaryImageOfPage\":{\"@id\":\"https:\\\/\\\/www.cuballama.com\\\/noticias\\\/el-problema-de-jorge-leganoa-no-es-el-bloqueo-es-la-credibilidad-diaz-canel-lo-ha-dejado-en-calzoncillos\\\/#primaryimage\"},\"image\":{\"@id\":\"https:\\\/\\\/www.cuballama.com\\\/noticias\\\/el-problema-de-jorge-leganoa-no-es-el-bloqueo-es-la-credibilidad-diaz-canel-lo-ha-dejado-en-calzoncillos\\\/#primaryimage\"},\"thumbnailUrl\":\"https:\\\/\\\/cdn1.mediawpaccore.net\\\/wp-content\\\/uploads\\\/2025\\\/12\\\/01052453\\\/image-1.png\",\"datePublished\":\"2026-03-13T14:37:13+00:00\",\"dateModified\":\"2026-03-13T14:37:18+00:00\",\"description\":\"Jorge Lega\u00f1oa neg\u00f3 en TV contactos con EE.UU., pero d\u00edas despu\u00e9s D\u00edaz-Canel confirma conversaciones. Expuesto el presidente de Prensa Latina.\",\"breadcrumb\":{\"@id\":\"https:\\\/\\\/www.cuballama.com\\\/noticias\\\/el-problema-de-jorge-leganoa-no-es-el-bloqueo-es-la-credibilidad-diaz-canel-lo-ha-dejado-en-calzoncillos\\\/#breadcrumb\"},\"inLanguage\":\"es\",\"potentialAction\":[{\"@type\":\"ReadAction\",\"target\":[\"https:\\\/\\\/www.cuballama.com\\\/noticias\\\/el-problema-de-jorge-leganoa-no-es-el-bloqueo-es-la-credibilidad-diaz-canel-lo-ha-dejado-en-calzoncillos\\\/\"]}]},{\"@type\":\"ImageObject\",\"inLanguage\":\"es\",\"@id\":\"https:\\\/\\\/www.cuballama.com\\\/noticias\\\/el-problema-de-jorge-leganoa-no-es-el-bloqueo-es-la-credibilidad-diaz-canel-lo-ha-dejado-en-calzoncillos\\\/#primaryimage\",\"url\":\"https:\\\/\\\/cdn1.mediawpaccore.net\\\/wp-content\\\/uploads\\\/2025\\\/12\\\/01052453\\\/image-1.png\",\"contentUrl\":\"https:\\\/\\\/cdn1.mediawpaccore.net\\\/wp-content\\\/uploads\\\/2025\\\/12\\\/01052453\\\/image-1.png\",\"width\":1356,\"height\":674,\"caption\":\"Jorge Lega\u00f1oa. Un mediocre corrupto al cual \\\"el bloqueo\\\" jam\u00e1s le impidi\u00f3 trepar como trep\u00f3: serruchando pisos.\"},{\"@type\":\"BreadcrumbList\",\"@id\":\"https:\\\/\\\/www.cuballama.com\\\/noticias\\\/el-problema-de-jorge-leganoa-no-es-el-bloqueo-es-la-credibilidad-diaz-canel-lo-ha-dejado-en-calzoncillos\\\/#breadcrumb\",\"itemListElement\":[{\"@type\":\"ListItem\",\"position\":1,\"name\":\"Home\",\"item\":\"https:\\\/\\\/www.cuballama.com\\\/noticias\\\/\"},{\"@type\":\"ListItem\",\"position\":2,\"name\":\"El problema de Jorge Lega\u00f1oa no es el bloqueo: es la credibilidad. D\u00edaz-Canel lo ha dejado en calzoncillos\"}]},{\"@type\":\"WebSite\",\"@id\":\"https:\\\/\\\/www.cuballama.com\\\/noticias\\\/#website\",\"url\":\"https:\\\/\\\/www.cuballama.com\\\/noticias\\\/\",\"name\":\"Cuballama Noticias\",\"description\":\"Medio digital sobre Cuba y el mundo\",\"publisher\":{\"@id\":\"https:\\\/\\\/www.cuballama.com\\\/noticias\\\/#organization\"},\"potentialAction\":[{\"@type\":\"SearchAction\",\"target\":{\"@type\":\"EntryPoint\",\"urlTemplate\":\"https:\\\/\\\/www.cuballama.com\\\/noticias\\\/?s={search_term_string}\"},\"query-input\":{\"@type\":\"PropertyValueSpecification\",\"valueRequired\":true,\"valueName\":\"search_term_string\"}}],\"inLanguage\":\"es\"},{\"@type\":\"Organization\",\"@id\":\"https:\\\/\\\/www.cuballama.com\\\/noticias\\\/#organization\",\"name\":\"Cuballama\",\"url\":\"https:\\\/\\\/www.cuballama.com\\\/noticias\\\/\",\"logo\":{\"@type\":\"ImageObject\",\"inLanguage\":\"es\",\"@id\":\"https:\\\/\\\/www.cuballama.com\\\/noticias\\\/#\\\/schema\\\/logo\\\/image\\\/\",\"url\":\"https:\\\/\\\/cdn1.mediawpaccore.net\\\/wp-content\\\/uploads\\\/2021\\\/12\\\/28171206\\\/cbll-logo-color-sm.png\",\"contentUrl\":\"https:\\\/\\\/cdn1.mediawpaccore.net\\\/wp-content\\\/uploads\\\/2021\\\/12\\\/28171206\\\/cbll-logo-color-sm.png\",\"width\":600,\"height\":133,\"caption\":\"Cuballama\"},\"image\":{\"@id\":\"https:\\\/\\\/www.cuballama.com\\\/noticias\\\/#\\\/schema\\\/logo\\\/image\\\/\"},\"sameAs\":[\"https:\\\/\\\/www.facebook.com\\\/CubaLlama\",\"https:\\\/\\\/x.com\\\/cuballama\",\"https:\\\/\\\/www.instagram.com\\\/stories\\\/cuballama_oficial\\\/\",\"https:\\\/\\\/www.youtube.com\\\/channel\\\/UCKkFE-d_axENGZcrc4as0IA\"]},{\"@type\":\"Person\",\"@id\":\"https:\\\/\\\/www.cuballama.com\\\/noticias\\\/#\\\/schema\\\/person\\\/a58502ed4146c8e9f83872e897c76cd2\",\"name\":\"Roberto A.\",\"description\":\"Roberto A. Periodista por decisi\u00f3n propia. Interesado en cualquier tema que me apasione y cada vez m\u00e1s comprometido con la verdad y la objetividad period\u00edstica. Graduado en La Habana hace ya muchos a\u00f1os, luego de una accidentada y polvorienta b\u00fasqueda de informaci\u00f3n sobre un tema in\u00e9dito. La Tesis, por cierto, desapareci\u00f3 de la biblioteca y no se conservan copias de la misma.\",\"url\":\"https:\\\/\\\/www.cuballama.com\\\/noticias\\\/author\\\/roberto\\\/\"}]}<\/script>\n<!-- \/ Yoast SEO plugin. -->","yoast_head_json":{"title":"El problema de Jorge Lega\u00f1oa no es el bloqueo: es la credibilidad. D\u00edaz-Canel lo ha dejado en calzoncillos - Cuballama Noticias","description":"Jorge Lega\u00f1oa neg\u00f3 en TV contactos con EE.UU., pero d\u00edas despu\u00e9s D\u00edaz-Canel confirma conversaciones. Expuesto el presidente de Prensa Latina.","robots":{"index":"index","follow":"follow","max-snippet":"max-snippet:-1","max-image-preview":"max-image-preview:large","max-video-preview":"max-video-preview:-1"},"canonical":"https:\/\/www.cuballama.com\/noticias\/el-problema-de-jorge-leganoa-no-es-el-bloqueo-es-la-credibilidad-diaz-canel-lo-ha-dejado-en-calzoncillos\/","og_locale":"es_ES","og_type":"article","og_title":"El problema de Jorge Lega\u00f1oa no es el bloqueo: es la credibilidad. D\u00edaz-Canel lo ha dejado en calzoncillos - Cuballama Noticias","og_description":"Jorge Lega\u00f1oa neg\u00f3 en TV contactos con EE.UU., pero d\u00edas despu\u00e9s D\u00edaz-Canel confirma conversaciones. Expuesto el presidente de Prensa Latina.","og_url":"https:\/\/www.cuballama.com\/noticias\/el-problema-de-jorge-leganoa-no-es-el-bloqueo-es-la-credibilidad-diaz-canel-lo-ha-dejado-en-calzoncillos\/","og_site_name":"Cuballama Noticias","article_publisher":"https:\/\/www.facebook.com\/CubaLlama","article_published_time":"2026-03-13T14:37:13+00:00","article_modified_time":"2026-03-13T14:37:18+00:00","og_image":[{"width":1356,"height":674,"url":"https:\/\/cdn1.mediawpaccore.net\/wp-content\/uploads\/2025\/12\/01052453\/image-1.png","type":"image\/png"}],"author":"Roberto A.","twitter_card":"summary_large_image","twitter_creator":"@cuballama","twitter_site":"@cuballama","twitter_misc":{"Escrito por":"Roberto A.","Tiempo de lectura":"6 minutos"},"schema":{"@context":"https:\/\/schema.org","@graph":[{"@type":"Article","@id":"https:\/\/www.cuballama.com\/noticias\/el-problema-de-jorge-leganoa-no-es-el-bloqueo-es-la-credibilidad-diaz-canel-lo-ha-dejado-en-calzoncillos\/#article","isPartOf":{"@id":"https:\/\/www.cuballama.com\/noticias\/el-problema-de-jorge-leganoa-no-es-el-bloqueo-es-la-credibilidad-diaz-canel-lo-ha-dejado-en-calzoncillos\/"},"author":{"name":"Roberto A.","@id":"https:\/\/www.cuballama.com\/noticias\/#\/schema\/person\/a58502ed4146c8e9f83872e897c76cd2"},"headline":"El problema de Jorge Lega\u00f1oa no es el bloqueo: es la credibilidad. D\u00edaz-Canel lo ha dejado en calzoncillos","datePublished":"2026-03-13T14:37:13+00:00","dateModified":"2026-03-13T14:37:18+00:00","mainEntityOfPage":{"@id":"https:\/\/www.cuballama.com\/noticias\/el-problema-de-jorge-leganoa-no-es-el-bloqueo-es-la-credibilidad-diaz-canel-lo-ha-dejado-en-calzoncillos\/"},"wordCount":1187,"commentCount":1,"publisher":{"@id":"https:\/\/www.cuballama.com\/noticias\/#organization"},"image":{"@id":"https:\/\/www.cuballama.com\/noticias\/el-problema-de-jorge-leganoa-no-es-el-bloqueo-es-la-credibilidad-diaz-canel-lo-ha-dejado-en-calzoncillos\/#primaryimage"},"thumbnailUrl":"https:\/\/cdn1.mediawpaccore.net\/wp-content\/uploads\/2025\/12\/01052453\/image-1.png","keywords":["bloqueo a Cuba","Carlos Cabrera","conversaciones Cuba Estados Unidos","Corrupci\u00f3n en Cuba","D\u00edaz-Canel","Jorge Lega\u00f1oa","Jos\u00e9 Luis Tan Estrada","medios oficiales Cuba","PCC","periodismo oficialista","Prensa Latina","privilegios en cuba","propaganda cubana","televisi\u00f3n cubana","Universidad de La Habana","UPEC"],"articleSection":["Noticias","Noticias de Cuba","Opini\u00f3n"],"inLanguage":"es","potentialAction":[{"@type":"CommentAction","name":"Comment","target":["https:\/\/www.cuballama.com\/noticias\/el-problema-de-jorge-leganoa-no-es-el-bloqueo-es-la-credibilidad-diaz-canel-lo-ha-dejado-en-calzoncillos\/#respond"]}]},{"@type":"WebPage","@id":"https:\/\/www.cuballama.com\/noticias\/el-problema-de-jorge-leganoa-no-es-el-bloqueo-es-la-credibilidad-diaz-canel-lo-ha-dejado-en-calzoncillos\/","url":"https:\/\/www.cuballama.com\/noticias\/el-problema-de-jorge-leganoa-no-es-el-bloqueo-es-la-credibilidad-diaz-canel-lo-ha-dejado-en-calzoncillos\/","name":"El problema de Jorge Lega\u00f1oa no es el bloqueo: es la credibilidad. D\u00edaz-Canel lo ha dejado en calzoncillos - Cuballama Noticias","isPartOf":{"@id":"https:\/\/www.cuballama.com\/noticias\/#website"},"primaryImageOfPage":{"@id":"https:\/\/www.cuballama.com\/noticias\/el-problema-de-jorge-leganoa-no-es-el-bloqueo-es-la-credibilidad-diaz-canel-lo-ha-dejado-en-calzoncillos\/#primaryimage"},"image":{"@id":"https:\/\/www.cuballama.com\/noticias\/el-problema-de-jorge-leganoa-no-es-el-bloqueo-es-la-credibilidad-diaz-canel-lo-ha-dejado-en-calzoncillos\/#primaryimage"},"thumbnailUrl":"https:\/\/cdn1.mediawpaccore.net\/wp-content\/uploads\/2025\/12\/01052453\/image-1.png","datePublished":"2026-03-13T14:37:13+00:00","dateModified":"2026-03-13T14:37:18+00:00","description":"Jorge Lega\u00f1oa neg\u00f3 en TV contactos con EE.UU., pero d\u00edas despu\u00e9s D\u00edaz-Canel confirma conversaciones. Expuesto el presidente de Prensa Latina.","breadcrumb":{"@id":"https:\/\/www.cuballama.com\/noticias\/el-problema-de-jorge-leganoa-no-es-el-bloqueo-es-la-credibilidad-diaz-canel-lo-ha-dejado-en-calzoncillos\/#breadcrumb"},"inLanguage":"es","potentialAction":[{"@type":"ReadAction","target":["https:\/\/www.cuballama.com\/noticias\/el-problema-de-jorge-leganoa-no-es-el-bloqueo-es-la-credibilidad-diaz-canel-lo-ha-dejado-en-calzoncillos\/"]}]},{"@type":"ImageObject","inLanguage":"es","@id":"https:\/\/www.cuballama.com\/noticias\/el-problema-de-jorge-leganoa-no-es-el-bloqueo-es-la-credibilidad-diaz-canel-lo-ha-dejado-en-calzoncillos\/#primaryimage","url":"https:\/\/cdn1.mediawpaccore.net\/wp-content\/uploads\/2025\/12\/01052453\/image-1.png","contentUrl":"https:\/\/cdn1.mediawpaccore.net\/wp-content\/uploads\/2025\/12\/01052453\/image-1.png","width":1356,"height":674,"caption":"Jorge Lega\u00f1oa. Un mediocre corrupto al cual \"el bloqueo\" jam\u00e1s le impidi\u00f3 trepar como trep\u00f3: serruchando pisos."},{"@type":"BreadcrumbList","@id":"https:\/\/www.cuballama.com\/noticias\/el-problema-de-jorge-leganoa-no-es-el-bloqueo-es-la-credibilidad-diaz-canel-lo-ha-dejado-en-calzoncillos\/#breadcrumb","itemListElement":[{"@type":"ListItem","position":1,"name":"Home","item":"https:\/\/www.cuballama.com\/noticias\/"},{"@type":"ListItem","position":2,"name":"El problema de Jorge Lega\u00f1oa no es el bloqueo: es la credibilidad. D\u00edaz-Canel lo ha dejado en calzoncillos"}]},{"@type":"WebSite","@id":"https:\/\/www.cuballama.com\/noticias\/#website","url":"https:\/\/www.cuballama.com\/noticias\/","name":"Cuballama Noticias","description":"Medio digital sobre Cuba y el mundo","publisher":{"@id":"https:\/\/www.cuballama.com\/noticias\/#organization"},"potentialAction":[{"@type":"SearchAction","target":{"@type":"EntryPoint","urlTemplate":"https:\/\/www.cuballama.com\/noticias\/?s={search_term_string}"},"query-input":{"@type":"PropertyValueSpecification","valueRequired":true,"valueName":"search_term_string"}}],"inLanguage":"es"},{"@type":"Organization","@id":"https:\/\/www.cuballama.com\/noticias\/#organization","name":"Cuballama","url":"https:\/\/www.cuballama.com\/noticias\/","logo":{"@type":"ImageObject","inLanguage":"es","@id":"https:\/\/www.cuballama.com\/noticias\/#\/schema\/logo\/image\/","url":"https:\/\/cdn1.mediawpaccore.net\/wp-content\/uploads\/2021\/12\/28171206\/cbll-logo-color-sm.png","contentUrl":"https:\/\/cdn1.mediawpaccore.net\/wp-content\/uploads\/2021\/12\/28171206\/cbll-logo-color-sm.png","width":600,"height":133,"caption":"Cuballama"},"image":{"@id":"https:\/\/www.cuballama.com\/noticias\/#\/schema\/logo\/image\/"},"sameAs":["https:\/\/www.facebook.com\/CubaLlama","https:\/\/x.com\/cuballama","https:\/\/www.instagram.com\/stories\/cuballama_oficial\/","https:\/\/www.youtube.com\/channel\/UCKkFE-d_axENGZcrc4as0IA"]},{"@type":"Person","@id":"https:\/\/www.cuballama.com\/noticias\/#\/schema\/person\/a58502ed4146c8e9f83872e897c76cd2","name":"Roberto A.","description":"Roberto A. Periodista por decisi\u00f3n propia. Interesado en cualquier tema que me apasione y cada vez m\u00e1s comprometido con la verdad y la objetividad period\u00edstica. Graduado en La Habana hace ya muchos a\u00f1os, luego de una accidentada y polvorienta b\u00fasqueda de informaci\u00f3n sobre un tema in\u00e9dito. La Tesis, por cierto, desapareci\u00f3 de la biblioteca y no se conservan copias de la misma.","url":"https:\/\/www.cuballama.com\/noticias\/author\/roberto\/"}]}},"_links":{"self":[{"href":"https:\/\/www.cuballama.com\/noticias\/wp-json\/wp\/v2\/posts\/237696","targetHints":{"allow":["GET"]}}],"collection":[{"href":"https:\/\/www.cuballama.com\/noticias\/wp-json\/wp\/v2\/posts"}],"about":[{"href":"https:\/\/www.cuballama.com\/noticias\/wp-json\/wp\/v2\/types\/post"}],"author":[{"embeddable":true,"href":"https:\/\/www.cuballama.com\/noticias\/wp-json\/wp\/v2\/users\/13"}],"replies":[{"embeddable":true,"href":"https:\/\/www.cuballama.com\/noticias\/wp-json\/wp\/v2\/comments?post=237696"}],"version-history":[{"count":3,"href":"https:\/\/www.cuballama.com\/noticias\/wp-json\/wp\/v2\/posts\/237696\/revisions"}],"predecessor-version":[{"id":238072,"href":"https:\/\/www.cuballama.com\/noticias\/wp-json\/wp\/v2\/posts\/237696\/revisions\/238072"}],"wp:featuredmedia":[{"embeddable":true,"href":"https:\/\/www.cuballama.com\/noticias\/wp-json\/wp\/v2\/media\/227387"}],"wp:attachment":[{"href":"https:\/\/www.cuballama.com\/noticias\/wp-json\/wp\/v2\/media?parent=237696"}],"wp:term":[{"taxonomy":"category","embeddable":true,"href":"https:\/\/www.cuballama.com\/noticias\/wp-json\/wp\/v2\/categories?post=237696"},{"taxonomy":"post_tag","embeddable":true,"href":"https:\/\/www.cuballama.com\/noticias\/wp-json\/wp\/v2\/tags?post=237696"}],"curies":[{"name":"wp","href":"https:\/\/api.w.org\/{rel}","templated":true}]}}