{"id":237684,"date":"2026-03-10T10:07:17","date_gmt":"2026-03-10T14:07:17","guid":{"rendered":"https:\/\/www.cuballama.com\/noticias\/?p=237684"},"modified":"2026-03-10T10:07:23","modified_gmt":"2026-03-10T14:07:23","slug":"sujeto-irrumpe-armado-en-secundaria-de-guantanamo-y-provoca-alarma-entre-estudiantes-y-profesores-videos","status":"publish","type":"post","link":"https:\/\/www.cuballama.com\/noticias\/sujeto-irrumpe-armado-en-secundaria-de-guantanamo-y-provoca-alarma-entre-estudiantes-y-profesores-videos\/","title":{"rendered":"Sujeto irrumpe armado en secundaria de Guant\u00e1namo y provoca alarma entre estudiantes y profesores (+ videos)"},"content":{"rendered":"\n<p>Un incidente ocurrido este lunes en la Escuela Secundaria B\u00e1sica Regino Eladio Botti, en la ciudad de Guant\u00e1namo, gener\u00f3 momentos de tensi\u00f3n entre estudiantes y profesores luego de que un hombre ingresara al centro escolar en circunstancias a\u00fan no esclarecidas. El hecho fue reportado inicialmente a trav\u00e9s de publicaciones en redes sociales por familiares de alumnos y residentes de la zona.<\/p>\n\n\n\n<p>Seg\u00fan versiones difundidas en Facebook, el individuo logr\u00f3 entrar a uno de los espacios del centro educativo mientras se desarrollaban las clases, lo que provoc\u00f3 alarma entre los presentes. Algunos testimonios se\u00f1alan que el hombre portaba un machete y habr\u00eda accedido a un aula, lo que oblig\u00f3 a maestros y trabajadores del plantel a intervenir para evitar que la situaci\u00f3n escalara.<\/p>\n\n\n\n<p>De acuerdo con esas mismas versiones, varios profesores lograron reducir al individuo y retenerlo dentro de la escuela hasta que las autoridades acudieran al lugar. Los relatos difundidos indican que el incidente no dej\u00f3 estudiantes ni trabajadores lesionados, aunque el episodio provoc\u00f3 momentos de gran nerviosismo dentro del centro escolar.<\/p>\n\n\n\n<iframe loading=\"lazy\" src=\"https:\/\/www.facebook.com\/plugins\/video.php?height=476&#038;href=https%3A%2F%2Fwww.facebook.com%2F409172705611368%2Fvideos%2F817863317991081%2F%3Fidorvanity%3D1079779620207287&#038;show_text=true&#038;width=476&#038;t=0\" width=\"476\" height=\"591\" style=\"border:none;overflow:hidden\" scrolling=\"no\" frameborder=\"0\" allowfullscreen=\"true\" allow=\"autoplay; clipboard-write; encrypted-media; picture-in-picture; web-share\" allowFullScreen=\"true\"><\/iframe>\n\n\n\n<p>Hasta ahora no existe una versi\u00f3n oficial publicada por medios estatales o autoridades locales que confirme con precisi\u00f3n lo ocurrido o que detalle las circunstancias que llevaron al hombre a ingresar al plantel. Tampoco se ha informado p\u00fablicamente si la persona implicada fue detenida o cu\u00e1l ser\u00eda su identidad.<\/p>\n\n\n\n<iframe loading=\"lazy\" src=\"https:\/\/www.facebook.com\/plugins\/video.php?height=476&#038;href=https%3A%2F%2Fwww.facebook.com%2F409172705611368%2Fvideos%2F26201148872875965%2F%3Fidorvanity%3D1079779620207287&#038;show_text=true&#038;width=476&#038;t=0\" width=\"476\" height=\"591\" style=\"border:none;overflow:hidden\" scrolling=\"no\" frameborder=\"0\" allowfullscreen=\"true\" allow=\"autoplay; clipboard-write; encrypted-media; picture-in-picture; web-share\" allowFullScreen=\"true\"><\/iframe>\n\n\n\n<p>En medio de la circulaci\u00f3n de testimonios en redes sociales han surgido versiones distintas sobre lo sucedido. Mientras algunos usuarios aseguran que el hombre estaba armado con un machete, otros relatos se\u00f1alan que el incidente podr\u00eda haber comenzado fuera de la escuela, cuando el individuo supuestamente intentaba despojar a una estudiante de sus pertenencias, incluida una motorina o bicicleta el\u00e9ctrica.<\/p>\n\n\n\n<figure class=\"wp-block-image size-large\"><img loading=\"lazy\" decoding=\"async\" width=\"1024\" height=\"814\" src=\"https:\/\/cdn1.mediawpaccore.net\/wp-content\/uploads\/2026\/03\/10060153\/image-45-1024x814.png\" alt=\"\" class=\"wp-image-237688\" srcset=\"https:\/\/cdn1.mediawpaccore.net\/wp-content\/uploads\/2026\/03\/10060153\/image-45-1024x814.png 1024w, https:\/\/cdn1.mediawpaccore.net\/wp-content\/uploads\/2026\/03\/10060153\/image-45-300x238.png 300w, https:\/\/cdn1.mediawpaccore.net\/wp-content\/uploads\/2026\/03\/10060153\/image-45-768x611.png 768w, https:\/\/cdn1.mediawpaccore.net\/wp-content\/uploads\/2026\/03\/10060153\/image-45-528x420.png 528w, https:\/\/cdn1.mediawpaccore.net\/wp-content\/uploads\/2026\/03\/10060153\/image-45-150x119.png 150w, https:\/\/cdn1.mediawpaccore.net\/wp-content\/uploads\/2026\/03\/10060153\/image-45-696x553.png 696w, https:\/\/cdn1.mediawpaccore.net\/wp-content\/uploads\/2026\/03\/10060153\/image-45-1068x849.png 1068w, https:\/\/cdn1.mediawpaccore.net\/wp-content\/uploads\/2026\/03\/10060153\/image-45.png 1395w\" sizes=\"auto, (max-width: 1024px) 100vw, 1024px\" \/><\/figure>\n\n\n\n<p>Otra versi\u00f3n difundida en <a href=\"https:\/\/www.facebook.com\/groups\/1079779620207287?multi_permalinks=1485786826273229&amp;hoisted_section_header_type=recently_seen\">grupos locales de Guant\u00e1namo<\/a> sostiene que el hombre habr\u00eda sido interceptado por un familiar de la menor y que, en medio de la persecuci\u00f3n, termin\u00f3 entrando al \u00e1rea de la escuela mientras intentaba escapar.<\/p>\n\n\n\n<iframe loading=\"lazy\" src=\"https:\/\/www.facebook.com\/plugins\/video.php?height=476&#038;href=https%3A%2F%2Fwww.facebook.com%2F409172705611368%2Fvideos%2F1596230411596399%2F%3Fidorvanity%3D1079779620207287&#038;show_text=true&#038;width=476&#038;t=0\" width=\"476\" height=\"591\" style=\"border:none;overflow:hidden\" scrolling=\"no\" frameborder=\"0\" allowfullscreen=\"true\" allow=\"autoplay; clipboard-write; encrypted-media; picture-in-picture; web-share\" allowFullScreen=\"true\"><\/iframe>\n\n\n\n<p>M\u00e1s all\u00e1 de las diferencias en los detalles, la mayor\u00eda de los testimonios coinciden en que profesores y vecinos actuaron con rapidez para evitar que la situaci\u00f3n derivara en consecuencias m\u00e1s graves.<\/p>\n\n\n\n<p>El episodio ha provocado numerosas reacciones en redes sociales entre residentes de Guant\u00e1namo y antiguos estudiantes de la escuela, quienes expresaron preocupaci\u00f3n por lo ocurrido y por la seguridad en los centros educativos.<\/p>\n\n\n\n<p>Por el momento, lo \u00fanico confirmado por las publicaciones difundidas es que el incidente ocurri\u00f3 en la Secundaria B\u00e1sica Regino Eladio Botti y que no se reportaron personas heridas. Se espera que en las pr\u00f3ximas horas las autoridades ofrezcan informaci\u00f3n m\u00e1s clara sobre lo sucedido.<\/p>\n\n\n\n<p><\/p>\n","protected":false},"excerpt":{"rendered":"<p>Un hombre irrumpi\u00f3 en la secundaria Regino Eladio Botti de Guant\u00e1namo, generando alarma entre estudiantes y profesores.<\/p>\n","protected":false},"author":13,"featured_media":237687,"comment_status":"open","ping_status":"closed","sticky":false,"template":"","format":"standard","meta":{"_acf_changed":false,"footnotes":""},"categories":[18,955],"tags":[941,9132,1151,6574,30991,10276],"class_list":{"0":"post-237684","1":"post","2":"type-post","3":"status-publish","4":"format-standard","5":"has-post-thumbnail","7":"category-noticias","8":"category-noticias-de-cuba","9":"tag-destacado","10":"tag-escuelas-en-cuba","11":"tag-guantanamo","12":"tag-inseguridad","13":"tag-regino-eladio-botti","14":"tag-violencia-en-cuba"},"acf":[],"yoast_head":"<!-- This site is optimized with the Yoast SEO plugin v27.4 - https:\/\/yoast.com\/product\/yoast-seo-wordpress\/ -->\n<title>Sujeto irrumpe armado en secundaria de Guant\u00e1namo y provoca alarma entre estudiantes y profesores (+ videos) - Cuballama Noticias<\/title>\n<meta name=\"description\" content=\"Un hombre ingres\u00f3 a una secundaria en Guant\u00e1namo y provoc\u00f3 alarma entre estudiantes y profesores; no se reportan heridos.\" \/>\n<meta name=\"robots\" content=\"index, follow, max-snippet:-1, max-image-preview:large, max-video-preview:-1\" \/>\n<link rel=\"canonical\" href=\"https:\/\/www.cuballama.com\/noticias\/sujeto-irrumpe-armado-en-secundaria-de-guantanamo-y-provoca-alarma-entre-estudiantes-y-profesores-videos\/\" \/>\n<meta property=\"og:locale\" content=\"es_ES\" \/>\n<meta property=\"og:type\" content=\"article\" \/>\n<meta property=\"og:title\" content=\"Sujeto irrumpe armado en secundaria de Guant\u00e1namo y provoca alarma entre estudiantes y profesores (+ videos) - Cuballama Noticias\" \/>\n<meta property=\"og:description\" content=\"Un hombre ingres\u00f3 a una secundaria en Guant\u00e1namo y provoc\u00f3 alarma entre estudiantes y profesores; no se reportan heridos.\" \/>\n<meta property=\"og:url\" content=\"https:\/\/www.cuballama.com\/noticias\/sujeto-irrumpe-armado-en-secundaria-de-guantanamo-y-provoca-alarma-entre-estudiantes-y-profesores-videos\/\" \/>\n<meta property=\"og:site_name\" content=\"Cuballama Noticias\" \/>\n<meta property=\"article:publisher\" content=\"https:\/\/www.facebook.com\/CubaLlama\" \/>\n<meta property=\"article:published_time\" content=\"2026-03-10T14:07:17+00:00\" \/>\n<meta property=\"article:modified_time\" content=\"2026-03-10T14:07:23+00:00\" \/>\n<meta property=\"og:image\" content=\"https:\/\/cdn1.mediawpaccore.net\/wp-content\/uploads\/2026\/03\/10055828\/648904461_1513499903706024_6796692628528772426_n.jpg\" \/>\n\t<meta property=\"og:image:width\" content=\"960\" \/>\n\t<meta property=\"og:image:height\" content=\"540\" \/>\n\t<meta property=\"og:image:type\" content=\"image\/jpeg\" \/>\n<meta name=\"author\" content=\"Roberto A.\" \/>\n<meta name=\"twitter:card\" content=\"summary_large_image\" \/>\n<meta name=\"twitter:creator\" content=\"@cuballama\" \/>\n<meta name=\"twitter:site\" content=\"@cuballama\" \/>\n<meta name=\"twitter:label1\" content=\"Escrito por\" \/>\n\t<meta name=\"twitter:data1\" content=\"Roberto A.\" \/>\n\t<meta name=\"twitter:label2\" content=\"Tiempo de lectura\" \/>\n\t<meta name=\"twitter:data2\" content=\"3 minutos\" \/>\n<script type=\"application\/ld+json\" class=\"yoast-schema-graph\">{\"@context\":\"https:\\\/\\\/schema.org\",\"@graph\":[{\"@type\":\"Article\",\"@id\":\"https:\\\/\\\/www.cuballama.com\\\/noticias\\\/sujeto-irrumpe-armado-en-secundaria-de-guantanamo-y-provoca-alarma-entre-estudiantes-y-profesores-videos\\\/#article\",\"isPartOf\":{\"@id\":\"https:\\\/\\\/www.cuballama.com\\\/noticias\\\/sujeto-irrumpe-armado-en-secundaria-de-guantanamo-y-provoca-alarma-entre-estudiantes-y-profesores-videos\\\/\"},\"author\":{\"name\":\"Roberto A.\",\"@id\":\"https:\\\/\\\/www.cuballama.com\\\/noticias\\\/#\\\/schema\\\/person\\\/a58502ed4146c8e9f83872e897c76cd2\"},\"headline\":\"Sujeto irrumpe armado en secundaria de Guant\u00e1namo y provoca alarma entre estudiantes y profesores (+ videos)\",\"datePublished\":\"2026-03-10T14:07:17+00:00\",\"dateModified\":\"2026-03-10T14:07:23+00:00\",\"mainEntityOfPage\":{\"@id\":\"https:\\\/\\\/www.cuballama.com\\\/noticias\\\/sujeto-irrumpe-armado-en-secundaria-de-guantanamo-y-provoca-alarma-entre-estudiantes-y-profesores-videos\\\/\"},\"wordCount\":477,\"commentCount\":0,\"publisher\":{\"@id\":\"https:\\\/\\\/www.cuballama.com\\\/noticias\\\/#organization\"},\"image\":{\"@id\":\"https:\\\/\\\/www.cuballama.com\\\/noticias\\\/sujeto-irrumpe-armado-en-secundaria-de-guantanamo-y-provoca-alarma-entre-estudiantes-y-profesores-videos\\\/#primaryimage\"},\"thumbnailUrl\":\"https:\\\/\\\/cdn1.mediawpaccore.net\\\/wp-content\\\/uploads\\\/2026\\\/03\\\/10055828\\\/648904461_1513499903706024_6796692628528772426_n.jpg\",\"keywords\":[\"destacado\",\"Escuelas en Cuba\",\"Guant\u00e1namo\",\"inseguridad\",\"Regino Eladio Botti\",\"violencia en Cuba\"],\"articleSection\":[\"Noticias\",\"Noticias de Cuba\"],\"inLanguage\":\"es\",\"potentialAction\":[{\"@type\":\"CommentAction\",\"name\":\"Comment\",\"target\":[\"https:\\\/\\\/www.cuballama.com\\\/noticias\\\/sujeto-irrumpe-armado-en-secundaria-de-guantanamo-y-provoca-alarma-entre-estudiantes-y-profesores-videos\\\/#respond\"]}]},{\"@type\":\"WebPage\",\"@id\":\"https:\\\/\\\/www.cuballama.com\\\/noticias\\\/sujeto-irrumpe-armado-en-secundaria-de-guantanamo-y-provoca-alarma-entre-estudiantes-y-profesores-videos\\\/\",\"url\":\"https:\\\/\\\/www.cuballama.com\\\/noticias\\\/sujeto-irrumpe-armado-en-secundaria-de-guantanamo-y-provoca-alarma-entre-estudiantes-y-profesores-videos\\\/\",\"name\":\"Sujeto irrumpe armado en secundaria de Guant\u00e1namo y provoca alarma entre estudiantes y profesores (+ videos) - Cuballama Noticias\",\"isPartOf\":{\"@id\":\"https:\\\/\\\/www.cuballama.com\\\/noticias\\\/#website\"},\"primaryImageOfPage\":{\"@id\":\"https:\\\/\\\/www.cuballama.com\\\/noticias\\\/sujeto-irrumpe-armado-en-secundaria-de-guantanamo-y-provoca-alarma-entre-estudiantes-y-profesores-videos\\\/#primaryimage\"},\"image\":{\"@id\":\"https:\\\/\\\/www.cuballama.com\\\/noticias\\\/sujeto-irrumpe-armado-en-secundaria-de-guantanamo-y-provoca-alarma-entre-estudiantes-y-profesores-videos\\\/#primaryimage\"},\"thumbnailUrl\":\"https:\\\/\\\/cdn1.mediawpaccore.net\\\/wp-content\\\/uploads\\\/2026\\\/03\\\/10055828\\\/648904461_1513499903706024_6796692628528772426_n.jpg\",\"datePublished\":\"2026-03-10T14:07:17+00:00\",\"dateModified\":\"2026-03-10T14:07:23+00:00\",\"description\":\"Un hombre ingres\u00f3 a una secundaria en Guant\u00e1namo y provoc\u00f3 alarma entre estudiantes y profesores; no se reportan heridos.\",\"breadcrumb\":{\"@id\":\"https:\\\/\\\/www.cuballama.com\\\/noticias\\\/sujeto-irrumpe-armado-en-secundaria-de-guantanamo-y-provoca-alarma-entre-estudiantes-y-profesores-videos\\\/#breadcrumb\"},\"inLanguage\":\"es\",\"potentialAction\":[{\"@type\":\"ReadAction\",\"target\":[\"https:\\\/\\\/www.cuballama.com\\\/noticias\\\/sujeto-irrumpe-armado-en-secundaria-de-guantanamo-y-provoca-alarma-entre-estudiantes-y-profesores-videos\\\/\"]}]},{\"@type\":\"ImageObject\",\"inLanguage\":\"es\",\"@id\":\"https:\\\/\\\/www.cuballama.com\\\/noticias\\\/sujeto-irrumpe-armado-en-secundaria-de-guantanamo-y-provoca-alarma-entre-estudiantes-y-profesores-videos\\\/#primaryimage\",\"url\":\"https:\\\/\\\/cdn1.mediawpaccore.net\\\/wp-content\\\/uploads\\\/2026\\\/03\\\/10055828\\\/648904461_1513499903706024_6796692628528772426_n.jpg\",\"contentUrl\":\"https:\\\/\\\/cdn1.mediawpaccore.net\\\/wp-content\\\/uploads\\\/2026\\\/03\\\/10055828\\\/648904461_1513499903706024_6796692628528772426_n.jpg\",\"width\":960,\"height\":540,\"caption\":\"Foto: V\u00eda La Tijera \\\/ Facebook\"},{\"@type\":\"BreadcrumbList\",\"@id\":\"https:\\\/\\\/www.cuballama.com\\\/noticias\\\/sujeto-irrumpe-armado-en-secundaria-de-guantanamo-y-provoca-alarma-entre-estudiantes-y-profesores-videos\\\/#breadcrumb\",\"itemListElement\":[{\"@type\":\"ListItem\",\"position\":1,\"name\":\"Home\",\"item\":\"https:\\\/\\\/www.cuballama.com\\\/noticias\\\/\"},{\"@type\":\"ListItem\",\"position\":2,\"name\":\"Sujeto irrumpe armado en secundaria de Guant\u00e1namo y provoca alarma entre estudiantes y profesores (+ videos)\"}]},{\"@type\":\"WebSite\",\"@id\":\"https:\\\/\\\/www.cuballama.com\\\/noticias\\\/#website\",\"url\":\"https:\\\/\\\/www.cuballama.com\\\/noticias\\\/\",\"name\":\"Cuballama Noticias\",\"description\":\"Medio digital sobre Cuba y el mundo\",\"publisher\":{\"@id\":\"https:\\\/\\\/www.cuballama.com\\\/noticias\\\/#organization\"},\"potentialAction\":[{\"@type\":\"SearchAction\",\"target\":{\"@type\":\"EntryPoint\",\"urlTemplate\":\"https:\\\/\\\/www.cuballama.com\\\/noticias\\\/?s={search_term_string}\"},\"query-input\":{\"@type\":\"PropertyValueSpecification\",\"valueRequired\":true,\"valueName\":\"search_term_string\"}}],\"inLanguage\":\"es\"},{\"@type\":\"Organization\",\"@id\":\"https:\\\/\\\/www.cuballama.com\\\/noticias\\\/#organization\",\"name\":\"Cuballama\",\"url\":\"https:\\\/\\\/www.cuballama.com\\\/noticias\\\/\",\"logo\":{\"@type\":\"ImageObject\",\"inLanguage\":\"es\",\"@id\":\"https:\\\/\\\/www.cuballama.com\\\/noticias\\\/#\\\/schema\\\/logo\\\/image\\\/\",\"url\":\"https:\\\/\\\/cdn1.mediawpaccore.net\\\/wp-content\\\/uploads\\\/2021\\\/12\\\/28171206\\\/cbll-logo-color-sm.png\",\"contentUrl\":\"https:\\\/\\\/cdn1.mediawpaccore.net\\\/wp-content\\\/uploads\\\/2021\\\/12\\\/28171206\\\/cbll-logo-color-sm.png\",\"width\":600,\"height\":133,\"caption\":\"Cuballama\"},\"image\":{\"@id\":\"https:\\\/\\\/www.cuballama.com\\\/noticias\\\/#\\\/schema\\\/logo\\\/image\\\/\"},\"sameAs\":[\"https:\\\/\\\/www.facebook.com\\\/CubaLlama\",\"https:\\\/\\\/x.com\\\/cuballama\",\"https:\\\/\\\/www.instagram.com\\\/stories\\\/cuballama_oficial\\\/\",\"https:\\\/\\\/www.youtube.com\\\/channel\\\/UCKkFE-d_axENGZcrc4as0IA\"]},{\"@type\":\"Person\",\"@id\":\"https:\\\/\\\/www.cuballama.com\\\/noticias\\\/#\\\/schema\\\/person\\\/a58502ed4146c8e9f83872e897c76cd2\",\"name\":\"Roberto A.\",\"description\":\"Roberto A. Periodista por decisi\u00f3n propia. Interesado en cualquier tema que me apasione y cada vez m\u00e1s comprometido con la verdad y la objetividad period\u00edstica. Graduado en La Habana hace ya muchos a\u00f1os, luego de una accidentada y polvorienta b\u00fasqueda de informaci\u00f3n sobre un tema in\u00e9dito. La Tesis, por cierto, desapareci\u00f3 de la biblioteca y no se conservan copias de la misma.\",\"url\":\"https:\\\/\\\/www.cuballama.com\\\/noticias\\\/author\\\/roberto\\\/\"}]}<\/script>\n<!-- \/ Yoast SEO plugin. -->","yoast_head_json":{"title":"Sujeto irrumpe armado en secundaria de Guant\u00e1namo y provoca alarma entre estudiantes y profesores (+ videos) - Cuballama Noticias","description":"Un hombre ingres\u00f3 a una secundaria en Guant\u00e1namo y provoc\u00f3 alarma entre estudiantes y profesores; no se reportan heridos.","robots":{"index":"index","follow":"follow","max-snippet":"max-snippet:-1","max-image-preview":"max-image-preview:large","max-video-preview":"max-video-preview:-1"},"canonical":"https:\/\/www.cuballama.com\/noticias\/sujeto-irrumpe-armado-en-secundaria-de-guantanamo-y-provoca-alarma-entre-estudiantes-y-profesores-videos\/","og_locale":"es_ES","og_type":"article","og_title":"Sujeto irrumpe armado en secundaria de Guant\u00e1namo y provoca alarma entre estudiantes y profesores (+ videos) - Cuballama Noticias","og_description":"Un hombre ingres\u00f3 a una secundaria en Guant\u00e1namo y provoc\u00f3 alarma entre estudiantes y profesores; no se reportan heridos.","og_url":"https:\/\/www.cuballama.com\/noticias\/sujeto-irrumpe-armado-en-secundaria-de-guantanamo-y-provoca-alarma-entre-estudiantes-y-profesores-videos\/","og_site_name":"Cuballama Noticias","article_publisher":"https:\/\/www.facebook.com\/CubaLlama","article_published_time":"2026-03-10T14:07:17+00:00","article_modified_time":"2026-03-10T14:07:23+00:00","og_image":[{"width":960,"height":540,"url":"https:\/\/cdn1.mediawpaccore.net\/wp-content\/uploads\/2026\/03\/10055828\/648904461_1513499903706024_6796692628528772426_n.jpg","type":"image\/jpeg"}],"author":"Roberto A.","twitter_card":"summary_large_image","twitter_creator":"@cuballama","twitter_site":"@cuballama","twitter_misc":{"Escrito por":"Roberto A.","Tiempo de lectura":"3 minutos"},"schema":{"@context":"https:\/\/schema.org","@graph":[{"@type":"Article","@id":"https:\/\/www.cuballama.com\/noticias\/sujeto-irrumpe-armado-en-secundaria-de-guantanamo-y-provoca-alarma-entre-estudiantes-y-profesores-videos\/#article","isPartOf":{"@id":"https:\/\/www.cuballama.com\/noticias\/sujeto-irrumpe-armado-en-secundaria-de-guantanamo-y-provoca-alarma-entre-estudiantes-y-profesores-videos\/"},"author":{"name":"Roberto A.","@id":"https:\/\/www.cuballama.com\/noticias\/#\/schema\/person\/a58502ed4146c8e9f83872e897c76cd2"},"headline":"Sujeto irrumpe armado en secundaria de Guant\u00e1namo y provoca alarma entre estudiantes y profesores (+ videos)","datePublished":"2026-03-10T14:07:17+00:00","dateModified":"2026-03-10T14:07:23+00:00","mainEntityOfPage":{"@id":"https:\/\/www.cuballama.com\/noticias\/sujeto-irrumpe-armado-en-secundaria-de-guantanamo-y-provoca-alarma-entre-estudiantes-y-profesores-videos\/"},"wordCount":477,"commentCount":0,"publisher":{"@id":"https:\/\/www.cuballama.com\/noticias\/#organization"},"image":{"@id":"https:\/\/www.cuballama.com\/noticias\/sujeto-irrumpe-armado-en-secundaria-de-guantanamo-y-provoca-alarma-entre-estudiantes-y-profesores-videos\/#primaryimage"},"thumbnailUrl":"https:\/\/cdn1.mediawpaccore.net\/wp-content\/uploads\/2026\/03\/10055828\/648904461_1513499903706024_6796692628528772426_n.jpg","keywords":["destacado","Escuelas en Cuba","Guant\u00e1namo","inseguridad","Regino Eladio Botti","violencia en Cuba"],"articleSection":["Noticias","Noticias de Cuba"],"inLanguage":"es","potentialAction":[{"@type":"CommentAction","name":"Comment","target":["https:\/\/www.cuballama.com\/noticias\/sujeto-irrumpe-armado-en-secundaria-de-guantanamo-y-provoca-alarma-entre-estudiantes-y-profesores-videos\/#respond"]}]},{"@type":"WebPage","@id":"https:\/\/www.cuballama.com\/noticias\/sujeto-irrumpe-armado-en-secundaria-de-guantanamo-y-provoca-alarma-entre-estudiantes-y-profesores-videos\/","url":"https:\/\/www.cuballama.com\/noticias\/sujeto-irrumpe-armado-en-secundaria-de-guantanamo-y-provoca-alarma-entre-estudiantes-y-profesores-videos\/","name":"Sujeto irrumpe armado en secundaria de Guant\u00e1namo y provoca alarma entre estudiantes y profesores (+ videos) - Cuballama Noticias","isPartOf":{"@id":"https:\/\/www.cuballama.com\/noticias\/#website"},"primaryImageOfPage":{"@id":"https:\/\/www.cuballama.com\/noticias\/sujeto-irrumpe-armado-en-secundaria-de-guantanamo-y-provoca-alarma-entre-estudiantes-y-profesores-videos\/#primaryimage"},"image":{"@id":"https:\/\/www.cuballama.com\/noticias\/sujeto-irrumpe-armado-en-secundaria-de-guantanamo-y-provoca-alarma-entre-estudiantes-y-profesores-videos\/#primaryimage"},"thumbnailUrl":"https:\/\/cdn1.mediawpaccore.net\/wp-content\/uploads\/2026\/03\/10055828\/648904461_1513499903706024_6796692628528772426_n.jpg","datePublished":"2026-03-10T14:07:17+00:00","dateModified":"2026-03-10T14:07:23+00:00","description":"Un hombre ingres\u00f3 a una secundaria en Guant\u00e1namo y provoc\u00f3 alarma entre estudiantes y profesores; no se reportan heridos.","breadcrumb":{"@id":"https:\/\/www.cuballama.com\/noticias\/sujeto-irrumpe-armado-en-secundaria-de-guantanamo-y-provoca-alarma-entre-estudiantes-y-profesores-videos\/#breadcrumb"},"inLanguage":"es","potentialAction":[{"@type":"ReadAction","target":["https:\/\/www.cuballama.com\/noticias\/sujeto-irrumpe-armado-en-secundaria-de-guantanamo-y-provoca-alarma-entre-estudiantes-y-profesores-videos\/"]}]},{"@type":"ImageObject","inLanguage":"es","@id":"https:\/\/www.cuballama.com\/noticias\/sujeto-irrumpe-armado-en-secundaria-de-guantanamo-y-provoca-alarma-entre-estudiantes-y-profesores-videos\/#primaryimage","url":"https:\/\/cdn1.mediawpaccore.net\/wp-content\/uploads\/2026\/03\/10055828\/648904461_1513499903706024_6796692628528772426_n.jpg","contentUrl":"https:\/\/cdn1.mediawpaccore.net\/wp-content\/uploads\/2026\/03\/10055828\/648904461_1513499903706024_6796692628528772426_n.jpg","width":960,"height":540,"caption":"Foto: V\u00eda La Tijera \/ Facebook"},{"@type":"BreadcrumbList","@id":"https:\/\/www.cuballama.com\/noticias\/sujeto-irrumpe-armado-en-secundaria-de-guantanamo-y-provoca-alarma-entre-estudiantes-y-profesores-videos\/#breadcrumb","itemListElement":[{"@type":"ListItem","position":1,"name":"Home","item":"https:\/\/www.cuballama.com\/noticias\/"},{"@type":"ListItem","position":2,"name":"Sujeto irrumpe armado en secundaria de Guant\u00e1namo y provoca alarma entre estudiantes y profesores (+ videos)"}]},{"@type":"WebSite","@id":"https:\/\/www.cuballama.com\/noticias\/#website","url":"https:\/\/www.cuballama.com\/noticias\/","name":"Cuballama Noticias","description":"Medio digital sobre Cuba y el mundo","publisher":{"@id":"https:\/\/www.cuballama.com\/noticias\/#organization"},"potentialAction":[{"@type":"SearchAction","target":{"@type":"EntryPoint","urlTemplate":"https:\/\/www.cuballama.com\/noticias\/?s={search_term_string}"},"query-input":{"@type":"PropertyValueSpecification","valueRequired":true,"valueName":"search_term_string"}}],"inLanguage":"es"},{"@type":"Organization","@id":"https:\/\/www.cuballama.com\/noticias\/#organization","name":"Cuballama","url":"https:\/\/www.cuballama.com\/noticias\/","logo":{"@type":"ImageObject","inLanguage":"es","@id":"https:\/\/www.cuballama.com\/noticias\/#\/schema\/logo\/image\/","url":"https:\/\/cdn1.mediawpaccore.net\/wp-content\/uploads\/2021\/12\/28171206\/cbll-logo-color-sm.png","contentUrl":"https:\/\/cdn1.mediawpaccore.net\/wp-content\/uploads\/2021\/12\/28171206\/cbll-logo-color-sm.png","width":600,"height":133,"caption":"Cuballama"},"image":{"@id":"https:\/\/www.cuballama.com\/noticias\/#\/schema\/logo\/image\/"},"sameAs":["https:\/\/www.facebook.com\/CubaLlama","https:\/\/x.com\/cuballama","https:\/\/www.instagram.com\/stories\/cuballama_oficial\/","https:\/\/www.youtube.com\/channel\/UCKkFE-d_axENGZcrc4as0IA"]},{"@type":"Person","@id":"https:\/\/www.cuballama.com\/noticias\/#\/schema\/person\/a58502ed4146c8e9f83872e897c76cd2","name":"Roberto A.","description":"Roberto A. Periodista por decisi\u00f3n propia. Interesado en cualquier tema que me apasione y cada vez m\u00e1s comprometido con la verdad y la objetividad period\u00edstica. Graduado en La Habana hace ya muchos a\u00f1os, luego de una accidentada y polvorienta b\u00fasqueda de informaci\u00f3n sobre un tema in\u00e9dito. La Tesis, por cierto, desapareci\u00f3 de la biblioteca y no se conservan copias de la misma.","url":"https:\/\/www.cuballama.com\/noticias\/author\/roberto\/"}]}},"_links":{"self":[{"href":"https:\/\/www.cuballama.com\/noticias\/wp-json\/wp\/v2\/posts\/237684","targetHints":{"allow":["GET"]}}],"collection":[{"href":"https:\/\/www.cuballama.com\/noticias\/wp-json\/wp\/v2\/posts"}],"about":[{"href":"https:\/\/www.cuballama.com\/noticias\/wp-json\/wp\/v2\/types\/post"}],"author":[{"embeddable":true,"href":"https:\/\/www.cuballama.com\/noticias\/wp-json\/wp\/v2\/users\/13"}],"replies":[{"embeddable":true,"href":"https:\/\/www.cuballama.com\/noticias\/wp-json\/wp\/v2\/comments?post=237684"}],"version-history":[{"count":3,"href":"https:\/\/www.cuballama.com\/noticias\/wp-json\/wp\/v2\/posts\/237684\/revisions"}],"predecessor-version":[{"id":237689,"href":"https:\/\/www.cuballama.com\/noticias\/wp-json\/wp\/v2\/posts\/237684\/revisions\/237689"}],"wp:featuredmedia":[{"embeddable":true,"href":"https:\/\/www.cuballama.com\/noticias\/wp-json\/wp\/v2\/media\/237687"}],"wp:attachment":[{"href":"https:\/\/www.cuballama.com\/noticias\/wp-json\/wp\/v2\/media?parent=237684"}],"wp:term":[{"taxonomy":"category","embeddable":true,"href":"https:\/\/www.cuballama.com\/noticias\/wp-json\/wp\/v2\/categories?post=237684"},{"taxonomy":"post_tag","embeddable":true,"href":"https:\/\/www.cuballama.com\/noticias\/wp-json\/wp\/v2\/tags?post=237684"}],"curies":[{"name":"wp","href":"https:\/\/api.w.org\/{rel}","templated":true}]}}