{"id":237663,"date":"2026-03-11T02:12:00","date_gmt":"2026-03-11T06:12:00","guid":{"rendered":"https:\/\/www.cuballama.com\/noticias\/?p=237663"},"modified":"2026-03-11T05:27:12","modified_gmt":"2026-03-11T09:27:12","slug":"la-violencia-en-cuba-se-cobra-otra-vida-un-joven-padre-en-la-provincia-de-sancti-spiritus","status":"publish","type":"post","link":"https:\/\/www.cuballama.com\/noticias\/la-violencia-en-cuba-se-cobra-otra-vida-un-joven-padre-en-la-provincia-de-sancti-spiritus\/","title":{"rendered":"La violencia en Cuba se cobra otra vida: un joven padre en la provincia de Sancti Sp\u00edritus"},"content":{"rendered":"\n<p>Un joven identificado como Yunior David Cruz Valdivia muri\u00f3 tras ser atacado con arma blanca en la localidad de Itabo, en el municipio de Yaguajay, provincia de Sancti Sp\u00edritus, seg\u00fan informaciones difundidas por personas cercanas a la v\u00edctima en redes sociales. El hecho, del que todav\u00eda se conocen pocos detalles oficiales, ha provocado conmoci\u00f3n entre amigos y familiares.<\/p>\n\n\n\n<p>La noticia comenz\u00f3 a circular a partir de una publicaci\u00f3n en<a href=\"https:\/\/www.facebook.com\/dayan.alonso.793279\/posts\/pfbid0Tkqo118cMG1XdXPLCipvXs62zbM4KMrYi9jc4ksUsRtDGW8iDGqzRshPaMfEZWbTl\"> Facebook<\/a> del usuario Dayan Alonso, quien lament\u00f3 p\u00fablicamente la muerte del joven. \u201cHoy se encuentra el cielo de luto tras marchado mi hermano. Dios siempre te tenga en la gloria. Siempre ser\u00e1s muy recordado para m\u00ed. Se te va a extra\u00f1ar mi hermanito. EPD Yunior David\u201d, escribi\u00f3 en su perfil.<\/p>\n\n\n\n<p>En los comentarios de esa misma publicaci\u00f3n, Alonso respondi\u00f3 a personas que preguntaban qu\u00e9 hab\u00eda ocurrido y afirm\u00f3 que el joven fue asesinado en Itabo tras recibir tres pu\u00f1aladas. Hasta el momento no se han divulgado p\u00fablicamente m\u00e1s detalles sobre las circunstancias del ataque ni sobre posibles responsables.<\/p>\n\n\n\n<iframe loading=\"lazy\" src=\"https:\/\/www.facebook.com\/plugins\/post.php?href=https%3A%2F%2Fwww.facebook.com%2Fdayan.alonso.793279%2Fposts%2Fpfbid0Tkqo118cMG1XdXPLCipvXs62zbM4KMrYi9jc4ksUsRtDGW8iDGqzRshPaMfEZWbTl&#038;show_text=true&#038;width=500\" width=\"500\" height=\"629\" style=\"border:none;overflow:hidden\" scrolling=\"no\" frameborder=\"0\" allowfullscreen=\"true\" allow=\"autoplay; clipboard-write; encrypted-media; picture-in-picture; web-share\"><\/iframe>\n\n\n\n<p>El hecho habr\u00eda ocurrido en la comunidad rural de Itabo, perteneciente al municipio de Yaguajay, una zona del norte de Sancti Sp\u00edritus donde residen peque\u00f1as comunidades agr\u00edcolas. Vecinos y conocidos de la v\u00edctima han comenzado a compartir mensajes de condolencias y recuerdos en redes sociales.<\/p>\n\n\n\n<p>Yunior David Cruz Valdivia deja atr\u00e1s a su pareja y a un hijo peque\u00f1o. Seg\u00fan publicaciones en redes sociales de su compa\u00f1era, Elianny Cancio Cabrera, el ni\u00f1o cumplir\u00e1 tres a\u00f1os el pr\u00f3ximo 27 de marzo. En una publicaci\u00f3n anterior, la joven madre hab\u00eda celebrado los dos a\u00f1os del peque\u00f1o con un mensaje dedicado a su hijo: \u201cEres el mejor regalo que me ha dado la vida. Mi amor por ti es infinito. Te amo mi pr\u00edncipe\u201d.<\/p>\n\n\n\n<figure class=\"wp-block-image size-large\"><img loading=\"lazy\" decoding=\"async\" width=\"568\" height=\"1024\" src=\"https:\/\/cdn1.mediawpaccore.net\/wp-content\/uploads\/2026\/03\/10051939\/image-43-568x1024.png\" alt=\"\" class=\"wp-image-237671\" srcset=\"https:\/\/cdn1.mediawpaccore.net\/wp-content\/uploads\/2026\/03\/10051939\/image-43-568x1024.png 568w, https:\/\/cdn1.mediawpaccore.net\/wp-content\/uploads\/2026\/03\/10051939\/image-43-166x300.png 166w, https:\/\/cdn1.mediawpaccore.net\/wp-content\/uploads\/2026\/03\/10051939\/image-43-233x420.png 233w, https:\/\/cdn1.mediawpaccore.net\/wp-content\/uploads\/2026\/03\/10051939\/image-43-150x270.png 150w, https:\/\/cdn1.mediawpaccore.net\/wp-content\/uploads\/2026\/03\/10051939\/image-43-300x541.png 300w, https:\/\/cdn1.mediawpaccore.net\/wp-content\/uploads\/2026\/03\/10051939\/image-43-696x1255.png 696w, https:\/\/cdn1.mediawpaccore.net\/wp-content\/uploads\/2026\/03\/10051939\/image-43.png 716w\" sizes=\"auto, (max-width: 568px) 100vw, 568px\" \/><figcaption class=\"wp-element-caption\">Foto: Elianny Cancio Cabrera \/ Facebook<\/figcaption><\/figure>\n\n\n\n<p>Las reacciones en redes reflejan el impacto que ha tenido la muerte del joven en su entorno cercano. Amigos, familiares y conocidos han expresado su dolor y solidaridad con la familia mientras esperan que se esclarezcan los hechos.<\/p>\n\n\n\n<p>Hasta ahora no han trascendido reportes oficiales que detallen las circunstancias del crimen ni si existe alguna persona detenida o bajo investigaci\u00f3n. En ausencia de informaci\u00f3n p\u00fablica, lo que circula procede fundamentalmente de testimonios de allegados y de publicaciones en redes sociales.<\/p>\n\n\n\n<p>La muerte de Yunior David Cruz Valdivia se suma a otros episodios de violencia que en los \u00faltimos tiempos han generado preocupaci\u00f3n entre ciudadanos cubanos, especialmente cuando se trata de hechos ocurridos en comunidades peque\u00f1as donde los sucesos de este tipo suelen causar un fuerte impacto social.<\/p>\n\n\n\n<p>Por el momento, familiares y amigos contin\u00faan compartiendo mensajes de despedida mientras esperan que las autoridades esclarezcan lo sucedido. <\/p>\n","protected":false},"excerpt":{"rendered":"<p>Un joven padre identificado como Yunior David Cruz Valdivia muri\u00f3 tras recibir tres pu\u00f1aladas en Itabo, Yaguajay, seg\u00fan publicaciones de allegados.<\/p>\n","protected":false},"author":13,"featured_media":237672,"comment_status":"open","ping_status":"closed","sticky":false,"template":"","format":"standard","meta":{"_acf_changed":false,"footnotes":""},"categories":[18,955],"tags":[420,342,682,10276,31000],"class_list":{"0":"post-237663","1":"post","2":"type-post","3":"status-publish","4":"format-standard","5":"has-post-thumbnail","7":"category-noticias","8":"category-noticias-de-cuba","9":"tag-asesinatos","10":"tag-sancti-spiritus","11":"tag-violencia","12":"tag-violencia-en-cuba","13":"tag-yunior-david-cruz-valdivia"},"acf":[],"yoast_head":"<!-- This site is optimized with the Yoast SEO plugin v27.5 - https:\/\/yoast.com\/product\/yoast-seo-wordpress\/ -->\n<title>La violencia en Cuba se cobra otra vida: un joven padre en la provincia de Sancti Sp\u00edritus - Cuballama Noticias<\/title>\n<meta name=\"description\" content=\"Un joven padre muri\u00f3 tras recibir varias pu\u00f1aladas en Itabo, Yaguajay. Familiares piden esclarecer lo ocurrido.\" \/>\n<meta name=\"robots\" content=\"index, follow, max-snippet:-1, max-image-preview:large, max-video-preview:-1\" \/>\n<link rel=\"canonical\" href=\"https:\/\/www.cuballama.com\/noticias\/la-violencia-en-cuba-se-cobra-otra-vida-un-joven-padre-en-la-provincia-de-sancti-spiritus\/\" \/>\n<meta property=\"og:locale\" content=\"es_ES\" \/>\n<meta property=\"og:type\" content=\"article\" \/>\n<meta property=\"og:title\" content=\"La violencia en Cuba se cobra otra vida: un joven padre en la provincia de Sancti Sp\u00edritus - Cuballama Noticias\" \/>\n<meta property=\"og:description\" content=\"Un joven padre muri\u00f3 tras recibir varias pu\u00f1aladas en Itabo, Yaguajay. Familiares piden esclarecer lo ocurrido.\" \/>\n<meta property=\"og:url\" content=\"https:\/\/www.cuballama.com\/noticias\/la-violencia-en-cuba-se-cobra-otra-vida-un-joven-padre-en-la-provincia-de-sancti-spiritus\/\" \/>\n<meta property=\"og:site_name\" content=\"Cuballama Noticias\" \/>\n<meta property=\"article:publisher\" content=\"https:\/\/www.facebook.com\/CubaLlama\" \/>\n<meta property=\"article:published_time\" content=\"2026-03-11T06:12:00+00:00\" \/>\n<meta property=\"article:modified_time\" content=\"2026-03-11T09:27:12+00:00\" \/>\n<meta property=\"og:image\" content=\"https:\/\/cdn1.mediawpaccore.net\/wp-content\/uploads\/2026\/03\/10052115\/Yunior-David.jpg\" \/>\n\t<meta property=\"og:image:width\" content=\"1200\" \/>\n\t<meta property=\"og:image:height\" content=\"630\" \/>\n\t<meta property=\"og:image:type\" content=\"image\/jpeg\" \/>\n<meta name=\"author\" content=\"Roberto A.\" \/>\n<meta name=\"twitter:card\" content=\"summary_large_image\" \/>\n<meta name=\"twitter:creator\" content=\"@cuballama\" \/>\n<meta name=\"twitter:site\" content=\"@cuballama\" \/>\n<meta name=\"twitter:label1\" content=\"Escrito por\" \/>\n\t<meta name=\"twitter:data1\" content=\"Roberto A.\" \/>\n\t<meta name=\"twitter:label2\" content=\"Tiempo de lectura\" \/>\n\t<meta name=\"twitter:data2\" content=\"3 minutos\" \/>\n<script type=\"application\/ld+json\" class=\"yoast-schema-graph\">{\"@context\":\"https:\\\/\\\/schema.org\",\"@graph\":[{\"@type\":\"Article\",\"@id\":\"https:\\\/\\\/www.cuballama.com\\\/noticias\\\/la-violencia-en-cuba-se-cobra-otra-vida-un-joven-padre-en-la-provincia-de-sancti-spiritus\\\/#article\",\"isPartOf\":{\"@id\":\"https:\\\/\\\/www.cuballama.com\\\/noticias\\\/la-violencia-en-cuba-se-cobra-otra-vida-un-joven-padre-en-la-provincia-de-sancti-spiritus\\\/\"},\"author\":{\"name\":\"Roberto A.\",\"@id\":\"https:\\\/\\\/www.cuballama.com\\\/noticias\\\/#\\\/schema\\\/person\\\/a58502ed4146c8e9f83872e897c76cd2\"},\"headline\":\"La violencia en Cuba se cobra otra vida: un joven padre en la provincia de Sancti Sp\u00edritus\",\"datePublished\":\"2026-03-11T06:12:00+00:00\",\"dateModified\":\"2026-03-11T09:27:12+00:00\",\"mainEntityOfPage\":{\"@id\":\"https:\\\/\\\/www.cuballama.com\\\/noticias\\\/la-violencia-en-cuba-se-cobra-otra-vida-un-joven-padre-en-la-provincia-de-sancti-spiritus\\\/\"},\"wordCount\":493,\"commentCount\":0,\"publisher\":{\"@id\":\"https:\\\/\\\/www.cuballama.com\\\/noticias\\\/#organization\"},\"image\":{\"@id\":\"https:\\\/\\\/www.cuballama.com\\\/noticias\\\/la-violencia-en-cuba-se-cobra-otra-vida-un-joven-padre-en-la-provincia-de-sancti-spiritus\\\/#primaryimage\"},\"thumbnailUrl\":\"https:\\\/\\\/cdn1.mediawpaccore.net\\\/wp-content\\\/uploads\\\/2026\\\/03\\\/10052115\\\/Yunior-David.jpg\",\"keywords\":[\"Asesinatos\",\"Sancti Spiritus\",\"Violencia\",\"violencia en Cuba\",\"Yunior David Cruz Valdivia\"],\"articleSection\":[\"Noticias\",\"Noticias de Cuba\"],\"inLanguage\":\"es\",\"potentialAction\":[{\"@type\":\"CommentAction\",\"name\":\"Comment\",\"target\":[\"https:\\\/\\\/www.cuballama.com\\\/noticias\\\/la-violencia-en-cuba-se-cobra-otra-vida-un-joven-padre-en-la-provincia-de-sancti-spiritus\\\/#respond\"]}]},{\"@type\":\"WebPage\",\"@id\":\"https:\\\/\\\/www.cuballama.com\\\/noticias\\\/la-violencia-en-cuba-se-cobra-otra-vida-un-joven-padre-en-la-provincia-de-sancti-spiritus\\\/\",\"url\":\"https:\\\/\\\/www.cuballama.com\\\/noticias\\\/la-violencia-en-cuba-se-cobra-otra-vida-un-joven-padre-en-la-provincia-de-sancti-spiritus\\\/\",\"name\":\"La violencia en Cuba se cobra otra vida: un joven padre en la provincia de Sancti Sp\u00edritus - Cuballama Noticias\",\"isPartOf\":{\"@id\":\"https:\\\/\\\/www.cuballama.com\\\/noticias\\\/#website\"},\"primaryImageOfPage\":{\"@id\":\"https:\\\/\\\/www.cuballama.com\\\/noticias\\\/la-violencia-en-cuba-se-cobra-otra-vida-un-joven-padre-en-la-provincia-de-sancti-spiritus\\\/#primaryimage\"},\"image\":{\"@id\":\"https:\\\/\\\/www.cuballama.com\\\/noticias\\\/la-violencia-en-cuba-se-cobra-otra-vida-un-joven-padre-en-la-provincia-de-sancti-spiritus\\\/#primaryimage\"},\"thumbnailUrl\":\"https:\\\/\\\/cdn1.mediawpaccore.net\\\/wp-content\\\/uploads\\\/2026\\\/03\\\/10052115\\\/Yunior-David.jpg\",\"datePublished\":\"2026-03-11T06:12:00+00:00\",\"dateModified\":\"2026-03-11T09:27:12+00:00\",\"description\":\"Un joven padre muri\u00f3 tras recibir varias pu\u00f1aladas en Itabo, Yaguajay. Familiares piden esclarecer lo ocurrido.\",\"breadcrumb\":{\"@id\":\"https:\\\/\\\/www.cuballama.com\\\/noticias\\\/la-violencia-en-cuba-se-cobra-otra-vida-un-joven-padre-en-la-provincia-de-sancti-spiritus\\\/#breadcrumb\"},\"inLanguage\":\"es\",\"potentialAction\":[{\"@type\":\"ReadAction\",\"target\":[\"https:\\\/\\\/www.cuballama.com\\\/noticias\\\/la-violencia-en-cuba-se-cobra-otra-vida-un-joven-padre-en-la-provincia-de-sancti-spiritus\\\/\"]}]},{\"@type\":\"ImageObject\",\"inLanguage\":\"es\",\"@id\":\"https:\\\/\\\/www.cuballama.com\\\/noticias\\\/la-violencia-en-cuba-se-cobra-otra-vida-un-joven-padre-en-la-provincia-de-sancti-spiritus\\\/#primaryimage\",\"url\":\"https:\\\/\\\/cdn1.mediawpaccore.net\\\/wp-content\\\/uploads\\\/2026\\\/03\\\/10052115\\\/Yunior-David.jpg\",\"contentUrl\":\"https:\\\/\\\/cdn1.mediawpaccore.net\\\/wp-content\\\/uploads\\\/2026\\\/03\\\/10052115\\\/Yunior-David.jpg\",\"width\":1200,\"height\":630},{\"@type\":\"BreadcrumbList\",\"@id\":\"https:\\\/\\\/www.cuballama.com\\\/noticias\\\/la-violencia-en-cuba-se-cobra-otra-vida-un-joven-padre-en-la-provincia-de-sancti-spiritus\\\/#breadcrumb\",\"itemListElement\":[{\"@type\":\"ListItem\",\"position\":1,\"name\":\"Home\",\"item\":\"https:\\\/\\\/www.cuballama.com\\\/noticias\\\/\"},{\"@type\":\"ListItem\",\"position\":2,\"name\":\"La violencia en Cuba se cobra otra vida: un joven padre en la provincia de Sancti Sp\u00edritus\"}]},{\"@type\":\"WebSite\",\"@id\":\"https:\\\/\\\/www.cuballama.com\\\/noticias\\\/#website\",\"url\":\"https:\\\/\\\/www.cuballama.com\\\/noticias\\\/\",\"name\":\"Cuballama Noticias\",\"description\":\"Medio digital sobre Cuba y el mundo\",\"publisher\":{\"@id\":\"https:\\\/\\\/www.cuballama.com\\\/noticias\\\/#organization\"},\"potentialAction\":[{\"@type\":\"SearchAction\",\"target\":{\"@type\":\"EntryPoint\",\"urlTemplate\":\"https:\\\/\\\/www.cuballama.com\\\/noticias\\\/?s={search_term_string}\"},\"query-input\":{\"@type\":\"PropertyValueSpecification\",\"valueRequired\":true,\"valueName\":\"search_term_string\"}}],\"inLanguage\":\"es\"},{\"@type\":\"Organization\",\"@id\":\"https:\\\/\\\/www.cuballama.com\\\/noticias\\\/#organization\",\"name\":\"Cuballama\",\"url\":\"https:\\\/\\\/www.cuballama.com\\\/noticias\\\/\",\"logo\":{\"@type\":\"ImageObject\",\"inLanguage\":\"es\",\"@id\":\"https:\\\/\\\/www.cuballama.com\\\/noticias\\\/#\\\/schema\\\/logo\\\/image\\\/\",\"url\":\"https:\\\/\\\/cdn1.mediawpaccore.net\\\/wp-content\\\/uploads\\\/2021\\\/12\\\/28171206\\\/cbll-logo-color-sm.png\",\"contentUrl\":\"https:\\\/\\\/cdn1.mediawpaccore.net\\\/wp-content\\\/uploads\\\/2021\\\/12\\\/28171206\\\/cbll-logo-color-sm.png\",\"width\":600,\"height\":133,\"caption\":\"Cuballama\"},\"image\":{\"@id\":\"https:\\\/\\\/www.cuballama.com\\\/noticias\\\/#\\\/schema\\\/logo\\\/image\\\/\"},\"sameAs\":[\"https:\\\/\\\/www.facebook.com\\\/CubaLlama\",\"https:\\\/\\\/x.com\\\/cuballama\",\"https:\\\/\\\/www.instagram.com\\\/stories\\\/cuballama_oficial\\\/\",\"https:\\\/\\\/www.youtube.com\\\/channel\\\/UCKkFE-d_axENGZcrc4as0IA\"]},{\"@type\":\"Person\",\"@id\":\"https:\\\/\\\/www.cuballama.com\\\/noticias\\\/#\\\/schema\\\/person\\\/a58502ed4146c8e9f83872e897c76cd2\",\"name\":\"Roberto A.\",\"description\":\"Roberto A. Periodista por decisi\u00f3n propia. Interesado en cualquier tema que me apasione y cada vez m\u00e1s comprometido con la verdad y la objetividad period\u00edstica. Graduado en La Habana hace ya muchos a\u00f1os, luego de una accidentada y polvorienta b\u00fasqueda de informaci\u00f3n sobre un tema in\u00e9dito. La Tesis, por cierto, desapareci\u00f3 de la biblioteca y no se conservan copias de la misma.\",\"url\":\"https:\\\/\\\/www.cuballama.com\\\/noticias\\\/author\\\/roberto\\\/\"}]}<\/script>\n<!-- \/ Yoast SEO plugin. -->","yoast_head_json":{"title":"La violencia en Cuba se cobra otra vida: un joven padre en la provincia de Sancti Sp\u00edritus - Cuballama Noticias","description":"Un joven padre muri\u00f3 tras recibir varias pu\u00f1aladas en Itabo, Yaguajay. Familiares piden esclarecer lo ocurrido.","robots":{"index":"index","follow":"follow","max-snippet":"max-snippet:-1","max-image-preview":"max-image-preview:large","max-video-preview":"max-video-preview:-1"},"canonical":"https:\/\/www.cuballama.com\/noticias\/la-violencia-en-cuba-se-cobra-otra-vida-un-joven-padre-en-la-provincia-de-sancti-spiritus\/","og_locale":"es_ES","og_type":"article","og_title":"La violencia en Cuba se cobra otra vida: un joven padre en la provincia de Sancti Sp\u00edritus - Cuballama Noticias","og_description":"Un joven padre muri\u00f3 tras recibir varias pu\u00f1aladas en Itabo, Yaguajay. Familiares piden esclarecer lo ocurrido.","og_url":"https:\/\/www.cuballama.com\/noticias\/la-violencia-en-cuba-se-cobra-otra-vida-un-joven-padre-en-la-provincia-de-sancti-spiritus\/","og_site_name":"Cuballama Noticias","article_publisher":"https:\/\/www.facebook.com\/CubaLlama","article_published_time":"2026-03-11T06:12:00+00:00","article_modified_time":"2026-03-11T09:27:12+00:00","og_image":[{"width":1200,"height":630,"url":"https:\/\/cdn1.mediawpaccore.net\/wp-content\/uploads\/2026\/03\/10052115\/Yunior-David.jpg","type":"image\/jpeg"}],"author":"Roberto A.","twitter_card":"summary_large_image","twitter_creator":"@cuballama","twitter_site":"@cuballama","twitter_misc":{"Escrito por":"Roberto A.","Tiempo de lectura":"3 minutos"},"schema":{"@context":"https:\/\/schema.org","@graph":[{"@type":"Article","@id":"https:\/\/www.cuballama.com\/noticias\/la-violencia-en-cuba-se-cobra-otra-vida-un-joven-padre-en-la-provincia-de-sancti-spiritus\/#article","isPartOf":{"@id":"https:\/\/www.cuballama.com\/noticias\/la-violencia-en-cuba-se-cobra-otra-vida-un-joven-padre-en-la-provincia-de-sancti-spiritus\/"},"author":{"name":"Roberto A.","@id":"https:\/\/www.cuballama.com\/noticias\/#\/schema\/person\/a58502ed4146c8e9f83872e897c76cd2"},"headline":"La violencia en Cuba se cobra otra vida: un joven padre en la provincia de Sancti Sp\u00edritus","datePublished":"2026-03-11T06:12:00+00:00","dateModified":"2026-03-11T09:27:12+00:00","mainEntityOfPage":{"@id":"https:\/\/www.cuballama.com\/noticias\/la-violencia-en-cuba-se-cobra-otra-vida-un-joven-padre-en-la-provincia-de-sancti-spiritus\/"},"wordCount":493,"commentCount":0,"publisher":{"@id":"https:\/\/www.cuballama.com\/noticias\/#organization"},"image":{"@id":"https:\/\/www.cuballama.com\/noticias\/la-violencia-en-cuba-se-cobra-otra-vida-un-joven-padre-en-la-provincia-de-sancti-spiritus\/#primaryimage"},"thumbnailUrl":"https:\/\/cdn1.mediawpaccore.net\/wp-content\/uploads\/2026\/03\/10052115\/Yunior-David.jpg","keywords":["Asesinatos","Sancti Spiritus","Violencia","violencia en Cuba","Yunior David Cruz Valdivia"],"articleSection":["Noticias","Noticias de Cuba"],"inLanguage":"es","potentialAction":[{"@type":"CommentAction","name":"Comment","target":["https:\/\/www.cuballama.com\/noticias\/la-violencia-en-cuba-se-cobra-otra-vida-un-joven-padre-en-la-provincia-de-sancti-spiritus\/#respond"]}]},{"@type":"WebPage","@id":"https:\/\/www.cuballama.com\/noticias\/la-violencia-en-cuba-se-cobra-otra-vida-un-joven-padre-en-la-provincia-de-sancti-spiritus\/","url":"https:\/\/www.cuballama.com\/noticias\/la-violencia-en-cuba-se-cobra-otra-vida-un-joven-padre-en-la-provincia-de-sancti-spiritus\/","name":"La violencia en Cuba se cobra otra vida: un joven padre en la provincia de Sancti Sp\u00edritus - Cuballama Noticias","isPartOf":{"@id":"https:\/\/www.cuballama.com\/noticias\/#website"},"primaryImageOfPage":{"@id":"https:\/\/www.cuballama.com\/noticias\/la-violencia-en-cuba-se-cobra-otra-vida-un-joven-padre-en-la-provincia-de-sancti-spiritus\/#primaryimage"},"image":{"@id":"https:\/\/www.cuballama.com\/noticias\/la-violencia-en-cuba-se-cobra-otra-vida-un-joven-padre-en-la-provincia-de-sancti-spiritus\/#primaryimage"},"thumbnailUrl":"https:\/\/cdn1.mediawpaccore.net\/wp-content\/uploads\/2026\/03\/10052115\/Yunior-David.jpg","datePublished":"2026-03-11T06:12:00+00:00","dateModified":"2026-03-11T09:27:12+00:00","description":"Un joven padre muri\u00f3 tras recibir varias pu\u00f1aladas en Itabo, Yaguajay. Familiares piden esclarecer lo ocurrido.","breadcrumb":{"@id":"https:\/\/www.cuballama.com\/noticias\/la-violencia-en-cuba-se-cobra-otra-vida-un-joven-padre-en-la-provincia-de-sancti-spiritus\/#breadcrumb"},"inLanguage":"es","potentialAction":[{"@type":"ReadAction","target":["https:\/\/www.cuballama.com\/noticias\/la-violencia-en-cuba-se-cobra-otra-vida-un-joven-padre-en-la-provincia-de-sancti-spiritus\/"]}]},{"@type":"ImageObject","inLanguage":"es","@id":"https:\/\/www.cuballama.com\/noticias\/la-violencia-en-cuba-se-cobra-otra-vida-un-joven-padre-en-la-provincia-de-sancti-spiritus\/#primaryimage","url":"https:\/\/cdn1.mediawpaccore.net\/wp-content\/uploads\/2026\/03\/10052115\/Yunior-David.jpg","contentUrl":"https:\/\/cdn1.mediawpaccore.net\/wp-content\/uploads\/2026\/03\/10052115\/Yunior-David.jpg","width":1200,"height":630},{"@type":"BreadcrumbList","@id":"https:\/\/www.cuballama.com\/noticias\/la-violencia-en-cuba-se-cobra-otra-vida-un-joven-padre-en-la-provincia-de-sancti-spiritus\/#breadcrumb","itemListElement":[{"@type":"ListItem","position":1,"name":"Home","item":"https:\/\/www.cuballama.com\/noticias\/"},{"@type":"ListItem","position":2,"name":"La violencia en Cuba se cobra otra vida: un joven padre en la provincia de Sancti Sp\u00edritus"}]},{"@type":"WebSite","@id":"https:\/\/www.cuballama.com\/noticias\/#website","url":"https:\/\/www.cuballama.com\/noticias\/","name":"Cuballama Noticias","description":"Medio digital sobre Cuba y el mundo","publisher":{"@id":"https:\/\/www.cuballama.com\/noticias\/#organization"},"potentialAction":[{"@type":"SearchAction","target":{"@type":"EntryPoint","urlTemplate":"https:\/\/www.cuballama.com\/noticias\/?s={search_term_string}"},"query-input":{"@type":"PropertyValueSpecification","valueRequired":true,"valueName":"search_term_string"}}],"inLanguage":"es"},{"@type":"Organization","@id":"https:\/\/www.cuballama.com\/noticias\/#organization","name":"Cuballama","url":"https:\/\/www.cuballama.com\/noticias\/","logo":{"@type":"ImageObject","inLanguage":"es","@id":"https:\/\/www.cuballama.com\/noticias\/#\/schema\/logo\/image\/","url":"https:\/\/cdn1.mediawpaccore.net\/wp-content\/uploads\/2021\/12\/28171206\/cbll-logo-color-sm.png","contentUrl":"https:\/\/cdn1.mediawpaccore.net\/wp-content\/uploads\/2021\/12\/28171206\/cbll-logo-color-sm.png","width":600,"height":133,"caption":"Cuballama"},"image":{"@id":"https:\/\/www.cuballama.com\/noticias\/#\/schema\/logo\/image\/"},"sameAs":["https:\/\/www.facebook.com\/CubaLlama","https:\/\/x.com\/cuballama","https:\/\/www.instagram.com\/stories\/cuballama_oficial\/","https:\/\/www.youtube.com\/channel\/UCKkFE-d_axENGZcrc4as0IA"]},{"@type":"Person","@id":"https:\/\/www.cuballama.com\/noticias\/#\/schema\/person\/a58502ed4146c8e9f83872e897c76cd2","name":"Roberto A.","description":"Roberto A. Periodista por decisi\u00f3n propia. Interesado en cualquier tema que me apasione y cada vez m\u00e1s comprometido con la verdad y la objetividad period\u00edstica. Graduado en La Habana hace ya muchos a\u00f1os, luego de una accidentada y polvorienta b\u00fasqueda de informaci\u00f3n sobre un tema in\u00e9dito. La Tesis, por cierto, desapareci\u00f3 de la biblioteca y no se conservan copias de la misma.","url":"https:\/\/www.cuballama.com\/noticias\/author\/roberto\/"}]}},"_links":{"self":[{"href":"https:\/\/www.cuballama.com\/noticias\/wp-json\/wp\/v2\/posts\/237663","targetHints":{"allow":["GET"]}}],"collection":[{"href":"https:\/\/www.cuballama.com\/noticias\/wp-json\/wp\/v2\/posts"}],"about":[{"href":"https:\/\/www.cuballama.com\/noticias\/wp-json\/wp\/v2\/types\/post"}],"author":[{"embeddable":true,"href":"https:\/\/www.cuballama.com\/noticias\/wp-json\/wp\/v2\/users\/13"}],"replies":[{"embeddable":true,"href":"https:\/\/www.cuballama.com\/noticias\/wp-json\/wp\/v2\/comments?post=237663"}],"version-history":[{"count":7,"href":"https:\/\/www.cuballama.com\/noticias\/wp-json\/wp\/v2\/posts\/237663\/revisions"}],"predecessor-version":[{"id":237716,"href":"https:\/\/www.cuballama.com\/noticias\/wp-json\/wp\/v2\/posts\/237663\/revisions\/237716"}],"wp:featuredmedia":[{"embeddable":true,"href":"https:\/\/www.cuballama.com\/noticias\/wp-json\/wp\/v2\/media\/237672"}],"wp:attachment":[{"href":"https:\/\/www.cuballama.com\/noticias\/wp-json\/wp\/v2\/media?parent=237663"}],"wp:term":[{"taxonomy":"category","embeddable":true,"href":"https:\/\/www.cuballama.com\/noticias\/wp-json\/wp\/v2\/categories?post=237663"},{"taxonomy":"post_tag","embeddable":true,"href":"https:\/\/www.cuballama.com\/noticias\/wp-json\/wp\/v2\/tags?post=237663"}],"curies":[{"name":"wp","href":"https:\/\/api.w.org\/{rel}","templated":true}]}}