{"id":237659,"date":"2026-03-10T10:30:49","date_gmt":"2026-03-10T14:30:49","guid":{"rendered":"https:\/\/www.cuballama.com\/noticias\/?p=237659"},"modified":"2026-03-10T10:30:52","modified_gmt":"2026-03-10T14:30:52","slug":"lina-de-feria-una-voz-singular-de-la-poesia-cubana-muere-a-los-80-anos","status":"publish","type":"post","link":"https:\/\/www.cuballama.com\/noticias\/lina-de-feria-una-voz-singular-de-la-poesia-cubana-muere-a-los-80-anos\/","title":{"rendered":"Lina de Feria, una voz singular de la poes\u00eda cubana, muere a los 80 a\u00f1os"},"content":{"rendered":"\n<p>La poeta, ensayista y editora cubana Lina de Feria Barrio muri\u00f3 en La Habana en la tarde del lunes 9 de marzo, a los 80 a\u00f1os, seg\u00fan informaron el Instituto Cubano del Libro, medios oficiales y varias publicaciones de escritores y organizaciones culturales. La noticia provoc\u00f3 reacciones inmediatas dentro y fuera de Cuba, donde su nombre llevaba d\u00e9cadas asociado a una obra intensa, inc\u00f3moda por momentos y siempre reconocible dentro de la poes\u00eda cubana contempor\u00e1nea. <\/p>\n\n\n\n<p>Nacida en Santiago de Cuba en 1945, Lina de Feria fue una autora de largo recorrido, marcada por una relaci\u00f3n compleja con las instituciones culturales del pa\u00eds, pero tambi\u00e9n por un prestigio que termin\u00f3 siendo imposible de obviar. <\/p>\n\n\n\n<p>En 2019 recibi\u00f3 el Premio Nacional de Literatura, despu\u00e9s de haber acumulado otros reconocimientos como el Premio David en 1967, compartido con Luis Rogelio Nogueras por el cuaderno Casa que no exist\u00eda, y el Premio de la Cr\u00edtica en varias ocasiones. Su trayectoria incluy\u00f3 adem\u00e1s trabajo editorial y period\u00edstico en espacios como El Caim\u00e1n Barbudo, Juventud Rebelde, Radio Enciclopedia y la Editorial Jos\u00e9 Mart\u00ed.<\/p>\n\n\n\n<iframe loading=\"lazy\" src=\"https:\/\/www.facebook.com\/plugins\/post.php?href=https%3A%2F%2Fwww.facebook.com%2Fdimarys.aguila%2Fposts%2Fpfbid03HmMQJU1H15LYBum7NCioStZpwzfEVnYKvssTUHU2s6s9Quwi6Pc6UJt774upLYEl&#038;show_text=true&#038;width=500\" width=\"500\" height=\"615\" style=\"border:none;overflow:hidden\" scrolling=\"no\" frameborder=\"0\" allowfullscreen=\"true\" allow=\"autoplay; clipboard-write; encrypted-media; picture-in-picture; web-share\"><\/iframe>\n\n\n\n<p>Su obra dej\u00f3 t\u00edtulos que siguen apareciendo en cualquier repaso serio de la poes\u00eda cubana de las \u00faltimas d\u00e9cadas. Entre ellos est\u00e1n A mansalva de los a\u00f1os, Espiral en tierra, El ojo milenario, Los rituales del inocente, A la llegada del delf\u00edn, El mar de las invenciones, Absoluci\u00f3n del amor y Pa\u00eds sin abedules. OnCuba la defini\u00f3 en 2019 como una de las voces \u201cm\u00e1s originales y poderosas\u201d de la literatura nacional, y este martes volvi\u00f3 a describirla como una de las voces m\u00e1s singulares de la poes\u00eda cubana. Esa doble formulaci\u00f3n resume bastante bien el lugar que ocup\u00f3: no fue una autora lateral ni una figura de museo, sino una escritora de peso real, con una obra que atraves\u00f3 varias generaciones y que sigui\u00f3 siendo le\u00edda incluso por quienes no compart\u00edan del todo sus coordenadas est\u00e9ticas.<\/p>\n\n\n\n<iframe loading=\"lazy\" src=\"https:\/\/www.facebook.com\/plugins\/post.php?href=https%3A%2F%2Fwww.facebook.com%2Fjuliocesar.gonzalezpages.98%2Fposts%2Fpfbid02BNiK8a3C74GJ7JMXJdQLE8HTRvJ7SejCCXqg3aiUEf7of5Rs5DNWN9BdYSKLfQRWl&#038;show_text=true&#038;width=500\" width=\"500\" height=\"762\" style=\"border:none;overflow:hidden\" scrolling=\"no\" frameborder=\"0\" allowfullscreen=\"true\" allow=\"autoplay; clipboard-write; encrypted-media; picture-in-picture; web-share\"><\/iframe>\n\n\n\n<p>Tras conocerse su fallecimiento, escritores cubanos como Reinaldo Cede\u00f1o y Karel Alexei Leyva Ferrer publicaron mensajes de despedida en redes sociales. <\/p>\n\n\n\n<iframe loading=\"lazy\" src=\"https:\/\/www.facebook.com\/plugins\/post.php?href=https%3A%2F%2Fwww.facebook.com%2Fkarel.alexei.leyva.ferrer.2025%2Fposts%2Fpfbid0uT1jwArJ7c6zW1ArdTZWaUUgdichKvt9xmvdARfHMjM36v392D4pm1iJ7Ky24K8kl&#038;show_text=true&#038;width=500\" width=\"500\" height=\"684\" style=\"border:none;overflow:hidden\" scrolling=\"no\" frameborder=\"0\" allowfullscreen=\"true\" allow=\"autoplay; clipboard-write; encrypted-media; picture-in-picture; web-share\"><\/iframe>\n\n\n\n<p>La UNEAC tambi\u00e9n lament\u00f3 su muerte y record\u00f3 que Lina de Feria deja una marca central en la cultura literaria del pa\u00eds. De acuerdo con publicaciones difundidas en Facebook, el homenaje p\u00f3stumo fue convocado para el jueves 12 de marzo de 2026, a las 10:00 de la ma\u00f1ana, en la Sala Villena de la UNEAC, en La Habana. La desaparici\u00f3n de Lina de Feria cierra una trayectoria que no necesitaba ya ninguna ratificaci\u00f3n institucional: su sitio estaba ganado en los libros y en la memoria literaria cubana.<\/p>\n\n\n\n<iframe loading=\"lazy\" src=\"https:\/\/www.facebook.com\/plugins\/post.php?href=https%3A%2F%2Fwww.facebook.com%2Fpermalink.php%3Fstory_fbid%3Dpfbid02SUo9zNXFV8FMGMMZnDem6Wofi42GYa5asKSed3E2FzBqAc58oMjtd1gTqbaWPHfFl%26id%3D61583636174752&#038;show_text=true&#038;width=500\" width=\"500\" height=\"547\" style=\"border:none;overflow:hidden\" scrolling=\"no\" frameborder=\"0\" allowfullscreen=\"true\" allow=\"autoplay; clipboard-write; encrypted-media; picture-in-picture; web-share\"><\/iframe>\n\n\n\n<p><\/p>\n","protected":false},"excerpt":{"rendered":"<p>La escritora Lina de Feria muri\u00f3 en La Habana a los 80 a\u00f1os. Su obra deja una huella mayor en la poes\u00eda cubana.<\/p>\n","protected":false},"author":13,"featured_media":237675,"comment_status":"open","ping_status":"closed","sticky":false,"template":"","format":"standard","meta":{"_acf_changed":false,"footnotes":""},"categories":[18,955],"tags":[1259,30982,1576,30981,30983,2304],"class_list":{"0":"post-237659","1":"post","2":"type-post","3":"status-publish","4":"format-standard","5":"has-post-thumbnail","7":"category-noticias","8":"category-noticias-de-cuba","9":"tag-cultura-cubana","10":"tag-lina-de-feria","11":"tag-literatura-cubana","12":"tag-poesia-cubana","13":"tag-premio-nacional-de-literatura","14":"tag-uneac"},"acf":[],"yoast_head":"<!-- This site is optimized with the Yoast SEO plugin v27.5 - https:\/\/yoast.com\/product\/yoast-seo-wordpress\/ -->\n<title>Lina de Feria, una voz singular de la poes\u00eda cubana, muere a los 80 a\u00f1os - Cuballama Noticias<\/title>\n<meta name=\"description\" content=\"Muri\u00f3 en La Habana Lina de Feria, Premio Nacional de Literatura 2019, una de las voces mayores de la poes\u00eda cubana actual\" \/>\n<meta name=\"robots\" content=\"index, follow, max-snippet:-1, max-image-preview:large, max-video-preview:-1\" \/>\n<link rel=\"canonical\" href=\"https:\/\/www.cuballama.com\/noticias\/lina-de-feria-una-voz-singular-de-la-poesia-cubana-muere-a-los-80-anos\/\" \/>\n<meta property=\"og:locale\" content=\"es_ES\" \/>\n<meta property=\"og:type\" content=\"article\" \/>\n<meta property=\"og:title\" content=\"Lina de Feria, una voz singular de la poes\u00eda cubana, muere a los 80 a\u00f1os - Cuballama Noticias\" \/>\n<meta property=\"og:description\" content=\"Muri\u00f3 en La Habana Lina de Feria, Premio Nacional de Literatura 2019, una de las voces mayores de la poes\u00eda cubana actual\" \/>\n<meta property=\"og:url\" content=\"https:\/\/www.cuballama.com\/noticias\/lina-de-feria-una-voz-singular-de-la-poesia-cubana-muere-a-los-80-anos\/\" \/>\n<meta property=\"og:site_name\" content=\"Cuballama Noticias\" \/>\n<meta property=\"article:publisher\" content=\"https:\/\/www.facebook.com\/CubaLlama\" \/>\n<meta property=\"article:published_time\" content=\"2026-03-10T14:30:49+00:00\" \/>\n<meta property=\"article:modified_time\" content=\"2026-03-10T14:30:52+00:00\" \/>\n<meta property=\"og:image\" content=\"https:\/\/cdn1.mediawpaccore.net\/wp-content\/uploads\/2026\/03\/10052457\/image-44.png\" \/>\n\t<meta property=\"og:image:width\" content=\"1505\" \/>\n\t<meta property=\"og:image:height\" content=\"852\" \/>\n\t<meta property=\"og:image:type\" content=\"image\/png\" \/>\n<meta name=\"author\" content=\"Roberto A.\" \/>\n<meta name=\"twitter:card\" content=\"summary_large_image\" \/>\n<meta name=\"twitter:creator\" content=\"@cuballama\" \/>\n<meta name=\"twitter:site\" content=\"@cuballama\" \/>\n<meta name=\"twitter:label1\" content=\"Escrito por\" \/>\n\t<meta name=\"twitter:data1\" content=\"Roberto A.\" \/>\n\t<meta name=\"twitter:label2\" content=\"Tiempo de lectura\" \/>\n\t<meta name=\"twitter:data2\" content=\"3 minutos\" \/>\n<script type=\"application\/ld+json\" class=\"yoast-schema-graph\">{\"@context\":\"https:\\\/\\\/schema.org\",\"@graph\":[{\"@type\":\"Article\",\"@id\":\"https:\\\/\\\/www.cuballama.com\\\/noticias\\\/lina-de-feria-una-voz-singular-de-la-poesia-cubana-muere-a-los-80-anos\\\/#article\",\"isPartOf\":{\"@id\":\"https:\\\/\\\/www.cuballama.com\\\/noticias\\\/lina-de-feria-una-voz-singular-de-la-poesia-cubana-muere-a-los-80-anos\\\/\"},\"author\":{\"name\":\"Roberto A.\",\"@id\":\"https:\\\/\\\/www.cuballama.com\\\/noticias\\\/#\\\/schema\\\/person\\\/a58502ed4146c8e9f83872e897c76cd2\"},\"headline\":\"Lina de Feria, una voz singular de la poes\u00eda cubana, muere a los 80 a\u00f1os\",\"datePublished\":\"2026-03-10T14:30:49+00:00\",\"dateModified\":\"2026-03-10T14:30:52+00:00\",\"mainEntityOfPage\":{\"@id\":\"https:\\\/\\\/www.cuballama.com\\\/noticias\\\/lina-de-feria-una-voz-singular-de-la-poesia-cubana-muere-a-los-80-anos\\\/\"},\"wordCount\":466,\"commentCount\":0,\"publisher\":{\"@id\":\"https:\\\/\\\/www.cuballama.com\\\/noticias\\\/#organization\"},\"image\":{\"@id\":\"https:\\\/\\\/www.cuballama.com\\\/noticias\\\/lina-de-feria-una-voz-singular-de-la-poesia-cubana-muere-a-los-80-anos\\\/#primaryimage\"},\"thumbnailUrl\":\"https:\\\/\\\/cdn1.mediawpaccore.net\\\/wp-content\\\/uploads\\\/2026\\\/03\\\/10052457\\\/image-44.png\",\"keywords\":[\"cultura cubana\",\"Lina de Feria\",\"literatura cubana\",\"poes\u00eda cubana\",\"Premio Nacional de Literatura\",\"Uneac\"],\"articleSection\":[\"Noticias\",\"Noticias de Cuba\"],\"inLanguage\":\"es\",\"potentialAction\":[{\"@type\":\"CommentAction\",\"name\":\"Comment\",\"target\":[\"https:\\\/\\\/www.cuballama.com\\\/noticias\\\/lina-de-feria-una-voz-singular-de-la-poesia-cubana-muere-a-los-80-anos\\\/#respond\"]}]},{\"@type\":\"WebPage\",\"@id\":\"https:\\\/\\\/www.cuballama.com\\\/noticias\\\/lina-de-feria-una-voz-singular-de-la-poesia-cubana-muere-a-los-80-anos\\\/\",\"url\":\"https:\\\/\\\/www.cuballama.com\\\/noticias\\\/lina-de-feria-una-voz-singular-de-la-poesia-cubana-muere-a-los-80-anos\\\/\",\"name\":\"Lina de Feria, una voz singular de la poes\u00eda cubana, muere a los 80 a\u00f1os - Cuballama Noticias\",\"isPartOf\":{\"@id\":\"https:\\\/\\\/www.cuballama.com\\\/noticias\\\/#website\"},\"primaryImageOfPage\":{\"@id\":\"https:\\\/\\\/www.cuballama.com\\\/noticias\\\/lina-de-feria-una-voz-singular-de-la-poesia-cubana-muere-a-los-80-anos\\\/#primaryimage\"},\"image\":{\"@id\":\"https:\\\/\\\/www.cuballama.com\\\/noticias\\\/lina-de-feria-una-voz-singular-de-la-poesia-cubana-muere-a-los-80-anos\\\/#primaryimage\"},\"thumbnailUrl\":\"https:\\\/\\\/cdn1.mediawpaccore.net\\\/wp-content\\\/uploads\\\/2026\\\/03\\\/10052457\\\/image-44.png\",\"datePublished\":\"2026-03-10T14:30:49+00:00\",\"dateModified\":\"2026-03-10T14:30:52+00:00\",\"description\":\"Muri\u00f3 en La Habana Lina de Feria, Premio Nacional de Literatura 2019, una de las voces mayores de la poes\u00eda cubana actual\",\"breadcrumb\":{\"@id\":\"https:\\\/\\\/www.cuballama.com\\\/noticias\\\/lina-de-feria-una-voz-singular-de-la-poesia-cubana-muere-a-los-80-anos\\\/#breadcrumb\"},\"inLanguage\":\"es\",\"potentialAction\":[{\"@type\":\"ReadAction\",\"target\":[\"https:\\\/\\\/www.cuballama.com\\\/noticias\\\/lina-de-feria-una-voz-singular-de-la-poesia-cubana-muere-a-los-80-anos\\\/\"]}]},{\"@type\":\"ImageObject\",\"inLanguage\":\"es\",\"@id\":\"https:\\\/\\\/www.cuballama.com\\\/noticias\\\/lina-de-feria-una-voz-singular-de-la-poesia-cubana-muere-a-los-80-anos\\\/#primaryimage\",\"url\":\"https:\\\/\\\/cdn1.mediawpaccore.net\\\/wp-content\\\/uploads\\\/2026\\\/03\\\/10052457\\\/image-44.png\",\"contentUrl\":\"https:\\\/\\\/cdn1.mediawpaccore.net\\\/wp-content\\\/uploads\\\/2026\\\/03\\\/10052457\\\/image-44.png\",\"width\":1505,\"height\":852,\"caption\":\"Foto: V\u00eda Granma\"},{\"@type\":\"BreadcrumbList\",\"@id\":\"https:\\\/\\\/www.cuballama.com\\\/noticias\\\/lina-de-feria-una-voz-singular-de-la-poesia-cubana-muere-a-los-80-anos\\\/#breadcrumb\",\"itemListElement\":[{\"@type\":\"ListItem\",\"position\":1,\"name\":\"Home\",\"item\":\"https:\\\/\\\/www.cuballama.com\\\/noticias\\\/\"},{\"@type\":\"ListItem\",\"position\":2,\"name\":\"Lina de Feria, una voz singular de la poes\u00eda cubana, muere a los 80 a\u00f1os\"}]},{\"@type\":\"WebSite\",\"@id\":\"https:\\\/\\\/www.cuballama.com\\\/noticias\\\/#website\",\"url\":\"https:\\\/\\\/www.cuballama.com\\\/noticias\\\/\",\"name\":\"Cuballama Noticias\",\"description\":\"Medio digital sobre Cuba y el mundo\",\"publisher\":{\"@id\":\"https:\\\/\\\/www.cuballama.com\\\/noticias\\\/#organization\"},\"potentialAction\":[{\"@type\":\"SearchAction\",\"target\":{\"@type\":\"EntryPoint\",\"urlTemplate\":\"https:\\\/\\\/www.cuballama.com\\\/noticias\\\/?s={search_term_string}\"},\"query-input\":{\"@type\":\"PropertyValueSpecification\",\"valueRequired\":true,\"valueName\":\"search_term_string\"}}],\"inLanguage\":\"es\"},{\"@type\":\"Organization\",\"@id\":\"https:\\\/\\\/www.cuballama.com\\\/noticias\\\/#organization\",\"name\":\"Cuballama\",\"url\":\"https:\\\/\\\/www.cuballama.com\\\/noticias\\\/\",\"logo\":{\"@type\":\"ImageObject\",\"inLanguage\":\"es\",\"@id\":\"https:\\\/\\\/www.cuballama.com\\\/noticias\\\/#\\\/schema\\\/logo\\\/image\\\/\",\"url\":\"https:\\\/\\\/cdn1.mediawpaccore.net\\\/wp-content\\\/uploads\\\/2021\\\/12\\\/28171206\\\/cbll-logo-color-sm.png\",\"contentUrl\":\"https:\\\/\\\/cdn1.mediawpaccore.net\\\/wp-content\\\/uploads\\\/2021\\\/12\\\/28171206\\\/cbll-logo-color-sm.png\",\"width\":600,\"height\":133,\"caption\":\"Cuballama\"},\"image\":{\"@id\":\"https:\\\/\\\/www.cuballama.com\\\/noticias\\\/#\\\/schema\\\/logo\\\/image\\\/\"},\"sameAs\":[\"https:\\\/\\\/www.facebook.com\\\/CubaLlama\",\"https:\\\/\\\/x.com\\\/cuballama\",\"https:\\\/\\\/www.instagram.com\\\/stories\\\/cuballama_oficial\\\/\",\"https:\\\/\\\/www.youtube.com\\\/channel\\\/UCKkFE-d_axENGZcrc4as0IA\"]},{\"@type\":\"Person\",\"@id\":\"https:\\\/\\\/www.cuballama.com\\\/noticias\\\/#\\\/schema\\\/person\\\/a58502ed4146c8e9f83872e897c76cd2\",\"name\":\"Roberto A.\",\"description\":\"Roberto A. Periodista por decisi\u00f3n propia. Interesado en cualquier tema que me apasione y cada vez m\u00e1s comprometido con la verdad y la objetividad period\u00edstica. Graduado en La Habana hace ya muchos a\u00f1os, luego de una accidentada y polvorienta b\u00fasqueda de informaci\u00f3n sobre un tema in\u00e9dito. La Tesis, por cierto, desapareci\u00f3 de la biblioteca y no se conservan copias de la misma.\",\"url\":\"https:\\\/\\\/www.cuballama.com\\\/noticias\\\/author\\\/roberto\\\/\"}]}<\/script>\n<!-- \/ Yoast SEO plugin. -->","yoast_head_json":{"title":"Lina de Feria, una voz singular de la poes\u00eda cubana, muere a los 80 a\u00f1os - Cuballama Noticias","description":"Muri\u00f3 en La Habana Lina de Feria, Premio Nacional de Literatura 2019, una de las voces mayores de la poes\u00eda cubana actual","robots":{"index":"index","follow":"follow","max-snippet":"max-snippet:-1","max-image-preview":"max-image-preview:large","max-video-preview":"max-video-preview:-1"},"canonical":"https:\/\/www.cuballama.com\/noticias\/lina-de-feria-una-voz-singular-de-la-poesia-cubana-muere-a-los-80-anos\/","og_locale":"es_ES","og_type":"article","og_title":"Lina de Feria, una voz singular de la poes\u00eda cubana, muere a los 80 a\u00f1os - Cuballama Noticias","og_description":"Muri\u00f3 en La Habana Lina de Feria, Premio Nacional de Literatura 2019, una de las voces mayores de la poes\u00eda cubana actual","og_url":"https:\/\/www.cuballama.com\/noticias\/lina-de-feria-una-voz-singular-de-la-poesia-cubana-muere-a-los-80-anos\/","og_site_name":"Cuballama Noticias","article_publisher":"https:\/\/www.facebook.com\/CubaLlama","article_published_time":"2026-03-10T14:30:49+00:00","article_modified_time":"2026-03-10T14:30:52+00:00","og_image":[{"width":1505,"height":852,"url":"https:\/\/cdn1.mediawpaccore.net\/wp-content\/uploads\/2026\/03\/10052457\/image-44.png","type":"image\/png"}],"author":"Roberto A.","twitter_card":"summary_large_image","twitter_creator":"@cuballama","twitter_site":"@cuballama","twitter_misc":{"Escrito por":"Roberto A.","Tiempo de lectura":"3 minutos"},"schema":{"@context":"https:\/\/schema.org","@graph":[{"@type":"Article","@id":"https:\/\/www.cuballama.com\/noticias\/lina-de-feria-una-voz-singular-de-la-poesia-cubana-muere-a-los-80-anos\/#article","isPartOf":{"@id":"https:\/\/www.cuballama.com\/noticias\/lina-de-feria-una-voz-singular-de-la-poesia-cubana-muere-a-los-80-anos\/"},"author":{"name":"Roberto A.","@id":"https:\/\/www.cuballama.com\/noticias\/#\/schema\/person\/a58502ed4146c8e9f83872e897c76cd2"},"headline":"Lina de Feria, una voz singular de la poes\u00eda cubana, muere a los 80 a\u00f1os","datePublished":"2026-03-10T14:30:49+00:00","dateModified":"2026-03-10T14:30:52+00:00","mainEntityOfPage":{"@id":"https:\/\/www.cuballama.com\/noticias\/lina-de-feria-una-voz-singular-de-la-poesia-cubana-muere-a-los-80-anos\/"},"wordCount":466,"commentCount":0,"publisher":{"@id":"https:\/\/www.cuballama.com\/noticias\/#organization"},"image":{"@id":"https:\/\/www.cuballama.com\/noticias\/lina-de-feria-una-voz-singular-de-la-poesia-cubana-muere-a-los-80-anos\/#primaryimage"},"thumbnailUrl":"https:\/\/cdn1.mediawpaccore.net\/wp-content\/uploads\/2026\/03\/10052457\/image-44.png","keywords":["cultura cubana","Lina de Feria","literatura cubana","poes\u00eda cubana","Premio Nacional de Literatura","Uneac"],"articleSection":["Noticias","Noticias de Cuba"],"inLanguage":"es","potentialAction":[{"@type":"CommentAction","name":"Comment","target":["https:\/\/www.cuballama.com\/noticias\/lina-de-feria-una-voz-singular-de-la-poesia-cubana-muere-a-los-80-anos\/#respond"]}]},{"@type":"WebPage","@id":"https:\/\/www.cuballama.com\/noticias\/lina-de-feria-una-voz-singular-de-la-poesia-cubana-muere-a-los-80-anos\/","url":"https:\/\/www.cuballama.com\/noticias\/lina-de-feria-una-voz-singular-de-la-poesia-cubana-muere-a-los-80-anos\/","name":"Lina de Feria, una voz singular de la poes\u00eda cubana, muere a los 80 a\u00f1os - Cuballama Noticias","isPartOf":{"@id":"https:\/\/www.cuballama.com\/noticias\/#website"},"primaryImageOfPage":{"@id":"https:\/\/www.cuballama.com\/noticias\/lina-de-feria-una-voz-singular-de-la-poesia-cubana-muere-a-los-80-anos\/#primaryimage"},"image":{"@id":"https:\/\/www.cuballama.com\/noticias\/lina-de-feria-una-voz-singular-de-la-poesia-cubana-muere-a-los-80-anos\/#primaryimage"},"thumbnailUrl":"https:\/\/cdn1.mediawpaccore.net\/wp-content\/uploads\/2026\/03\/10052457\/image-44.png","datePublished":"2026-03-10T14:30:49+00:00","dateModified":"2026-03-10T14:30:52+00:00","description":"Muri\u00f3 en La Habana Lina de Feria, Premio Nacional de Literatura 2019, una de las voces mayores de la poes\u00eda cubana actual","breadcrumb":{"@id":"https:\/\/www.cuballama.com\/noticias\/lina-de-feria-una-voz-singular-de-la-poesia-cubana-muere-a-los-80-anos\/#breadcrumb"},"inLanguage":"es","potentialAction":[{"@type":"ReadAction","target":["https:\/\/www.cuballama.com\/noticias\/lina-de-feria-una-voz-singular-de-la-poesia-cubana-muere-a-los-80-anos\/"]}]},{"@type":"ImageObject","inLanguage":"es","@id":"https:\/\/www.cuballama.com\/noticias\/lina-de-feria-una-voz-singular-de-la-poesia-cubana-muere-a-los-80-anos\/#primaryimage","url":"https:\/\/cdn1.mediawpaccore.net\/wp-content\/uploads\/2026\/03\/10052457\/image-44.png","contentUrl":"https:\/\/cdn1.mediawpaccore.net\/wp-content\/uploads\/2026\/03\/10052457\/image-44.png","width":1505,"height":852,"caption":"Foto: V\u00eda Granma"},{"@type":"BreadcrumbList","@id":"https:\/\/www.cuballama.com\/noticias\/lina-de-feria-una-voz-singular-de-la-poesia-cubana-muere-a-los-80-anos\/#breadcrumb","itemListElement":[{"@type":"ListItem","position":1,"name":"Home","item":"https:\/\/www.cuballama.com\/noticias\/"},{"@type":"ListItem","position":2,"name":"Lina de Feria, una voz singular de la poes\u00eda cubana, muere a los 80 a\u00f1os"}]},{"@type":"WebSite","@id":"https:\/\/www.cuballama.com\/noticias\/#website","url":"https:\/\/www.cuballama.com\/noticias\/","name":"Cuballama Noticias","description":"Medio digital sobre Cuba y el mundo","publisher":{"@id":"https:\/\/www.cuballama.com\/noticias\/#organization"},"potentialAction":[{"@type":"SearchAction","target":{"@type":"EntryPoint","urlTemplate":"https:\/\/www.cuballama.com\/noticias\/?s={search_term_string}"},"query-input":{"@type":"PropertyValueSpecification","valueRequired":true,"valueName":"search_term_string"}}],"inLanguage":"es"},{"@type":"Organization","@id":"https:\/\/www.cuballama.com\/noticias\/#organization","name":"Cuballama","url":"https:\/\/www.cuballama.com\/noticias\/","logo":{"@type":"ImageObject","inLanguage":"es","@id":"https:\/\/www.cuballama.com\/noticias\/#\/schema\/logo\/image\/","url":"https:\/\/cdn1.mediawpaccore.net\/wp-content\/uploads\/2021\/12\/28171206\/cbll-logo-color-sm.png","contentUrl":"https:\/\/cdn1.mediawpaccore.net\/wp-content\/uploads\/2021\/12\/28171206\/cbll-logo-color-sm.png","width":600,"height":133,"caption":"Cuballama"},"image":{"@id":"https:\/\/www.cuballama.com\/noticias\/#\/schema\/logo\/image\/"},"sameAs":["https:\/\/www.facebook.com\/CubaLlama","https:\/\/x.com\/cuballama","https:\/\/www.instagram.com\/stories\/cuballama_oficial\/","https:\/\/www.youtube.com\/channel\/UCKkFE-d_axENGZcrc4as0IA"]},{"@type":"Person","@id":"https:\/\/www.cuballama.com\/noticias\/#\/schema\/person\/a58502ed4146c8e9f83872e897c76cd2","name":"Roberto A.","description":"Roberto A. Periodista por decisi\u00f3n propia. Interesado en cualquier tema que me apasione y cada vez m\u00e1s comprometido con la verdad y la objetividad period\u00edstica. Graduado en La Habana hace ya muchos a\u00f1os, luego de una accidentada y polvorienta b\u00fasqueda de informaci\u00f3n sobre un tema in\u00e9dito. La Tesis, por cierto, desapareci\u00f3 de la biblioteca y no se conservan copias de la misma.","url":"https:\/\/www.cuballama.com\/noticias\/author\/roberto\/"}]}},"_links":{"self":[{"href":"https:\/\/www.cuballama.com\/noticias\/wp-json\/wp\/v2\/posts\/237659","targetHints":{"allow":["GET"]}}],"collection":[{"href":"https:\/\/www.cuballama.com\/noticias\/wp-json\/wp\/v2\/posts"}],"about":[{"href":"https:\/\/www.cuballama.com\/noticias\/wp-json\/wp\/v2\/types\/post"}],"author":[{"embeddable":true,"href":"https:\/\/www.cuballama.com\/noticias\/wp-json\/wp\/v2\/users\/13"}],"replies":[{"embeddable":true,"href":"https:\/\/www.cuballama.com\/noticias\/wp-json\/wp\/v2\/comments?post=237659"}],"version-history":[{"count":4,"href":"https:\/\/www.cuballama.com\/noticias\/wp-json\/wp\/v2\/posts\/237659\/revisions"}],"predecessor-version":[{"id":237676,"href":"https:\/\/www.cuballama.com\/noticias\/wp-json\/wp\/v2\/posts\/237659\/revisions\/237676"}],"wp:featuredmedia":[{"embeddable":true,"href":"https:\/\/www.cuballama.com\/noticias\/wp-json\/wp\/v2\/media\/237675"}],"wp:attachment":[{"href":"https:\/\/www.cuballama.com\/noticias\/wp-json\/wp\/v2\/media?parent=237659"}],"wp:term":[{"taxonomy":"category","embeddable":true,"href":"https:\/\/www.cuballama.com\/noticias\/wp-json\/wp\/v2\/categories?post=237659"},{"taxonomy":"post_tag","embeddable":true,"href":"https:\/\/www.cuballama.com\/noticias\/wp-json\/wp\/v2\/tags?post=237659"}],"curies":[{"name":"wp","href":"https:\/\/api.w.org\/{rel}","templated":true}]}}